{"id":161260,"date":"2023-06-21T19:25:49","date_gmt":"2023-06-21T23:25:49","guid":{"rendered":"https:\/\/www.eldiario.net\/portal\/?p=161260"},"modified":"2023-06-21T19:25:49","modified_gmt":"2023-06-21T23:25:49","slug":"508-dias-de-una-encarcelacion-injusta-al-matador-mamani","status":"publish","type":"post","link":"https:\/\/www.eldiario.net\/portal\/2023\/06\/21\/508-dias-de-una-encarcelacion-injusta-al-matador-mamani\/","title":{"rendered":"508 d\u00edas de una encarcelaci\u00f3n injusta al \u201cMatador\u201d Mamani"},"content":{"rendered":"<p>\u201cSon 508 d\u00edas que sufrimos contigo esta injusticia, son 508 d\u00edas que el pa\u00eds y el boxeo te necesitan\u201d, reza la leyenda de la Asociaci\u00f3n Deportiva Departamental de Boxeo de La Paz que puntualiza que se est\u00e1 perjudicando de gran manera a la carrera deportiva del \u201cMatador\u201d Franklin Mamani, quien est\u00e1 privado de su libertad pero a\u00fan est\u00e1 vigente y en excelentes condiciones f\u00edsicas.<br \/>\nEn lo deportivo, de acuerdo a la asociaci\u00f3n de boxeo, se perdieron muchos contratos de combates internacionales con promotoras de talla mundial como Top Rank Boxeo (Top Rank), Golden Boy, Paquiao y su empresa MP Promotions, Zanfer Promotions de M\u00e9xico con Fernando Beltr\u00e1n, Machroom Boxing de Europa y otros similares en Estados Unidos, Europa y Asia.<br \/>\nDe igual manera se perdieron campamentos de entrenamiento con diferentes Empresas Promotoras como la MP Promotions de Many Paquiao, empresa MPromotions Universo de Alemania, con los cuales se hab\u00eda entablado las conversaciones en su momento.<br \/>\nEl da\u00f1o est\u00e1 hecho y es grande en contra del \u201cMatador\u201d Mamani, de acuerdo a la Asociaci\u00f3n Departamental, por lo que reclaman la LIBERTAD DEL \u201cMATADOR\u201d para que siga haciendo historia en el boxeo donde a\u00fan tiene mucho por dar y est\u00e1 vigente.<br \/>\nLa Asociaci\u00f3n Deportiva Departamental de Boxeo La Paz no cesar\u00e1 en su respaldo al \u201cMatador\u201d Mamani, seg\u00fan hizo conocer en un comunicado p\u00fablico, requiriendo s\u00f3lo que se haga justicia en este caso.<\/p>\n","protected":false},"excerpt":{"rendered":"<p>\u201cSon 508 d\u00edas que sufrimos contigo esta injusticia, son 508 d\u00edas que el pa\u00eds y el boxeo te necesitan\u201d, reza la leyenda de la Asociaci\u00f3n Deportiva Departamental de Boxeo de La Paz que puntualiza que se est\u00e1 perjudicando de gran manera a la carrera deportiva del \u201cMatador\u201d Franklin Mamani, quien est\u00e1 privado de su libertad [&hellip;]<\/p>\n","protected":false},"author":2,"featured_media":161261,"comment_status":"closed","ping_status":"closed","sticky":false,"template":"","format":"standard","meta":{"_acf_changed":false,"footnotes":""},"categories":[6,15],"tags":[],"class_list":["post-161260","post","type-post","status-publish","format-standard","has-post-thumbnail","category-deportes","category-portada"],"acf":{"antetitulo":""},"yoast_head":"<!-- This site is optimized with the Yoast SEO plugin v28.4 - https:\/\/yoast.com\/product\/yoast-seo-wordpress\/ -->\n<title>508 d\u00edas de una encarcelaci\u00f3n injusta al \u201cMatador\u201d Mamani - El Diario - Bolivia<\/title>\n<meta name=\"robots\" content=\"index, follow, max-snippet:-1, max-image-preview:large, max-video-preview:-1\" \/>\n<link rel=\"canonical\" href=\"https:\/\/www.eldiario.net\/portal\/2023\/06\/21\/508-dias-de-una-encarcelacion-injusta-al-matador-mamani\/\" \/>\n<meta property=\"og:locale\" content=\"es_ES\" \/>\n<meta property=\"og:type\" content=\"article\" \/>\n<meta property=\"og:title\" content=\"508 d\u00edas de una encarcelaci\u00f3n injusta al \u201cMatador\u201d Mamani - El Diario - Bolivia\" \/>\n<meta property=\"og:description\" content=\"\u201cSon 508 d\u00edas que sufrimos contigo esta injusticia, son 508 d\u00edas que el pa\u00eds y el boxeo te necesitan\u201d, reza la leyenda de la Asociaci\u00f3n Deportiva Departamental de Boxeo de La Paz que puntualiza que se est\u00e1 perjudicando de gran manera a la carrera deportiva del \u201cMatador\u201d Franklin Mamani, quien est\u00e1 privado de su libertad [&hellip;]\" \/>\n<meta property=\"og:url\" content=\"https:\/\/www.eldiario.net\/portal\/2023\/06\/21\/508-dias-de-una-encarcelacion-injusta-al-matador-mamani\/\" \/>\n<meta property=\"og:site_name\" content=\"El Diario - Bolivia\" \/>\n<meta property=\"article:publisher\" content=\"https:\/\/www.facebook.com\/eldiario.bolivia\/\" \/>\n<meta property=\"article:published_time\" content=\"2023-06-21T23:25:49+00:00\" \/>\n<meta property=\"og:image\" content=\"https:\/\/www.eldiario.net\/portal\/wp-content\/uploads\/2023\/06\/WhatsApp-Image-2023-06-21-at-17.50.32.jpeg\" \/>\n\t<meta property=\"og:image:width\" content=\"1600\" \/>\n\t<meta property=\"og:image:height\" content=\"1120\" \/>\n\t<meta property=\"og:image:type\" content=\"image\/jpeg\" \/>\n<meta name=\"author\" content=\"luis Camacho\" \/>\n<meta name=\"twitter:card\" content=\"summary_large_image\" \/>\n<meta name=\"twitter:creator\" content=\"@eldiario_net\" \/>\n<meta name=\"twitter:site\" content=\"@eldiario_net\" \/>\n<meta name=\"twitter:label1\" content=\"Escrito por\" \/>\n\t<meta name=\"twitter:data1\" content=\"luis Camacho\" \/>\n\t<meta name=\"twitter:label2\" content=\"Tiempo de lectura\" \/>\n\t<meta name=\"twitter:data2\" content=\"2 minutos\" \/>\n<script type=\"application\/ld+json\" class=\"yoast-schema-graph\">{\"@context\":\"https:\\\/\\\/schema.org\",\"@graph\":[{\"@type\":\"Article\",\"@id\":\"https:\\\/\\\/www.eldiario.net\\\/portal\\\/2023\\\/06\\\/21\\\/508-dias-de-una-encarcelacion-injusta-al-matador-mamani\\\/#article\",\"isPartOf\":{\"@id\":\"https:\\\/\\\/www.eldiario.net\\\/portal\\\/2023\\\/06\\\/21\\\/508-dias-de-una-encarcelacion-injusta-al-matador-mamani\\\/\"},\"author\":{\"name\":\"luis Camacho\",\"@id\":\"https:\\\/\\\/www.eldiario.net\\\/portal\\\/#\\\/schema\\\/person\\\/c1a5d38e458b10c8ebd62f4189b82bbc\"},\"headline\":\"508 d\u00edas de una encarcelaci\u00f3n injusta al \u201cMatador\u201d Mamani\",\"datePublished\":\"2023-06-21T23:25:49+00:00\",\"mainEntityOfPage\":{\"@id\":\"https:\\\/\\\/www.eldiario.net\\\/portal\\\/2023\\\/06\\\/21\\\/508-dias-de-una-encarcelacion-injusta-al-matador-mamani\\\/\"},\"wordCount\":255,\"publisher\":{\"@id\":\"https:\\\/\\\/www.eldiario.net\\\/portal\\\/#organization\"},\"image\":{\"@id\":\"https:\\\/\\\/www.eldiario.net\\\/portal\\\/2023\\\/06\\\/21\\\/508-dias-de-una-encarcelacion-injusta-al-matador-mamani\\\/#primaryimage\"},\"thumbnailUrl\":\"https:\\\/\\\/www.eldiario.net\\\/portal\\\/wp-content\\\/uploads\\\/2023\\\/06\\\/WhatsApp-Image-2023-06-21-at-17.50.32.jpeg\",\"articleSection\":[\"Deportes\",\"Portada\"],\"inLanguage\":\"es\"},{\"@type\":\"WebPage\",\"@id\":\"https:\\\/\\\/www.eldiario.net\\\/portal\\\/2023\\\/06\\\/21\\\/508-dias-de-una-encarcelacion-injusta-al-matador-mamani\\\/\",\"url\":\"https:\\\/\\\/www.eldiario.net\\\/portal\\\/2023\\\/06\\\/21\\\/508-dias-de-una-encarcelacion-injusta-al-matador-mamani\\\/\",\"name\":\"508 d\u00edas de una encarcelaci\u00f3n injusta al \u201cMatador\u201d Mamani - El Diario - Bolivia\",\"isPartOf\":{\"@id\":\"https:\\\/\\\/www.eldiario.net\\\/portal\\\/#website\"},\"primaryImageOfPage\":{\"@id\":\"https:\\\/\\\/www.eldiario.net\\\/portal\\\/2023\\\/06\\\/21\\\/508-dias-de-una-encarcelacion-injusta-al-matador-mamani\\\/#primaryimage\"},\"image\":{\"@id\":\"https:\\\/\\\/www.eldiario.net\\\/portal\\\/2023\\\/06\\\/21\\\/508-dias-de-una-encarcelacion-injusta-al-matador-mamani\\\/#primaryimage\"},\"thumbnailUrl\":\"https:\\\/\\\/www.eldiario.net\\\/portal\\\/wp-content\\\/uploads\\\/2023\\\/06\\\/WhatsApp-Image-2023-06-21-at-17.50.32.jpeg\",\"datePublished\":\"2023-06-21T23:25:49+00:00\",\"breadcrumb\":{\"@id\":\"https:\\\/\\\/www.eldiario.net\\\/portal\\\/2023\\\/06\\\/21\\\/508-dias-de-una-encarcelacion-injusta-al-matador-mamani\\\/#breadcrumb\"},\"inLanguage\":\"es\",\"potentialAction\":[{\"@type\":\"ReadAction\",\"target\":[\"https:\\\/\\\/www.eldiario.net\\\/portal\\\/2023\\\/06\\\/21\\\/508-dias-de-una-encarcelacion-injusta-al-matador-mamani\\\/\"]}]},{\"@type\":\"ImageObject\",\"inLanguage\":\"es\",\"@id\":\"https:\\\/\\\/www.eldiario.net\\\/portal\\\/2023\\\/06\\\/21\\\/508-dias-de-una-encarcelacion-injusta-al-matador-mamani\\\/#primaryimage\",\"url\":\"https:\\\/\\\/www.eldiario.net\\\/portal\\\/wp-content\\\/uploads\\\/2023\\\/06\\\/WhatsApp-Image-2023-06-21-at-17.50.32.jpeg\",\"contentUrl\":\"https:\\\/\\\/www.eldiario.net\\\/portal\\\/wp-content\\\/uploads\\\/2023\\\/06\\\/WhatsApp-Image-2023-06-21-at-17.50.32.jpeg\",\"width\":1600,\"height\":1120},{\"@type\":\"BreadcrumbList\",\"@id\":\"https:\\\/\\\/www.eldiario.net\\\/portal\\\/2023\\\/06\\\/21\\\/508-dias-de-una-encarcelacion-injusta-al-matador-mamani\\\/#breadcrumb\",\"itemListElement\":[{\"@type\":\"ListItem\",\"position\":1,\"name\":\"Portada\",\"item\":\"https:\\\/\\\/www.eldiario.net\\\/portal\\\/\"},{\"@type\":\"ListItem\",\"position\":2,\"name\":\"508 d\u00edas de una encarcelaci\u00f3n injusta al \u201cMatador\u201d Mamani\"}]},{\"@type\":\"WebSite\",\"@id\":\"https:\\\/\\\/www.eldiario.net\\\/portal\\\/#website\",\"url\":\"https:\\\/\\\/www.eldiario.net\\\/portal\\\/\",\"name\":\"El Diario - Decano de la prensa nacional\",\"description\":\"El Diario - Decano de la prensa nacional\",\"publisher\":{\"@id\":\"https:\\\/\\\/www.eldiario.net\\\/portal\\\/#organization\"},\"potentialAction\":[{\"@type\":\"SearchAction\",\"target\":{\"@type\":\"EntryPoint\",\"urlTemplate\":\"https:\\\/\\\/www.eldiario.net\\\/portal\\\/?s={search_term_string}\"},\"query-input\":{\"@type\":\"PropertyValueSpecification\",\"valueRequired\":true,\"valueName\":\"search_term_string\"}}],\"inLanguage\":\"es\"},{\"@type\":\"Organization\",\"@id\":\"https:\\\/\\\/www.eldiario.net\\\/portal\\\/#organization\",\"name\":\"El Diario - Decano de la prensa nacional\",\"url\":\"https:\\\/\\\/www.eldiario.net\\\/portal\\\/\",\"logo\":{\"@type\":\"ImageObject\",\"inLanguage\":\"es\",\"@id\":\"https:\\\/\\\/www.eldiario.net\\\/portal\\\/#\\\/schema\\\/logo\\\/image\\\/\",\"url\":\"https:\\\/\\\/www.eldiario.net\\\/portal\\\/wp-content\\\/uploads\\\/2023\\\/07\\\/logo_ED.jpg\",\"contentUrl\":\"https:\\\/\\\/www.eldiario.net\\\/portal\\\/wp-content\\\/uploads\\\/2023\\\/07\\\/logo_ED.jpg\",\"width\":272,\"height\":52,\"caption\":\"El Diario - Decano de la prensa nacional\"},\"image\":{\"@id\":\"https:\\\/\\\/www.eldiario.net\\\/portal\\\/#\\\/schema\\\/logo\\\/image\\\/\"},\"sameAs\":[\"https:\\\/\\\/www.facebook.com\\\/eldiario.bolivia\\\/\",\"https:\\\/\\\/x.com\\\/eldiario_net\"]},{\"@type\":\"Person\",\"@id\":\"https:\\\/\\\/www.eldiario.net\\\/portal\\\/#\\\/schema\\\/person\\\/c1a5d38e458b10c8ebd62f4189b82bbc\",\"name\":\"luis Camacho\",\"image\":{\"@type\":\"ImageObject\",\"inLanguage\":\"es\",\"@id\":\"https:\\\/\\\/secure.gravatar.com\\\/avatar\\\/69ecb836b3826d5a2501bf06ab2a2f2c8ab211cc846758f395df21684cb38313?s=96&d=mm&r=g\",\"url\":\"https:\\\/\\\/secure.gravatar.com\\\/avatar\\\/69ecb836b3826d5a2501bf06ab2a2f2c8ab211cc846758f395df21684cb38313?s=96&d=mm&r=g\",\"contentUrl\":\"https:\\\/\\\/secure.gravatar.com\\\/avatar\\\/69ecb836b3826d5a2501bf06ab2a2f2c8ab211cc846758f395df21684cb38313?s=96&d=mm&r=g\",\"caption\":\"luis Camacho\"},\"url\":\"https:\\\/\\\/www.eldiario.net\\\/portal\\\/author\\\/luis\\\/\"}]}<\/script>\n<!-- \/ Yoast SEO plugin. -->","yoast_head_json":{"title":"508 d\u00edas de una encarcelaci\u00f3n injusta al \u201cMatador\u201d Mamani - El Diario - Bolivia","robots":{"index":"index","follow":"follow","max-snippet":"max-snippet:-1","max-image-preview":"max-image-preview:large","max-video-preview":"max-video-preview:-1"},"canonical":"https:\/\/www.eldiario.net\/portal\/2023\/06\/21\/508-dias-de-una-encarcelacion-injusta-al-matador-mamani\/","og_locale":"es_ES","og_type":"article","og_title":"508 d\u00edas de una encarcelaci\u00f3n injusta al \u201cMatador\u201d Mamani - El Diario - Bolivia","og_description":"\u201cSon 508 d\u00edas que sufrimos contigo esta injusticia, son 508 d\u00edas que el pa\u00eds y el boxeo te necesitan\u201d, reza la leyenda de la Asociaci\u00f3n Deportiva Departamental de Boxeo de La Paz que puntualiza que se est\u00e1 perjudicando de gran manera a la carrera deportiva del \u201cMatador\u201d Franklin Mamani, quien est\u00e1 privado de su libertad [&hellip;]","og_url":"https:\/\/www.eldiario.net\/portal\/2023\/06\/21\/508-dias-de-una-encarcelacion-injusta-al-matador-mamani\/","og_site_name":"El Diario - Bolivia","article_publisher":"https:\/\/www.facebook.com\/eldiario.bolivia\/","article_published_time":"2023-06-21T23:25:49+00:00","og_image":[{"width":1600,"height":1120,"url":"https:\/\/www.eldiario.net\/portal\/wp-content\/uploads\/2023\/06\/WhatsApp-Image-2023-06-21-at-17.50.32.jpeg","type":"image\/jpeg"}],"author":"luis Camacho","twitter_card":"summary_large_image","twitter_creator":"@eldiario_net","twitter_site":"@eldiario_net","twitter_misc":{"Escrito por":"luis Camacho","Tiempo de lectura":"2 minutos"},"schema":{"@context":"https:\/\/schema.org","@graph":[{"@type":"Article","@id":"https:\/\/www.eldiario.net\/portal\/2023\/06\/21\/508-dias-de-una-encarcelacion-injusta-al-matador-mamani\/#article","isPartOf":{"@id":"https:\/\/www.eldiario.net\/portal\/2023\/06\/21\/508-dias-de-una-encarcelacion-injusta-al-matador-mamani\/"},"author":{"name":"luis Camacho","@id":"https:\/\/www.eldiario.net\/portal\/#\/schema\/person\/c1a5d38e458b10c8ebd62f4189b82bbc"},"headline":"508 d\u00edas de una encarcelaci\u00f3n injusta al \u201cMatador\u201d Mamani","datePublished":"2023-06-21T23:25:49+00:00","mainEntityOfPage":{"@id":"https:\/\/www.eldiario.net\/portal\/2023\/06\/21\/508-dias-de-una-encarcelacion-injusta-al-matador-mamani\/"},"wordCount":255,"publisher":{"@id":"https:\/\/www.eldiario.net\/portal\/#organization"},"image":{"@id":"https:\/\/www.eldiario.net\/portal\/2023\/06\/21\/508-dias-de-una-encarcelacion-injusta-al-matador-mamani\/#primaryimage"},"thumbnailUrl":"https:\/\/www.eldiario.net\/portal\/wp-content\/uploads\/2023\/06\/WhatsApp-Image-2023-06-21-at-17.50.32.jpeg","articleSection":["Deportes","Portada"],"inLanguage":"es"},{"@type":"WebPage","@id":"https:\/\/www.eldiario.net\/portal\/2023\/06\/21\/508-dias-de-una-encarcelacion-injusta-al-matador-mamani\/","url":"https:\/\/www.eldiario.net\/portal\/2023\/06\/21\/508-dias-de-una-encarcelacion-injusta-al-matador-mamani\/","name":"508 d\u00edas de una encarcelaci\u00f3n injusta al \u201cMatador\u201d Mamani - El Diario - Bolivia","isPartOf":{"@id":"https:\/\/www.eldiario.net\/portal\/#website"},"primaryImageOfPage":{"@id":"https:\/\/www.eldiario.net\/portal\/2023\/06\/21\/508-dias-de-una-encarcelacion-injusta-al-matador-mamani\/#primaryimage"},"image":{"@id":"https:\/\/www.eldiario.net\/portal\/2023\/06\/21\/508-dias-de-una-encarcelacion-injusta-al-matador-mamani\/#primaryimage"},"thumbnailUrl":"https:\/\/www.eldiario.net\/portal\/wp-content\/uploads\/2023\/06\/WhatsApp-Image-2023-06-21-at-17.50.32.jpeg","datePublished":"2023-06-21T23:25:49+00:00","breadcrumb":{"@id":"https:\/\/www.eldiario.net\/portal\/2023\/06\/21\/508-dias-de-una-encarcelacion-injusta-al-matador-mamani\/#breadcrumb"},"inLanguage":"es","potentialAction":[{"@type":"ReadAction","target":["https:\/\/www.eldiario.net\/portal\/2023\/06\/21\/508-dias-de-una-encarcelacion-injusta-al-matador-mamani\/"]}]},{"@type":"ImageObject","inLanguage":"es","@id":"https:\/\/www.eldiario.net\/portal\/2023\/06\/21\/508-dias-de-una-encarcelacion-injusta-al-matador-mamani\/#primaryimage","url":"https:\/\/www.eldiario.net\/portal\/wp-content\/uploads\/2023\/06\/WhatsApp-Image-2023-06-21-at-17.50.32.jpeg","contentUrl":"https:\/\/www.eldiario.net\/portal\/wp-content\/uploads\/2023\/06\/WhatsApp-Image-2023-06-21-at-17.50.32.jpeg","width":1600,"height":1120},{"@type":"BreadcrumbList","@id":"https:\/\/www.eldiario.net\/portal\/2023\/06\/21\/508-dias-de-una-encarcelacion-injusta-al-matador-mamani\/#breadcrumb","itemListElement":[{"@type":"ListItem","position":1,"name":"Portada","item":"https:\/\/www.eldiario.net\/portal\/"},{"@type":"ListItem","position":2,"name":"508 d\u00edas de una encarcelaci\u00f3n injusta al \u201cMatador\u201d Mamani"}]},{"@type":"WebSite","@id":"https:\/\/www.eldiario.net\/portal\/#website","url":"https:\/\/www.eldiario.net\/portal\/","name":"El Diario - Decano de la prensa nacional","description":"El Diario - Decano de la prensa nacional","publisher":{"@id":"https:\/\/www.eldiario.net\/portal\/#organization"},"potentialAction":[{"@type":"SearchAction","target":{"@type":"EntryPoint","urlTemplate":"https:\/\/www.eldiario.net\/portal\/?s={search_term_string}"},"query-input":{"@type":"PropertyValueSpecification","valueRequired":true,"valueName":"search_term_string"}}],"inLanguage":"es"},{"@type":"Organization","@id":"https:\/\/www.eldiario.net\/portal\/#organization","name":"El Diario - Decano de la prensa nacional","url":"https:\/\/www.eldiario.net\/portal\/","logo":{"@type":"ImageObject","inLanguage":"es","@id":"https:\/\/www.eldiario.net\/portal\/#\/schema\/logo\/image\/","url":"https:\/\/www.eldiario.net\/portal\/wp-content\/uploads\/2023\/07\/logo_ED.jpg","contentUrl":"https:\/\/www.eldiario.net\/portal\/wp-content\/uploads\/2023\/07\/logo_ED.jpg","width":272,"height":52,"caption":"El Diario - Decano de la prensa nacional"},"image":{"@id":"https:\/\/www.eldiario.net\/portal\/#\/schema\/logo\/image\/"},"sameAs":["https:\/\/www.facebook.com\/eldiario.bolivia\/","https:\/\/x.com\/eldiario_net"]},{"@type":"Person","@id":"https:\/\/www.eldiario.net\/portal\/#\/schema\/person\/c1a5d38e458b10c8ebd62f4189b82bbc","name":"luis Camacho","image":{"@type":"ImageObject","inLanguage":"es","@id":"https:\/\/secure.gravatar.com\/avatar\/69ecb836b3826d5a2501bf06ab2a2f2c8ab211cc846758f395df21684cb38313?s=96&d=mm&r=g","url":"https:\/\/secure.gravatar.com\/avatar\/69ecb836b3826d5a2501bf06ab2a2f2c8ab211cc846758f395df21684cb38313?s=96&d=mm&r=g","contentUrl":"https:\/\/secure.gravatar.com\/avatar\/69ecb836b3826d5a2501bf06ab2a2f2c8ab211cc846758f395df21684cb38313?s=96&d=mm&r=g","caption":"luis Camacho"},"url":"https:\/\/www.eldiario.net\/portal\/author\/luis\/"}]}},"_links":{"self":[{"href":"https:\/\/www.eldiario.net\/portal\/wp-json\/wp\/v2\/posts\/161260","targetHints":{"allow":["GET"]}}],"collection":[{"href":"https:\/\/www.eldiario.net\/portal\/wp-json\/wp\/v2\/posts"}],"about":[{"href":"https:\/\/www.eldiario.net\/portal\/wp-json\/wp\/v2\/types\/post"}],"author":[{"embeddable":true,"href":"https:\/\/www.eldiario.net\/portal\/wp-json\/wp\/v2\/users\/2"}],"replies":[{"embeddable":true,"href":"https:\/\/www.eldiario.net\/portal\/wp-json\/wp\/v2\/comments?post=161260"}],"version-history":[{"count":0,"href":"https:\/\/www.eldiario.net\/portal\/wp-json\/wp\/v2\/posts\/161260\/revisions"}],"wp:featuredmedia":[{"embeddable":true,"href":"https:\/\/www.eldiario.net\/portal\/wp-json\/wp\/v2\/media\/161261"}],"wp:attachment":[{"href":"https:\/\/www.eldiario.net\/portal\/wp-json\/wp\/v2\/media?parent=161260"}],"wp:term":[{"taxonomy":"category","embeddable":true,"href":"https:\/\/www.eldiario.net\/portal\/wp-json\/wp\/v2\/categories?post=161260"},{"taxonomy":"post_tag","embeddable":true,"href":"https:\/\/www.eldiario.net\/portal\/wp-json\/wp\/v2\/tags?post=161260"}],"curies":[{"name":"wp","href":"https:\/\/api.w.org\/{rel}","templated":true}]}}