{"id":161251,"date":"2023-06-21T07:11:26","date_gmt":"2023-06-21T11:11:26","guid":{"rendered":"https:\/\/www.eldiario.net\/portal\/?p=161251"},"modified":"2023-06-21T07:11:26","modified_gmt":"2023-06-21T11:11:26","slug":"llenarme-de-gozo-recibir-mucho-carino-fue-lo-mas-bello-y-positivo","status":"publish","type":"post","link":"https:\/\/www.eldiario.net\/portal\/2023\/06\/21\/llenarme-de-gozo-recibir-mucho-carino-fue-lo-mas-bello-y-positivo\/","title":{"rendered":"\u201cLlenarme de gozo, recibir mucho  cari\u00f1o, fue lo m\u00e1s bello y positivo\u201d"},"content":{"rendered":"<p>Querido, respetado y admirado por seguidores de la m\u00fasica folkl\u00f3rica y, en especial, de la agrupaci\u00f3n nacional Jach\u00b4a Mallku, Franz Chuquimia dej\u00f3 un enorme vac\u00edo en los corazones de miles de bolivianos que disfrutaron de su voz y de su excelente calidad interpretativa.<\/p>\n<p>El l\u00edder y pulm\u00f3n de los Jach\u00b4as muri\u00f3 el pasado lunes en la ciudad de La Paz y su fallecimiento caus\u00f3 profundo pesar en al ambiente musical nacional por todo lo que hizo durante su carrera art\u00edstica.<\/p>\n<p>Hoy, a manera de rendirle un merecido homenaje p\u00f3stumo, rememoramos algunos fragmentos de las innumerables entrevistas que le hicimos a Franz en los suplementos Tu Gu\u00eda y La Gu\u00eda del peri\u00f3dico EL DIARIO. Una constante en estas charlas fue la pasi\u00f3n con la que el cantante hablaba de su m\u00fasica, de la cultura nacional y de haber logrado que Jach\u00b4a Mallku sea calificado como el grupo m\u00e1s representativo de La Paz.<\/p>\n<p>\u201cPara nosotros es una gran responsabilidad porque interpretamos y cultivamos la m\u00fasica de todo un pueblo. Estamos dando la cara por La Paz y lo seguiremos haciendo\u201d, afirmaba Franz con orgullo.<\/p>\n<p>Jach\u00b4a Mallku realiz\u00f3 su primera presentaci\u00f3n el 22 de octubre de 1986 en la desaparecida Casa del Corregidor de la Sede de Gobierno y desde entonces no dej\u00f3 de mostrar su m\u00fasica en el pa\u00eds y el exterior.<\/p>\n<p>\u201cCuando viajamos al exterior no olvidamos que llevamos la bandera boliviana e intentamos siempre realizar un buen papel\u201d, dec\u00eda.<\/p>\n<p>Sus primeros \u00e9xitos fueron \u201cYotale\u00f1a\u201d, \u201cPara tu mirar\u201d, \u201cSi te vas\u201d, \u201cTanto te am\u00e9\u201d, \u201cNo volver\u00e9 a querer\u201d, \u201cSabes que te quiero\u201d, \u201cQuisiera quererte m\u00e1s\u201d y \u201cTu ausencia\u201d.<\/p>\n<p>Uno de los momentos que marc\u00f3 la vida de Jach\u00b4a Mallku fue, sin duda, su participaci\u00f3n en el programa mexicano <em>Siempre en Domingo <\/em>de Televisa, siendo el \u00fanico grupo boliviano que pis\u00f3 el set de ese famoso espacio televisivo.<\/p>\n<p>A esos logros, se sumaron, luego, dos inolvidables discos que consagraron a los Jach\u00b4as. Hablamos de \u201cAntolog\u00eda de la Morenada\u201d y \u201cSoberano por siempre\u201d.<\/p>\n<p>Tal como el propio Franz lo reconoci\u00f3 en su momento, Jach\u00b4a Mallku revivi\u00f3 con la <em>Antolog\u00eda de la morenada<\/em>.<\/p>\n<p>\u201cEl grupo se estaba muriendo y la agon\u00eda ya sent\u00eda demasiado, pero este disco nos ha dado el puntapi\u00e9 para que renazca Jach\u00b4a Mallku y empiece de nuevo con m\u00e1s fuerza\u201d, se\u00f1al\u00f3.<\/p>\n<p>El \u00e1lbum incluy\u00f3 26 hermosas morenadas, de autores de la talla de Jos\u00e9 Jach\u00b4a Flores, Andr\u00e9s Rojas, Eloy Apaza y Ra\u00fal Mamani.<\/p>\n<p>\u201cEs un gran orgullo para nosotros interpretar las melod\u00edas y poes\u00edas de esos grandes hombres que, con el correr de los a\u00f1os, nos han proporcionado la atracci\u00f3n magn\u00e9tica de su sentimiento con el ritmo de la morenada\u201d, destacaba el int\u00e9rprete de canciones como \u201cCu\u00e1nto cuestas, cu\u00e1nto vales\u201d, \u201cMi vida no vale nada\u201d, \u201cArome\u00f1ita\u201d, \u201cLa mariposa\u201d, \u201cHombre solitario\u201d, \u201cSombrero borsalino\u201d, \u201cMama panchita\u201d, \u201cMantilla de vicu\u00f1a\u201d, \u201cMentirosita\u201d, \u201cEn el cielo, en la tierra\u201d y \u201cAntes de morir\u201d.<\/p>\n<p>A ese disco se sum\u00f3 despu\u00e9s el \u00e1lbum \u201cSoberano por siempre\u201d, que incluy\u00f3 el exitoso caporal \u201c\u00a1Ay! Rosita\u201d.<\/p>\n<p>\u201cAs\u00ed como nuestro anterior \u00e1lbum estuvo dedicado a destacar la declaratoria del Carnaval de Oruro como Patrimonio Intangible de la Humanidad y rendir tributo al desaparecido compositor Jos\u00e9 Jach`a Flores, a trav\u00e9s de la Antolog\u00eda de la Morenada, esta vez quisimos dedicar nuestro nuevo trabajo al Gran Poder, la Fiesta Mayor de los Andes\u201d, dijo a Tu Gu\u00eda Franz Chuquimia.<\/p>\n<p>Fieles a su estilo musical, los integrantes de Jach`a Mallku reunieron en este trabajo discogr\u00e1fico, producido por Discolandia, el caporal \u201c\u00a1Ay! Rosita\u201d y las cullaguadas \u201cNo quiero que llores negrita\u201d, \u201cSi de mi lado te vas\u201d, \u201cAcaso porque soy pobre\u201d, \u201cEl extra\u00f1o del pelo largo\u201d, \u201cVete ya\u201d y \u201cNo quiero saber de ti\u201d.<\/p>\n<p>Fue tal el \u00e9xito de Jach\u00b4a Mallku, que en el a\u00f1o 2008 hab\u00eda cuatro grupos en La Paz y 10 en Oruro que imitaban a la agrupaci\u00f3n nacional.<\/p>\n<p>\u201cLas personas que tocan tu m\u00fasica, hacen lo mismo que vos, incluso tus ademanes, te est\u00e1n ayudando. El primer perdedor es el segundo, la sombra es sombra nom\u00e1s, no pueden ir m\u00e1s all\u00e1. En La Paz (entre los grupos que imitan a Jach\u00b4a Mallku) est\u00e1n Jach\u00b4a Jawira, Sumawa, Mayaqui y Jupha. Esos grupos los conozco y los he visto, adem\u00e1s dos personas de estas agrupaciones son id\u00e9nticas a Franz Chuquimia y les agradezco que hagan esto porque en realidad me est\u00e1n apoyando, me est\u00e1n poniendo como un banquito para decir: \u201cSegu\u00ed subiendo, Franz\u201d, y la gente no es tonta, sabe que uno ser\u00e1 siempre imitado, pero nunca igualado. Como dice la palabra, son imitadores, hacen todo lo que haces. Por ejemplo, en una temporada comenc\u00e9 a usar un pito y luego todos se compraron el pito, al igual que mi forma de cortarme y peinarme el cabello\u201d, cont\u00f3.<\/p>\n<p>Despu\u00e9s de haber recorrido el pa\u00eds, Latinoam\u00e9rica, Norteam\u00e9rica y Europa. Franz lleg\u00f3 a comprender que \u201cla m\u00fasica es una de las flores m\u00e1s bellas del jard\u00edn y la cultura. Su color y fragancia var\u00edan de acuerdo con su origen, lejano o cercano, sin perder la particularidad de llegar al alma del ser humano, de aquellos que trabajan por mejores d\u00edas y por un futuro mejor\u201d.<\/p>\n<p>\u201cHaber dado un granito de arena a mi gente, haberle dado alegr\u00edas, dosis de sentimientos, llenarme de gozo, recibir mucho cari\u00f1o, fue lo m\u00e1s bello y positivo\u201d, afirm\u00f3 el tambi\u00e9n cantor de \u201cCecilia\u201d y \u201cMorenada del amor\u201d.<\/p>\n<p>Paz en la tumba de Franz, del hombre que un d\u00eda dijo: \u201cYo hice una promesa al Todopoderoso, que voy a morir sobre las tablas, haciendo m\u00fasica y cantando las poes\u00edas de grandes compositores y mis creaciones\u201d.<\/p>\n<p><strong>Leal y persistente<\/strong><\/p>\n<p>Franz Chuquimia, el l\u00edder y primera voz de Jach\u00b4a Mallku, naci\u00f3 el 15 de febrero de 1960 en La Paz. Ejecutor de los instrumentos de cuerda, su especialidad fue el ronroco. Su inquietud por la m\u00fasica naci\u00f3 a temprana edad, primero en la escuela y posteriormente cuando integr\u00f3 el grupo infantil <em>Los Vicu\u00f1itas<\/em>.<\/p>\n<p>Estudi\u00f3 dos a\u00f1os en el Conservatorio Nacional de M\u00fasica de La Paz, luego pas\u00f3 cursillos de canto en Argentina y finalmente prosigui\u00f3 su formaci\u00f3n con varios profesores particulares.<\/p>\n<p>Antes de fundar Jach\u00b4a Mallku, en 1986, form\u00f3 parte de los grupos Umabamba, Mallku de Los Andes, Uma y Coca.<\/p>\n<p><strong>TG: \u00bfC\u00f3mo te defines?<\/strong><\/p>\n<p>F: Soy una persona persistente. Siempre trato de cumplir las metas que me trazo.<\/p>\n<p><strong>TG: \u00bfTus defectos y virtudes?<\/strong><\/p>\n<p>F: El mayor defecto que tengo es que soy muy cascarrabias, pero no soy de las personas que reniega por renegar, sino por alg\u00fan motivo. El decir las cosas de frente me ocasion\u00f3 varios problemas con la gente, incluso con mis amigos.<\/p>\n<p>En cuanto a mis virtudes, considero que soy leal y responsable en los momentos precisos.<\/p>\n<p><strong>TG: \u00bfSabes bailar?<\/strong><\/p>\n<p>F: No soy experto. He bailado morenada y cullaguada en fraternidades grandes. Por eso considero que soy m\u00e1s un bailar\u00edn de tropa.<\/p>\n<div id='gallery-1' class='gallery galleryid-161251 gallery-columns-3 gallery-size-medium'><figure class='gallery-item'>\n\t\t\t<div class='gallery-icon landscape'>\n\t\t\t\t<a href='https:\/\/www.eldiario.net\/portal\/2023\/06\/21\/llenarme-de-gozo-recibir-mucho-carino-fue-lo-mas-bello-y-positivo\/franz-2-copia\/'><img loading=\"lazy\" decoding=\"async\" width=\"300\" height=\"199\" src=\"https:\/\/www.eldiario.net\/portal\/wp-content\/uploads\/2023\/06\/franz-2-copia-300x199.jpg\" class=\"attachment-medium size-medium\" alt=\"\" srcset=\"https:\/\/www.eldiario.net\/portal\/wp-content\/uploads\/2023\/06\/franz-2-copia-300x199.jpg 300w, https:\/\/www.eldiario.net\/portal\/wp-content\/uploads\/2023\/06\/franz-2-copia-768x510.jpg 768w, https:\/\/www.eldiario.net\/portal\/wp-content\/uploads\/2023\/06\/franz-2-copia-696x462.jpg 696w, https:\/\/www.eldiario.net\/portal\/wp-content\/uploads\/2023\/06\/franz-2-copia.jpg 1000w\" sizes=\"auto, (max-width: 300px) 100vw, 300px\" \/><\/a>\n\t\t\t<\/div><\/figure><figure class='gallery-item'>\n\t\t\t<div class='gallery-icon landscape'>\n\t\t\t\t<a href='https:\/\/www.eldiario.net\/portal\/2023\/06\/21\/llenarme-de-gozo-recibir-mucho-carino-fue-lo-mas-bello-y-positivo\/franz-3\/'><img loading=\"lazy\" decoding=\"async\" width=\"300\" height=\"199\" src=\"https:\/\/www.eldiario.net\/portal\/wp-content\/uploads\/2023\/06\/franz-3-300x199.jpg\" class=\"attachment-medium size-medium\" alt=\"\" srcset=\"https:\/\/www.eldiario.net\/portal\/wp-content\/uploads\/2023\/06\/franz-3-300x199.jpg 300w, https:\/\/www.eldiario.net\/portal\/wp-content\/uploads\/2023\/06\/franz-3-768x510.jpg 768w, https:\/\/www.eldiario.net\/portal\/wp-content\/uploads\/2023\/06\/franz-3-696x462.jpg 696w, https:\/\/www.eldiario.net\/portal\/wp-content\/uploads\/2023\/06\/franz-3.jpg 1000w\" sizes=\"auto, (max-width: 300px) 100vw, 300px\" \/><\/a>\n\t\t\t<\/div><\/figure><figure class='gallery-item'>\n\t\t\t<div class='gallery-icon landscape'>\n\t\t\t\t<a href='https:\/\/www.eldiario.net\/portal\/2023\/06\/21\/llenarme-de-gozo-recibir-mucho-carino-fue-lo-mas-bello-y-positivo\/franz-4\/'><img loading=\"lazy\" decoding=\"async\" width=\"300\" height=\"199\" src=\"https:\/\/www.eldiario.net\/portal\/wp-content\/uploads\/2023\/06\/franz-4-300x199.jpg\" class=\"attachment-medium size-medium\" alt=\"\" srcset=\"https:\/\/www.eldiario.net\/portal\/wp-content\/uploads\/2023\/06\/franz-4-300x199.jpg 300w, https:\/\/www.eldiario.net\/portal\/wp-content\/uploads\/2023\/06\/franz-4-768x510.jpg 768w, https:\/\/www.eldiario.net\/portal\/wp-content\/uploads\/2023\/06\/franz-4-696x462.jpg 696w, https:\/\/www.eldiario.net\/portal\/wp-content\/uploads\/2023\/06\/franz-4.jpg 1000w\" sizes=\"auto, (max-width: 300px) 100vw, 300px\" \/><\/a>\n\t\t\t<\/div><\/figure><figure class='gallery-item'>\n\t\t\t<div class='gallery-icon landscape'>\n\t\t\t\t<a href='https:\/\/www.eldiario.net\/portal\/2023\/06\/21\/llenarme-de-gozo-recibir-mucho-carino-fue-lo-mas-bello-y-positivo\/franz-5\/'><img loading=\"lazy\" decoding=\"async\" width=\"300\" height=\"188\" src=\"https:\/\/www.eldiario.net\/portal\/wp-content\/uploads\/2023\/06\/franz-5-300x188.jpg\" class=\"attachment-medium size-medium\" alt=\"\" srcset=\"https:\/\/www.eldiario.net\/portal\/wp-content\/uploads\/2023\/06\/franz-5-300x188.jpg 300w, https:\/\/www.eldiario.net\/portal\/wp-content\/uploads\/2023\/06\/franz-5-768x480.jpg 768w, https:\/\/www.eldiario.net\/portal\/wp-content\/uploads\/2023\/06\/franz-5-696x435.jpg 696w, https:\/\/www.eldiario.net\/portal\/wp-content\/uploads\/2023\/06\/franz-5.jpg 1000w\" sizes=\"auto, (max-width: 300px) 100vw, 300px\" \/><\/a>\n\t\t\t<\/div><\/figure><figure class='gallery-item'>\n\t\t\t<div class='gallery-icon landscape'>\n\t\t\t\t<a href='https:\/\/www.eldiario.net\/portal\/2023\/06\/21\/llenarme-de-gozo-recibir-mucho-carino-fue-lo-mas-bello-y-positivo\/franz-chuquimia-principal\/'><img loading=\"lazy\" decoding=\"async\" width=\"300\" height=\"236\" src=\"https:\/\/www.eldiario.net\/portal\/wp-content\/uploads\/2023\/06\/franz-chuquimia-PRINCIPAL-300x236.jpg\" class=\"attachment-medium size-medium\" alt=\"\" srcset=\"https:\/\/www.eldiario.net\/portal\/wp-content\/uploads\/2023\/06\/franz-chuquimia-PRINCIPAL-300x236.jpg 300w, https:\/\/www.eldiario.net\/portal\/wp-content\/uploads\/2023\/06\/franz-chuquimia-PRINCIPAL-768x605.jpg 768w, https:\/\/www.eldiario.net\/portal\/wp-content\/uploads\/2023\/06\/franz-chuquimia-PRINCIPAL-696x548.jpg 696w, https:\/\/www.eldiario.net\/portal\/wp-content\/uploads\/2023\/06\/franz-chuquimia-PRINCIPAL.jpg 1000w\" sizes=\"auto, (max-width: 300px) 100vw, 300px\" \/><\/a>\n\t\t\t<\/div><\/figure><figure class='gallery-item'>\n\t\t\t<div class='gallery-icon landscape'>\n\t\t\t\t<a href='https:\/\/www.eldiario.net\/portal\/2023\/06\/21\/llenarme-de-gozo-recibir-mucho-carino-fue-lo-mas-bello-y-positivo\/logo-jacha-mallku\/'><img loading=\"lazy\" decoding=\"async\" width=\"300\" height=\"300\" src=\"https:\/\/www.eldiario.net\/portal\/wp-content\/uploads\/2023\/06\/LOGO-JACHA-MALLKU-300x300.jpg\" class=\"attachment-medium size-medium\" alt=\"\" srcset=\"https:\/\/www.eldiario.net\/portal\/wp-content\/uploads\/2023\/06\/LOGO-JACHA-MALLKU-300x300.jpg 300w, https:\/\/www.eldiario.net\/portal\/wp-content\/uploads\/2023\/06\/LOGO-JACHA-MALLKU-150x150.jpg 150w, https:\/\/www.eldiario.net\/portal\/wp-content\/uploads\/2023\/06\/LOGO-JACHA-MALLKU-768x768.jpg 768w, https:\/\/www.eldiario.net\/portal\/wp-content\/uploads\/2023\/06\/LOGO-JACHA-MALLKU-696x696.jpg 696w, https:\/\/www.eldiario.net\/portal\/wp-content\/uploads\/2023\/06\/LOGO-JACHA-MALLKU.jpg 1000w\" sizes=\"auto, (max-width: 300px) 100vw, 300px\" \/><\/a>\n\t\t\t<\/div><\/figure>\n\t\t<\/div>\n\n","protected":false},"excerpt":{"rendered":"<p>Querido, respetado y admirado por seguidores de la m\u00fasica folkl\u00f3rica y, en especial, de la agrupaci\u00f3n nacional Jach\u00b4a Mallku, Franz Chuquimia dej\u00f3 un enorme vac\u00edo en los corazones de miles de bolivianos que disfrutaron de su voz y de su excelente calidad interpretativa. El l\u00edder y pulm\u00f3n de los Jach\u00b4as muri\u00f3 el pasado lunes en [&hellip;]<\/p>\n","protected":false},"author":1,"featured_media":161256,"comment_status":"closed","ping_status":"closed","sticky":false,"template":"","format":"standard","meta":{"_acf_changed":false,"footnotes":""},"categories":[41],"tags":[],"class_list":["post-161251","post","type-post","status-publish","format-standard","has-post-thumbnail","category-la-guia"],"acf":{"antetitulo":""},"yoast_head":"<!-- This site is optimized with the Yoast SEO plugin v28.4 - https:\/\/yoast.com\/product\/yoast-seo-wordpress\/ -->\n<title>\u201cLlenarme de gozo, recibir mucho cari\u00f1o, fue lo m\u00e1s bello y positivo\u201d - El Diario - Bolivia<\/title>\n<meta name=\"robots\" content=\"index, follow, max-snippet:-1, max-image-preview:large, max-video-preview:-1\" \/>\n<link rel=\"canonical\" href=\"https:\/\/www.eldiario.net\/portal\/2023\/06\/21\/llenarme-de-gozo-recibir-mucho-carino-fue-lo-mas-bello-y-positivo\/\" \/>\n<meta property=\"og:locale\" content=\"es_ES\" \/>\n<meta property=\"og:type\" content=\"article\" \/>\n<meta property=\"og:title\" content=\"\u201cLlenarme de gozo, recibir mucho cari\u00f1o, fue lo m\u00e1s bello y positivo\u201d - El Diario - Bolivia\" \/>\n<meta property=\"og:description\" content=\"Querido, respetado y admirado por seguidores de la m\u00fasica folkl\u00f3rica y, en especial, de la agrupaci\u00f3n nacional Jach\u00b4a Mallku, Franz Chuquimia dej\u00f3 un enorme vac\u00edo en los corazones de miles de bolivianos que disfrutaron de su voz y de su excelente calidad interpretativa. El l\u00edder y pulm\u00f3n de los Jach\u00b4as muri\u00f3 el pasado lunes en [&hellip;]\" \/>\n<meta property=\"og:url\" content=\"https:\/\/www.eldiario.net\/portal\/2023\/06\/21\/llenarme-de-gozo-recibir-mucho-carino-fue-lo-mas-bello-y-positivo\/\" \/>\n<meta property=\"og:site_name\" content=\"El Diario - Bolivia\" \/>\n<meta property=\"article:publisher\" content=\"https:\/\/www.facebook.com\/eldiario.bolivia\/\" \/>\n<meta property=\"article:published_time\" content=\"2023-06-21T11:11:26+00:00\" \/>\n<meta property=\"og:image\" content=\"https:\/\/www.eldiario.net\/portal\/wp-content\/uploads\/2023\/06\/franz-chuquimia-PRINCIPAL.jpg\" \/>\n\t<meta property=\"og:image:width\" content=\"1000\" \/>\n\t<meta property=\"og:image:height\" content=\"788\" \/>\n\t<meta property=\"og:image:type\" content=\"image\/jpeg\" \/>\n<meta name=\"author\" content=\"Jeanette\" \/>\n<meta name=\"twitter:card\" content=\"summary_large_image\" \/>\n<meta name=\"twitter:creator\" content=\"@eldiario_net\" \/>\n<meta name=\"twitter:site\" content=\"@eldiario_net\" \/>\n<meta name=\"twitter:label1\" content=\"Escrito por\" \/>\n\t<meta name=\"twitter:data1\" content=\"Jeanette\" \/>\n\t<meta name=\"twitter:label2\" content=\"Tiempo de lectura\" \/>\n\t<meta name=\"twitter:data2\" content=\"6 minutos\" \/>\n<script type=\"application\/ld+json\" class=\"yoast-schema-graph\">{\"@context\":\"https:\\\/\\\/schema.org\",\"@graph\":[{\"@type\":\"Article\",\"@id\":\"https:\\\/\\\/www.eldiario.net\\\/portal\\\/2023\\\/06\\\/21\\\/llenarme-de-gozo-recibir-mucho-carino-fue-lo-mas-bello-y-positivo\\\/#article\",\"isPartOf\":{\"@id\":\"https:\\\/\\\/www.eldiario.net\\\/portal\\\/2023\\\/06\\\/21\\\/llenarme-de-gozo-recibir-mucho-carino-fue-lo-mas-bello-y-positivo\\\/\"},\"author\":{\"name\":\"Jeanette\",\"@id\":\"https:\\\/\\\/www.eldiario.net\\\/portal\\\/#\\\/schema\\\/person\\\/2c57cf2b7a7ae032e449e4c9b1019eac\"},\"headline\":\"\u201cLlenarme de gozo, recibir mucho cari\u00f1o, fue lo m\u00e1s bello y positivo\u201d\",\"datePublished\":\"2023-06-21T11:11:26+00:00\",\"mainEntityOfPage\":{\"@id\":\"https:\\\/\\\/www.eldiario.net\\\/portal\\\/2023\\\/06\\\/21\\\/llenarme-de-gozo-recibir-mucho-carino-fue-lo-mas-bello-y-positivo\\\/\"},\"wordCount\":1243,\"publisher\":{\"@id\":\"https:\\\/\\\/www.eldiario.net\\\/portal\\\/#organization\"},\"image\":{\"@id\":\"https:\\\/\\\/www.eldiario.net\\\/portal\\\/2023\\\/06\\\/21\\\/llenarme-de-gozo-recibir-mucho-carino-fue-lo-mas-bello-y-positivo\\\/#primaryimage\"},\"thumbnailUrl\":\"https:\\\/\\\/www.eldiario.net\\\/portal\\\/wp-content\\\/uploads\\\/2023\\\/06\\\/franz-chuquimia-PRINCIPAL.jpg\",\"articleSection\":[\"La Gu\u00eda\"],\"inLanguage\":\"es\"},{\"@type\":\"WebPage\",\"@id\":\"https:\\\/\\\/www.eldiario.net\\\/portal\\\/2023\\\/06\\\/21\\\/llenarme-de-gozo-recibir-mucho-carino-fue-lo-mas-bello-y-positivo\\\/\",\"url\":\"https:\\\/\\\/www.eldiario.net\\\/portal\\\/2023\\\/06\\\/21\\\/llenarme-de-gozo-recibir-mucho-carino-fue-lo-mas-bello-y-positivo\\\/\",\"name\":\"\u201cLlenarme de gozo, recibir mucho cari\u00f1o, fue lo m\u00e1s bello y positivo\u201d - El Diario - Bolivia\",\"isPartOf\":{\"@id\":\"https:\\\/\\\/www.eldiario.net\\\/portal\\\/#website\"},\"primaryImageOfPage\":{\"@id\":\"https:\\\/\\\/www.eldiario.net\\\/portal\\\/2023\\\/06\\\/21\\\/llenarme-de-gozo-recibir-mucho-carino-fue-lo-mas-bello-y-positivo\\\/#primaryimage\"},\"image\":{\"@id\":\"https:\\\/\\\/www.eldiario.net\\\/portal\\\/2023\\\/06\\\/21\\\/llenarme-de-gozo-recibir-mucho-carino-fue-lo-mas-bello-y-positivo\\\/#primaryimage\"},\"thumbnailUrl\":\"https:\\\/\\\/www.eldiario.net\\\/portal\\\/wp-content\\\/uploads\\\/2023\\\/06\\\/franz-chuquimia-PRINCIPAL.jpg\",\"datePublished\":\"2023-06-21T11:11:26+00:00\",\"breadcrumb\":{\"@id\":\"https:\\\/\\\/www.eldiario.net\\\/portal\\\/2023\\\/06\\\/21\\\/llenarme-de-gozo-recibir-mucho-carino-fue-lo-mas-bello-y-positivo\\\/#breadcrumb\"},\"inLanguage\":\"es\",\"potentialAction\":[{\"@type\":\"ReadAction\",\"target\":[\"https:\\\/\\\/www.eldiario.net\\\/portal\\\/2023\\\/06\\\/21\\\/llenarme-de-gozo-recibir-mucho-carino-fue-lo-mas-bello-y-positivo\\\/\"]}]},{\"@type\":\"ImageObject\",\"inLanguage\":\"es\",\"@id\":\"https:\\\/\\\/www.eldiario.net\\\/portal\\\/2023\\\/06\\\/21\\\/llenarme-de-gozo-recibir-mucho-carino-fue-lo-mas-bello-y-positivo\\\/#primaryimage\",\"url\":\"https:\\\/\\\/www.eldiario.net\\\/portal\\\/wp-content\\\/uploads\\\/2023\\\/06\\\/franz-chuquimia-PRINCIPAL.jpg\",\"contentUrl\":\"https:\\\/\\\/www.eldiario.net\\\/portal\\\/wp-content\\\/uploads\\\/2023\\\/06\\\/franz-chuquimia-PRINCIPAL.jpg\",\"width\":1000,\"height\":788},{\"@type\":\"BreadcrumbList\",\"@id\":\"https:\\\/\\\/www.eldiario.net\\\/portal\\\/2023\\\/06\\\/21\\\/llenarme-de-gozo-recibir-mucho-carino-fue-lo-mas-bello-y-positivo\\\/#breadcrumb\",\"itemListElement\":[{\"@type\":\"ListItem\",\"position\":1,\"name\":\"Portada\",\"item\":\"https:\\\/\\\/www.eldiario.net\\\/portal\\\/\"},{\"@type\":\"ListItem\",\"position\":2,\"name\":\"\u201cLlenarme de gozo, recibir mucho cari\u00f1o, fue lo m\u00e1s bello y positivo\u201d\"}]},{\"@type\":\"WebSite\",\"@id\":\"https:\\\/\\\/www.eldiario.net\\\/portal\\\/#website\",\"url\":\"https:\\\/\\\/www.eldiario.net\\\/portal\\\/\",\"name\":\"El Diario - Decano de la prensa nacional\",\"description\":\"El Diario - Decano de la prensa nacional\",\"publisher\":{\"@id\":\"https:\\\/\\\/www.eldiario.net\\\/portal\\\/#organization\"},\"potentialAction\":[{\"@type\":\"SearchAction\",\"target\":{\"@type\":\"EntryPoint\",\"urlTemplate\":\"https:\\\/\\\/www.eldiario.net\\\/portal\\\/?s={search_term_string}\"},\"query-input\":{\"@type\":\"PropertyValueSpecification\",\"valueRequired\":true,\"valueName\":\"search_term_string\"}}],\"inLanguage\":\"es\"},{\"@type\":\"Organization\",\"@id\":\"https:\\\/\\\/www.eldiario.net\\\/portal\\\/#organization\",\"name\":\"El Diario - Decano de la prensa nacional\",\"url\":\"https:\\\/\\\/www.eldiario.net\\\/portal\\\/\",\"logo\":{\"@type\":\"ImageObject\",\"inLanguage\":\"es\",\"@id\":\"https:\\\/\\\/www.eldiario.net\\\/portal\\\/#\\\/schema\\\/logo\\\/image\\\/\",\"url\":\"https:\\\/\\\/www.eldiario.net\\\/portal\\\/wp-content\\\/uploads\\\/2023\\\/07\\\/logo_ED.jpg\",\"contentUrl\":\"https:\\\/\\\/www.eldiario.net\\\/portal\\\/wp-content\\\/uploads\\\/2023\\\/07\\\/logo_ED.jpg\",\"width\":272,\"height\":52,\"caption\":\"El Diario - Decano de la prensa nacional\"},\"image\":{\"@id\":\"https:\\\/\\\/www.eldiario.net\\\/portal\\\/#\\\/schema\\\/logo\\\/image\\\/\"},\"sameAs\":[\"https:\\\/\\\/www.facebook.com\\\/eldiario.bolivia\\\/\",\"https:\\\/\\\/x.com\\\/eldiario_net\"]},{\"@type\":\"Person\",\"@id\":\"https:\\\/\\\/www.eldiario.net\\\/portal\\\/#\\\/schema\\\/person\\\/2c57cf2b7a7ae032e449e4c9b1019eac\",\"name\":\"Jeanette\",\"image\":{\"@type\":\"ImageObject\",\"inLanguage\":\"es\",\"@id\":\"https:\\\/\\\/secure.gravatar.com\\\/avatar\\\/3ea2118a5f7dad2b7138b1187a6b7ee55f160b9968b66013c3a3ef39dd7e5798?s=96&d=mm&r=g\",\"url\":\"https:\\\/\\\/secure.gravatar.com\\\/avatar\\\/3ea2118a5f7dad2b7138b1187a6b7ee55f160b9968b66013c3a3ef39dd7e5798?s=96&d=mm&r=g\",\"contentUrl\":\"https:\\\/\\\/secure.gravatar.com\\\/avatar\\\/3ea2118a5f7dad2b7138b1187a6b7ee55f160b9968b66013c3a3ef39dd7e5798?s=96&d=mm&r=g\",\"caption\":\"Jeanette\"},\"sameAs\":[\"https:\\\/\\\/www.eldiario.net\\\/portal\"],\"url\":\"https:\\\/\\\/www.eldiario.net\\\/portal\\\/author\\\/jeanette\\\/\"}]}<\/script>\n<!-- \/ Yoast SEO plugin. -->","yoast_head_json":{"title":"\u201cLlenarme de gozo, recibir mucho cari\u00f1o, fue lo m\u00e1s bello y positivo\u201d - El Diario - Bolivia","robots":{"index":"index","follow":"follow","max-snippet":"max-snippet:-1","max-image-preview":"max-image-preview:large","max-video-preview":"max-video-preview:-1"},"canonical":"https:\/\/www.eldiario.net\/portal\/2023\/06\/21\/llenarme-de-gozo-recibir-mucho-carino-fue-lo-mas-bello-y-positivo\/","og_locale":"es_ES","og_type":"article","og_title":"\u201cLlenarme de gozo, recibir mucho cari\u00f1o, fue lo m\u00e1s bello y positivo\u201d - El Diario - Bolivia","og_description":"Querido, respetado y admirado por seguidores de la m\u00fasica folkl\u00f3rica y, en especial, de la agrupaci\u00f3n nacional Jach\u00b4a Mallku, Franz Chuquimia dej\u00f3 un enorme vac\u00edo en los corazones de miles de bolivianos que disfrutaron de su voz y de su excelente calidad interpretativa. El l\u00edder y pulm\u00f3n de los Jach\u00b4as muri\u00f3 el pasado lunes en [&hellip;]","og_url":"https:\/\/www.eldiario.net\/portal\/2023\/06\/21\/llenarme-de-gozo-recibir-mucho-carino-fue-lo-mas-bello-y-positivo\/","og_site_name":"El Diario - Bolivia","article_publisher":"https:\/\/www.facebook.com\/eldiario.bolivia\/","article_published_time":"2023-06-21T11:11:26+00:00","og_image":[{"width":1000,"height":788,"url":"https:\/\/www.eldiario.net\/portal\/wp-content\/uploads\/2023\/06\/franz-chuquimia-PRINCIPAL.jpg","type":"image\/jpeg"}],"author":"Jeanette","twitter_card":"summary_large_image","twitter_creator":"@eldiario_net","twitter_site":"@eldiario_net","twitter_misc":{"Escrito por":"Jeanette","Tiempo de lectura":"6 minutos"},"schema":{"@context":"https:\/\/schema.org","@graph":[{"@type":"Article","@id":"https:\/\/www.eldiario.net\/portal\/2023\/06\/21\/llenarme-de-gozo-recibir-mucho-carino-fue-lo-mas-bello-y-positivo\/#article","isPartOf":{"@id":"https:\/\/www.eldiario.net\/portal\/2023\/06\/21\/llenarme-de-gozo-recibir-mucho-carino-fue-lo-mas-bello-y-positivo\/"},"author":{"name":"Jeanette","@id":"https:\/\/www.eldiario.net\/portal\/#\/schema\/person\/2c57cf2b7a7ae032e449e4c9b1019eac"},"headline":"\u201cLlenarme de gozo, recibir mucho cari\u00f1o, fue lo m\u00e1s bello y positivo\u201d","datePublished":"2023-06-21T11:11:26+00:00","mainEntityOfPage":{"@id":"https:\/\/www.eldiario.net\/portal\/2023\/06\/21\/llenarme-de-gozo-recibir-mucho-carino-fue-lo-mas-bello-y-positivo\/"},"wordCount":1243,"publisher":{"@id":"https:\/\/www.eldiario.net\/portal\/#organization"},"image":{"@id":"https:\/\/www.eldiario.net\/portal\/2023\/06\/21\/llenarme-de-gozo-recibir-mucho-carino-fue-lo-mas-bello-y-positivo\/#primaryimage"},"thumbnailUrl":"https:\/\/www.eldiario.net\/portal\/wp-content\/uploads\/2023\/06\/franz-chuquimia-PRINCIPAL.jpg","articleSection":["La Gu\u00eda"],"inLanguage":"es"},{"@type":"WebPage","@id":"https:\/\/www.eldiario.net\/portal\/2023\/06\/21\/llenarme-de-gozo-recibir-mucho-carino-fue-lo-mas-bello-y-positivo\/","url":"https:\/\/www.eldiario.net\/portal\/2023\/06\/21\/llenarme-de-gozo-recibir-mucho-carino-fue-lo-mas-bello-y-positivo\/","name":"\u201cLlenarme de gozo, recibir mucho cari\u00f1o, fue lo m\u00e1s bello y positivo\u201d - El Diario - Bolivia","isPartOf":{"@id":"https:\/\/www.eldiario.net\/portal\/#website"},"primaryImageOfPage":{"@id":"https:\/\/www.eldiario.net\/portal\/2023\/06\/21\/llenarme-de-gozo-recibir-mucho-carino-fue-lo-mas-bello-y-positivo\/#primaryimage"},"image":{"@id":"https:\/\/www.eldiario.net\/portal\/2023\/06\/21\/llenarme-de-gozo-recibir-mucho-carino-fue-lo-mas-bello-y-positivo\/#primaryimage"},"thumbnailUrl":"https:\/\/www.eldiario.net\/portal\/wp-content\/uploads\/2023\/06\/franz-chuquimia-PRINCIPAL.jpg","datePublished":"2023-06-21T11:11:26+00:00","breadcrumb":{"@id":"https:\/\/www.eldiario.net\/portal\/2023\/06\/21\/llenarme-de-gozo-recibir-mucho-carino-fue-lo-mas-bello-y-positivo\/#breadcrumb"},"inLanguage":"es","potentialAction":[{"@type":"ReadAction","target":["https:\/\/www.eldiario.net\/portal\/2023\/06\/21\/llenarme-de-gozo-recibir-mucho-carino-fue-lo-mas-bello-y-positivo\/"]}]},{"@type":"ImageObject","inLanguage":"es","@id":"https:\/\/www.eldiario.net\/portal\/2023\/06\/21\/llenarme-de-gozo-recibir-mucho-carino-fue-lo-mas-bello-y-positivo\/#primaryimage","url":"https:\/\/www.eldiario.net\/portal\/wp-content\/uploads\/2023\/06\/franz-chuquimia-PRINCIPAL.jpg","contentUrl":"https:\/\/www.eldiario.net\/portal\/wp-content\/uploads\/2023\/06\/franz-chuquimia-PRINCIPAL.jpg","width":1000,"height":788},{"@type":"BreadcrumbList","@id":"https:\/\/www.eldiario.net\/portal\/2023\/06\/21\/llenarme-de-gozo-recibir-mucho-carino-fue-lo-mas-bello-y-positivo\/#breadcrumb","itemListElement":[{"@type":"ListItem","position":1,"name":"Portada","item":"https:\/\/www.eldiario.net\/portal\/"},{"@type":"ListItem","position":2,"name":"\u201cLlenarme de gozo, recibir mucho cari\u00f1o, fue lo m\u00e1s bello y positivo\u201d"}]},{"@type":"WebSite","@id":"https:\/\/www.eldiario.net\/portal\/#website","url":"https:\/\/www.eldiario.net\/portal\/","name":"El Diario - Decano de la prensa nacional","description":"El Diario - Decano de la prensa nacional","publisher":{"@id":"https:\/\/www.eldiario.net\/portal\/#organization"},"potentialAction":[{"@type":"SearchAction","target":{"@type":"EntryPoint","urlTemplate":"https:\/\/www.eldiario.net\/portal\/?s={search_term_string}"},"query-input":{"@type":"PropertyValueSpecification","valueRequired":true,"valueName":"search_term_string"}}],"inLanguage":"es"},{"@type":"Organization","@id":"https:\/\/www.eldiario.net\/portal\/#organization","name":"El Diario - Decano de la prensa nacional","url":"https:\/\/www.eldiario.net\/portal\/","logo":{"@type":"ImageObject","inLanguage":"es","@id":"https:\/\/www.eldiario.net\/portal\/#\/schema\/logo\/image\/","url":"https:\/\/www.eldiario.net\/portal\/wp-content\/uploads\/2023\/07\/logo_ED.jpg","contentUrl":"https:\/\/www.eldiario.net\/portal\/wp-content\/uploads\/2023\/07\/logo_ED.jpg","width":272,"height":52,"caption":"El Diario - Decano de la prensa nacional"},"image":{"@id":"https:\/\/www.eldiario.net\/portal\/#\/schema\/logo\/image\/"},"sameAs":["https:\/\/www.facebook.com\/eldiario.bolivia\/","https:\/\/x.com\/eldiario_net"]},{"@type":"Person","@id":"https:\/\/www.eldiario.net\/portal\/#\/schema\/person\/2c57cf2b7a7ae032e449e4c9b1019eac","name":"Jeanette","image":{"@type":"ImageObject","inLanguage":"es","@id":"https:\/\/secure.gravatar.com\/avatar\/3ea2118a5f7dad2b7138b1187a6b7ee55f160b9968b66013c3a3ef39dd7e5798?s=96&d=mm&r=g","url":"https:\/\/secure.gravatar.com\/avatar\/3ea2118a5f7dad2b7138b1187a6b7ee55f160b9968b66013c3a3ef39dd7e5798?s=96&d=mm&r=g","contentUrl":"https:\/\/secure.gravatar.com\/avatar\/3ea2118a5f7dad2b7138b1187a6b7ee55f160b9968b66013c3a3ef39dd7e5798?s=96&d=mm&r=g","caption":"Jeanette"},"sameAs":["https:\/\/www.eldiario.net\/portal"],"url":"https:\/\/www.eldiario.net\/portal\/author\/jeanette\/"}]}},"_links":{"self":[{"href":"https:\/\/www.eldiario.net\/portal\/wp-json\/wp\/v2\/posts\/161251","targetHints":{"allow":["GET"]}}],"collection":[{"href":"https:\/\/www.eldiario.net\/portal\/wp-json\/wp\/v2\/posts"}],"about":[{"href":"https:\/\/www.eldiario.net\/portal\/wp-json\/wp\/v2\/types\/post"}],"author":[{"embeddable":true,"href":"https:\/\/www.eldiario.net\/portal\/wp-json\/wp\/v2\/users\/1"}],"replies":[{"embeddable":true,"href":"https:\/\/www.eldiario.net\/portal\/wp-json\/wp\/v2\/comments?post=161251"}],"version-history":[{"count":0,"href":"https:\/\/www.eldiario.net\/portal\/wp-json\/wp\/v2\/posts\/161251\/revisions"}],"wp:featuredmedia":[{"embeddable":true,"href":"https:\/\/www.eldiario.net\/portal\/wp-json\/wp\/v2\/media\/161256"}],"wp:attachment":[{"href":"https:\/\/www.eldiario.net\/portal\/wp-json\/wp\/v2\/media?parent=161251"}],"wp:term":[{"taxonomy":"category","embeddable":true,"href":"https:\/\/www.eldiario.net\/portal\/wp-json\/wp\/v2\/categories?post=161251"},{"taxonomy":"post_tag","embeddable":true,"href":"https:\/\/www.eldiario.net\/portal\/wp-json\/wp\/v2\/tags?post=161251"}],"curies":[{"name":"wp","href":"https:\/\/api.w.org\/{rel}","templated":true}]}}