{"id":161224,"date":"2023-06-21T06:54:27","date_gmt":"2023-06-21T10:54:27","guid":{"rendered":"https:\/\/www.eldiario.net\/portal\/?p=161224"},"modified":"2023-06-21T06:54:27","modified_gmt":"2023-06-21T10:54:27","slug":"elizabeth-mansilla-spa-37-anos-innovando-el-concepto-de-belleza","status":"publish","type":"post","link":"https:\/\/www.eldiario.net\/portal\/2023\/06\/21\/elizabeth-mansilla-spa-37-anos-innovando-el-concepto-de-belleza\/","title":{"rendered":"Elizabeth Mansilla Spa, 37 a\u00f1os innovando el concepto de belleza"},"content":{"rendered":"<p>Por Susana Guti\u00e9rrez<\/p>\n<p>&nbsp;<\/p>\n<p>Hoy es un d\u00eda especial en el que nos llenamos de emoci\u00f3n y regocijo al conmemorar nuestro trig\u00e9simo s\u00e9ptimo aniversario. Son 37 a\u00f1os llenos de logros, momentos memorables y clientes maravillosos que nos han acompa\u00f1ado en este incre\u00edble viaje, expresa Elizabeth Mansilla Moro, creadora del Spa que lleva su nombre.<\/p>\n<p>En 1986, la visionaria en el campo de la belleza y la est\u00e9tica decidi\u00f3 convertir sus sue\u00f1os en su pasi\u00f3n m\u00e1s grande. Desde entonces, en la cima de las tendencias, Elizabeth se capacit\u00f3 y especializ\u00f3 en el exterior, explorando pa\u00edses como Argentina, Brasil, Estados Unidos, Espa\u00f1a e Italia para traer lo \u00faltimo en tratamientos est\u00e9ticos a Bolivia.<\/p>\n<p>Fue as\u00ed que inaugur\u00f3 el primer Spa avalado en la ciudad de La Paz, introduciendo un nuevo concepto de bienestar y cuidado personal en la sociedad. Lo que hace que Elizabeth Mansilla Spa sea especial es su enfoque en diversas terapias y t\u00e9cnicas que ayudan a encontrar equilibrio entre mente y cuerpo. Sus tratamientos est\u00e9ticos y de bienestar permiten alcanzar metas de cuidado personal de manera eficaz y gratificante.<\/p>\n<p>\u201cEstos 37 a\u00f1os han estado marcados por la excelencia y la innovaci\u00f3n, utilizando tecnolog\u00eda de vanguardia tanto en tratamientos faciales como corporales y de bienestar\u201d, se\u00f1ala la esteticista. Adem\u00e1s, afirma que Elizabeth Mansilla Spa ha evolucionado y ahora cuenta con el respaldo del m\u00e9dico Jorge Negrete Mansilla, quien, siguiendo los pasos de su madre, ha incursionado en el campo de la medicina est\u00e9tica, creando NEGRETE MANSILLA MEDICAL SPA. Este nuevo establecimiento ofrece servicios especializados en medicina est\u00e9tica, continuando el legado familiar y brindando un servicio completo a su clientela.<\/p>\n<p>Elizabeth Mansilla asegura que siempre ha apostado por Bolivia, buscando los mejores productos y equipos de \u00faltima tecnolog\u00eda que garanticen resultados confiables y exitosos al finalizar cada tratamiento, dejando a sus clientes siempre satisfechos y felices.<\/p>\n<p>\u201cEn estos 37 a\u00f1os, hemos celebrado cada logro, cada sonrisa radiante y cada transformaci\u00f3n positiva que hemos presenciado en nuestros clientes. Estamos orgullosos de haber dejado una huella duradera en el campo de la est\u00e9tica en nuestro pa\u00eds, siendo reconocidos por nuestra calidad y \u00e9xito\u201d, se\u00f1ala la experta en cosm\u00e9tica.<\/p>\n<p>Elizabeth aprovech\u00f3 la entrevista con la <strong>revista Femenina de El Diario,<\/strong> para agradecer a cada uno de sus clientes por su confianza y apoyo inquebrantable. \u201cNuestra meta es seguir embelleciendo vidas y dejando una marca brillante en el mundo de la est\u00e9tica en Bolivia\u201d.<\/p>\n<div id='gallery-1' class='gallery galleryid-161224 gallery-columns-3 gallery-size-medium'><figure class='gallery-item'>\n\t\t\t<div class='gallery-icon portrait'>\n\t\t\t\t<a href='https:\/\/www.eldiario.net\/portal\/2023\/06\/21\/elizabeth-mansilla-spa-37-anos-innovando-el-concepto-de-belleza\/nota-1-foto-1-55\/'><img loading=\"lazy\" decoding=\"async\" width=\"200\" height=\"300\" src=\"https:\/\/www.eldiario.net\/portal\/wp-content\/uploads\/2023\/06\/NOTA-1-FOTO-1-2-200x300.jpg\" class=\"attachment-medium size-medium\" alt=\"\" aria-describedby=\"gallery-1-161225\" srcset=\"https:\/\/www.eldiario.net\/portal\/wp-content\/uploads\/2023\/06\/NOTA-1-FOTO-1-2-200x300.jpg 200w, https:\/\/www.eldiario.net\/portal\/wp-content\/uploads\/2023\/06\/NOTA-1-FOTO-1-2-682x1024.jpg 682w, https:\/\/www.eldiario.net\/portal\/wp-content\/uploads\/2023\/06\/NOTA-1-FOTO-1-2-768x1153.jpg 768w, https:\/\/www.eldiario.net\/portal\/wp-content\/uploads\/2023\/06\/NOTA-1-FOTO-1-2-1023x1536.jpg 1023w, https:\/\/www.eldiario.net\/portal\/wp-content\/uploads\/2023\/06\/NOTA-1-FOTO-1-2-696x1045.jpg 696w, https:\/\/www.eldiario.net\/portal\/wp-content\/uploads\/2023\/06\/NOTA-1-FOTO-1-2.jpg 1066w\" sizes=\"auto, (max-width: 200px) 100vw, 200px\" \/><\/a>\n\t\t\t<\/div>\n\t\t\t\t<figcaption class='wp-caption-text gallery-caption' id='gallery-1-161225'>\n\t\t\t\tELIZABETH MANSILLA, EXPERTA EN BELLEZA Y EST\u00c9TICA.\n\t\t\t\t<\/figcaption><\/figure><figure class='gallery-item'>\n\t\t\t<div class='gallery-icon portrait'>\n\t\t\t\t<a href='https:\/\/www.eldiario.net\/portal\/2023\/06\/21\/elizabeth-mansilla-spa-37-anos-innovando-el-concepto-de-belleza\/nota-1-foto-2-55\/'><img loading=\"lazy\" decoding=\"async\" width=\"225\" height=\"300\" src=\"https:\/\/www.eldiario.net\/portal\/wp-content\/uploads\/2023\/06\/NOTA-1-FOTO-2-2-225x300.jpg\" class=\"attachment-medium size-medium\" alt=\"\" aria-describedby=\"gallery-1-161226\" srcset=\"https:\/\/www.eldiario.net\/portal\/wp-content\/uploads\/2023\/06\/NOTA-1-FOTO-2-2-225x300.jpg 225w, https:\/\/www.eldiario.net\/portal\/wp-content\/uploads\/2023\/06\/NOTA-1-FOTO-2-2-768x1024.jpg 768w, https:\/\/www.eldiario.net\/portal\/wp-content\/uploads\/2023\/06\/NOTA-1-FOTO-2-2-1152x1536.jpg 1152w, https:\/\/www.eldiario.net\/portal\/wp-content\/uploads\/2023\/06\/NOTA-1-FOTO-2-2-696x928.jpg 696w, https:\/\/www.eldiario.net\/portal\/wp-content\/uploads\/2023\/06\/NOTA-1-FOTO-2-2-1068x1424.jpg 1068w, https:\/\/www.eldiario.net\/portal\/wp-content\/uploads\/2023\/06\/NOTA-1-FOTO-2-2.jpg 1200w\" sizes=\"auto, (max-width: 225px) 100vw, 225px\" \/><\/a>\n\t\t\t<\/div>\n\t\t\t\t<figcaption class='wp-caption-text gallery-caption' id='gallery-1-161226'>\n\t\t\t\tPLASMA PEN, TRATAMIENTO DE \u00daLTIMA TECNOLOG\u00cdA PARA EL REJUVENECIMIENTO TOTAL NO INVASIVO. REGENERA LA PIEL, AYUDA A ELIMINAR L\u00cdNEAS DE EXPRESI\u00d3N Y ARRUGAS. TIENE EFECTO BACTERICIDA PARA CONTROLAR EL ACN\u00c9.\n\t\t\t\t<\/figcaption><\/figure><figure class='gallery-item'>\n\t\t\t<div class='gallery-icon portrait'>\n\t\t\t\t<a href='https:\/\/www.eldiario.net\/portal\/2023\/06\/21\/elizabeth-mansilla-spa-37-anos-innovando-el-concepto-de-belleza\/nota-1-foto-3-48\/'><img loading=\"lazy\" decoding=\"async\" width=\"225\" height=\"300\" src=\"https:\/\/www.eldiario.net\/portal\/wp-content\/uploads\/2023\/06\/NOTA-1-FOTO-3-2-225x300.jpg\" class=\"attachment-medium size-medium\" alt=\"\" aria-describedby=\"gallery-1-161227\" srcset=\"https:\/\/www.eldiario.net\/portal\/wp-content\/uploads\/2023\/06\/NOTA-1-FOTO-3-2-225x300.jpg 225w, https:\/\/www.eldiario.net\/portal\/wp-content\/uploads\/2023\/06\/NOTA-1-FOTO-3-2-696x928.jpg 696w, https:\/\/www.eldiario.net\/portal\/wp-content\/uploads\/2023\/06\/NOTA-1-FOTO-3-2.jpg 768w\" sizes=\"auto, (max-width: 225px) 100vw, 225px\" \/><\/a>\n\t\t\t<\/div>\n\t\t\t\t<figcaption class='wp-caption-text gallery-caption' id='gallery-1-161227'>\n\t\t\t\tTRATAMIENTO FACIAL CON EQUIPO DE \u00daLTIMA TECNOLOG\u00cdA.\n\t\t\t\t<\/figcaption><\/figure><figure class='gallery-item'>\n\t\t\t<div class='gallery-icon landscape'>\n\t\t\t\t<a href='https:\/\/www.eldiario.net\/portal\/2023\/06\/21\/elizabeth-mansilla-spa-37-anos-innovando-el-concepto-de-belleza\/nota-1-foto-4-36\/'><img loading=\"lazy\" decoding=\"async\" width=\"300\" height=\"168\" src=\"https:\/\/www.eldiario.net\/portal\/wp-content\/uploads\/2023\/06\/NOTA-1-FOTO-4-2-300x168.jpg\" class=\"attachment-medium size-medium\" alt=\"\" aria-describedby=\"gallery-1-161228\" srcset=\"https:\/\/www.eldiario.net\/portal\/wp-content\/uploads\/2023\/06\/NOTA-1-FOTO-4-2-300x168.jpg 300w, https:\/\/www.eldiario.net\/portal\/wp-content\/uploads\/2023\/06\/NOTA-1-FOTO-4-2-768x431.jpg 768w, https:\/\/www.eldiario.net\/portal\/wp-content\/uploads\/2023\/06\/NOTA-1-FOTO-4-2-696x390.jpg 696w, https:\/\/www.eldiario.net\/portal\/wp-content\/uploads\/2023\/06\/NOTA-1-FOTO-4-2.jpg 1024w\" sizes=\"auto, (max-width: 300px) 100vw, 300px\" \/><\/a>\n\t\t\t<\/div>\n\t\t\t\t<figcaption class='wp-caption-text gallery-caption' id='gallery-1-161228'>\n\t\t\t\tELIZABETH MANSILLA SPA REALIZA TRATAMIENTOS FACIALES Y CORPORALES.\n\t\t\t\t<\/figcaption><\/figure>\n\t\t<\/div>\n\n","protected":false},"excerpt":{"rendered":"<p>Por Susana Guti\u00e9rrez &nbsp; Hoy es un d\u00eda especial en el que nos llenamos de emoci\u00f3n y regocijo al conmemorar nuestro trig\u00e9simo s\u00e9ptimo aniversario. Son 37 a\u00f1os llenos de logros, momentos memorables y clientes maravillosos que nos han acompa\u00f1ado en este incre\u00edble viaje, expresa Elizabeth Mansilla Moro, creadora del Spa que lleva su nombre. En [&hellip;]<\/p>\n","protected":false},"author":1,"featured_media":161228,"comment_status":"closed","ping_status":"closed","sticky":false,"template":"","format":"standard","meta":{"_acf_changed":false,"footnotes":""},"categories":[42],"tags":[],"class_list":["post-161224","post","type-post","status-publish","format-standard","has-post-thumbnail","category-femenina"],"acf":{"antetitulo":""},"yoast_head":"<!-- This site is optimized with the Yoast SEO plugin v28.4 - https:\/\/yoast.com\/product\/yoast-seo-wordpress\/ -->\n<title>Elizabeth Mansilla Spa, 37 a\u00f1os innovando el concepto de belleza - El Diario - Bolivia<\/title>\n<meta name=\"robots\" content=\"index, follow, max-snippet:-1, max-image-preview:large, max-video-preview:-1\" \/>\n<link rel=\"canonical\" href=\"https:\/\/www.eldiario.net\/portal\/2023\/06\/21\/elizabeth-mansilla-spa-37-anos-innovando-el-concepto-de-belleza\/\" \/>\n<meta property=\"og:locale\" content=\"es_ES\" \/>\n<meta property=\"og:type\" content=\"article\" \/>\n<meta property=\"og:title\" content=\"Elizabeth Mansilla Spa, 37 a\u00f1os innovando el concepto de belleza - El Diario - Bolivia\" \/>\n<meta property=\"og:description\" content=\"Por Susana Guti\u00e9rrez &nbsp; Hoy es un d\u00eda especial en el que nos llenamos de emoci\u00f3n y regocijo al conmemorar nuestro trig\u00e9simo s\u00e9ptimo aniversario. Son 37 a\u00f1os llenos de logros, momentos memorables y clientes maravillosos que nos han acompa\u00f1ado en este incre\u00edble viaje, expresa Elizabeth Mansilla Moro, creadora del Spa que lleva su nombre. En [&hellip;]\" \/>\n<meta property=\"og:url\" content=\"https:\/\/www.eldiario.net\/portal\/2023\/06\/21\/elizabeth-mansilla-spa-37-anos-innovando-el-concepto-de-belleza\/\" \/>\n<meta property=\"og:site_name\" content=\"El Diario - Bolivia\" \/>\n<meta property=\"article:publisher\" content=\"https:\/\/www.facebook.com\/eldiario.bolivia\/\" \/>\n<meta property=\"article:published_time\" content=\"2023-06-21T10:54:27+00:00\" \/>\n<meta property=\"og:image\" content=\"https:\/\/www.eldiario.net\/portal\/wp-content\/uploads\/2023\/06\/NOTA-1-FOTO-4-2.jpg\" \/>\n\t<meta property=\"og:image:width\" content=\"1024\" \/>\n\t<meta property=\"og:image:height\" content=\"574\" \/>\n\t<meta property=\"og:image:type\" content=\"image\/jpeg\" \/>\n<meta name=\"author\" content=\"Jeanette\" \/>\n<meta name=\"twitter:card\" content=\"summary_large_image\" \/>\n<meta name=\"twitter:creator\" content=\"@eldiario_net\" \/>\n<meta name=\"twitter:site\" content=\"@eldiario_net\" \/>\n<meta name=\"twitter:label1\" content=\"Escrito por\" \/>\n\t<meta name=\"twitter:data1\" content=\"Jeanette\" \/>\n\t<meta name=\"twitter:label2\" content=\"Tiempo de lectura\" \/>\n\t<meta name=\"twitter:data2\" content=\"2 minutos\" \/>\n<script type=\"application\/ld+json\" class=\"yoast-schema-graph\">{\"@context\":\"https:\\\/\\\/schema.org\",\"@graph\":[{\"@type\":\"Article\",\"@id\":\"https:\\\/\\\/www.eldiario.net\\\/portal\\\/2023\\\/06\\\/21\\\/elizabeth-mansilla-spa-37-anos-innovando-el-concepto-de-belleza\\\/#article\",\"isPartOf\":{\"@id\":\"https:\\\/\\\/www.eldiario.net\\\/portal\\\/2023\\\/06\\\/21\\\/elizabeth-mansilla-spa-37-anos-innovando-el-concepto-de-belleza\\\/\"},\"author\":{\"name\":\"Jeanette\",\"@id\":\"https:\\\/\\\/www.eldiario.net\\\/portal\\\/#\\\/schema\\\/person\\\/2c57cf2b7a7ae032e449e4c9b1019eac\"},\"headline\":\"Elizabeth Mansilla Spa, 37 a\u00f1os innovando el concepto de belleza\",\"datePublished\":\"2023-06-21T10:54:27+00:00\",\"mainEntityOfPage\":{\"@id\":\"https:\\\/\\\/www.eldiario.net\\\/portal\\\/2023\\\/06\\\/21\\\/elizabeth-mansilla-spa-37-anos-innovando-el-concepto-de-belleza\\\/\"},\"wordCount\":442,\"publisher\":{\"@id\":\"https:\\\/\\\/www.eldiario.net\\\/portal\\\/#organization\"},\"image\":{\"@id\":\"https:\\\/\\\/www.eldiario.net\\\/portal\\\/2023\\\/06\\\/21\\\/elizabeth-mansilla-spa-37-anos-innovando-el-concepto-de-belleza\\\/#primaryimage\"},\"thumbnailUrl\":\"https:\\\/\\\/www.eldiario.net\\\/portal\\\/wp-content\\\/uploads\\\/2023\\\/06\\\/NOTA-1-FOTO-4-2.jpg\",\"articleSection\":[\"Femenina\"],\"inLanguage\":\"es\"},{\"@type\":\"WebPage\",\"@id\":\"https:\\\/\\\/www.eldiario.net\\\/portal\\\/2023\\\/06\\\/21\\\/elizabeth-mansilla-spa-37-anos-innovando-el-concepto-de-belleza\\\/\",\"url\":\"https:\\\/\\\/www.eldiario.net\\\/portal\\\/2023\\\/06\\\/21\\\/elizabeth-mansilla-spa-37-anos-innovando-el-concepto-de-belleza\\\/\",\"name\":\"Elizabeth Mansilla Spa, 37 a\u00f1os innovando el concepto de belleza - El Diario - Bolivia\",\"isPartOf\":{\"@id\":\"https:\\\/\\\/www.eldiario.net\\\/portal\\\/#website\"},\"primaryImageOfPage\":{\"@id\":\"https:\\\/\\\/www.eldiario.net\\\/portal\\\/2023\\\/06\\\/21\\\/elizabeth-mansilla-spa-37-anos-innovando-el-concepto-de-belleza\\\/#primaryimage\"},\"image\":{\"@id\":\"https:\\\/\\\/www.eldiario.net\\\/portal\\\/2023\\\/06\\\/21\\\/elizabeth-mansilla-spa-37-anos-innovando-el-concepto-de-belleza\\\/#primaryimage\"},\"thumbnailUrl\":\"https:\\\/\\\/www.eldiario.net\\\/portal\\\/wp-content\\\/uploads\\\/2023\\\/06\\\/NOTA-1-FOTO-4-2.jpg\",\"datePublished\":\"2023-06-21T10:54:27+00:00\",\"breadcrumb\":{\"@id\":\"https:\\\/\\\/www.eldiario.net\\\/portal\\\/2023\\\/06\\\/21\\\/elizabeth-mansilla-spa-37-anos-innovando-el-concepto-de-belleza\\\/#breadcrumb\"},\"inLanguage\":\"es\",\"potentialAction\":[{\"@type\":\"ReadAction\",\"target\":[\"https:\\\/\\\/www.eldiario.net\\\/portal\\\/2023\\\/06\\\/21\\\/elizabeth-mansilla-spa-37-anos-innovando-el-concepto-de-belleza\\\/\"]}]},{\"@type\":\"ImageObject\",\"inLanguage\":\"es\",\"@id\":\"https:\\\/\\\/www.eldiario.net\\\/portal\\\/2023\\\/06\\\/21\\\/elizabeth-mansilla-spa-37-anos-innovando-el-concepto-de-belleza\\\/#primaryimage\",\"url\":\"https:\\\/\\\/www.eldiario.net\\\/portal\\\/wp-content\\\/uploads\\\/2023\\\/06\\\/NOTA-1-FOTO-4-2.jpg\",\"contentUrl\":\"https:\\\/\\\/www.eldiario.net\\\/portal\\\/wp-content\\\/uploads\\\/2023\\\/06\\\/NOTA-1-FOTO-4-2.jpg\",\"width\":1024,\"height\":574,\"caption\":\"ELIZABETH MANSILLA SPA REALIZA TRATAMIENTOS FACIALES Y CORPORALES.\"},{\"@type\":\"BreadcrumbList\",\"@id\":\"https:\\\/\\\/www.eldiario.net\\\/portal\\\/2023\\\/06\\\/21\\\/elizabeth-mansilla-spa-37-anos-innovando-el-concepto-de-belleza\\\/#breadcrumb\",\"itemListElement\":[{\"@type\":\"ListItem\",\"position\":1,\"name\":\"Portada\",\"item\":\"https:\\\/\\\/www.eldiario.net\\\/portal\\\/\"},{\"@type\":\"ListItem\",\"position\":2,\"name\":\"Elizabeth Mansilla Spa, 37 a\u00f1os innovando el concepto de belleza\"}]},{\"@type\":\"WebSite\",\"@id\":\"https:\\\/\\\/www.eldiario.net\\\/portal\\\/#website\",\"url\":\"https:\\\/\\\/www.eldiario.net\\\/portal\\\/\",\"name\":\"El Diario - Decano de la prensa nacional\",\"description\":\"El Diario - Decano de la prensa nacional\",\"publisher\":{\"@id\":\"https:\\\/\\\/www.eldiario.net\\\/portal\\\/#organization\"},\"potentialAction\":[{\"@type\":\"SearchAction\",\"target\":{\"@type\":\"EntryPoint\",\"urlTemplate\":\"https:\\\/\\\/www.eldiario.net\\\/portal\\\/?s={search_term_string}\"},\"query-input\":{\"@type\":\"PropertyValueSpecification\",\"valueRequired\":true,\"valueName\":\"search_term_string\"}}],\"inLanguage\":\"es\"},{\"@type\":\"Organization\",\"@id\":\"https:\\\/\\\/www.eldiario.net\\\/portal\\\/#organization\",\"name\":\"El Diario - Decano de la prensa nacional\",\"url\":\"https:\\\/\\\/www.eldiario.net\\\/portal\\\/\",\"logo\":{\"@type\":\"ImageObject\",\"inLanguage\":\"es\",\"@id\":\"https:\\\/\\\/www.eldiario.net\\\/portal\\\/#\\\/schema\\\/logo\\\/image\\\/\",\"url\":\"https:\\\/\\\/www.eldiario.net\\\/portal\\\/wp-content\\\/uploads\\\/2023\\\/07\\\/logo_ED.jpg\",\"contentUrl\":\"https:\\\/\\\/www.eldiario.net\\\/portal\\\/wp-content\\\/uploads\\\/2023\\\/07\\\/logo_ED.jpg\",\"width\":272,\"height\":52,\"caption\":\"El Diario - Decano de la prensa nacional\"},\"image\":{\"@id\":\"https:\\\/\\\/www.eldiario.net\\\/portal\\\/#\\\/schema\\\/logo\\\/image\\\/\"},\"sameAs\":[\"https:\\\/\\\/www.facebook.com\\\/eldiario.bolivia\\\/\",\"https:\\\/\\\/x.com\\\/eldiario_net\"]},{\"@type\":\"Person\",\"@id\":\"https:\\\/\\\/www.eldiario.net\\\/portal\\\/#\\\/schema\\\/person\\\/2c57cf2b7a7ae032e449e4c9b1019eac\",\"name\":\"Jeanette\",\"image\":{\"@type\":\"ImageObject\",\"inLanguage\":\"es\",\"@id\":\"https:\\\/\\\/secure.gravatar.com\\\/avatar\\\/3ea2118a5f7dad2b7138b1187a6b7ee55f160b9968b66013c3a3ef39dd7e5798?s=96&d=mm&r=g\",\"url\":\"https:\\\/\\\/secure.gravatar.com\\\/avatar\\\/3ea2118a5f7dad2b7138b1187a6b7ee55f160b9968b66013c3a3ef39dd7e5798?s=96&d=mm&r=g\",\"contentUrl\":\"https:\\\/\\\/secure.gravatar.com\\\/avatar\\\/3ea2118a5f7dad2b7138b1187a6b7ee55f160b9968b66013c3a3ef39dd7e5798?s=96&d=mm&r=g\",\"caption\":\"Jeanette\"},\"sameAs\":[\"https:\\\/\\\/www.eldiario.net\\\/portal\"],\"url\":\"https:\\\/\\\/www.eldiario.net\\\/portal\\\/author\\\/jeanette\\\/\"}]}<\/script>\n<!-- \/ Yoast SEO plugin. -->","yoast_head_json":{"title":"Elizabeth Mansilla Spa, 37 a\u00f1os innovando el concepto de belleza - El Diario - Bolivia","robots":{"index":"index","follow":"follow","max-snippet":"max-snippet:-1","max-image-preview":"max-image-preview:large","max-video-preview":"max-video-preview:-1"},"canonical":"https:\/\/www.eldiario.net\/portal\/2023\/06\/21\/elizabeth-mansilla-spa-37-anos-innovando-el-concepto-de-belleza\/","og_locale":"es_ES","og_type":"article","og_title":"Elizabeth Mansilla Spa, 37 a\u00f1os innovando el concepto de belleza - El Diario - Bolivia","og_description":"Por Susana Guti\u00e9rrez &nbsp; Hoy es un d\u00eda especial en el que nos llenamos de emoci\u00f3n y regocijo al conmemorar nuestro trig\u00e9simo s\u00e9ptimo aniversario. Son 37 a\u00f1os llenos de logros, momentos memorables y clientes maravillosos que nos han acompa\u00f1ado en este incre\u00edble viaje, expresa Elizabeth Mansilla Moro, creadora del Spa que lleva su nombre. En [&hellip;]","og_url":"https:\/\/www.eldiario.net\/portal\/2023\/06\/21\/elizabeth-mansilla-spa-37-anos-innovando-el-concepto-de-belleza\/","og_site_name":"El Diario - Bolivia","article_publisher":"https:\/\/www.facebook.com\/eldiario.bolivia\/","article_published_time":"2023-06-21T10:54:27+00:00","og_image":[{"width":1024,"height":574,"url":"https:\/\/www.eldiario.net\/portal\/wp-content\/uploads\/2023\/06\/NOTA-1-FOTO-4-2.jpg","type":"image\/jpeg"}],"author":"Jeanette","twitter_card":"summary_large_image","twitter_creator":"@eldiario_net","twitter_site":"@eldiario_net","twitter_misc":{"Escrito por":"Jeanette","Tiempo de lectura":"2 minutos"},"schema":{"@context":"https:\/\/schema.org","@graph":[{"@type":"Article","@id":"https:\/\/www.eldiario.net\/portal\/2023\/06\/21\/elizabeth-mansilla-spa-37-anos-innovando-el-concepto-de-belleza\/#article","isPartOf":{"@id":"https:\/\/www.eldiario.net\/portal\/2023\/06\/21\/elizabeth-mansilla-spa-37-anos-innovando-el-concepto-de-belleza\/"},"author":{"name":"Jeanette","@id":"https:\/\/www.eldiario.net\/portal\/#\/schema\/person\/2c57cf2b7a7ae032e449e4c9b1019eac"},"headline":"Elizabeth Mansilla Spa, 37 a\u00f1os innovando el concepto de belleza","datePublished":"2023-06-21T10:54:27+00:00","mainEntityOfPage":{"@id":"https:\/\/www.eldiario.net\/portal\/2023\/06\/21\/elizabeth-mansilla-spa-37-anos-innovando-el-concepto-de-belleza\/"},"wordCount":442,"publisher":{"@id":"https:\/\/www.eldiario.net\/portal\/#organization"},"image":{"@id":"https:\/\/www.eldiario.net\/portal\/2023\/06\/21\/elizabeth-mansilla-spa-37-anos-innovando-el-concepto-de-belleza\/#primaryimage"},"thumbnailUrl":"https:\/\/www.eldiario.net\/portal\/wp-content\/uploads\/2023\/06\/NOTA-1-FOTO-4-2.jpg","articleSection":["Femenina"],"inLanguage":"es"},{"@type":"WebPage","@id":"https:\/\/www.eldiario.net\/portal\/2023\/06\/21\/elizabeth-mansilla-spa-37-anos-innovando-el-concepto-de-belleza\/","url":"https:\/\/www.eldiario.net\/portal\/2023\/06\/21\/elizabeth-mansilla-spa-37-anos-innovando-el-concepto-de-belleza\/","name":"Elizabeth Mansilla Spa, 37 a\u00f1os innovando el concepto de belleza - El Diario - Bolivia","isPartOf":{"@id":"https:\/\/www.eldiario.net\/portal\/#website"},"primaryImageOfPage":{"@id":"https:\/\/www.eldiario.net\/portal\/2023\/06\/21\/elizabeth-mansilla-spa-37-anos-innovando-el-concepto-de-belleza\/#primaryimage"},"image":{"@id":"https:\/\/www.eldiario.net\/portal\/2023\/06\/21\/elizabeth-mansilla-spa-37-anos-innovando-el-concepto-de-belleza\/#primaryimage"},"thumbnailUrl":"https:\/\/www.eldiario.net\/portal\/wp-content\/uploads\/2023\/06\/NOTA-1-FOTO-4-2.jpg","datePublished":"2023-06-21T10:54:27+00:00","breadcrumb":{"@id":"https:\/\/www.eldiario.net\/portal\/2023\/06\/21\/elizabeth-mansilla-spa-37-anos-innovando-el-concepto-de-belleza\/#breadcrumb"},"inLanguage":"es","potentialAction":[{"@type":"ReadAction","target":["https:\/\/www.eldiario.net\/portal\/2023\/06\/21\/elizabeth-mansilla-spa-37-anos-innovando-el-concepto-de-belleza\/"]}]},{"@type":"ImageObject","inLanguage":"es","@id":"https:\/\/www.eldiario.net\/portal\/2023\/06\/21\/elizabeth-mansilla-spa-37-anos-innovando-el-concepto-de-belleza\/#primaryimage","url":"https:\/\/www.eldiario.net\/portal\/wp-content\/uploads\/2023\/06\/NOTA-1-FOTO-4-2.jpg","contentUrl":"https:\/\/www.eldiario.net\/portal\/wp-content\/uploads\/2023\/06\/NOTA-1-FOTO-4-2.jpg","width":1024,"height":574,"caption":"ELIZABETH MANSILLA SPA REALIZA TRATAMIENTOS FACIALES Y CORPORALES."},{"@type":"BreadcrumbList","@id":"https:\/\/www.eldiario.net\/portal\/2023\/06\/21\/elizabeth-mansilla-spa-37-anos-innovando-el-concepto-de-belleza\/#breadcrumb","itemListElement":[{"@type":"ListItem","position":1,"name":"Portada","item":"https:\/\/www.eldiario.net\/portal\/"},{"@type":"ListItem","position":2,"name":"Elizabeth Mansilla Spa, 37 a\u00f1os innovando el concepto de belleza"}]},{"@type":"WebSite","@id":"https:\/\/www.eldiario.net\/portal\/#website","url":"https:\/\/www.eldiario.net\/portal\/","name":"El Diario - Decano de la prensa nacional","description":"El Diario - Decano de la prensa nacional","publisher":{"@id":"https:\/\/www.eldiario.net\/portal\/#organization"},"potentialAction":[{"@type":"SearchAction","target":{"@type":"EntryPoint","urlTemplate":"https:\/\/www.eldiario.net\/portal\/?s={search_term_string}"},"query-input":{"@type":"PropertyValueSpecification","valueRequired":true,"valueName":"search_term_string"}}],"inLanguage":"es"},{"@type":"Organization","@id":"https:\/\/www.eldiario.net\/portal\/#organization","name":"El Diario - Decano de la prensa nacional","url":"https:\/\/www.eldiario.net\/portal\/","logo":{"@type":"ImageObject","inLanguage":"es","@id":"https:\/\/www.eldiario.net\/portal\/#\/schema\/logo\/image\/","url":"https:\/\/www.eldiario.net\/portal\/wp-content\/uploads\/2023\/07\/logo_ED.jpg","contentUrl":"https:\/\/www.eldiario.net\/portal\/wp-content\/uploads\/2023\/07\/logo_ED.jpg","width":272,"height":52,"caption":"El Diario - Decano de la prensa nacional"},"image":{"@id":"https:\/\/www.eldiario.net\/portal\/#\/schema\/logo\/image\/"},"sameAs":["https:\/\/www.facebook.com\/eldiario.bolivia\/","https:\/\/x.com\/eldiario_net"]},{"@type":"Person","@id":"https:\/\/www.eldiario.net\/portal\/#\/schema\/person\/2c57cf2b7a7ae032e449e4c9b1019eac","name":"Jeanette","image":{"@type":"ImageObject","inLanguage":"es","@id":"https:\/\/secure.gravatar.com\/avatar\/3ea2118a5f7dad2b7138b1187a6b7ee55f160b9968b66013c3a3ef39dd7e5798?s=96&d=mm&r=g","url":"https:\/\/secure.gravatar.com\/avatar\/3ea2118a5f7dad2b7138b1187a6b7ee55f160b9968b66013c3a3ef39dd7e5798?s=96&d=mm&r=g","contentUrl":"https:\/\/secure.gravatar.com\/avatar\/3ea2118a5f7dad2b7138b1187a6b7ee55f160b9968b66013c3a3ef39dd7e5798?s=96&d=mm&r=g","caption":"Jeanette"},"sameAs":["https:\/\/www.eldiario.net\/portal"],"url":"https:\/\/www.eldiario.net\/portal\/author\/jeanette\/"}]}},"_links":{"self":[{"href":"https:\/\/www.eldiario.net\/portal\/wp-json\/wp\/v2\/posts\/161224","targetHints":{"allow":["GET"]}}],"collection":[{"href":"https:\/\/www.eldiario.net\/portal\/wp-json\/wp\/v2\/posts"}],"about":[{"href":"https:\/\/www.eldiario.net\/portal\/wp-json\/wp\/v2\/types\/post"}],"author":[{"embeddable":true,"href":"https:\/\/www.eldiario.net\/portal\/wp-json\/wp\/v2\/users\/1"}],"replies":[{"embeddable":true,"href":"https:\/\/www.eldiario.net\/portal\/wp-json\/wp\/v2\/comments?post=161224"}],"version-history":[{"count":0,"href":"https:\/\/www.eldiario.net\/portal\/wp-json\/wp\/v2\/posts\/161224\/revisions"}],"wp:featuredmedia":[{"embeddable":true,"href":"https:\/\/www.eldiario.net\/portal\/wp-json\/wp\/v2\/media\/161228"}],"wp:attachment":[{"href":"https:\/\/www.eldiario.net\/portal\/wp-json\/wp\/v2\/media?parent=161224"}],"wp:term":[{"taxonomy":"category","embeddable":true,"href":"https:\/\/www.eldiario.net\/portal\/wp-json\/wp\/v2\/categories?post=161224"},{"taxonomy":"post_tag","embeddable":true,"href":"https:\/\/www.eldiario.net\/portal\/wp-json\/wp\/v2\/tags?post=161224"}],"curies":[{"name":"wp","href":"https:\/\/api.w.org\/{rel}","templated":true}]}}