{"id":161073,"date":"2023-06-21T05:55:28","date_gmt":"2023-06-21T09:55:28","guid":{"rendered":"https:\/\/www.eldiario.net\/portal\/?p=161073"},"modified":"2023-06-21T05:55:28","modified_gmt":"2023-06-21T09:55:28","slug":"empresas-presentan-combos-de-salchichas-y-panes-para-san-juan","status":"publish","type":"post","link":"https:\/\/www.eldiario.net\/portal\/2023\/06\/21\/empresas-presentan-combos-de-salchichas-y-panes-para-san-juan\/","title":{"rendered":"Empresas presentan combos de  salchichas y panes para San Juan"},"content":{"rendered":"<p>Ante la proximidad de San Juan, las empresas bolivianas empezaron a reactivar su producci\u00f3n con la oferta de combos, panes y salchichas, con la finalidad de mover el mercado local y nacional.<br \/>\nLos mercados de la ciudad de La Paz y El Alto, presentan ofertas de las empresas a trav\u00e9s de sus combos, que consiste en salchichas con pan o tambi\u00e9n con salsas, para que las familias disfruten del inicio del invierno, que empieza hoy, 21 de junio.<br \/>\nLa encargada departamental del Servicio Nacional Agropecuario de Sanidad e Inocuidad Alimentaria (Senasag) La Paz, Vania Maldonado, dijo que tienen la lista a nivel regional de todos los productos autorizados, que ascienden a 37.<br \/>\nSe\u00f1al\u00f3 que se verific\u00f3 la calidad de los productos de las empresas embutidoras autorizadas y mencion\u00f3 algunas de las 37 autorizadas para la venta: La Espa\u00f1ola, Ketal, La Holandesa, Manwil, Torito, Stege, Dilman, La Norte\u00f1a, Bon Gusto, La Estancia, San Miguel Fiambres y embutidos, Don Pior, Aromis, La Beniana, Embutidos Copacabana, San Andr\u00e9s, Novillito, La Serrana, Embutidos Los Andes, La Illimani, Jhonnsons, Hipermaxi, Fernandez, La selecta, Sofia, Pio Rico, Embutidos Copacabana, La Alemana, Cielo, San Jorge, de otros departamentos. La gente se gu\u00eda por la marca y la etiqueta en los productos para adquirirlos.<br \/>\nEl gerente de la empresa Bon Gusto, Alex Quisbert, dijo que para esta ocasi\u00f3n presentar\u00e1n una novedad. \u201cHemos renovado nuestros envases para brindar una nueva presentaci\u00f3n que garantiza la frescura y la calidad de nuestros productos. Esta mejora forma parte de nuestro compromiso constante con la excelencia y la satisfacci\u00f3n de nuestros clientes\u201d, apunt\u00f3.<br \/>\nEn cuanto a los precios, mencion\u00f3 que han experimentado incrementos debido al costo de los insumos y la materia prima. Sin embargo, los aumentos se han dado principalmente hacia los intermediarios y no directamente al consumidor final, sostuvo.<br \/>\n\u201cEs importante tener en cuenta que el aumento de precios de los insumos est\u00e1 relacionado con factores externos, como la subida del d\u00f3lar y las comisiones bancarias. Estos son aspectos que afectan no solo a nuestra industria, sino a diversos sectores comerciales en general\u201d, inform\u00f3.<br \/>\nDijo que tienen una fuerte presencia en el departamento de La Paz, pero tambi\u00e9n en las ciudades de Oruro, Cochabamba, Chuquisaca, Potos\u00ed, Santa Cruz y Tarija. \u201cTrabajamos constantemente en expandir nuestra cobertura y llegar a m\u00e1s rincones del pa\u00eds\u201d, acot\u00f3.<br \/>\nEntre tanto, Pan Casero presenta el pancho tradicional a 5.50 bolivianos y el pancho Extra Largo a Bs 8, inform\u00f3 el gerente de la empresa Ismael Choque.<br \/>\nDijo que los precios se mantienen para no afectar la econom\u00eda de los consumidores. \u201cY lo que nos diferencia en el mercado es que no utilizamos bromato en su elaboraci\u00f3n, por ello es de edici\u00f3n limitada para estas fiestas\u201d, apunt\u00f3.<br \/>\nPor el momento sus mercados son los departamentos de La Paz y Oruro.<\/p>\n<div id='gallery-1' class='gallery galleryid-161073 gallery-columns-3 gallery-size-medium'><figure class='gallery-item'>\n\t\t\t<div class='gallery-icon landscape'>\n\t\t\t\t<a href='https:\/\/www.eldiario.net\/portal\/2023\/06\/21\/empresas-presentan-combos-de-salchichas-y-panes-para-san-juan\/bon-gusto\/'><img loading=\"lazy\" decoding=\"async\" width=\"300\" height=\"300\" src=\"https:\/\/www.eldiario.net\/portal\/wp-content\/uploads\/2023\/06\/BON-GUSTO-300x300.jpg\" class=\"attachment-medium size-medium\" alt=\"\" srcset=\"https:\/\/www.eldiario.net\/portal\/wp-content\/uploads\/2023\/06\/BON-GUSTO-300x300.jpg 300w, https:\/\/www.eldiario.net\/portal\/wp-content\/uploads\/2023\/06\/BON-GUSTO-150x150.jpg 150w, https:\/\/www.eldiario.net\/portal\/wp-content\/uploads\/2023\/06\/BON-GUSTO-768x768.jpg 768w, https:\/\/www.eldiario.net\/portal\/wp-content\/uploads\/2023\/06\/BON-GUSTO-696x696.jpg 696w, https:\/\/www.eldiario.net\/portal\/wp-content\/uploads\/2023\/06\/BON-GUSTO.jpg 1000w\" sizes=\"auto, (max-width: 300px) 100vw, 300px\" \/><\/a>\n\t\t\t<\/div><\/figure><figure class='gallery-item'>\n\t\t\t<div class='gallery-icon landscape'>\n\t\t\t\t<a href='https:\/\/www.eldiario.net\/portal\/2023\/06\/21\/empresas-presentan-combos-de-salchichas-y-panes-para-san-juan\/pan-4\/'><img loading=\"lazy\" decoding=\"async\" width=\"300\" height=\"200\" src=\"https:\/\/www.eldiario.net\/portal\/wp-content\/uploads\/2023\/06\/PAN-300x200.jpg\" class=\"attachment-medium size-medium\" alt=\"\" srcset=\"https:\/\/www.eldiario.net\/portal\/wp-content\/uploads\/2023\/06\/PAN-300x200.jpg 300w, https:\/\/www.eldiario.net\/portal\/wp-content\/uploads\/2023\/06\/PAN-768x512.jpg 768w, https:\/\/www.eldiario.net\/portal\/wp-content\/uploads\/2023\/06\/PAN-696x464.jpg 696w, https:\/\/www.eldiario.net\/portal\/wp-content\/uploads\/2023\/06\/PAN.jpg 1000w\" sizes=\"auto, (max-width: 300px) 100vw, 300px\" \/><\/a>\n\t\t\t<\/div><\/figure>\n\t\t<\/div>\n\n","protected":false},"excerpt":{"rendered":"<p>Ante la proximidad de San Juan, las empresas bolivianas empezaron a reactivar su producci\u00f3n con la oferta de combos, panes y salchichas, con la finalidad de mover el mercado local y nacional. Los mercados de la ciudad de La Paz y El Alto, presentan ofertas de las empresas a trav\u00e9s de sus combos, que consiste [&hellip;]<\/p>\n","protected":false},"author":1,"featured_media":161074,"comment_status":"closed","ping_status":"closed","sticky":false,"template":"","format":"standard","meta":{"_acf_changed":false,"footnotes":""},"categories":[7],"tags":[],"class_list":["post-161073","post","type-post","status-publish","format-standard","has-post-thumbnail","category-economia"],"acf":{"antetitulo":""},"yoast_head":"<!-- This site is optimized with the Yoast SEO plugin v28.3 - https:\/\/yoast.com\/product\/yoast-seo-wordpress\/ -->\n<title>Empresas presentan combos de salchichas y panes para San Juan - El Diario - Bolivia<\/title>\n<meta name=\"robots\" content=\"index, follow, max-snippet:-1, max-image-preview:large, max-video-preview:-1\" \/>\n<link rel=\"canonical\" href=\"https:\/\/www.eldiario.net\/portal\/2023\/06\/21\/empresas-presentan-combos-de-salchichas-y-panes-para-san-juan\/\" \/>\n<meta property=\"og:locale\" content=\"es_ES\" \/>\n<meta property=\"og:type\" content=\"article\" \/>\n<meta property=\"og:title\" content=\"Empresas presentan combos de salchichas y panes para San Juan - El Diario - Bolivia\" \/>\n<meta property=\"og:description\" content=\"Ante la proximidad de San Juan, las empresas bolivianas empezaron a reactivar su producci\u00f3n con la oferta de combos, panes y salchichas, con la finalidad de mover el mercado local y nacional. Los mercados de la ciudad de La Paz y El Alto, presentan ofertas de las empresas a trav\u00e9s de sus combos, que consiste [&hellip;]\" \/>\n<meta property=\"og:url\" content=\"https:\/\/www.eldiario.net\/portal\/2023\/06\/21\/empresas-presentan-combos-de-salchichas-y-panes-para-san-juan\/\" \/>\n<meta property=\"og:site_name\" content=\"El Diario - Bolivia\" \/>\n<meta property=\"article:publisher\" content=\"https:\/\/www.facebook.com\/eldiario.bolivia\/\" \/>\n<meta property=\"article:published_time\" content=\"2023-06-21T09:55:28+00:00\" \/>\n<meta property=\"og:image\" content=\"https:\/\/www.eldiario.net\/portal\/wp-content\/uploads\/2023\/06\/salchis.jpg\" \/>\n\t<meta property=\"og:image:width\" content=\"1600\" \/>\n\t<meta property=\"og:image:height\" content=\"1200\" \/>\n\t<meta property=\"og:image:type\" content=\"image\/jpeg\" \/>\n<meta name=\"author\" content=\"Jeanette\" \/>\n<meta name=\"twitter:card\" content=\"summary_large_image\" \/>\n<meta name=\"twitter:creator\" content=\"@eldiario_net\" \/>\n<meta name=\"twitter:site\" content=\"@eldiario_net\" \/>\n<meta name=\"twitter:label1\" content=\"Escrito por\" \/>\n\t<meta name=\"twitter:data1\" content=\"Jeanette\" \/>\n\t<meta name=\"twitter:label2\" content=\"Tiempo de lectura\" \/>\n\t<meta name=\"twitter:data2\" content=\"3 minutos\" \/>\n<script type=\"application\/ld+json\" class=\"yoast-schema-graph\">{\"@context\":\"https:\\\/\\\/schema.org\",\"@graph\":[{\"@type\":\"Article\",\"@id\":\"https:\\\/\\\/www.eldiario.net\\\/portal\\\/2023\\\/06\\\/21\\\/empresas-presentan-combos-de-salchichas-y-panes-para-san-juan\\\/#article\",\"isPartOf\":{\"@id\":\"https:\\\/\\\/www.eldiario.net\\\/portal\\\/2023\\\/06\\\/21\\\/empresas-presentan-combos-de-salchichas-y-panes-para-san-juan\\\/\"},\"author\":{\"name\":\"Jeanette\",\"@id\":\"https:\\\/\\\/www.eldiario.net\\\/portal\\\/#\\\/schema\\\/person\\\/f46445640444750d7d753ccd04ae01b7\"},\"headline\":\"Empresas presentan combos de salchichas y panes para San Juan\",\"datePublished\":\"2023-06-21T09:55:28+00:00\",\"mainEntityOfPage\":{\"@id\":\"https:\\\/\\\/www.eldiario.net\\\/portal\\\/2023\\\/06\\\/21\\\/empresas-presentan-combos-de-salchichas-y-panes-para-san-juan\\\/\"},\"wordCount\":491,\"publisher\":{\"@id\":\"https:\\\/\\\/www.eldiario.net\\\/portal\\\/#organization\"},\"image\":{\"@id\":\"https:\\\/\\\/www.eldiario.net\\\/portal\\\/2023\\\/06\\\/21\\\/empresas-presentan-combos-de-salchichas-y-panes-para-san-juan\\\/#primaryimage\"},\"thumbnailUrl\":\"https:\\\/\\\/www.eldiario.net\\\/portal\\\/wp-content\\\/uploads\\\/2023\\\/06\\\/salchis.jpg\",\"articleSection\":[\"Econom\u00eda\"],\"inLanguage\":\"es\"},{\"@type\":\"WebPage\",\"@id\":\"https:\\\/\\\/www.eldiario.net\\\/portal\\\/2023\\\/06\\\/21\\\/empresas-presentan-combos-de-salchichas-y-panes-para-san-juan\\\/\",\"url\":\"https:\\\/\\\/www.eldiario.net\\\/portal\\\/2023\\\/06\\\/21\\\/empresas-presentan-combos-de-salchichas-y-panes-para-san-juan\\\/\",\"name\":\"Empresas presentan combos de salchichas y panes para San Juan - El Diario - Bolivia\",\"isPartOf\":{\"@id\":\"https:\\\/\\\/www.eldiario.net\\\/portal\\\/#website\"},\"primaryImageOfPage\":{\"@id\":\"https:\\\/\\\/www.eldiario.net\\\/portal\\\/2023\\\/06\\\/21\\\/empresas-presentan-combos-de-salchichas-y-panes-para-san-juan\\\/#primaryimage\"},\"image\":{\"@id\":\"https:\\\/\\\/www.eldiario.net\\\/portal\\\/2023\\\/06\\\/21\\\/empresas-presentan-combos-de-salchichas-y-panes-para-san-juan\\\/#primaryimage\"},\"thumbnailUrl\":\"https:\\\/\\\/www.eldiario.net\\\/portal\\\/wp-content\\\/uploads\\\/2023\\\/06\\\/salchis.jpg\",\"datePublished\":\"2023-06-21T09:55:28+00:00\",\"breadcrumb\":{\"@id\":\"https:\\\/\\\/www.eldiario.net\\\/portal\\\/2023\\\/06\\\/21\\\/empresas-presentan-combos-de-salchichas-y-panes-para-san-juan\\\/#breadcrumb\"},\"inLanguage\":\"es\",\"potentialAction\":[{\"@type\":\"ReadAction\",\"target\":[\"https:\\\/\\\/www.eldiario.net\\\/portal\\\/2023\\\/06\\\/21\\\/empresas-presentan-combos-de-salchichas-y-panes-para-san-juan\\\/\"]}]},{\"@type\":\"ImageObject\",\"inLanguage\":\"es\",\"@id\":\"https:\\\/\\\/www.eldiario.net\\\/portal\\\/2023\\\/06\\\/21\\\/empresas-presentan-combos-de-salchichas-y-panes-para-san-juan\\\/#primaryimage\",\"url\":\"https:\\\/\\\/www.eldiario.net\\\/portal\\\/wp-content\\\/uploads\\\/2023\\\/06\\\/salchis.jpg\",\"contentUrl\":\"https:\\\/\\\/www.eldiario.net\\\/portal\\\/wp-content\\\/uploads\\\/2023\\\/06\\\/salchis.jpg\",\"width\":1600,\"height\":1200,\"caption\":\"Responsable del Senasag La Paz, en la presentaci\u00f3n de los productos autorizados y el trabajo que se realiza para garantizar la salud de la poblaci\u00f3n.\"},{\"@type\":\"BreadcrumbList\",\"@id\":\"https:\\\/\\\/www.eldiario.net\\\/portal\\\/2023\\\/06\\\/21\\\/empresas-presentan-combos-de-salchichas-y-panes-para-san-juan\\\/#breadcrumb\",\"itemListElement\":[{\"@type\":\"ListItem\",\"position\":1,\"name\":\"Portada\",\"item\":\"https:\\\/\\\/www.eldiario.net\\\/portal\\\/\"},{\"@type\":\"ListItem\",\"position\":2,\"name\":\"Empresas presentan combos de salchichas y panes para San Juan\"}]},{\"@type\":\"WebSite\",\"@id\":\"https:\\\/\\\/www.eldiario.net\\\/portal\\\/#website\",\"url\":\"https:\\\/\\\/www.eldiario.net\\\/portal\\\/\",\"name\":\"El Diario - Decano de la prensa nacional\",\"description\":\"El Diario - Decano de la prensa nacional\",\"publisher\":{\"@id\":\"https:\\\/\\\/www.eldiario.net\\\/portal\\\/#organization\"},\"potentialAction\":[{\"@type\":\"SearchAction\",\"target\":{\"@type\":\"EntryPoint\",\"urlTemplate\":\"https:\\\/\\\/www.eldiario.net\\\/portal\\\/?s={search_term_string}\"},\"query-input\":{\"@type\":\"PropertyValueSpecification\",\"valueRequired\":true,\"valueName\":\"search_term_string\"}}],\"inLanguage\":\"es\"},{\"@type\":\"Organization\",\"@id\":\"https:\\\/\\\/www.eldiario.net\\\/portal\\\/#organization\",\"name\":\"El Diario - Decano de la prensa nacional\",\"url\":\"https:\\\/\\\/www.eldiario.net\\\/portal\\\/\",\"logo\":{\"@type\":\"ImageObject\",\"inLanguage\":\"es\",\"@id\":\"https:\\\/\\\/www.eldiario.net\\\/portal\\\/#\\\/schema\\\/logo\\\/image\\\/\",\"url\":\"https:\\\/\\\/www.eldiario.net\\\/portal\\\/wp-content\\\/uploads\\\/2023\\\/07\\\/logo_ED.jpg\",\"contentUrl\":\"https:\\\/\\\/www.eldiario.net\\\/portal\\\/wp-content\\\/uploads\\\/2023\\\/07\\\/logo_ED.jpg\",\"width\":272,\"height\":52,\"caption\":\"El Diario - Decano de la prensa nacional\"},\"image\":{\"@id\":\"https:\\\/\\\/www.eldiario.net\\\/portal\\\/#\\\/schema\\\/logo\\\/image\\\/\"},\"sameAs\":[\"https:\\\/\\\/www.facebook.com\\\/eldiario.bolivia\\\/\",\"https:\\\/\\\/x.com\\\/eldiario_net\"]},{\"@type\":\"Person\",\"@id\":\"https:\\\/\\\/www.eldiario.net\\\/portal\\\/#\\\/schema\\\/person\\\/f46445640444750d7d753ccd04ae01b7\",\"name\":\"Jeanette\",\"image\":{\"@type\":\"ImageObject\",\"inLanguage\":\"es\",\"@id\":\"https:\\\/\\\/secure.gravatar.com\\\/avatar\\\/3ea2118a5f7dad2b7138b1187a6b7ee55f160b9968b66013c3a3ef39dd7e5798?s=96&d=mm&r=g\",\"url\":\"https:\\\/\\\/secure.gravatar.com\\\/avatar\\\/3ea2118a5f7dad2b7138b1187a6b7ee55f160b9968b66013c3a3ef39dd7e5798?s=96&d=mm&r=g\",\"contentUrl\":\"https:\\\/\\\/secure.gravatar.com\\\/avatar\\\/3ea2118a5f7dad2b7138b1187a6b7ee55f160b9968b66013c3a3ef39dd7e5798?s=96&d=mm&r=g\",\"caption\":\"Jeanette\"},\"sameAs\":[\"https:\\\/\\\/www.eldiario.net\\\/portal\"],\"url\":\"https:\\\/\\\/www.eldiario.net\\\/portal\\\/author\\\/jeanette\\\/\"}]}<\/script>\n<!-- \/ Yoast SEO plugin. -->","yoast_head_json":{"title":"Empresas presentan combos de salchichas y panes para San Juan - El Diario - Bolivia","robots":{"index":"index","follow":"follow","max-snippet":"max-snippet:-1","max-image-preview":"max-image-preview:large","max-video-preview":"max-video-preview:-1"},"canonical":"https:\/\/www.eldiario.net\/portal\/2023\/06\/21\/empresas-presentan-combos-de-salchichas-y-panes-para-san-juan\/","og_locale":"es_ES","og_type":"article","og_title":"Empresas presentan combos de salchichas y panes para San Juan - El Diario - Bolivia","og_description":"Ante la proximidad de San Juan, las empresas bolivianas empezaron a reactivar su producci\u00f3n con la oferta de combos, panes y salchichas, con la finalidad de mover el mercado local y nacional. Los mercados de la ciudad de La Paz y El Alto, presentan ofertas de las empresas a trav\u00e9s de sus combos, que consiste [&hellip;]","og_url":"https:\/\/www.eldiario.net\/portal\/2023\/06\/21\/empresas-presentan-combos-de-salchichas-y-panes-para-san-juan\/","og_site_name":"El Diario - Bolivia","article_publisher":"https:\/\/www.facebook.com\/eldiario.bolivia\/","article_published_time":"2023-06-21T09:55:28+00:00","og_image":[{"width":1600,"height":1200,"url":"https:\/\/www.eldiario.net\/portal\/wp-content\/uploads\/2023\/06\/salchis.jpg","type":"image\/jpeg"}],"author":"Jeanette","twitter_card":"summary_large_image","twitter_creator":"@eldiario_net","twitter_site":"@eldiario_net","twitter_misc":{"Escrito por":"Jeanette","Tiempo de lectura":"3 minutos"},"schema":{"@context":"https:\/\/schema.org","@graph":[{"@type":"Article","@id":"https:\/\/www.eldiario.net\/portal\/2023\/06\/21\/empresas-presentan-combos-de-salchichas-y-panes-para-san-juan\/#article","isPartOf":{"@id":"https:\/\/www.eldiario.net\/portal\/2023\/06\/21\/empresas-presentan-combos-de-salchichas-y-panes-para-san-juan\/"},"author":{"name":"Jeanette","@id":"https:\/\/www.eldiario.net\/portal\/#\/schema\/person\/f46445640444750d7d753ccd04ae01b7"},"headline":"Empresas presentan combos de salchichas y panes para San Juan","datePublished":"2023-06-21T09:55:28+00:00","mainEntityOfPage":{"@id":"https:\/\/www.eldiario.net\/portal\/2023\/06\/21\/empresas-presentan-combos-de-salchichas-y-panes-para-san-juan\/"},"wordCount":491,"publisher":{"@id":"https:\/\/www.eldiario.net\/portal\/#organization"},"image":{"@id":"https:\/\/www.eldiario.net\/portal\/2023\/06\/21\/empresas-presentan-combos-de-salchichas-y-panes-para-san-juan\/#primaryimage"},"thumbnailUrl":"https:\/\/www.eldiario.net\/portal\/wp-content\/uploads\/2023\/06\/salchis.jpg","articleSection":["Econom\u00eda"],"inLanguage":"es"},{"@type":"WebPage","@id":"https:\/\/www.eldiario.net\/portal\/2023\/06\/21\/empresas-presentan-combos-de-salchichas-y-panes-para-san-juan\/","url":"https:\/\/www.eldiario.net\/portal\/2023\/06\/21\/empresas-presentan-combos-de-salchichas-y-panes-para-san-juan\/","name":"Empresas presentan combos de salchichas y panes para San Juan - El Diario - Bolivia","isPartOf":{"@id":"https:\/\/www.eldiario.net\/portal\/#website"},"primaryImageOfPage":{"@id":"https:\/\/www.eldiario.net\/portal\/2023\/06\/21\/empresas-presentan-combos-de-salchichas-y-panes-para-san-juan\/#primaryimage"},"image":{"@id":"https:\/\/www.eldiario.net\/portal\/2023\/06\/21\/empresas-presentan-combos-de-salchichas-y-panes-para-san-juan\/#primaryimage"},"thumbnailUrl":"https:\/\/www.eldiario.net\/portal\/wp-content\/uploads\/2023\/06\/salchis.jpg","datePublished":"2023-06-21T09:55:28+00:00","breadcrumb":{"@id":"https:\/\/www.eldiario.net\/portal\/2023\/06\/21\/empresas-presentan-combos-de-salchichas-y-panes-para-san-juan\/#breadcrumb"},"inLanguage":"es","potentialAction":[{"@type":"ReadAction","target":["https:\/\/www.eldiario.net\/portal\/2023\/06\/21\/empresas-presentan-combos-de-salchichas-y-panes-para-san-juan\/"]}]},{"@type":"ImageObject","inLanguage":"es","@id":"https:\/\/www.eldiario.net\/portal\/2023\/06\/21\/empresas-presentan-combos-de-salchichas-y-panes-para-san-juan\/#primaryimage","url":"https:\/\/www.eldiario.net\/portal\/wp-content\/uploads\/2023\/06\/salchis.jpg","contentUrl":"https:\/\/www.eldiario.net\/portal\/wp-content\/uploads\/2023\/06\/salchis.jpg","width":1600,"height":1200,"caption":"Responsable del Senasag La Paz, en la presentaci\u00f3n de los productos autorizados y el trabajo que se realiza para garantizar la salud de la poblaci\u00f3n."},{"@type":"BreadcrumbList","@id":"https:\/\/www.eldiario.net\/portal\/2023\/06\/21\/empresas-presentan-combos-de-salchichas-y-panes-para-san-juan\/#breadcrumb","itemListElement":[{"@type":"ListItem","position":1,"name":"Portada","item":"https:\/\/www.eldiario.net\/portal\/"},{"@type":"ListItem","position":2,"name":"Empresas presentan combos de salchichas y panes para San Juan"}]},{"@type":"WebSite","@id":"https:\/\/www.eldiario.net\/portal\/#website","url":"https:\/\/www.eldiario.net\/portal\/","name":"El Diario - Decano de la prensa nacional","description":"El Diario - Decano de la prensa nacional","publisher":{"@id":"https:\/\/www.eldiario.net\/portal\/#organization"},"potentialAction":[{"@type":"SearchAction","target":{"@type":"EntryPoint","urlTemplate":"https:\/\/www.eldiario.net\/portal\/?s={search_term_string}"},"query-input":{"@type":"PropertyValueSpecification","valueRequired":true,"valueName":"search_term_string"}}],"inLanguage":"es"},{"@type":"Organization","@id":"https:\/\/www.eldiario.net\/portal\/#organization","name":"El Diario - Decano de la prensa nacional","url":"https:\/\/www.eldiario.net\/portal\/","logo":{"@type":"ImageObject","inLanguage":"es","@id":"https:\/\/www.eldiario.net\/portal\/#\/schema\/logo\/image\/","url":"https:\/\/www.eldiario.net\/portal\/wp-content\/uploads\/2023\/07\/logo_ED.jpg","contentUrl":"https:\/\/www.eldiario.net\/portal\/wp-content\/uploads\/2023\/07\/logo_ED.jpg","width":272,"height":52,"caption":"El Diario - Decano de la prensa nacional"},"image":{"@id":"https:\/\/www.eldiario.net\/portal\/#\/schema\/logo\/image\/"},"sameAs":["https:\/\/www.facebook.com\/eldiario.bolivia\/","https:\/\/x.com\/eldiario_net"]},{"@type":"Person","@id":"https:\/\/www.eldiario.net\/portal\/#\/schema\/person\/f46445640444750d7d753ccd04ae01b7","name":"Jeanette","image":{"@type":"ImageObject","inLanguage":"es","@id":"https:\/\/secure.gravatar.com\/avatar\/3ea2118a5f7dad2b7138b1187a6b7ee55f160b9968b66013c3a3ef39dd7e5798?s=96&d=mm&r=g","url":"https:\/\/secure.gravatar.com\/avatar\/3ea2118a5f7dad2b7138b1187a6b7ee55f160b9968b66013c3a3ef39dd7e5798?s=96&d=mm&r=g","contentUrl":"https:\/\/secure.gravatar.com\/avatar\/3ea2118a5f7dad2b7138b1187a6b7ee55f160b9968b66013c3a3ef39dd7e5798?s=96&d=mm&r=g","caption":"Jeanette"},"sameAs":["https:\/\/www.eldiario.net\/portal"],"url":"https:\/\/www.eldiario.net\/portal\/author\/jeanette\/"}]}},"_links":{"self":[{"href":"https:\/\/www.eldiario.net\/portal\/wp-json\/wp\/v2\/posts\/161073","targetHints":{"allow":["GET"]}}],"collection":[{"href":"https:\/\/www.eldiario.net\/portal\/wp-json\/wp\/v2\/posts"}],"about":[{"href":"https:\/\/www.eldiario.net\/portal\/wp-json\/wp\/v2\/types\/post"}],"author":[{"embeddable":true,"href":"https:\/\/www.eldiario.net\/portal\/wp-json\/wp\/v2\/users\/1"}],"replies":[{"embeddable":true,"href":"https:\/\/www.eldiario.net\/portal\/wp-json\/wp\/v2\/comments?post=161073"}],"version-history":[{"count":0,"href":"https:\/\/www.eldiario.net\/portal\/wp-json\/wp\/v2\/posts\/161073\/revisions"}],"wp:featuredmedia":[{"embeddable":true,"href":"https:\/\/www.eldiario.net\/portal\/wp-json\/wp\/v2\/media\/161074"}],"wp:attachment":[{"href":"https:\/\/www.eldiario.net\/portal\/wp-json\/wp\/v2\/media?parent=161073"}],"wp:term":[{"taxonomy":"category","embeddable":true,"href":"https:\/\/www.eldiario.net\/portal\/wp-json\/wp\/v2\/categories?post=161073"},{"taxonomy":"post_tag","embeddable":true,"href":"https:\/\/www.eldiario.net\/portal\/wp-json\/wp\/v2\/tags?post=161073"}],"curies":[{"name":"wp","href":"https:\/\/api.w.org\/{rel}","templated":true}]}}