{"id":161070,"date":"2023-06-21T05:54:09","date_gmt":"2023-06-21T09:54:09","guid":{"rendered":"https:\/\/www.eldiario.net\/portal\/?p=161070"},"modified":"2023-06-21T05:54:09","modified_gmt":"2023-06-21T09:54:09","slug":"proponen-modelo-federal-para-que-santa-cruz-se-relacione-con-el-estado","status":"publish","type":"post","link":"https:\/\/www.eldiario.net\/portal\/2023\/06\/21\/proponen-modelo-federal-para-que-santa-cruz-se-relacione-con-el-estado\/","title":{"rendered":"Proponen modelo federal para que  Santa Cruz se relacione con el Estado"},"content":{"rendered":"<p>En el marco del Cuarto Foro \u201cLa relaci\u00f3n de Santa Cruz con el Estado boliviano\u201d, organizado por el Comit\u00e9 pro Santa Cruz, el gobernador Luis Fernando Camacho, mediante carta, propuso el modelo federal como la opci\u00f3n pertinente para que el departamento se relacione con el Estado.<br \/>\nA trav\u00e9s de una carta que fue le\u00edda por el asesor de Gesti\u00f3n, Efra\u00edn Su\u00e1rez, el Gobernador recalc\u00f3 que existe una tarea hist\u00f3rica que se debe enfrentar desde los dos factores invulnerables que tienen los cruce\u00f1os; la capacidad de generar el propio desarrollo y la unidad de las instituciones y del pueblo.<br \/>\nCamacho enfatiz\u00f3 que se tiene que potenciar el Modelo Productivo Cruce\u00f1o porque es una fortaleza a diferencia del modelo centralista que agoniza.<br \/>\nEn lo que respecta a la uni\u00f3n, resalt\u00f3 que se debe dar continuidad a los mandatos de los cabildos y conservar la unidad para cumplir las tareas. A su vez, se\u00f1al\u00f3 que la \u00fanica grieta que puede ser utilizada por el centralismo es la desuni\u00f3n.<br \/>\n\u201cCreo que la revisi\u00f3n de las relaciones pol\u00edticas de nuestro departamento con el Estado centralista, no puede ser solamente un conjunto de propuestas t\u00e9cnicas escritas en un papel. Lo entiendo como un proceso de seguir varias fases, en la medida en que una serie de pasos de acumulaci\u00f3n de fuerzas nos llevar\u00e1 hasta lograr el objetivo final\u201d, indic\u00f3 Camacho.<br \/>\nLa primera autoridad del departamento sugiri\u00f3 priorizar la elaboraci\u00f3n de una propuesta de pacto fiscal y consensuarlo con las dem\u00e1s regiones.<br \/>\nAl concluir, Camacho rememor\u00f3 la lucha federal y present\u00f3 al federalismo como la opci\u00f3n para que en el pa\u00eds nazca una esperanza. (Santa Cruz, agencias).<\/p>\n","protected":false},"excerpt":{"rendered":"<p>En el marco del Cuarto Foro \u201cLa relaci\u00f3n de Santa Cruz con el Estado boliviano\u201d, organizado por el Comit\u00e9 pro Santa Cruz, el gobernador Luis Fernando Camacho, mediante carta, propuso el modelo federal como la opci\u00f3n pertinente para que el departamento se relacione con el Estado. A trav\u00e9s de una carta que fue le\u00edda por [&hellip;]<\/p>\n","protected":false},"author":1,"featured_media":161071,"comment_status":"closed","ping_status":"closed","sticky":false,"template":"","format":"standard","meta":{"_acf_changed":false,"footnotes":""},"categories":[12],"tags":[],"class_list":["post-161070","post","type-post","status-publish","format-standard","has-post-thumbnail","category-nacional"],"acf":{"antetitulo":""},"yoast_head":"<!-- This site is optimized with the Yoast SEO plugin v28.3 - https:\/\/yoast.com\/product\/yoast-seo-wordpress\/ -->\n<title>Proponen modelo federal para que Santa Cruz se relacione con el Estado - El Diario - Bolivia<\/title>\n<meta name=\"robots\" content=\"index, follow, max-snippet:-1, max-image-preview:large, max-video-preview:-1\" \/>\n<link rel=\"canonical\" href=\"https:\/\/www.eldiario.net\/portal\/2023\/06\/21\/proponen-modelo-federal-para-que-santa-cruz-se-relacione-con-el-estado\/\" \/>\n<meta property=\"og:locale\" content=\"es_ES\" \/>\n<meta property=\"og:type\" content=\"article\" \/>\n<meta property=\"og:title\" content=\"Proponen modelo federal para que Santa Cruz se relacione con el Estado - El Diario - Bolivia\" \/>\n<meta property=\"og:description\" content=\"En el marco del Cuarto Foro \u201cLa relaci\u00f3n de Santa Cruz con el Estado boliviano\u201d, organizado por el Comit\u00e9 pro Santa Cruz, el gobernador Luis Fernando Camacho, mediante carta, propuso el modelo federal como la opci\u00f3n pertinente para que el departamento se relacione con el Estado. A trav\u00e9s de una carta que fue le\u00edda por [&hellip;]\" \/>\n<meta property=\"og:url\" content=\"https:\/\/www.eldiario.net\/portal\/2023\/06\/21\/proponen-modelo-federal-para-que-santa-cruz-se-relacione-con-el-estado\/\" \/>\n<meta property=\"og:site_name\" content=\"El Diario - Bolivia\" \/>\n<meta property=\"article:publisher\" content=\"https:\/\/www.facebook.com\/eldiario.bolivia\/\" \/>\n<meta property=\"article:published_time\" content=\"2023-06-21T09:54:09+00:00\" \/>\n<meta property=\"og:image\" content=\"https:\/\/www.eldiario.net\/portal\/wp-content\/uploads\/2023\/06\/10-NAL-COLOR.jpeg\" \/>\n\t<meta property=\"og:image:width\" content=\"1600\" \/>\n\t<meta property=\"og:image:height\" content=\"1066\" \/>\n\t<meta property=\"og:image:type\" content=\"image\/jpeg\" \/>\n<meta name=\"author\" content=\"Jeanette\" \/>\n<meta name=\"twitter:card\" content=\"summary_large_image\" \/>\n<meta name=\"twitter:creator\" content=\"@eldiario_net\" \/>\n<meta name=\"twitter:site\" content=\"@eldiario_net\" \/>\n<meta name=\"twitter:label1\" content=\"Escrito por\" \/>\n\t<meta name=\"twitter:data1\" content=\"Jeanette\" \/>\n\t<meta name=\"twitter:label2\" content=\"Tiempo de lectura\" \/>\n\t<meta name=\"twitter:data2\" content=\"2 minutos\" \/>\n<script type=\"application\/ld+json\" class=\"yoast-schema-graph\">{\"@context\":\"https:\\\/\\\/schema.org\",\"@graph\":[{\"@type\":\"Article\",\"@id\":\"https:\\\/\\\/www.eldiario.net\\\/portal\\\/2023\\\/06\\\/21\\\/proponen-modelo-federal-para-que-santa-cruz-se-relacione-con-el-estado\\\/#article\",\"isPartOf\":{\"@id\":\"https:\\\/\\\/www.eldiario.net\\\/portal\\\/2023\\\/06\\\/21\\\/proponen-modelo-federal-para-que-santa-cruz-se-relacione-con-el-estado\\\/\"},\"author\":{\"name\":\"Jeanette\",\"@id\":\"https:\\\/\\\/www.eldiario.net\\\/portal\\\/#\\\/schema\\\/person\\\/f46445640444750d7d753ccd04ae01b7\"},\"headline\":\"Proponen modelo federal para que Santa Cruz se relacione con el Estado\",\"datePublished\":\"2023-06-21T09:54:09+00:00\",\"mainEntityOfPage\":{\"@id\":\"https:\\\/\\\/www.eldiario.net\\\/portal\\\/2023\\\/06\\\/21\\\/proponen-modelo-federal-para-que-santa-cruz-se-relacione-con-el-estado\\\/\"},\"wordCount\":303,\"publisher\":{\"@id\":\"https:\\\/\\\/www.eldiario.net\\\/portal\\\/#organization\"},\"image\":{\"@id\":\"https:\\\/\\\/www.eldiario.net\\\/portal\\\/2023\\\/06\\\/21\\\/proponen-modelo-federal-para-que-santa-cruz-se-relacione-con-el-estado\\\/#primaryimage\"},\"thumbnailUrl\":\"https:\\\/\\\/www.eldiario.net\\\/portal\\\/wp-content\\\/uploads\\\/2023\\\/06\\\/10-NAL-COLOR.jpeg\",\"articleSection\":[\"Nacional\"],\"inLanguage\":\"es\"},{\"@type\":\"WebPage\",\"@id\":\"https:\\\/\\\/www.eldiario.net\\\/portal\\\/2023\\\/06\\\/21\\\/proponen-modelo-federal-para-que-santa-cruz-se-relacione-con-el-estado\\\/\",\"url\":\"https:\\\/\\\/www.eldiario.net\\\/portal\\\/2023\\\/06\\\/21\\\/proponen-modelo-federal-para-que-santa-cruz-se-relacione-con-el-estado\\\/\",\"name\":\"Proponen modelo federal para que Santa Cruz se relacione con el Estado - El Diario - Bolivia\",\"isPartOf\":{\"@id\":\"https:\\\/\\\/www.eldiario.net\\\/portal\\\/#website\"},\"primaryImageOfPage\":{\"@id\":\"https:\\\/\\\/www.eldiario.net\\\/portal\\\/2023\\\/06\\\/21\\\/proponen-modelo-federal-para-que-santa-cruz-se-relacione-con-el-estado\\\/#primaryimage\"},\"image\":{\"@id\":\"https:\\\/\\\/www.eldiario.net\\\/portal\\\/2023\\\/06\\\/21\\\/proponen-modelo-federal-para-que-santa-cruz-se-relacione-con-el-estado\\\/#primaryimage\"},\"thumbnailUrl\":\"https:\\\/\\\/www.eldiario.net\\\/portal\\\/wp-content\\\/uploads\\\/2023\\\/06\\\/10-NAL-COLOR.jpeg\",\"datePublished\":\"2023-06-21T09:54:09+00:00\",\"breadcrumb\":{\"@id\":\"https:\\\/\\\/www.eldiario.net\\\/portal\\\/2023\\\/06\\\/21\\\/proponen-modelo-federal-para-que-santa-cruz-se-relacione-con-el-estado\\\/#breadcrumb\"},\"inLanguage\":\"es\",\"potentialAction\":[{\"@type\":\"ReadAction\",\"target\":[\"https:\\\/\\\/www.eldiario.net\\\/portal\\\/2023\\\/06\\\/21\\\/proponen-modelo-federal-para-que-santa-cruz-se-relacione-con-el-estado\\\/\"]}]},{\"@type\":\"ImageObject\",\"inLanguage\":\"es\",\"@id\":\"https:\\\/\\\/www.eldiario.net\\\/portal\\\/2023\\\/06\\\/21\\\/proponen-modelo-federal-para-que-santa-cruz-se-relacione-con-el-estado\\\/#primaryimage\",\"url\":\"https:\\\/\\\/www.eldiario.net\\\/portal\\\/wp-content\\\/uploads\\\/2023\\\/06\\\/10-NAL-COLOR.jpeg\",\"contentUrl\":\"https:\\\/\\\/www.eldiario.net\\\/portal\\\/wp-content\\\/uploads\\\/2023\\\/06\\\/10-NAL-COLOR.jpeg\",\"width\":1600,\"height\":1066,\"caption\":\"REUNI\u00d3N DEL COMIT\u00c9 PRO SANTA CRUZ.\"},{\"@type\":\"BreadcrumbList\",\"@id\":\"https:\\\/\\\/www.eldiario.net\\\/portal\\\/2023\\\/06\\\/21\\\/proponen-modelo-federal-para-que-santa-cruz-se-relacione-con-el-estado\\\/#breadcrumb\",\"itemListElement\":[{\"@type\":\"ListItem\",\"position\":1,\"name\":\"Portada\",\"item\":\"https:\\\/\\\/www.eldiario.net\\\/portal\\\/\"},{\"@type\":\"ListItem\",\"position\":2,\"name\":\"Proponen modelo federal para que Santa Cruz se relacione con el Estado\"}]},{\"@type\":\"WebSite\",\"@id\":\"https:\\\/\\\/www.eldiario.net\\\/portal\\\/#website\",\"url\":\"https:\\\/\\\/www.eldiario.net\\\/portal\\\/\",\"name\":\"El Diario - Decano de la prensa nacional\",\"description\":\"El Diario - Decano de la prensa nacional\",\"publisher\":{\"@id\":\"https:\\\/\\\/www.eldiario.net\\\/portal\\\/#organization\"},\"potentialAction\":[{\"@type\":\"SearchAction\",\"target\":{\"@type\":\"EntryPoint\",\"urlTemplate\":\"https:\\\/\\\/www.eldiario.net\\\/portal\\\/?s={search_term_string}\"},\"query-input\":{\"@type\":\"PropertyValueSpecification\",\"valueRequired\":true,\"valueName\":\"search_term_string\"}}],\"inLanguage\":\"es\"},{\"@type\":\"Organization\",\"@id\":\"https:\\\/\\\/www.eldiario.net\\\/portal\\\/#organization\",\"name\":\"El Diario - Decano de la prensa nacional\",\"url\":\"https:\\\/\\\/www.eldiario.net\\\/portal\\\/\",\"logo\":{\"@type\":\"ImageObject\",\"inLanguage\":\"es\",\"@id\":\"https:\\\/\\\/www.eldiario.net\\\/portal\\\/#\\\/schema\\\/logo\\\/image\\\/\",\"url\":\"https:\\\/\\\/www.eldiario.net\\\/portal\\\/wp-content\\\/uploads\\\/2023\\\/07\\\/logo_ED.jpg\",\"contentUrl\":\"https:\\\/\\\/www.eldiario.net\\\/portal\\\/wp-content\\\/uploads\\\/2023\\\/07\\\/logo_ED.jpg\",\"width\":272,\"height\":52,\"caption\":\"El Diario - Decano de la prensa nacional\"},\"image\":{\"@id\":\"https:\\\/\\\/www.eldiario.net\\\/portal\\\/#\\\/schema\\\/logo\\\/image\\\/\"},\"sameAs\":[\"https:\\\/\\\/www.facebook.com\\\/eldiario.bolivia\\\/\",\"https:\\\/\\\/x.com\\\/eldiario_net\"]},{\"@type\":\"Person\",\"@id\":\"https:\\\/\\\/www.eldiario.net\\\/portal\\\/#\\\/schema\\\/person\\\/f46445640444750d7d753ccd04ae01b7\",\"name\":\"Jeanette\",\"image\":{\"@type\":\"ImageObject\",\"inLanguage\":\"es\",\"@id\":\"https:\\\/\\\/secure.gravatar.com\\\/avatar\\\/3ea2118a5f7dad2b7138b1187a6b7ee55f160b9968b66013c3a3ef39dd7e5798?s=96&d=mm&r=g\",\"url\":\"https:\\\/\\\/secure.gravatar.com\\\/avatar\\\/3ea2118a5f7dad2b7138b1187a6b7ee55f160b9968b66013c3a3ef39dd7e5798?s=96&d=mm&r=g\",\"contentUrl\":\"https:\\\/\\\/secure.gravatar.com\\\/avatar\\\/3ea2118a5f7dad2b7138b1187a6b7ee55f160b9968b66013c3a3ef39dd7e5798?s=96&d=mm&r=g\",\"caption\":\"Jeanette\"},\"sameAs\":[\"https:\\\/\\\/www.eldiario.net\\\/portal\"],\"url\":\"https:\\\/\\\/www.eldiario.net\\\/portal\\\/author\\\/jeanette\\\/\"}]}<\/script>\n<!-- \/ Yoast SEO plugin. -->","yoast_head_json":{"title":"Proponen modelo federal para que Santa Cruz se relacione con el Estado - El Diario - Bolivia","robots":{"index":"index","follow":"follow","max-snippet":"max-snippet:-1","max-image-preview":"max-image-preview:large","max-video-preview":"max-video-preview:-1"},"canonical":"https:\/\/www.eldiario.net\/portal\/2023\/06\/21\/proponen-modelo-federal-para-que-santa-cruz-se-relacione-con-el-estado\/","og_locale":"es_ES","og_type":"article","og_title":"Proponen modelo federal para que Santa Cruz se relacione con el Estado - El Diario - Bolivia","og_description":"En el marco del Cuarto Foro \u201cLa relaci\u00f3n de Santa Cruz con el Estado boliviano\u201d, organizado por el Comit\u00e9 pro Santa Cruz, el gobernador Luis Fernando Camacho, mediante carta, propuso el modelo federal como la opci\u00f3n pertinente para que el departamento se relacione con el Estado. A trav\u00e9s de una carta que fue le\u00edda por [&hellip;]","og_url":"https:\/\/www.eldiario.net\/portal\/2023\/06\/21\/proponen-modelo-federal-para-que-santa-cruz-se-relacione-con-el-estado\/","og_site_name":"El Diario - Bolivia","article_publisher":"https:\/\/www.facebook.com\/eldiario.bolivia\/","article_published_time":"2023-06-21T09:54:09+00:00","og_image":[{"width":1600,"height":1066,"url":"https:\/\/www.eldiario.net\/portal\/wp-content\/uploads\/2023\/06\/10-NAL-COLOR.jpeg","type":"image\/jpeg"}],"author":"Jeanette","twitter_card":"summary_large_image","twitter_creator":"@eldiario_net","twitter_site":"@eldiario_net","twitter_misc":{"Escrito por":"Jeanette","Tiempo de lectura":"2 minutos"},"schema":{"@context":"https:\/\/schema.org","@graph":[{"@type":"Article","@id":"https:\/\/www.eldiario.net\/portal\/2023\/06\/21\/proponen-modelo-federal-para-que-santa-cruz-se-relacione-con-el-estado\/#article","isPartOf":{"@id":"https:\/\/www.eldiario.net\/portal\/2023\/06\/21\/proponen-modelo-federal-para-que-santa-cruz-se-relacione-con-el-estado\/"},"author":{"name":"Jeanette","@id":"https:\/\/www.eldiario.net\/portal\/#\/schema\/person\/f46445640444750d7d753ccd04ae01b7"},"headline":"Proponen modelo federal para que Santa Cruz se relacione con el Estado","datePublished":"2023-06-21T09:54:09+00:00","mainEntityOfPage":{"@id":"https:\/\/www.eldiario.net\/portal\/2023\/06\/21\/proponen-modelo-federal-para-que-santa-cruz-se-relacione-con-el-estado\/"},"wordCount":303,"publisher":{"@id":"https:\/\/www.eldiario.net\/portal\/#organization"},"image":{"@id":"https:\/\/www.eldiario.net\/portal\/2023\/06\/21\/proponen-modelo-federal-para-que-santa-cruz-se-relacione-con-el-estado\/#primaryimage"},"thumbnailUrl":"https:\/\/www.eldiario.net\/portal\/wp-content\/uploads\/2023\/06\/10-NAL-COLOR.jpeg","articleSection":["Nacional"],"inLanguage":"es"},{"@type":"WebPage","@id":"https:\/\/www.eldiario.net\/portal\/2023\/06\/21\/proponen-modelo-federal-para-que-santa-cruz-se-relacione-con-el-estado\/","url":"https:\/\/www.eldiario.net\/portal\/2023\/06\/21\/proponen-modelo-federal-para-que-santa-cruz-se-relacione-con-el-estado\/","name":"Proponen modelo federal para que Santa Cruz se relacione con el Estado - El Diario - Bolivia","isPartOf":{"@id":"https:\/\/www.eldiario.net\/portal\/#website"},"primaryImageOfPage":{"@id":"https:\/\/www.eldiario.net\/portal\/2023\/06\/21\/proponen-modelo-federal-para-que-santa-cruz-se-relacione-con-el-estado\/#primaryimage"},"image":{"@id":"https:\/\/www.eldiario.net\/portal\/2023\/06\/21\/proponen-modelo-federal-para-que-santa-cruz-se-relacione-con-el-estado\/#primaryimage"},"thumbnailUrl":"https:\/\/www.eldiario.net\/portal\/wp-content\/uploads\/2023\/06\/10-NAL-COLOR.jpeg","datePublished":"2023-06-21T09:54:09+00:00","breadcrumb":{"@id":"https:\/\/www.eldiario.net\/portal\/2023\/06\/21\/proponen-modelo-federal-para-que-santa-cruz-se-relacione-con-el-estado\/#breadcrumb"},"inLanguage":"es","potentialAction":[{"@type":"ReadAction","target":["https:\/\/www.eldiario.net\/portal\/2023\/06\/21\/proponen-modelo-federal-para-que-santa-cruz-se-relacione-con-el-estado\/"]}]},{"@type":"ImageObject","inLanguage":"es","@id":"https:\/\/www.eldiario.net\/portal\/2023\/06\/21\/proponen-modelo-federal-para-que-santa-cruz-se-relacione-con-el-estado\/#primaryimage","url":"https:\/\/www.eldiario.net\/portal\/wp-content\/uploads\/2023\/06\/10-NAL-COLOR.jpeg","contentUrl":"https:\/\/www.eldiario.net\/portal\/wp-content\/uploads\/2023\/06\/10-NAL-COLOR.jpeg","width":1600,"height":1066,"caption":"REUNI\u00d3N DEL COMIT\u00c9 PRO SANTA CRUZ."},{"@type":"BreadcrumbList","@id":"https:\/\/www.eldiario.net\/portal\/2023\/06\/21\/proponen-modelo-federal-para-que-santa-cruz-se-relacione-con-el-estado\/#breadcrumb","itemListElement":[{"@type":"ListItem","position":1,"name":"Portada","item":"https:\/\/www.eldiario.net\/portal\/"},{"@type":"ListItem","position":2,"name":"Proponen modelo federal para que Santa Cruz se relacione con el Estado"}]},{"@type":"WebSite","@id":"https:\/\/www.eldiario.net\/portal\/#website","url":"https:\/\/www.eldiario.net\/portal\/","name":"El Diario - Decano de la prensa nacional","description":"El Diario - Decano de la prensa nacional","publisher":{"@id":"https:\/\/www.eldiario.net\/portal\/#organization"},"potentialAction":[{"@type":"SearchAction","target":{"@type":"EntryPoint","urlTemplate":"https:\/\/www.eldiario.net\/portal\/?s={search_term_string}"},"query-input":{"@type":"PropertyValueSpecification","valueRequired":true,"valueName":"search_term_string"}}],"inLanguage":"es"},{"@type":"Organization","@id":"https:\/\/www.eldiario.net\/portal\/#organization","name":"El Diario - Decano de la prensa nacional","url":"https:\/\/www.eldiario.net\/portal\/","logo":{"@type":"ImageObject","inLanguage":"es","@id":"https:\/\/www.eldiario.net\/portal\/#\/schema\/logo\/image\/","url":"https:\/\/www.eldiario.net\/portal\/wp-content\/uploads\/2023\/07\/logo_ED.jpg","contentUrl":"https:\/\/www.eldiario.net\/portal\/wp-content\/uploads\/2023\/07\/logo_ED.jpg","width":272,"height":52,"caption":"El Diario - Decano de la prensa nacional"},"image":{"@id":"https:\/\/www.eldiario.net\/portal\/#\/schema\/logo\/image\/"},"sameAs":["https:\/\/www.facebook.com\/eldiario.bolivia\/","https:\/\/x.com\/eldiario_net"]},{"@type":"Person","@id":"https:\/\/www.eldiario.net\/portal\/#\/schema\/person\/f46445640444750d7d753ccd04ae01b7","name":"Jeanette","image":{"@type":"ImageObject","inLanguage":"es","@id":"https:\/\/secure.gravatar.com\/avatar\/3ea2118a5f7dad2b7138b1187a6b7ee55f160b9968b66013c3a3ef39dd7e5798?s=96&d=mm&r=g","url":"https:\/\/secure.gravatar.com\/avatar\/3ea2118a5f7dad2b7138b1187a6b7ee55f160b9968b66013c3a3ef39dd7e5798?s=96&d=mm&r=g","contentUrl":"https:\/\/secure.gravatar.com\/avatar\/3ea2118a5f7dad2b7138b1187a6b7ee55f160b9968b66013c3a3ef39dd7e5798?s=96&d=mm&r=g","caption":"Jeanette"},"sameAs":["https:\/\/www.eldiario.net\/portal"],"url":"https:\/\/www.eldiario.net\/portal\/author\/jeanette\/"}]}},"_links":{"self":[{"href":"https:\/\/www.eldiario.net\/portal\/wp-json\/wp\/v2\/posts\/161070","targetHints":{"allow":["GET"]}}],"collection":[{"href":"https:\/\/www.eldiario.net\/portal\/wp-json\/wp\/v2\/posts"}],"about":[{"href":"https:\/\/www.eldiario.net\/portal\/wp-json\/wp\/v2\/types\/post"}],"author":[{"embeddable":true,"href":"https:\/\/www.eldiario.net\/portal\/wp-json\/wp\/v2\/users\/1"}],"replies":[{"embeddable":true,"href":"https:\/\/www.eldiario.net\/portal\/wp-json\/wp\/v2\/comments?post=161070"}],"version-history":[{"count":0,"href":"https:\/\/www.eldiario.net\/portal\/wp-json\/wp\/v2\/posts\/161070\/revisions"}],"wp:featuredmedia":[{"embeddable":true,"href":"https:\/\/www.eldiario.net\/portal\/wp-json\/wp\/v2\/media\/161071"}],"wp:attachment":[{"href":"https:\/\/www.eldiario.net\/portal\/wp-json\/wp\/v2\/media?parent=161070"}],"wp:term":[{"taxonomy":"category","embeddable":true,"href":"https:\/\/www.eldiario.net\/portal\/wp-json\/wp\/v2\/categories?post=161070"},{"taxonomy":"post_tag","embeddable":true,"href":"https:\/\/www.eldiario.net\/portal\/wp-json\/wp\/v2\/tags?post=161070"}],"curies":[{"name":"wp","href":"https:\/\/api.w.org\/{rel}","templated":true}]}}