{"id":161066,"date":"2023-06-21T05:52:36","date_gmt":"2023-06-21T09:52:36","guid":{"rendered":"https:\/\/www.eldiario.net\/portal\/?p=161066"},"modified":"2023-06-21T05:52:36","modified_gmt":"2023-06-21T09:52:36","slug":"premian-a-ganadores-de-la-entrada-folklorica-estudiantil-de-trinidad","status":"publish","type":"post","link":"https:\/\/www.eldiario.net\/portal\/2023\/06\/21\/premian-a-ganadores-de-la-entrada-folklorica-estudiantil-de-trinidad\/","title":{"rendered":"Premian a ganadores de la Entrada  Folkl\u00f3rica Estudiantil de Trinidad"},"content":{"rendered":"<p>Las unidades educativas que lograron el primer lugar en sus respectivas categor\u00edas en la Entrada Folkl\u00f3rica Estudiantil recibieron sus respectivos premios en efectivo, en acto realizado en el sal\u00f3n Jos\u00e9 Natusch de la Alcald\u00eda trinitaria.<br \/>\nLa Unidad Educativa \u201c2 de Agosto\u201d de la Comunidad Ibiato gan\u00f3 el primer lugar en la Categor\u00eda Danzas Aut\u00f3ctonas, en la Entrada Folkl\u00f3rica Estudiantil de Trinidad, con la danza \u00abEl Sirion\u00f3\u00bb.<br \/>\nEl colegio R\u00f3mulo Su\u00e1rez, de la Comunidad Loma Su\u00e1rez, gan\u00f3 el primer lugar en la Categor\u00eda Danzas Culturales, en la Entrada Folkl\u00f3rica Estudiantil de Trinidad, con la danza \u00abEl Machetero\u00bb.<br \/>\nEl establecimiento educativo Inmaculada gan\u00f3 el primer lugar en la categor\u00eda Danza Estilizada, en la Entrada Folkl\u00f3rica Estudiantil de Trinidad, con la danza \u00abAmazon\u00eda Oriental\u00bb.<br \/>\nUn total de 96 unidades educativas participaron en la Entrada Folkl\u00f3rica Estudiantil, entre fiscales, particulares, de convenio y de educaci\u00f3n alternativa. (Trinidad, Erbol).<\/p>\n","protected":false},"excerpt":{"rendered":"<p>Las unidades educativas que lograron el primer lugar en sus respectivas categor\u00edas en la Entrada Folkl\u00f3rica Estudiantil recibieron sus respectivos premios en efectivo, en acto realizado en el sal\u00f3n Jos\u00e9 Natusch de la Alcald\u00eda trinitaria. La Unidad Educativa \u201c2 de Agosto\u201d de la Comunidad Ibiato gan\u00f3 el primer lugar en la Categor\u00eda Danzas Aut\u00f3ctonas, en [&hellip;]<\/p>\n","protected":false},"author":1,"featured_media":0,"comment_status":"closed","ping_status":"closed","sticky":false,"template":"","format":"standard","meta":{"_acf_changed":false,"footnotes":""},"categories":[12],"tags":[],"class_list":["post-161066","post","type-post","status-publish","format-standard","category-nacional"],"acf":{"antetitulo":""},"yoast_head":"<!-- This site is optimized with the Yoast SEO plugin v28.3 - https:\/\/yoast.com\/product\/yoast-seo-wordpress\/ -->\n<title>Premian a ganadores de la Entrada Folkl\u00f3rica Estudiantil de Trinidad - El Diario - Bolivia<\/title>\n<meta name=\"robots\" content=\"index, follow, max-snippet:-1, max-image-preview:large, max-video-preview:-1\" \/>\n<link rel=\"canonical\" href=\"https:\/\/www.eldiario.net\/portal\/2023\/06\/21\/premian-a-ganadores-de-la-entrada-folklorica-estudiantil-de-trinidad\/\" \/>\n<meta property=\"og:locale\" content=\"es_ES\" \/>\n<meta property=\"og:type\" content=\"article\" \/>\n<meta property=\"og:title\" content=\"Premian a ganadores de la Entrada Folkl\u00f3rica Estudiantil de Trinidad - El Diario - Bolivia\" \/>\n<meta property=\"og:description\" content=\"Las unidades educativas que lograron el primer lugar en sus respectivas categor\u00edas en la Entrada Folkl\u00f3rica Estudiantil recibieron sus respectivos premios en efectivo, en acto realizado en el sal\u00f3n Jos\u00e9 Natusch de la Alcald\u00eda trinitaria. La Unidad Educativa \u201c2 de Agosto\u201d de la Comunidad Ibiato gan\u00f3 el primer lugar en la Categor\u00eda Danzas Aut\u00f3ctonas, en [&hellip;]\" \/>\n<meta property=\"og:url\" content=\"https:\/\/www.eldiario.net\/portal\/2023\/06\/21\/premian-a-ganadores-de-la-entrada-folklorica-estudiantil-de-trinidad\/\" \/>\n<meta property=\"og:site_name\" content=\"El Diario - Bolivia\" \/>\n<meta property=\"article:publisher\" content=\"https:\/\/www.facebook.com\/eldiario.bolivia\/\" \/>\n<meta property=\"article:published_time\" content=\"2023-06-21T09:52:36+00:00\" \/>\n<meta name=\"author\" content=\"Jeanette\" \/>\n<meta name=\"twitter:card\" content=\"summary_large_image\" \/>\n<meta name=\"twitter:creator\" content=\"@eldiario_net\" \/>\n<meta name=\"twitter:site\" content=\"@eldiario_net\" \/>\n<meta name=\"twitter:label1\" content=\"Escrito por\" \/>\n\t<meta name=\"twitter:data1\" content=\"Jeanette\" \/>\n\t<meta name=\"twitter:label2\" content=\"Tiempo de lectura\" \/>\n\t<meta name=\"twitter:data2\" content=\"1 minuto\" \/>\n<script type=\"application\/ld+json\" class=\"yoast-schema-graph\">{\"@context\":\"https:\\\/\\\/schema.org\",\"@graph\":[{\"@type\":\"Article\",\"@id\":\"https:\\\/\\\/www.eldiario.net\\\/portal\\\/2023\\\/06\\\/21\\\/premian-a-ganadores-de-la-entrada-folklorica-estudiantil-de-trinidad\\\/#article\",\"isPartOf\":{\"@id\":\"https:\\\/\\\/www.eldiario.net\\\/portal\\\/2023\\\/06\\\/21\\\/premian-a-ganadores-de-la-entrada-folklorica-estudiantil-de-trinidad\\\/\"},\"author\":{\"name\":\"Jeanette\",\"@id\":\"https:\\\/\\\/www.eldiario.net\\\/portal\\\/#\\\/schema\\\/person\\\/f46445640444750d7d753ccd04ae01b7\"},\"headline\":\"Premian a ganadores de la Entrada Folkl\u00f3rica Estudiantil de Trinidad\",\"datePublished\":\"2023-06-21T09:52:36+00:00\",\"mainEntityOfPage\":{\"@id\":\"https:\\\/\\\/www.eldiario.net\\\/portal\\\/2023\\\/06\\\/21\\\/premian-a-ganadores-de-la-entrada-folklorica-estudiantil-de-trinidad\\\/\"},\"wordCount\":170,\"publisher\":{\"@id\":\"https:\\\/\\\/www.eldiario.net\\\/portal\\\/#organization\"},\"articleSection\":[\"Nacional\"],\"inLanguage\":\"es\"},{\"@type\":\"WebPage\",\"@id\":\"https:\\\/\\\/www.eldiario.net\\\/portal\\\/2023\\\/06\\\/21\\\/premian-a-ganadores-de-la-entrada-folklorica-estudiantil-de-trinidad\\\/\",\"url\":\"https:\\\/\\\/www.eldiario.net\\\/portal\\\/2023\\\/06\\\/21\\\/premian-a-ganadores-de-la-entrada-folklorica-estudiantil-de-trinidad\\\/\",\"name\":\"Premian a ganadores de la Entrada Folkl\u00f3rica Estudiantil de Trinidad - El Diario - Bolivia\",\"isPartOf\":{\"@id\":\"https:\\\/\\\/www.eldiario.net\\\/portal\\\/#website\"},\"datePublished\":\"2023-06-21T09:52:36+00:00\",\"breadcrumb\":{\"@id\":\"https:\\\/\\\/www.eldiario.net\\\/portal\\\/2023\\\/06\\\/21\\\/premian-a-ganadores-de-la-entrada-folklorica-estudiantil-de-trinidad\\\/#breadcrumb\"},\"inLanguage\":\"es\",\"potentialAction\":[{\"@type\":\"ReadAction\",\"target\":[\"https:\\\/\\\/www.eldiario.net\\\/portal\\\/2023\\\/06\\\/21\\\/premian-a-ganadores-de-la-entrada-folklorica-estudiantil-de-trinidad\\\/\"]}]},{\"@type\":\"BreadcrumbList\",\"@id\":\"https:\\\/\\\/www.eldiario.net\\\/portal\\\/2023\\\/06\\\/21\\\/premian-a-ganadores-de-la-entrada-folklorica-estudiantil-de-trinidad\\\/#breadcrumb\",\"itemListElement\":[{\"@type\":\"ListItem\",\"position\":1,\"name\":\"Portada\",\"item\":\"https:\\\/\\\/www.eldiario.net\\\/portal\\\/\"},{\"@type\":\"ListItem\",\"position\":2,\"name\":\"Premian a ganadores de la Entrada Folkl\u00f3rica Estudiantil de Trinidad\"}]},{\"@type\":\"WebSite\",\"@id\":\"https:\\\/\\\/www.eldiario.net\\\/portal\\\/#website\",\"url\":\"https:\\\/\\\/www.eldiario.net\\\/portal\\\/\",\"name\":\"El Diario - Decano de la prensa nacional\",\"description\":\"El Diario - Decano de la prensa nacional\",\"publisher\":{\"@id\":\"https:\\\/\\\/www.eldiario.net\\\/portal\\\/#organization\"},\"potentialAction\":[{\"@type\":\"SearchAction\",\"target\":{\"@type\":\"EntryPoint\",\"urlTemplate\":\"https:\\\/\\\/www.eldiario.net\\\/portal\\\/?s={search_term_string}\"},\"query-input\":{\"@type\":\"PropertyValueSpecification\",\"valueRequired\":true,\"valueName\":\"search_term_string\"}}],\"inLanguage\":\"es\"},{\"@type\":\"Organization\",\"@id\":\"https:\\\/\\\/www.eldiario.net\\\/portal\\\/#organization\",\"name\":\"El Diario - Decano de la prensa nacional\",\"url\":\"https:\\\/\\\/www.eldiario.net\\\/portal\\\/\",\"logo\":{\"@type\":\"ImageObject\",\"inLanguage\":\"es\",\"@id\":\"https:\\\/\\\/www.eldiario.net\\\/portal\\\/#\\\/schema\\\/logo\\\/image\\\/\",\"url\":\"https:\\\/\\\/www.eldiario.net\\\/portal\\\/wp-content\\\/uploads\\\/2023\\\/07\\\/logo_ED.jpg\",\"contentUrl\":\"https:\\\/\\\/www.eldiario.net\\\/portal\\\/wp-content\\\/uploads\\\/2023\\\/07\\\/logo_ED.jpg\",\"width\":272,\"height\":52,\"caption\":\"El Diario - Decano de la prensa nacional\"},\"image\":{\"@id\":\"https:\\\/\\\/www.eldiario.net\\\/portal\\\/#\\\/schema\\\/logo\\\/image\\\/\"},\"sameAs\":[\"https:\\\/\\\/www.facebook.com\\\/eldiario.bolivia\\\/\",\"https:\\\/\\\/x.com\\\/eldiario_net\"]},{\"@type\":\"Person\",\"@id\":\"https:\\\/\\\/www.eldiario.net\\\/portal\\\/#\\\/schema\\\/person\\\/f46445640444750d7d753ccd04ae01b7\",\"name\":\"Jeanette\",\"image\":{\"@type\":\"ImageObject\",\"inLanguage\":\"es\",\"@id\":\"https:\\\/\\\/secure.gravatar.com\\\/avatar\\\/3ea2118a5f7dad2b7138b1187a6b7ee55f160b9968b66013c3a3ef39dd7e5798?s=96&d=mm&r=g\",\"url\":\"https:\\\/\\\/secure.gravatar.com\\\/avatar\\\/3ea2118a5f7dad2b7138b1187a6b7ee55f160b9968b66013c3a3ef39dd7e5798?s=96&d=mm&r=g\",\"contentUrl\":\"https:\\\/\\\/secure.gravatar.com\\\/avatar\\\/3ea2118a5f7dad2b7138b1187a6b7ee55f160b9968b66013c3a3ef39dd7e5798?s=96&d=mm&r=g\",\"caption\":\"Jeanette\"},\"sameAs\":[\"https:\\\/\\\/www.eldiario.net\\\/portal\"],\"url\":\"https:\\\/\\\/www.eldiario.net\\\/portal\\\/author\\\/jeanette\\\/\"}]}<\/script>\n<!-- \/ Yoast SEO plugin. -->","yoast_head_json":{"title":"Premian a ganadores de la Entrada Folkl\u00f3rica Estudiantil de Trinidad - El Diario - Bolivia","robots":{"index":"index","follow":"follow","max-snippet":"max-snippet:-1","max-image-preview":"max-image-preview:large","max-video-preview":"max-video-preview:-1"},"canonical":"https:\/\/www.eldiario.net\/portal\/2023\/06\/21\/premian-a-ganadores-de-la-entrada-folklorica-estudiantil-de-trinidad\/","og_locale":"es_ES","og_type":"article","og_title":"Premian a ganadores de la Entrada Folkl\u00f3rica Estudiantil de Trinidad - El Diario - Bolivia","og_description":"Las unidades educativas que lograron el primer lugar en sus respectivas categor\u00edas en la Entrada Folkl\u00f3rica Estudiantil recibieron sus respectivos premios en efectivo, en acto realizado en el sal\u00f3n Jos\u00e9 Natusch de la Alcald\u00eda trinitaria. La Unidad Educativa \u201c2 de Agosto\u201d de la Comunidad Ibiato gan\u00f3 el primer lugar en la Categor\u00eda Danzas Aut\u00f3ctonas, en [&hellip;]","og_url":"https:\/\/www.eldiario.net\/portal\/2023\/06\/21\/premian-a-ganadores-de-la-entrada-folklorica-estudiantil-de-trinidad\/","og_site_name":"El Diario - Bolivia","article_publisher":"https:\/\/www.facebook.com\/eldiario.bolivia\/","article_published_time":"2023-06-21T09:52:36+00:00","author":"Jeanette","twitter_card":"summary_large_image","twitter_creator":"@eldiario_net","twitter_site":"@eldiario_net","twitter_misc":{"Escrito por":"Jeanette","Tiempo de lectura":"1 minuto"},"schema":{"@context":"https:\/\/schema.org","@graph":[{"@type":"Article","@id":"https:\/\/www.eldiario.net\/portal\/2023\/06\/21\/premian-a-ganadores-de-la-entrada-folklorica-estudiantil-de-trinidad\/#article","isPartOf":{"@id":"https:\/\/www.eldiario.net\/portal\/2023\/06\/21\/premian-a-ganadores-de-la-entrada-folklorica-estudiantil-de-trinidad\/"},"author":{"name":"Jeanette","@id":"https:\/\/www.eldiario.net\/portal\/#\/schema\/person\/f46445640444750d7d753ccd04ae01b7"},"headline":"Premian a ganadores de la Entrada Folkl\u00f3rica Estudiantil de Trinidad","datePublished":"2023-06-21T09:52:36+00:00","mainEntityOfPage":{"@id":"https:\/\/www.eldiario.net\/portal\/2023\/06\/21\/premian-a-ganadores-de-la-entrada-folklorica-estudiantil-de-trinidad\/"},"wordCount":170,"publisher":{"@id":"https:\/\/www.eldiario.net\/portal\/#organization"},"articleSection":["Nacional"],"inLanguage":"es"},{"@type":"WebPage","@id":"https:\/\/www.eldiario.net\/portal\/2023\/06\/21\/premian-a-ganadores-de-la-entrada-folklorica-estudiantil-de-trinidad\/","url":"https:\/\/www.eldiario.net\/portal\/2023\/06\/21\/premian-a-ganadores-de-la-entrada-folklorica-estudiantil-de-trinidad\/","name":"Premian a ganadores de la Entrada Folkl\u00f3rica Estudiantil de Trinidad - El Diario - Bolivia","isPartOf":{"@id":"https:\/\/www.eldiario.net\/portal\/#website"},"datePublished":"2023-06-21T09:52:36+00:00","breadcrumb":{"@id":"https:\/\/www.eldiario.net\/portal\/2023\/06\/21\/premian-a-ganadores-de-la-entrada-folklorica-estudiantil-de-trinidad\/#breadcrumb"},"inLanguage":"es","potentialAction":[{"@type":"ReadAction","target":["https:\/\/www.eldiario.net\/portal\/2023\/06\/21\/premian-a-ganadores-de-la-entrada-folklorica-estudiantil-de-trinidad\/"]}]},{"@type":"BreadcrumbList","@id":"https:\/\/www.eldiario.net\/portal\/2023\/06\/21\/premian-a-ganadores-de-la-entrada-folklorica-estudiantil-de-trinidad\/#breadcrumb","itemListElement":[{"@type":"ListItem","position":1,"name":"Portada","item":"https:\/\/www.eldiario.net\/portal\/"},{"@type":"ListItem","position":2,"name":"Premian a ganadores de la Entrada Folkl\u00f3rica Estudiantil de Trinidad"}]},{"@type":"WebSite","@id":"https:\/\/www.eldiario.net\/portal\/#website","url":"https:\/\/www.eldiario.net\/portal\/","name":"El Diario - Decano de la prensa nacional","description":"El Diario - Decano de la prensa nacional","publisher":{"@id":"https:\/\/www.eldiario.net\/portal\/#organization"},"potentialAction":[{"@type":"SearchAction","target":{"@type":"EntryPoint","urlTemplate":"https:\/\/www.eldiario.net\/portal\/?s={search_term_string}"},"query-input":{"@type":"PropertyValueSpecification","valueRequired":true,"valueName":"search_term_string"}}],"inLanguage":"es"},{"@type":"Organization","@id":"https:\/\/www.eldiario.net\/portal\/#organization","name":"El Diario - Decano de la prensa nacional","url":"https:\/\/www.eldiario.net\/portal\/","logo":{"@type":"ImageObject","inLanguage":"es","@id":"https:\/\/www.eldiario.net\/portal\/#\/schema\/logo\/image\/","url":"https:\/\/www.eldiario.net\/portal\/wp-content\/uploads\/2023\/07\/logo_ED.jpg","contentUrl":"https:\/\/www.eldiario.net\/portal\/wp-content\/uploads\/2023\/07\/logo_ED.jpg","width":272,"height":52,"caption":"El Diario - Decano de la prensa nacional"},"image":{"@id":"https:\/\/www.eldiario.net\/portal\/#\/schema\/logo\/image\/"},"sameAs":["https:\/\/www.facebook.com\/eldiario.bolivia\/","https:\/\/x.com\/eldiario_net"]},{"@type":"Person","@id":"https:\/\/www.eldiario.net\/portal\/#\/schema\/person\/f46445640444750d7d753ccd04ae01b7","name":"Jeanette","image":{"@type":"ImageObject","inLanguage":"es","@id":"https:\/\/secure.gravatar.com\/avatar\/3ea2118a5f7dad2b7138b1187a6b7ee55f160b9968b66013c3a3ef39dd7e5798?s=96&d=mm&r=g","url":"https:\/\/secure.gravatar.com\/avatar\/3ea2118a5f7dad2b7138b1187a6b7ee55f160b9968b66013c3a3ef39dd7e5798?s=96&d=mm&r=g","contentUrl":"https:\/\/secure.gravatar.com\/avatar\/3ea2118a5f7dad2b7138b1187a6b7ee55f160b9968b66013c3a3ef39dd7e5798?s=96&d=mm&r=g","caption":"Jeanette"},"sameAs":["https:\/\/www.eldiario.net\/portal"],"url":"https:\/\/www.eldiario.net\/portal\/author\/jeanette\/"}]}},"_links":{"self":[{"href":"https:\/\/www.eldiario.net\/portal\/wp-json\/wp\/v2\/posts\/161066","targetHints":{"allow":["GET"]}}],"collection":[{"href":"https:\/\/www.eldiario.net\/portal\/wp-json\/wp\/v2\/posts"}],"about":[{"href":"https:\/\/www.eldiario.net\/portal\/wp-json\/wp\/v2\/types\/post"}],"author":[{"embeddable":true,"href":"https:\/\/www.eldiario.net\/portal\/wp-json\/wp\/v2\/users\/1"}],"replies":[{"embeddable":true,"href":"https:\/\/www.eldiario.net\/portal\/wp-json\/wp\/v2\/comments?post=161066"}],"version-history":[{"count":0,"href":"https:\/\/www.eldiario.net\/portal\/wp-json\/wp\/v2\/posts\/161066\/revisions"}],"wp:attachment":[{"href":"https:\/\/www.eldiario.net\/portal\/wp-json\/wp\/v2\/media?parent=161066"}],"wp:term":[{"taxonomy":"category","embeddable":true,"href":"https:\/\/www.eldiario.net\/portal\/wp-json\/wp\/v2\/categories?post=161066"},{"taxonomy":"post_tag","embeddable":true,"href":"https:\/\/www.eldiario.net\/portal\/wp-json\/wp\/v2\/tags?post=161066"}],"curies":[{"name":"wp","href":"https:\/\/api.w.org\/{rel}","templated":true}]}}