{"id":161064,"date":"2023-06-21T05:52:14","date_gmt":"2023-06-21T09:52:14","guid":{"rendered":"https:\/\/www.eldiario.net\/portal\/?p=161064"},"modified":"2023-06-21T05:52:14","modified_gmt":"2023-06-21T09:52:14","slug":"hospital-santa-barbara-enfrenta-situacion-critica","status":"publish","type":"post","link":"https:\/\/www.eldiario.net\/portal\/2023\/06\/21\/hospital-santa-barbara-enfrenta-situacion-critica\/","title":{"rendered":"Hospital Santa B\u00e1rbara enfrenta situaci\u00f3n cr\u00edtica"},"content":{"rendered":"<p>El hospital Santa B\u00e1rbara de Sucre enfrenta una situaci\u00f3n cr\u00edtica en lo que respecta a su equipamiento hospitalario. Las camas de terapia intensiva se encuentran completamente saturadas, sin espacio alguno disponible para recibir a nuevos pacientes, seg\u00fan advirti\u00f3 el presidente del Colegio M\u00e9dico de Chuquisaca, Franco Calvimontes.<br \/>\n\u201cTuvimos que suspender una cirug\u00eda debido a la falta de camas en terapia intensiva\u201d, manifest\u00f3 Calvimontes, poniendo de manifiesto la gravedad de la situaci\u00f3n. El pabell\u00f3n antiguo del hospital est\u00e1 completamente ocupado, sin posibilidad de albergar a m\u00e1s personas.<br \/>\nAunque se ha habilitado un nuevo pabell\u00f3n con ocho camas en el \u00e1rea covid-19, lamentablemente carece de personal m\u00e9dico y de enfermer\u00eda. Esta escasez de recursos humanos impide que el servicio pueda brindar atenci\u00f3n a los pacientes que lo necesitan. El problema se origina en la no renovaci\u00f3n de los contratos interministeriales, lo cual ha generado la falta de personal en esta \u00e1rea del hospital.<br \/>\nDurante la pandemia del coronavirus se cre\u00f3 un \u00e1rea dedicada a los pacientes con esta enfermedad. Sin embargo, actualmente esta \u00e1rea podr\u00eda ser utilizada para otros servicios, incluyendo el \u00e1rea cl\u00ednica, pero la escasez de personal impide su utilizaci\u00f3n adecuada.<br \/>\nRESONANCIA MAGN\u00c9TICA<br \/>\nOtro aspecto preocupante es la falta de equipos de diagn\u00f3stico m\u00e9dico en Sucre. La ciudad carece de un equipo de resonancia magn\u00e9tica y acceder a este servicio en el sector privado resulta prohibitivamente costoso. \u201cNos dejan sin resonancia magn\u00e9tica por dos a\u00f1os y sin personal encargado de programar el mantenimiento para evitar su deterioro\u201d, denunci\u00f3 Calvimontes.<br \/>\nTOM\u00d3GRAFO<br \/>\nComo resultado, los hospitales sucrenses se ven obligados a esperar meses e incluso a\u00f1os por repuestos debido a los da\u00f1os sufridos por los equipos. En el caso del tom\u00f3grafo p\u00fablico, la situaci\u00f3n es igualmente desalentadora, ya que se encuentra sin funcionamiento desde noviembre del a\u00f1o pasado, siendo el hospital Santa B\u00e1rbara el \u00fanico que cuenta con un equipo operativo. Esto evidencia la ineficiencia de las autoridades en la planificaci\u00f3n de un mantenimiento adecuado.<br \/>\nATENCI\u00d3N URGENTE<br \/>\nAnte esta grave situaci\u00f3n, es imperativo que las autoridades responsables tomen medidas urgentes para solucionar la escasez de camas de terapia intensiva y de personal m\u00e9dico en el hospital Santa B\u00e1rbara. Adem\u00e1s, se requiere una inversi\u00f3n en equipamiento m\u00e9dico para garantizar la atenci\u00f3n adecuada a los pacientes, tanto en t\u00e9rminos de diagn\u00f3stico como de tratamiento. La salud y el bienestar de la poblaci\u00f3n no pueden esperar m\u00e1s tiempo, dijo Calvimontes. (Sucre, Erbol).<\/p>\n","protected":false},"excerpt":{"rendered":"<p>El hospital Santa B\u00e1rbara de Sucre enfrenta una situaci\u00f3n cr\u00edtica en lo que respecta a su equipamiento hospitalario. Las camas de terapia intensiva se encuentran completamente saturadas, sin espacio alguno disponible para recibir a nuevos pacientes, seg\u00fan advirti\u00f3 el presidente del Colegio M\u00e9dico de Chuquisaca, Franco Calvimontes. \u201cTuvimos que suspender una cirug\u00eda debido a la [&hellip;]<\/p>\n","protected":false},"author":1,"featured_media":0,"comment_status":"closed","ping_status":"closed","sticky":false,"template":"","format":"standard","meta":{"_acf_changed":false,"footnotes":""},"categories":[12],"tags":[],"class_list":["post-161064","post","type-post","status-publish","format-standard","category-nacional"],"acf":{"antetitulo":""},"yoast_head":"<!-- This site is optimized with the Yoast SEO plugin v28.3 - https:\/\/yoast.com\/product\/yoast-seo-wordpress\/ -->\n<title>Hospital Santa B\u00e1rbara enfrenta situaci\u00f3n cr\u00edtica - El Diario - Bolivia<\/title>\n<meta name=\"robots\" content=\"index, follow, max-snippet:-1, max-image-preview:large, max-video-preview:-1\" \/>\n<link rel=\"canonical\" href=\"https:\/\/www.eldiario.net\/portal\/2023\/06\/21\/hospital-santa-barbara-enfrenta-situacion-critica\/\" \/>\n<meta property=\"og:locale\" content=\"es_ES\" \/>\n<meta property=\"og:type\" content=\"article\" \/>\n<meta property=\"og:title\" content=\"Hospital Santa B\u00e1rbara enfrenta situaci\u00f3n cr\u00edtica - El Diario - Bolivia\" \/>\n<meta property=\"og:description\" content=\"El hospital Santa B\u00e1rbara de Sucre enfrenta una situaci\u00f3n cr\u00edtica en lo que respecta a su equipamiento hospitalario. Las camas de terapia intensiva se encuentran completamente saturadas, sin espacio alguno disponible para recibir a nuevos pacientes, seg\u00fan advirti\u00f3 el presidente del Colegio M\u00e9dico de Chuquisaca, Franco Calvimontes. \u201cTuvimos que suspender una cirug\u00eda debido a la [&hellip;]\" \/>\n<meta property=\"og:url\" content=\"https:\/\/www.eldiario.net\/portal\/2023\/06\/21\/hospital-santa-barbara-enfrenta-situacion-critica\/\" \/>\n<meta property=\"og:site_name\" content=\"El Diario - Bolivia\" \/>\n<meta property=\"article:publisher\" content=\"https:\/\/www.facebook.com\/eldiario.bolivia\/\" \/>\n<meta property=\"article:published_time\" content=\"2023-06-21T09:52:14+00:00\" \/>\n<meta name=\"author\" content=\"Jeanette\" \/>\n<meta name=\"twitter:card\" content=\"summary_large_image\" \/>\n<meta name=\"twitter:creator\" content=\"@eldiario_net\" \/>\n<meta name=\"twitter:site\" content=\"@eldiario_net\" \/>\n<meta name=\"twitter:label1\" content=\"Escrito por\" \/>\n\t<meta name=\"twitter:data1\" content=\"Jeanette\" \/>\n\t<meta name=\"twitter:label2\" content=\"Tiempo de lectura\" \/>\n\t<meta name=\"twitter:data2\" content=\"2 minutos\" \/>\n<script type=\"application\/ld+json\" class=\"yoast-schema-graph\">{\"@context\":\"https:\\\/\\\/schema.org\",\"@graph\":[{\"@type\":\"Article\",\"@id\":\"https:\\\/\\\/www.eldiario.net\\\/portal\\\/2023\\\/06\\\/21\\\/hospital-santa-barbara-enfrenta-situacion-critica\\\/#article\",\"isPartOf\":{\"@id\":\"https:\\\/\\\/www.eldiario.net\\\/portal\\\/2023\\\/06\\\/21\\\/hospital-santa-barbara-enfrenta-situacion-critica\\\/\"},\"author\":{\"name\":\"Jeanette\",\"@id\":\"https:\\\/\\\/www.eldiario.net\\\/portal\\\/#\\\/schema\\\/person\\\/f46445640444750d7d753ccd04ae01b7\"},\"headline\":\"Hospital Santa B\u00e1rbara enfrenta situaci\u00f3n cr\u00edtica\",\"datePublished\":\"2023-06-21T09:52:14+00:00\",\"mainEntityOfPage\":{\"@id\":\"https:\\\/\\\/www.eldiario.net\\\/portal\\\/2023\\\/06\\\/21\\\/hospital-santa-barbara-enfrenta-situacion-critica\\\/\"},\"wordCount\":450,\"publisher\":{\"@id\":\"https:\\\/\\\/www.eldiario.net\\\/portal\\\/#organization\"},\"articleSection\":[\"Nacional\"],\"inLanguage\":\"es\"},{\"@type\":\"WebPage\",\"@id\":\"https:\\\/\\\/www.eldiario.net\\\/portal\\\/2023\\\/06\\\/21\\\/hospital-santa-barbara-enfrenta-situacion-critica\\\/\",\"url\":\"https:\\\/\\\/www.eldiario.net\\\/portal\\\/2023\\\/06\\\/21\\\/hospital-santa-barbara-enfrenta-situacion-critica\\\/\",\"name\":\"Hospital Santa B\u00e1rbara enfrenta situaci\u00f3n cr\u00edtica - El Diario - Bolivia\",\"isPartOf\":{\"@id\":\"https:\\\/\\\/www.eldiario.net\\\/portal\\\/#website\"},\"datePublished\":\"2023-06-21T09:52:14+00:00\",\"breadcrumb\":{\"@id\":\"https:\\\/\\\/www.eldiario.net\\\/portal\\\/2023\\\/06\\\/21\\\/hospital-santa-barbara-enfrenta-situacion-critica\\\/#breadcrumb\"},\"inLanguage\":\"es\",\"potentialAction\":[{\"@type\":\"ReadAction\",\"target\":[\"https:\\\/\\\/www.eldiario.net\\\/portal\\\/2023\\\/06\\\/21\\\/hospital-santa-barbara-enfrenta-situacion-critica\\\/\"]}]},{\"@type\":\"BreadcrumbList\",\"@id\":\"https:\\\/\\\/www.eldiario.net\\\/portal\\\/2023\\\/06\\\/21\\\/hospital-santa-barbara-enfrenta-situacion-critica\\\/#breadcrumb\",\"itemListElement\":[{\"@type\":\"ListItem\",\"position\":1,\"name\":\"Portada\",\"item\":\"https:\\\/\\\/www.eldiario.net\\\/portal\\\/\"},{\"@type\":\"ListItem\",\"position\":2,\"name\":\"Hospital Santa B\u00e1rbara enfrenta situaci\u00f3n cr\u00edtica\"}]},{\"@type\":\"WebSite\",\"@id\":\"https:\\\/\\\/www.eldiario.net\\\/portal\\\/#website\",\"url\":\"https:\\\/\\\/www.eldiario.net\\\/portal\\\/\",\"name\":\"El Diario - Decano de la prensa nacional\",\"description\":\"El Diario - Decano de la prensa nacional\",\"publisher\":{\"@id\":\"https:\\\/\\\/www.eldiario.net\\\/portal\\\/#organization\"},\"potentialAction\":[{\"@type\":\"SearchAction\",\"target\":{\"@type\":\"EntryPoint\",\"urlTemplate\":\"https:\\\/\\\/www.eldiario.net\\\/portal\\\/?s={search_term_string}\"},\"query-input\":{\"@type\":\"PropertyValueSpecification\",\"valueRequired\":true,\"valueName\":\"search_term_string\"}}],\"inLanguage\":\"es\"},{\"@type\":\"Organization\",\"@id\":\"https:\\\/\\\/www.eldiario.net\\\/portal\\\/#organization\",\"name\":\"El Diario - Decano de la prensa nacional\",\"url\":\"https:\\\/\\\/www.eldiario.net\\\/portal\\\/\",\"logo\":{\"@type\":\"ImageObject\",\"inLanguage\":\"es\",\"@id\":\"https:\\\/\\\/www.eldiario.net\\\/portal\\\/#\\\/schema\\\/logo\\\/image\\\/\",\"url\":\"https:\\\/\\\/www.eldiario.net\\\/portal\\\/wp-content\\\/uploads\\\/2023\\\/07\\\/logo_ED.jpg\",\"contentUrl\":\"https:\\\/\\\/www.eldiario.net\\\/portal\\\/wp-content\\\/uploads\\\/2023\\\/07\\\/logo_ED.jpg\",\"width\":272,\"height\":52,\"caption\":\"El Diario - Decano de la prensa nacional\"},\"image\":{\"@id\":\"https:\\\/\\\/www.eldiario.net\\\/portal\\\/#\\\/schema\\\/logo\\\/image\\\/\"},\"sameAs\":[\"https:\\\/\\\/www.facebook.com\\\/eldiario.bolivia\\\/\",\"https:\\\/\\\/x.com\\\/eldiario_net\"]},{\"@type\":\"Person\",\"@id\":\"https:\\\/\\\/www.eldiario.net\\\/portal\\\/#\\\/schema\\\/person\\\/f46445640444750d7d753ccd04ae01b7\",\"name\":\"Jeanette\",\"image\":{\"@type\":\"ImageObject\",\"inLanguage\":\"es\",\"@id\":\"https:\\\/\\\/secure.gravatar.com\\\/avatar\\\/3ea2118a5f7dad2b7138b1187a6b7ee55f160b9968b66013c3a3ef39dd7e5798?s=96&d=mm&r=g\",\"url\":\"https:\\\/\\\/secure.gravatar.com\\\/avatar\\\/3ea2118a5f7dad2b7138b1187a6b7ee55f160b9968b66013c3a3ef39dd7e5798?s=96&d=mm&r=g\",\"contentUrl\":\"https:\\\/\\\/secure.gravatar.com\\\/avatar\\\/3ea2118a5f7dad2b7138b1187a6b7ee55f160b9968b66013c3a3ef39dd7e5798?s=96&d=mm&r=g\",\"caption\":\"Jeanette\"},\"sameAs\":[\"https:\\\/\\\/www.eldiario.net\\\/portal\"],\"url\":\"https:\\\/\\\/www.eldiario.net\\\/portal\\\/author\\\/jeanette\\\/\"}]}<\/script>\n<!-- \/ Yoast SEO plugin. -->","yoast_head_json":{"title":"Hospital Santa B\u00e1rbara enfrenta situaci\u00f3n cr\u00edtica - El Diario - Bolivia","robots":{"index":"index","follow":"follow","max-snippet":"max-snippet:-1","max-image-preview":"max-image-preview:large","max-video-preview":"max-video-preview:-1"},"canonical":"https:\/\/www.eldiario.net\/portal\/2023\/06\/21\/hospital-santa-barbara-enfrenta-situacion-critica\/","og_locale":"es_ES","og_type":"article","og_title":"Hospital Santa B\u00e1rbara enfrenta situaci\u00f3n cr\u00edtica - El Diario - Bolivia","og_description":"El hospital Santa B\u00e1rbara de Sucre enfrenta una situaci\u00f3n cr\u00edtica en lo que respecta a su equipamiento hospitalario. Las camas de terapia intensiva se encuentran completamente saturadas, sin espacio alguno disponible para recibir a nuevos pacientes, seg\u00fan advirti\u00f3 el presidente del Colegio M\u00e9dico de Chuquisaca, Franco Calvimontes. \u201cTuvimos que suspender una cirug\u00eda debido a la [&hellip;]","og_url":"https:\/\/www.eldiario.net\/portal\/2023\/06\/21\/hospital-santa-barbara-enfrenta-situacion-critica\/","og_site_name":"El Diario - Bolivia","article_publisher":"https:\/\/www.facebook.com\/eldiario.bolivia\/","article_published_time":"2023-06-21T09:52:14+00:00","author":"Jeanette","twitter_card":"summary_large_image","twitter_creator":"@eldiario_net","twitter_site":"@eldiario_net","twitter_misc":{"Escrito por":"Jeanette","Tiempo de lectura":"2 minutos"},"schema":{"@context":"https:\/\/schema.org","@graph":[{"@type":"Article","@id":"https:\/\/www.eldiario.net\/portal\/2023\/06\/21\/hospital-santa-barbara-enfrenta-situacion-critica\/#article","isPartOf":{"@id":"https:\/\/www.eldiario.net\/portal\/2023\/06\/21\/hospital-santa-barbara-enfrenta-situacion-critica\/"},"author":{"name":"Jeanette","@id":"https:\/\/www.eldiario.net\/portal\/#\/schema\/person\/f46445640444750d7d753ccd04ae01b7"},"headline":"Hospital Santa B\u00e1rbara enfrenta situaci\u00f3n cr\u00edtica","datePublished":"2023-06-21T09:52:14+00:00","mainEntityOfPage":{"@id":"https:\/\/www.eldiario.net\/portal\/2023\/06\/21\/hospital-santa-barbara-enfrenta-situacion-critica\/"},"wordCount":450,"publisher":{"@id":"https:\/\/www.eldiario.net\/portal\/#organization"},"articleSection":["Nacional"],"inLanguage":"es"},{"@type":"WebPage","@id":"https:\/\/www.eldiario.net\/portal\/2023\/06\/21\/hospital-santa-barbara-enfrenta-situacion-critica\/","url":"https:\/\/www.eldiario.net\/portal\/2023\/06\/21\/hospital-santa-barbara-enfrenta-situacion-critica\/","name":"Hospital Santa B\u00e1rbara enfrenta situaci\u00f3n cr\u00edtica - El Diario - Bolivia","isPartOf":{"@id":"https:\/\/www.eldiario.net\/portal\/#website"},"datePublished":"2023-06-21T09:52:14+00:00","breadcrumb":{"@id":"https:\/\/www.eldiario.net\/portal\/2023\/06\/21\/hospital-santa-barbara-enfrenta-situacion-critica\/#breadcrumb"},"inLanguage":"es","potentialAction":[{"@type":"ReadAction","target":["https:\/\/www.eldiario.net\/portal\/2023\/06\/21\/hospital-santa-barbara-enfrenta-situacion-critica\/"]}]},{"@type":"BreadcrumbList","@id":"https:\/\/www.eldiario.net\/portal\/2023\/06\/21\/hospital-santa-barbara-enfrenta-situacion-critica\/#breadcrumb","itemListElement":[{"@type":"ListItem","position":1,"name":"Portada","item":"https:\/\/www.eldiario.net\/portal\/"},{"@type":"ListItem","position":2,"name":"Hospital Santa B\u00e1rbara enfrenta situaci\u00f3n cr\u00edtica"}]},{"@type":"WebSite","@id":"https:\/\/www.eldiario.net\/portal\/#website","url":"https:\/\/www.eldiario.net\/portal\/","name":"El Diario - Decano de la prensa nacional","description":"El Diario - Decano de la prensa nacional","publisher":{"@id":"https:\/\/www.eldiario.net\/portal\/#organization"},"potentialAction":[{"@type":"SearchAction","target":{"@type":"EntryPoint","urlTemplate":"https:\/\/www.eldiario.net\/portal\/?s={search_term_string}"},"query-input":{"@type":"PropertyValueSpecification","valueRequired":true,"valueName":"search_term_string"}}],"inLanguage":"es"},{"@type":"Organization","@id":"https:\/\/www.eldiario.net\/portal\/#organization","name":"El Diario - Decano de la prensa nacional","url":"https:\/\/www.eldiario.net\/portal\/","logo":{"@type":"ImageObject","inLanguage":"es","@id":"https:\/\/www.eldiario.net\/portal\/#\/schema\/logo\/image\/","url":"https:\/\/www.eldiario.net\/portal\/wp-content\/uploads\/2023\/07\/logo_ED.jpg","contentUrl":"https:\/\/www.eldiario.net\/portal\/wp-content\/uploads\/2023\/07\/logo_ED.jpg","width":272,"height":52,"caption":"El Diario - Decano de la prensa nacional"},"image":{"@id":"https:\/\/www.eldiario.net\/portal\/#\/schema\/logo\/image\/"},"sameAs":["https:\/\/www.facebook.com\/eldiario.bolivia\/","https:\/\/x.com\/eldiario_net"]},{"@type":"Person","@id":"https:\/\/www.eldiario.net\/portal\/#\/schema\/person\/f46445640444750d7d753ccd04ae01b7","name":"Jeanette","image":{"@type":"ImageObject","inLanguage":"es","@id":"https:\/\/secure.gravatar.com\/avatar\/3ea2118a5f7dad2b7138b1187a6b7ee55f160b9968b66013c3a3ef39dd7e5798?s=96&d=mm&r=g","url":"https:\/\/secure.gravatar.com\/avatar\/3ea2118a5f7dad2b7138b1187a6b7ee55f160b9968b66013c3a3ef39dd7e5798?s=96&d=mm&r=g","contentUrl":"https:\/\/secure.gravatar.com\/avatar\/3ea2118a5f7dad2b7138b1187a6b7ee55f160b9968b66013c3a3ef39dd7e5798?s=96&d=mm&r=g","caption":"Jeanette"},"sameAs":["https:\/\/www.eldiario.net\/portal"],"url":"https:\/\/www.eldiario.net\/portal\/author\/jeanette\/"}]}},"_links":{"self":[{"href":"https:\/\/www.eldiario.net\/portal\/wp-json\/wp\/v2\/posts\/161064","targetHints":{"allow":["GET"]}}],"collection":[{"href":"https:\/\/www.eldiario.net\/portal\/wp-json\/wp\/v2\/posts"}],"about":[{"href":"https:\/\/www.eldiario.net\/portal\/wp-json\/wp\/v2\/types\/post"}],"author":[{"embeddable":true,"href":"https:\/\/www.eldiario.net\/portal\/wp-json\/wp\/v2\/users\/1"}],"replies":[{"embeddable":true,"href":"https:\/\/www.eldiario.net\/portal\/wp-json\/wp\/v2\/comments?post=161064"}],"version-history":[{"count":0,"href":"https:\/\/www.eldiario.net\/portal\/wp-json\/wp\/v2\/posts\/161064\/revisions"}],"wp:attachment":[{"href":"https:\/\/www.eldiario.net\/portal\/wp-json\/wp\/v2\/media?parent=161064"}],"wp:term":[{"taxonomy":"category","embeddable":true,"href":"https:\/\/www.eldiario.net\/portal\/wp-json\/wp\/v2\/categories?post=161064"},{"taxonomy":"post_tag","embeddable":true,"href":"https:\/\/www.eldiario.net\/portal\/wp-json\/wp\/v2\/tags?post=161064"}],"curies":[{"name":"wp","href":"https:\/\/api.w.org\/{rel}","templated":true}]}}