{"id":161047,"date":"2023-06-20T06:37:55","date_gmt":"2023-06-20T10:37:55","guid":{"rendered":"https:\/\/www.eldiario.net\/portal\/?p=161047"},"modified":"2023-06-20T06:37:55","modified_gmt":"2023-06-20T10:37:55","slug":"bolivia-enfrenta-a-chile-en-amistoso-a-disputarse-en-santa-cruz","status":"publish","type":"post","link":"https:\/\/www.eldiario.net\/portal\/2023\/06\/20\/bolivia-enfrenta-a-chile-en-amistoso-a-disputarse-en-santa-cruz\/","title":{"rendered":"Bolivia enfrenta a Chile en amistoso a disputarse en Santa Cruz"},"content":{"rendered":"<p>SANTA CRUZ.- En su regreso al estadio Ram\u00f3n Aguilera Costas, de Santa Cruz, la Selecci\u00f3n Nacional apunta a un triunfo que levante el \u00e1nimo del plantel este martes, desde las 20:00, contra Chile, partido que cerrar\u00e1 su presencia en la doble fecha FIFA, rumbo al inicio de las clasificatorias a la Copa Mundial Canad\u00e1-Estados Unidos-M\u00e9xico 2026.<\/p>\n<p>Luego de tres a\u00f1os, el cuadro verde volver\u00e1 a ser anfitri\u00f3n en el principal escenario deportivo de Santa Cruz, donde el seleccionador, Gustavo Costas, presentar\u00e1 modificaciones en relaci\u00f3n a la formaci\u00f3n que actu\u00f3 el pasado s\u00e1bado.<\/p>\n<p>La derrota ante Ecuador (0-1) New Jersey, dej\u00f3 una sensaci\u00f3n de inconformidad en el cuerpo t\u00e9cnico y en los jugadores, porque no pudieron mostrar nada de lo previsto en la parte ofensiva y de nuevo una falla en la zona de salida dej\u00f3 el arco a disposici\u00f3n del contrario.<\/p>\n<p>Con el af\u00e1n de corregir los errores y tener un mejor funcionamiento, en esta ocasi\u00f3n como local, Bolivia anticipa que tendr\u00e1 una propuesta ofensiva, encabezada por Marcelo Martins, quien ir\u00e1 desde el inicio de las acciones.<\/p>\n<p>Chile ser\u00e1 rival de Bolivia en las siguientes eliminatorias, el primer duelo entre estas selecciones ser\u00e1 en la octava fecha, prevista para septiembre de 2024. Este amistoso servir\u00e1 para conocer de cerca el f\u00fatbol de estos equipos.<\/p>\n<p>La delegaci\u00f3n boliviana regres\u00f3 a Santa Cruz, luego de un viaje de 12 horas, con escala en Panam\u00e1, y la jornada de este lunes servir\u00e1 para realizar movimientos con bal\u00f3n en espacio reducido para soltar los m\u00fasculos a un d\u00eda del duelo.<\/p>\n<p>CONVOCADOS<\/p>\n<p>La noche del domingo, la Federaci\u00f3n Boliviana de F\u00fatbol (FBF) inform\u00f3 que los juveniles H\u00e9ctor Cu\u00e9llar y Pablo Vaca \u2013ambos de Always Ready\u2013 fueron convocados a la Selecci\u00f3n Absoluta y deben presentarse a la concentraci\u00f3n este lunes en Santa Cruz. (APG)<\/p>\n","protected":false},"excerpt":{"rendered":"<p>SANTA CRUZ.- En su regreso al estadio Ram\u00f3n Aguilera Costas, de Santa Cruz, la Selecci\u00f3n Nacional apunta a un triunfo que levante el \u00e1nimo del plantel este martes, desde las 20:00, contra Chile, partido que cerrar\u00e1 su presencia en la doble fecha FIFA, rumbo al inicio de las clasificatorias a la Copa Mundial Canad\u00e1-Estados Unidos-M\u00e9xico [&hellip;]<\/p>\n","protected":false},"author":1,"featured_media":161048,"comment_status":"closed","ping_status":"closed","sticky":false,"template":"","format":"standard","meta":{"_acf_changed":false,"footnotes":""},"categories":[6],"tags":[],"class_list":["post-161047","post","type-post","status-publish","format-standard","has-post-thumbnail","category-deportes"],"acf":{"antetitulo":""},"yoast_head":"<!-- This site is optimized with the Yoast SEO plugin v28.3 - https:\/\/yoast.com\/product\/yoast-seo-wordpress\/ -->\n<title>Bolivia enfrenta a Chile en amistoso a disputarse en Santa Cruz - El Diario - Bolivia<\/title>\n<meta name=\"robots\" content=\"index, follow, max-snippet:-1, max-image-preview:large, max-video-preview:-1\" \/>\n<link rel=\"canonical\" href=\"https:\/\/www.eldiario.net\/portal\/2023\/06\/20\/bolivia-enfrenta-a-chile-en-amistoso-a-disputarse-en-santa-cruz\/\" \/>\n<meta property=\"og:locale\" content=\"es_ES\" \/>\n<meta property=\"og:type\" content=\"article\" \/>\n<meta property=\"og:title\" content=\"Bolivia enfrenta a Chile en amistoso a disputarse en Santa Cruz - El Diario - Bolivia\" \/>\n<meta property=\"og:description\" content=\"SANTA CRUZ.- En su regreso al estadio Ram\u00f3n Aguilera Costas, de Santa Cruz, la Selecci\u00f3n Nacional apunta a un triunfo que levante el \u00e1nimo del plantel este martes, desde las 20:00, contra Chile, partido que cerrar\u00e1 su presencia en la doble fecha FIFA, rumbo al inicio de las clasificatorias a la Copa Mundial Canad\u00e1-Estados Unidos-M\u00e9xico [&hellip;]\" \/>\n<meta property=\"og:url\" content=\"https:\/\/www.eldiario.net\/portal\/2023\/06\/20\/bolivia-enfrenta-a-chile-en-amistoso-a-disputarse-en-santa-cruz\/\" \/>\n<meta property=\"og:site_name\" content=\"El Diario - Bolivia\" \/>\n<meta property=\"article:publisher\" content=\"https:\/\/www.facebook.com\/eldiario.bolivia\/\" \/>\n<meta property=\"article:published_time\" content=\"2023-06-20T10:37:55+00:00\" \/>\n<meta property=\"og:image\" content=\"https:\/\/www.eldiario.net\/portal\/wp-content\/uploads\/2023\/06\/Seleccion-19.jpg\" \/>\n\t<meta property=\"og:image:width\" content=\"635\" \/>\n\t<meta property=\"og:image:height\" content=\"539\" \/>\n\t<meta property=\"og:image:type\" content=\"image\/jpeg\" \/>\n<meta name=\"author\" content=\"Jeanette\" \/>\n<meta name=\"twitter:card\" content=\"summary_large_image\" \/>\n<meta name=\"twitter:creator\" content=\"@eldiario_net\" \/>\n<meta name=\"twitter:site\" content=\"@eldiario_net\" \/>\n<meta name=\"twitter:label1\" content=\"Escrito por\" \/>\n\t<meta name=\"twitter:data1\" content=\"Jeanette\" \/>\n\t<meta name=\"twitter:label2\" content=\"Tiempo de lectura\" \/>\n\t<meta name=\"twitter:data2\" content=\"2 minutos\" \/>\n<script type=\"application\/ld+json\" class=\"yoast-schema-graph\">{\"@context\":\"https:\\\/\\\/schema.org\",\"@graph\":[{\"@type\":\"Article\",\"@id\":\"https:\\\/\\\/www.eldiario.net\\\/portal\\\/2023\\\/06\\\/20\\\/bolivia-enfrenta-a-chile-en-amistoso-a-disputarse-en-santa-cruz\\\/#article\",\"isPartOf\":{\"@id\":\"https:\\\/\\\/www.eldiario.net\\\/portal\\\/2023\\\/06\\\/20\\\/bolivia-enfrenta-a-chile-en-amistoso-a-disputarse-en-santa-cruz\\\/\"},\"author\":{\"name\":\"Jeanette\",\"@id\":\"https:\\\/\\\/www.eldiario.net\\\/portal\\\/#\\\/schema\\\/person\\\/f46445640444750d7d753ccd04ae01b7\"},\"headline\":\"Bolivia enfrenta a Chile en amistoso a disputarse en Santa Cruz\",\"datePublished\":\"2023-06-20T10:37:55+00:00\",\"mainEntityOfPage\":{\"@id\":\"https:\\\/\\\/www.eldiario.net\\\/portal\\\/2023\\\/06\\\/20\\\/bolivia-enfrenta-a-chile-en-amistoso-a-disputarse-en-santa-cruz\\\/\"},\"wordCount\":331,\"publisher\":{\"@id\":\"https:\\\/\\\/www.eldiario.net\\\/portal\\\/#organization\"},\"image\":{\"@id\":\"https:\\\/\\\/www.eldiario.net\\\/portal\\\/2023\\\/06\\\/20\\\/bolivia-enfrenta-a-chile-en-amistoso-a-disputarse-en-santa-cruz\\\/#primaryimage\"},\"thumbnailUrl\":\"https:\\\/\\\/www.eldiario.net\\\/portal\\\/wp-content\\\/uploads\\\/2023\\\/06\\\/Seleccion-19.jpg\",\"articleSection\":[\"Deportes\"],\"inLanguage\":\"es\"},{\"@type\":\"WebPage\",\"@id\":\"https:\\\/\\\/www.eldiario.net\\\/portal\\\/2023\\\/06\\\/20\\\/bolivia-enfrenta-a-chile-en-amistoso-a-disputarse-en-santa-cruz\\\/\",\"url\":\"https:\\\/\\\/www.eldiario.net\\\/portal\\\/2023\\\/06\\\/20\\\/bolivia-enfrenta-a-chile-en-amistoso-a-disputarse-en-santa-cruz\\\/\",\"name\":\"Bolivia enfrenta a Chile en amistoso a disputarse en Santa Cruz - El Diario - Bolivia\",\"isPartOf\":{\"@id\":\"https:\\\/\\\/www.eldiario.net\\\/portal\\\/#website\"},\"primaryImageOfPage\":{\"@id\":\"https:\\\/\\\/www.eldiario.net\\\/portal\\\/2023\\\/06\\\/20\\\/bolivia-enfrenta-a-chile-en-amistoso-a-disputarse-en-santa-cruz\\\/#primaryimage\"},\"image\":{\"@id\":\"https:\\\/\\\/www.eldiario.net\\\/portal\\\/2023\\\/06\\\/20\\\/bolivia-enfrenta-a-chile-en-amistoso-a-disputarse-en-santa-cruz\\\/#primaryimage\"},\"thumbnailUrl\":\"https:\\\/\\\/www.eldiario.net\\\/portal\\\/wp-content\\\/uploads\\\/2023\\\/06\\\/Seleccion-19.jpg\",\"datePublished\":\"2023-06-20T10:37:55+00:00\",\"breadcrumb\":{\"@id\":\"https:\\\/\\\/www.eldiario.net\\\/portal\\\/2023\\\/06\\\/20\\\/bolivia-enfrenta-a-chile-en-amistoso-a-disputarse-en-santa-cruz\\\/#breadcrumb\"},\"inLanguage\":\"es\",\"potentialAction\":[{\"@type\":\"ReadAction\",\"target\":[\"https:\\\/\\\/www.eldiario.net\\\/portal\\\/2023\\\/06\\\/20\\\/bolivia-enfrenta-a-chile-en-amistoso-a-disputarse-en-santa-cruz\\\/\"]}]},{\"@type\":\"ImageObject\",\"inLanguage\":\"es\",\"@id\":\"https:\\\/\\\/www.eldiario.net\\\/portal\\\/2023\\\/06\\\/20\\\/bolivia-enfrenta-a-chile-en-amistoso-a-disputarse-en-santa-cruz\\\/#primaryimage\",\"url\":\"https:\\\/\\\/www.eldiario.net\\\/portal\\\/wp-content\\\/uploads\\\/2023\\\/06\\\/Seleccion-19.jpg\",\"contentUrl\":\"https:\\\/\\\/www.eldiario.net\\\/portal\\\/wp-content\\\/uploads\\\/2023\\\/06\\\/Seleccion-19.jpg\",\"width\":635,\"height\":539},{\"@type\":\"BreadcrumbList\",\"@id\":\"https:\\\/\\\/www.eldiario.net\\\/portal\\\/2023\\\/06\\\/20\\\/bolivia-enfrenta-a-chile-en-amistoso-a-disputarse-en-santa-cruz\\\/#breadcrumb\",\"itemListElement\":[{\"@type\":\"ListItem\",\"position\":1,\"name\":\"Portada\",\"item\":\"https:\\\/\\\/www.eldiario.net\\\/portal\\\/\"},{\"@type\":\"ListItem\",\"position\":2,\"name\":\"Bolivia enfrenta a Chile en amistoso a disputarse en Santa Cruz\"}]},{\"@type\":\"WebSite\",\"@id\":\"https:\\\/\\\/www.eldiario.net\\\/portal\\\/#website\",\"url\":\"https:\\\/\\\/www.eldiario.net\\\/portal\\\/\",\"name\":\"El Diario - Decano de la prensa nacional\",\"description\":\"El Diario - Decano de la prensa nacional\",\"publisher\":{\"@id\":\"https:\\\/\\\/www.eldiario.net\\\/portal\\\/#organization\"},\"potentialAction\":[{\"@type\":\"SearchAction\",\"target\":{\"@type\":\"EntryPoint\",\"urlTemplate\":\"https:\\\/\\\/www.eldiario.net\\\/portal\\\/?s={search_term_string}\"},\"query-input\":{\"@type\":\"PropertyValueSpecification\",\"valueRequired\":true,\"valueName\":\"search_term_string\"}}],\"inLanguage\":\"es\"},{\"@type\":\"Organization\",\"@id\":\"https:\\\/\\\/www.eldiario.net\\\/portal\\\/#organization\",\"name\":\"El Diario - Decano de la prensa nacional\",\"url\":\"https:\\\/\\\/www.eldiario.net\\\/portal\\\/\",\"logo\":{\"@type\":\"ImageObject\",\"inLanguage\":\"es\",\"@id\":\"https:\\\/\\\/www.eldiario.net\\\/portal\\\/#\\\/schema\\\/logo\\\/image\\\/\",\"url\":\"https:\\\/\\\/www.eldiario.net\\\/portal\\\/wp-content\\\/uploads\\\/2023\\\/07\\\/logo_ED.jpg\",\"contentUrl\":\"https:\\\/\\\/www.eldiario.net\\\/portal\\\/wp-content\\\/uploads\\\/2023\\\/07\\\/logo_ED.jpg\",\"width\":272,\"height\":52,\"caption\":\"El Diario - Decano de la prensa nacional\"},\"image\":{\"@id\":\"https:\\\/\\\/www.eldiario.net\\\/portal\\\/#\\\/schema\\\/logo\\\/image\\\/\"},\"sameAs\":[\"https:\\\/\\\/www.facebook.com\\\/eldiario.bolivia\\\/\",\"https:\\\/\\\/x.com\\\/eldiario_net\"]},{\"@type\":\"Person\",\"@id\":\"https:\\\/\\\/www.eldiario.net\\\/portal\\\/#\\\/schema\\\/person\\\/f46445640444750d7d753ccd04ae01b7\",\"name\":\"Jeanette\",\"image\":{\"@type\":\"ImageObject\",\"inLanguage\":\"es\",\"@id\":\"https:\\\/\\\/secure.gravatar.com\\\/avatar\\\/3ea2118a5f7dad2b7138b1187a6b7ee55f160b9968b66013c3a3ef39dd7e5798?s=96&d=mm&r=g\",\"url\":\"https:\\\/\\\/secure.gravatar.com\\\/avatar\\\/3ea2118a5f7dad2b7138b1187a6b7ee55f160b9968b66013c3a3ef39dd7e5798?s=96&d=mm&r=g\",\"contentUrl\":\"https:\\\/\\\/secure.gravatar.com\\\/avatar\\\/3ea2118a5f7dad2b7138b1187a6b7ee55f160b9968b66013c3a3ef39dd7e5798?s=96&d=mm&r=g\",\"caption\":\"Jeanette\"},\"sameAs\":[\"https:\\\/\\\/www.eldiario.net\\\/portal\"],\"url\":\"https:\\\/\\\/www.eldiario.net\\\/portal\\\/author\\\/jeanette\\\/\"}]}<\/script>\n<!-- \/ Yoast SEO plugin. -->","yoast_head_json":{"title":"Bolivia enfrenta a Chile en amistoso a disputarse en Santa Cruz - El Diario - Bolivia","robots":{"index":"index","follow":"follow","max-snippet":"max-snippet:-1","max-image-preview":"max-image-preview:large","max-video-preview":"max-video-preview:-1"},"canonical":"https:\/\/www.eldiario.net\/portal\/2023\/06\/20\/bolivia-enfrenta-a-chile-en-amistoso-a-disputarse-en-santa-cruz\/","og_locale":"es_ES","og_type":"article","og_title":"Bolivia enfrenta a Chile en amistoso a disputarse en Santa Cruz - El Diario - Bolivia","og_description":"SANTA CRUZ.- En su regreso al estadio Ram\u00f3n Aguilera Costas, de Santa Cruz, la Selecci\u00f3n Nacional apunta a un triunfo que levante el \u00e1nimo del plantel este martes, desde las 20:00, contra Chile, partido que cerrar\u00e1 su presencia en la doble fecha FIFA, rumbo al inicio de las clasificatorias a la Copa Mundial Canad\u00e1-Estados Unidos-M\u00e9xico [&hellip;]","og_url":"https:\/\/www.eldiario.net\/portal\/2023\/06\/20\/bolivia-enfrenta-a-chile-en-amistoso-a-disputarse-en-santa-cruz\/","og_site_name":"El Diario - Bolivia","article_publisher":"https:\/\/www.facebook.com\/eldiario.bolivia\/","article_published_time":"2023-06-20T10:37:55+00:00","og_image":[{"width":635,"height":539,"url":"https:\/\/www.eldiario.net\/portal\/wp-content\/uploads\/2023\/06\/Seleccion-19.jpg","type":"image\/jpeg"}],"author":"Jeanette","twitter_card":"summary_large_image","twitter_creator":"@eldiario_net","twitter_site":"@eldiario_net","twitter_misc":{"Escrito por":"Jeanette","Tiempo de lectura":"2 minutos"},"schema":{"@context":"https:\/\/schema.org","@graph":[{"@type":"Article","@id":"https:\/\/www.eldiario.net\/portal\/2023\/06\/20\/bolivia-enfrenta-a-chile-en-amistoso-a-disputarse-en-santa-cruz\/#article","isPartOf":{"@id":"https:\/\/www.eldiario.net\/portal\/2023\/06\/20\/bolivia-enfrenta-a-chile-en-amistoso-a-disputarse-en-santa-cruz\/"},"author":{"name":"Jeanette","@id":"https:\/\/www.eldiario.net\/portal\/#\/schema\/person\/f46445640444750d7d753ccd04ae01b7"},"headline":"Bolivia enfrenta a Chile en amistoso a disputarse en Santa Cruz","datePublished":"2023-06-20T10:37:55+00:00","mainEntityOfPage":{"@id":"https:\/\/www.eldiario.net\/portal\/2023\/06\/20\/bolivia-enfrenta-a-chile-en-amistoso-a-disputarse-en-santa-cruz\/"},"wordCount":331,"publisher":{"@id":"https:\/\/www.eldiario.net\/portal\/#organization"},"image":{"@id":"https:\/\/www.eldiario.net\/portal\/2023\/06\/20\/bolivia-enfrenta-a-chile-en-amistoso-a-disputarse-en-santa-cruz\/#primaryimage"},"thumbnailUrl":"https:\/\/www.eldiario.net\/portal\/wp-content\/uploads\/2023\/06\/Seleccion-19.jpg","articleSection":["Deportes"],"inLanguage":"es"},{"@type":"WebPage","@id":"https:\/\/www.eldiario.net\/portal\/2023\/06\/20\/bolivia-enfrenta-a-chile-en-amistoso-a-disputarse-en-santa-cruz\/","url":"https:\/\/www.eldiario.net\/portal\/2023\/06\/20\/bolivia-enfrenta-a-chile-en-amistoso-a-disputarse-en-santa-cruz\/","name":"Bolivia enfrenta a Chile en amistoso a disputarse en Santa Cruz - El Diario - Bolivia","isPartOf":{"@id":"https:\/\/www.eldiario.net\/portal\/#website"},"primaryImageOfPage":{"@id":"https:\/\/www.eldiario.net\/portal\/2023\/06\/20\/bolivia-enfrenta-a-chile-en-amistoso-a-disputarse-en-santa-cruz\/#primaryimage"},"image":{"@id":"https:\/\/www.eldiario.net\/portal\/2023\/06\/20\/bolivia-enfrenta-a-chile-en-amistoso-a-disputarse-en-santa-cruz\/#primaryimage"},"thumbnailUrl":"https:\/\/www.eldiario.net\/portal\/wp-content\/uploads\/2023\/06\/Seleccion-19.jpg","datePublished":"2023-06-20T10:37:55+00:00","breadcrumb":{"@id":"https:\/\/www.eldiario.net\/portal\/2023\/06\/20\/bolivia-enfrenta-a-chile-en-amistoso-a-disputarse-en-santa-cruz\/#breadcrumb"},"inLanguage":"es","potentialAction":[{"@type":"ReadAction","target":["https:\/\/www.eldiario.net\/portal\/2023\/06\/20\/bolivia-enfrenta-a-chile-en-amistoso-a-disputarse-en-santa-cruz\/"]}]},{"@type":"ImageObject","inLanguage":"es","@id":"https:\/\/www.eldiario.net\/portal\/2023\/06\/20\/bolivia-enfrenta-a-chile-en-amistoso-a-disputarse-en-santa-cruz\/#primaryimage","url":"https:\/\/www.eldiario.net\/portal\/wp-content\/uploads\/2023\/06\/Seleccion-19.jpg","contentUrl":"https:\/\/www.eldiario.net\/portal\/wp-content\/uploads\/2023\/06\/Seleccion-19.jpg","width":635,"height":539},{"@type":"BreadcrumbList","@id":"https:\/\/www.eldiario.net\/portal\/2023\/06\/20\/bolivia-enfrenta-a-chile-en-amistoso-a-disputarse-en-santa-cruz\/#breadcrumb","itemListElement":[{"@type":"ListItem","position":1,"name":"Portada","item":"https:\/\/www.eldiario.net\/portal\/"},{"@type":"ListItem","position":2,"name":"Bolivia enfrenta a Chile en amistoso a disputarse en Santa Cruz"}]},{"@type":"WebSite","@id":"https:\/\/www.eldiario.net\/portal\/#website","url":"https:\/\/www.eldiario.net\/portal\/","name":"El Diario - Decano de la prensa nacional","description":"El Diario - Decano de la prensa nacional","publisher":{"@id":"https:\/\/www.eldiario.net\/portal\/#organization"},"potentialAction":[{"@type":"SearchAction","target":{"@type":"EntryPoint","urlTemplate":"https:\/\/www.eldiario.net\/portal\/?s={search_term_string}"},"query-input":{"@type":"PropertyValueSpecification","valueRequired":true,"valueName":"search_term_string"}}],"inLanguage":"es"},{"@type":"Organization","@id":"https:\/\/www.eldiario.net\/portal\/#organization","name":"El Diario - Decano de la prensa nacional","url":"https:\/\/www.eldiario.net\/portal\/","logo":{"@type":"ImageObject","inLanguage":"es","@id":"https:\/\/www.eldiario.net\/portal\/#\/schema\/logo\/image\/","url":"https:\/\/www.eldiario.net\/portal\/wp-content\/uploads\/2023\/07\/logo_ED.jpg","contentUrl":"https:\/\/www.eldiario.net\/portal\/wp-content\/uploads\/2023\/07\/logo_ED.jpg","width":272,"height":52,"caption":"El Diario - Decano de la prensa nacional"},"image":{"@id":"https:\/\/www.eldiario.net\/portal\/#\/schema\/logo\/image\/"},"sameAs":["https:\/\/www.facebook.com\/eldiario.bolivia\/","https:\/\/x.com\/eldiario_net"]},{"@type":"Person","@id":"https:\/\/www.eldiario.net\/portal\/#\/schema\/person\/f46445640444750d7d753ccd04ae01b7","name":"Jeanette","image":{"@type":"ImageObject","inLanguage":"es","@id":"https:\/\/secure.gravatar.com\/avatar\/3ea2118a5f7dad2b7138b1187a6b7ee55f160b9968b66013c3a3ef39dd7e5798?s=96&d=mm&r=g","url":"https:\/\/secure.gravatar.com\/avatar\/3ea2118a5f7dad2b7138b1187a6b7ee55f160b9968b66013c3a3ef39dd7e5798?s=96&d=mm&r=g","contentUrl":"https:\/\/secure.gravatar.com\/avatar\/3ea2118a5f7dad2b7138b1187a6b7ee55f160b9968b66013c3a3ef39dd7e5798?s=96&d=mm&r=g","caption":"Jeanette"},"sameAs":["https:\/\/www.eldiario.net\/portal"],"url":"https:\/\/www.eldiario.net\/portal\/author\/jeanette\/"}]}},"_links":{"self":[{"href":"https:\/\/www.eldiario.net\/portal\/wp-json\/wp\/v2\/posts\/161047","targetHints":{"allow":["GET"]}}],"collection":[{"href":"https:\/\/www.eldiario.net\/portal\/wp-json\/wp\/v2\/posts"}],"about":[{"href":"https:\/\/www.eldiario.net\/portal\/wp-json\/wp\/v2\/types\/post"}],"author":[{"embeddable":true,"href":"https:\/\/www.eldiario.net\/portal\/wp-json\/wp\/v2\/users\/1"}],"replies":[{"embeddable":true,"href":"https:\/\/www.eldiario.net\/portal\/wp-json\/wp\/v2\/comments?post=161047"}],"version-history":[{"count":0,"href":"https:\/\/www.eldiario.net\/portal\/wp-json\/wp\/v2\/posts\/161047\/revisions"}],"wp:featuredmedia":[{"embeddable":true,"href":"https:\/\/www.eldiario.net\/portal\/wp-json\/wp\/v2\/media\/161048"}],"wp:attachment":[{"href":"https:\/\/www.eldiario.net\/portal\/wp-json\/wp\/v2\/media?parent=161047"}],"wp:term":[{"taxonomy":"category","embeddable":true,"href":"https:\/\/www.eldiario.net\/portal\/wp-json\/wp\/v2\/categories?post=161047"},{"taxonomy":"post_tag","embeddable":true,"href":"https:\/\/www.eldiario.net\/portal\/wp-json\/wp\/v2\/tags?post=161047"}],"curies":[{"name":"wp","href":"https:\/\/api.w.org\/{rel}","templated":true}]}}