{"id":161044,"date":"2023-06-20T06:37:19","date_gmt":"2023-06-20T10:37:19","guid":{"rendered":"https:\/\/www.eldiario.net\/portal\/?p=161044"},"modified":"2023-06-20T06:37:19","modified_gmt":"2023-06-20T10:37:19","slug":"fifpro-ve-una-intencion-de-hacer-desaparecer-a-la-agremiacion-de-futbolistas","status":"publish","type":"post","link":"https:\/\/www.eldiario.net\/portal\/2023\/06\/20\/fifpro-ve-una-intencion-de-hacer-desaparecer-a-la-agremiacion-de-futbolistas\/","title":{"rendered":"Fifpro ve una intenci\u00f3n de hacer desaparecer a la agremiaci\u00f3n de futbolistas"},"content":{"rendered":"<p>El representante de FIFPRO Am\u00e9rica, Fernando Revilla, considera que detr\u00e1s de la detenci\u00f3n de David Paniagua, secretario General de la agremiaci\u00f3n, hay una intenci\u00f3n de hacer desaparecer esta instituci\u00f3n y de ejercer un control absoluto de parte de la Federaci\u00f3n Boliviana de F\u00fatbol (FBF).<\/p>\n<p>\u201cEl an\u00e1lisis que se puede hacer es que tratan de hacer desaparecer el gremio de futbolistas y tener un control absoluto del f\u00fatbol sin que nadie pueda reclamar, cosa que va en contra del mundo del f\u00fatbol\u201d, declar\u00f3 Revilla en su visita a la ciudad de Santa Cruz, donde particip\u00f3 en la Asamblea realizada el pasado viernes.<\/p>\n<p>Desde enero de este a\u00f1o, Paniagua est\u00e1 en el penal de San Pedro en La Paz, acusado del delito de estafa con v\u00edctimas m\u00faltiples en el caso del entrenador Marcos Ferrufino (+) y enriquecimiento il\u00edcito. Esta detenci\u00f3n preventiva fue ampliada hasta agosto.<\/p>\n<p>\u201cEl \u00fanico perjudicado es el f\u00fatbol boliviano, tratando de controlar los estamentos jur\u00eddicos, controlarlo todo, perjudicando al futbolista, que vive de esto y son los propios futbolistas los que pueden sacar adelante esto\u201d, agreg\u00f3 Revilla, en entrevista con el programa Facetas Deportivas.<\/p>\n<p>Revilla asisti\u00f3 a la asamblea de los jugadores el pasado viernes, en la cual se tom\u00f3 las siguientes determinaciones: desconocer al Tribunal de Resoluci\u00f3n de Disputas (TRD) y se quede sin efecto la designaci\u00f3n y posesi\u00f3n de los abogados Mart\u00edn Ruiz y Carlos Laime, y se restituya a Flori\u00e1n Zapata y Juan Mejia.<\/p>\n<p>Adem\u00e1s de desconocer \u00b4a los miembros del Tribunal Superior de Apelaci\u00f3n de la FBF; se exige al presidente de la FBF, Fernando Costa, retirar el proyecto de ley presentado a la Asamblea Legislativa Plurinacional; se solicita remitir los contratos de los futbolistas a FABOL\u00b4.<\/p>\n<p>En caso de que este pliego sea negado, los jugadores advierten con acudir a los tribunales deportivos que correspondan. Asimismo, ratifican su apoyo y solidaridad con el directorio de la agremiaci\u00f3n y que la FBF -de manera directa o indirecta, a trav\u00e9s de terceros o clubes\u2013 deje a un lado el proceso contra Paniagua. (APG)<\/p>\n<p>&nbsp;<\/p>\n","protected":false},"excerpt":{"rendered":"<p>El representante de FIFPRO Am\u00e9rica, Fernando Revilla, considera que detr\u00e1s de la detenci\u00f3n de David Paniagua, secretario General de la agremiaci\u00f3n, hay una intenci\u00f3n de hacer desaparecer esta instituci\u00f3n y de ejercer un control absoluto de parte de la Federaci\u00f3n Boliviana de F\u00fatbol (FBF). \u201cEl an\u00e1lisis que se puede hacer es que tratan de hacer [&hellip;]<\/p>\n","protected":false},"author":1,"featured_media":161045,"comment_status":"closed","ping_status":"closed","sticky":false,"template":"","format":"standard","meta":{"_acf_changed":false,"footnotes":""},"categories":[6],"tags":[],"class_list":["post-161044","post","type-post","status-publish","format-standard","has-post-thumbnail","category-deportes"],"acf":{"antetitulo":""},"yoast_head":"<!-- This site is optimized with the Yoast SEO plugin v28.3 - https:\/\/yoast.com\/product\/yoast-seo-wordpress\/ -->\n<title>Fifpro ve una intenci\u00f3n de hacer desaparecer a la agremiaci\u00f3n de futbolistas - El Diario - Bolivia<\/title>\n<meta name=\"robots\" content=\"index, follow, max-snippet:-1, max-image-preview:large, max-video-preview:-1\" \/>\n<link rel=\"canonical\" href=\"https:\/\/www.eldiario.net\/portal\/2023\/06\/20\/fifpro-ve-una-intencion-de-hacer-desaparecer-a-la-agremiacion-de-futbolistas\/\" \/>\n<meta property=\"og:locale\" content=\"es_ES\" \/>\n<meta property=\"og:type\" content=\"article\" \/>\n<meta property=\"og:title\" content=\"Fifpro ve una intenci\u00f3n de hacer desaparecer a la agremiaci\u00f3n de futbolistas - El Diario - Bolivia\" \/>\n<meta property=\"og:description\" content=\"El representante de FIFPRO Am\u00e9rica, Fernando Revilla, considera que detr\u00e1s de la detenci\u00f3n de David Paniagua, secretario General de la agremiaci\u00f3n, hay una intenci\u00f3n de hacer desaparecer esta instituci\u00f3n y de ejercer un control absoluto de parte de la Federaci\u00f3n Boliviana de F\u00fatbol (FBF). \u201cEl an\u00e1lisis que se puede hacer es que tratan de hacer [&hellip;]\" \/>\n<meta property=\"og:url\" content=\"https:\/\/www.eldiario.net\/portal\/2023\/06\/20\/fifpro-ve-una-intencion-de-hacer-desaparecer-a-la-agremiacion-de-futbolistas\/\" \/>\n<meta property=\"og:site_name\" content=\"El Diario - Bolivia\" \/>\n<meta property=\"article:publisher\" content=\"https:\/\/www.facebook.com\/eldiario.bolivia\/\" \/>\n<meta property=\"article:published_time\" content=\"2023-06-20T10:37:19+00:00\" \/>\n<meta property=\"og:image\" content=\"https:\/\/www.eldiario.net\/portal\/wp-content\/uploads\/2023\/06\/Fifpro-19.jpg\" \/>\n\t<meta property=\"og:image:width\" content=\"631\" \/>\n\t<meta property=\"og:image:height\" content=\"346\" \/>\n\t<meta property=\"og:image:type\" content=\"image\/jpeg\" \/>\n<meta name=\"author\" content=\"Jeanette\" \/>\n<meta name=\"twitter:card\" content=\"summary_large_image\" \/>\n<meta name=\"twitter:creator\" content=\"@eldiario_net\" \/>\n<meta name=\"twitter:site\" content=\"@eldiario_net\" \/>\n<meta name=\"twitter:label1\" content=\"Escrito por\" \/>\n\t<meta name=\"twitter:data1\" content=\"Jeanette\" \/>\n\t<meta name=\"twitter:label2\" content=\"Tiempo de lectura\" \/>\n\t<meta name=\"twitter:data2\" content=\"2 minutos\" \/>\n<script type=\"application\/ld+json\" class=\"yoast-schema-graph\">{\"@context\":\"https:\\\/\\\/schema.org\",\"@graph\":[{\"@type\":\"Article\",\"@id\":\"https:\\\/\\\/www.eldiario.net\\\/portal\\\/2023\\\/06\\\/20\\\/fifpro-ve-una-intencion-de-hacer-desaparecer-a-la-agremiacion-de-futbolistas\\\/#article\",\"isPartOf\":{\"@id\":\"https:\\\/\\\/www.eldiario.net\\\/portal\\\/2023\\\/06\\\/20\\\/fifpro-ve-una-intencion-de-hacer-desaparecer-a-la-agremiacion-de-futbolistas\\\/\"},\"author\":{\"name\":\"Jeanette\",\"@id\":\"https:\\\/\\\/www.eldiario.net\\\/portal\\\/#\\\/schema\\\/person\\\/f46445640444750d7d753ccd04ae01b7\"},\"headline\":\"Fifpro ve una intenci\u00f3n de hacer desaparecer a la agremiaci\u00f3n de futbolistas\",\"datePublished\":\"2023-06-20T10:37:19+00:00\",\"mainEntityOfPage\":{\"@id\":\"https:\\\/\\\/www.eldiario.net\\\/portal\\\/2023\\\/06\\\/20\\\/fifpro-ve-una-intencion-de-hacer-desaparecer-a-la-agremiacion-de-futbolistas\\\/\"},\"wordCount\":378,\"publisher\":{\"@id\":\"https:\\\/\\\/www.eldiario.net\\\/portal\\\/#organization\"},\"image\":{\"@id\":\"https:\\\/\\\/www.eldiario.net\\\/portal\\\/2023\\\/06\\\/20\\\/fifpro-ve-una-intencion-de-hacer-desaparecer-a-la-agremiacion-de-futbolistas\\\/#primaryimage\"},\"thumbnailUrl\":\"https:\\\/\\\/www.eldiario.net\\\/portal\\\/wp-content\\\/uploads\\\/2023\\\/06\\\/Fifpro-19.jpg\",\"articleSection\":[\"Deportes\"],\"inLanguage\":\"es\"},{\"@type\":\"WebPage\",\"@id\":\"https:\\\/\\\/www.eldiario.net\\\/portal\\\/2023\\\/06\\\/20\\\/fifpro-ve-una-intencion-de-hacer-desaparecer-a-la-agremiacion-de-futbolistas\\\/\",\"url\":\"https:\\\/\\\/www.eldiario.net\\\/portal\\\/2023\\\/06\\\/20\\\/fifpro-ve-una-intencion-de-hacer-desaparecer-a-la-agremiacion-de-futbolistas\\\/\",\"name\":\"Fifpro ve una intenci\u00f3n de hacer desaparecer a la agremiaci\u00f3n de futbolistas - El Diario - Bolivia\",\"isPartOf\":{\"@id\":\"https:\\\/\\\/www.eldiario.net\\\/portal\\\/#website\"},\"primaryImageOfPage\":{\"@id\":\"https:\\\/\\\/www.eldiario.net\\\/portal\\\/2023\\\/06\\\/20\\\/fifpro-ve-una-intencion-de-hacer-desaparecer-a-la-agremiacion-de-futbolistas\\\/#primaryimage\"},\"image\":{\"@id\":\"https:\\\/\\\/www.eldiario.net\\\/portal\\\/2023\\\/06\\\/20\\\/fifpro-ve-una-intencion-de-hacer-desaparecer-a-la-agremiacion-de-futbolistas\\\/#primaryimage\"},\"thumbnailUrl\":\"https:\\\/\\\/www.eldiario.net\\\/portal\\\/wp-content\\\/uploads\\\/2023\\\/06\\\/Fifpro-19.jpg\",\"datePublished\":\"2023-06-20T10:37:19+00:00\",\"breadcrumb\":{\"@id\":\"https:\\\/\\\/www.eldiario.net\\\/portal\\\/2023\\\/06\\\/20\\\/fifpro-ve-una-intencion-de-hacer-desaparecer-a-la-agremiacion-de-futbolistas\\\/#breadcrumb\"},\"inLanguage\":\"es\",\"potentialAction\":[{\"@type\":\"ReadAction\",\"target\":[\"https:\\\/\\\/www.eldiario.net\\\/portal\\\/2023\\\/06\\\/20\\\/fifpro-ve-una-intencion-de-hacer-desaparecer-a-la-agremiacion-de-futbolistas\\\/\"]}]},{\"@type\":\"ImageObject\",\"inLanguage\":\"es\",\"@id\":\"https:\\\/\\\/www.eldiario.net\\\/portal\\\/2023\\\/06\\\/20\\\/fifpro-ve-una-intencion-de-hacer-desaparecer-a-la-agremiacion-de-futbolistas\\\/#primaryimage\",\"url\":\"https:\\\/\\\/www.eldiario.net\\\/portal\\\/wp-content\\\/uploads\\\/2023\\\/06\\\/Fifpro-19.jpg\",\"contentUrl\":\"https:\\\/\\\/www.eldiario.net\\\/portal\\\/wp-content\\\/uploads\\\/2023\\\/06\\\/Fifpro-19.jpg\",\"width\":631,\"height\":346},{\"@type\":\"BreadcrumbList\",\"@id\":\"https:\\\/\\\/www.eldiario.net\\\/portal\\\/2023\\\/06\\\/20\\\/fifpro-ve-una-intencion-de-hacer-desaparecer-a-la-agremiacion-de-futbolistas\\\/#breadcrumb\",\"itemListElement\":[{\"@type\":\"ListItem\",\"position\":1,\"name\":\"Portada\",\"item\":\"https:\\\/\\\/www.eldiario.net\\\/portal\\\/\"},{\"@type\":\"ListItem\",\"position\":2,\"name\":\"Fifpro ve una intenci\u00f3n de hacer desaparecer a la agremiaci\u00f3n de futbolistas\"}]},{\"@type\":\"WebSite\",\"@id\":\"https:\\\/\\\/www.eldiario.net\\\/portal\\\/#website\",\"url\":\"https:\\\/\\\/www.eldiario.net\\\/portal\\\/\",\"name\":\"El Diario - Decano de la prensa nacional\",\"description\":\"El Diario - Decano de la prensa nacional\",\"publisher\":{\"@id\":\"https:\\\/\\\/www.eldiario.net\\\/portal\\\/#organization\"},\"potentialAction\":[{\"@type\":\"SearchAction\",\"target\":{\"@type\":\"EntryPoint\",\"urlTemplate\":\"https:\\\/\\\/www.eldiario.net\\\/portal\\\/?s={search_term_string}\"},\"query-input\":{\"@type\":\"PropertyValueSpecification\",\"valueRequired\":true,\"valueName\":\"search_term_string\"}}],\"inLanguage\":\"es\"},{\"@type\":\"Organization\",\"@id\":\"https:\\\/\\\/www.eldiario.net\\\/portal\\\/#organization\",\"name\":\"El Diario - Decano de la prensa nacional\",\"url\":\"https:\\\/\\\/www.eldiario.net\\\/portal\\\/\",\"logo\":{\"@type\":\"ImageObject\",\"inLanguage\":\"es\",\"@id\":\"https:\\\/\\\/www.eldiario.net\\\/portal\\\/#\\\/schema\\\/logo\\\/image\\\/\",\"url\":\"https:\\\/\\\/www.eldiario.net\\\/portal\\\/wp-content\\\/uploads\\\/2023\\\/07\\\/logo_ED.jpg\",\"contentUrl\":\"https:\\\/\\\/www.eldiario.net\\\/portal\\\/wp-content\\\/uploads\\\/2023\\\/07\\\/logo_ED.jpg\",\"width\":272,\"height\":52,\"caption\":\"El Diario - Decano de la prensa nacional\"},\"image\":{\"@id\":\"https:\\\/\\\/www.eldiario.net\\\/portal\\\/#\\\/schema\\\/logo\\\/image\\\/\"},\"sameAs\":[\"https:\\\/\\\/www.facebook.com\\\/eldiario.bolivia\\\/\",\"https:\\\/\\\/x.com\\\/eldiario_net\"]},{\"@type\":\"Person\",\"@id\":\"https:\\\/\\\/www.eldiario.net\\\/portal\\\/#\\\/schema\\\/person\\\/f46445640444750d7d753ccd04ae01b7\",\"name\":\"Jeanette\",\"image\":{\"@type\":\"ImageObject\",\"inLanguage\":\"es\",\"@id\":\"https:\\\/\\\/secure.gravatar.com\\\/avatar\\\/3ea2118a5f7dad2b7138b1187a6b7ee55f160b9968b66013c3a3ef39dd7e5798?s=96&d=mm&r=g\",\"url\":\"https:\\\/\\\/secure.gravatar.com\\\/avatar\\\/3ea2118a5f7dad2b7138b1187a6b7ee55f160b9968b66013c3a3ef39dd7e5798?s=96&d=mm&r=g\",\"contentUrl\":\"https:\\\/\\\/secure.gravatar.com\\\/avatar\\\/3ea2118a5f7dad2b7138b1187a6b7ee55f160b9968b66013c3a3ef39dd7e5798?s=96&d=mm&r=g\",\"caption\":\"Jeanette\"},\"sameAs\":[\"https:\\\/\\\/www.eldiario.net\\\/portal\"],\"url\":\"https:\\\/\\\/www.eldiario.net\\\/portal\\\/author\\\/jeanette\\\/\"}]}<\/script>\n<!-- \/ Yoast SEO plugin. -->","yoast_head_json":{"title":"Fifpro ve una intenci\u00f3n de hacer desaparecer a la agremiaci\u00f3n de futbolistas - El Diario - Bolivia","robots":{"index":"index","follow":"follow","max-snippet":"max-snippet:-1","max-image-preview":"max-image-preview:large","max-video-preview":"max-video-preview:-1"},"canonical":"https:\/\/www.eldiario.net\/portal\/2023\/06\/20\/fifpro-ve-una-intencion-de-hacer-desaparecer-a-la-agremiacion-de-futbolistas\/","og_locale":"es_ES","og_type":"article","og_title":"Fifpro ve una intenci\u00f3n de hacer desaparecer a la agremiaci\u00f3n de futbolistas - El Diario - Bolivia","og_description":"El representante de FIFPRO Am\u00e9rica, Fernando Revilla, considera que detr\u00e1s de la detenci\u00f3n de David Paniagua, secretario General de la agremiaci\u00f3n, hay una intenci\u00f3n de hacer desaparecer esta instituci\u00f3n y de ejercer un control absoluto de parte de la Federaci\u00f3n Boliviana de F\u00fatbol (FBF). \u201cEl an\u00e1lisis que se puede hacer es que tratan de hacer [&hellip;]","og_url":"https:\/\/www.eldiario.net\/portal\/2023\/06\/20\/fifpro-ve-una-intencion-de-hacer-desaparecer-a-la-agremiacion-de-futbolistas\/","og_site_name":"El Diario - Bolivia","article_publisher":"https:\/\/www.facebook.com\/eldiario.bolivia\/","article_published_time":"2023-06-20T10:37:19+00:00","og_image":[{"width":631,"height":346,"url":"https:\/\/www.eldiario.net\/portal\/wp-content\/uploads\/2023\/06\/Fifpro-19.jpg","type":"image\/jpeg"}],"author":"Jeanette","twitter_card":"summary_large_image","twitter_creator":"@eldiario_net","twitter_site":"@eldiario_net","twitter_misc":{"Escrito por":"Jeanette","Tiempo de lectura":"2 minutos"},"schema":{"@context":"https:\/\/schema.org","@graph":[{"@type":"Article","@id":"https:\/\/www.eldiario.net\/portal\/2023\/06\/20\/fifpro-ve-una-intencion-de-hacer-desaparecer-a-la-agremiacion-de-futbolistas\/#article","isPartOf":{"@id":"https:\/\/www.eldiario.net\/portal\/2023\/06\/20\/fifpro-ve-una-intencion-de-hacer-desaparecer-a-la-agremiacion-de-futbolistas\/"},"author":{"name":"Jeanette","@id":"https:\/\/www.eldiario.net\/portal\/#\/schema\/person\/f46445640444750d7d753ccd04ae01b7"},"headline":"Fifpro ve una intenci\u00f3n de hacer desaparecer a la agremiaci\u00f3n de futbolistas","datePublished":"2023-06-20T10:37:19+00:00","mainEntityOfPage":{"@id":"https:\/\/www.eldiario.net\/portal\/2023\/06\/20\/fifpro-ve-una-intencion-de-hacer-desaparecer-a-la-agremiacion-de-futbolistas\/"},"wordCount":378,"publisher":{"@id":"https:\/\/www.eldiario.net\/portal\/#organization"},"image":{"@id":"https:\/\/www.eldiario.net\/portal\/2023\/06\/20\/fifpro-ve-una-intencion-de-hacer-desaparecer-a-la-agremiacion-de-futbolistas\/#primaryimage"},"thumbnailUrl":"https:\/\/www.eldiario.net\/portal\/wp-content\/uploads\/2023\/06\/Fifpro-19.jpg","articleSection":["Deportes"],"inLanguage":"es"},{"@type":"WebPage","@id":"https:\/\/www.eldiario.net\/portal\/2023\/06\/20\/fifpro-ve-una-intencion-de-hacer-desaparecer-a-la-agremiacion-de-futbolistas\/","url":"https:\/\/www.eldiario.net\/portal\/2023\/06\/20\/fifpro-ve-una-intencion-de-hacer-desaparecer-a-la-agremiacion-de-futbolistas\/","name":"Fifpro ve una intenci\u00f3n de hacer desaparecer a la agremiaci\u00f3n de futbolistas - El Diario - Bolivia","isPartOf":{"@id":"https:\/\/www.eldiario.net\/portal\/#website"},"primaryImageOfPage":{"@id":"https:\/\/www.eldiario.net\/portal\/2023\/06\/20\/fifpro-ve-una-intencion-de-hacer-desaparecer-a-la-agremiacion-de-futbolistas\/#primaryimage"},"image":{"@id":"https:\/\/www.eldiario.net\/portal\/2023\/06\/20\/fifpro-ve-una-intencion-de-hacer-desaparecer-a-la-agremiacion-de-futbolistas\/#primaryimage"},"thumbnailUrl":"https:\/\/www.eldiario.net\/portal\/wp-content\/uploads\/2023\/06\/Fifpro-19.jpg","datePublished":"2023-06-20T10:37:19+00:00","breadcrumb":{"@id":"https:\/\/www.eldiario.net\/portal\/2023\/06\/20\/fifpro-ve-una-intencion-de-hacer-desaparecer-a-la-agremiacion-de-futbolistas\/#breadcrumb"},"inLanguage":"es","potentialAction":[{"@type":"ReadAction","target":["https:\/\/www.eldiario.net\/portal\/2023\/06\/20\/fifpro-ve-una-intencion-de-hacer-desaparecer-a-la-agremiacion-de-futbolistas\/"]}]},{"@type":"ImageObject","inLanguage":"es","@id":"https:\/\/www.eldiario.net\/portal\/2023\/06\/20\/fifpro-ve-una-intencion-de-hacer-desaparecer-a-la-agremiacion-de-futbolistas\/#primaryimage","url":"https:\/\/www.eldiario.net\/portal\/wp-content\/uploads\/2023\/06\/Fifpro-19.jpg","contentUrl":"https:\/\/www.eldiario.net\/portal\/wp-content\/uploads\/2023\/06\/Fifpro-19.jpg","width":631,"height":346},{"@type":"BreadcrumbList","@id":"https:\/\/www.eldiario.net\/portal\/2023\/06\/20\/fifpro-ve-una-intencion-de-hacer-desaparecer-a-la-agremiacion-de-futbolistas\/#breadcrumb","itemListElement":[{"@type":"ListItem","position":1,"name":"Portada","item":"https:\/\/www.eldiario.net\/portal\/"},{"@type":"ListItem","position":2,"name":"Fifpro ve una intenci\u00f3n de hacer desaparecer a la agremiaci\u00f3n de futbolistas"}]},{"@type":"WebSite","@id":"https:\/\/www.eldiario.net\/portal\/#website","url":"https:\/\/www.eldiario.net\/portal\/","name":"El Diario - Decano de la prensa nacional","description":"El Diario - Decano de la prensa nacional","publisher":{"@id":"https:\/\/www.eldiario.net\/portal\/#organization"},"potentialAction":[{"@type":"SearchAction","target":{"@type":"EntryPoint","urlTemplate":"https:\/\/www.eldiario.net\/portal\/?s={search_term_string}"},"query-input":{"@type":"PropertyValueSpecification","valueRequired":true,"valueName":"search_term_string"}}],"inLanguage":"es"},{"@type":"Organization","@id":"https:\/\/www.eldiario.net\/portal\/#organization","name":"El Diario - Decano de la prensa nacional","url":"https:\/\/www.eldiario.net\/portal\/","logo":{"@type":"ImageObject","inLanguage":"es","@id":"https:\/\/www.eldiario.net\/portal\/#\/schema\/logo\/image\/","url":"https:\/\/www.eldiario.net\/portal\/wp-content\/uploads\/2023\/07\/logo_ED.jpg","contentUrl":"https:\/\/www.eldiario.net\/portal\/wp-content\/uploads\/2023\/07\/logo_ED.jpg","width":272,"height":52,"caption":"El Diario - Decano de la prensa nacional"},"image":{"@id":"https:\/\/www.eldiario.net\/portal\/#\/schema\/logo\/image\/"},"sameAs":["https:\/\/www.facebook.com\/eldiario.bolivia\/","https:\/\/x.com\/eldiario_net"]},{"@type":"Person","@id":"https:\/\/www.eldiario.net\/portal\/#\/schema\/person\/f46445640444750d7d753ccd04ae01b7","name":"Jeanette","image":{"@type":"ImageObject","inLanguage":"es","@id":"https:\/\/secure.gravatar.com\/avatar\/3ea2118a5f7dad2b7138b1187a6b7ee55f160b9968b66013c3a3ef39dd7e5798?s=96&d=mm&r=g","url":"https:\/\/secure.gravatar.com\/avatar\/3ea2118a5f7dad2b7138b1187a6b7ee55f160b9968b66013c3a3ef39dd7e5798?s=96&d=mm&r=g","contentUrl":"https:\/\/secure.gravatar.com\/avatar\/3ea2118a5f7dad2b7138b1187a6b7ee55f160b9968b66013c3a3ef39dd7e5798?s=96&d=mm&r=g","caption":"Jeanette"},"sameAs":["https:\/\/www.eldiario.net\/portal"],"url":"https:\/\/www.eldiario.net\/portal\/author\/jeanette\/"}]}},"_links":{"self":[{"href":"https:\/\/www.eldiario.net\/portal\/wp-json\/wp\/v2\/posts\/161044","targetHints":{"allow":["GET"]}}],"collection":[{"href":"https:\/\/www.eldiario.net\/portal\/wp-json\/wp\/v2\/posts"}],"about":[{"href":"https:\/\/www.eldiario.net\/portal\/wp-json\/wp\/v2\/types\/post"}],"author":[{"embeddable":true,"href":"https:\/\/www.eldiario.net\/portal\/wp-json\/wp\/v2\/users\/1"}],"replies":[{"embeddable":true,"href":"https:\/\/www.eldiario.net\/portal\/wp-json\/wp\/v2\/comments?post=161044"}],"version-history":[{"count":0,"href":"https:\/\/www.eldiario.net\/portal\/wp-json\/wp\/v2\/posts\/161044\/revisions"}],"wp:featuredmedia":[{"embeddable":true,"href":"https:\/\/www.eldiario.net\/portal\/wp-json\/wp\/v2\/media\/161045"}],"wp:attachment":[{"href":"https:\/\/www.eldiario.net\/portal\/wp-json\/wp\/v2\/media?parent=161044"}],"wp:term":[{"taxonomy":"category","embeddable":true,"href":"https:\/\/www.eldiario.net\/portal\/wp-json\/wp\/v2\/categories?post=161044"},{"taxonomy":"post_tag","embeddable":true,"href":"https:\/\/www.eldiario.net\/portal\/wp-json\/wp\/v2\/tags?post=161044"}],"curies":[{"name":"wp","href":"https:\/\/api.w.org\/{rel}","templated":true}]}}