{"id":161041,"date":"2023-06-20T06:36:09","date_gmt":"2023-06-20T10:36:09","guid":{"rendered":"https:\/\/www.eldiario.net\/portal\/?p=161041"},"modified":"2023-06-20T06:36:09","modified_gmt":"2023-06-20T10:36:09","slug":"bolivia-enfrenta-a-bermuda-en-su-debut-en-la-copa-davis","status":"publish","type":"post","link":"https:\/\/www.eldiario.net\/portal\/2023\/06\/20\/bolivia-enfrenta-a-bermuda-en-su-debut-en-la-copa-davis\/","title":{"rendered":"Bolivia enfrenta a Bermuda en su debut en la Copa Davis"},"content":{"rendered":"<p>Bolivia ser\u00e1 cabeza de serie del Grupo A y debutar\u00e1 este martes ante Bermuda por el Grupo III de la Zona Americana de la Copa Davis, seg\u00fan el sorteo que se llev\u00f3 adelante el domingo en Asunci\u00f3n, Paraguay.<\/p>\n<div dir=\"auto\">Las instalaciones del Club Internacional de Tenis albergaron el sorteo para definir los grupos con las nueve selecciones participantes.<\/div>\n<div dir=\"auto\">Gracias a su ranking la Verde fue elegida una de las dos cabezas de serie y estar\u00e1 en la A con Venezuela, Bermuda y Panam\u00e1. En el B figuran: Rep\u00fablica Dominicana, Paraguay, Costa Rica, Bahamas y Honduras.<\/div>\n<div dir=\"auto\">La modalidad de competencia ser\u00e1 round robin (todos contra todos) de los cuales los dos mejores de cada serie pasar\u00e1n a la ronda final para definir las tres plazas de ascenso que est\u00e1n en juego hacia los Play-Offs del Grupo Mundial II. Tambi\u00e9n habr\u00e1 dos descensos.<\/div>\n<div dir=\"auto\">Cada pa\u00eds se enfrentar\u00e1 a cada naci\u00f3n a tres partidos (dos singles y un doble) y el que gane dos de esos encuentros se quedar\u00e1 con el punto.<\/div>\n<div dir=\"auto\">El historial<\/div>\n<div dir=\"auto\">La selecci\u00f3n nacional es liderada por Juan Carlos Prado (de 18 a\u00f1os). Lo acompa\u00f1an Agust\u00edn Cu\u00e9llar (20), Ernesto Requena (19) y Ra\u00fal Garc\u00eda (21). El capit\u00e1n (entrenador) es Mauricio Solis.<\/div>\n<div dir=\"auto\">A priori el debut de Bolivia es accesible porque el historial contra Bermuda muestra que la Verde se impuso en los cuatro enfrentamientos que tuvieron: en 1996, 2001 (dos veces) y 2002.<\/div>\n<div dir=\"auto\">Ante Panam\u00e1 el panorama es muy parejo porque luego de seis enfrenamientos se encuentran igualados (3-3).<\/div>\n<div dir=\"auto\">Bolivia se impuso en 2004, 2007 y 2016, mientras que perdi\u00f3 en 1996 y 1999 (dos veces).<\/div>\n<div dir=\"auto\">Mientras que contra Venezuela solo jugaron una vez y los llaneros salieron victoriosos. Fue en 2010.<\/div>\n","protected":false},"excerpt":{"rendered":"<p>Bolivia ser\u00e1 cabeza de serie del Grupo A y debutar\u00e1 este martes ante Bermuda por el Grupo III de la Zona Americana de la Copa Davis, seg\u00fan el sorteo que se llev\u00f3 adelante el domingo en Asunci\u00f3n, Paraguay. Las instalaciones del Club Internacional de Tenis albergaron el sorteo para definir los grupos con las nueve [&hellip;]<\/p>\n","protected":false},"author":1,"featured_media":161042,"comment_status":"closed","ping_status":"closed","sticky":false,"template":"","format":"standard","meta":{"_acf_changed":false,"footnotes":""},"categories":[6],"tags":[],"class_list":["post-161041","post","type-post","status-publish","format-standard","has-post-thumbnail","category-deportes"],"acf":{"antetitulo":""},"yoast_head":"<!-- This site is optimized with the Yoast SEO plugin v28.3 - https:\/\/yoast.com\/product\/yoast-seo-wordpress\/ -->\n<title>Bolivia enfrenta a Bermuda en su debut en la Copa Davis - El Diario - Bolivia<\/title>\n<meta name=\"robots\" content=\"index, follow, max-snippet:-1, max-image-preview:large, max-video-preview:-1\" \/>\n<link rel=\"canonical\" href=\"https:\/\/www.eldiario.net\/portal\/2023\/06\/20\/bolivia-enfrenta-a-bermuda-en-su-debut-en-la-copa-davis\/\" \/>\n<meta property=\"og:locale\" content=\"es_ES\" \/>\n<meta property=\"og:type\" content=\"article\" \/>\n<meta property=\"og:title\" content=\"Bolivia enfrenta a Bermuda en su debut en la Copa Davis - El Diario - Bolivia\" \/>\n<meta property=\"og:description\" content=\"Bolivia ser\u00e1 cabeza de serie del Grupo A y debutar\u00e1 este martes ante Bermuda por el Grupo III de la Zona Americana de la Copa Davis, seg\u00fan el sorteo que se llev\u00f3 adelante el domingo en Asunci\u00f3n, Paraguay. Las instalaciones del Club Internacional de Tenis albergaron el sorteo para definir los grupos con las nueve [&hellip;]\" \/>\n<meta property=\"og:url\" content=\"https:\/\/www.eldiario.net\/portal\/2023\/06\/20\/bolivia-enfrenta-a-bermuda-en-su-debut-en-la-copa-davis\/\" \/>\n<meta property=\"og:site_name\" content=\"El Diario - Bolivia\" \/>\n<meta property=\"article:publisher\" content=\"https:\/\/www.facebook.com\/eldiario.bolivia\/\" \/>\n<meta property=\"article:published_time\" content=\"2023-06-20T10:36:09+00:00\" \/>\n<meta property=\"og:image\" content=\"https:\/\/www.eldiario.net\/portal\/wp-content\/uploads\/2023\/06\/IMG-20230619-WA0044.jpg\" \/>\n\t<meta property=\"og:image:width\" content=\"1159\" \/>\n\t<meta property=\"og:image:height\" content=\"1005\" \/>\n\t<meta property=\"og:image:type\" content=\"image\/jpeg\" \/>\n<meta name=\"author\" content=\"Jeanette\" \/>\n<meta name=\"twitter:card\" content=\"summary_large_image\" \/>\n<meta name=\"twitter:creator\" content=\"@eldiario_net\" \/>\n<meta name=\"twitter:site\" content=\"@eldiario_net\" \/>\n<meta name=\"twitter:label1\" content=\"Escrito por\" \/>\n\t<meta name=\"twitter:data1\" content=\"Jeanette\" \/>\n\t<meta name=\"twitter:label2\" content=\"Tiempo de lectura\" \/>\n\t<meta name=\"twitter:data2\" content=\"2 minutos\" \/>\n<script type=\"application\/ld+json\" class=\"yoast-schema-graph\">{\"@context\":\"https:\\\/\\\/schema.org\",\"@graph\":[{\"@type\":\"Article\",\"@id\":\"https:\\\/\\\/www.eldiario.net\\\/portal\\\/2023\\\/06\\\/20\\\/bolivia-enfrenta-a-bermuda-en-su-debut-en-la-copa-davis\\\/#article\",\"isPartOf\":{\"@id\":\"https:\\\/\\\/www.eldiario.net\\\/portal\\\/2023\\\/06\\\/20\\\/bolivia-enfrenta-a-bermuda-en-su-debut-en-la-copa-davis\\\/\"},\"author\":{\"name\":\"Jeanette\",\"@id\":\"https:\\\/\\\/www.eldiario.net\\\/portal\\\/#\\\/schema\\\/person\\\/f46445640444750d7d753ccd04ae01b7\"},\"headline\":\"Bolivia enfrenta a Bermuda en su debut en la Copa Davis\",\"datePublished\":\"2023-06-20T10:36:09+00:00\",\"mainEntityOfPage\":{\"@id\":\"https:\\\/\\\/www.eldiario.net\\\/portal\\\/2023\\\/06\\\/20\\\/bolivia-enfrenta-a-bermuda-en-su-debut-en-la-copa-davis\\\/\"},\"wordCount\":295,\"publisher\":{\"@id\":\"https:\\\/\\\/www.eldiario.net\\\/portal\\\/#organization\"},\"image\":{\"@id\":\"https:\\\/\\\/www.eldiario.net\\\/portal\\\/2023\\\/06\\\/20\\\/bolivia-enfrenta-a-bermuda-en-su-debut-en-la-copa-davis\\\/#primaryimage\"},\"thumbnailUrl\":\"https:\\\/\\\/www.eldiario.net\\\/portal\\\/wp-content\\\/uploads\\\/2023\\\/06\\\/IMG-20230619-WA0044.jpg\",\"articleSection\":[\"Deportes\"],\"inLanguage\":\"es\"},{\"@type\":\"WebPage\",\"@id\":\"https:\\\/\\\/www.eldiario.net\\\/portal\\\/2023\\\/06\\\/20\\\/bolivia-enfrenta-a-bermuda-en-su-debut-en-la-copa-davis\\\/\",\"url\":\"https:\\\/\\\/www.eldiario.net\\\/portal\\\/2023\\\/06\\\/20\\\/bolivia-enfrenta-a-bermuda-en-su-debut-en-la-copa-davis\\\/\",\"name\":\"Bolivia enfrenta a Bermuda en su debut en la Copa Davis - El Diario - Bolivia\",\"isPartOf\":{\"@id\":\"https:\\\/\\\/www.eldiario.net\\\/portal\\\/#website\"},\"primaryImageOfPage\":{\"@id\":\"https:\\\/\\\/www.eldiario.net\\\/portal\\\/2023\\\/06\\\/20\\\/bolivia-enfrenta-a-bermuda-en-su-debut-en-la-copa-davis\\\/#primaryimage\"},\"image\":{\"@id\":\"https:\\\/\\\/www.eldiario.net\\\/portal\\\/2023\\\/06\\\/20\\\/bolivia-enfrenta-a-bermuda-en-su-debut-en-la-copa-davis\\\/#primaryimage\"},\"thumbnailUrl\":\"https:\\\/\\\/www.eldiario.net\\\/portal\\\/wp-content\\\/uploads\\\/2023\\\/06\\\/IMG-20230619-WA0044.jpg\",\"datePublished\":\"2023-06-20T10:36:09+00:00\",\"breadcrumb\":{\"@id\":\"https:\\\/\\\/www.eldiario.net\\\/portal\\\/2023\\\/06\\\/20\\\/bolivia-enfrenta-a-bermuda-en-su-debut-en-la-copa-davis\\\/#breadcrumb\"},\"inLanguage\":\"es\",\"potentialAction\":[{\"@type\":\"ReadAction\",\"target\":[\"https:\\\/\\\/www.eldiario.net\\\/portal\\\/2023\\\/06\\\/20\\\/bolivia-enfrenta-a-bermuda-en-su-debut-en-la-copa-davis\\\/\"]}]},{\"@type\":\"ImageObject\",\"inLanguage\":\"es\",\"@id\":\"https:\\\/\\\/www.eldiario.net\\\/portal\\\/2023\\\/06\\\/20\\\/bolivia-enfrenta-a-bermuda-en-su-debut-en-la-copa-davis\\\/#primaryimage\",\"url\":\"https:\\\/\\\/www.eldiario.net\\\/portal\\\/wp-content\\\/uploads\\\/2023\\\/06\\\/IMG-20230619-WA0044.jpg\",\"contentUrl\":\"https:\\\/\\\/www.eldiario.net\\\/portal\\\/wp-content\\\/uploads\\\/2023\\\/06\\\/IMG-20230619-WA0044.jpg\",\"width\":1159,\"height\":1005},{\"@type\":\"BreadcrumbList\",\"@id\":\"https:\\\/\\\/www.eldiario.net\\\/portal\\\/2023\\\/06\\\/20\\\/bolivia-enfrenta-a-bermuda-en-su-debut-en-la-copa-davis\\\/#breadcrumb\",\"itemListElement\":[{\"@type\":\"ListItem\",\"position\":1,\"name\":\"Portada\",\"item\":\"https:\\\/\\\/www.eldiario.net\\\/portal\\\/\"},{\"@type\":\"ListItem\",\"position\":2,\"name\":\"Bolivia enfrenta a Bermuda en su debut en la Copa Davis\"}]},{\"@type\":\"WebSite\",\"@id\":\"https:\\\/\\\/www.eldiario.net\\\/portal\\\/#website\",\"url\":\"https:\\\/\\\/www.eldiario.net\\\/portal\\\/\",\"name\":\"El Diario - Decano de la prensa nacional\",\"description\":\"El Diario - Decano de la prensa nacional\",\"publisher\":{\"@id\":\"https:\\\/\\\/www.eldiario.net\\\/portal\\\/#organization\"},\"potentialAction\":[{\"@type\":\"SearchAction\",\"target\":{\"@type\":\"EntryPoint\",\"urlTemplate\":\"https:\\\/\\\/www.eldiario.net\\\/portal\\\/?s={search_term_string}\"},\"query-input\":{\"@type\":\"PropertyValueSpecification\",\"valueRequired\":true,\"valueName\":\"search_term_string\"}}],\"inLanguage\":\"es\"},{\"@type\":\"Organization\",\"@id\":\"https:\\\/\\\/www.eldiario.net\\\/portal\\\/#organization\",\"name\":\"El Diario - Decano de la prensa nacional\",\"url\":\"https:\\\/\\\/www.eldiario.net\\\/portal\\\/\",\"logo\":{\"@type\":\"ImageObject\",\"inLanguage\":\"es\",\"@id\":\"https:\\\/\\\/www.eldiario.net\\\/portal\\\/#\\\/schema\\\/logo\\\/image\\\/\",\"url\":\"https:\\\/\\\/www.eldiario.net\\\/portal\\\/wp-content\\\/uploads\\\/2023\\\/07\\\/logo_ED.jpg\",\"contentUrl\":\"https:\\\/\\\/www.eldiario.net\\\/portal\\\/wp-content\\\/uploads\\\/2023\\\/07\\\/logo_ED.jpg\",\"width\":272,\"height\":52,\"caption\":\"El Diario - Decano de la prensa nacional\"},\"image\":{\"@id\":\"https:\\\/\\\/www.eldiario.net\\\/portal\\\/#\\\/schema\\\/logo\\\/image\\\/\"},\"sameAs\":[\"https:\\\/\\\/www.facebook.com\\\/eldiario.bolivia\\\/\",\"https:\\\/\\\/x.com\\\/eldiario_net\"]},{\"@type\":\"Person\",\"@id\":\"https:\\\/\\\/www.eldiario.net\\\/portal\\\/#\\\/schema\\\/person\\\/f46445640444750d7d753ccd04ae01b7\",\"name\":\"Jeanette\",\"image\":{\"@type\":\"ImageObject\",\"inLanguage\":\"es\",\"@id\":\"https:\\\/\\\/secure.gravatar.com\\\/avatar\\\/3ea2118a5f7dad2b7138b1187a6b7ee55f160b9968b66013c3a3ef39dd7e5798?s=96&d=mm&r=g\",\"url\":\"https:\\\/\\\/secure.gravatar.com\\\/avatar\\\/3ea2118a5f7dad2b7138b1187a6b7ee55f160b9968b66013c3a3ef39dd7e5798?s=96&d=mm&r=g\",\"contentUrl\":\"https:\\\/\\\/secure.gravatar.com\\\/avatar\\\/3ea2118a5f7dad2b7138b1187a6b7ee55f160b9968b66013c3a3ef39dd7e5798?s=96&d=mm&r=g\",\"caption\":\"Jeanette\"},\"sameAs\":[\"https:\\\/\\\/www.eldiario.net\\\/portal\"],\"url\":\"https:\\\/\\\/www.eldiario.net\\\/portal\\\/author\\\/jeanette\\\/\"}]}<\/script>\n<!-- \/ Yoast SEO plugin. -->","yoast_head_json":{"title":"Bolivia enfrenta a Bermuda en su debut en la Copa Davis - El Diario - Bolivia","robots":{"index":"index","follow":"follow","max-snippet":"max-snippet:-1","max-image-preview":"max-image-preview:large","max-video-preview":"max-video-preview:-1"},"canonical":"https:\/\/www.eldiario.net\/portal\/2023\/06\/20\/bolivia-enfrenta-a-bermuda-en-su-debut-en-la-copa-davis\/","og_locale":"es_ES","og_type":"article","og_title":"Bolivia enfrenta a Bermuda en su debut en la Copa Davis - El Diario - Bolivia","og_description":"Bolivia ser\u00e1 cabeza de serie del Grupo A y debutar\u00e1 este martes ante Bermuda por el Grupo III de la Zona Americana de la Copa Davis, seg\u00fan el sorteo que se llev\u00f3 adelante el domingo en Asunci\u00f3n, Paraguay. Las instalaciones del Club Internacional de Tenis albergaron el sorteo para definir los grupos con las nueve [&hellip;]","og_url":"https:\/\/www.eldiario.net\/portal\/2023\/06\/20\/bolivia-enfrenta-a-bermuda-en-su-debut-en-la-copa-davis\/","og_site_name":"El Diario - Bolivia","article_publisher":"https:\/\/www.facebook.com\/eldiario.bolivia\/","article_published_time":"2023-06-20T10:36:09+00:00","og_image":[{"width":1159,"height":1005,"url":"https:\/\/www.eldiario.net\/portal\/wp-content\/uploads\/2023\/06\/IMG-20230619-WA0044.jpg","type":"image\/jpeg"}],"author":"Jeanette","twitter_card":"summary_large_image","twitter_creator":"@eldiario_net","twitter_site":"@eldiario_net","twitter_misc":{"Escrito por":"Jeanette","Tiempo de lectura":"2 minutos"},"schema":{"@context":"https:\/\/schema.org","@graph":[{"@type":"Article","@id":"https:\/\/www.eldiario.net\/portal\/2023\/06\/20\/bolivia-enfrenta-a-bermuda-en-su-debut-en-la-copa-davis\/#article","isPartOf":{"@id":"https:\/\/www.eldiario.net\/portal\/2023\/06\/20\/bolivia-enfrenta-a-bermuda-en-su-debut-en-la-copa-davis\/"},"author":{"name":"Jeanette","@id":"https:\/\/www.eldiario.net\/portal\/#\/schema\/person\/f46445640444750d7d753ccd04ae01b7"},"headline":"Bolivia enfrenta a Bermuda en su debut en la Copa Davis","datePublished":"2023-06-20T10:36:09+00:00","mainEntityOfPage":{"@id":"https:\/\/www.eldiario.net\/portal\/2023\/06\/20\/bolivia-enfrenta-a-bermuda-en-su-debut-en-la-copa-davis\/"},"wordCount":295,"publisher":{"@id":"https:\/\/www.eldiario.net\/portal\/#organization"},"image":{"@id":"https:\/\/www.eldiario.net\/portal\/2023\/06\/20\/bolivia-enfrenta-a-bermuda-en-su-debut-en-la-copa-davis\/#primaryimage"},"thumbnailUrl":"https:\/\/www.eldiario.net\/portal\/wp-content\/uploads\/2023\/06\/IMG-20230619-WA0044.jpg","articleSection":["Deportes"],"inLanguage":"es"},{"@type":"WebPage","@id":"https:\/\/www.eldiario.net\/portal\/2023\/06\/20\/bolivia-enfrenta-a-bermuda-en-su-debut-en-la-copa-davis\/","url":"https:\/\/www.eldiario.net\/portal\/2023\/06\/20\/bolivia-enfrenta-a-bermuda-en-su-debut-en-la-copa-davis\/","name":"Bolivia enfrenta a Bermuda en su debut en la Copa Davis - El Diario - Bolivia","isPartOf":{"@id":"https:\/\/www.eldiario.net\/portal\/#website"},"primaryImageOfPage":{"@id":"https:\/\/www.eldiario.net\/portal\/2023\/06\/20\/bolivia-enfrenta-a-bermuda-en-su-debut-en-la-copa-davis\/#primaryimage"},"image":{"@id":"https:\/\/www.eldiario.net\/portal\/2023\/06\/20\/bolivia-enfrenta-a-bermuda-en-su-debut-en-la-copa-davis\/#primaryimage"},"thumbnailUrl":"https:\/\/www.eldiario.net\/portal\/wp-content\/uploads\/2023\/06\/IMG-20230619-WA0044.jpg","datePublished":"2023-06-20T10:36:09+00:00","breadcrumb":{"@id":"https:\/\/www.eldiario.net\/portal\/2023\/06\/20\/bolivia-enfrenta-a-bermuda-en-su-debut-en-la-copa-davis\/#breadcrumb"},"inLanguage":"es","potentialAction":[{"@type":"ReadAction","target":["https:\/\/www.eldiario.net\/portal\/2023\/06\/20\/bolivia-enfrenta-a-bermuda-en-su-debut-en-la-copa-davis\/"]}]},{"@type":"ImageObject","inLanguage":"es","@id":"https:\/\/www.eldiario.net\/portal\/2023\/06\/20\/bolivia-enfrenta-a-bermuda-en-su-debut-en-la-copa-davis\/#primaryimage","url":"https:\/\/www.eldiario.net\/portal\/wp-content\/uploads\/2023\/06\/IMG-20230619-WA0044.jpg","contentUrl":"https:\/\/www.eldiario.net\/portal\/wp-content\/uploads\/2023\/06\/IMG-20230619-WA0044.jpg","width":1159,"height":1005},{"@type":"BreadcrumbList","@id":"https:\/\/www.eldiario.net\/portal\/2023\/06\/20\/bolivia-enfrenta-a-bermuda-en-su-debut-en-la-copa-davis\/#breadcrumb","itemListElement":[{"@type":"ListItem","position":1,"name":"Portada","item":"https:\/\/www.eldiario.net\/portal\/"},{"@type":"ListItem","position":2,"name":"Bolivia enfrenta a Bermuda en su debut en la Copa Davis"}]},{"@type":"WebSite","@id":"https:\/\/www.eldiario.net\/portal\/#website","url":"https:\/\/www.eldiario.net\/portal\/","name":"El Diario - Decano de la prensa nacional","description":"El Diario - Decano de la prensa nacional","publisher":{"@id":"https:\/\/www.eldiario.net\/portal\/#organization"},"potentialAction":[{"@type":"SearchAction","target":{"@type":"EntryPoint","urlTemplate":"https:\/\/www.eldiario.net\/portal\/?s={search_term_string}"},"query-input":{"@type":"PropertyValueSpecification","valueRequired":true,"valueName":"search_term_string"}}],"inLanguage":"es"},{"@type":"Organization","@id":"https:\/\/www.eldiario.net\/portal\/#organization","name":"El Diario - Decano de la prensa nacional","url":"https:\/\/www.eldiario.net\/portal\/","logo":{"@type":"ImageObject","inLanguage":"es","@id":"https:\/\/www.eldiario.net\/portal\/#\/schema\/logo\/image\/","url":"https:\/\/www.eldiario.net\/portal\/wp-content\/uploads\/2023\/07\/logo_ED.jpg","contentUrl":"https:\/\/www.eldiario.net\/portal\/wp-content\/uploads\/2023\/07\/logo_ED.jpg","width":272,"height":52,"caption":"El Diario - Decano de la prensa nacional"},"image":{"@id":"https:\/\/www.eldiario.net\/portal\/#\/schema\/logo\/image\/"},"sameAs":["https:\/\/www.facebook.com\/eldiario.bolivia\/","https:\/\/x.com\/eldiario_net"]},{"@type":"Person","@id":"https:\/\/www.eldiario.net\/portal\/#\/schema\/person\/f46445640444750d7d753ccd04ae01b7","name":"Jeanette","image":{"@type":"ImageObject","inLanguage":"es","@id":"https:\/\/secure.gravatar.com\/avatar\/3ea2118a5f7dad2b7138b1187a6b7ee55f160b9968b66013c3a3ef39dd7e5798?s=96&d=mm&r=g","url":"https:\/\/secure.gravatar.com\/avatar\/3ea2118a5f7dad2b7138b1187a6b7ee55f160b9968b66013c3a3ef39dd7e5798?s=96&d=mm&r=g","contentUrl":"https:\/\/secure.gravatar.com\/avatar\/3ea2118a5f7dad2b7138b1187a6b7ee55f160b9968b66013c3a3ef39dd7e5798?s=96&d=mm&r=g","caption":"Jeanette"},"sameAs":["https:\/\/www.eldiario.net\/portal"],"url":"https:\/\/www.eldiario.net\/portal\/author\/jeanette\/"}]}},"_links":{"self":[{"href":"https:\/\/www.eldiario.net\/portal\/wp-json\/wp\/v2\/posts\/161041","targetHints":{"allow":["GET"]}}],"collection":[{"href":"https:\/\/www.eldiario.net\/portal\/wp-json\/wp\/v2\/posts"}],"about":[{"href":"https:\/\/www.eldiario.net\/portal\/wp-json\/wp\/v2\/types\/post"}],"author":[{"embeddable":true,"href":"https:\/\/www.eldiario.net\/portal\/wp-json\/wp\/v2\/users\/1"}],"replies":[{"embeddable":true,"href":"https:\/\/www.eldiario.net\/portal\/wp-json\/wp\/v2\/comments?post=161041"}],"version-history":[{"count":0,"href":"https:\/\/www.eldiario.net\/portal\/wp-json\/wp\/v2\/posts\/161041\/revisions"}],"wp:featuredmedia":[{"embeddable":true,"href":"https:\/\/www.eldiario.net\/portal\/wp-json\/wp\/v2\/media\/161042"}],"wp:attachment":[{"href":"https:\/\/www.eldiario.net\/portal\/wp-json\/wp\/v2\/media?parent=161041"}],"wp:term":[{"taxonomy":"category","embeddable":true,"href":"https:\/\/www.eldiario.net\/portal\/wp-json\/wp\/v2\/categories?post=161041"},{"taxonomy":"post_tag","embeddable":true,"href":"https:\/\/www.eldiario.net\/portal\/wp-json\/wp\/v2\/tags?post=161041"}],"curies":[{"name":"wp","href":"https:\/\/api.w.org\/{rel}","templated":true}]}}