{"id":161038,"date":"2023-06-20T06:35:24","date_gmt":"2023-06-20T10:35:24","guid":{"rendered":"https:\/\/www.eldiario.net\/portal\/?p=161038"},"modified":"2023-06-20T06:35:24","modified_gmt":"2023-06-20T10:35:24","slug":"castiblanco-llega-al-decimoquinto-lugar-en-la-vuelta-a-colombia","status":"publish","type":"post","link":"https:\/\/www.eldiario.net\/portal\/2023\/06\/20\/castiblanco-llega-al-decimoquinto-lugar-en-la-vuelta-a-colombia\/","title":{"rendered":"Castiblanco llega al decimoquinto lugar en la Vuelta a Colombia"},"content":{"rendered":"<div dir=\"auto\">El ciclista colombiano Camilo Castiblanco (del equipo boliviano P\u00edo Rico Alcald\u00eda La Vega) escal\u00f3 dos posiciones para ubicarse en la decimoquinta casilla de la clasificaci\u00f3n general tras la tercera etapa de la Vuelta a Colombia, en la que el boliviano Jos\u00e9 Manuel Aramayo termin\u00f3 noveno en la Sub-23.<\/div>\n<div dir=\"auto\">Este lunes la carrera se llev\u00f3 adelante en un circuito preparado en Ibagu\u00e9, cuyo trayecto fue de 105,4 kil\u00f3metros.<\/div>\n<div dir=\"auto\">El primer pelot\u00f3n, compuesto por 111 pedalistas, termin\u00f3 con el mismo tiempo: 2 horas, 30 minutos y 30 segundos.<\/div>\n<div dir=\"auto\">Entre ellos estuvieron cinco miembros del P\u00edo Rico, que forma parte de la empresa del mismo nombre en Cochabamba: Aramayo se situ\u00f3 en el 45\u00b0; el colombiano Brayan Clavijo, en el 68\u00b0; Castiblanco, en el 89\u00b0; los cafeteros Esteban Guerrero, en el 94\u00b0; y Juan Felipe Rodr\u00edguez, en el 110\u00b0.<\/div>\n<div dir=\"auto\">M\u00e1s abajo se sit\u00faan Eduardo Moyata, en el 131\u00b0 (con 02h33&#8217;35\u00bb) y Wilber Rodr\u00edguez, en el 136\u00b0 (02h37&#8217;05\u00bb).<\/div>\n<div dir=\"auto\">El colombiano Miguel \u00c1ngel L\u00f3pez (Team Medell\u00edn) fue el ganador, seguido por el ecuatoriano Bayron Guama (Movstar Best PC) y el cafetero Daniel Mu\u00f1oz (EPM).<\/div>\n<div dir=\"auto\">Aramayo acab\u00f3 en la novena casilla del Sub-23. Clavijo termin\u00f3 en el 17\u00b0 y Juan Felipe Rodr\u00edguez en el 36\u00b0. El colombiano Andr\u00e9s Mancipe (GW Shimano Sidermec) fue el m\u00e1s veloz de la categor\u00eda.<\/div>\n<div dir=\"auto\">En la competencia por equipos P\u00edo Rico se ubic\u00f3 decimoctavo con el mismo registro que 19 escuadras: 07h31&#8217;30\u00bb.<\/div>\n<div dir=\"auto\">Asciende<\/div>\n<div dir=\"auto\">Castiblanco escal\u00f3 dos puestos en la general. Pas\u00f3 del decimos\u00e9ptimo al decimoquinto lugar (11h17&#8217;46\u00bb), a minuto y medio del l\u00edder L\u00f3pez (11h16&#8217;17\u00bb), quien es escoltado por sus compatriotas Fabio Duarte (Team Medell\u00edn, 11h17&#8217;04\u00bb) y Rodrigo Contreras (COL Potencia Vida, 11h17&#8217;05\u00bb).<\/div>\n<div dir=\"auto\">Los dem\u00e1s miembros del equipo se ubicaron de la siguiente manera: Juan Felipe Rodr\u00edguez se encuentra en el 51\u00b0 (11h18&#8217;40\u00bb); Aramayo, en el 106\u00b0 (11h21&#8217;39\u00bb); Guerrero, en el 116\u00b0 (11h22&#8217;16\u00bb); Clavijo, en el 128\u00b0 (11h25&#8217;03\u00bb); Moyata, en el 131\u00b0 (11h27&#8217;45\u00bb); y Wilber Rodr\u00edguez, en el 133\u00b0 (11h28&#8217;04\u00bb).<\/div>\n<div dir=\"auto\">Juan Felipe Rodr\u00edguez es octavo en la Sub-23, Aramayo est\u00e1 en el 32\u00b0 y Clavijo en el 40\u00b0. Mancipe (GW Shimano Sidermec) se mantiene de l\u00edder en esta categor\u00eda (11h17&#8217;32\u00bb).<\/div>\n<div dir=\"auto\">P\u00edo Rico es d\u00e9cimo en la clasificaci\u00f3n general de equipos (33h21&#8217;05\u00bb). La cima pertenece a GW Shimano Sidermec (33h20&#8217;06\u00bb).<\/div>\n<div dir=\"auto\">Este martes se correr\u00e1 la cuarta etapa sobre 119,3 kil\u00f3metros entre Ibagu\u00e9 y el Alto de la L\u00ednea, una jornada monta\u00f1osa que culminar\u00e1 en el temible y m\u00edtico ascenso.<\/div>\n<div dir=\"auto\"><\/div>\n","protected":false},"excerpt":{"rendered":"<p>El ciclista colombiano Camilo Castiblanco (del equipo boliviano P\u00edo Rico Alcald\u00eda La Vega) escal\u00f3 dos posiciones para ubicarse en la decimoquinta casilla de la clasificaci\u00f3n general tras la tercera etapa de la Vuelta a Colombia, en la que el boliviano Jos\u00e9 Manuel Aramayo termin\u00f3 noveno en la Sub-23. Este lunes la carrera se llev\u00f3 adelante [&hellip;]<\/p>\n","protected":false},"author":1,"featured_media":161039,"comment_status":"closed","ping_status":"closed","sticky":false,"template":"","format":"standard","meta":{"_acf_changed":false,"footnotes":""},"categories":[6],"tags":[],"class_list":["post-161038","post","type-post","status-publish","format-standard","has-post-thumbnail","category-deportes"],"acf":{"antetitulo":""},"yoast_head":"<!-- This site is optimized with the Yoast SEO plugin v28.3 - https:\/\/yoast.com\/product\/yoast-seo-wordpress\/ -->\n<title>Castiblanco llega al decimoquinto lugar en la Vuelta a Colombia - El Diario - Bolivia<\/title>\n<meta name=\"robots\" content=\"index, follow, max-snippet:-1, max-image-preview:large, max-video-preview:-1\" \/>\n<link rel=\"canonical\" href=\"https:\/\/www.eldiario.net\/portal\/2023\/06\/20\/castiblanco-llega-al-decimoquinto-lugar-en-la-vuelta-a-colombia\/\" \/>\n<meta property=\"og:locale\" content=\"es_ES\" \/>\n<meta property=\"og:type\" content=\"article\" \/>\n<meta property=\"og:title\" content=\"Castiblanco llega al decimoquinto lugar en la Vuelta a Colombia - El Diario - Bolivia\" \/>\n<meta property=\"og:description\" content=\"El ciclista colombiano Camilo Castiblanco (del equipo boliviano P\u00edo Rico Alcald\u00eda La Vega) escal\u00f3 dos posiciones para ubicarse en la decimoquinta casilla de la clasificaci\u00f3n general tras la tercera etapa de la Vuelta a Colombia, en la que el boliviano Jos\u00e9 Manuel Aramayo termin\u00f3 noveno en la Sub-23. Este lunes la carrera se llev\u00f3 adelante [&hellip;]\" \/>\n<meta property=\"og:url\" content=\"https:\/\/www.eldiario.net\/portal\/2023\/06\/20\/castiblanco-llega-al-decimoquinto-lugar-en-la-vuelta-a-colombia\/\" \/>\n<meta property=\"og:site_name\" content=\"El Diario - Bolivia\" \/>\n<meta property=\"article:publisher\" content=\"https:\/\/www.facebook.com\/eldiario.bolivia\/\" \/>\n<meta property=\"article:published_time\" content=\"2023-06-20T10:35:24+00:00\" \/>\n<meta property=\"og:image\" content=\"https:\/\/www.eldiario.net\/portal\/wp-content\/uploads\/2023\/06\/IMG-20230619-WA0060.jpg\" \/>\n\t<meta property=\"og:image:width\" content=\"1200\" \/>\n\t<meta property=\"og:image:height\" content=\"800\" \/>\n\t<meta property=\"og:image:type\" content=\"image\/jpeg\" \/>\n<meta name=\"author\" content=\"Jeanette\" \/>\n<meta name=\"twitter:card\" content=\"summary_large_image\" \/>\n<meta name=\"twitter:creator\" content=\"@eldiario_net\" \/>\n<meta name=\"twitter:site\" content=\"@eldiario_net\" \/>\n<meta name=\"twitter:label1\" content=\"Escrito por\" \/>\n\t<meta name=\"twitter:data1\" content=\"Jeanette\" \/>\n\t<meta name=\"twitter:label2\" content=\"Tiempo de lectura\" \/>\n\t<meta name=\"twitter:data2\" content=\"2 minutos\" \/>\n<script type=\"application\/ld+json\" class=\"yoast-schema-graph\">{\"@context\":\"https:\\\/\\\/schema.org\",\"@graph\":[{\"@type\":\"Article\",\"@id\":\"https:\\\/\\\/www.eldiario.net\\\/portal\\\/2023\\\/06\\\/20\\\/castiblanco-llega-al-decimoquinto-lugar-en-la-vuelta-a-colombia\\\/#article\",\"isPartOf\":{\"@id\":\"https:\\\/\\\/www.eldiario.net\\\/portal\\\/2023\\\/06\\\/20\\\/castiblanco-llega-al-decimoquinto-lugar-en-la-vuelta-a-colombia\\\/\"},\"author\":{\"name\":\"Jeanette\",\"@id\":\"https:\\\/\\\/www.eldiario.net\\\/portal\\\/#\\\/schema\\\/person\\\/f46445640444750d7d753ccd04ae01b7\"},\"headline\":\"Castiblanco llega al decimoquinto lugar en la Vuelta a Colombia\",\"datePublished\":\"2023-06-20T10:35:24+00:00\",\"mainEntityOfPage\":{\"@id\":\"https:\\\/\\\/www.eldiario.net\\\/portal\\\/2023\\\/06\\\/20\\\/castiblanco-llega-al-decimoquinto-lugar-en-la-vuelta-a-colombia\\\/\"},\"wordCount\":418,\"publisher\":{\"@id\":\"https:\\\/\\\/www.eldiario.net\\\/portal\\\/#organization\"},\"image\":{\"@id\":\"https:\\\/\\\/www.eldiario.net\\\/portal\\\/2023\\\/06\\\/20\\\/castiblanco-llega-al-decimoquinto-lugar-en-la-vuelta-a-colombia\\\/#primaryimage\"},\"thumbnailUrl\":\"https:\\\/\\\/www.eldiario.net\\\/portal\\\/wp-content\\\/uploads\\\/2023\\\/06\\\/IMG-20230619-WA0060.jpg\",\"articleSection\":[\"Deportes\"],\"inLanguage\":\"es\"},{\"@type\":\"WebPage\",\"@id\":\"https:\\\/\\\/www.eldiario.net\\\/portal\\\/2023\\\/06\\\/20\\\/castiblanco-llega-al-decimoquinto-lugar-en-la-vuelta-a-colombia\\\/\",\"url\":\"https:\\\/\\\/www.eldiario.net\\\/portal\\\/2023\\\/06\\\/20\\\/castiblanco-llega-al-decimoquinto-lugar-en-la-vuelta-a-colombia\\\/\",\"name\":\"Castiblanco llega al decimoquinto lugar en la Vuelta a Colombia - El Diario - Bolivia\",\"isPartOf\":{\"@id\":\"https:\\\/\\\/www.eldiario.net\\\/portal\\\/#website\"},\"primaryImageOfPage\":{\"@id\":\"https:\\\/\\\/www.eldiario.net\\\/portal\\\/2023\\\/06\\\/20\\\/castiblanco-llega-al-decimoquinto-lugar-en-la-vuelta-a-colombia\\\/#primaryimage\"},\"image\":{\"@id\":\"https:\\\/\\\/www.eldiario.net\\\/portal\\\/2023\\\/06\\\/20\\\/castiblanco-llega-al-decimoquinto-lugar-en-la-vuelta-a-colombia\\\/#primaryimage\"},\"thumbnailUrl\":\"https:\\\/\\\/www.eldiario.net\\\/portal\\\/wp-content\\\/uploads\\\/2023\\\/06\\\/IMG-20230619-WA0060.jpg\",\"datePublished\":\"2023-06-20T10:35:24+00:00\",\"breadcrumb\":{\"@id\":\"https:\\\/\\\/www.eldiario.net\\\/portal\\\/2023\\\/06\\\/20\\\/castiblanco-llega-al-decimoquinto-lugar-en-la-vuelta-a-colombia\\\/#breadcrumb\"},\"inLanguage\":\"es\",\"potentialAction\":[{\"@type\":\"ReadAction\",\"target\":[\"https:\\\/\\\/www.eldiario.net\\\/portal\\\/2023\\\/06\\\/20\\\/castiblanco-llega-al-decimoquinto-lugar-en-la-vuelta-a-colombia\\\/\"]}]},{\"@type\":\"ImageObject\",\"inLanguage\":\"es\",\"@id\":\"https:\\\/\\\/www.eldiario.net\\\/portal\\\/2023\\\/06\\\/20\\\/castiblanco-llega-al-decimoquinto-lugar-en-la-vuelta-a-colombia\\\/#primaryimage\",\"url\":\"https:\\\/\\\/www.eldiario.net\\\/portal\\\/wp-content\\\/uploads\\\/2023\\\/06\\\/IMG-20230619-WA0060.jpg\",\"contentUrl\":\"https:\\\/\\\/www.eldiario.net\\\/portal\\\/wp-content\\\/uploads\\\/2023\\\/06\\\/IMG-20230619-WA0060.jpg\",\"width\":1200,\"height\":800},{\"@type\":\"BreadcrumbList\",\"@id\":\"https:\\\/\\\/www.eldiario.net\\\/portal\\\/2023\\\/06\\\/20\\\/castiblanco-llega-al-decimoquinto-lugar-en-la-vuelta-a-colombia\\\/#breadcrumb\",\"itemListElement\":[{\"@type\":\"ListItem\",\"position\":1,\"name\":\"Portada\",\"item\":\"https:\\\/\\\/www.eldiario.net\\\/portal\\\/\"},{\"@type\":\"ListItem\",\"position\":2,\"name\":\"Castiblanco llega al decimoquinto lugar en la Vuelta a Colombia\"}]},{\"@type\":\"WebSite\",\"@id\":\"https:\\\/\\\/www.eldiario.net\\\/portal\\\/#website\",\"url\":\"https:\\\/\\\/www.eldiario.net\\\/portal\\\/\",\"name\":\"El Diario - Decano de la prensa nacional\",\"description\":\"El Diario - Decano de la prensa nacional\",\"publisher\":{\"@id\":\"https:\\\/\\\/www.eldiario.net\\\/portal\\\/#organization\"},\"potentialAction\":[{\"@type\":\"SearchAction\",\"target\":{\"@type\":\"EntryPoint\",\"urlTemplate\":\"https:\\\/\\\/www.eldiario.net\\\/portal\\\/?s={search_term_string}\"},\"query-input\":{\"@type\":\"PropertyValueSpecification\",\"valueRequired\":true,\"valueName\":\"search_term_string\"}}],\"inLanguage\":\"es\"},{\"@type\":\"Organization\",\"@id\":\"https:\\\/\\\/www.eldiario.net\\\/portal\\\/#organization\",\"name\":\"El Diario - Decano de la prensa nacional\",\"url\":\"https:\\\/\\\/www.eldiario.net\\\/portal\\\/\",\"logo\":{\"@type\":\"ImageObject\",\"inLanguage\":\"es\",\"@id\":\"https:\\\/\\\/www.eldiario.net\\\/portal\\\/#\\\/schema\\\/logo\\\/image\\\/\",\"url\":\"https:\\\/\\\/www.eldiario.net\\\/portal\\\/wp-content\\\/uploads\\\/2023\\\/07\\\/logo_ED.jpg\",\"contentUrl\":\"https:\\\/\\\/www.eldiario.net\\\/portal\\\/wp-content\\\/uploads\\\/2023\\\/07\\\/logo_ED.jpg\",\"width\":272,\"height\":52,\"caption\":\"El Diario - Decano de la prensa nacional\"},\"image\":{\"@id\":\"https:\\\/\\\/www.eldiario.net\\\/portal\\\/#\\\/schema\\\/logo\\\/image\\\/\"},\"sameAs\":[\"https:\\\/\\\/www.facebook.com\\\/eldiario.bolivia\\\/\",\"https:\\\/\\\/x.com\\\/eldiario_net\"]},{\"@type\":\"Person\",\"@id\":\"https:\\\/\\\/www.eldiario.net\\\/portal\\\/#\\\/schema\\\/person\\\/f46445640444750d7d753ccd04ae01b7\",\"name\":\"Jeanette\",\"image\":{\"@type\":\"ImageObject\",\"inLanguage\":\"es\",\"@id\":\"https:\\\/\\\/secure.gravatar.com\\\/avatar\\\/3ea2118a5f7dad2b7138b1187a6b7ee55f160b9968b66013c3a3ef39dd7e5798?s=96&d=mm&r=g\",\"url\":\"https:\\\/\\\/secure.gravatar.com\\\/avatar\\\/3ea2118a5f7dad2b7138b1187a6b7ee55f160b9968b66013c3a3ef39dd7e5798?s=96&d=mm&r=g\",\"contentUrl\":\"https:\\\/\\\/secure.gravatar.com\\\/avatar\\\/3ea2118a5f7dad2b7138b1187a6b7ee55f160b9968b66013c3a3ef39dd7e5798?s=96&d=mm&r=g\",\"caption\":\"Jeanette\"},\"sameAs\":[\"https:\\\/\\\/www.eldiario.net\\\/portal\"],\"url\":\"https:\\\/\\\/www.eldiario.net\\\/portal\\\/author\\\/jeanette\\\/\"}]}<\/script>\n<!-- \/ Yoast SEO plugin. -->","yoast_head_json":{"title":"Castiblanco llega al decimoquinto lugar en la Vuelta a Colombia - El Diario - Bolivia","robots":{"index":"index","follow":"follow","max-snippet":"max-snippet:-1","max-image-preview":"max-image-preview:large","max-video-preview":"max-video-preview:-1"},"canonical":"https:\/\/www.eldiario.net\/portal\/2023\/06\/20\/castiblanco-llega-al-decimoquinto-lugar-en-la-vuelta-a-colombia\/","og_locale":"es_ES","og_type":"article","og_title":"Castiblanco llega al decimoquinto lugar en la Vuelta a Colombia - El Diario - Bolivia","og_description":"El ciclista colombiano Camilo Castiblanco (del equipo boliviano P\u00edo Rico Alcald\u00eda La Vega) escal\u00f3 dos posiciones para ubicarse en la decimoquinta casilla de la clasificaci\u00f3n general tras la tercera etapa de la Vuelta a Colombia, en la que el boliviano Jos\u00e9 Manuel Aramayo termin\u00f3 noveno en la Sub-23. Este lunes la carrera se llev\u00f3 adelante [&hellip;]","og_url":"https:\/\/www.eldiario.net\/portal\/2023\/06\/20\/castiblanco-llega-al-decimoquinto-lugar-en-la-vuelta-a-colombia\/","og_site_name":"El Diario - Bolivia","article_publisher":"https:\/\/www.facebook.com\/eldiario.bolivia\/","article_published_time":"2023-06-20T10:35:24+00:00","og_image":[{"width":1200,"height":800,"url":"https:\/\/www.eldiario.net\/portal\/wp-content\/uploads\/2023\/06\/IMG-20230619-WA0060.jpg","type":"image\/jpeg"}],"author":"Jeanette","twitter_card":"summary_large_image","twitter_creator":"@eldiario_net","twitter_site":"@eldiario_net","twitter_misc":{"Escrito por":"Jeanette","Tiempo de lectura":"2 minutos"},"schema":{"@context":"https:\/\/schema.org","@graph":[{"@type":"Article","@id":"https:\/\/www.eldiario.net\/portal\/2023\/06\/20\/castiblanco-llega-al-decimoquinto-lugar-en-la-vuelta-a-colombia\/#article","isPartOf":{"@id":"https:\/\/www.eldiario.net\/portal\/2023\/06\/20\/castiblanco-llega-al-decimoquinto-lugar-en-la-vuelta-a-colombia\/"},"author":{"name":"Jeanette","@id":"https:\/\/www.eldiario.net\/portal\/#\/schema\/person\/f46445640444750d7d753ccd04ae01b7"},"headline":"Castiblanco llega al decimoquinto lugar en la Vuelta a Colombia","datePublished":"2023-06-20T10:35:24+00:00","mainEntityOfPage":{"@id":"https:\/\/www.eldiario.net\/portal\/2023\/06\/20\/castiblanco-llega-al-decimoquinto-lugar-en-la-vuelta-a-colombia\/"},"wordCount":418,"publisher":{"@id":"https:\/\/www.eldiario.net\/portal\/#organization"},"image":{"@id":"https:\/\/www.eldiario.net\/portal\/2023\/06\/20\/castiblanco-llega-al-decimoquinto-lugar-en-la-vuelta-a-colombia\/#primaryimage"},"thumbnailUrl":"https:\/\/www.eldiario.net\/portal\/wp-content\/uploads\/2023\/06\/IMG-20230619-WA0060.jpg","articleSection":["Deportes"],"inLanguage":"es"},{"@type":"WebPage","@id":"https:\/\/www.eldiario.net\/portal\/2023\/06\/20\/castiblanco-llega-al-decimoquinto-lugar-en-la-vuelta-a-colombia\/","url":"https:\/\/www.eldiario.net\/portal\/2023\/06\/20\/castiblanco-llega-al-decimoquinto-lugar-en-la-vuelta-a-colombia\/","name":"Castiblanco llega al decimoquinto lugar en la Vuelta a Colombia - El Diario - Bolivia","isPartOf":{"@id":"https:\/\/www.eldiario.net\/portal\/#website"},"primaryImageOfPage":{"@id":"https:\/\/www.eldiario.net\/portal\/2023\/06\/20\/castiblanco-llega-al-decimoquinto-lugar-en-la-vuelta-a-colombia\/#primaryimage"},"image":{"@id":"https:\/\/www.eldiario.net\/portal\/2023\/06\/20\/castiblanco-llega-al-decimoquinto-lugar-en-la-vuelta-a-colombia\/#primaryimage"},"thumbnailUrl":"https:\/\/www.eldiario.net\/portal\/wp-content\/uploads\/2023\/06\/IMG-20230619-WA0060.jpg","datePublished":"2023-06-20T10:35:24+00:00","breadcrumb":{"@id":"https:\/\/www.eldiario.net\/portal\/2023\/06\/20\/castiblanco-llega-al-decimoquinto-lugar-en-la-vuelta-a-colombia\/#breadcrumb"},"inLanguage":"es","potentialAction":[{"@type":"ReadAction","target":["https:\/\/www.eldiario.net\/portal\/2023\/06\/20\/castiblanco-llega-al-decimoquinto-lugar-en-la-vuelta-a-colombia\/"]}]},{"@type":"ImageObject","inLanguage":"es","@id":"https:\/\/www.eldiario.net\/portal\/2023\/06\/20\/castiblanco-llega-al-decimoquinto-lugar-en-la-vuelta-a-colombia\/#primaryimage","url":"https:\/\/www.eldiario.net\/portal\/wp-content\/uploads\/2023\/06\/IMG-20230619-WA0060.jpg","contentUrl":"https:\/\/www.eldiario.net\/portal\/wp-content\/uploads\/2023\/06\/IMG-20230619-WA0060.jpg","width":1200,"height":800},{"@type":"BreadcrumbList","@id":"https:\/\/www.eldiario.net\/portal\/2023\/06\/20\/castiblanco-llega-al-decimoquinto-lugar-en-la-vuelta-a-colombia\/#breadcrumb","itemListElement":[{"@type":"ListItem","position":1,"name":"Portada","item":"https:\/\/www.eldiario.net\/portal\/"},{"@type":"ListItem","position":2,"name":"Castiblanco llega al decimoquinto lugar en la Vuelta a Colombia"}]},{"@type":"WebSite","@id":"https:\/\/www.eldiario.net\/portal\/#website","url":"https:\/\/www.eldiario.net\/portal\/","name":"El Diario - Decano de la prensa nacional","description":"El Diario - Decano de la prensa nacional","publisher":{"@id":"https:\/\/www.eldiario.net\/portal\/#organization"},"potentialAction":[{"@type":"SearchAction","target":{"@type":"EntryPoint","urlTemplate":"https:\/\/www.eldiario.net\/portal\/?s={search_term_string}"},"query-input":{"@type":"PropertyValueSpecification","valueRequired":true,"valueName":"search_term_string"}}],"inLanguage":"es"},{"@type":"Organization","@id":"https:\/\/www.eldiario.net\/portal\/#organization","name":"El Diario - Decano de la prensa nacional","url":"https:\/\/www.eldiario.net\/portal\/","logo":{"@type":"ImageObject","inLanguage":"es","@id":"https:\/\/www.eldiario.net\/portal\/#\/schema\/logo\/image\/","url":"https:\/\/www.eldiario.net\/portal\/wp-content\/uploads\/2023\/07\/logo_ED.jpg","contentUrl":"https:\/\/www.eldiario.net\/portal\/wp-content\/uploads\/2023\/07\/logo_ED.jpg","width":272,"height":52,"caption":"El Diario - Decano de la prensa nacional"},"image":{"@id":"https:\/\/www.eldiario.net\/portal\/#\/schema\/logo\/image\/"},"sameAs":["https:\/\/www.facebook.com\/eldiario.bolivia\/","https:\/\/x.com\/eldiario_net"]},{"@type":"Person","@id":"https:\/\/www.eldiario.net\/portal\/#\/schema\/person\/f46445640444750d7d753ccd04ae01b7","name":"Jeanette","image":{"@type":"ImageObject","inLanguage":"es","@id":"https:\/\/secure.gravatar.com\/avatar\/3ea2118a5f7dad2b7138b1187a6b7ee55f160b9968b66013c3a3ef39dd7e5798?s=96&d=mm&r=g","url":"https:\/\/secure.gravatar.com\/avatar\/3ea2118a5f7dad2b7138b1187a6b7ee55f160b9968b66013c3a3ef39dd7e5798?s=96&d=mm&r=g","contentUrl":"https:\/\/secure.gravatar.com\/avatar\/3ea2118a5f7dad2b7138b1187a6b7ee55f160b9968b66013c3a3ef39dd7e5798?s=96&d=mm&r=g","caption":"Jeanette"},"sameAs":["https:\/\/www.eldiario.net\/portal"],"url":"https:\/\/www.eldiario.net\/portal\/author\/jeanette\/"}]}},"_links":{"self":[{"href":"https:\/\/www.eldiario.net\/portal\/wp-json\/wp\/v2\/posts\/161038","targetHints":{"allow":["GET"]}}],"collection":[{"href":"https:\/\/www.eldiario.net\/portal\/wp-json\/wp\/v2\/posts"}],"about":[{"href":"https:\/\/www.eldiario.net\/portal\/wp-json\/wp\/v2\/types\/post"}],"author":[{"embeddable":true,"href":"https:\/\/www.eldiario.net\/portal\/wp-json\/wp\/v2\/users\/1"}],"replies":[{"embeddable":true,"href":"https:\/\/www.eldiario.net\/portal\/wp-json\/wp\/v2\/comments?post=161038"}],"version-history":[{"count":0,"href":"https:\/\/www.eldiario.net\/portal\/wp-json\/wp\/v2\/posts\/161038\/revisions"}],"wp:featuredmedia":[{"embeddable":true,"href":"https:\/\/www.eldiario.net\/portal\/wp-json\/wp\/v2\/media\/161039"}],"wp:attachment":[{"href":"https:\/\/www.eldiario.net\/portal\/wp-json\/wp\/v2\/media?parent=161038"}],"wp:term":[{"taxonomy":"category","embeddable":true,"href":"https:\/\/www.eldiario.net\/portal\/wp-json\/wp\/v2\/categories?post=161038"},{"taxonomy":"post_tag","embeddable":true,"href":"https:\/\/www.eldiario.net\/portal\/wp-json\/wp\/v2\/tags?post=161038"}],"curies":[{"name":"wp","href":"https:\/\/api.w.org\/{rel}","templated":true}]}}