{"id":161035,"date":"2023-06-20T06:34:42","date_gmt":"2023-06-20T10:34:42","guid":{"rendered":"https:\/\/www.eldiario.net\/portal\/?p=161035"},"modified":"2023-06-20T06:34:42","modified_gmt":"2023-06-20T10:34:42","slug":"bolivia-queda-eliminada-del-sudamericano-sub17-de-futsal","status":"publish","type":"post","link":"https:\/\/www.eldiario.net\/portal\/2023\/06\/20\/bolivia-queda-eliminada-del-sudamericano-sub17-de-futsal\/","title":{"rendered":"Bolivia queda eliminada del Sudamericano Sub17 de futsal"},"content":{"rendered":"<p>Bolivia qued\u00f3 sin chances de avanzar a las semifinales del Sudamericano Sub-17 masculino de futsal al perder con Chile (4-1), este lunes por la tercera jornada del Grupo A que se disputa en Luque, Paraguay.<\/p>\n<div dir=\"auto\">Este encuentro, jugado en el coliseo del Comit\u00e9 Ol\u00edmpico Paraguayo, era entre dos selecciones necesitadas de sumar. La Verde ten\u00eda un solo punto, mientras que la Roja estaba sin unidades, lo que significaba que el ganador seguir\u00eda con \u00abvida\u00bb y el perdedor quedar\u00eda eliminado.<\/div>\n<div dir=\"auto\">Este martes no habr\u00e1 partidos en el Sudamericano, todas las selecciones tendr\u00e1n descanso, mientras que el mi\u00e9rcoles Bolivia tampoco jugar\u00e1 al tener la jornada libre en su grupo.<\/div>\n<div dir=\"auto\">Volver\u00e1 a la actividad el jueves (14.00 de Bolivia) frente a Venezuela y con ello cerrar\u00e1 su participaci\u00f3n en la fase de grupos a la espera de conocer a su siguiente rival para definir los puestos finales.<\/div>\n<div dir=\"auto\">El partido<\/div>\n<div dir=\"auto\">El quinteto inicial de la Verde estuvo conformado por: Luis Garabito (arquero), Jhamil Ari, Jhonatan Mamani, Aldair Mamani y Jairo Diaz.<\/div>\n<div dir=\"auto\">A diferencia de los dos primeros encuentros los dirigidos por el entrenador Mauricio Arnez no pudieron encontrarse con su juego y no controlaron los ataques del rival.<\/div>\n<div dir=\"auto\">Fue as\u00ed que los chilenos llegaron r\u00e1pido al gol con Mart\u00edn Dur\u00e1n al solo tener que empujar la pelota a la red (5&#8242;).<\/div>\n<div dir=\"auto\">Pero a los 13&#8242; Bolivia lo empat\u00f3 con D\u00edaz mediante un remate de tiro libre.<\/div>\n<div dir=\"auto\">Cerca del final del primer tiempo (19&#8242;) se dio el segundo tanto chileno con Esteban Quijada.<\/div>\n<div dir=\"auto\">En el inicio de la segunda mitad lleg\u00f3 el tercero con Diego Ponce (5&#8242;), mientras que Quijada volvi\u00f3 a aparecer en el marcador para sellar la victoria (18&#8242;).<\/div>\n<div dir=\"auto\">En los minutos finales la Verde intent\u00f3 descontar y tuvo dos penales, pero el primero fue tapado por el arquero Bairont Morales tras el disparo de Yair Rioja; y el segundo se fue al cielo con el remate de Luis Gonzales.<\/div>\n<div dir=\"auto\"><\/div>\n","protected":false},"excerpt":{"rendered":"<p>Bolivia qued\u00f3 sin chances de avanzar a las semifinales del Sudamericano Sub-17 masculino de futsal al perder con Chile (4-1), este lunes por la tercera jornada del Grupo A que se disputa en Luque, Paraguay. Este encuentro, jugado en el coliseo del Comit\u00e9 Ol\u00edmpico Paraguayo, era entre dos selecciones necesitadas de sumar. La Verde ten\u00eda [&hellip;]<\/p>\n","protected":false},"author":1,"featured_media":161036,"comment_status":"closed","ping_status":"closed","sticky":false,"template":"","format":"standard","meta":{"_acf_changed":false,"footnotes":""},"categories":[6],"tags":[],"class_list":["post-161035","post","type-post","status-publish","format-standard","has-post-thumbnail","category-deportes"],"acf":{"antetitulo":""},"yoast_head":"<!-- This site is optimized with the Yoast SEO plugin v28.3 - https:\/\/yoast.com\/product\/yoast-seo-wordpress\/ -->\n<title>Bolivia queda eliminada del Sudamericano Sub17 de futsal - El Diario - Bolivia<\/title>\n<meta name=\"robots\" content=\"index, follow, max-snippet:-1, max-image-preview:large, max-video-preview:-1\" \/>\n<link rel=\"canonical\" href=\"https:\/\/www.eldiario.net\/portal\/2023\/06\/20\/bolivia-queda-eliminada-del-sudamericano-sub17-de-futsal\/\" \/>\n<meta property=\"og:locale\" content=\"es_ES\" \/>\n<meta property=\"og:type\" content=\"article\" \/>\n<meta property=\"og:title\" content=\"Bolivia queda eliminada del Sudamericano Sub17 de futsal - El Diario - Bolivia\" \/>\n<meta property=\"og:description\" content=\"Bolivia qued\u00f3 sin chances de avanzar a las semifinales del Sudamericano Sub-17 masculino de futsal al perder con Chile (4-1), este lunes por la tercera jornada del Grupo A que se disputa en Luque, Paraguay. Este encuentro, jugado en el coliseo del Comit\u00e9 Ol\u00edmpico Paraguayo, era entre dos selecciones necesitadas de sumar. La Verde ten\u00eda [&hellip;]\" \/>\n<meta property=\"og:url\" content=\"https:\/\/www.eldiario.net\/portal\/2023\/06\/20\/bolivia-queda-eliminada-del-sudamericano-sub17-de-futsal\/\" \/>\n<meta property=\"og:site_name\" content=\"El Diario - Bolivia\" \/>\n<meta property=\"article:publisher\" content=\"https:\/\/www.facebook.com\/eldiario.bolivia\/\" \/>\n<meta property=\"article:published_time\" content=\"2023-06-20T10:34:42+00:00\" \/>\n<meta property=\"og:image\" content=\"https:\/\/www.eldiario.net\/portal\/wp-content\/uploads\/2023\/06\/IMG-20230619-WA0075.jpg\" \/>\n\t<meta property=\"og:image:width\" content=\"1280\" \/>\n\t<meta property=\"og:image:height\" content=\"854\" \/>\n\t<meta property=\"og:image:type\" content=\"image\/jpeg\" \/>\n<meta name=\"author\" content=\"Jeanette\" \/>\n<meta name=\"twitter:card\" content=\"summary_large_image\" \/>\n<meta name=\"twitter:creator\" content=\"@eldiario_net\" \/>\n<meta name=\"twitter:site\" content=\"@eldiario_net\" \/>\n<meta name=\"twitter:label1\" content=\"Escrito por\" \/>\n\t<meta name=\"twitter:data1\" content=\"Jeanette\" \/>\n\t<meta name=\"twitter:label2\" content=\"Tiempo de lectura\" \/>\n\t<meta name=\"twitter:data2\" content=\"2 minutos\" \/>\n<script type=\"application\/ld+json\" class=\"yoast-schema-graph\">{\"@context\":\"https:\\\/\\\/schema.org\",\"@graph\":[{\"@type\":\"Article\",\"@id\":\"https:\\\/\\\/www.eldiario.net\\\/portal\\\/2023\\\/06\\\/20\\\/bolivia-queda-eliminada-del-sudamericano-sub17-de-futsal\\\/#article\",\"isPartOf\":{\"@id\":\"https:\\\/\\\/www.eldiario.net\\\/portal\\\/2023\\\/06\\\/20\\\/bolivia-queda-eliminada-del-sudamericano-sub17-de-futsal\\\/\"},\"author\":{\"name\":\"Jeanette\",\"@id\":\"https:\\\/\\\/www.eldiario.net\\\/portal\\\/#\\\/schema\\\/person\\\/f46445640444750d7d753ccd04ae01b7\"},\"headline\":\"Bolivia queda eliminada del Sudamericano Sub17 de futsal\",\"datePublished\":\"2023-06-20T10:34:42+00:00\",\"mainEntityOfPage\":{\"@id\":\"https:\\\/\\\/www.eldiario.net\\\/portal\\\/2023\\\/06\\\/20\\\/bolivia-queda-eliminada-del-sudamericano-sub17-de-futsal\\\/\"},\"wordCount\":330,\"publisher\":{\"@id\":\"https:\\\/\\\/www.eldiario.net\\\/portal\\\/#organization\"},\"image\":{\"@id\":\"https:\\\/\\\/www.eldiario.net\\\/portal\\\/2023\\\/06\\\/20\\\/bolivia-queda-eliminada-del-sudamericano-sub17-de-futsal\\\/#primaryimage\"},\"thumbnailUrl\":\"https:\\\/\\\/www.eldiario.net\\\/portal\\\/wp-content\\\/uploads\\\/2023\\\/06\\\/IMG-20230619-WA0075.jpg\",\"articleSection\":[\"Deportes\"],\"inLanguage\":\"es\"},{\"@type\":\"WebPage\",\"@id\":\"https:\\\/\\\/www.eldiario.net\\\/portal\\\/2023\\\/06\\\/20\\\/bolivia-queda-eliminada-del-sudamericano-sub17-de-futsal\\\/\",\"url\":\"https:\\\/\\\/www.eldiario.net\\\/portal\\\/2023\\\/06\\\/20\\\/bolivia-queda-eliminada-del-sudamericano-sub17-de-futsal\\\/\",\"name\":\"Bolivia queda eliminada del Sudamericano Sub17 de futsal - El Diario - Bolivia\",\"isPartOf\":{\"@id\":\"https:\\\/\\\/www.eldiario.net\\\/portal\\\/#website\"},\"primaryImageOfPage\":{\"@id\":\"https:\\\/\\\/www.eldiario.net\\\/portal\\\/2023\\\/06\\\/20\\\/bolivia-queda-eliminada-del-sudamericano-sub17-de-futsal\\\/#primaryimage\"},\"image\":{\"@id\":\"https:\\\/\\\/www.eldiario.net\\\/portal\\\/2023\\\/06\\\/20\\\/bolivia-queda-eliminada-del-sudamericano-sub17-de-futsal\\\/#primaryimage\"},\"thumbnailUrl\":\"https:\\\/\\\/www.eldiario.net\\\/portal\\\/wp-content\\\/uploads\\\/2023\\\/06\\\/IMG-20230619-WA0075.jpg\",\"datePublished\":\"2023-06-20T10:34:42+00:00\",\"breadcrumb\":{\"@id\":\"https:\\\/\\\/www.eldiario.net\\\/portal\\\/2023\\\/06\\\/20\\\/bolivia-queda-eliminada-del-sudamericano-sub17-de-futsal\\\/#breadcrumb\"},\"inLanguage\":\"es\",\"potentialAction\":[{\"@type\":\"ReadAction\",\"target\":[\"https:\\\/\\\/www.eldiario.net\\\/portal\\\/2023\\\/06\\\/20\\\/bolivia-queda-eliminada-del-sudamericano-sub17-de-futsal\\\/\"]}]},{\"@type\":\"ImageObject\",\"inLanguage\":\"es\",\"@id\":\"https:\\\/\\\/www.eldiario.net\\\/portal\\\/2023\\\/06\\\/20\\\/bolivia-queda-eliminada-del-sudamericano-sub17-de-futsal\\\/#primaryimage\",\"url\":\"https:\\\/\\\/www.eldiario.net\\\/portal\\\/wp-content\\\/uploads\\\/2023\\\/06\\\/IMG-20230619-WA0075.jpg\",\"contentUrl\":\"https:\\\/\\\/www.eldiario.net\\\/portal\\\/wp-content\\\/uploads\\\/2023\\\/06\\\/IMG-20230619-WA0075.jpg\",\"width\":1280,\"height\":854},{\"@type\":\"BreadcrumbList\",\"@id\":\"https:\\\/\\\/www.eldiario.net\\\/portal\\\/2023\\\/06\\\/20\\\/bolivia-queda-eliminada-del-sudamericano-sub17-de-futsal\\\/#breadcrumb\",\"itemListElement\":[{\"@type\":\"ListItem\",\"position\":1,\"name\":\"Portada\",\"item\":\"https:\\\/\\\/www.eldiario.net\\\/portal\\\/\"},{\"@type\":\"ListItem\",\"position\":2,\"name\":\"Bolivia queda eliminada del Sudamericano Sub17 de futsal\"}]},{\"@type\":\"WebSite\",\"@id\":\"https:\\\/\\\/www.eldiario.net\\\/portal\\\/#website\",\"url\":\"https:\\\/\\\/www.eldiario.net\\\/portal\\\/\",\"name\":\"El Diario - Decano de la prensa nacional\",\"description\":\"El Diario - Decano de la prensa nacional\",\"publisher\":{\"@id\":\"https:\\\/\\\/www.eldiario.net\\\/portal\\\/#organization\"},\"potentialAction\":[{\"@type\":\"SearchAction\",\"target\":{\"@type\":\"EntryPoint\",\"urlTemplate\":\"https:\\\/\\\/www.eldiario.net\\\/portal\\\/?s={search_term_string}\"},\"query-input\":{\"@type\":\"PropertyValueSpecification\",\"valueRequired\":true,\"valueName\":\"search_term_string\"}}],\"inLanguage\":\"es\"},{\"@type\":\"Organization\",\"@id\":\"https:\\\/\\\/www.eldiario.net\\\/portal\\\/#organization\",\"name\":\"El Diario - Decano de la prensa nacional\",\"url\":\"https:\\\/\\\/www.eldiario.net\\\/portal\\\/\",\"logo\":{\"@type\":\"ImageObject\",\"inLanguage\":\"es\",\"@id\":\"https:\\\/\\\/www.eldiario.net\\\/portal\\\/#\\\/schema\\\/logo\\\/image\\\/\",\"url\":\"https:\\\/\\\/www.eldiario.net\\\/portal\\\/wp-content\\\/uploads\\\/2023\\\/07\\\/logo_ED.jpg\",\"contentUrl\":\"https:\\\/\\\/www.eldiario.net\\\/portal\\\/wp-content\\\/uploads\\\/2023\\\/07\\\/logo_ED.jpg\",\"width\":272,\"height\":52,\"caption\":\"El Diario - Decano de la prensa nacional\"},\"image\":{\"@id\":\"https:\\\/\\\/www.eldiario.net\\\/portal\\\/#\\\/schema\\\/logo\\\/image\\\/\"},\"sameAs\":[\"https:\\\/\\\/www.facebook.com\\\/eldiario.bolivia\\\/\",\"https:\\\/\\\/x.com\\\/eldiario_net\"]},{\"@type\":\"Person\",\"@id\":\"https:\\\/\\\/www.eldiario.net\\\/portal\\\/#\\\/schema\\\/person\\\/f46445640444750d7d753ccd04ae01b7\",\"name\":\"Jeanette\",\"image\":{\"@type\":\"ImageObject\",\"inLanguage\":\"es\",\"@id\":\"https:\\\/\\\/secure.gravatar.com\\\/avatar\\\/3ea2118a5f7dad2b7138b1187a6b7ee55f160b9968b66013c3a3ef39dd7e5798?s=96&d=mm&r=g\",\"url\":\"https:\\\/\\\/secure.gravatar.com\\\/avatar\\\/3ea2118a5f7dad2b7138b1187a6b7ee55f160b9968b66013c3a3ef39dd7e5798?s=96&d=mm&r=g\",\"contentUrl\":\"https:\\\/\\\/secure.gravatar.com\\\/avatar\\\/3ea2118a5f7dad2b7138b1187a6b7ee55f160b9968b66013c3a3ef39dd7e5798?s=96&d=mm&r=g\",\"caption\":\"Jeanette\"},\"sameAs\":[\"https:\\\/\\\/www.eldiario.net\\\/portal\"],\"url\":\"https:\\\/\\\/www.eldiario.net\\\/portal\\\/author\\\/jeanette\\\/\"}]}<\/script>\n<!-- \/ Yoast SEO plugin. -->","yoast_head_json":{"title":"Bolivia queda eliminada del Sudamericano Sub17 de futsal - El Diario - Bolivia","robots":{"index":"index","follow":"follow","max-snippet":"max-snippet:-1","max-image-preview":"max-image-preview:large","max-video-preview":"max-video-preview:-1"},"canonical":"https:\/\/www.eldiario.net\/portal\/2023\/06\/20\/bolivia-queda-eliminada-del-sudamericano-sub17-de-futsal\/","og_locale":"es_ES","og_type":"article","og_title":"Bolivia queda eliminada del Sudamericano Sub17 de futsal - El Diario - Bolivia","og_description":"Bolivia qued\u00f3 sin chances de avanzar a las semifinales del Sudamericano Sub-17 masculino de futsal al perder con Chile (4-1), este lunes por la tercera jornada del Grupo A que se disputa en Luque, Paraguay. Este encuentro, jugado en el coliseo del Comit\u00e9 Ol\u00edmpico Paraguayo, era entre dos selecciones necesitadas de sumar. La Verde ten\u00eda [&hellip;]","og_url":"https:\/\/www.eldiario.net\/portal\/2023\/06\/20\/bolivia-queda-eliminada-del-sudamericano-sub17-de-futsal\/","og_site_name":"El Diario - Bolivia","article_publisher":"https:\/\/www.facebook.com\/eldiario.bolivia\/","article_published_time":"2023-06-20T10:34:42+00:00","og_image":[{"width":1280,"height":854,"url":"https:\/\/www.eldiario.net\/portal\/wp-content\/uploads\/2023\/06\/IMG-20230619-WA0075.jpg","type":"image\/jpeg"}],"author":"Jeanette","twitter_card":"summary_large_image","twitter_creator":"@eldiario_net","twitter_site":"@eldiario_net","twitter_misc":{"Escrito por":"Jeanette","Tiempo de lectura":"2 minutos"},"schema":{"@context":"https:\/\/schema.org","@graph":[{"@type":"Article","@id":"https:\/\/www.eldiario.net\/portal\/2023\/06\/20\/bolivia-queda-eliminada-del-sudamericano-sub17-de-futsal\/#article","isPartOf":{"@id":"https:\/\/www.eldiario.net\/portal\/2023\/06\/20\/bolivia-queda-eliminada-del-sudamericano-sub17-de-futsal\/"},"author":{"name":"Jeanette","@id":"https:\/\/www.eldiario.net\/portal\/#\/schema\/person\/f46445640444750d7d753ccd04ae01b7"},"headline":"Bolivia queda eliminada del Sudamericano Sub17 de futsal","datePublished":"2023-06-20T10:34:42+00:00","mainEntityOfPage":{"@id":"https:\/\/www.eldiario.net\/portal\/2023\/06\/20\/bolivia-queda-eliminada-del-sudamericano-sub17-de-futsal\/"},"wordCount":330,"publisher":{"@id":"https:\/\/www.eldiario.net\/portal\/#organization"},"image":{"@id":"https:\/\/www.eldiario.net\/portal\/2023\/06\/20\/bolivia-queda-eliminada-del-sudamericano-sub17-de-futsal\/#primaryimage"},"thumbnailUrl":"https:\/\/www.eldiario.net\/portal\/wp-content\/uploads\/2023\/06\/IMG-20230619-WA0075.jpg","articleSection":["Deportes"],"inLanguage":"es"},{"@type":"WebPage","@id":"https:\/\/www.eldiario.net\/portal\/2023\/06\/20\/bolivia-queda-eliminada-del-sudamericano-sub17-de-futsal\/","url":"https:\/\/www.eldiario.net\/portal\/2023\/06\/20\/bolivia-queda-eliminada-del-sudamericano-sub17-de-futsal\/","name":"Bolivia queda eliminada del Sudamericano Sub17 de futsal - El Diario - Bolivia","isPartOf":{"@id":"https:\/\/www.eldiario.net\/portal\/#website"},"primaryImageOfPage":{"@id":"https:\/\/www.eldiario.net\/portal\/2023\/06\/20\/bolivia-queda-eliminada-del-sudamericano-sub17-de-futsal\/#primaryimage"},"image":{"@id":"https:\/\/www.eldiario.net\/portal\/2023\/06\/20\/bolivia-queda-eliminada-del-sudamericano-sub17-de-futsal\/#primaryimage"},"thumbnailUrl":"https:\/\/www.eldiario.net\/portal\/wp-content\/uploads\/2023\/06\/IMG-20230619-WA0075.jpg","datePublished":"2023-06-20T10:34:42+00:00","breadcrumb":{"@id":"https:\/\/www.eldiario.net\/portal\/2023\/06\/20\/bolivia-queda-eliminada-del-sudamericano-sub17-de-futsal\/#breadcrumb"},"inLanguage":"es","potentialAction":[{"@type":"ReadAction","target":["https:\/\/www.eldiario.net\/portal\/2023\/06\/20\/bolivia-queda-eliminada-del-sudamericano-sub17-de-futsal\/"]}]},{"@type":"ImageObject","inLanguage":"es","@id":"https:\/\/www.eldiario.net\/portal\/2023\/06\/20\/bolivia-queda-eliminada-del-sudamericano-sub17-de-futsal\/#primaryimage","url":"https:\/\/www.eldiario.net\/portal\/wp-content\/uploads\/2023\/06\/IMG-20230619-WA0075.jpg","contentUrl":"https:\/\/www.eldiario.net\/portal\/wp-content\/uploads\/2023\/06\/IMG-20230619-WA0075.jpg","width":1280,"height":854},{"@type":"BreadcrumbList","@id":"https:\/\/www.eldiario.net\/portal\/2023\/06\/20\/bolivia-queda-eliminada-del-sudamericano-sub17-de-futsal\/#breadcrumb","itemListElement":[{"@type":"ListItem","position":1,"name":"Portada","item":"https:\/\/www.eldiario.net\/portal\/"},{"@type":"ListItem","position":2,"name":"Bolivia queda eliminada del Sudamericano Sub17 de futsal"}]},{"@type":"WebSite","@id":"https:\/\/www.eldiario.net\/portal\/#website","url":"https:\/\/www.eldiario.net\/portal\/","name":"El Diario - Decano de la prensa nacional","description":"El Diario - Decano de la prensa nacional","publisher":{"@id":"https:\/\/www.eldiario.net\/portal\/#organization"},"potentialAction":[{"@type":"SearchAction","target":{"@type":"EntryPoint","urlTemplate":"https:\/\/www.eldiario.net\/portal\/?s={search_term_string}"},"query-input":{"@type":"PropertyValueSpecification","valueRequired":true,"valueName":"search_term_string"}}],"inLanguage":"es"},{"@type":"Organization","@id":"https:\/\/www.eldiario.net\/portal\/#organization","name":"El Diario - Decano de la prensa nacional","url":"https:\/\/www.eldiario.net\/portal\/","logo":{"@type":"ImageObject","inLanguage":"es","@id":"https:\/\/www.eldiario.net\/portal\/#\/schema\/logo\/image\/","url":"https:\/\/www.eldiario.net\/portal\/wp-content\/uploads\/2023\/07\/logo_ED.jpg","contentUrl":"https:\/\/www.eldiario.net\/portal\/wp-content\/uploads\/2023\/07\/logo_ED.jpg","width":272,"height":52,"caption":"El Diario - Decano de la prensa nacional"},"image":{"@id":"https:\/\/www.eldiario.net\/portal\/#\/schema\/logo\/image\/"},"sameAs":["https:\/\/www.facebook.com\/eldiario.bolivia\/","https:\/\/x.com\/eldiario_net"]},{"@type":"Person","@id":"https:\/\/www.eldiario.net\/portal\/#\/schema\/person\/f46445640444750d7d753ccd04ae01b7","name":"Jeanette","image":{"@type":"ImageObject","inLanguage":"es","@id":"https:\/\/secure.gravatar.com\/avatar\/3ea2118a5f7dad2b7138b1187a6b7ee55f160b9968b66013c3a3ef39dd7e5798?s=96&d=mm&r=g","url":"https:\/\/secure.gravatar.com\/avatar\/3ea2118a5f7dad2b7138b1187a6b7ee55f160b9968b66013c3a3ef39dd7e5798?s=96&d=mm&r=g","contentUrl":"https:\/\/secure.gravatar.com\/avatar\/3ea2118a5f7dad2b7138b1187a6b7ee55f160b9968b66013c3a3ef39dd7e5798?s=96&d=mm&r=g","caption":"Jeanette"},"sameAs":["https:\/\/www.eldiario.net\/portal"],"url":"https:\/\/www.eldiario.net\/portal\/author\/jeanette\/"}]}},"_links":{"self":[{"href":"https:\/\/www.eldiario.net\/portal\/wp-json\/wp\/v2\/posts\/161035","targetHints":{"allow":["GET"]}}],"collection":[{"href":"https:\/\/www.eldiario.net\/portal\/wp-json\/wp\/v2\/posts"}],"about":[{"href":"https:\/\/www.eldiario.net\/portal\/wp-json\/wp\/v2\/types\/post"}],"author":[{"embeddable":true,"href":"https:\/\/www.eldiario.net\/portal\/wp-json\/wp\/v2\/users\/1"}],"replies":[{"embeddable":true,"href":"https:\/\/www.eldiario.net\/portal\/wp-json\/wp\/v2\/comments?post=161035"}],"version-history":[{"count":0,"href":"https:\/\/www.eldiario.net\/portal\/wp-json\/wp\/v2\/posts\/161035\/revisions"}],"wp:featuredmedia":[{"embeddable":true,"href":"https:\/\/www.eldiario.net\/portal\/wp-json\/wp\/v2\/media\/161036"}],"wp:attachment":[{"href":"https:\/\/www.eldiario.net\/portal\/wp-json\/wp\/v2\/media?parent=161035"}],"wp:term":[{"taxonomy":"category","embeddable":true,"href":"https:\/\/www.eldiario.net\/portal\/wp-json\/wp\/v2\/categories?post=161035"},{"taxonomy":"post_tag","embeddable":true,"href":"https:\/\/www.eldiario.net\/portal\/wp-json\/wp\/v2\/tags?post=161035"}],"curies":[{"name":"wp","href":"https:\/\/api.w.org\/{rel}","templated":true}]}}