{"id":161032,"date":"2023-06-20T06:33:54","date_gmt":"2023-06-20T10:33:54","guid":{"rendered":"https:\/\/www.eldiario.net\/portal\/?p=161032"},"modified":"2023-06-20T06:33:54","modified_gmt":"2023-06-20T10:33:54","slug":"diputados-exigen-informe-de-operaciones-de-avion-africano","status":"publish","type":"post","link":"https:\/\/www.eldiario.net\/portal\/2023\/06\/20\/diputados-exigen-informe-de-operaciones-de-avion-africano\/","title":{"rendered":"Diputados exigen informe de  operaciones de avi\u00f3n africano"},"content":{"rendered":"<p class=\"v1MsoNormal\">Ante denuncias de un presunto nuevo \u00abnarcovuelo\u00bb en el aeropuerto de Viru Viru de la ciudad de Santa Cruz de la Sierra, los diputados de la bancada de Creemos Henry Guti\u00e9rrez, Jos\u00e9 Carlos Guti\u00e9rrez y Laura Rojas, piden informes a tres ministerios por el \u00abinusual arribo\u00bb de un avi\u00f3n africano a la terminal a\u00e9rea.<\/p>\n<p class=\"v1MsoNormal\">Los legisladores exigen la obtenci\u00f3n de im\u00e1genes de apoyo de la estaci\u00f3n aeroportuaria con el fin de esclarecer qu\u00e9 tipo de carga se transport\u00f3 en este vuelo privado en el que llegaron cinco extranjeros, cuyos antecedentes migratorios han sido tambi\u00e9n requeridos.<\/p>\n<p class=\"v1MsoNormal\">Seg\u00fan la denuncia de los parlamentarios de oposici\u00f3n, el pasado 28 de febrero una aeronave de la firma Bestfly Aircraft Management \u2013con base en el pa\u00eds africano de Angola- aterriz\u00f3 en el aeropuerto Viru Viru y un d\u00eda despu\u00e9s sali\u00f3 de territorio nacional, pero no se conocen detalles sobre su operaci\u00f3n, por lo que ahora se activaron mecanismos para que el \u00d3rgano Ejecutivo responda por esta situaci\u00f3n, seg\u00fan confirm\u00f3 a Unitel el diputado Jos\u00e9 Carlos Guti\u00e9rrez (Creemos).<\/p>\n<p class=\"v1MsoNormal\">\u00abDicen que ha habido el cargamento de una tonelada de droga, por eso hacemos las consultas y pedimos las im\u00e1genes de apoyo que deben ser brindadas por Naabol y por Migraci\u00f3n\u00bb, manifest\u00f3 la diputada Laura Rojas (Creemos), al referir que en febrero \u00abhubo una epidemia de narcovuelos\u00bb y pidi\u00f3 al fiscal departamental R\u00f3ger Mariaca responder sobre estas situaciones.<\/p>\n<p class=\"v1MsoNormal\">Los legisladores expusieron que en la aeronave llegaron extranjeros y, un d\u00eda despu\u00e9s (el 1 de marzo) abandonaron el pa\u00eds, por lo que ahora se enviaron tres Peticiones de Informe Escrito (PIE) a los ministerios de Obras P\u00fablicas, de Econom\u00eda y de Gobierno para que expliquen sobre los controles y supervisi\u00f3n que realizaron ante el \u00abirregular arribo\u00bb.<\/p>\n<p class=\"v1MsoNormal\">Guti\u00e9rrez explic\u00f3 que, en el vuelo de salida, en primera instancia, solo figuraba un pasajero en la declaraci\u00f3n del vuelo de salida; sin embargo, posterior al paso de la tripulaci\u00f3n, volvieron a ingresar las mismas personas, con excepci\u00f3n de la pasajera boliviana.<\/p>\n<p class=\"v1MsoNormal\">\u00abEn este tiempo, el avi\u00f3n estuvo abierto una hora hasta la llegada de los pasajeros de complemento\u00bb, reza la documentaci\u00f3n que sali\u00f3 a la luz este lunes.<\/p>\n<p class=\"v1MsoNormal\">El diputado Guti\u00e9rrez acot\u00f3 que estas PIEs deben ser respondidas por los ministros en un plazo de 10 d\u00edas, de acuerdo con lo que establece el art\u00edculo 137 del Reglamento General de la C\u00e1mara de Diputados.<\/p>\n<p class=\"v1MsoNormal\">La denuncia surge mientras contin\u00faan las investigaciones del caso &#8216;narcovuelo&#8217; que traslad\u00f3 casi media tonelada de droga a Espa\u00f1a desde el aeropuerto Internacional de Viru Viru en un vuelo que estaba bajo la responsabilidad de la estatal Boliviana de Aviaci\u00f3n (BoA).<\/p>\n<p class=\"v1MsoNormal\">Por otro lado, el senador del Movimiento al Socialismo (MAS), William Torrez Tordoya, puso en duda las denuncias de los legisladores de la oposici\u00f3n, se\u00f1alando que no son serios. Sin embargo, dijo si hay denuncias hay que investigar,<\/p>\n<p class=\"v1MsoNormal\">El Estado boliviano debe investigar a trav\u00e9s del Ministerio de Justicia, Viceministerio de Transparencia, el Ministerio de Gobierno, pero fundamentalmente desde la Fiscal\u00eda General.<\/p>\n<p class=\"v1MsoNormal\">Asimismo, enfatiz\u00f3 que se debe proceder con la investigaci\u00f3n para confirmar o desvirtuar las denuncias de la oposici\u00f3n.<\/p>\n","protected":false},"excerpt":{"rendered":"<p>Ante denuncias de un presunto nuevo \u00abnarcovuelo\u00bb en el aeropuerto de Viru Viru de la ciudad de Santa Cruz de la Sierra, los diputados de la bancada de Creemos Henry Guti\u00e9rrez, Jos\u00e9 Carlos Guti\u00e9rrez y Laura Rojas, piden informes a tres ministerios por el \u00abinusual arribo\u00bb de un avi\u00f3n africano a la terminal a\u00e9rea. Los [&hellip;]<\/p>\n","protected":false},"author":1,"featured_media":161033,"comment_status":"closed","ping_status":"closed","sticky":false,"template":"","format":"standard","meta":{"_acf_changed":false,"footnotes":""},"categories":[17],"tags":[],"class_list":["post-161032","post","type-post","status-publish","format-standard","has-post-thumbnail","category-principal"],"acf":{"antetitulo":""},"yoast_head":"<!-- This site is optimized with the Yoast SEO plugin v28.3 - https:\/\/yoast.com\/product\/yoast-seo-wordpress\/ -->\n<title>Diputados exigen informe de operaciones de avi\u00f3n africano - El Diario - Bolivia<\/title>\n<meta name=\"robots\" content=\"index, follow, max-snippet:-1, max-image-preview:large, max-video-preview:-1\" \/>\n<link rel=\"canonical\" href=\"https:\/\/www.eldiario.net\/portal\/2023\/06\/20\/diputados-exigen-informe-de-operaciones-de-avion-africano\/\" \/>\n<meta property=\"og:locale\" content=\"es_ES\" \/>\n<meta property=\"og:type\" content=\"article\" \/>\n<meta property=\"og:title\" content=\"Diputados exigen informe de operaciones de avi\u00f3n africano - El Diario - Bolivia\" \/>\n<meta property=\"og:description\" content=\"Ante denuncias de un presunto nuevo \u00abnarcovuelo\u00bb en el aeropuerto de Viru Viru de la ciudad de Santa Cruz de la Sierra, los diputados de la bancada de Creemos Henry Guti\u00e9rrez, Jos\u00e9 Carlos Guti\u00e9rrez y Laura Rojas, piden informes a tres ministerios por el \u00abinusual arribo\u00bb de un avi\u00f3n africano a la terminal a\u00e9rea. Los [&hellip;]\" \/>\n<meta property=\"og:url\" content=\"https:\/\/www.eldiario.net\/portal\/2023\/06\/20\/diputados-exigen-informe-de-operaciones-de-avion-africano\/\" \/>\n<meta property=\"og:site_name\" content=\"El Diario - Bolivia\" \/>\n<meta property=\"article:publisher\" content=\"https:\/\/www.facebook.com\/eldiario.bolivia\/\" \/>\n<meta property=\"article:published_time\" content=\"2023-06-20T10:33:54+00:00\" \/>\n<meta property=\"og:image\" content=\"https:\/\/www.eldiario.net\/portal\/wp-content\/uploads\/2023\/06\/31-legiladores-de-creemos-NIB.jpg\" \/>\n\t<meta property=\"og:image:width\" content=\"1052\" \/>\n\t<meta property=\"og:image:height\" content=\"607\" \/>\n\t<meta property=\"og:image:type\" content=\"image\/jpeg\" \/>\n<meta name=\"author\" content=\"Jeanette\" \/>\n<meta name=\"twitter:card\" content=\"summary_large_image\" \/>\n<meta name=\"twitter:creator\" content=\"@eldiario_net\" \/>\n<meta name=\"twitter:site\" content=\"@eldiario_net\" \/>\n<meta name=\"twitter:label1\" content=\"Escrito por\" \/>\n\t<meta name=\"twitter:data1\" content=\"Jeanette\" \/>\n\t<meta name=\"twitter:label2\" content=\"Tiempo de lectura\" \/>\n\t<meta name=\"twitter:data2\" content=\"3 minutos\" \/>\n<script type=\"application\/ld+json\" class=\"yoast-schema-graph\">{\"@context\":\"https:\\\/\\\/schema.org\",\"@graph\":[{\"@type\":\"Article\",\"@id\":\"https:\\\/\\\/www.eldiario.net\\\/portal\\\/2023\\\/06\\\/20\\\/diputados-exigen-informe-de-operaciones-de-avion-africano\\\/#article\",\"isPartOf\":{\"@id\":\"https:\\\/\\\/www.eldiario.net\\\/portal\\\/2023\\\/06\\\/20\\\/diputados-exigen-informe-de-operaciones-de-avion-africano\\\/\"},\"author\":{\"name\":\"Jeanette\",\"@id\":\"https:\\\/\\\/www.eldiario.net\\\/portal\\\/#\\\/schema\\\/person\\\/f46445640444750d7d753ccd04ae01b7\"},\"headline\":\"Diputados exigen informe de operaciones de avi\u00f3n africano\",\"datePublished\":\"2023-06-20T10:33:54+00:00\",\"mainEntityOfPage\":{\"@id\":\"https:\\\/\\\/www.eldiario.net\\\/portal\\\/2023\\\/06\\\/20\\\/diputados-exigen-informe-de-operaciones-de-avion-africano\\\/\"},\"wordCount\":563,\"publisher\":{\"@id\":\"https:\\\/\\\/www.eldiario.net\\\/portal\\\/#organization\"},\"image\":{\"@id\":\"https:\\\/\\\/www.eldiario.net\\\/portal\\\/2023\\\/06\\\/20\\\/diputados-exigen-informe-de-operaciones-de-avion-africano\\\/#primaryimage\"},\"thumbnailUrl\":\"https:\\\/\\\/www.eldiario.net\\\/portal\\\/wp-content\\\/uploads\\\/2023\\\/06\\\/31-legiladores-de-creemos-NIB.jpg\",\"articleSection\":[\"Principal\"],\"inLanguage\":\"es\"},{\"@type\":\"WebPage\",\"@id\":\"https:\\\/\\\/www.eldiario.net\\\/portal\\\/2023\\\/06\\\/20\\\/diputados-exigen-informe-de-operaciones-de-avion-africano\\\/\",\"url\":\"https:\\\/\\\/www.eldiario.net\\\/portal\\\/2023\\\/06\\\/20\\\/diputados-exigen-informe-de-operaciones-de-avion-africano\\\/\",\"name\":\"Diputados exigen informe de operaciones de avi\u00f3n africano - El Diario - Bolivia\",\"isPartOf\":{\"@id\":\"https:\\\/\\\/www.eldiario.net\\\/portal\\\/#website\"},\"primaryImageOfPage\":{\"@id\":\"https:\\\/\\\/www.eldiario.net\\\/portal\\\/2023\\\/06\\\/20\\\/diputados-exigen-informe-de-operaciones-de-avion-africano\\\/#primaryimage\"},\"image\":{\"@id\":\"https:\\\/\\\/www.eldiario.net\\\/portal\\\/2023\\\/06\\\/20\\\/diputados-exigen-informe-de-operaciones-de-avion-africano\\\/#primaryimage\"},\"thumbnailUrl\":\"https:\\\/\\\/www.eldiario.net\\\/portal\\\/wp-content\\\/uploads\\\/2023\\\/06\\\/31-legiladores-de-creemos-NIB.jpg\",\"datePublished\":\"2023-06-20T10:33:54+00:00\",\"breadcrumb\":{\"@id\":\"https:\\\/\\\/www.eldiario.net\\\/portal\\\/2023\\\/06\\\/20\\\/diputados-exigen-informe-de-operaciones-de-avion-africano\\\/#breadcrumb\"},\"inLanguage\":\"es\",\"potentialAction\":[{\"@type\":\"ReadAction\",\"target\":[\"https:\\\/\\\/www.eldiario.net\\\/portal\\\/2023\\\/06\\\/20\\\/diputados-exigen-informe-de-operaciones-de-avion-africano\\\/\"]}]},{\"@type\":\"ImageObject\",\"inLanguage\":\"es\",\"@id\":\"https:\\\/\\\/www.eldiario.net\\\/portal\\\/2023\\\/06\\\/20\\\/diputados-exigen-informe-de-operaciones-de-avion-africano\\\/#primaryimage\",\"url\":\"https:\\\/\\\/www.eldiario.net\\\/portal\\\/wp-content\\\/uploads\\\/2023\\\/06\\\/31-legiladores-de-creemos-NIB.jpg\",\"contentUrl\":\"https:\\\/\\\/www.eldiario.net\\\/portal\\\/wp-content\\\/uploads\\\/2023\\\/06\\\/31-legiladores-de-creemos-NIB.jpg\",\"width\":1052,\"height\":607},{\"@type\":\"BreadcrumbList\",\"@id\":\"https:\\\/\\\/www.eldiario.net\\\/portal\\\/2023\\\/06\\\/20\\\/diputados-exigen-informe-de-operaciones-de-avion-africano\\\/#breadcrumb\",\"itemListElement\":[{\"@type\":\"ListItem\",\"position\":1,\"name\":\"Portada\",\"item\":\"https:\\\/\\\/www.eldiario.net\\\/portal\\\/\"},{\"@type\":\"ListItem\",\"position\":2,\"name\":\"Diputados exigen informe de operaciones de avi\u00f3n africano\"}]},{\"@type\":\"WebSite\",\"@id\":\"https:\\\/\\\/www.eldiario.net\\\/portal\\\/#website\",\"url\":\"https:\\\/\\\/www.eldiario.net\\\/portal\\\/\",\"name\":\"El Diario - Decano de la prensa nacional\",\"description\":\"El Diario - Decano de la prensa nacional\",\"publisher\":{\"@id\":\"https:\\\/\\\/www.eldiario.net\\\/portal\\\/#organization\"},\"potentialAction\":[{\"@type\":\"SearchAction\",\"target\":{\"@type\":\"EntryPoint\",\"urlTemplate\":\"https:\\\/\\\/www.eldiario.net\\\/portal\\\/?s={search_term_string}\"},\"query-input\":{\"@type\":\"PropertyValueSpecification\",\"valueRequired\":true,\"valueName\":\"search_term_string\"}}],\"inLanguage\":\"es\"},{\"@type\":\"Organization\",\"@id\":\"https:\\\/\\\/www.eldiario.net\\\/portal\\\/#organization\",\"name\":\"El Diario - Decano de la prensa nacional\",\"url\":\"https:\\\/\\\/www.eldiario.net\\\/portal\\\/\",\"logo\":{\"@type\":\"ImageObject\",\"inLanguage\":\"es\",\"@id\":\"https:\\\/\\\/www.eldiario.net\\\/portal\\\/#\\\/schema\\\/logo\\\/image\\\/\",\"url\":\"https:\\\/\\\/www.eldiario.net\\\/portal\\\/wp-content\\\/uploads\\\/2023\\\/07\\\/logo_ED.jpg\",\"contentUrl\":\"https:\\\/\\\/www.eldiario.net\\\/portal\\\/wp-content\\\/uploads\\\/2023\\\/07\\\/logo_ED.jpg\",\"width\":272,\"height\":52,\"caption\":\"El Diario - Decano de la prensa nacional\"},\"image\":{\"@id\":\"https:\\\/\\\/www.eldiario.net\\\/portal\\\/#\\\/schema\\\/logo\\\/image\\\/\"},\"sameAs\":[\"https:\\\/\\\/www.facebook.com\\\/eldiario.bolivia\\\/\",\"https:\\\/\\\/x.com\\\/eldiario_net\"]},{\"@type\":\"Person\",\"@id\":\"https:\\\/\\\/www.eldiario.net\\\/portal\\\/#\\\/schema\\\/person\\\/f46445640444750d7d753ccd04ae01b7\",\"name\":\"Jeanette\",\"image\":{\"@type\":\"ImageObject\",\"inLanguage\":\"es\",\"@id\":\"https:\\\/\\\/secure.gravatar.com\\\/avatar\\\/3ea2118a5f7dad2b7138b1187a6b7ee55f160b9968b66013c3a3ef39dd7e5798?s=96&d=mm&r=g\",\"url\":\"https:\\\/\\\/secure.gravatar.com\\\/avatar\\\/3ea2118a5f7dad2b7138b1187a6b7ee55f160b9968b66013c3a3ef39dd7e5798?s=96&d=mm&r=g\",\"contentUrl\":\"https:\\\/\\\/secure.gravatar.com\\\/avatar\\\/3ea2118a5f7dad2b7138b1187a6b7ee55f160b9968b66013c3a3ef39dd7e5798?s=96&d=mm&r=g\",\"caption\":\"Jeanette\"},\"sameAs\":[\"https:\\\/\\\/www.eldiario.net\\\/portal\"],\"url\":\"https:\\\/\\\/www.eldiario.net\\\/portal\\\/author\\\/jeanette\\\/\"}]}<\/script>\n<!-- \/ Yoast SEO plugin. -->","yoast_head_json":{"title":"Diputados exigen informe de operaciones de avi\u00f3n africano - El Diario - Bolivia","robots":{"index":"index","follow":"follow","max-snippet":"max-snippet:-1","max-image-preview":"max-image-preview:large","max-video-preview":"max-video-preview:-1"},"canonical":"https:\/\/www.eldiario.net\/portal\/2023\/06\/20\/diputados-exigen-informe-de-operaciones-de-avion-africano\/","og_locale":"es_ES","og_type":"article","og_title":"Diputados exigen informe de operaciones de avi\u00f3n africano - El Diario - Bolivia","og_description":"Ante denuncias de un presunto nuevo \u00abnarcovuelo\u00bb en el aeropuerto de Viru Viru de la ciudad de Santa Cruz de la Sierra, los diputados de la bancada de Creemos Henry Guti\u00e9rrez, Jos\u00e9 Carlos Guti\u00e9rrez y Laura Rojas, piden informes a tres ministerios por el \u00abinusual arribo\u00bb de un avi\u00f3n africano a la terminal a\u00e9rea. Los [&hellip;]","og_url":"https:\/\/www.eldiario.net\/portal\/2023\/06\/20\/diputados-exigen-informe-de-operaciones-de-avion-africano\/","og_site_name":"El Diario - Bolivia","article_publisher":"https:\/\/www.facebook.com\/eldiario.bolivia\/","article_published_time":"2023-06-20T10:33:54+00:00","og_image":[{"width":1052,"height":607,"url":"https:\/\/www.eldiario.net\/portal\/wp-content\/uploads\/2023\/06\/31-legiladores-de-creemos-NIB.jpg","type":"image\/jpeg"}],"author":"Jeanette","twitter_card":"summary_large_image","twitter_creator":"@eldiario_net","twitter_site":"@eldiario_net","twitter_misc":{"Escrito por":"Jeanette","Tiempo de lectura":"3 minutos"},"schema":{"@context":"https:\/\/schema.org","@graph":[{"@type":"Article","@id":"https:\/\/www.eldiario.net\/portal\/2023\/06\/20\/diputados-exigen-informe-de-operaciones-de-avion-africano\/#article","isPartOf":{"@id":"https:\/\/www.eldiario.net\/portal\/2023\/06\/20\/diputados-exigen-informe-de-operaciones-de-avion-africano\/"},"author":{"name":"Jeanette","@id":"https:\/\/www.eldiario.net\/portal\/#\/schema\/person\/f46445640444750d7d753ccd04ae01b7"},"headline":"Diputados exigen informe de operaciones de avi\u00f3n africano","datePublished":"2023-06-20T10:33:54+00:00","mainEntityOfPage":{"@id":"https:\/\/www.eldiario.net\/portal\/2023\/06\/20\/diputados-exigen-informe-de-operaciones-de-avion-africano\/"},"wordCount":563,"publisher":{"@id":"https:\/\/www.eldiario.net\/portal\/#organization"},"image":{"@id":"https:\/\/www.eldiario.net\/portal\/2023\/06\/20\/diputados-exigen-informe-de-operaciones-de-avion-africano\/#primaryimage"},"thumbnailUrl":"https:\/\/www.eldiario.net\/portal\/wp-content\/uploads\/2023\/06\/31-legiladores-de-creemos-NIB.jpg","articleSection":["Principal"],"inLanguage":"es"},{"@type":"WebPage","@id":"https:\/\/www.eldiario.net\/portal\/2023\/06\/20\/diputados-exigen-informe-de-operaciones-de-avion-africano\/","url":"https:\/\/www.eldiario.net\/portal\/2023\/06\/20\/diputados-exigen-informe-de-operaciones-de-avion-africano\/","name":"Diputados exigen informe de operaciones de avi\u00f3n africano - El Diario - Bolivia","isPartOf":{"@id":"https:\/\/www.eldiario.net\/portal\/#website"},"primaryImageOfPage":{"@id":"https:\/\/www.eldiario.net\/portal\/2023\/06\/20\/diputados-exigen-informe-de-operaciones-de-avion-africano\/#primaryimage"},"image":{"@id":"https:\/\/www.eldiario.net\/portal\/2023\/06\/20\/diputados-exigen-informe-de-operaciones-de-avion-africano\/#primaryimage"},"thumbnailUrl":"https:\/\/www.eldiario.net\/portal\/wp-content\/uploads\/2023\/06\/31-legiladores-de-creemos-NIB.jpg","datePublished":"2023-06-20T10:33:54+00:00","breadcrumb":{"@id":"https:\/\/www.eldiario.net\/portal\/2023\/06\/20\/diputados-exigen-informe-de-operaciones-de-avion-africano\/#breadcrumb"},"inLanguage":"es","potentialAction":[{"@type":"ReadAction","target":["https:\/\/www.eldiario.net\/portal\/2023\/06\/20\/diputados-exigen-informe-de-operaciones-de-avion-africano\/"]}]},{"@type":"ImageObject","inLanguage":"es","@id":"https:\/\/www.eldiario.net\/portal\/2023\/06\/20\/diputados-exigen-informe-de-operaciones-de-avion-africano\/#primaryimage","url":"https:\/\/www.eldiario.net\/portal\/wp-content\/uploads\/2023\/06\/31-legiladores-de-creemos-NIB.jpg","contentUrl":"https:\/\/www.eldiario.net\/portal\/wp-content\/uploads\/2023\/06\/31-legiladores-de-creemos-NIB.jpg","width":1052,"height":607},{"@type":"BreadcrumbList","@id":"https:\/\/www.eldiario.net\/portal\/2023\/06\/20\/diputados-exigen-informe-de-operaciones-de-avion-africano\/#breadcrumb","itemListElement":[{"@type":"ListItem","position":1,"name":"Portada","item":"https:\/\/www.eldiario.net\/portal\/"},{"@type":"ListItem","position":2,"name":"Diputados exigen informe de operaciones de avi\u00f3n africano"}]},{"@type":"WebSite","@id":"https:\/\/www.eldiario.net\/portal\/#website","url":"https:\/\/www.eldiario.net\/portal\/","name":"El Diario - Decano de la prensa nacional","description":"El Diario - Decano de la prensa nacional","publisher":{"@id":"https:\/\/www.eldiario.net\/portal\/#organization"},"potentialAction":[{"@type":"SearchAction","target":{"@type":"EntryPoint","urlTemplate":"https:\/\/www.eldiario.net\/portal\/?s={search_term_string}"},"query-input":{"@type":"PropertyValueSpecification","valueRequired":true,"valueName":"search_term_string"}}],"inLanguage":"es"},{"@type":"Organization","@id":"https:\/\/www.eldiario.net\/portal\/#organization","name":"El Diario - Decano de la prensa nacional","url":"https:\/\/www.eldiario.net\/portal\/","logo":{"@type":"ImageObject","inLanguage":"es","@id":"https:\/\/www.eldiario.net\/portal\/#\/schema\/logo\/image\/","url":"https:\/\/www.eldiario.net\/portal\/wp-content\/uploads\/2023\/07\/logo_ED.jpg","contentUrl":"https:\/\/www.eldiario.net\/portal\/wp-content\/uploads\/2023\/07\/logo_ED.jpg","width":272,"height":52,"caption":"El Diario - Decano de la prensa nacional"},"image":{"@id":"https:\/\/www.eldiario.net\/portal\/#\/schema\/logo\/image\/"},"sameAs":["https:\/\/www.facebook.com\/eldiario.bolivia\/","https:\/\/x.com\/eldiario_net"]},{"@type":"Person","@id":"https:\/\/www.eldiario.net\/portal\/#\/schema\/person\/f46445640444750d7d753ccd04ae01b7","name":"Jeanette","image":{"@type":"ImageObject","inLanguage":"es","@id":"https:\/\/secure.gravatar.com\/avatar\/3ea2118a5f7dad2b7138b1187a6b7ee55f160b9968b66013c3a3ef39dd7e5798?s=96&d=mm&r=g","url":"https:\/\/secure.gravatar.com\/avatar\/3ea2118a5f7dad2b7138b1187a6b7ee55f160b9968b66013c3a3ef39dd7e5798?s=96&d=mm&r=g","contentUrl":"https:\/\/secure.gravatar.com\/avatar\/3ea2118a5f7dad2b7138b1187a6b7ee55f160b9968b66013c3a3ef39dd7e5798?s=96&d=mm&r=g","caption":"Jeanette"},"sameAs":["https:\/\/www.eldiario.net\/portal"],"url":"https:\/\/www.eldiario.net\/portal\/author\/jeanette\/"}]}},"_links":{"self":[{"href":"https:\/\/www.eldiario.net\/portal\/wp-json\/wp\/v2\/posts\/161032","targetHints":{"allow":["GET"]}}],"collection":[{"href":"https:\/\/www.eldiario.net\/portal\/wp-json\/wp\/v2\/posts"}],"about":[{"href":"https:\/\/www.eldiario.net\/portal\/wp-json\/wp\/v2\/types\/post"}],"author":[{"embeddable":true,"href":"https:\/\/www.eldiario.net\/portal\/wp-json\/wp\/v2\/users\/1"}],"replies":[{"embeddable":true,"href":"https:\/\/www.eldiario.net\/portal\/wp-json\/wp\/v2\/comments?post=161032"}],"version-history":[{"count":0,"href":"https:\/\/www.eldiario.net\/portal\/wp-json\/wp\/v2\/posts\/161032\/revisions"}],"wp:featuredmedia":[{"embeddable":true,"href":"https:\/\/www.eldiario.net\/portal\/wp-json\/wp\/v2\/media\/161033"}],"wp:attachment":[{"href":"https:\/\/www.eldiario.net\/portal\/wp-json\/wp\/v2\/media?parent=161032"}],"wp:term":[{"taxonomy":"category","embeddable":true,"href":"https:\/\/www.eldiario.net\/portal\/wp-json\/wp\/v2\/categories?post=161032"},{"taxonomy":"post_tag","embeddable":true,"href":"https:\/\/www.eldiario.net\/portal\/wp-json\/wp\/v2\/tags?post=161032"}],"curies":[{"name":"wp","href":"https:\/\/api.w.org\/{rel}","templated":true}]}}