{"id":161029,"date":"2023-06-20T06:32:47","date_gmt":"2023-06-20T10:32:47","guid":{"rendered":"https:\/\/www.eldiario.net\/portal\/?p=161029"},"modified":"2023-06-20T06:32:47","modified_gmt":"2023-06-20T10:32:47","slug":"arce-remite-al-legislativo-proyecto-de-ley-para-lucha-contra-la-corrupcion","status":"publish","type":"post","link":"https:\/\/www.eldiario.net\/portal\/2023\/06\/20\/arce-remite-al-legislativo-proyecto-de-ley-para-lucha-contra-la-corrupcion\/","title":{"rendered":"Arce remite al Legislativo Proyecto de  Ley para Lucha Contra la Corrupci\u00f3n"},"content":{"rendered":"<p class=\"v1MsoNormal\">Luego de varios esc\u00e1ndalos a causa de denuncias por actos de corrupci\u00f3n en empresas estatales, el presidente del Estado, Luis Arce Catacora, remiti\u00f3 a la Asamblea Legislativa Plurinacional (ALP) el Proyecto de Ley para la \u00abCreaci\u00f3n del Sistema de Gesti\u00f3n de Riesgos para la Prevenci\u00f3n y Lucha Contra la Corrupci\u00f3n\u00bb, iniciativa que plantea registrar cuentas bancarias de empresas que se adjudiquen obras para el Estado.<\/p>\n<p class=\"v1MsoNormal\">En acto desarrollado en Casa Grande del Pueblo, el primer mandatario present\u00f3 el proyecto de norma se\u00f1alando que se busca prevenir irregularidades en la administraci\u00f3n p\u00fablica y transparentar, desde el inicio, todos los procesos de licitaci\u00f3n de obras en el territorio nacional. \u00abExhortamos a nuestros asamble\u00edstas a acelerar la aprobaci\u00f3n de esta medida que contribuir\u00e1 a la profundizaci\u00f3n de la lucha contra la corrupci\u00f3n\u00bb, dijo.<\/p>\n<p class=\"v1MsoNormal\">Se prev\u00e9 abarcar contratos de ejecuci\u00f3n de obras del Gobierno nacional, gobiernos municipales y gobiernos aut\u00f3nomos departamentales. \u00abSe va a solicitar a todas estas empresas privadas que se adjudicaron obras, con las diferentes instituciones del Estado en sus diferentes estratos, que abran una cuenta donde se depositar\u00e1 el 100% de los recursos que el Estado se compromete al ejecutarse la obra, y en esa cuenta se podr\u00e1 determinar los gastos que realizan\u00bb, explic\u00f3.<\/p>\n<p class=\"v1MsoNormal\">Arce detall\u00f3 que, se solicitar\u00e1 de manera voluntaria a las empresas privadas que puedan prescindir del secreto bancario de la cuenta que recibir\u00e1 estos recursos; sin embargo, se respetar\u00e1 a quienes quieran cobijarse bajo el secreto bancario, conforme la normativa vigente en el pa\u00eds.<\/p>\n<p class=\"v1MsoNormal\">Desde la oposici\u00f3n, el diputado Alberto Astorga calific\u00f3 la medida como \u00abtard\u00eda\u00bb al ser planteada despu\u00e9s de varios esc\u00e1ndalos de corrupci\u00f3n en entidades estatales. \u00abAhora se trata de tapar los actos irregulares en reparticiones de gobierno\u00bb, cuestion\u00f3 el legislador.<\/p>\n","protected":false},"excerpt":{"rendered":"<p>Luego de varios esc\u00e1ndalos a causa de denuncias por actos de corrupci\u00f3n en empresas estatales, el presidente del Estado, Luis Arce Catacora, remiti\u00f3 a la Asamblea Legislativa Plurinacional (ALP) el Proyecto de Ley para la \u00abCreaci\u00f3n del Sistema de Gesti\u00f3n de Riesgos para la Prevenci\u00f3n y Lucha Contra la Corrupci\u00f3n\u00bb, iniciativa que plantea registrar cuentas [&hellip;]<\/p>\n","protected":false},"author":1,"featured_media":161030,"comment_status":"closed","ping_status":"closed","sticky":false,"template":"","format":"standard","meta":{"_acf_changed":false,"footnotes":""},"categories":[15],"tags":[],"class_list":["post-161029","post","type-post","status-publish","format-standard","has-post-thumbnail","category-portada"],"acf":{"antetitulo":""},"yoast_head":"<!-- This site is optimized with the Yoast SEO plugin v28.3 - https:\/\/yoast.com\/product\/yoast-seo-wordpress\/ -->\n<title>Arce remite al Legislativo Proyecto de Ley para Lucha Contra la Corrupci\u00f3n - El Diario - Bolivia<\/title>\n<meta name=\"robots\" content=\"index, follow, max-snippet:-1, max-image-preview:large, max-video-preview:-1\" \/>\n<link rel=\"canonical\" href=\"https:\/\/www.eldiario.net\/portal\/2023\/06\/20\/arce-remite-al-legislativo-proyecto-de-ley-para-lucha-contra-la-corrupcion\/\" \/>\n<meta property=\"og:locale\" content=\"es_ES\" \/>\n<meta property=\"og:type\" content=\"article\" \/>\n<meta property=\"og:title\" content=\"Arce remite al Legislativo Proyecto de Ley para Lucha Contra la Corrupci\u00f3n - El Diario - Bolivia\" \/>\n<meta property=\"og:description\" content=\"Luego de varios esc\u00e1ndalos a causa de denuncias por actos de corrupci\u00f3n en empresas estatales, el presidente del Estado, Luis Arce Catacora, remiti\u00f3 a la Asamblea Legislativa Plurinacional (ALP) el Proyecto de Ley para la \u00abCreaci\u00f3n del Sistema de Gesti\u00f3n de Riesgos para la Prevenci\u00f3n y Lucha Contra la Corrupci\u00f3n\u00bb, iniciativa que plantea registrar cuentas [&hellip;]\" \/>\n<meta property=\"og:url\" content=\"https:\/\/www.eldiario.net\/portal\/2023\/06\/20\/arce-remite-al-legislativo-proyecto-de-ley-para-lucha-contra-la-corrupcion\/\" \/>\n<meta property=\"og:site_name\" content=\"El Diario - Bolivia\" \/>\n<meta property=\"article:publisher\" content=\"https:\/\/www.facebook.com\/eldiario.bolivia\/\" \/>\n<meta property=\"article:published_time\" content=\"2023-06-20T10:32:47+00:00\" \/>\n<meta property=\"og:image\" content=\"https:\/\/www.eldiario.net\/portal\/wp-content\/uploads\/2023\/06\/30-PROYECTO-ARCE.jpg\" \/>\n\t<meta property=\"og:image:width\" content=\"1531\" \/>\n\t<meta property=\"og:image:height\" content=\"1021\" \/>\n\t<meta property=\"og:image:type\" content=\"image\/jpeg\" \/>\n<meta name=\"author\" content=\"Jeanette\" \/>\n<meta name=\"twitter:card\" content=\"summary_large_image\" \/>\n<meta name=\"twitter:creator\" content=\"@eldiario_net\" \/>\n<meta name=\"twitter:site\" content=\"@eldiario_net\" \/>\n<meta name=\"twitter:label1\" content=\"Escrito por\" \/>\n\t<meta name=\"twitter:data1\" content=\"Jeanette\" \/>\n\t<meta name=\"twitter:label2\" content=\"Tiempo de lectura\" \/>\n\t<meta name=\"twitter:data2\" content=\"2 minutos\" \/>\n<script type=\"application\/ld+json\" class=\"yoast-schema-graph\">{\"@context\":\"https:\\\/\\\/schema.org\",\"@graph\":[{\"@type\":\"Article\",\"@id\":\"https:\\\/\\\/www.eldiario.net\\\/portal\\\/2023\\\/06\\\/20\\\/arce-remite-al-legislativo-proyecto-de-ley-para-lucha-contra-la-corrupcion\\\/#article\",\"isPartOf\":{\"@id\":\"https:\\\/\\\/www.eldiario.net\\\/portal\\\/2023\\\/06\\\/20\\\/arce-remite-al-legislativo-proyecto-de-ley-para-lucha-contra-la-corrupcion\\\/\"},\"author\":{\"name\":\"Jeanette\",\"@id\":\"https:\\\/\\\/www.eldiario.net\\\/portal\\\/#\\\/schema\\\/person\\\/f46445640444750d7d753ccd04ae01b7\"},\"headline\":\"Arce remite al Legislativo Proyecto de Ley para Lucha Contra la Corrupci\u00f3n\",\"datePublished\":\"2023-06-20T10:32:47+00:00\",\"mainEntityOfPage\":{\"@id\":\"https:\\\/\\\/www.eldiario.net\\\/portal\\\/2023\\\/06\\\/20\\\/arce-remite-al-legislativo-proyecto-de-ley-para-lucha-contra-la-corrupcion\\\/\"},\"wordCount\":320,\"publisher\":{\"@id\":\"https:\\\/\\\/www.eldiario.net\\\/portal\\\/#organization\"},\"image\":{\"@id\":\"https:\\\/\\\/www.eldiario.net\\\/portal\\\/2023\\\/06\\\/20\\\/arce-remite-al-legislativo-proyecto-de-ley-para-lucha-contra-la-corrupcion\\\/#primaryimage\"},\"thumbnailUrl\":\"https:\\\/\\\/www.eldiario.net\\\/portal\\\/wp-content\\\/uploads\\\/2023\\\/06\\\/30-PROYECTO-ARCE.jpg\",\"articleSection\":[\"Portada\"],\"inLanguage\":\"es\"},{\"@type\":\"WebPage\",\"@id\":\"https:\\\/\\\/www.eldiario.net\\\/portal\\\/2023\\\/06\\\/20\\\/arce-remite-al-legislativo-proyecto-de-ley-para-lucha-contra-la-corrupcion\\\/\",\"url\":\"https:\\\/\\\/www.eldiario.net\\\/portal\\\/2023\\\/06\\\/20\\\/arce-remite-al-legislativo-proyecto-de-ley-para-lucha-contra-la-corrupcion\\\/\",\"name\":\"Arce remite al Legislativo Proyecto de Ley para Lucha Contra la Corrupci\u00f3n - El Diario - Bolivia\",\"isPartOf\":{\"@id\":\"https:\\\/\\\/www.eldiario.net\\\/portal\\\/#website\"},\"primaryImageOfPage\":{\"@id\":\"https:\\\/\\\/www.eldiario.net\\\/portal\\\/2023\\\/06\\\/20\\\/arce-remite-al-legislativo-proyecto-de-ley-para-lucha-contra-la-corrupcion\\\/#primaryimage\"},\"image\":{\"@id\":\"https:\\\/\\\/www.eldiario.net\\\/portal\\\/2023\\\/06\\\/20\\\/arce-remite-al-legislativo-proyecto-de-ley-para-lucha-contra-la-corrupcion\\\/#primaryimage\"},\"thumbnailUrl\":\"https:\\\/\\\/www.eldiario.net\\\/portal\\\/wp-content\\\/uploads\\\/2023\\\/06\\\/30-PROYECTO-ARCE.jpg\",\"datePublished\":\"2023-06-20T10:32:47+00:00\",\"breadcrumb\":{\"@id\":\"https:\\\/\\\/www.eldiario.net\\\/portal\\\/2023\\\/06\\\/20\\\/arce-remite-al-legislativo-proyecto-de-ley-para-lucha-contra-la-corrupcion\\\/#breadcrumb\"},\"inLanguage\":\"es\",\"potentialAction\":[{\"@type\":\"ReadAction\",\"target\":[\"https:\\\/\\\/www.eldiario.net\\\/portal\\\/2023\\\/06\\\/20\\\/arce-remite-al-legislativo-proyecto-de-ley-para-lucha-contra-la-corrupcion\\\/\"]}]},{\"@type\":\"ImageObject\",\"inLanguage\":\"es\",\"@id\":\"https:\\\/\\\/www.eldiario.net\\\/portal\\\/2023\\\/06\\\/20\\\/arce-remite-al-legislativo-proyecto-de-ley-para-lucha-contra-la-corrupcion\\\/#primaryimage\",\"url\":\"https:\\\/\\\/www.eldiario.net\\\/portal\\\/wp-content\\\/uploads\\\/2023\\\/06\\\/30-PROYECTO-ARCE.jpg\",\"contentUrl\":\"https:\\\/\\\/www.eldiario.net\\\/portal\\\/wp-content\\\/uploads\\\/2023\\\/06\\\/30-PROYECTO-ARCE.jpg\",\"width\":1531,\"height\":1021,\"caption\":\"PRESIDENTE LUIS ARCE PRESENTA PROYECTO DE LEY. CREDITOS \\\/ RRSS\"},{\"@type\":\"BreadcrumbList\",\"@id\":\"https:\\\/\\\/www.eldiario.net\\\/portal\\\/2023\\\/06\\\/20\\\/arce-remite-al-legislativo-proyecto-de-ley-para-lucha-contra-la-corrupcion\\\/#breadcrumb\",\"itemListElement\":[{\"@type\":\"ListItem\",\"position\":1,\"name\":\"Portada\",\"item\":\"https:\\\/\\\/www.eldiario.net\\\/portal\\\/\"},{\"@type\":\"ListItem\",\"position\":2,\"name\":\"Arce remite al Legislativo Proyecto de Ley para Lucha Contra la Corrupci\u00f3n\"}]},{\"@type\":\"WebSite\",\"@id\":\"https:\\\/\\\/www.eldiario.net\\\/portal\\\/#website\",\"url\":\"https:\\\/\\\/www.eldiario.net\\\/portal\\\/\",\"name\":\"El Diario - Decano de la prensa nacional\",\"description\":\"El Diario - Decano de la prensa nacional\",\"publisher\":{\"@id\":\"https:\\\/\\\/www.eldiario.net\\\/portal\\\/#organization\"},\"potentialAction\":[{\"@type\":\"SearchAction\",\"target\":{\"@type\":\"EntryPoint\",\"urlTemplate\":\"https:\\\/\\\/www.eldiario.net\\\/portal\\\/?s={search_term_string}\"},\"query-input\":{\"@type\":\"PropertyValueSpecification\",\"valueRequired\":true,\"valueName\":\"search_term_string\"}}],\"inLanguage\":\"es\"},{\"@type\":\"Organization\",\"@id\":\"https:\\\/\\\/www.eldiario.net\\\/portal\\\/#organization\",\"name\":\"El Diario - Decano de la prensa nacional\",\"url\":\"https:\\\/\\\/www.eldiario.net\\\/portal\\\/\",\"logo\":{\"@type\":\"ImageObject\",\"inLanguage\":\"es\",\"@id\":\"https:\\\/\\\/www.eldiario.net\\\/portal\\\/#\\\/schema\\\/logo\\\/image\\\/\",\"url\":\"https:\\\/\\\/www.eldiario.net\\\/portal\\\/wp-content\\\/uploads\\\/2023\\\/07\\\/logo_ED.jpg\",\"contentUrl\":\"https:\\\/\\\/www.eldiario.net\\\/portal\\\/wp-content\\\/uploads\\\/2023\\\/07\\\/logo_ED.jpg\",\"width\":272,\"height\":52,\"caption\":\"El Diario - Decano de la prensa nacional\"},\"image\":{\"@id\":\"https:\\\/\\\/www.eldiario.net\\\/portal\\\/#\\\/schema\\\/logo\\\/image\\\/\"},\"sameAs\":[\"https:\\\/\\\/www.facebook.com\\\/eldiario.bolivia\\\/\",\"https:\\\/\\\/x.com\\\/eldiario_net\"]},{\"@type\":\"Person\",\"@id\":\"https:\\\/\\\/www.eldiario.net\\\/portal\\\/#\\\/schema\\\/person\\\/f46445640444750d7d753ccd04ae01b7\",\"name\":\"Jeanette\",\"image\":{\"@type\":\"ImageObject\",\"inLanguage\":\"es\",\"@id\":\"https:\\\/\\\/secure.gravatar.com\\\/avatar\\\/3ea2118a5f7dad2b7138b1187a6b7ee55f160b9968b66013c3a3ef39dd7e5798?s=96&d=mm&r=g\",\"url\":\"https:\\\/\\\/secure.gravatar.com\\\/avatar\\\/3ea2118a5f7dad2b7138b1187a6b7ee55f160b9968b66013c3a3ef39dd7e5798?s=96&d=mm&r=g\",\"contentUrl\":\"https:\\\/\\\/secure.gravatar.com\\\/avatar\\\/3ea2118a5f7dad2b7138b1187a6b7ee55f160b9968b66013c3a3ef39dd7e5798?s=96&d=mm&r=g\",\"caption\":\"Jeanette\"},\"sameAs\":[\"https:\\\/\\\/www.eldiario.net\\\/portal\"],\"url\":\"https:\\\/\\\/www.eldiario.net\\\/portal\\\/author\\\/jeanette\\\/\"}]}<\/script>\n<!-- \/ Yoast SEO plugin. -->","yoast_head_json":{"title":"Arce remite al Legislativo Proyecto de Ley para Lucha Contra la Corrupci\u00f3n - El Diario - Bolivia","robots":{"index":"index","follow":"follow","max-snippet":"max-snippet:-1","max-image-preview":"max-image-preview:large","max-video-preview":"max-video-preview:-1"},"canonical":"https:\/\/www.eldiario.net\/portal\/2023\/06\/20\/arce-remite-al-legislativo-proyecto-de-ley-para-lucha-contra-la-corrupcion\/","og_locale":"es_ES","og_type":"article","og_title":"Arce remite al Legislativo Proyecto de Ley para Lucha Contra la Corrupci\u00f3n - El Diario - Bolivia","og_description":"Luego de varios esc\u00e1ndalos a causa de denuncias por actos de corrupci\u00f3n en empresas estatales, el presidente del Estado, Luis Arce Catacora, remiti\u00f3 a la Asamblea Legislativa Plurinacional (ALP) el Proyecto de Ley para la \u00abCreaci\u00f3n del Sistema de Gesti\u00f3n de Riesgos para la Prevenci\u00f3n y Lucha Contra la Corrupci\u00f3n\u00bb, iniciativa que plantea registrar cuentas [&hellip;]","og_url":"https:\/\/www.eldiario.net\/portal\/2023\/06\/20\/arce-remite-al-legislativo-proyecto-de-ley-para-lucha-contra-la-corrupcion\/","og_site_name":"El Diario - Bolivia","article_publisher":"https:\/\/www.facebook.com\/eldiario.bolivia\/","article_published_time":"2023-06-20T10:32:47+00:00","og_image":[{"width":1531,"height":1021,"url":"https:\/\/www.eldiario.net\/portal\/wp-content\/uploads\/2023\/06\/30-PROYECTO-ARCE.jpg","type":"image\/jpeg"}],"author":"Jeanette","twitter_card":"summary_large_image","twitter_creator":"@eldiario_net","twitter_site":"@eldiario_net","twitter_misc":{"Escrito por":"Jeanette","Tiempo de lectura":"2 minutos"},"schema":{"@context":"https:\/\/schema.org","@graph":[{"@type":"Article","@id":"https:\/\/www.eldiario.net\/portal\/2023\/06\/20\/arce-remite-al-legislativo-proyecto-de-ley-para-lucha-contra-la-corrupcion\/#article","isPartOf":{"@id":"https:\/\/www.eldiario.net\/portal\/2023\/06\/20\/arce-remite-al-legislativo-proyecto-de-ley-para-lucha-contra-la-corrupcion\/"},"author":{"name":"Jeanette","@id":"https:\/\/www.eldiario.net\/portal\/#\/schema\/person\/f46445640444750d7d753ccd04ae01b7"},"headline":"Arce remite al Legislativo Proyecto de Ley para Lucha Contra la Corrupci\u00f3n","datePublished":"2023-06-20T10:32:47+00:00","mainEntityOfPage":{"@id":"https:\/\/www.eldiario.net\/portal\/2023\/06\/20\/arce-remite-al-legislativo-proyecto-de-ley-para-lucha-contra-la-corrupcion\/"},"wordCount":320,"publisher":{"@id":"https:\/\/www.eldiario.net\/portal\/#organization"},"image":{"@id":"https:\/\/www.eldiario.net\/portal\/2023\/06\/20\/arce-remite-al-legislativo-proyecto-de-ley-para-lucha-contra-la-corrupcion\/#primaryimage"},"thumbnailUrl":"https:\/\/www.eldiario.net\/portal\/wp-content\/uploads\/2023\/06\/30-PROYECTO-ARCE.jpg","articleSection":["Portada"],"inLanguage":"es"},{"@type":"WebPage","@id":"https:\/\/www.eldiario.net\/portal\/2023\/06\/20\/arce-remite-al-legislativo-proyecto-de-ley-para-lucha-contra-la-corrupcion\/","url":"https:\/\/www.eldiario.net\/portal\/2023\/06\/20\/arce-remite-al-legislativo-proyecto-de-ley-para-lucha-contra-la-corrupcion\/","name":"Arce remite al Legislativo Proyecto de Ley para Lucha Contra la Corrupci\u00f3n - El Diario - Bolivia","isPartOf":{"@id":"https:\/\/www.eldiario.net\/portal\/#website"},"primaryImageOfPage":{"@id":"https:\/\/www.eldiario.net\/portal\/2023\/06\/20\/arce-remite-al-legislativo-proyecto-de-ley-para-lucha-contra-la-corrupcion\/#primaryimage"},"image":{"@id":"https:\/\/www.eldiario.net\/portal\/2023\/06\/20\/arce-remite-al-legislativo-proyecto-de-ley-para-lucha-contra-la-corrupcion\/#primaryimage"},"thumbnailUrl":"https:\/\/www.eldiario.net\/portal\/wp-content\/uploads\/2023\/06\/30-PROYECTO-ARCE.jpg","datePublished":"2023-06-20T10:32:47+00:00","breadcrumb":{"@id":"https:\/\/www.eldiario.net\/portal\/2023\/06\/20\/arce-remite-al-legislativo-proyecto-de-ley-para-lucha-contra-la-corrupcion\/#breadcrumb"},"inLanguage":"es","potentialAction":[{"@type":"ReadAction","target":["https:\/\/www.eldiario.net\/portal\/2023\/06\/20\/arce-remite-al-legislativo-proyecto-de-ley-para-lucha-contra-la-corrupcion\/"]}]},{"@type":"ImageObject","inLanguage":"es","@id":"https:\/\/www.eldiario.net\/portal\/2023\/06\/20\/arce-remite-al-legislativo-proyecto-de-ley-para-lucha-contra-la-corrupcion\/#primaryimage","url":"https:\/\/www.eldiario.net\/portal\/wp-content\/uploads\/2023\/06\/30-PROYECTO-ARCE.jpg","contentUrl":"https:\/\/www.eldiario.net\/portal\/wp-content\/uploads\/2023\/06\/30-PROYECTO-ARCE.jpg","width":1531,"height":1021,"caption":"PRESIDENTE LUIS ARCE PRESENTA PROYECTO DE LEY. CREDITOS \/ RRSS"},{"@type":"BreadcrumbList","@id":"https:\/\/www.eldiario.net\/portal\/2023\/06\/20\/arce-remite-al-legislativo-proyecto-de-ley-para-lucha-contra-la-corrupcion\/#breadcrumb","itemListElement":[{"@type":"ListItem","position":1,"name":"Portada","item":"https:\/\/www.eldiario.net\/portal\/"},{"@type":"ListItem","position":2,"name":"Arce remite al Legislativo Proyecto de Ley para Lucha Contra la Corrupci\u00f3n"}]},{"@type":"WebSite","@id":"https:\/\/www.eldiario.net\/portal\/#website","url":"https:\/\/www.eldiario.net\/portal\/","name":"El Diario - Decano de la prensa nacional","description":"El Diario - Decano de la prensa nacional","publisher":{"@id":"https:\/\/www.eldiario.net\/portal\/#organization"},"potentialAction":[{"@type":"SearchAction","target":{"@type":"EntryPoint","urlTemplate":"https:\/\/www.eldiario.net\/portal\/?s={search_term_string}"},"query-input":{"@type":"PropertyValueSpecification","valueRequired":true,"valueName":"search_term_string"}}],"inLanguage":"es"},{"@type":"Organization","@id":"https:\/\/www.eldiario.net\/portal\/#organization","name":"El Diario - Decano de la prensa nacional","url":"https:\/\/www.eldiario.net\/portal\/","logo":{"@type":"ImageObject","inLanguage":"es","@id":"https:\/\/www.eldiario.net\/portal\/#\/schema\/logo\/image\/","url":"https:\/\/www.eldiario.net\/portal\/wp-content\/uploads\/2023\/07\/logo_ED.jpg","contentUrl":"https:\/\/www.eldiario.net\/portal\/wp-content\/uploads\/2023\/07\/logo_ED.jpg","width":272,"height":52,"caption":"El Diario - Decano de la prensa nacional"},"image":{"@id":"https:\/\/www.eldiario.net\/portal\/#\/schema\/logo\/image\/"},"sameAs":["https:\/\/www.facebook.com\/eldiario.bolivia\/","https:\/\/x.com\/eldiario_net"]},{"@type":"Person","@id":"https:\/\/www.eldiario.net\/portal\/#\/schema\/person\/f46445640444750d7d753ccd04ae01b7","name":"Jeanette","image":{"@type":"ImageObject","inLanguage":"es","@id":"https:\/\/secure.gravatar.com\/avatar\/3ea2118a5f7dad2b7138b1187a6b7ee55f160b9968b66013c3a3ef39dd7e5798?s=96&d=mm&r=g","url":"https:\/\/secure.gravatar.com\/avatar\/3ea2118a5f7dad2b7138b1187a6b7ee55f160b9968b66013c3a3ef39dd7e5798?s=96&d=mm&r=g","contentUrl":"https:\/\/secure.gravatar.com\/avatar\/3ea2118a5f7dad2b7138b1187a6b7ee55f160b9968b66013c3a3ef39dd7e5798?s=96&d=mm&r=g","caption":"Jeanette"},"sameAs":["https:\/\/www.eldiario.net\/portal"],"url":"https:\/\/www.eldiario.net\/portal\/author\/jeanette\/"}]}},"_links":{"self":[{"href":"https:\/\/www.eldiario.net\/portal\/wp-json\/wp\/v2\/posts\/161029","targetHints":{"allow":["GET"]}}],"collection":[{"href":"https:\/\/www.eldiario.net\/portal\/wp-json\/wp\/v2\/posts"}],"about":[{"href":"https:\/\/www.eldiario.net\/portal\/wp-json\/wp\/v2\/types\/post"}],"author":[{"embeddable":true,"href":"https:\/\/www.eldiario.net\/portal\/wp-json\/wp\/v2\/users\/1"}],"replies":[{"embeddable":true,"href":"https:\/\/www.eldiario.net\/portal\/wp-json\/wp\/v2\/comments?post=161029"}],"version-history":[{"count":0,"href":"https:\/\/www.eldiario.net\/portal\/wp-json\/wp\/v2\/posts\/161029\/revisions"}],"wp:featuredmedia":[{"embeddable":true,"href":"https:\/\/www.eldiario.net\/portal\/wp-json\/wp\/v2\/media\/161030"}],"wp:attachment":[{"href":"https:\/\/www.eldiario.net\/portal\/wp-json\/wp\/v2\/media?parent=161029"}],"wp:term":[{"taxonomy":"category","embeddable":true,"href":"https:\/\/www.eldiario.net\/portal\/wp-json\/wp\/v2\/categories?post=161029"},{"taxonomy":"post_tag","embeddable":true,"href":"https:\/\/www.eldiario.net\/portal\/wp-json\/wp\/v2\/tags?post=161029"}],"curies":[{"name":"wp","href":"https:\/\/api.w.org\/{rel}","templated":true}]}}