{"id":161026,"date":"2023-06-20T06:31:51","date_gmt":"2023-06-20T10:31:51","guid":{"rendered":"https:\/\/www.eldiario.net\/portal\/?p=161026"},"modified":"2023-06-20T06:31:51","modified_gmt":"2023-06-20T10:31:51","slug":"mas-de-200-lugares-turisticos-para-recibir-los-primeros-rayos-del-sol","status":"publish","type":"post","link":"https:\/\/www.eldiario.net\/portal\/2023\/06\/20\/mas-de-200-lugares-turisticos-para-recibir-los-primeros-rayos-del-sol\/","title":{"rendered":"M\u00e1s de 200 lugares tur\u00edsticos para  recibir los primeros rayos del sol"},"content":{"rendered":"<p class=\"v1MsoNormal\">El Ministerio de Cultura y Turismo, a trav\u00e9s del Viceministerio de Patrimonio e Industrias Culturales, habilitaron alrededor de 206 lugares tur\u00edsticos para recibir el A\u00f1o Nuevo Andino Amaz\u00f3nico Chaque\u00f1o 5531, pero el epicentro ser\u00e1 en Tiwanaku y Samaipata.<\/p>\n<p class=\"v1MsoNormal\">Entre los lugares que podr\u00e1 visitar la poblaci\u00f3n est\u00e1n, en La Paz; Jach&#8217;a Letan\u00edas \u2013 Viacha; Qhonqho Wanakani \u2013 Jes\u00fas de Machaca; Cruz Apacheta \u2013 El Alto, Paucares \u2013 Provincia Camacho, entre otros, al igual que en Santa Cruz, Cochabamba, Oruro y Potos\u00ed.<\/p>\n<p class=\"v1MsoNormal\">\u00abPara el turismo se habilitaron 206 lugares en todo el territorio nacional. La poblaci\u00f3n podr\u00e1 ver en la p\u00e1gina web los nombres de estos sitios sagrados. En la p\u00e1gina del Ministerio de Cultura, en la pesta\u00f1a Agenda Cultural Plurinacional, se encuentra los espacios priorizados y tambi\u00e9n un documento PDF, en el que se podr\u00e1 ver los nombres de los espacios que son reconocidos como sagrados\u00bb, se\u00f1al\u00f3 el viceministro de Patrimonio e Industrias Culturales Juan Carlos Cordero a Urgente.bo.<\/p>\n<p class=\"v1MsoNormal\">El \u00abWillkakuti\u00bb, el retorno del sol, este a\u00f1o se celebrar\u00e1 con el objetivo de profundizar el proceso de descolonizaci\u00f3n de la sabidur\u00eda, conocimientos y pr\u00e1cticas de las cosmovisiones de nuestras naciones, de nuestros pueblos, y su estrecha relaci\u00f3n con la Madre Tierra.<\/p>\n<p class=\"v1MsoNormal\">\u00a0\u00abEsperamos que este A\u00f1o fortalezca e ilumine los senderos de armon\u00eda, fraternidad, solidaridad y unidad entre bolivianas y bolivianos, en un nuevo ciclo de renovaci\u00f3n de nuestras energ\u00edas por el vivir bien\u00bb.<\/p>\n<p class=\"v1MsoNormal\">Para la actividad principal tambi\u00e9n se invit\u00f3 a varias autoridades como el presidente, Luis Arce, y el vicepresidente, David Coquehuanca, adem\u00e1s los ministros y viceministros se desplegar\u00e1n en varios de los lugares sagrados para recibir los primeros rayos del sol, mencion\u00f3 Cordero. (Urgente.bo)<\/p>\n","protected":false},"excerpt":{"rendered":"<p>El Ministerio de Cultura y Turismo, a trav\u00e9s del Viceministerio de Patrimonio e Industrias Culturales, habilitaron alrededor de 206 lugares tur\u00edsticos para recibir el A\u00f1o Nuevo Andino Amaz\u00f3nico Chaque\u00f1o 5531, pero el epicentro ser\u00e1 en Tiwanaku y Samaipata. Entre los lugares que podr\u00e1 visitar la poblaci\u00f3n est\u00e1n, en La Paz; Jach&#8217;a Letan\u00edas \u2013 Viacha; Qhonqho [&hellip;]<\/p>\n","protected":false},"author":1,"featured_media":161027,"comment_status":"closed","ping_status":"closed","sticky":false,"template":"","format":"standard","meta":{"_acf_changed":false,"footnotes":""},"categories":[15],"tags":[],"class_list":["post-161026","post","type-post","status-publish","format-standard","has-post-thumbnail","category-portada"],"acf":{"antetitulo":""},"yoast_head":"<!-- This site is optimized with the Yoast SEO plugin v28.3 - https:\/\/yoast.com\/product\/yoast-seo-wordpress\/ -->\n<title>M\u00e1s de 200 lugares tur\u00edsticos para recibir los primeros rayos del sol - El Diario - Bolivia<\/title>\n<meta name=\"robots\" content=\"index, follow, max-snippet:-1, max-image-preview:large, max-video-preview:-1\" \/>\n<link rel=\"canonical\" href=\"https:\/\/www.eldiario.net\/portal\/2023\/06\/20\/mas-de-200-lugares-turisticos-para-recibir-los-primeros-rayos-del-sol\/\" \/>\n<meta property=\"og:locale\" content=\"es_ES\" \/>\n<meta property=\"og:type\" content=\"article\" \/>\n<meta property=\"og:title\" content=\"M\u00e1s de 200 lugares tur\u00edsticos para recibir los primeros rayos del sol - El Diario - Bolivia\" \/>\n<meta property=\"og:description\" content=\"El Ministerio de Cultura y Turismo, a trav\u00e9s del Viceministerio de Patrimonio e Industrias Culturales, habilitaron alrededor de 206 lugares tur\u00edsticos para recibir el A\u00f1o Nuevo Andino Amaz\u00f3nico Chaque\u00f1o 5531, pero el epicentro ser\u00e1 en Tiwanaku y Samaipata. Entre los lugares que podr\u00e1 visitar la poblaci\u00f3n est\u00e1n, en La Paz; Jach&#8217;a Letan\u00edas \u2013 Viacha; Qhonqho [&hellip;]\" \/>\n<meta property=\"og:url\" content=\"https:\/\/www.eldiario.net\/portal\/2023\/06\/20\/mas-de-200-lugares-turisticos-para-recibir-los-primeros-rayos-del-sol\/\" \/>\n<meta property=\"og:site_name\" content=\"El Diario - Bolivia\" \/>\n<meta property=\"article:publisher\" content=\"https:\/\/www.facebook.com\/eldiario.bolivia\/\" \/>\n<meta property=\"article:published_time\" content=\"2023-06-20T10:31:51+00:00\" \/>\n<meta property=\"og:image\" content=\"https:\/\/www.eldiario.net\/portal\/wp-content\/uploads\/2023\/06\/29-retorno-del-sol-urgente.bo_.jpg\" \/>\n\t<meta property=\"og:image:width\" content=\"650\" \/>\n\t<meta property=\"og:image:height\" content=\"341\" \/>\n\t<meta property=\"og:image:type\" content=\"image\/jpeg\" \/>\n<meta name=\"author\" content=\"Jeanette\" \/>\n<meta name=\"twitter:card\" content=\"summary_large_image\" \/>\n<meta name=\"twitter:creator\" content=\"@eldiario_net\" \/>\n<meta name=\"twitter:site\" content=\"@eldiario_net\" \/>\n<meta name=\"twitter:label1\" content=\"Escrito por\" \/>\n\t<meta name=\"twitter:data1\" content=\"Jeanette\" \/>\n\t<meta name=\"twitter:label2\" content=\"Tiempo de lectura\" \/>\n\t<meta name=\"twitter:data2\" content=\"2 minutos\" \/>\n<script type=\"application\/ld+json\" class=\"yoast-schema-graph\">{\"@context\":\"https:\\\/\\\/schema.org\",\"@graph\":[{\"@type\":\"Article\",\"@id\":\"https:\\\/\\\/www.eldiario.net\\\/portal\\\/2023\\\/06\\\/20\\\/mas-de-200-lugares-turisticos-para-recibir-los-primeros-rayos-del-sol\\\/#article\",\"isPartOf\":{\"@id\":\"https:\\\/\\\/www.eldiario.net\\\/portal\\\/2023\\\/06\\\/20\\\/mas-de-200-lugares-turisticos-para-recibir-los-primeros-rayos-del-sol\\\/\"},\"author\":{\"name\":\"Jeanette\",\"@id\":\"https:\\\/\\\/www.eldiario.net\\\/portal\\\/#\\\/schema\\\/person\\\/f46445640444750d7d753ccd04ae01b7\"},\"headline\":\"M\u00e1s de 200 lugares tur\u00edsticos para recibir los primeros rayos del sol\",\"datePublished\":\"2023-06-20T10:31:51+00:00\",\"mainEntityOfPage\":{\"@id\":\"https:\\\/\\\/www.eldiario.net\\\/portal\\\/2023\\\/06\\\/20\\\/mas-de-200-lugares-turisticos-para-recibir-los-primeros-rayos-del-sol\\\/\"},\"wordCount\":312,\"publisher\":{\"@id\":\"https:\\\/\\\/www.eldiario.net\\\/portal\\\/#organization\"},\"image\":{\"@id\":\"https:\\\/\\\/www.eldiario.net\\\/portal\\\/2023\\\/06\\\/20\\\/mas-de-200-lugares-turisticos-para-recibir-los-primeros-rayos-del-sol\\\/#primaryimage\"},\"thumbnailUrl\":\"https:\\\/\\\/www.eldiario.net\\\/portal\\\/wp-content\\\/uploads\\\/2023\\\/06\\\/29-retorno-del-sol-urgente.bo_.jpg\",\"articleSection\":[\"Portada\"],\"inLanguage\":\"es\"},{\"@type\":\"WebPage\",\"@id\":\"https:\\\/\\\/www.eldiario.net\\\/portal\\\/2023\\\/06\\\/20\\\/mas-de-200-lugares-turisticos-para-recibir-los-primeros-rayos-del-sol\\\/\",\"url\":\"https:\\\/\\\/www.eldiario.net\\\/portal\\\/2023\\\/06\\\/20\\\/mas-de-200-lugares-turisticos-para-recibir-los-primeros-rayos-del-sol\\\/\",\"name\":\"M\u00e1s de 200 lugares tur\u00edsticos para recibir los primeros rayos del sol - El Diario - Bolivia\",\"isPartOf\":{\"@id\":\"https:\\\/\\\/www.eldiario.net\\\/portal\\\/#website\"},\"primaryImageOfPage\":{\"@id\":\"https:\\\/\\\/www.eldiario.net\\\/portal\\\/2023\\\/06\\\/20\\\/mas-de-200-lugares-turisticos-para-recibir-los-primeros-rayos-del-sol\\\/#primaryimage\"},\"image\":{\"@id\":\"https:\\\/\\\/www.eldiario.net\\\/portal\\\/2023\\\/06\\\/20\\\/mas-de-200-lugares-turisticos-para-recibir-los-primeros-rayos-del-sol\\\/#primaryimage\"},\"thumbnailUrl\":\"https:\\\/\\\/www.eldiario.net\\\/portal\\\/wp-content\\\/uploads\\\/2023\\\/06\\\/29-retorno-del-sol-urgente.bo_.jpg\",\"datePublished\":\"2023-06-20T10:31:51+00:00\",\"breadcrumb\":{\"@id\":\"https:\\\/\\\/www.eldiario.net\\\/portal\\\/2023\\\/06\\\/20\\\/mas-de-200-lugares-turisticos-para-recibir-los-primeros-rayos-del-sol\\\/#breadcrumb\"},\"inLanguage\":\"es\",\"potentialAction\":[{\"@type\":\"ReadAction\",\"target\":[\"https:\\\/\\\/www.eldiario.net\\\/portal\\\/2023\\\/06\\\/20\\\/mas-de-200-lugares-turisticos-para-recibir-los-primeros-rayos-del-sol\\\/\"]}]},{\"@type\":\"ImageObject\",\"inLanguage\":\"es\",\"@id\":\"https:\\\/\\\/www.eldiario.net\\\/portal\\\/2023\\\/06\\\/20\\\/mas-de-200-lugares-turisticos-para-recibir-los-primeros-rayos-del-sol\\\/#primaryimage\",\"url\":\"https:\\\/\\\/www.eldiario.net\\\/portal\\\/wp-content\\\/uploads\\\/2023\\\/06\\\/29-retorno-del-sol-urgente.bo_.jpg\",\"contentUrl\":\"https:\\\/\\\/www.eldiario.net\\\/portal\\\/wp-content\\\/uploads\\\/2023\\\/06\\\/29-retorno-del-sol-urgente.bo_.jpg\",\"width\":650,\"height\":341,\"caption\":\"El \\\"Willkakuti\\\", el retorno del sol. FOTO: URGENTE.BO\"},{\"@type\":\"BreadcrumbList\",\"@id\":\"https:\\\/\\\/www.eldiario.net\\\/portal\\\/2023\\\/06\\\/20\\\/mas-de-200-lugares-turisticos-para-recibir-los-primeros-rayos-del-sol\\\/#breadcrumb\",\"itemListElement\":[{\"@type\":\"ListItem\",\"position\":1,\"name\":\"Portada\",\"item\":\"https:\\\/\\\/www.eldiario.net\\\/portal\\\/\"},{\"@type\":\"ListItem\",\"position\":2,\"name\":\"M\u00e1s de 200 lugares tur\u00edsticos para recibir los primeros rayos del sol\"}]},{\"@type\":\"WebSite\",\"@id\":\"https:\\\/\\\/www.eldiario.net\\\/portal\\\/#website\",\"url\":\"https:\\\/\\\/www.eldiario.net\\\/portal\\\/\",\"name\":\"El Diario - Decano de la prensa nacional\",\"description\":\"El Diario - Decano de la prensa nacional\",\"publisher\":{\"@id\":\"https:\\\/\\\/www.eldiario.net\\\/portal\\\/#organization\"},\"potentialAction\":[{\"@type\":\"SearchAction\",\"target\":{\"@type\":\"EntryPoint\",\"urlTemplate\":\"https:\\\/\\\/www.eldiario.net\\\/portal\\\/?s={search_term_string}\"},\"query-input\":{\"@type\":\"PropertyValueSpecification\",\"valueRequired\":true,\"valueName\":\"search_term_string\"}}],\"inLanguage\":\"es\"},{\"@type\":\"Organization\",\"@id\":\"https:\\\/\\\/www.eldiario.net\\\/portal\\\/#organization\",\"name\":\"El Diario - Decano de la prensa nacional\",\"url\":\"https:\\\/\\\/www.eldiario.net\\\/portal\\\/\",\"logo\":{\"@type\":\"ImageObject\",\"inLanguage\":\"es\",\"@id\":\"https:\\\/\\\/www.eldiario.net\\\/portal\\\/#\\\/schema\\\/logo\\\/image\\\/\",\"url\":\"https:\\\/\\\/www.eldiario.net\\\/portal\\\/wp-content\\\/uploads\\\/2023\\\/07\\\/logo_ED.jpg\",\"contentUrl\":\"https:\\\/\\\/www.eldiario.net\\\/portal\\\/wp-content\\\/uploads\\\/2023\\\/07\\\/logo_ED.jpg\",\"width\":272,\"height\":52,\"caption\":\"El Diario - Decano de la prensa nacional\"},\"image\":{\"@id\":\"https:\\\/\\\/www.eldiario.net\\\/portal\\\/#\\\/schema\\\/logo\\\/image\\\/\"},\"sameAs\":[\"https:\\\/\\\/www.facebook.com\\\/eldiario.bolivia\\\/\",\"https:\\\/\\\/x.com\\\/eldiario_net\"]},{\"@type\":\"Person\",\"@id\":\"https:\\\/\\\/www.eldiario.net\\\/portal\\\/#\\\/schema\\\/person\\\/f46445640444750d7d753ccd04ae01b7\",\"name\":\"Jeanette\",\"image\":{\"@type\":\"ImageObject\",\"inLanguage\":\"es\",\"@id\":\"https:\\\/\\\/secure.gravatar.com\\\/avatar\\\/3ea2118a5f7dad2b7138b1187a6b7ee55f160b9968b66013c3a3ef39dd7e5798?s=96&d=mm&r=g\",\"url\":\"https:\\\/\\\/secure.gravatar.com\\\/avatar\\\/3ea2118a5f7dad2b7138b1187a6b7ee55f160b9968b66013c3a3ef39dd7e5798?s=96&d=mm&r=g\",\"contentUrl\":\"https:\\\/\\\/secure.gravatar.com\\\/avatar\\\/3ea2118a5f7dad2b7138b1187a6b7ee55f160b9968b66013c3a3ef39dd7e5798?s=96&d=mm&r=g\",\"caption\":\"Jeanette\"},\"sameAs\":[\"https:\\\/\\\/www.eldiario.net\\\/portal\"],\"url\":\"https:\\\/\\\/www.eldiario.net\\\/portal\\\/author\\\/jeanette\\\/\"}]}<\/script>\n<!-- \/ Yoast SEO plugin. -->","yoast_head_json":{"title":"M\u00e1s de 200 lugares tur\u00edsticos para recibir los primeros rayos del sol - El Diario - Bolivia","robots":{"index":"index","follow":"follow","max-snippet":"max-snippet:-1","max-image-preview":"max-image-preview:large","max-video-preview":"max-video-preview:-1"},"canonical":"https:\/\/www.eldiario.net\/portal\/2023\/06\/20\/mas-de-200-lugares-turisticos-para-recibir-los-primeros-rayos-del-sol\/","og_locale":"es_ES","og_type":"article","og_title":"M\u00e1s de 200 lugares tur\u00edsticos para recibir los primeros rayos del sol - El Diario - Bolivia","og_description":"El Ministerio de Cultura y Turismo, a trav\u00e9s del Viceministerio de Patrimonio e Industrias Culturales, habilitaron alrededor de 206 lugares tur\u00edsticos para recibir el A\u00f1o Nuevo Andino Amaz\u00f3nico Chaque\u00f1o 5531, pero el epicentro ser\u00e1 en Tiwanaku y Samaipata. Entre los lugares que podr\u00e1 visitar la poblaci\u00f3n est\u00e1n, en La Paz; Jach&#8217;a Letan\u00edas \u2013 Viacha; Qhonqho [&hellip;]","og_url":"https:\/\/www.eldiario.net\/portal\/2023\/06\/20\/mas-de-200-lugares-turisticos-para-recibir-los-primeros-rayos-del-sol\/","og_site_name":"El Diario - Bolivia","article_publisher":"https:\/\/www.facebook.com\/eldiario.bolivia\/","article_published_time":"2023-06-20T10:31:51+00:00","og_image":[{"width":650,"height":341,"url":"https:\/\/www.eldiario.net\/portal\/wp-content\/uploads\/2023\/06\/29-retorno-del-sol-urgente.bo_.jpg","type":"image\/jpeg"}],"author":"Jeanette","twitter_card":"summary_large_image","twitter_creator":"@eldiario_net","twitter_site":"@eldiario_net","twitter_misc":{"Escrito por":"Jeanette","Tiempo de lectura":"2 minutos"},"schema":{"@context":"https:\/\/schema.org","@graph":[{"@type":"Article","@id":"https:\/\/www.eldiario.net\/portal\/2023\/06\/20\/mas-de-200-lugares-turisticos-para-recibir-los-primeros-rayos-del-sol\/#article","isPartOf":{"@id":"https:\/\/www.eldiario.net\/portal\/2023\/06\/20\/mas-de-200-lugares-turisticos-para-recibir-los-primeros-rayos-del-sol\/"},"author":{"name":"Jeanette","@id":"https:\/\/www.eldiario.net\/portal\/#\/schema\/person\/f46445640444750d7d753ccd04ae01b7"},"headline":"M\u00e1s de 200 lugares tur\u00edsticos para recibir los primeros rayos del sol","datePublished":"2023-06-20T10:31:51+00:00","mainEntityOfPage":{"@id":"https:\/\/www.eldiario.net\/portal\/2023\/06\/20\/mas-de-200-lugares-turisticos-para-recibir-los-primeros-rayos-del-sol\/"},"wordCount":312,"publisher":{"@id":"https:\/\/www.eldiario.net\/portal\/#organization"},"image":{"@id":"https:\/\/www.eldiario.net\/portal\/2023\/06\/20\/mas-de-200-lugares-turisticos-para-recibir-los-primeros-rayos-del-sol\/#primaryimage"},"thumbnailUrl":"https:\/\/www.eldiario.net\/portal\/wp-content\/uploads\/2023\/06\/29-retorno-del-sol-urgente.bo_.jpg","articleSection":["Portada"],"inLanguage":"es"},{"@type":"WebPage","@id":"https:\/\/www.eldiario.net\/portal\/2023\/06\/20\/mas-de-200-lugares-turisticos-para-recibir-los-primeros-rayos-del-sol\/","url":"https:\/\/www.eldiario.net\/portal\/2023\/06\/20\/mas-de-200-lugares-turisticos-para-recibir-los-primeros-rayos-del-sol\/","name":"M\u00e1s de 200 lugares tur\u00edsticos para recibir los primeros rayos del sol - El Diario - Bolivia","isPartOf":{"@id":"https:\/\/www.eldiario.net\/portal\/#website"},"primaryImageOfPage":{"@id":"https:\/\/www.eldiario.net\/portal\/2023\/06\/20\/mas-de-200-lugares-turisticos-para-recibir-los-primeros-rayos-del-sol\/#primaryimage"},"image":{"@id":"https:\/\/www.eldiario.net\/portal\/2023\/06\/20\/mas-de-200-lugares-turisticos-para-recibir-los-primeros-rayos-del-sol\/#primaryimage"},"thumbnailUrl":"https:\/\/www.eldiario.net\/portal\/wp-content\/uploads\/2023\/06\/29-retorno-del-sol-urgente.bo_.jpg","datePublished":"2023-06-20T10:31:51+00:00","breadcrumb":{"@id":"https:\/\/www.eldiario.net\/portal\/2023\/06\/20\/mas-de-200-lugares-turisticos-para-recibir-los-primeros-rayos-del-sol\/#breadcrumb"},"inLanguage":"es","potentialAction":[{"@type":"ReadAction","target":["https:\/\/www.eldiario.net\/portal\/2023\/06\/20\/mas-de-200-lugares-turisticos-para-recibir-los-primeros-rayos-del-sol\/"]}]},{"@type":"ImageObject","inLanguage":"es","@id":"https:\/\/www.eldiario.net\/portal\/2023\/06\/20\/mas-de-200-lugares-turisticos-para-recibir-los-primeros-rayos-del-sol\/#primaryimage","url":"https:\/\/www.eldiario.net\/portal\/wp-content\/uploads\/2023\/06\/29-retorno-del-sol-urgente.bo_.jpg","contentUrl":"https:\/\/www.eldiario.net\/portal\/wp-content\/uploads\/2023\/06\/29-retorno-del-sol-urgente.bo_.jpg","width":650,"height":341,"caption":"El \"Willkakuti\", el retorno del sol. FOTO: URGENTE.BO"},{"@type":"BreadcrumbList","@id":"https:\/\/www.eldiario.net\/portal\/2023\/06\/20\/mas-de-200-lugares-turisticos-para-recibir-los-primeros-rayos-del-sol\/#breadcrumb","itemListElement":[{"@type":"ListItem","position":1,"name":"Portada","item":"https:\/\/www.eldiario.net\/portal\/"},{"@type":"ListItem","position":2,"name":"M\u00e1s de 200 lugares tur\u00edsticos para recibir los primeros rayos del sol"}]},{"@type":"WebSite","@id":"https:\/\/www.eldiario.net\/portal\/#website","url":"https:\/\/www.eldiario.net\/portal\/","name":"El Diario - Decano de la prensa nacional","description":"El Diario - Decano de la prensa nacional","publisher":{"@id":"https:\/\/www.eldiario.net\/portal\/#organization"},"potentialAction":[{"@type":"SearchAction","target":{"@type":"EntryPoint","urlTemplate":"https:\/\/www.eldiario.net\/portal\/?s={search_term_string}"},"query-input":{"@type":"PropertyValueSpecification","valueRequired":true,"valueName":"search_term_string"}}],"inLanguage":"es"},{"@type":"Organization","@id":"https:\/\/www.eldiario.net\/portal\/#organization","name":"El Diario - Decano de la prensa nacional","url":"https:\/\/www.eldiario.net\/portal\/","logo":{"@type":"ImageObject","inLanguage":"es","@id":"https:\/\/www.eldiario.net\/portal\/#\/schema\/logo\/image\/","url":"https:\/\/www.eldiario.net\/portal\/wp-content\/uploads\/2023\/07\/logo_ED.jpg","contentUrl":"https:\/\/www.eldiario.net\/portal\/wp-content\/uploads\/2023\/07\/logo_ED.jpg","width":272,"height":52,"caption":"El Diario - Decano de la prensa nacional"},"image":{"@id":"https:\/\/www.eldiario.net\/portal\/#\/schema\/logo\/image\/"},"sameAs":["https:\/\/www.facebook.com\/eldiario.bolivia\/","https:\/\/x.com\/eldiario_net"]},{"@type":"Person","@id":"https:\/\/www.eldiario.net\/portal\/#\/schema\/person\/f46445640444750d7d753ccd04ae01b7","name":"Jeanette","image":{"@type":"ImageObject","inLanguage":"es","@id":"https:\/\/secure.gravatar.com\/avatar\/3ea2118a5f7dad2b7138b1187a6b7ee55f160b9968b66013c3a3ef39dd7e5798?s=96&d=mm&r=g","url":"https:\/\/secure.gravatar.com\/avatar\/3ea2118a5f7dad2b7138b1187a6b7ee55f160b9968b66013c3a3ef39dd7e5798?s=96&d=mm&r=g","contentUrl":"https:\/\/secure.gravatar.com\/avatar\/3ea2118a5f7dad2b7138b1187a6b7ee55f160b9968b66013c3a3ef39dd7e5798?s=96&d=mm&r=g","caption":"Jeanette"},"sameAs":["https:\/\/www.eldiario.net\/portal"],"url":"https:\/\/www.eldiario.net\/portal\/author\/jeanette\/"}]}},"_links":{"self":[{"href":"https:\/\/www.eldiario.net\/portal\/wp-json\/wp\/v2\/posts\/161026","targetHints":{"allow":["GET"]}}],"collection":[{"href":"https:\/\/www.eldiario.net\/portal\/wp-json\/wp\/v2\/posts"}],"about":[{"href":"https:\/\/www.eldiario.net\/portal\/wp-json\/wp\/v2\/types\/post"}],"author":[{"embeddable":true,"href":"https:\/\/www.eldiario.net\/portal\/wp-json\/wp\/v2\/users\/1"}],"replies":[{"embeddable":true,"href":"https:\/\/www.eldiario.net\/portal\/wp-json\/wp\/v2\/comments?post=161026"}],"version-history":[{"count":0,"href":"https:\/\/www.eldiario.net\/portal\/wp-json\/wp\/v2\/posts\/161026\/revisions"}],"wp:featuredmedia":[{"embeddable":true,"href":"https:\/\/www.eldiario.net\/portal\/wp-json\/wp\/v2\/media\/161027"}],"wp:attachment":[{"href":"https:\/\/www.eldiario.net\/portal\/wp-json\/wp\/v2\/media?parent=161026"}],"wp:term":[{"taxonomy":"category","embeddable":true,"href":"https:\/\/www.eldiario.net\/portal\/wp-json\/wp\/v2\/categories?post=161026"},{"taxonomy":"post_tag","embeddable":true,"href":"https:\/\/www.eldiario.net\/portal\/wp-json\/wp\/v2\/tags?post=161026"}],"curies":[{"name":"wp","href":"https:\/\/api.w.org\/{rel}","templated":true}]}}