{"id":161019,"date":"2023-06-20T06:30:04","date_gmt":"2023-06-20T10:30:04","guid":{"rendered":"https:\/\/www.eldiario.net\/portal\/?p=161019"},"modified":"2023-06-20T06:30:04","modified_gmt":"2023-06-20T10:30:04","slug":"se-apago-la-voz-de-franz-chuquimia-vocalista-del-grupo-jacha-mallku","status":"publish","type":"post","link":"https:\/\/www.eldiario.net\/portal\/2023\/06\/20\/se-apago-la-voz-de-franz-chuquimia-vocalista-del-grupo-jacha-mallku\/","title":{"rendered":"Se apag\u00f3 la voz de Franz Chuquimia,  vocalista del grupo Jach&#8217;a Mallku"},"content":{"rendered":"<p class=\"v1MsoNormal\">En horas de la ma\u00f1ana de ayer, a sus 63 a\u00f1os de edad, y cuando asist\u00eda a una consulta m\u00e9dica, perdi\u00f3 la vida Franz Chuquimia, director y primera voz del grupo folkl\u00f3rico pace\u00f1o Jach&#8217;a Mallku. De acuerdo con el informe policial, el cantante habr\u00eda sufrido un paro cardiorespiratorio.<\/p>\n<p class=\"v1MsoNormal\">\u00abHoy (ayer), en la ma\u00f1ana, personal de Homicidios se constituy\u00f3 en el Hospital Obrero a objeto de realizar la constataci\u00f3n de una persona fallecida, que en este caso ser\u00eda el cantante Franz Chuquimia\u00bb, inform\u00f3 el jefe de la Divisi\u00f3n de Homicidios de la Fuerza Especial de Lucha Contra el Crimen (Felcc) de La Paz, Ren\u00e9 Tambo.<\/p>\n<p class=\"v1MsoNormal\">Seg\u00fan el informe del jefe policial, al examen f\u00edsico externo, \u00abaparentemente se tratar\u00eda de un paro cardiorrespiratorio; sin embargo, se conoce que tendr\u00eda una patolog\u00eda (o enfermedad de base) que se est\u00e1 corroborando con los m\u00e9dicos\u00bb.<\/p>\n<p class=\"v1MsoNormal\">La constataci\u00f3n del fallecimiento se habr\u00eda realizado en un veh\u00edculo, en el que el artista era trasladado de su domicilio hacia un nosocomio para recibir atenci\u00f3n m\u00e9dica por un tratamiento que segu\u00eda.<\/p>\n<p class=\"v1MsoNormal\">En una de sus m\u00e1s recientes entrevistas, Chuquimia se\u00f1al\u00f3 que hace unos tres a\u00f1os sufri\u00f3 un resfr\u00edo, durante la pandemia por covid-19, luego, el a\u00f1o pasado, volvi\u00f3 a contagiarse por esta misma enfermedad hasta terminar en el hospital.<\/p>\n<p class=\"v1MsoNormal\">Situaci\u00f3n que deriv\u00f3 en la p\u00e9rdida de sus dos ri\u00f1ones, por lo que era un enfermo renal cr\u00f3nico y realizaba sus tratamientos de di\u00e1lisis en un hospital pace\u00f1o, mientras preparaba los protocolos para un trasplante.<\/p>\n<p class=\"v1MsoNormal\">Su m\u00e1s reciente presentaci\u00f3n fue el s\u00e1bado, junto a los exalumnos del Colegio San Antonio y fue ese d\u00eda que tambi\u00e9n su grupo sufri\u00f3 el robo de equipos y parte de su indumentaria.<\/p>\n<p class=\"v1MsoNormal\">La partida de Chuquimia conmocion\u00f3 a todo el pueblo boliviano, amigos, autoridades, pol\u00edticos, pero, sobre todo, sus colegas de arte, escribieron sentidos mensajes, uno de ellos el compartido por Kala Marka.<\/p>\n<p class=\"v1MsoNormal\">\u00abKala Marka, te dice hasta siempre hermano Franz Chuquimia, l\u00edder de Jach&#8217;a Mallku, artista de Oro, amigo, colega. Nos conocimos hace casi cuatro d\u00e9cadas en la m\u00edtica Pe\u00f1a Naira, tan m\u00edtica como tu voz, que se quedar\u00e1 con nuestros achachilas y en cada danza y fiesta de tu amada Bolivia\u00bb.<\/p>\n<p class=\"v1MsoNormal\">\u00ab&#8216;Si te vas, mi guitarra nunca m\u00e1s cantar\u00e1&#8217; dice una de sus canciones m\u00e1s famosa, pero tus hermanos artistas, haremos que tu legado prosiga y tu voz continuar\u00e1 siendo una de las m\u00e1s vers\u00e1tiles del folclor boliviano. Tu partida nos deja un pesar y vac\u00edo profundos que sabremos llenar a trav\u00e9s de tus canciones y tu ejemplo de gran m\u00fasico y ser humano que naci\u00f3 en esta tierra boliviana\u00bb.<\/p>\n<p class=\"v1MsoNormal\">En efecto, Chuquimia form\u00f3 parte de varios grupos y junto a Jach&#8217;a Mallku tuvo presentaciones en una serie de pa\u00edses del mundo, incluso, en el recordado programa mexicano \u00abSiempre en domingo\u00bb, que era conducido por Ra\u00fal Velasco.<\/p>\n<p class=\"v1MsoNormal\">\n<p class=\"v1MsoNormal\">LEGADO<\/p>\n<p class=\"v1MsoNormal\">Este m\u00fasico boliviano naci\u00f3 el 15 de febrero de 1960, en la ciudad de La Paz. Integr\u00f3 Jach&#8217;a Mallku desde su creaci\u00f3n en 1985 donde, adem\u00e1s de su peculiar forma de interpretar las canciones por el timbre de su voz, brill\u00f3 por las composiciones que hizo. Adem\u00e1s, fue bioqu\u00edmico de profesi\u00f3n, graduado en la Universidad Mayor de San Andr\u00e9s (UMSA).<\/p>\n<p class=\"v1MsoNormal\">Al parecer, la m\u00fasica lleg\u00f3 a su vida desde ni\u00f1o y en 1974 form\u00f3 el d\u00fao \u00abPizarroso-Chuquimia\u00bb, luego vino \u00abAncestro\u00bb, \u00abWari\u00bb (1975), \u00abUma\u00bb (1979-1980), \u00abUmabamba\u00bb, \u00abMallku de los Andes\u00bb. Hasta que fund\u00f3 y es la primera voz del grupo \u00abJach&#8217;a Mallku\u00bb, creado el 22 de octubre de 1985 en La Paz. Fue precisamente con este grupo que pudo realizar varias giras por Am\u00e9rica y Europa, ganaron Discos de Oro y grabaron una veintena de discos.<\/p>\n<p class=\"v1MsoNormal\">Entre sus composiciones destacan: Bella mujer, Abre tu coraz\u00f3n, Manantial, Si te vas, Desde Trinidad, Yotale\u00f1a, y famosas morenadas como Cecilia y muchas m\u00e1s.<\/p>\n<p class=\"v1MsoNormal\">\u00abDescansa en paz Franz, nunca te olvidaremos pues siempre estar\u00e1s con nosotros al escuchar tus canciones\u00bb, sostienen sus amigos.<\/p>\n<div id='gallery-1' class='gallery galleryid-161019 gallery-columns-3 gallery-size-medium'><figure class='gallery-item'>\n\t\t\t<div class='gallery-icon landscape'>\n\t\t\t\t<a href='https:\/\/www.eldiario.net\/portal\/2023\/06\/20\/se-apago-la-voz-de-franz-chuquimia-vocalista-del-grupo-jacha-mallku\/27-franz-velorio\/'><img loading=\"lazy\" decoding=\"async\" width=\"300\" height=\"200\" src=\"https:\/\/www.eldiario.net\/portal\/wp-content\/uploads\/2023\/06\/27-Franz-velorio-300x200.jpg\" class=\"attachment-medium size-medium\" alt=\"\" srcset=\"https:\/\/www.eldiario.net\/portal\/wp-content\/uploads\/2023\/06\/27-Franz-velorio-300x200.jpg 300w, https:\/\/www.eldiario.net\/portal\/wp-content\/uploads\/2023\/06\/27-Franz-velorio-1024x682.jpg 1024w, https:\/\/www.eldiario.net\/portal\/wp-content\/uploads\/2023\/06\/27-Franz-velorio-768x512.jpg 768w, https:\/\/www.eldiario.net\/portal\/wp-content\/uploads\/2023\/06\/27-Franz-velorio-1536x1023.jpg 1536w, https:\/\/www.eldiario.net\/portal\/wp-content\/uploads\/2023\/06\/27-Franz-velorio-696x464.jpg 696w, https:\/\/www.eldiario.net\/portal\/wp-content\/uploads\/2023\/06\/27-Franz-velorio-1068x712.jpg 1068w, https:\/\/www.eldiario.net\/portal\/wp-content\/uploads\/2023\/06\/27-Franz-velorio.jpg 1600w\" sizes=\"auto, (max-width: 300px) 100vw, 300px\" \/><\/a>\n\t\t\t<\/div><\/figure><figure class='gallery-item'>\n\t\t\t<div class='gallery-icon portrait'>\n\t\t\t\t<a href='https:\/\/www.eldiario.net\/portal\/2023\/06\/20\/se-apago-la-voz-de-franz-chuquimia-vocalista-del-grupo-jacha-mallku\/27-franz-deceso-rrss\/'><img loading=\"lazy\" decoding=\"async\" width=\"225\" height=\"300\" src=\"https:\/\/www.eldiario.net\/portal\/wp-content\/uploads\/2023\/06\/27-Franz-deceso-rrss-225x300.jpg\" class=\"attachment-medium size-medium\" alt=\"\" aria-describedby=\"gallery-1-161021\" srcset=\"https:\/\/www.eldiario.net\/portal\/wp-content\/uploads\/2023\/06\/27-Franz-deceso-rrss-225x300.jpg 225w, https:\/\/www.eldiario.net\/portal\/wp-content\/uploads\/2023\/06\/27-Franz-deceso-rrss-767x1024.jpg 767w, https:\/\/www.eldiario.net\/portal\/wp-content\/uploads\/2023\/06\/27-Franz-deceso-rrss-768x1026.jpg 768w, https:\/\/www.eldiario.net\/portal\/wp-content\/uploads\/2023\/06\/27-Franz-deceso-rrss-1150x1536.jpg 1150w, https:\/\/www.eldiario.net\/portal\/wp-content\/uploads\/2023\/06\/27-Franz-deceso-rrss-696x930.jpg 696w, https:\/\/www.eldiario.net\/portal\/wp-content\/uploads\/2023\/06\/27-Franz-deceso-rrss-1068x1426.jpg 1068w, https:\/\/www.eldiario.net\/portal\/wp-content\/uploads\/2023\/06\/27-Franz-deceso-rrss.jpg 1198w\" sizes=\"auto, (max-width: 225px) 100vw, 225px\" \/><\/a>\n\t\t\t<\/div>\n\t\t\t\t<figcaption class='wp-caption-text gallery-caption' id='gallery-1-161021'>\n\t\t\t\tEL CANTAUTOR PACE\u00d1O LLEV\u00d3 EN ALTO LA M\u00daSICA FOLKL\u00d3RICA BOLIVIANA.  Cr\u00e9dito: RRSS\n\t\t\t\t<\/figcaption><\/figure>\n\t\t<\/div>\n\n","protected":false},"excerpt":{"rendered":"<p>En horas de la ma\u00f1ana de ayer, a sus 63 a\u00f1os de edad, y cuando asist\u00eda a una consulta m\u00e9dica, perdi\u00f3 la vida Franz Chuquimia, director y primera voz del grupo folkl\u00f3rico pace\u00f1o Jach&#8217;a Mallku. De acuerdo con el informe policial, el cantante habr\u00eda sufrido un paro cardiorespiratorio. \u00abHoy (ayer), en la ma\u00f1ana, personal de [&hellip;]<\/p>\n","protected":false},"author":1,"featured_media":161020,"comment_status":"closed","ping_status":"closed","sticky":false,"template":"","format":"standard","meta":{"_acf_changed":false,"footnotes":""},"categories":[15],"tags":[],"class_list":["post-161019","post","type-post","status-publish","format-standard","has-post-thumbnail","category-portada"],"acf":{"antetitulo":""},"yoast_head":"<!-- This site is optimized with the Yoast SEO plugin v28.3 - https:\/\/yoast.com\/product\/yoast-seo-wordpress\/ -->\n<title>Se apag\u00f3 la voz de Franz Chuquimia, vocalista del grupo Jach&#039;a Mallku - El Diario - Bolivia<\/title>\n<meta name=\"robots\" content=\"index, follow, max-snippet:-1, max-image-preview:large, max-video-preview:-1\" \/>\n<link rel=\"canonical\" href=\"https:\/\/www.eldiario.net\/portal\/2023\/06\/20\/se-apago-la-voz-de-franz-chuquimia-vocalista-del-grupo-jacha-mallku\/\" \/>\n<meta property=\"og:locale\" content=\"es_ES\" \/>\n<meta property=\"og:type\" content=\"article\" \/>\n<meta property=\"og:title\" content=\"Se apag\u00f3 la voz de Franz Chuquimia, vocalista del grupo Jach&#039;a Mallku - El Diario - Bolivia\" \/>\n<meta property=\"og:description\" content=\"En horas de la ma\u00f1ana de ayer, a sus 63 a\u00f1os de edad, y cuando asist\u00eda a una consulta m\u00e9dica, perdi\u00f3 la vida Franz Chuquimia, director y primera voz del grupo folkl\u00f3rico pace\u00f1o Jach&#8217;a Mallku. De acuerdo con el informe policial, el cantante habr\u00eda sufrido un paro cardiorespiratorio. \u00abHoy (ayer), en la ma\u00f1ana, personal de [&hellip;]\" \/>\n<meta property=\"og:url\" content=\"https:\/\/www.eldiario.net\/portal\/2023\/06\/20\/se-apago-la-voz-de-franz-chuquimia-vocalista-del-grupo-jacha-mallku\/\" \/>\n<meta property=\"og:site_name\" content=\"El Diario - Bolivia\" \/>\n<meta property=\"article:publisher\" content=\"https:\/\/www.facebook.com\/eldiario.bolivia\/\" \/>\n<meta property=\"article:published_time\" content=\"2023-06-20T10:30:04+00:00\" \/>\n<meta property=\"og:image\" content=\"https:\/\/www.eldiario.net\/portal\/wp-content\/uploads\/2023\/06\/27-Franz-velorio.jpg\" \/>\n\t<meta property=\"og:image:width\" content=\"1600\" \/>\n\t<meta property=\"og:image:height\" content=\"1066\" \/>\n\t<meta property=\"og:image:type\" content=\"image\/jpeg\" \/>\n<meta name=\"author\" content=\"Jeanette\" \/>\n<meta name=\"twitter:card\" content=\"summary_large_image\" \/>\n<meta name=\"twitter:creator\" content=\"@eldiario_net\" \/>\n<meta name=\"twitter:site\" content=\"@eldiario_net\" \/>\n<meta name=\"twitter:label1\" content=\"Escrito por\" \/>\n\t<meta name=\"twitter:data1\" content=\"Jeanette\" \/>\n\t<meta name=\"twitter:label2\" content=\"Tiempo de lectura\" \/>\n\t<meta name=\"twitter:data2\" content=\"3 minutos\" \/>\n<script type=\"application\/ld+json\" class=\"yoast-schema-graph\">{\"@context\":\"https:\\\/\\\/schema.org\",\"@graph\":[{\"@type\":\"Article\",\"@id\":\"https:\\\/\\\/www.eldiario.net\\\/portal\\\/2023\\\/06\\\/20\\\/se-apago-la-voz-de-franz-chuquimia-vocalista-del-grupo-jacha-mallku\\\/#article\",\"isPartOf\":{\"@id\":\"https:\\\/\\\/www.eldiario.net\\\/portal\\\/2023\\\/06\\\/20\\\/se-apago-la-voz-de-franz-chuquimia-vocalista-del-grupo-jacha-mallku\\\/\"},\"author\":{\"name\":\"Jeanette\",\"@id\":\"https:\\\/\\\/www.eldiario.net\\\/portal\\\/#\\\/schema\\\/person\\\/f46445640444750d7d753ccd04ae01b7\"},\"headline\":\"Se apag\u00f3 la voz de Franz Chuquimia, vocalista del grupo Jach&#8217;a Mallku\",\"datePublished\":\"2023-06-20T10:30:04+00:00\",\"mainEntityOfPage\":{\"@id\":\"https:\\\/\\\/www.eldiario.net\\\/portal\\\/2023\\\/06\\\/20\\\/se-apago-la-voz-de-franz-chuquimia-vocalista-del-grupo-jacha-mallku\\\/\"},\"wordCount\":727,\"publisher\":{\"@id\":\"https:\\\/\\\/www.eldiario.net\\\/portal\\\/#organization\"},\"image\":{\"@id\":\"https:\\\/\\\/www.eldiario.net\\\/portal\\\/2023\\\/06\\\/20\\\/se-apago-la-voz-de-franz-chuquimia-vocalista-del-grupo-jacha-mallku\\\/#primaryimage\"},\"thumbnailUrl\":\"https:\\\/\\\/www.eldiario.net\\\/portal\\\/wp-content\\\/uploads\\\/2023\\\/06\\\/27-Franz-velorio.jpg\",\"articleSection\":[\"Portada\"],\"inLanguage\":\"es\"},{\"@type\":\"WebPage\",\"@id\":\"https:\\\/\\\/www.eldiario.net\\\/portal\\\/2023\\\/06\\\/20\\\/se-apago-la-voz-de-franz-chuquimia-vocalista-del-grupo-jacha-mallku\\\/\",\"url\":\"https:\\\/\\\/www.eldiario.net\\\/portal\\\/2023\\\/06\\\/20\\\/se-apago-la-voz-de-franz-chuquimia-vocalista-del-grupo-jacha-mallku\\\/\",\"name\":\"Se apag\u00f3 la voz de Franz Chuquimia, vocalista del grupo Jach'a Mallku - El Diario - Bolivia\",\"isPartOf\":{\"@id\":\"https:\\\/\\\/www.eldiario.net\\\/portal\\\/#website\"},\"primaryImageOfPage\":{\"@id\":\"https:\\\/\\\/www.eldiario.net\\\/portal\\\/2023\\\/06\\\/20\\\/se-apago-la-voz-de-franz-chuquimia-vocalista-del-grupo-jacha-mallku\\\/#primaryimage\"},\"image\":{\"@id\":\"https:\\\/\\\/www.eldiario.net\\\/portal\\\/2023\\\/06\\\/20\\\/se-apago-la-voz-de-franz-chuquimia-vocalista-del-grupo-jacha-mallku\\\/#primaryimage\"},\"thumbnailUrl\":\"https:\\\/\\\/www.eldiario.net\\\/portal\\\/wp-content\\\/uploads\\\/2023\\\/06\\\/27-Franz-velorio.jpg\",\"datePublished\":\"2023-06-20T10:30:04+00:00\",\"breadcrumb\":{\"@id\":\"https:\\\/\\\/www.eldiario.net\\\/portal\\\/2023\\\/06\\\/20\\\/se-apago-la-voz-de-franz-chuquimia-vocalista-del-grupo-jacha-mallku\\\/#breadcrumb\"},\"inLanguage\":\"es\",\"potentialAction\":[{\"@type\":\"ReadAction\",\"target\":[\"https:\\\/\\\/www.eldiario.net\\\/portal\\\/2023\\\/06\\\/20\\\/se-apago-la-voz-de-franz-chuquimia-vocalista-del-grupo-jacha-mallku\\\/\"]}]},{\"@type\":\"ImageObject\",\"inLanguage\":\"es\",\"@id\":\"https:\\\/\\\/www.eldiario.net\\\/portal\\\/2023\\\/06\\\/20\\\/se-apago-la-voz-de-franz-chuquimia-vocalista-del-grupo-jacha-mallku\\\/#primaryimage\",\"url\":\"https:\\\/\\\/www.eldiario.net\\\/portal\\\/wp-content\\\/uploads\\\/2023\\\/06\\\/27-Franz-velorio.jpg\",\"contentUrl\":\"https:\\\/\\\/www.eldiario.net\\\/portal\\\/wp-content\\\/uploads\\\/2023\\\/06\\\/27-Franz-velorio.jpg\",\"width\":1600,\"height\":1066},{\"@type\":\"BreadcrumbList\",\"@id\":\"https:\\\/\\\/www.eldiario.net\\\/portal\\\/2023\\\/06\\\/20\\\/se-apago-la-voz-de-franz-chuquimia-vocalista-del-grupo-jacha-mallku\\\/#breadcrumb\",\"itemListElement\":[{\"@type\":\"ListItem\",\"position\":1,\"name\":\"Portada\",\"item\":\"https:\\\/\\\/www.eldiario.net\\\/portal\\\/\"},{\"@type\":\"ListItem\",\"position\":2,\"name\":\"Se apag\u00f3 la voz de Franz Chuquimia, vocalista del grupo Jach&#8217;a Mallku\"}]},{\"@type\":\"WebSite\",\"@id\":\"https:\\\/\\\/www.eldiario.net\\\/portal\\\/#website\",\"url\":\"https:\\\/\\\/www.eldiario.net\\\/portal\\\/\",\"name\":\"El Diario - Decano de la prensa nacional\",\"description\":\"El Diario - Decano de la prensa nacional\",\"publisher\":{\"@id\":\"https:\\\/\\\/www.eldiario.net\\\/portal\\\/#organization\"},\"potentialAction\":[{\"@type\":\"SearchAction\",\"target\":{\"@type\":\"EntryPoint\",\"urlTemplate\":\"https:\\\/\\\/www.eldiario.net\\\/portal\\\/?s={search_term_string}\"},\"query-input\":{\"@type\":\"PropertyValueSpecification\",\"valueRequired\":true,\"valueName\":\"search_term_string\"}}],\"inLanguage\":\"es\"},{\"@type\":\"Organization\",\"@id\":\"https:\\\/\\\/www.eldiario.net\\\/portal\\\/#organization\",\"name\":\"El Diario - Decano de la prensa nacional\",\"url\":\"https:\\\/\\\/www.eldiario.net\\\/portal\\\/\",\"logo\":{\"@type\":\"ImageObject\",\"inLanguage\":\"es\",\"@id\":\"https:\\\/\\\/www.eldiario.net\\\/portal\\\/#\\\/schema\\\/logo\\\/image\\\/\",\"url\":\"https:\\\/\\\/www.eldiario.net\\\/portal\\\/wp-content\\\/uploads\\\/2023\\\/07\\\/logo_ED.jpg\",\"contentUrl\":\"https:\\\/\\\/www.eldiario.net\\\/portal\\\/wp-content\\\/uploads\\\/2023\\\/07\\\/logo_ED.jpg\",\"width\":272,\"height\":52,\"caption\":\"El Diario - Decano de la prensa nacional\"},\"image\":{\"@id\":\"https:\\\/\\\/www.eldiario.net\\\/portal\\\/#\\\/schema\\\/logo\\\/image\\\/\"},\"sameAs\":[\"https:\\\/\\\/www.facebook.com\\\/eldiario.bolivia\\\/\",\"https:\\\/\\\/x.com\\\/eldiario_net\"]},{\"@type\":\"Person\",\"@id\":\"https:\\\/\\\/www.eldiario.net\\\/portal\\\/#\\\/schema\\\/person\\\/f46445640444750d7d753ccd04ae01b7\",\"name\":\"Jeanette\",\"image\":{\"@type\":\"ImageObject\",\"inLanguage\":\"es\",\"@id\":\"https:\\\/\\\/secure.gravatar.com\\\/avatar\\\/3ea2118a5f7dad2b7138b1187a6b7ee55f160b9968b66013c3a3ef39dd7e5798?s=96&d=mm&r=g\",\"url\":\"https:\\\/\\\/secure.gravatar.com\\\/avatar\\\/3ea2118a5f7dad2b7138b1187a6b7ee55f160b9968b66013c3a3ef39dd7e5798?s=96&d=mm&r=g\",\"contentUrl\":\"https:\\\/\\\/secure.gravatar.com\\\/avatar\\\/3ea2118a5f7dad2b7138b1187a6b7ee55f160b9968b66013c3a3ef39dd7e5798?s=96&d=mm&r=g\",\"caption\":\"Jeanette\"},\"sameAs\":[\"https:\\\/\\\/www.eldiario.net\\\/portal\"],\"url\":\"https:\\\/\\\/www.eldiario.net\\\/portal\\\/author\\\/jeanette\\\/\"}]}<\/script>\n<!-- \/ Yoast SEO plugin. -->","yoast_head_json":{"title":"Se apag\u00f3 la voz de Franz Chuquimia, vocalista del grupo Jach'a Mallku - El Diario - Bolivia","robots":{"index":"index","follow":"follow","max-snippet":"max-snippet:-1","max-image-preview":"max-image-preview:large","max-video-preview":"max-video-preview:-1"},"canonical":"https:\/\/www.eldiario.net\/portal\/2023\/06\/20\/se-apago-la-voz-de-franz-chuquimia-vocalista-del-grupo-jacha-mallku\/","og_locale":"es_ES","og_type":"article","og_title":"Se apag\u00f3 la voz de Franz Chuquimia, vocalista del grupo Jach'a Mallku - El Diario - Bolivia","og_description":"En horas de la ma\u00f1ana de ayer, a sus 63 a\u00f1os de edad, y cuando asist\u00eda a una consulta m\u00e9dica, perdi\u00f3 la vida Franz Chuquimia, director y primera voz del grupo folkl\u00f3rico pace\u00f1o Jach&#8217;a Mallku. De acuerdo con el informe policial, el cantante habr\u00eda sufrido un paro cardiorespiratorio. \u00abHoy (ayer), en la ma\u00f1ana, personal de [&hellip;]","og_url":"https:\/\/www.eldiario.net\/portal\/2023\/06\/20\/se-apago-la-voz-de-franz-chuquimia-vocalista-del-grupo-jacha-mallku\/","og_site_name":"El Diario - Bolivia","article_publisher":"https:\/\/www.facebook.com\/eldiario.bolivia\/","article_published_time":"2023-06-20T10:30:04+00:00","og_image":[{"width":1600,"height":1066,"url":"https:\/\/www.eldiario.net\/portal\/wp-content\/uploads\/2023\/06\/27-Franz-velorio.jpg","type":"image\/jpeg"}],"author":"Jeanette","twitter_card":"summary_large_image","twitter_creator":"@eldiario_net","twitter_site":"@eldiario_net","twitter_misc":{"Escrito por":"Jeanette","Tiempo de lectura":"3 minutos"},"schema":{"@context":"https:\/\/schema.org","@graph":[{"@type":"Article","@id":"https:\/\/www.eldiario.net\/portal\/2023\/06\/20\/se-apago-la-voz-de-franz-chuquimia-vocalista-del-grupo-jacha-mallku\/#article","isPartOf":{"@id":"https:\/\/www.eldiario.net\/portal\/2023\/06\/20\/se-apago-la-voz-de-franz-chuquimia-vocalista-del-grupo-jacha-mallku\/"},"author":{"name":"Jeanette","@id":"https:\/\/www.eldiario.net\/portal\/#\/schema\/person\/f46445640444750d7d753ccd04ae01b7"},"headline":"Se apag\u00f3 la voz de Franz Chuquimia, vocalista del grupo Jach&#8217;a Mallku","datePublished":"2023-06-20T10:30:04+00:00","mainEntityOfPage":{"@id":"https:\/\/www.eldiario.net\/portal\/2023\/06\/20\/se-apago-la-voz-de-franz-chuquimia-vocalista-del-grupo-jacha-mallku\/"},"wordCount":727,"publisher":{"@id":"https:\/\/www.eldiario.net\/portal\/#organization"},"image":{"@id":"https:\/\/www.eldiario.net\/portal\/2023\/06\/20\/se-apago-la-voz-de-franz-chuquimia-vocalista-del-grupo-jacha-mallku\/#primaryimage"},"thumbnailUrl":"https:\/\/www.eldiario.net\/portal\/wp-content\/uploads\/2023\/06\/27-Franz-velorio.jpg","articleSection":["Portada"],"inLanguage":"es"},{"@type":"WebPage","@id":"https:\/\/www.eldiario.net\/portal\/2023\/06\/20\/se-apago-la-voz-de-franz-chuquimia-vocalista-del-grupo-jacha-mallku\/","url":"https:\/\/www.eldiario.net\/portal\/2023\/06\/20\/se-apago-la-voz-de-franz-chuquimia-vocalista-del-grupo-jacha-mallku\/","name":"Se apag\u00f3 la voz de Franz Chuquimia, vocalista del grupo Jach'a Mallku - El Diario - Bolivia","isPartOf":{"@id":"https:\/\/www.eldiario.net\/portal\/#website"},"primaryImageOfPage":{"@id":"https:\/\/www.eldiario.net\/portal\/2023\/06\/20\/se-apago-la-voz-de-franz-chuquimia-vocalista-del-grupo-jacha-mallku\/#primaryimage"},"image":{"@id":"https:\/\/www.eldiario.net\/portal\/2023\/06\/20\/se-apago-la-voz-de-franz-chuquimia-vocalista-del-grupo-jacha-mallku\/#primaryimage"},"thumbnailUrl":"https:\/\/www.eldiario.net\/portal\/wp-content\/uploads\/2023\/06\/27-Franz-velorio.jpg","datePublished":"2023-06-20T10:30:04+00:00","breadcrumb":{"@id":"https:\/\/www.eldiario.net\/portal\/2023\/06\/20\/se-apago-la-voz-de-franz-chuquimia-vocalista-del-grupo-jacha-mallku\/#breadcrumb"},"inLanguage":"es","potentialAction":[{"@type":"ReadAction","target":["https:\/\/www.eldiario.net\/portal\/2023\/06\/20\/se-apago-la-voz-de-franz-chuquimia-vocalista-del-grupo-jacha-mallku\/"]}]},{"@type":"ImageObject","inLanguage":"es","@id":"https:\/\/www.eldiario.net\/portal\/2023\/06\/20\/se-apago-la-voz-de-franz-chuquimia-vocalista-del-grupo-jacha-mallku\/#primaryimage","url":"https:\/\/www.eldiario.net\/portal\/wp-content\/uploads\/2023\/06\/27-Franz-velorio.jpg","contentUrl":"https:\/\/www.eldiario.net\/portal\/wp-content\/uploads\/2023\/06\/27-Franz-velorio.jpg","width":1600,"height":1066},{"@type":"BreadcrumbList","@id":"https:\/\/www.eldiario.net\/portal\/2023\/06\/20\/se-apago-la-voz-de-franz-chuquimia-vocalista-del-grupo-jacha-mallku\/#breadcrumb","itemListElement":[{"@type":"ListItem","position":1,"name":"Portada","item":"https:\/\/www.eldiario.net\/portal\/"},{"@type":"ListItem","position":2,"name":"Se apag\u00f3 la voz de Franz Chuquimia, vocalista del grupo Jach&#8217;a Mallku"}]},{"@type":"WebSite","@id":"https:\/\/www.eldiario.net\/portal\/#website","url":"https:\/\/www.eldiario.net\/portal\/","name":"El Diario - Decano de la prensa nacional","description":"El Diario - Decano de la prensa nacional","publisher":{"@id":"https:\/\/www.eldiario.net\/portal\/#organization"},"potentialAction":[{"@type":"SearchAction","target":{"@type":"EntryPoint","urlTemplate":"https:\/\/www.eldiario.net\/portal\/?s={search_term_string}"},"query-input":{"@type":"PropertyValueSpecification","valueRequired":true,"valueName":"search_term_string"}}],"inLanguage":"es"},{"@type":"Organization","@id":"https:\/\/www.eldiario.net\/portal\/#organization","name":"El Diario - Decano de la prensa nacional","url":"https:\/\/www.eldiario.net\/portal\/","logo":{"@type":"ImageObject","inLanguage":"es","@id":"https:\/\/www.eldiario.net\/portal\/#\/schema\/logo\/image\/","url":"https:\/\/www.eldiario.net\/portal\/wp-content\/uploads\/2023\/07\/logo_ED.jpg","contentUrl":"https:\/\/www.eldiario.net\/portal\/wp-content\/uploads\/2023\/07\/logo_ED.jpg","width":272,"height":52,"caption":"El Diario - Decano de la prensa nacional"},"image":{"@id":"https:\/\/www.eldiario.net\/portal\/#\/schema\/logo\/image\/"},"sameAs":["https:\/\/www.facebook.com\/eldiario.bolivia\/","https:\/\/x.com\/eldiario_net"]},{"@type":"Person","@id":"https:\/\/www.eldiario.net\/portal\/#\/schema\/person\/f46445640444750d7d753ccd04ae01b7","name":"Jeanette","image":{"@type":"ImageObject","inLanguage":"es","@id":"https:\/\/secure.gravatar.com\/avatar\/3ea2118a5f7dad2b7138b1187a6b7ee55f160b9968b66013c3a3ef39dd7e5798?s=96&d=mm&r=g","url":"https:\/\/secure.gravatar.com\/avatar\/3ea2118a5f7dad2b7138b1187a6b7ee55f160b9968b66013c3a3ef39dd7e5798?s=96&d=mm&r=g","contentUrl":"https:\/\/secure.gravatar.com\/avatar\/3ea2118a5f7dad2b7138b1187a6b7ee55f160b9968b66013c3a3ef39dd7e5798?s=96&d=mm&r=g","caption":"Jeanette"},"sameAs":["https:\/\/www.eldiario.net\/portal"],"url":"https:\/\/www.eldiario.net\/portal\/author\/jeanette\/"}]}},"_links":{"self":[{"href":"https:\/\/www.eldiario.net\/portal\/wp-json\/wp\/v2\/posts\/161019","targetHints":{"allow":["GET"]}}],"collection":[{"href":"https:\/\/www.eldiario.net\/portal\/wp-json\/wp\/v2\/posts"}],"about":[{"href":"https:\/\/www.eldiario.net\/portal\/wp-json\/wp\/v2\/types\/post"}],"author":[{"embeddable":true,"href":"https:\/\/www.eldiario.net\/portal\/wp-json\/wp\/v2\/users\/1"}],"replies":[{"embeddable":true,"href":"https:\/\/www.eldiario.net\/portal\/wp-json\/wp\/v2\/comments?post=161019"}],"version-history":[{"count":0,"href":"https:\/\/www.eldiario.net\/portal\/wp-json\/wp\/v2\/posts\/161019\/revisions"}],"wp:featuredmedia":[{"embeddable":true,"href":"https:\/\/www.eldiario.net\/portal\/wp-json\/wp\/v2\/media\/161020"}],"wp:attachment":[{"href":"https:\/\/www.eldiario.net\/portal\/wp-json\/wp\/v2\/media?parent=161019"}],"wp:term":[{"taxonomy":"category","embeddable":true,"href":"https:\/\/www.eldiario.net\/portal\/wp-json\/wp\/v2\/categories?post=161019"},{"taxonomy":"post_tag","embeddable":true,"href":"https:\/\/www.eldiario.net\/portal\/wp-json\/wp\/v2\/tags?post=161019"}],"curies":[{"name":"wp","href":"https:\/\/api.w.org\/{rel}","templated":true}]}}