{"id":161016,"date":"2023-06-20T06:28:22","date_gmt":"2023-06-20T10:28:22","guid":{"rendered":"https:\/\/www.eldiario.net\/portal\/?p=161016"},"modified":"2023-06-20T06:28:22","modified_gmt":"2023-06-20T10:28:22","slug":"padres-de-cadetes-accidentados-piden-tratamiento-en-el-exterior","status":"publish","type":"post","link":"https:\/\/www.eldiario.net\/portal\/2023\/06\/20\/padres-de-cadetes-accidentados-piden-tratamiento-en-el-exterior\/","title":{"rendered":"Padres de cadetes accidentados  piden tratamiento en el exterior"},"content":{"rendered":"<p class=\"v1MsoNormal\"><span lang=\"ES-BO\">Los padres de dos cadetes que se accidentaron en la ejecuci\u00f3n del ejercicio denominado \u00absalto de la muerte\u00bb, en ocasi\u00f3n del aniversario del Colegio Militar en abril pasado, enviaron una carta al presidente Luis Arce, en la que piden que el Estado cubra los gastos de los tratamientos que sus hijos requerir\u00e1n en el exterior.<\/span><\/p>\n<p class=\"v1MsoNormal\"><span lang=\"ES-BO\">Karina Viamont, madre de uno de los cadetes manifest\u00f3 que en el pa\u00eds no se cuentan con las especialidades requeridas para la recuperaci\u00f3n total de los cadetes.<\/span><\/p>\n<p class=\"v1MsoNormal\"><span lang=\"ES-BO\">\u00abNosotros, en total desesperaci\u00f3n, acudimos a nuestras autoridades, a nuestro se\u00f1or Presidente (Luis Arce), suplicamos la intervenci\u00f3n de todas nuestras autoridades para nuestros hijos puedan salir al exterior, ya que en nuestro pa\u00eds si bien hay buenos m\u00e9dicos, no tenemos la misma tecnolog\u00eda con la que quiz\u00e1 cuenta Brasil y Chile, que es lo que afuera estamos buscando\u00bb, afirm\u00f3 Viamont, citada por Erbol.<\/span><\/p>\n<p class=\"v1MsoNormal\"><span lang=\"ES-BO\">El fin de semana, dos meses despu\u00e9s del accidente, uno de los cadetes fue dado de alta de la Cl\u00ednica del Sur, donde se encontraba internado. En declaraciones a los medios, dijo aguardar recuperarse \u00ablo antes posible\u00bb para seguir con su sue\u00f1o de culminar una carrera militar.<\/span><\/p>\n<p class=\"v1MsoNormal\"><span lang=\"ES-BO\">En abril pasado, dos cadetes del Colegio Militar sufrieron lesiones a causa de una ca\u00edda que tuvieron, al momento de una demostraci\u00f3n de descenso con cuerda que se realiz\u00f3 en la ciudad de La Paz.<\/span><\/p>\n<p class=\"v1MsoNormal\"><span lang=\"ES-BO\">Ocurri\u00f3 en el acto por el aniversario del Colegio Militar. En el video del hecho, se pudo escuchar el grito de \u00absalto de la muerte\u00bb y se observa c\u00f3mo los dos cadetes se lanzaron casi al mismo tiempo desde una plataforma e impactaron con el piso.<\/span><\/p>\n<p class=\"v1MsoNormal\"><span lang=\"ES-BO\">\u00a0<\/span><\/p>\n","protected":false},"excerpt":{"rendered":"<p>Los padres de dos cadetes que se accidentaron en la ejecuci\u00f3n del ejercicio denominado \u00absalto de la muerte\u00bb, en ocasi\u00f3n del aniversario del Colegio Militar en abril pasado, enviaron una carta al presidente Luis Arce, en la que piden que el Estado cubra los gastos de los tratamientos que sus hijos requerir\u00e1n en el exterior. [&hellip;]<\/p>\n","protected":false},"author":1,"featured_media":161017,"comment_status":"closed","ping_status":"closed","sticky":false,"template":"","format":"standard","meta":{"_acf_changed":false,"footnotes":""},"categories":[15],"tags":[],"class_list":["post-161016","post","type-post","status-publish","format-standard","has-post-thumbnail","category-portada"],"acf":{"antetitulo":""},"yoast_head":"<!-- This site is optimized with the Yoast SEO plugin v28.3 - https:\/\/yoast.com\/product\/yoast-seo-wordpress\/ -->\n<title>Padres de cadetes accidentados piden tratamiento en el exterior - El Diario - Bolivia<\/title>\n<meta name=\"robots\" content=\"index, follow, max-snippet:-1, max-image-preview:large, max-video-preview:-1\" \/>\n<link rel=\"canonical\" href=\"https:\/\/www.eldiario.net\/portal\/2023\/06\/20\/padres-de-cadetes-accidentados-piden-tratamiento-en-el-exterior\/\" \/>\n<meta property=\"og:locale\" content=\"es_ES\" \/>\n<meta property=\"og:type\" content=\"article\" \/>\n<meta property=\"og:title\" content=\"Padres de cadetes accidentados piden tratamiento en el exterior - El Diario - Bolivia\" \/>\n<meta property=\"og:description\" content=\"Los padres de dos cadetes que se accidentaron en la ejecuci\u00f3n del ejercicio denominado \u00absalto de la muerte\u00bb, en ocasi\u00f3n del aniversario del Colegio Militar en abril pasado, enviaron una carta al presidente Luis Arce, en la que piden que el Estado cubra los gastos de los tratamientos que sus hijos requerir\u00e1n en el exterior. [&hellip;]\" \/>\n<meta property=\"og:url\" content=\"https:\/\/www.eldiario.net\/portal\/2023\/06\/20\/padres-de-cadetes-accidentados-piden-tratamiento-en-el-exterior\/\" \/>\n<meta property=\"og:site_name\" content=\"El Diario - Bolivia\" \/>\n<meta property=\"article:publisher\" content=\"https:\/\/www.facebook.com\/eldiario.bolivia\/\" \/>\n<meta property=\"article:published_time\" content=\"2023-06-20T10:28:22+00:00\" \/>\n<meta property=\"og:image\" content=\"https:\/\/www.eldiario.net\/portal\/wp-content\/uploads\/2023\/06\/26-cadetes-rrss.jpg\" \/>\n\t<meta property=\"og:image:width\" content=\"769\" \/>\n\t<meta property=\"og:image:height\" content=\"487\" \/>\n\t<meta property=\"og:image:type\" content=\"image\/jpeg\" \/>\n<meta name=\"author\" content=\"Jeanette\" \/>\n<meta name=\"twitter:card\" content=\"summary_large_image\" \/>\n<meta name=\"twitter:creator\" content=\"@eldiario_net\" \/>\n<meta name=\"twitter:site\" content=\"@eldiario_net\" \/>\n<meta name=\"twitter:label1\" content=\"Escrito por\" \/>\n\t<meta name=\"twitter:data1\" content=\"Jeanette\" \/>\n\t<meta name=\"twitter:label2\" content=\"Tiempo de lectura\" \/>\n\t<meta name=\"twitter:data2\" content=\"2 minutos\" \/>\n<script type=\"application\/ld+json\" class=\"yoast-schema-graph\">{\"@context\":\"https:\\\/\\\/schema.org\",\"@graph\":[{\"@type\":\"Article\",\"@id\":\"https:\\\/\\\/www.eldiario.net\\\/portal\\\/2023\\\/06\\\/20\\\/padres-de-cadetes-accidentados-piden-tratamiento-en-el-exterior\\\/#article\",\"isPartOf\":{\"@id\":\"https:\\\/\\\/www.eldiario.net\\\/portal\\\/2023\\\/06\\\/20\\\/padres-de-cadetes-accidentados-piden-tratamiento-en-el-exterior\\\/\"},\"author\":{\"name\":\"Jeanette\",\"@id\":\"https:\\\/\\\/www.eldiario.net\\\/portal\\\/#\\\/schema\\\/person\\\/f46445640444750d7d753ccd04ae01b7\"},\"headline\":\"Padres de cadetes accidentados piden tratamiento en el exterior\",\"datePublished\":\"2023-06-20T10:28:22+00:00\",\"mainEntityOfPage\":{\"@id\":\"https:\\\/\\\/www.eldiario.net\\\/portal\\\/2023\\\/06\\\/20\\\/padres-de-cadetes-accidentados-piden-tratamiento-en-el-exterior\\\/\"},\"wordCount\":299,\"publisher\":{\"@id\":\"https:\\\/\\\/www.eldiario.net\\\/portal\\\/#organization\"},\"image\":{\"@id\":\"https:\\\/\\\/www.eldiario.net\\\/portal\\\/2023\\\/06\\\/20\\\/padres-de-cadetes-accidentados-piden-tratamiento-en-el-exterior\\\/#primaryimage\"},\"thumbnailUrl\":\"https:\\\/\\\/www.eldiario.net\\\/portal\\\/wp-content\\\/uploads\\\/2023\\\/06\\\/26-cadetes-rrss.jpg\",\"articleSection\":[\"Portada\"],\"inLanguage\":\"es\"},{\"@type\":\"WebPage\",\"@id\":\"https:\\\/\\\/www.eldiario.net\\\/portal\\\/2023\\\/06\\\/20\\\/padres-de-cadetes-accidentados-piden-tratamiento-en-el-exterior\\\/\",\"url\":\"https:\\\/\\\/www.eldiario.net\\\/portal\\\/2023\\\/06\\\/20\\\/padres-de-cadetes-accidentados-piden-tratamiento-en-el-exterior\\\/\",\"name\":\"Padres de cadetes accidentados piden tratamiento en el exterior - El Diario - Bolivia\",\"isPartOf\":{\"@id\":\"https:\\\/\\\/www.eldiario.net\\\/portal\\\/#website\"},\"primaryImageOfPage\":{\"@id\":\"https:\\\/\\\/www.eldiario.net\\\/portal\\\/2023\\\/06\\\/20\\\/padres-de-cadetes-accidentados-piden-tratamiento-en-el-exterior\\\/#primaryimage\"},\"image\":{\"@id\":\"https:\\\/\\\/www.eldiario.net\\\/portal\\\/2023\\\/06\\\/20\\\/padres-de-cadetes-accidentados-piden-tratamiento-en-el-exterior\\\/#primaryimage\"},\"thumbnailUrl\":\"https:\\\/\\\/www.eldiario.net\\\/portal\\\/wp-content\\\/uploads\\\/2023\\\/06\\\/26-cadetes-rrss.jpg\",\"datePublished\":\"2023-06-20T10:28:22+00:00\",\"breadcrumb\":{\"@id\":\"https:\\\/\\\/www.eldiario.net\\\/portal\\\/2023\\\/06\\\/20\\\/padres-de-cadetes-accidentados-piden-tratamiento-en-el-exterior\\\/#breadcrumb\"},\"inLanguage\":\"es\",\"potentialAction\":[{\"@type\":\"ReadAction\",\"target\":[\"https:\\\/\\\/www.eldiario.net\\\/portal\\\/2023\\\/06\\\/20\\\/padres-de-cadetes-accidentados-piden-tratamiento-en-el-exterior\\\/\"]}]},{\"@type\":\"ImageObject\",\"inLanguage\":\"es\",\"@id\":\"https:\\\/\\\/www.eldiario.net\\\/portal\\\/2023\\\/06\\\/20\\\/padres-de-cadetes-accidentados-piden-tratamiento-en-el-exterior\\\/#primaryimage\",\"url\":\"https:\\\/\\\/www.eldiario.net\\\/portal\\\/wp-content\\\/uploads\\\/2023\\\/06\\\/26-cadetes-rrss.jpg\",\"contentUrl\":\"https:\\\/\\\/www.eldiario.net\\\/portal\\\/wp-content\\\/uploads\\\/2023\\\/06\\\/26-cadetes-rrss.jpg\",\"width\":769,\"height\":487,\"caption\":\"LUGAR DE DONDE CAYERON LOS CADETES EN ABRIL PASADO. CR\u00c9DITO: RRSS\"},{\"@type\":\"BreadcrumbList\",\"@id\":\"https:\\\/\\\/www.eldiario.net\\\/portal\\\/2023\\\/06\\\/20\\\/padres-de-cadetes-accidentados-piden-tratamiento-en-el-exterior\\\/#breadcrumb\",\"itemListElement\":[{\"@type\":\"ListItem\",\"position\":1,\"name\":\"Portada\",\"item\":\"https:\\\/\\\/www.eldiario.net\\\/portal\\\/\"},{\"@type\":\"ListItem\",\"position\":2,\"name\":\"Padres de cadetes accidentados piden tratamiento en el exterior\"}]},{\"@type\":\"WebSite\",\"@id\":\"https:\\\/\\\/www.eldiario.net\\\/portal\\\/#website\",\"url\":\"https:\\\/\\\/www.eldiario.net\\\/portal\\\/\",\"name\":\"El Diario - Decano de la prensa nacional\",\"description\":\"El Diario - Decano de la prensa nacional\",\"publisher\":{\"@id\":\"https:\\\/\\\/www.eldiario.net\\\/portal\\\/#organization\"},\"potentialAction\":[{\"@type\":\"SearchAction\",\"target\":{\"@type\":\"EntryPoint\",\"urlTemplate\":\"https:\\\/\\\/www.eldiario.net\\\/portal\\\/?s={search_term_string}\"},\"query-input\":{\"@type\":\"PropertyValueSpecification\",\"valueRequired\":true,\"valueName\":\"search_term_string\"}}],\"inLanguage\":\"es\"},{\"@type\":\"Organization\",\"@id\":\"https:\\\/\\\/www.eldiario.net\\\/portal\\\/#organization\",\"name\":\"El Diario - Decano de la prensa nacional\",\"url\":\"https:\\\/\\\/www.eldiario.net\\\/portal\\\/\",\"logo\":{\"@type\":\"ImageObject\",\"inLanguage\":\"es\",\"@id\":\"https:\\\/\\\/www.eldiario.net\\\/portal\\\/#\\\/schema\\\/logo\\\/image\\\/\",\"url\":\"https:\\\/\\\/www.eldiario.net\\\/portal\\\/wp-content\\\/uploads\\\/2023\\\/07\\\/logo_ED.jpg\",\"contentUrl\":\"https:\\\/\\\/www.eldiario.net\\\/portal\\\/wp-content\\\/uploads\\\/2023\\\/07\\\/logo_ED.jpg\",\"width\":272,\"height\":52,\"caption\":\"El Diario - Decano de la prensa nacional\"},\"image\":{\"@id\":\"https:\\\/\\\/www.eldiario.net\\\/portal\\\/#\\\/schema\\\/logo\\\/image\\\/\"},\"sameAs\":[\"https:\\\/\\\/www.facebook.com\\\/eldiario.bolivia\\\/\",\"https:\\\/\\\/x.com\\\/eldiario_net\"]},{\"@type\":\"Person\",\"@id\":\"https:\\\/\\\/www.eldiario.net\\\/portal\\\/#\\\/schema\\\/person\\\/f46445640444750d7d753ccd04ae01b7\",\"name\":\"Jeanette\",\"image\":{\"@type\":\"ImageObject\",\"inLanguage\":\"es\",\"@id\":\"https:\\\/\\\/secure.gravatar.com\\\/avatar\\\/3ea2118a5f7dad2b7138b1187a6b7ee55f160b9968b66013c3a3ef39dd7e5798?s=96&d=mm&r=g\",\"url\":\"https:\\\/\\\/secure.gravatar.com\\\/avatar\\\/3ea2118a5f7dad2b7138b1187a6b7ee55f160b9968b66013c3a3ef39dd7e5798?s=96&d=mm&r=g\",\"contentUrl\":\"https:\\\/\\\/secure.gravatar.com\\\/avatar\\\/3ea2118a5f7dad2b7138b1187a6b7ee55f160b9968b66013c3a3ef39dd7e5798?s=96&d=mm&r=g\",\"caption\":\"Jeanette\"},\"sameAs\":[\"https:\\\/\\\/www.eldiario.net\\\/portal\"],\"url\":\"https:\\\/\\\/www.eldiario.net\\\/portal\\\/author\\\/jeanette\\\/\"}]}<\/script>\n<!-- \/ Yoast SEO plugin. -->","yoast_head_json":{"title":"Padres de cadetes accidentados piden tratamiento en el exterior - El Diario - Bolivia","robots":{"index":"index","follow":"follow","max-snippet":"max-snippet:-1","max-image-preview":"max-image-preview:large","max-video-preview":"max-video-preview:-1"},"canonical":"https:\/\/www.eldiario.net\/portal\/2023\/06\/20\/padres-de-cadetes-accidentados-piden-tratamiento-en-el-exterior\/","og_locale":"es_ES","og_type":"article","og_title":"Padres de cadetes accidentados piden tratamiento en el exterior - El Diario - Bolivia","og_description":"Los padres de dos cadetes que se accidentaron en la ejecuci\u00f3n del ejercicio denominado \u00absalto de la muerte\u00bb, en ocasi\u00f3n del aniversario del Colegio Militar en abril pasado, enviaron una carta al presidente Luis Arce, en la que piden que el Estado cubra los gastos de los tratamientos que sus hijos requerir\u00e1n en el exterior. [&hellip;]","og_url":"https:\/\/www.eldiario.net\/portal\/2023\/06\/20\/padres-de-cadetes-accidentados-piden-tratamiento-en-el-exterior\/","og_site_name":"El Diario - Bolivia","article_publisher":"https:\/\/www.facebook.com\/eldiario.bolivia\/","article_published_time":"2023-06-20T10:28:22+00:00","og_image":[{"width":769,"height":487,"url":"https:\/\/www.eldiario.net\/portal\/wp-content\/uploads\/2023\/06\/26-cadetes-rrss.jpg","type":"image\/jpeg"}],"author":"Jeanette","twitter_card":"summary_large_image","twitter_creator":"@eldiario_net","twitter_site":"@eldiario_net","twitter_misc":{"Escrito por":"Jeanette","Tiempo de lectura":"2 minutos"},"schema":{"@context":"https:\/\/schema.org","@graph":[{"@type":"Article","@id":"https:\/\/www.eldiario.net\/portal\/2023\/06\/20\/padres-de-cadetes-accidentados-piden-tratamiento-en-el-exterior\/#article","isPartOf":{"@id":"https:\/\/www.eldiario.net\/portal\/2023\/06\/20\/padres-de-cadetes-accidentados-piden-tratamiento-en-el-exterior\/"},"author":{"name":"Jeanette","@id":"https:\/\/www.eldiario.net\/portal\/#\/schema\/person\/f46445640444750d7d753ccd04ae01b7"},"headline":"Padres de cadetes accidentados piden tratamiento en el exterior","datePublished":"2023-06-20T10:28:22+00:00","mainEntityOfPage":{"@id":"https:\/\/www.eldiario.net\/portal\/2023\/06\/20\/padres-de-cadetes-accidentados-piden-tratamiento-en-el-exterior\/"},"wordCount":299,"publisher":{"@id":"https:\/\/www.eldiario.net\/portal\/#organization"},"image":{"@id":"https:\/\/www.eldiario.net\/portal\/2023\/06\/20\/padres-de-cadetes-accidentados-piden-tratamiento-en-el-exterior\/#primaryimage"},"thumbnailUrl":"https:\/\/www.eldiario.net\/portal\/wp-content\/uploads\/2023\/06\/26-cadetes-rrss.jpg","articleSection":["Portada"],"inLanguage":"es"},{"@type":"WebPage","@id":"https:\/\/www.eldiario.net\/portal\/2023\/06\/20\/padres-de-cadetes-accidentados-piden-tratamiento-en-el-exterior\/","url":"https:\/\/www.eldiario.net\/portal\/2023\/06\/20\/padres-de-cadetes-accidentados-piden-tratamiento-en-el-exterior\/","name":"Padres de cadetes accidentados piden tratamiento en el exterior - El Diario - Bolivia","isPartOf":{"@id":"https:\/\/www.eldiario.net\/portal\/#website"},"primaryImageOfPage":{"@id":"https:\/\/www.eldiario.net\/portal\/2023\/06\/20\/padres-de-cadetes-accidentados-piden-tratamiento-en-el-exterior\/#primaryimage"},"image":{"@id":"https:\/\/www.eldiario.net\/portal\/2023\/06\/20\/padres-de-cadetes-accidentados-piden-tratamiento-en-el-exterior\/#primaryimage"},"thumbnailUrl":"https:\/\/www.eldiario.net\/portal\/wp-content\/uploads\/2023\/06\/26-cadetes-rrss.jpg","datePublished":"2023-06-20T10:28:22+00:00","breadcrumb":{"@id":"https:\/\/www.eldiario.net\/portal\/2023\/06\/20\/padres-de-cadetes-accidentados-piden-tratamiento-en-el-exterior\/#breadcrumb"},"inLanguage":"es","potentialAction":[{"@type":"ReadAction","target":["https:\/\/www.eldiario.net\/portal\/2023\/06\/20\/padres-de-cadetes-accidentados-piden-tratamiento-en-el-exterior\/"]}]},{"@type":"ImageObject","inLanguage":"es","@id":"https:\/\/www.eldiario.net\/portal\/2023\/06\/20\/padres-de-cadetes-accidentados-piden-tratamiento-en-el-exterior\/#primaryimage","url":"https:\/\/www.eldiario.net\/portal\/wp-content\/uploads\/2023\/06\/26-cadetes-rrss.jpg","contentUrl":"https:\/\/www.eldiario.net\/portal\/wp-content\/uploads\/2023\/06\/26-cadetes-rrss.jpg","width":769,"height":487,"caption":"LUGAR DE DONDE CAYERON LOS CADETES EN ABRIL PASADO. CR\u00c9DITO: RRSS"},{"@type":"BreadcrumbList","@id":"https:\/\/www.eldiario.net\/portal\/2023\/06\/20\/padres-de-cadetes-accidentados-piden-tratamiento-en-el-exterior\/#breadcrumb","itemListElement":[{"@type":"ListItem","position":1,"name":"Portada","item":"https:\/\/www.eldiario.net\/portal\/"},{"@type":"ListItem","position":2,"name":"Padres de cadetes accidentados piden tratamiento en el exterior"}]},{"@type":"WebSite","@id":"https:\/\/www.eldiario.net\/portal\/#website","url":"https:\/\/www.eldiario.net\/portal\/","name":"El Diario - Decano de la prensa nacional","description":"El Diario - Decano de la prensa nacional","publisher":{"@id":"https:\/\/www.eldiario.net\/portal\/#organization"},"potentialAction":[{"@type":"SearchAction","target":{"@type":"EntryPoint","urlTemplate":"https:\/\/www.eldiario.net\/portal\/?s={search_term_string}"},"query-input":{"@type":"PropertyValueSpecification","valueRequired":true,"valueName":"search_term_string"}}],"inLanguage":"es"},{"@type":"Organization","@id":"https:\/\/www.eldiario.net\/portal\/#organization","name":"El Diario - Decano de la prensa nacional","url":"https:\/\/www.eldiario.net\/portal\/","logo":{"@type":"ImageObject","inLanguage":"es","@id":"https:\/\/www.eldiario.net\/portal\/#\/schema\/logo\/image\/","url":"https:\/\/www.eldiario.net\/portal\/wp-content\/uploads\/2023\/07\/logo_ED.jpg","contentUrl":"https:\/\/www.eldiario.net\/portal\/wp-content\/uploads\/2023\/07\/logo_ED.jpg","width":272,"height":52,"caption":"El Diario - Decano de la prensa nacional"},"image":{"@id":"https:\/\/www.eldiario.net\/portal\/#\/schema\/logo\/image\/"},"sameAs":["https:\/\/www.facebook.com\/eldiario.bolivia\/","https:\/\/x.com\/eldiario_net"]},{"@type":"Person","@id":"https:\/\/www.eldiario.net\/portal\/#\/schema\/person\/f46445640444750d7d753ccd04ae01b7","name":"Jeanette","image":{"@type":"ImageObject","inLanguage":"es","@id":"https:\/\/secure.gravatar.com\/avatar\/3ea2118a5f7dad2b7138b1187a6b7ee55f160b9968b66013c3a3ef39dd7e5798?s=96&d=mm&r=g","url":"https:\/\/secure.gravatar.com\/avatar\/3ea2118a5f7dad2b7138b1187a6b7ee55f160b9968b66013c3a3ef39dd7e5798?s=96&d=mm&r=g","contentUrl":"https:\/\/secure.gravatar.com\/avatar\/3ea2118a5f7dad2b7138b1187a6b7ee55f160b9968b66013c3a3ef39dd7e5798?s=96&d=mm&r=g","caption":"Jeanette"},"sameAs":["https:\/\/www.eldiario.net\/portal"],"url":"https:\/\/www.eldiario.net\/portal\/author\/jeanette\/"}]}},"_links":{"self":[{"href":"https:\/\/www.eldiario.net\/portal\/wp-json\/wp\/v2\/posts\/161016","targetHints":{"allow":["GET"]}}],"collection":[{"href":"https:\/\/www.eldiario.net\/portal\/wp-json\/wp\/v2\/posts"}],"about":[{"href":"https:\/\/www.eldiario.net\/portal\/wp-json\/wp\/v2\/types\/post"}],"author":[{"embeddable":true,"href":"https:\/\/www.eldiario.net\/portal\/wp-json\/wp\/v2\/users\/1"}],"replies":[{"embeddable":true,"href":"https:\/\/www.eldiario.net\/portal\/wp-json\/wp\/v2\/comments?post=161016"}],"version-history":[{"count":0,"href":"https:\/\/www.eldiario.net\/portal\/wp-json\/wp\/v2\/posts\/161016\/revisions"}],"wp:featuredmedia":[{"embeddable":true,"href":"https:\/\/www.eldiario.net\/portal\/wp-json\/wp\/v2\/media\/161017"}],"wp:attachment":[{"href":"https:\/\/www.eldiario.net\/portal\/wp-json\/wp\/v2\/media?parent=161016"}],"wp:term":[{"taxonomy":"category","embeddable":true,"href":"https:\/\/www.eldiario.net\/portal\/wp-json\/wp\/v2\/categories?post=161016"},{"taxonomy":"post_tag","embeddable":true,"href":"https:\/\/www.eldiario.net\/portal\/wp-json\/wp\/v2\/tags?post=161016"}],"curies":[{"name":"wp","href":"https:\/\/api.w.org\/{rel}","templated":true}]}}