{"id":161013,"date":"2023-06-20T06:27:27","date_gmt":"2023-06-20T10:27:27","guid":{"rendered":"https:\/\/www.eldiario.net\/portal\/?p=161013"},"modified":"2023-06-20T06:27:27","modified_gmt":"2023-06-20T10:27:27","slug":"onu-aprueba-tratado-para-preservar-y-garantizar-dos-tercios-de-oceanos","status":"publish","type":"post","link":"https:\/\/www.eldiario.net\/portal\/2023\/06\/20\/onu-aprueba-tratado-para-preservar-y-garantizar-dos-tercios-de-oceanos\/","title":{"rendered":"ONU aprueba tratado para preservar  y garantizar dos tercios de oc\u00e9anos"},"content":{"rendered":"<p class=\"v1MsoNormal\">Este lunes la ONU ha anunciado la aprobaci\u00f3n del \u00abhist\u00f3rico\u00bb Tratado de la Biodiversidad m\u00e1s all\u00e1 de la Jurisdicci\u00f3n Nacional, m\u00e1s conocido como Tratado de Alta Mar, un acuerdo para preservar y garantizar un uso sostenible de dos tercios de los oc\u00e9anos.<\/p>\n<p class=\"v1MsoNormal\">\u00abHab\u00e9is insuflado nueva vida y esperanza para que los oc\u00e9anos tengan una oportunidad de luchar\u00bb, ha destacado el secretario general de la ONU, Ant\u00f3nio Guterres, que considera el pacto \u00abuna prueba de la fuerza del multilateralismo\u00bb.<\/p>\n<p class=\"v1MsoNormal\">\u00abAl actuar frente a amenazas a nuestro planeta m\u00e1s all\u00e1 de las fronteras est\u00e1is demostrando que las amenazas globales merecen una acci\u00f3n global y que los pa\u00edses pueden unirse por el bien com\u00fan\u00bb, argument\u00f3.<\/p>\n<p class=\"v1MsoNormal\">El acuerdo estar\u00e1 abierto a adhesiones durante dos a\u00f1os a partir del pr\u00f3ximo 20 de septiembre y entrar\u00e1 en vigor en cuanto haya sido ratificado por 60 pa\u00edses.<\/p>\n<p class=\"v1MsoNormal\">Este acuerdo se basa en la Convenci\u00f3n de la ONU sobre el Derecho del Mar, pero refuerza notablemente el marco legal para la conservaci\u00f3n y el uso sostenible de la biodiversidad marina, destaca la ONU. Aporta as\u00ed un marco para la cooperaci\u00f3n entre los pa\u00edses y otros actores que ser\u00e1 \u00abcrucial\u00bb para lograr los objetivos de la Agenda 2030 para un desarrollo sostenible y el Marco de Biodiversidad Global Kunming-Montreal.<\/p>\n<p class=\"v1MsoNormal\">El pacto incluye cuatro puntos clave. El primero aspira a \u00abun reparto justo y equitativo de los beneficios de las actividades relacionadas con los recursos gen\u00e9ticos marinos (&#8230;) en beneficio de toda la Humanidad\u00bb.<\/p>\n<p class=\"v1MsoNormal\">Adem\u00e1s, prev\u00e9 la creaci\u00f3n de zonas protegidas para preservar h\u00e1bitats vitales, especies protegidas y fondos marinos o la necesidad de evaluar el impacto de actividades econ\u00f3micas. Tambi\u00e9n prev\u00e9 un marco legal internacional para evaluar el impacto de actividades en alta mar y sus consecuencias para el cambio clim\u00e1tico, la acidificaci\u00f3n de los oc\u00e9anos y otros impactos.<\/p>\n<p class=\"v1MsoNormal\">Por \u00faltimo, facilitar\u00e1 la cooperaci\u00f3n y la transferencia de tecnolog\u00eda marina para ayudar a las partes firmantes, en particular a los pa\u00edses en v\u00edas de desarrollo, para que se cumplan los objetivos del acuerdo y \u00abnivelar as\u00ed el campo de juego\u00bb para un uso responsable de alta mar.<\/p>\n<p class=\"v1MsoNormal\">El acuerdo recoge tambi\u00e9n una base para financiar las medidas previstas y un mecanismo para resolver disputas. Asimismo, crea una Conferencia de las Partes, un Organismo Cient\u00edfico y T\u00e9cnico y otras instancias. (Europa Press)<\/p>\n","protected":false},"excerpt":{"rendered":"<p>Este lunes la ONU ha anunciado la aprobaci\u00f3n del \u00abhist\u00f3rico\u00bb Tratado de la Biodiversidad m\u00e1s all\u00e1 de la Jurisdicci\u00f3n Nacional, m\u00e1s conocido como Tratado de Alta Mar, un acuerdo para preservar y garantizar un uso sostenible de dos tercios de los oc\u00e9anos. \u00abHab\u00e9is insuflado nueva vida y esperanza para que los oc\u00e9anos tengan una oportunidad [&hellip;]<\/p>\n","protected":false},"author":1,"featured_media":161014,"comment_status":"closed","ping_status":"closed","sticky":false,"template":"","format":"standard","meta":{"_acf_changed":false,"footnotes":""},"categories":[15],"tags":[],"class_list":["post-161013","post","type-post","status-publish","format-standard","has-post-thumbnail","category-portada"],"acf":{"antetitulo":""},"yoast_head":"<!-- This site is optimized with the Yoast SEO plugin v28.3 - https:\/\/yoast.com\/product\/yoast-seo-wordpress\/ -->\n<title>ONU aprueba tratado para preservar y garantizar dos tercios de oc\u00e9anos - El Diario - Bolivia<\/title>\n<meta name=\"robots\" content=\"index, follow, max-snippet:-1, max-image-preview:large, max-video-preview:-1\" \/>\n<link rel=\"canonical\" href=\"https:\/\/www.eldiario.net\/portal\/2023\/06\/20\/onu-aprueba-tratado-para-preservar-y-garantizar-dos-tercios-de-oceanos\/\" \/>\n<meta property=\"og:locale\" content=\"es_ES\" \/>\n<meta property=\"og:type\" content=\"article\" \/>\n<meta property=\"og:title\" content=\"ONU aprueba tratado para preservar y garantizar dos tercios de oc\u00e9anos - El Diario - Bolivia\" \/>\n<meta property=\"og:description\" content=\"Este lunes la ONU ha anunciado la aprobaci\u00f3n del \u00abhist\u00f3rico\u00bb Tratado de la Biodiversidad m\u00e1s all\u00e1 de la Jurisdicci\u00f3n Nacional, m\u00e1s conocido como Tratado de Alta Mar, un acuerdo para preservar y garantizar un uso sostenible de dos tercios de los oc\u00e9anos. \u00abHab\u00e9is insuflado nueva vida y esperanza para que los oc\u00e9anos tengan una oportunidad [&hellip;]\" \/>\n<meta property=\"og:url\" content=\"https:\/\/www.eldiario.net\/portal\/2023\/06\/20\/onu-aprueba-tratado-para-preservar-y-garantizar-dos-tercios-de-oceanos\/\" \/>\n<meta property=\"og:site_name\" content=\"El Diario - Bolivia\" \/>\n<meta property=\"article:publisher\" content=\"https:\/\/www.facebook.com\/eldiario.bolivia\/\" \/>\n<meta property=\"article:published_time\" content=\"2023-06-20T10:27:27+00:00\" \/>\n<meta property=\"og:image\" content=\"https:\/\/www.eldiario.net\/portal\/wp-content\/uploads\/2023\/06\/25-tratado-oceanos-el-periodista.webp\" \/>\n\t<meta property=\"og:image:width\" content=\"750\" \/>\n\t<meta property=\"og:image:height\" content=\"430\" \/>\n\t<meta property=\"og:image:type\" content=\"image\/webp\" \/>\n<meta name=\"author\" content=\"Jeanette\" \/>\n<meta name=\"twitter:card\" content=\"summary_large_image\" \/>\n<meta name=\"twitter:creator\" content=\"@eldiario_net\" \/>\n<meta name=\"twitter:site\" content=\"@eldiario_net\" \/>\n<meta name=\"twitter:label1\" content=\"Escrito por\" \/>\n\t<meta name=\"twitter:data1\" content=\"Jeanette\" \/>\n\t<meta name=\"twitter:label2\" content=\"Tiempo de lectura\" \/>\n\t<meta name=\"twitter:data2\" content=\"2 minutos\" \/>\n<script type=\"application\/ld+json\" class=\"yoast-schema-graph\">{\"@context\":\"https:\\\/\\\/schema.org\",\"@graph\":[{\"@type\":\"Article\",\"@id\":\"https:\\\/\\\/www.eldiario.net\\\/portal\\\/2023\\\/06\\\/20\\\/onu-aprueba-tratado-para-preservar-y-garantizar-dos-tercios-de-oceanos\\\/#article\",\"isPartOf\":{\"@id\":\"https:\\\/\\\/www.eldiario.net\\\/portal\\\/2023\\\/06\\\/20\\\/onu-aprueba-tratado-para-preservar-y-garantizar-dos-tercios-de-oceanos\\\/\"},\"author\":{\"name\":\"Jeanette\",\"@id\":\"https:\\\/\\\/www.eldiario.net\\\/portal\\\/#\\\/schema\\\/person\\\/f46445640444750d7d753ccd04ae01b7\"},\"headline\":\"ONU aprueba tratado para preservar y garantizar dos tercios de oc\u00e9anos\",\"datePublished\":\"2023-06-20T10:27:27+00:00\",\"mainEntityOfPage\":{\"@id\":\"https:\\\/\\\/www.eldiario.net\\\/portal\\\/2023\\\/06\\\/20\\\/onu-aprueba-tratado-para-preservar-y-garantizar-dos-tercios-de-oceanos\\\/\"},\"wordCount\":427,\"publisher\":{\"@id\":\"https:\\\/\\\/www.eldiario.net\\\/portal\\\/#organization\"},\"image\":{\"@id\":\"https:\\\/\\\/www.eldiario.net\\\/portal\\\/2023\\\/06\\\/20\\\/onu-aprueba-tratado-para-preservar-y-garantizar-dos-tercios-de-oceanos\\\/#primaryimage\"},\"thumbnailUrl\":\"https:\\\/\\\/www.eldiario.net\\\/portal\\\/wp-content\\\/uploads\\\/2023\\\/06\\\/25-tratado-oceanos-el-periodista.webp\",\"articleSection\":[\"Portada\"],\"inLanguage\":\"es\"},{\"@type\":\"WebPage\",\"@id\":\"https:\\\/\\\/www.eldiario.net\\\/portal\\\/2023\\\/06\\\/20\\\/onu-aprueba-tratado-para-preservar-y-garantizar-dos-tercios-de-oceanos\\\/\",\"url\":\"https:\\\/\\\/www.eldiario.net\\\/portal\\\/2023\\\/06\\\/20\\\/onu-aprueba-tratado-para-preservar-y-garantizar-dos-tercios-de-oceanos\\\/\",\"name\":\"ONU aprueba tratado para preservar y garantizar dos tercios de oc\u00e9anos - El Diario - Bolivia\",\"isPartOf\":{\"@id\":\"https:\\\/\\\/www.eldiario.net\\\/portal\\\/#website\"},\"primaryImageOfPage\":{\"@id\":\"https:\\\/\\\/www.eldiario.net\\\/portal\\\/2023\\\/06\\\/20\\\/onu-aprueba-tratado-para-preservar-y-garantizar-dos-tercios-de-oceanos\\\/#primaryimage\"},\"image\":{\"@id\":\"https:\\\/\\\/www.eldiario.net\\\/portal\\\/2023\\\/06\\\/20\\\/onu-aprueba-tratado-para-preservar-y-garantizar-dos-tercios-de-oceanos\\\/#primaryimage\"},\"thumbnailUrl\":\"https:\\\/\\\/www.eldiario.net\\\/portal\\\/wp-content\\\/uploads\\\/2023\\\/06\\\/25-tratado-oceanos-el-periodista.webp\",\"datePublished\":\"2023-06-20T10:27:27+00:00\",\"breadcrumb\":{\"@id\":\"https:\\\/\\\/www.eldiario.net\\\/portal\\\/2023\\\/06\\\/20\\\/onu-aprueba-tratado-para-preservar-y-garantizar-dos-tercios-de-oceanos\\\/#breadcrumb\"},\"inLanguage\":\"es\",\"potentialAction\":[{\"@type\":\"ReadAction\",\"target\":[\"https:\\\/\\\/www.eldiario.net\\\/portal\\\/2023\\\/06\\\/20\\\/onu-aprueba-tratado-para-preservar-y-garantizar-dos-tercios-de-oceanos\\\/\"]}]},{\"@type\":\"ImageObject\",\"inLanguage\":\"es\",\"@id\":\"https:\\\/\\\/www.eldiario.net\\\/portal\\\/2023\\\/06\\\/20\\\/onu-aprueba-tratado-para-preservar-y-garantizar-dos-tercios-de-oceanos\\\/#primaryimage\",\"url\":\"https:\\\/\\\/www.eldiario.net\\\/portal\\\/wp-content\\\/uploads\\\/2023\\\/06\\\/25-tratado-oceanos-el-periodista.webp\",\"contentUrl\":\"https:\\\/\\\/www.eldiario.net\\\/portal\\\/wp-content\\\/uploads\\\/2023\\\/06\\\/25-tratado-oceanos-el-periodista.webp\",\"width\":750,\"height\":430,\"caption\":\"TRATADO DE ALTA MAR EN FAVOR DE LA BIODIVERSIDAD. FOTO: EL PERIODISTA\"},{\"@type\":\"BreadcrumbList\",\"@id\":\"https:\\\/\\\/www.eldiario.net\\\/portal\\\/2023\\\/06\\\/20\\\/onu-aprueba-tratado-para-preservar-y-garantizar-dos-tercios-de-oceanos\\\/#breadcrumb\",\"itemListElement\":[{\"@type\":\"ListItem\",\"position\":1,\"name\":\"Portada\",\"item\":\"https:\\\/\\\/www.eldiario.net\\\/portal\\\/\"},{\"@type\":\"ListItem\",\"position\":2,\"name\":\"ONU aprueba tratado para preservar y garantizar dos tercios de oc\u00e9anos\"}]},{\"@type\":\"WebSite\",\"@id\":\"https:\\\/\\\/www.eldiario.net\\\/portal\\\/#website\",\"url\":\"https:\\\/\\\/www.eldiario.net\\\/portal\\\/\",\"name\":\"El Diario - Decano de la prensa nacional\",\"description\":\"El Diario - Decano de la prensa nacional\",\"publisher\":{\"@id\":\"https:\\\/\\\/www.eldiario.net\\\/portal\\\/#organization\"},\"potentialAction\":[{\"@type\":\"SearchAction\",\"target\":{\"@type\":\"EntryPoint\",\"urlTemplate\":\"https:\\\/\\\/www.eldiario.net\\\/portal\\\/?s={search_term_string}\"},\"query-input\":{\"@type\":\"PropertyValueSpecification\",\"valueRequired\":true,\"valueName\":\"search_term_string\"}}],\"inLanguage\":\"es\"},{\"@type\":\"Organization\",\"@id\":\"https:\\\/\\\/www.eldiario.net\\\/portal\\\/#organization\",\"name\":\"El Diario - Decano de la prensa nacional\",\"url\":\"https:\\\/\\\/www.eldiario.net\\\/portal\\\/\",\"logo\":{\"@type\":\"ImageObject\",\"inLanguage\":\"es\",\"@id\":\"https:\\\/\\\/www.eldiario.net\\\/portal\\\/#\\\/schema\\\/logo\\\/image\\\/\",\"url\":\"https:\\\/\\\/www.eldiario.net\\\/portal\\\/wp-content\\\/uploads\\\/2023\\\/07\\\/logo_ED.jpg\",\"contentUrl\":\"https:\\\/\\\/www.eldiario.net\\\/portal\\\/wp-content\\\/uploads\\\/2023\\\/07\\\/logo_ED.jpg\",\"width\":272,\"height\":52,\"caption\":\"El Diario - Decano de la prensa nacional\"},\"image\":{\"@id\":\"https:\\\/\\\/www.eldiario.net\\\/portal\\\/#\\\/schema\\\/logo\\\/image\\\/\"},\"sameAs\":[\"https:\\\/\\\/www.facebook.com\\\/eldiario.bolivia\\\/\",\"https:\\\/\\\/x.com\\\/eldiario_net\"]},{\"@type\":\"Person\",\"@id\":\"https:\\\/\\\/www.eldiario.net\\\/portal\\\/#\\\/schema\\\/person\\\/f46445640444750d7d753ccd04ae01b7\",\"name\":\"Jeanette\",\"image\":{\"@type\":\"ImageObject\",\"inLanguage\":\"es\",\"@id\":\"https:\\\/\\\/secure.gravatar.com\\\/avatar\\\/3ea2118a5f7dad2b7138b1187a6b7ee55f160b9968b66013c3a3ef39dd7e5798?s=96&d=mm&r=g\",\"url\":\"https:\\\/\\\/secure.gravatar.com\\\/avatar\\\/3ea2118a5f7dad2b7138b1187a6b7ee55f160b9968b66013c3a3ef39dd7e5798?s=96&d=mm&r=g\",\"contentUrl\":\"https:\\\/\\\/secure.gravatar.com\\\/avatar\\\/3ea2118a5f7dad2b7138b1187a6b7ee55f160b9968b66013c3a3ef39dd7e5798?s=96&d=mm&r=g\",\"caption\":\"Jeanette\"},\"sameAs\":[\"https:\\\/\\\/www.eldiario.net\\\/portal\"],\"url\":\"https:\\\/\\\/www.eldiario.net\\\/portal\\\/author\\\/jeanette\\\/\"}]}<\/script>\n<!-- \/ Yoast SEO plugin. -->","yoast_head_json":{"title":"ONU aprueba tratado para preservar y garantizar dos tercios de oc\u00e9anos - El Diario - Bolivia","robots":{"index":"index","follow":"follow","max-snippet":"max-snippet:-1","max-image-preview":"max-image-preview:large","max-video-preview":"max-video-preview:-1"},"canonical":"https:\/\/www.eldiario.net\/portal\/2023\/06\/20\/onu-aprueba-tratado-para-preservar-y-garantizar-dos-tercios-de-oceanos\/","og_locale":"es_ES","og_type":"article","og_title":"ONU aprueba tratado para preservar y garantizar dos tercios de oc\u00e9anos - El Diario - Bolivia","og_description":"Este lunes la ONU ha anunciado la aprobaci\u00f3n del \u00abhist\u00f3rico\u00bb Tratado de la Biodiversidad m\u00e1s all\u00e1 de la Jurisdicci\u00f3n Nacional, m\u00e1s conocido como Tratado de Alta Mar, un acuerdo para preservar y garantizar un uso sostenible de dos tercios de los oc\u00e9anos. \u00abHab\u00e9is insuflado nueva vida y esperanza para que los oc\u00e9anos tengan una oportunidad [&hellip;]","og_url":"https:\/\/www.eldiario.net\/portal\/2023\/06\/20\/onu-aprueba-tratado-para-preservar-y-garantizar-dos-tercios-de-oceanos\/","og_site_name":"El Diario - Bolivia","article_publisher":"https:\/\/www.facebook.com\/eldiario.bolivia\/","article_published_time":"2023-06-20T10:27:27+00:00","og_image":[{"width":750,"height":430,"url":"https:\/\/www.eldiario.net\/portal\/wp-content\/uploads\/2023\/06\/25-tratado-oceanos-el-periodista.webp","type":"image\/webp"}],"author":"Jeanette","twitter_card":"summary_large_image","twitter_creator":"@eldiario_net","twitter_site":"@eldiario_net","twitter_misc":{"Escrito por":"Jeanette","Tiempo de lectura":"2 minutos"},"schema":{"@context":"https:\/\/schema.org","@graph":[{"@type":"Article","@id":"https:\/\/www.eldiario.net\/portal\/2023\/06\/20\/onu-aprueba-tratado-para-preservar-y-garantizar-dos-tercios-de-oceanos\/#article","isPartOf":{"@id":"https:\/\/www.eldiario.net\/portal\/2023\/06\/20\/onu-aprueba-tratado-para-preservar-y-garantizar-dos-tercios-de-oceanos\/"},"author":{"name":"Jeanette","@id":"https:\/\/www.eldiario.net\/portal\/#\/schema\/person\/f46445640444750d7d753ccd04ae01b7"},"headline":"ONU aprueba tratado para preservar y garantizar dos tercios de oc\u00e9anos","datePublished":"2023-06-20T10:27:27+00:00","mainEntityOfPage":{"@id":"https:\/\/www.eldiario.net\/portal\/2023\/06\/20\/onu-aprueba-tratado-para-preservar-y-garantizar-dos-tercios-de-oceanos\/"},"wordCount":427,"publisher":{"@id":"https:\/\/www.eldiario.net\/portal\/#organization"},"image":{"@id":"https:\/\/www.eldiario.net\/portal\/2023\/06\/20\/onu-aprueba-tratado-para-preservar-y-garantizar-dos-tercios-de-oceanos\/#primaryimage"},"thumbnailUrl":"https:\/\/www.eldiario.net\/portal\/wp-content\/uploads\/2023\/06\/25-tratado-oceanos-el-periodista.webp","articleSection":["Portada"],"inLanguage":"es"},{"@type":"WebPage","@id":"https:\/\/www.eldiario.net\/portal\/2023\/06\/20\/onu-aprueba-tratado-para-preservar-y-garantizar-dos-tercios-de-oceanos\/","url":"https:\/\/www.eldiario.net\/portal\/2023\/06\/20\/onu-aprueba-tratado-para-preservar-y-garantizar-dos-tercios-de-oceanos\/","name":"ONU aprueba tratado para preservar y garantizar dos tercios de oc\u00e9anos - El Diario - Bolivia","isPartOf":{"@id":"https:\/\/www.eldiario.net\/portal\/#website"},"primaryImageOfPage":{"@id":"https:\/\/www.eldiario.net\/portal\/2023\/06\/20\/onu-aprueba-tratado-para-preservar-y-garantizar-dos-tercios-de-oceanos\/#primaryimage"},"image":{"@id":"https:\/\/www.eldiario.net\/portal\/2023\/06\/20\/onu-aprueba-tratado-para-preservar-y-garantizar-dos-tercios-de-oceanos\/#primaryimage"},"thumbnailUrl":"https:\/\/www.eldiario.net\/portal\/wp-content\/uploads\/2023\/06\/25-tratado-oceanos-el-periodista.webp","datePublished":"2023-06-20T10:27:27+00:00","breadcrumb":{"@id":"https:\/\/www.eldiario.net\/portal\/2023\/06\/20\/onu-aprueba-tratado-para-preservar-y-garantizar-dos-tercios-de-oceanos\/#breadcrumb"},"inLanguage":"es","potentialAction":[{"@type":"ReadAction","target":["https:\/\/www.eldiario.net\/portal\/2023\/06\/20\/onu-aprueba-tratado-para-preservar-y-garantizar-dos-tercios-de-oceanos\/"]}]},{"@type":"ImageObject","inLanguage":"es","@id":"https:\/\/www.eldiario.net\/portal\/2023\/06\/20\/onu-aprueba-tratado-para-preservar-y-garantizar-dos-tercios-de-oceanos\/#primaryimage","url":"https:\/\/www.eldiario.net\/portal\/wp-content\/uploads\/2023\/06\/25-tratado-oceanos-el-periodista.webp","contentUrl":"https:\/\/www.eldiario.net\/portal\/wp-content\/uploads\/2023\/06\/25-tratado-oceanos-el-periodista.webp","width":750,"height":430,"caption":"TRATADO DE ALTA MAR EN FAVOR DE LA BIODIVERSIDAD. FOTO: EL PERIODISTA"},{"@type":"BreadcrumbList","@id":"https:\/\/www.eldiario.net\/portal\/2023\/06\/20\/onu-aprueba-tratado-para-preservar-y-garantizar-dos-tercios-de-oceanos\/#breadcrumb","itemListElement":[{"@type":"ListItem","position":1,"name":"Portada","item":"https:\/\/www.eldiario.net\/portal\/"},{"@type":"ListItem","position":2,"name":"ONU aprueba tratado para preservar y garantizar dos tercios de oc\u00e9anos"}]},{"@type":"WebSite","@id":"https:\/\/www.eldiario.net\/portal\/#website","url":"https:\/\/www.eldiario.net\/portal\/","name":"El Diario - Decano de la prensa nacional","description":"El Diario - Decano de la prensa nacional","publisher":{"@id":"https:\/\/www.eldiario.net\/portal\/#organization"},"potentialAction":[{"@type":"SearchAction","target":{"@type":"EntryPoint","urlTemplate":"https:\/\/www.eldiario.net\/portal\/?s={search_term_string}"},"query-input":{"@type":"PropertyValueSpecification","valueRequired":true,"valueName":"search_term_string"}}],"inLanguage":"es"},{"@type":"Organization","@id":"https:\/\/www.eldiario.net\/portal\/#organization","name":"El Diario - Decano de la prensa nacional","url":"https:\/\/www.eldiario.net\/portal\/","logo":{"@type":"ImageObject","inLanguage":"es","@id":"https:\/\/www.eldiario.net\/portal\/#\/schema\/logo\/image\/","url":"https:\/\/www.eldiario.net\/portal\/wp-content\/uploads\/2023\/07\/logo_ED.jpg","contentUrl":"https:\/\/www.eldiario.net\/portal\/wp-content\/uploads\/2023\/07\/logo_ED.jpg","width":272,"height":52,"caption":"El Diario - Decano de la prensa nacional"},"image":{"@id":"https:\/\/www.eldiario.net\/portal\/#\/schema\/logo\/image\/"},"sameAs":["https:\/\/www.facebook.com\/eldiario.bolivia\/","https:\/\/x.com\/eldiario_net"]},{"@type":"Person","@id":"https:\/\/www.eldiario.net\/portal\/#\/schema\/person\/f46445640444750d7d753ccd04ae01b7","name":"Jeanette","image":{"@type":"ImageObject","inLanguage":"es","@id":"https:\/\/secure.gravatar.com\/avatar\/3ea2118a5f7dad2b7138b1187a6b7ee55f160b9968b66013c3a3ef39dd7e5798?s=96&d=mm&r=g","url":"https:\/\/secure.gravatar.com\/avatar\/3ea2118a5f7dad2b7138b1187a6b7ee55f160b9968b66013c3a3ef39dd7e5798?s=96&d=mm&r=g","contentUrl":"https:\/\/secure.gravatar.com\/avatar\/3ea2118a5f7dad2b7138b1187a6b7ee55f160b9968b66013c3a3ef39dd7e5798?s=96&d=mm&r=g","caption":"Jeanette"},"sameAs":["https:\/\/www.eldiario.net\/portal"],"url":"https:\/\/www.eldiario.net\/portal\/author\/jeanette\/"}]}},"_links":{"self":[{"href":"https:\/\/www.eldiario.net\/portal\/wp-json\/wp\/v2\/posts\/161013","targetHints":{"allow":["GET"]}}],"collection":[{"href":"https:\/\/www.eldiario.net\/portal\/wp-json\/wp\/v2\/posts"}],"about":[{"href":"https:\/\/www.eldiario.net\/portal\/wp-json\/wp\/v2\/types\/post"}],"author":[{"embeddable":true,"href":"https:\/\/www.eldiario.net\/portal\/wp-json\/wp\/v2\/users\/1"}],"replies":[{"embeddable":true,"href":"https:\/\/www.eldiario.net\/portal\/wp-json\/wp\/v2\/comments?post=161013"}],"version-history":[{"count":0,"href":"https:\/\/www.eldiario.net\/portal\/wp-json\/wp\/v2\/posts\/161013\/revisions"}],"wp:featuredmedia":[{"embeddable":true,"href":"https:\/\/www.eldiario.net\/portal\/wp-json\/wp\/v2\/media\/161014"}],"wp:attachment":[{"href":"https:\/\/www.eldiario.net\/portal\/wp-json\/wp\/v2\/media?parent=161013"}],"wp:term":[{"taxonomy":"category","embeddable":true,"href":"https:\/\/www.eldiario.net\/portal\/wp-json\/wp\/v2\/categories?post=161013"},{"taxonomy":"post_tag","embeddable":true,"href":"https:\/\/www.eldiario.net\/portal\/wp-json\/wp\/v2\/tags?post=161013"}],"curies":[{"name":"wp","href":"https:\/\/api.w.org\/{rel}","templated":true}]}}