{"id":161010,"date":"2023-06-20T06:26:20","date_gmt":"2023-06-20T10:26:20","guid":{"rendered":"https:\/\/www.eldiario.net\/portal\/?p=161010"},"modified":"2023-06-20T06:26:20","modified_gmt":"2023-06-20T10:26:20","slug":"afirman-que-gonismo-intenta-aprovechar-actual-vacio-politico","status":"publish","type":"post","link":"https:\/\/www.eldiario.net\/portal\/2023\/06\/20\/afirman-que-gonismo-intenta-aprovechar-actual-vacio-politico\/","title":{"rendered":"Afirman que \u00abgonismo\u00bb intenta  aprovechar actual vac\u00edo pol\u00edtico"},"content":{"rendered":"<p class=\"v1MsoNormal\">Reiterando que el expresidente Gonzalo S\u00e1nchez de Lozada tiene deudas pendientes con la justicia boliviana por los hechos de \u00aboctubre negro\u00bb en 2003, el exdirigente de la Central Obrera Regional de El Alto, Roberto De la Cruz, afirm\u00f3 que el \u00abgonismo\u00bb intenta aprovechar el actual vac\u00edo pol\u00edtico provocado por la falta de unidad en la oposici\u00f3n y las pugnas internas del Movimiento al Socialismo (MAS).<\/p>\n<p class=\"v1MsoNormal\">En criterio del ex dirigente alte\u00f1o, la reaparici\u00f3n del exmandatario en el \u00e1mbito pol\u00edtico se constituye en un \u00abatrevimiento y una provocaci\u00f3n\u00bb para el pueblo boliviano y los actores de las jornadas de octubre de 2003, hecho que debe llamar la atenci\u00f3n y ser una se\u00f1al de alerta para la ciudadan\u00eda en pleno.<\/p>\n<p class=\"v1MsoNormal\">\u00abEn este momento cuando no existe oposici\u00f3n, en este momento cuando el oficialismo enfrenta conflictos internos, hay un vac\u00edo pol\u00edtico. Ese vac\u00edo pol\u00edtico quiere ser aprovechado por el &#8216;gonismo&#8217; y a eso responde esta aparici\u00f3n\u00bb, manifest\u00f3 De la Cruz.<\/p>\n<p class=\"v1MsoNormal\">Adelant\u00f3 que en los siguientes d\u00edas se convocar\u00e1 a una reuni\u00f3n con otros exdirigentes alte\u00f1os y a nivel nacional para asumir una posici\u00f3n oficial y tomar determinaciones para hacer frente a la postura expresada por el exmandatario. \u00abNosotros condenamos desde todo punto de vista la reaparici\u00f3n del &#8216;gonismo&#8217; en este momento\u00bb, dijo.<\/p>\n<p class=\"v1MsoNormal\">Desde el Gobierno, la ministra de la Presidencia, Mar\u00eda Nela Prada, calific\u00f3 como \u00abnefasta y retr\u00f3grada\u00bb el conjunto de propuestas expresadas por el expresidente Gonzalo S\u00e1nchez de Lozada, el fin de semana.<\/p>\n<p class=\"v1MsoNormal\">\u00abEs profundamente antidemocr\u00e1tica y vuelve a reflejar, una vez m\u00e1s, el desconocimiento absoluto de nuestra realidad como pueblo boliviano\u00bb, se\u00f1al\u00f3 la autoridad.<\/p>\n<p class=\"v1MsoNormal\">El fin de semana, el exmandatario plante\u00f3, entre otras cosas, una reforma constitucional para garantizar una democracia representativa de car\u00e1cter parlamentario, \u00abcon un presidente de poder limitado\u00bb, pero \u00abde gran autoridad moral\u00bb.<\/p>\n<p class=\"v1MsoNormal\">\u00abS\u00e1nchez de Lozada sigue viendo a la sociedad boliviana como un conjunto de individuos en los que los privilegios y los derechos son para pocos. Invisibiliza la existencia efectiva del concepto pueblo, naciones, en los que existe una articulaci\u00f3n armoniosa de lo colectivo con lo individual a nuestro vivir bien\u00bb, sostuvo la autoridad.<\/p>\n","protected":false},"excerpt":{"rendered":"<p>Reiterando que el expresidente Gonzalo S\u00e1nchez de Lozada tiene deudas pendientes con la justicia boliviana por los hechos de \u00aboctubre negro\u00bb en 2003, el exdirigente de la Central Obrera Regional de El Alto, Roberto De la Cruz, afirm\u00f3 que el \u00abgonismo\u00bb intenta aprovechar el actual vac\u00edo pol\u00edtico provocado por la falta de unidad en la [&hellip;]<\/p>\n","protected":false},"author":1,"featured_media":161011,"comment_status":"closed","ping_status":"closed","sticky":false,"template":"","format":"standard","meta":{"_acf_changed":false,"footnotes":""},"categories":[14],"tags":[],"class_list":["post-161010","post","type-post","status-publish","format-standard","has-post-thumbnail","category-politica"],"acf":{"antetitulo":""},"yoast_head":"<!-- This site is optimized with the Yoast SEO plugin v28.3 - https:\/\/yoast.com\/product\/yoast-seo-wordpress\/ -->\n<title>Afirman que &quot;gonismo&quot; intenta aprovechar actual vac\u00edo pol\u00edtico - El Diario - Bolivia<\/title>\n<meta name=\"robots\" content=\"index, follow, max-snippet:-1, max-image-preview:large, max-video-preview:-1\" \/>\n<link rel=\"canonical\" href=\"https:\/\/www.eldiario.net\/portal\/2023\/06\/20\/afirman-que-gonismo-intenta-aprovechar-actual-vacio-politico\/\" \/>\n<meta property=\"og:locale\" content=\"es_ES\" \/>\n<meta property=\"og:type\" content=\"article\" \/>\n<meta property=\"og:title\" content=\"Afirman que &quot;gonismo&quot; intenta aprovechar actual vac\u00edo pol\u00edtico - El Diario - Bolivia\" \/>\n<meta property=\"og:description\" content=\"Reiterando que el expresidente Gonzalo S\u00e1nchez de Lozada tiene deudas pendientes con la justicia boliviana por los hechos de \u00aboctubre negro\u00bb en 2003, el exdirigente de la Central Obrera Regional de El Alto, Roberto De la Cruz, afirm\u00f3 que el \u00abgonismo\u00bb intenta aprovechar el actual vac\u00edo pol\u00edtico provocado por la falta de unidad en la [&hellip;]\" \/>\n<meta property=\"og:url\" content=\"https:\/\/www.eldiario.net\/portal\/2023\/06\/20\/afirman-que-gonismo-intenta-aprovechar-actual-vacio-politico\/\" \/>\n<meta property=\"og:site_name\" content=\"El Diario - Bolivia\" \/>\n<meta property=\"article:publisher\" content=\"https:\/\/www.facebook.com\/eldiario.bolivia\/\" \/>\n<meta property=\"article:published_time\" content=\"2023-06-20T10:26:20+00:00\" \/>\n<meta property=\"og:image\" content=\"https:\/\/www.eldiario.net\/portal\/wp-content\/uploads\/2023\/06\/22-VACIO-DE-LA-CRUZ.jpg\" \/>\n\t<meta property=\"og:image:width\" content=\"700\" \/>\n\t<meta property=\"og:image:height\" content=\"450\" \/>\n\t<meta property=\"og:image:type\" content=\"image\/jpeg\" \/>\n<meta name=\"author\" content=\"Jeanette\" \/>\n<meta name=\"twitter:card\" content=\"summary_large_image\" \/>\n<meta name=\"twitter:creator\" content=\"@eldiario_net\" \/>\n<meta name=\"twitter:site\" content=\"@eldiario_net\" \/>\n<meta name=\"twitter:label1\" content=\"Escrito por\" \/>\n\t<meta name=\"twitter:data1\" content=\"Jeanette\" \/>\n\t<meta name=\"twitter:label2\" content=\"Tiempo de lectura\" \/>\n\t<meta name=\"twitter:data2\" content=\"2 minutos\" \/>\n<script type=\"application\/ld+json\" class=\"yoast-schema-graph\">{\"@context\":\"https:\\\/\\\/schema.org\",\"@graph\":[{\"@type\":\"Article\",\"@id\":\"https:\\\/\\\/www.eldiario.net\\\/portal\\\/2023\\\/06\\\/20\\\/afirman-que-gonismo-intenta-aprovechar-actual-vacio-politico\\\/#article\",\"isPartOf\":{\"@id\":\"https:\\\/\\\/www.eldiario.net\\\/portal\\\/2023\\\/06\\\/20\\\/afirman-que-gonismo-intenta-aprovechar-actual-vacio-politico\\\/\"},\"author\":{\"name\":\"Jeanette\",\"@id\":\"https:\\\/\\\/www.eldiario.net\\\/portal\\\/#\\\/schema\\\/person\\\/f46445640444750d7d753ccd04ae01b7\"},\"headline\":\"Afirman que \u00abgonismo\u00bb intenta aprovechar actual vac\u00edo pol\u00edtico\",\"datePublished\":\"2023-06-20T10:26:20+00:00\",\"mainEntityOfPage\":{\"@id\":\"https:\\\/\\\/www.eldiario.net\\\/portal\\\/2023\\\/06\\\/20\\\/afirman-que-gonismo-intenta-aprovechar-actual-vacio-politico\\\/\"},\"wordCount\":387,\"publisher\":{\"@id\":\"https:\\\/\\\/www.eldiario.net\\\/portal\\\/#organization\"},\"image\":{\"@id\":\"https:\\\/\\\/www.eldiario.net\\\/portal\\\/2023\\\/06\\\/20\\\/afirman-que-gonismo-intenta-aprovechar-actual-vacio-politico\\\/#primaryimage\"},\"thumbnailUrl\":\"https:\\\/\\\/www.eldiario.net\\\/portal\\\/wp-content\\\/uploads\\\/2023\\\/06\\\/22-VACIO-DE-LA-CRUZ.jpg\",\"articleSection\":[\"Pol\u00edtica\"],\"inLanguage\":\"es\"},{\"@type\":\"WebPage\",\"@id\":\"https:\\\/\\\/www.eldiario.net\\\/portal\\\/2023\\\/06\\\/20\\\/afirman-que-gonismo-intenta-aprovechar-actual-vacio-politico\\\/\",\"url\":\"https:\\\/\\\/www.eldiario.net\\\/portal\\\/2023\\\/06\\\/20\\\/afirman-que-gonismo-intenta-aprovechar-actual-vacio-politico\\\/\",\"name\":\"Afirman que \\\"gonismo\\\" intenta aprovechar actual vac\u00edo pol\u00edtico - El Diario - Bolivia\",\"isPartOf\":{\"@id\":\"https:\\\/\\\/www.eldiario.net\\\/portal\\\/#website\"},\"primaryImageOfPage\":{\"@id\":\"https:\\\/\\\/www.eldiario.net\\\/portal\\\/2023\\\/06\\\/20\\\/afirman-que-gonismo-intenta-aprovechar-actual-vacio-politico\\\/#primaryimage\"},\"image\":{\"@id\":\"https:\\\/\\\/www.eldiario.net\\\/portal\\\/2023\\\/06\\\/20\\\/afirman-que-gonismo-intenta-aprovechar-actual-vacio-politico\\\/#primaryimage\"},\"thumbnailUrl\":\"https:\\\/\\\/www.eldiario.net\\\/portal\\\/wp-content\\\/uploads\\\/2023\\\/06\\\/22-VACIO-DE-LA-CRUZ.jpg\",\"datePublished\":\"2023-06-20T10:26:20+00:00\",\"breadcrumb\":{\"@id\":\"https:\\\/\\\/www.eldiario.net\\\/portal\\\/2023\\\/06\\\/20\\\/afirman-que-gonismo-intenta-aprovechar-actual-vacio-politico\\\/#breadcrumb\"},\"inLanguage\":\"es\",\"potentialAction\":[{\"@type\":\"ReadAction\",\"target\":[\"https:\\\/\\\/www.eldiario.net\\\/portal\\\/2023\\\/06\\\/20\\\/afirman-que-gonismo-intenta-aprovechar-actual-vacio-politico\\\/\"]}]},{\"@type\":\"ImageObject\",\"inLanguage\":\"es\",\"@id\":\"https:\\\/\\\/www.eldiario.net\\\/portal\\\/2023\\\/06\\\/20\\\/afirman-que-gonismo-intenta-aprovechar-actual-vacio-politico\\\/#primaryimage\",\"url\":\"https:\\\/\\\/www.eldiario.net\\\/portal\\\/wp-content\\\/uploads\\\/2023\\\/06\\\/22-VACIO-DE-LA-CRUZ.jpg\",\"contentUrl\":\"https:\\\/\\\/www.eldiario.net\\\/portal\\\/wp-content\\\/uploads\\\/2023\\\/06\\\/22-VACIO-DE-LA-CRUZ.jpg\",\"width\":700,\"height\":450,\"caption\":\"Roberto De la Cruz, exdirigente de la COR El Alto. CREDITOS \\\/ RRSS\"},{\"@type\":\"BreadcrumbList\",\"@id\":\"https:\\\/\\\/www.eldiario.net\\\/portal\\\/2023\\\/06\\\/20\\\/afirman-que-gonismo-intenta-aprovechar-actual-vacio-politico\\\/#breadcrumb\",\"itemListElement\":[{\"@type\":\"ListItem\",\"position\":1,\"name\":\"Portada\",\"item\":\"https:\\\/\\\/www.eldiario.net\\\/portal\\\/\"},{\"@type\":\"ListItem\",\"position\":2,\"name\":\"Afirman que \u00abgonismo\u00bb intenta aprovechar actual vac\u00edo pol\u00edtico\"}]},{\"@type\":\"WebSite\",\"@id\":\"https:\\\/\\\/www.eldiario.net\\\/portal\\\/#website\",\"url\":\"https:\\\/\\\/www.eldiario.net\\\/portal\\\/\",\"name\":\"El Diario - Decano de la prensa nacional\",\"description\":\"El Diario - Decano de la prensa nacional\",\"publisher\":{\"@id\":\"https:\\\/\\\/www.eldiario.net\\\/portal\\\/#organization\"},\"potentialAction\":[{\"@type\":\"SearchAction\",\"target\":{\"@type\":\"EntryPoint\",\"urlTemplate\":\"https:\\\/\\\/www.eldiario.net\\\/portal\\\/?s={search_term_string}\"},\"query-input\":{\"@type\":\"PropertyValueSpecification\",\"valueRequired\":true,\"valueName\":\"search_term_string\"}}],\"inLanguage\":\"es\"},{\"@type\":\"Organization\",\"@id\":\"https:\\\/\\\/www.eldiario.net\\\/portal\\\/#organization\",\"name\":\"El Diario - Decano de la prensa nacional\",\"url\":\"https:\\\/\\\/www.eldiario.net\\\/portal\\\/\",\"logo\":{\"@type\":\"ImageObject\",\"inLanguage\":\"es\",\"@id\":\"https:\\\/\\\/www.eldiario.net\\\/portal\\\/#\\\/schema\\\/logo\\\/image\\\/\",\"url\":\"https:\\\/\\\/www.eldiario.net\\\/portal\\\/wp-content\\\/uploads\\\/2023\\\/07\\\/logo_ED.jpg\",\"contentUrl\":\"https:\\\/\\\/www.eldiario.net\\\/portal\\\/wp-content\\\/uploads\\\/2023\\\/07\\\/logo_ED.jpg\",\"width\":272,\"height\":52,\"caption\":\"El Diario - Decano de la prensa nacional\"},\"image\":{\"@id\":\"https:\\\/\\\/www.eldiario.net\\\/portal\\\/#\\\/schema\\\/logo\\\/image\\\/\"},\"sameAs\":[\"https:\\\/\\\/www.facebook.com\\\/eldiario.bolivia\\\/\",\"https:\\\/\\\/x.com\\\/eldiario_net\"]},{\"@type\":\"Person\",\"@id\":\"https:\\\/\\\/www.eldiario.net\\\/portal\\\/#\\\/schema\\\/person\\\/f46445640444750d7d753ccd04ae01b7\",\"name\":\"Jeanette\",\"image\":{\"@type\":\"ImageObject\",\"inLanguage\":\"es\",\"@id\":\"https:\\\/\\\/secure.gravatar.com\\\/avatar\\\/3ea2118a5f7dad2b7138b1187a6b7ee55f160b9968b66013c3a3ef39dd7e5798?s=96&d=mm&r=g\",\"url\":\"https:\\\/\\\/secure.gravatar.com\\\/avatar\\\/3ea2118a5f7dad2b7138b1187a6b7ee55f160b9968b66013c3a3ef39dd7e5798?s=96&d=mm&r=g\",\"contentUrl\":\"https:\\\/\\\/secure.gravatar.com\\\/avatar\\\/3ea2118a5f7dad2b7138b1187a6b7ee55f160b9968b66013c3a3ef39dd7e5798?s=96&d=mm&r=g\",\"caption\":\"Jeanette\"},\"sameAs\":[\"https:\\\/\\\/www.eldiario.net\\\/portal\"],\"url\":\"https:\\\/\\\/www.eldiario.net\\\/portal\\\/author\\\/jeanette\\\/\"}]}<\/script>\n<!-- \/ Yoast SEO plugin. -->","yoast_head_json":{"title":"Afirman que \"gonismo\" intenta aprovechar actual vac\u00edo pol\u00edtico - El Diario - Bolivia","robots":{"index":"index","follow":"follow","max-snippet":"max-snippet:-1","max-image-preview":"max-image-preview:large","max-video-preview":"max-video-preview:-1"},"canonical":"https:\/\/www.eldiario.net\/portal\/2023\/06\/20\/afirman-que-gonismo-intenta-aprovechar-actual-vacio-politico\/","og_locale":"es_ES","og_type":"article","og_title":"Afirman que \"gonismo\" intenta aprovechar actual vac\u00edo pol\u00edtico - El Diario - Bolivia","og_description":"Reiterando que el expresidente Gonzalo S\u00e1nchez de Lozada tiene deudas pendientes con la justicia boliviana por los hechos de \u00aboctubre negro\u00bb en 2003, el exdirigente de la Central Obrera Regional de El Alto, Roberto De la Cruz, afirm\u00f3 que el \u00abgonismo\u00bb intenta aprovechar el actual vac\u00edo pol\u00edtico provocado por la falta de unidad en la [&hellip;]","og_url":"https:\/\/www.eldiario.net\/portal\/2023\/06\/20\/afirman-que-gonismo-intenta-aprovechar-actual-vacio-politico\/","og_site_name":"El Diario - Bolivia","article_publisher":"https:\/\/www.facebook.com\/eldiario.bolivia\/","article_published_time":"2023-06-20T10:26:20+00:00","og_image":[{"width":700,"height":450,"url":"https:\/\/www.eldiario.net\/portal\/wp-content\/uploads\/2023\/06\/22-VACIO-DE-LA-CRUZ.jpg","type":"image\/jpeg"}],"author":"Jeanette","twitter_card":"summary_large_image","twitter_creator":"@eldiario_net","twitter_site":"@eldiario_net","twitter_misc":{"Escrito por":"Jeanette","Tiempo de lectura":"2 minutos"},"schema":{"@context":"https:\/\/schema.org","@graph":[{"@type":"Article","@id":"https:\/\/www.eldiario.net\/portal\/2023\/06\/20\/afirman-que-gonismo-intenta-aprovechar-actual-vacio-politico\/#article","isPartOf":{"@id":"https:\/\/www.eldiario.net\/portal\/2023\/06\/20\/afirman-que-gonismo-intenta-aprovechar-actual-vacio-politico\/"},"author":{"name":"Jeanette","@id":"https:\/\/www.eldiario.net\/portal\/#\/schema\/person\/f46445640444750d7d753ccd04ae01b7"},"headline":"Afirman que \u00abgonismo\u00bb intenta aprovechar actual vac\u00edo pol\u00edtico","datePublished":"2023-06-20T10:26:20+00:00","mainEntityOfPage":{"@id":"https:\/\/www.eldiario.net\/portal\/2023\/06\/20\/afirman-que-gonismo-intenta-aprovechar-actual-vacio-politico\/"},"wordCount":387,"publisher":{"@id":"https:\/\/www.eldiario.net\/portal\/#organization"},"image":{"@id":"https:\/\/www.eldiario.net\/portal\/2023\/06\/20\/afirman-que-gonismo-intenta-aprovechar-actual-vacio-politico\/#primaryimage"},"thumbnailUrl":"https:\/\/www.eldiario.net\/portal\/wp-content\/uploads\/2023\/06\/22-VACIO-DE-LA-CRUZ.jpg","articleSection":["Pol\u00edtica"],"inLanguage":"es"},{"@type":"WebPage","@id":"https:\/\/www.eldiario.net\/portal\/2023\/06\/20\/afirman-que-gonismo-intenta-aprovechar-actual-vacio-politico\/","url":"https:\/\/www.eldiario.net\/portal\/2023\/06\/20\/afirman-que-gonismo-intenta-aprovechar-actual-vacio-politico\/","name":"Afirman que \"gonismo\" intenta aprovechar actual vac\u00edo pol\u00edtico - El Diario - Bolivia","isPartOf":{"@id":"https:\/\/www.eldiario.net\/portal\/#website"},"primaryImageOfPage":{"@id":"https:\/\/www.eldiario.net\/portal\/2023\/06\/20\/afirman-que-gonismo-intenta-aprovechar-actual-vacio-politico\/#primaryimage"},"image":{"@id":"https:\/\/www.eldiario.net\/portal\/2023\/06\/20\/afirman-que-gonismo-intenta-aprovechar-actual-vacio-politico\/#primaryimage"},"thumbnailUrl":"https:\/\/www.eldiario.net\/portal\/wp-content\/uploads\/2023\/06\/22-VACIO-DE-LA-CRUZ.jpg","datePublished":"2023-06-20T10:26:20+00:00","breadcrumb":{"@id":"https:\/\/www.eldiario.net\/portal\/2023\/06\/20\/afirman-que-gonismo-intenta-aprovechar-actual-vacio-politico\/#breadcrumb"},"inLanguage":"es","potentialAction":[{"@type":"ReadAction","target":["https:\/\/www.eldiario.net\/portal\/2023\/06\/20\/afirman-que-gonismo-intenta-aprovechar-actual-vacio-politico\/"]}]},{"@type":"ImageObject","inLanguage":"es","@id":"https:\/\/www.eldiario.net\/portal\/2023\/06\/20\/afirman-que-gonismo-intenta-aprovechar-actual-vacio-politico\/#primaryimage","url":"https:\/\/www.eldiario.net\/portal\/wp-content\/uploads\/2023\/06\/22-VACIO-DE-LA-CRUZ.jpg","contentUrl":"https:\/\/www.eldiario.net\/portal\/wp-content\/uploads\/2023\/06\/22-VACIO-DE-LA-CRUZ.jpg","width":700,"height":450,"caption":"Roberto De la Cruz, exdirigente de la COR El Alto. CREDITOS \/ RRSS"},{"@type":"BreadcrumbList","@id":"https:\/\/www.eldiario.net\/portal\/2023\/06\/20\/afirman-que-gonismo-intenta-aprovechar-actual-vacio-politico\/#breadcrumb","itemListElement":[{"@type":"ListItem","position":1,"name":"Portada","item":"https:\/\/www.eldiario.net\/portal\/"},{"@type":"ListItem","position":2,"name":"Afirman que \u00abgonismo\u00bb intenta aprovechar actual vac\u00edo pol\u00edtico"}]},{"@type":"WebSite","@id":"https:\/\/www.eldiario.net\/portal\/#website","url":"https:\/\/www.eldiario.net\/portal\/","name":"El Diario - Decano de la prensa nacional","description":"El Diario - Decano de la prensa nacional","publisher":{"@id":"https:\/\/www.eldiario.net\/portal\/#organization"},"potentialAction":[{"@type":"SearchAction","target":{"@type":"EntryPoint","urlTemplate":"https:\/\/www.eldiario.net\/portal\/?s={search_term_string}"},"query-input":{"@type":"PropertyValueSpecification","valueRequired":true,"valueName":"search_term_string"}}],"inLanguage":"es"},{"@type":"Organization","@id":"https:\/\/www.eldiario.net\/portal\/#organization","name":"El Diario - Decano de la prensa nacional","url":"https:\/\/www.eldiario.net\/portal\/","logo":{"@type":"ImageObject","inLanguage":"es","@id":"https:\/\/www.eldiario.net\/portal\/#\/schema\/logo\/image\/","url":"https:\/\/www.eldiario.net\/portal\/wp-content\/uploads\/2023\/07\/logo_ED.jpg","contentUrl":"https:\/\/www.eldiario.net\/portal\/wp-content\/uploads\/2023\/07\/logo_ED.jpg","width":272,"height":52,"caption":"El Diario - Decano de la prensa nacional"},"image":{"@id":"https:\/\/www.eldiario.net\/portal\/#\/schema\/logo\/image\/"},"sameAs":["https:\/\/www.facebook.com\/eldiario.bolivia\/","https:\/\/x.com\/eldiario_net"]},{"@type":"Person","@id":"https:\/\/www.eldiario.net\/portal\/#\/schema\/person\/f46445640444750d7d753ccd04ae01b7","name":"Jeanette","image":{"@type":"ImageObject","inLanguage":"es","@id":"https:\/\/secure.gravatar.com\/avatar\/3ea2118a5f7dad2b7138b1187a6b7ee55f160b9968b66013c3a3ef39dd7e5798?s=96&d=mm&r=g","url":"https:\/\/secure.gravatar.com\/avatar\/3ea2118a5f7dad2b7138b1187a6b7ee55f160b9968b66013c3a3ef39dd7e5798?s=96&d=mm&r=g","contentUrl":"https:\/\/secure.gravatar.com\/avatar\/3ea2118a5f7dad2b7138b1187a6b7ee55f160b9968b66013c3a3ef39dd7e5798?s=96&d=mm&r=g","caption":"Jeanette"},"sameAs":["https:\/\/www.eldiario.net\/portal"],"url":"https:\/\/www.eldiario.net\/portal\/author\/jeanette\/"}]}},"_links":{"self":[{"href":"https:\/\/www.eldiario.net\/portal\/wp-json\/wp\/v2\/posts\/161010","targetHints":{"allow":["GET"]}}],"collection":[{"href":"https:\/\/www.eldiario.net\/portal\/wp-json\/wp\/v2\/posts"}],"about":[{"href":"https:\/\/www.eldiario.net\/portal\/wp-json\/wp\/v2\/types\/post"}],"author":[{"embeddable":true,"href":"https:\/\/www.eldiario.net\/portal\/wp-json\/wp\/v2\/users\/1"}],"replies":[{"embeddable":true,"href":"https:\/\/www.eldiario.net\/portal\/wp-json\/wp\/v2\/comments?post=161010"}],"version-history":[{"count":0,"href":"https:\/\/www.eldiario.net\/portal\/wp-json\/wp\/v2\/posts\/161010\/revisions"}],"wp:featuredmedia":[{"embeddable":true,"href":"https:\/\/www.eldiario.net\/portal\/wp-json\/wp\/v2\/media\/161011"}],"wp:attachment":[{"href":"https:\/\/www.eldiario.net\/portal\/wp-json\/wp\/v2\/media?parent=161010"}],"wp:term":[{"taxonomy":"category","embeddable":true,"href":"https:\/\/www.eldiario.net\/portal\/wp-json\/wp\/v2\/categories?post=161010"},{"taxonomy":"post_tag","embeddable":true,"href":"https:\/\/www.eldiario.net\/portal\/wp-json\/wp\/v2\/tags?post=161010"}],"curies":[{"name":"wp","href":"https:\/\/api.w.org\/{rel}","templated":true}]}}