{"id":161007,"date":"2023-06-20T06:25:23","date_gmt":"2023-06-20T10:25:23","guid":{"rendered":"https:\/\/www.eldiario.net\/portal\/?p=161007"},"modified":"2023-06-20T06:25:23","modified_gmt":"2023-06-20T10:25:23","slug":"opositores-cuestionan-campana-electoral-anticipada-de-morales","status":"publish","type":"post","link":"https:\/\/www.eldiario.net\/portal\/2023\/06\/20\/opositores-cuestionan-campana-electoral-anticipada-de-morales\/","title":{"rendered":"Opositores cuestionan campa\u00f1a  electoral anticipada de Morales"},"content":{"rendered":"<p class=\"v1MsoNormal\">Luego del ampliado de las seis federaciones de productores de coca del Chapare, en la que se proclam\u00f3 a Evo Morales como candidato \u00fanico del Movimiento al Socialismo (MAS) para las elecciones generales 2025, el diputado por Comunidad Ciudadana (CC), Alberto Astorga, afirm\u00f3 que la ex autoridad inici\u00f3 una campa\u00f1a anticipada que \u00abest\u00e1 de m\u00e1s\u00bb en la actual coyuntura.<\/p>\n<p class=\"v1MsoNormal\">\u00abLa imagen de Morales est\u00e1 totalmente estigmatizada, no tiene sentido que sea candidato en las elecciones generales de 2025 porque claramente es un personaje que est\u00e1 propiciando actividades irregulares desde el Chapare\u00bb, afirm\u00f3 Astorga en conferencia de prensa.<\/p>\n<p class=\"v1MsoNormal\">Recordando que la fecha para los siguientes comicios presidenciales en el pa\u00eds es a\u00fan lejana, el legislador pace\u00f1o cuestion\u00f3 los constantes intentos por parte del entorno de Morales para \u00abelectoralizar\u00bb innecesariamente el ambiente pol\u00edtico nacional.<\/p>\n<p class=\"v1MsoNormal\">\u00abA estas alturas, en lugar de proclamar a Evo Morales como candidato deber\u00edan nombrarlo patr\u00f3n del Chapare, porque claramente en esta zona se est\u00e1 profundizando la presencia del narcotr\u00e1fico y prueba de ello son los recientes hechos que pr\u00e1cticamente convierten al pa\u00eds en exportador de sustancias controladas\u00bb, dijo.<\/p>\n<p class=\"v1MsoNormal\">El s\u00e1bado, un ampliado de las 6 federaciones del Tr\u00f3pico de Cochabamba proclam\u00f3 a su presidente como candidato \u00fanico del Movimiento al Socialismo para las elecciones 2025.<\/p>\n<p class=\"v1MsoNormal\">En el encuentro, tambi\u00e9n se acus\u00f3 al presidente Luis Arce por supuestamente \u00abderechizar\u00bb al partido azul, adem\u00e1s de responsabilizar a su gabinete \u00aben caso de que le pase algo a Morales\u00bb. \u00abLa derecha puede atentar contra su vida. Ya vemos c\u00f3mo mueren testigos protegidos, interventores y abogados\u00bb, se\u00f1ala un comunicado del MAS.<\/p>\n","protected":false},"excerpt":{"rendered":"<p>Luego del ampliado de las seis federaciones de productores de coca del Chapare, en la que se proclam\u00f3 a Evo Morales como candidato \u00fanico del Movimiento al Socialismo (MAS) para las elecciones generales 2025, el diputado por Comunidad Ciudadana (CC), Alberto Astorga, afirm\u00f3 que la ex autoridad inici\u00f3 una campa\u00f1a anticipada que \u00abest\u00e1 de m\u00e1s\u00bb [&hellip;]<\/p>\n","protected":false},"author":1,"featured_media":161008,"comment_status":"closed","ping_status":"closed","sticky":false,"template":"","format":"standard","meta":{"_acf_changed":false,"footnotes":""},"categories":[14],"tags":[],"class_list":["post-161007","post","type-post","status-publish","format-standard","has-post-thumbnail","category-politica"],"acf":{"antetitulo":""},"yoast_head":"<!-- This site is optimized with the Yoast SEO plugin v28.3 - https:\/\/yoast.com\/product\/yoast-seo-wordpress\/ -->\n<title>Opositores cuestionan campa\u00f1a electoral anticipada de Morales - El Diario - Bolivia<\/title>\n<meta name=\"robots\" content=\"index, follow, max-snippet:-1, max-image-preview:large, max-video-preview:-1\" \/>\n<link rel=\"canonical\" href=\"https:\/\/www.eldiario.net\/portal\/2023\/06\/20\/opositores-cuestionan-campana-electoral-anticipada-de-morales\/\" \/>\n<meta property=\"og:locale\" content=\"es_ES\" \/>\n<meta property=\"og:type\" content=\"article\" \/>\n<meta property=\"og:title\" content=\"Opositores cuestionan campa\u00f1a electoral anticipada de Morales - El Diario - Bolivia\" \/>\n<meta property=\"og:description\" content=\"Luego del ampliado de las seis federaciones de productores de coca del Chapare, en la que se proclam\u00f3 a Evo Morales como candidato \u00fanico del Movimiento al Socialismo (MAS) para las elecciones generales 2025, el diputado por Comunidad Ciudadana (CC), Alberto Astorga, afirm\u00f3 que la ex autoridad inici\u00f3 una campa\u00f1a anticipada que \u00abest\u00e1 de m\u00e1s\u00bb [&hellip;]\" \/>\n<meta property=\"og:url\" content=\"https:\/\/www.eldiario.net\/portal\/2023\/06\/20\/opositores-cuestionan-campana-electoral-anticipada-de-morales\/\" \/>\n<meta property=\"og:site_name\" content=\"El Diario - Bolivia\" \/>\n<meta property=\"article:publisher\" content=\"https:\/\/www.facebook.com\/eldiario.bolivia\/\" \/>\n<meta property=\"article:published_time\" content=\"2023-06-20T10:25:23+00:00\" \/>\n<meta property=\"og:image\" content=\"https:\/\/www.eldiario.net\/portal\/wp-content\/uploads\/2023\/06\/23-ELECTORALIZACION-ASTORGA.jpg\" \/>\n\t<meta property=\"og:image:width\" content=\"1200\" \/>\n\t<meta property=\"og:image:height\" content=\"1018\" \/>\n\t<meta property=\"og:image:type\" content=\"image\/jpeg\" \/>\n<meta name=\"author\" content=\"Jeanette\" \/>\n<meta name=\"twitter:card\" content=\"summary_large_image\" \/>\n<meta name=\"twitter:creator\" content=\"@eldiario_net\" \/>\n<meta name=\"twitter:site\" content=\"@eldiario_net\" \/>\n<meta name=\"twitter:label1\" content=\"Escrito por\" \/>\n\t<meta name=\"twitter:data1\" content=\"Jeanette\" \/>\n\t<meta name=\"twitter:label2\" content=\"Tiempo de lectura\" \/>\n\t<meta name=\"twitter:data2\" content=\"2 minutos\" \/>\n<script type=\"application\/ld+json\" class=\"yoast-schema-graph\">{\"@context\":\"https:\\\/\\\/schema.org\",\"@graph\":[{\"@type\":\"Article\",\"@id\":\"https:\\\/\\\/www.eldiario.net\\\/portal\\\/2023\\\/06\\\/20\\\/opositores-cuestionan-campana-electoral-anticipada-de-morales\\\/#article\",\"isPartOf\":{\"@id\":\"https:\\\/\\\/www.eldiario.net\\\/portal\\\/2023\\\/06\\\/20\\\/opositores-cuestionan-campana-electoral-anticipada-de-morales\\\/\"},\"author\":{\"name\":\"Jeanette\",\"@id\":\"https:\\\/\\\/www.eldiario.net\\\/portal\\\/#\\\/schema\\\/person\\\/f46445640444750d7d753ccd04ae01b7\"},\"headline\":\"Opositores cuestionan campa\u00f1a electoral anticipada de Morales\",\"datePublished\":\"2023-06-20T10:25:23+00:00\",\"mainEntityOfPage\":{\"@id\":\"https:\\\/\\\/www.eldiario.net\\\/portal\\\/2023\\\/06\\\/20\\\/opositores-cuestionan-campana-electoral-anticipada-de-morales\\\/\"},\"wordCount\":280,\"publisher\":{\"@id\":\"https:\\\/\\\/www.eldiario.net\\\/portal\\\/#organization\"},\"image\":{\"@id\":\"https:\\\/\\\/www.eldiario.net\\\/portal\\\/2023\\\/06\\\/20\\\/opositores-cuestionan-campana-electoral-anticipada-de-morales\\\/#primaryimage\"},\"thumbnailUrl\":\"https:\\\/\\\/www.eldiario.net\\\/portal\\\/wp-content\\\/uploads\\\/2023\\\/06\\\/23-ELECTORALIZACION-ASTORGA.jpg\",\"articleSection\":[\"Pol\u00edtica\"],\"inLanguage\":\"es\"},{\"@type\":\"WebPage\",\"@id\":\"https:\\\/\\\/www.eldiario.net\\\/portal\\\/2023\\\/06\\\/20\\\/opositores-cuestionan-campana-electoral-anticipada-de-morales\\\/\",\"url\":\"https:\\\/\\\/www.eldiario.net\\\/portal\\\/2023\\\/06\\\/20\\\/opositores-cuestionan-campana-electoral-anticipada-de-morales\\\/\",\"name\":\"Opositores cuestionan campa\u00f1a electoral anticipada de Morales - El Diario - Bolivia\",\"isPartOf\":{\"@id\":\"https:\\\/\\\/www.eldiario.net\\\/portal\\\/#website\"},\"primaryImageOfPage\":{\"@id\":\"https:\\\/\\\/www.eldiario.net\\\/portal\\\/2023\\\/06\\\/20\\\/opositores-cuestionan-campana-electoral-anticipada-de-morales\\\/#primaryimage\"},\"image\":{\"@id\":\"https:\\\/\\\/www.eldiario.net\\\/portal\\\/2023\\\/06\\\/20\\\/opositores-cuestionan-campana-electoral-anticipada-de-morales\\\/#primaryimage\"},\"thumbnailUrl\":\"https:\\\/\\\/www.eldiario.net\\\/portal\\\/wp-content\\\/uploads\\\/2023\\\/06\\\/23-ELECTORALIZACION-ASTORGA.jpg\",\"datePublished\":\"2023-06-20T10:25:23+00:00\",\"breadcrumb\":{\"@id\":\"https:\\\/\\\/www.eldiario.net\\\/portal\\\/2023\\\/06\\\/20\\\/opositores-cuestionan-campana-electoral-anticipada-de-morales\\\/#breadcrumb\"},\"inLanguage\":\"es\",\"potentialAction\":[{\"@type\":\"ReadAction\",\"target\":[\"https:\\\/\\\/www.eldiario.net\\\/portal\\\/2023\\\/06\\\/20\\\/opositores-cuestionan-campana-electoral-anticipada-de-morales\\\/\"]}]},{\"@type\":\"ImageObject\",\"inLanguage\":\"es\",\"@id\":\"https:\\\/\\\/www.eldiario.net\\\/portal\\\/2023\\\/06\\\/20\\\/opositores-cuestionan-campana-electoral-anticipada-de-morales\\\/#primaryimage\",\"url\":\"https:\\\/\\\/www.eldiario.net\\\/portal\\\/wp-content\\\/uploads\\\/2023\\\/06\\\/23-ELECTORALIZACION-ASTORGA.jpg\",\"contentUrl\":\"https:\\\/\\\/www.eldiario.net\\\/portal\\\/wp-content\\\/uploads\\\/2023\\\/06\\\/23-ELECTORALIZACION-ASTORGA.jpg\",\"width\":1200,\"height\":1018,\"caption\":\"Diputado de Comunidad Ciudadana, Alberto Astorga. CREDITOS \\\/ RRSS\"},{\"@type\":\"BreadcrumbList\",\"@id\":\"https:\\\/\\\/www.eldiario.net\\\/portal\\\/2023\\\/06\\\/20\\\/opositores-cuestionan-campana-electoral-anticipada-de-morales\\\/#breadcrumb\",\"itemListElement\":[{\"@type\":\"ListItem\",\"position\":1,\"name\":\"Portada\",\"item\":\"https:\\\/\\\/www.eldiario.net\\\/portal\\\/\"},{\"@type\":\"ListItem\",\"position\":2,\"name\":\"Opositores cuestionan campa\u00f1a electoral anticipada de Morales\"}]},{\"@type\":\"WebSite\",\"@id\":\"https:\\\/\\\/www.eldiario.net\\\/portal\\\/#website\",\"url\":\"https:\\\/\\\/www.eldiario.net\\\/portal\\\/\",\"name\":\"El Diario - Decano de la prensa nacional\",\"description\":\"El Diario - Decano de la prensa nacional\",\"publisher\":{\"@id\":\"https:\\\/\\\/www.eldiario.net\\\/portal\\\/#organization\"},\"potentialAction\":[{\"@type\":\"SearchAction\",\"target\":{\"@type\":\"EntryPoint\",\"urlTemplate\":\"https:\\\/\\\/www.eldiario.net\\\/portal\\\/?s={search_term_string}\"},\"query-input\":{\"@type\":\"PropertyValueSpecification\",\"valueRequired\":true,\"valueName\":\"search_term_string\"}}],\"inLanguage\":\"es\"},{\"@type\":\"Organization\",\"@id\":\"https:\\\/\\\/www.eldiario.net\\\/portal\\\/#organization\",\"name\":\"El Diario - Decano de la prensa nacional\",\"url\":\"https:\\\/\\\/www.eldiario.net\\\/portal\\\/\",\"logo\":{\"@type\":\"ImageObject\",\"inLanguage\":\"es\",\"@id\":\"https:\\\/\\\/www.eldiario.net\\\/portal\\\/#\\\/schema\\\/logo\\\/image\\\/\",\"url\":\"https:\\\/\\\/www.eldiario.net\\\/portal\\\/wp-content\\\/uploads\\\/2023\\\/07\\\/logo_ED.jpg\",\"contentUrl\":\"https:\\\/\\\/www.eldiario.net\\\/portal\\\/wp-content\\\/uploads\\\/2023\\\/07\\\/logo_ED.jpg\",\"width\":272,\"height\":52,\"caption\":\"El Diario - Decano de la prensa nacional\"},\"image\":{\"@id\":\"https:\\\/\\\/www.eldiario.net\\\/portal\\\/#\\\/schema\\\/logo\\\/image\\\/\"},\"sameAs\":[\"https:\\\/\\\/www.facebook.com\\\/eldiario.bolivia\\\/\",\"https:\\\/\\\/x.com\\\/eldiario_net\"]},{\"@type\":\"Person\",\"@id\":\"https:\\\/\\\/www.eldiario.net\\\/portal\\\/#\\\/schema\\\/person\\\/f46445640444750d7d753ccd04ae01b7\",\"name\":\"Jeanette\",\"image\":{\"@type\":\"ImageObject\",\"inLanguage\":\"es\",\"@id\":\"https:\\\/\\\/secure.gravatar.com\\\/avatar\\\/3ea2118a5f7dad2b7138b1187a6b7ee55f160b9968b66013c3a3ef39dd7e5798?s=96&d=mm&r=g\",\"url\":\"https:\\\/\\\/secure.gravatar.com\\\/avatar\\\/3ea2118a5f7dad2b7138b1187a6b7ee55f160b9968b66013c3a3ef39dd7e5798?s=96&d=mm&r=g\",\"contentUrl\":\"https:\\\/\\\/secure.gravatar.com\\\/avatar\\\/3ea2118a5f7dad2b7138b1187a6b7ee55f160b9968b66013c3a3ef39dd7e5798?s=96&d=mm&r=g\",\"caption\":\"Jeanette\"},\"sameAs\":[\"https:\\\/\\\/www.eldiario.net\\\/portal\"],\"url\":\"https:\\\/\\\/www.eldiario.net\\\/portal\\\/author\\\/jeanette\\\/\"}]}<\/script>\n<!-- \/ Yoast SEO plugin. -->","yoast_head_json":{"title":"Opositores cuestionan campa\u00f1a electoral anticipada de Morales - El Diario - Bolivia","robots":{"index":"index","follow":"follow","max-snippet":"max-snippet:-1","max-image-preview":"max-image-preview:large","max-video-preview":"max-video-preview:-1"},"canonical":"https:\/\/www.eldiario.net\/portal\/2023\/06\/20\/opositores-cuestionan-campana-electoral-anticipada-de-morales\/","og_locale":"es_ES","og_type":"article","og_title":"Opositores cuestionan campa\u00f1a electoral anticipada de Morales - El Diario - Bolivia","og_description":"Luego del ampliado de las seis federaciones de productores de coca del Chapare, en la que se proclam\u00f3 a Evo Morales como candidato \u00fanico del Movimiento al Socialismo (MAS) para las elecciones generales 2025, el diputado por Comunidad Ciudadana (CC), Alberto Astorga, afirm\u00f3 que la ex autoridad inici\u00f3 una campa\u00f1a anticipada que \u00abest\u00e1 de m\u00e1s\u00bb [&hellip;]","og_url":"https:\/\/www.eldiario.net\/portal\/2023\/06\/20\/opositores-cuestionan-campana-electoral-anticipada-de-morales\/","og_site_name":"El Diario - Bolivia","article_publisher":"https:\/\/www.facebook.com\/eldiario.bolivia\/","article_published_time":"2023-06-20T10:25:23+00:00","og_image":[{"width":1200,"height":1018,"url":"https:\/\/www.eldiario.net\/portal\/wp-content\/uploads\/2023\/06\/23-ELECTORALIZACION-ASTORGA.jpg","type":"image\/jpeg"}],"author":"Jeanette","twitter_card":"summary_large_image","twitter_creator":"@eldiario_net","twitter_site":"@eldiario_net","twitter_misc":{"Escrito por":"Jeanette","Tiempo de lectura":"2 minutos"},"schema":{"@context":"https:\/\/schema.org","@graph":[{"@type":"Article","@id":"https:\/\/www.eldiario.net\/portal\/2023\/06\/20\/opositores-cuestionan-campana-electoral-anticipada-de-morales\/#article","isPartOf":{"@id":"https:\/\/www.eldiario.net\/portal\/2023\/06\/20\/opositores-cuestionan-campana-electoral-anticipada-de-morales\/"},"author":{"name":"Jeanette","@id":"https:\/\/www.eldiario.net\/portal\/#\/schema\/person\/f46445640444750d7d753ccd04ae01b7"},"headline":"Opositores cuestionan campa\u00f1a electoral anticipada de Morales","datePublished":"2023-06-20T10:25:23+00:00","mainEntityOfPage":{"@id":"https:\/\/www.eldiario.net\/portal\/2023\/06\/20\/opositores-cuestionan-campana-electoral-anticipada-de-morales\/"},"wordCount":280,"publisher":{"@id":"https:\/\/www.eldiario.net\/portal\/#organization"},"image":{"@id":"https:\/\/www.eldiario.net\/portal\/2023\/06\/20\/opositores-cuestionan-campana-electoral-anticipada-de-morales\/#primaryimage"},"thumbnailUrl":"https:\/\/www.eldiario.net\/portal\/wp-content\/uploads\/2023\/06\/23-ELECTORALIZACION-ASTORGA.jpg","articleSection":["Pol\u00edtica"],"inLanguage":"es"},{"@type":"WebPage","@id":"https:\/\/www.eldiario.net\/portal\/2023\/06\/20\/opositores-cuestionan-campana-electoral-anticipada-de-morales\/","url":"https:\/\/www.eldiario.net\/portal\/2023\/06\/20\/opositores-cuestionan-campana-electoral-anticipada-de-morales\/","name":"Opositores cuestionan campa\u00f1a electoral anticipada de Morales - El Diario - Bolivia","isPartOf":{"@id":"https:\/\/www.eldiario.net\/portal\/#website"},"primaryImageOfPage":{"@id":"https:\/\/www.eldiario.net\/portal\/2023\/06\/20\/opositores-cuestionan-campana-electoral-anticipada-de-morales\/#primaryimage"},"image":{"@id":"https:\/\/www.eldiario.net\/portal\/2023\/06\/20\/opositores-cuestionan-campana-electoral-anticipada-de-morales\/#primaryimage"},"thumbnailUrl":"https:\/\/www.eldiario.net\/portal\/wp-content\/uploads\/2023\/06\/23-ELECTORALIZACION-ASTORGA.jpg","datePublished":"2023-06-20T10:25:23+00:00","breadcrumb":{"@id":"https:\/\/www.eldiario.net\/portal\/2023\/06\/20\/opositores-cuestionan-campana-electoral-anticipada-de-morales\/#breadcrumb"},"inLanguage":"es","potentialAction":[{"@type":"ReadAction","target":["https:\/\/www.eldiario.net\/portal\/2023\/06\/20\/opositores-cuestionan-campana-electoral-anticipada-de-morales\/"]}]},{"@type":"ImageObject","inLanguage":"es","@id":"https:\/\/www.eldiario.net\/portal\/2023\/06\/20\/opositores-cuestionan-campana-electoral-anticipada-de-morales\/#primaryimage","url":"https:\/\/www.eldiario.net\/portal\/wp-content\/uploads\/2023\/06\/23-ELECTORALIZACION-ASTORGA.jpg","contentUrl":"https:\/\/www.eldiario.net\/portal\/wp-content\/uploads\/2023\/06\/23-ELECTORALIZACION-ASTORGA.jpg","width":1200,"height":1018,"caption":"Diputado de Comunidad Ciudadana, Alberto Astorga. CREDITOS \/ RRSS"},{"@type":"BreadcrumbList","@id":"https:\/\/www.eldiario.net\/portal\/2023\/06\/20\/opositores-cuestionan-campana-electoral-anticipada-de-morales\/#breadcrumb","itemListElement":[{"@type":"ListItem","position":1,"name":"Portada","item":"https:\/\/www.eldiario.net\/portal\/"},{"@type":"ListItem","position":2,"name":"Opositores cuestionan campa\u00f1a electoral anticipada de Morales"}]},{"@type":"WebSite","@id":"https:\/\/www.eldiario.net\/portal\/#website","url":"https:\/\/www.eldiario.net\/portal\/","name":"El Diario - Decano de la prensa nacional","description":"El Diario - Decano de la prensa nacional","publisher":{"@id":"https:\/\/www.eldiario.net\/portal\/#organization"},"potentialAction":[{"@type":"SearchAction","target":{"@type":"EntryPoint","urlTemplate":"https:\/\/www.eldiario.net\/portal\/?s={search_term_string}"},"query-input":{"@type":"PropertyValueSpecification","valueRequired":true,"valueName":"search_term_string"}}],"inLanguage":"es"},{"@type":"Organization","@id":"https:\/\/www.eldiario.net\/portal\/#organization","name":"El Diario - Decano de la prensa nacional","url":"https:\/\/www.eldiario.net\/portal\/","logo":{"@type":"ImageObject","inLanguage":"es","@id":"https:\/\/www.eldiario.net\/portal\/#\/schema\/logo\/image\/","url":"https:\/\/www.eldiario.net\/portal\/wp-content\/uploads\/2023\/07\/logo_ED.jpg","contentUrl":"https:\/\/www.eldiario.net\/portal\/wp-content\/uploads\/2023\/07\/logo_ED.jpg","width":272,"height":52,"caption":"El Diario - Decano de la prensa nacional"},"image":{"@id":"https:\/\/www.eldiario.net\/portal\/#\/schema\/logo\/image\/"},"sameAs":["https:\/\/www.facebook.com\/eldiario.bolivia\/","https:\/\/x.com\/eldiario_net"]},{"@type":"Person","@id":"https:\/\/www.eldiario.net\/portal\/#\/schema\/person\/f46445640444750d7d753ccd04ae01b7","name":"Jeanette","image":{"@type":"ImageObject","inLanguage":"es","@id":"https:\/\/secure.gravatar.com\/avatar\/3ea2118a5f7dad2b7138b1187a6b7ee55f160b9968b66013c3a3ef39dd7e5798?s=96&d=mm&r=g","url":"https:\/\/secure.gravatar.com\/avatar\/3ea2118a5f7dad2b7138b1187a6b7ee55f160b9968b66013c3a3ef39dd7e5798?s=96&d=mm&r=g","contentUrl":"https:\/\/secure.gravatar.com\/avatar\/3ea2118a5f7dad2b7138b1187a6b7ee55f160b9968b66013c3a3ef39dd7e5798?s=96&d=mm&r=g","caption":"Jeanette"},"sameAs":["https:\/\/www.eldiario.net\/portal"],"url":"https:\/\/www.eldiario.net\/portal\/author\/jeanette\/"}]}},"_links":{"self":[{"href":"https:\/\/www.eldiario.net\/portal\/wp-json\/wp\/v2\/posts\/161007","targetHints":{"allow":["GET"]}}],"collection":[{"href":"https:\/\/www.eldiario.net\/portal\/wp-json\/wp\/v2\/posts"}],"about":[{"href":"https:\/\/www.eldiario.net\/portal\/wp-json\/wp\/v2\/types\/post"}],"author":[{"embeddable":true,"href":"https:\/\/www.eldiario.net\/portal\/wp-json\/wp\/v2\/users\/1"}],"replies":[{"embeddable":true,"href":"https:\/\/www.eldiario.net\/portal\/wp-json\/wp\/v2\/comments?post=161007"}],"version-history":[{"count":0,"href":"https:\/\/www.eldiario.net\/portal\/wp-json\/wp\/v2\/posts\/161007\/revisions"}],"wp:featuredmedia":[{"embeddable":true,"href":"https:\/\/www.eldiario.net\/portal\/wp-json\/wp\/v2\/media\/161008"}],"wp:attachment":[{"href":"https:\/\/www.eldiario.net\/portal\/wp-json\/wp\/v2\/media?parent=161007"}],"wp:term":[{"taxonomy":"category","embeddable":true,"href":"https:\/\/www.eldiario.net\/portal\/wp-json\/wp\/v2\/categories?post=161007"},{"taxonomy":"post_tag","embeddable":true,"href":"https:\/\/www.eldiario.net\/portal\/wp-json\/wp\/v2\/tags?post=161007"}],"curies":[{"name":"wp","href":"https:\/\/api.w.org\/{rel}","templated":true}]}}