{"id":161004,"date":"2023-06-20T06:24:32","date_gmt":"2023-06-20T10:24:32","guid":{"rendered":"https:\/\/www.eldiario.net\/portal\/?p=161004"},"modified":"2023-06-20T06:24:32","modified_gmt":"2023-06-20T10:24:32","slug":"diputado-afirma-que-sanchez-de-lozada-nunca-entendio-a-bolivia","status":"publish","type":"post","link":"https:\/\/www.eldiario.net\/portal\/2023\/06\/20\/diputado-afirma-que-sanchez-de-lozada-nunca-entendio-a-bolivia\/","title":{"rendered":"Diputado afirma que S\u00e1nchez de  Lozada nunca entendi\u00f3 a Bolivia"},"content":{"rendered":"<p class=\"v1MsoNormal\">Asegurando que la propuesta sobre una nueva Constituci\u00f3n Pol\u00edtica del Estado (CPE) para implementar la figura de un plenipotenciario y volver al centralismo es un retroceso que no responde a los intereses reales de la poblaci\u00f3n, el diputado por Creemos, Walthy Eg\u00fcez, se\u00f1al\u00f3 que el expresidente Gonzalo S\u00e1nchez de Lozada nunca entendi\u00f3 a Bolivia y su repentina aparici\u00f3n exhibi\u00f3 que desconoce la realidad del pa\u00eds.<\/p>\n<p class=\"v1MsoNormal\">\u00abSi genuinamente quiere ayudar, le hace falta cerrar la boca otros 20 a\u00f1os. Aparece abriendo una cortina de humo en favor del gobierno para que se hable de una nueva Constituci\u00f3n, pero no de los verdaderos problemas del pa\u00eds, que son la falta de combustible, de d\u00f3lares, la falta de empleo, la corrupci\u00f3n. Plantea otra arista que nos hace ver que no entiende al pueblo boliviano o que no lo entendi\u00f3 nunca\u00bb, sostuvo Eg\u00fcez.<\/p>\n<p class=\"v1MsoNormal\">A tiempo de rechazar la figura de un \u00abPlenipotenciario\u00bb como operador pol\u00edtico para resolver discrepancias en el escenario de la Asamblea Legislativa, hecho que adem\u00e1s desacredita al primer Poder del Estado, el legislador cruce\u00f1o cuestiono los planteamientos por una nueva reconfiguraci\u00f3n de la estructura estatal, ya que no es respuesta a las exigencias b\u00e1sicas de la poblaci\u00f3n.<\/p>\n<p class=\"v1MsoNormal\">Eg\u00fcez, se\u00f1al\u00f3 que las discrepancias internas del MAS por el liderazgo de su instrumento pol\u00edtico y la aparici\u00f3n de S\u00e1nchez de Lozada, que aparejan la prematura electrolizaci\u00f3n nacional, distrae al Gobierno en su responsabilidad de responder por la corrupci\u00f3n en el Ejecutivo, la falta de combustible, la falta de divisas para las importaciones y falta de empleo frente al crecimiento del aparato estatal.<\/p>\n","protected":false},"excerpt":{"rendered":"<p>Asegurando que la propuesta sobre una nueva Constituci\u00f3n Pol\u00edtica del Estado (CPE) para implementar la figura de un plenipotenciario y volver al centralismo es un retroceso que no responde a los intereses reales de la poblaci\u00f3n, el diputado por Creemos, Walthy Eg\u00fcez, se\u00f1al\u00f3 que el expresidente Gonzalo S\u00e1nchez de Lozada nunca entendi\u00f3 a Bolivia y [&hellip;]<\/p>\n","protected":false},"author":1,"featured_media":161005,"comment_status":"closed","ping_status":"closed","sticky":false,"template":"","format":"standard","meta":{"_acf_changed":false,"footnotes":""},"categories":[14],"tags":[],"class_list":["post-161004","post","type-post","status-publish","format-standard","has-post-thumbnail","category-politica"],"acf":{"antetitulo":""},"yoast_head":"<!-- This site is optimized with the Yoast SEO plugin v28.3 - https:\/\/yoast.com\/product\/yoast-seo-wordpress\/ -->\n<title>Diputado afirma que S\u00e1nchez de Lozada nunca entendi\u00f3 a Bolivia - El Diario - Bolivia<\/title>\n<meta name=\"robots\" content=\"index, follow, max-snippet:-1, max-image-preview:large, max-video-preview:-1\" \/>\n<link rel=\"canonical\" href=\"https:\/\/www.eldiario.net\/portal\/2023\/06\/20\/diputado-afirma-que-sanchez-de-lozada-nunca-entendio-a-bolivia\/\" \/>\n<meta property=\"og:locale\" content=\"es_ES\" \/>\n<meta property=\"og:type\" content=\"article\" \/>\n<meta property=\"og:title\" content=\"Diputado afirma que S\u00e1nchez de Lozada nunca entendi\u00f3 a Bolivia - El Diario - Bolivia\" \/>\n<meta property=\"og:description\" content=\"Asegurando que la propuesta sobre una nueva Constituci\u00f3n Pol\u00edtica del Estado (CPE) para implementar la figura de un plenipotenciario y volver al centralismo es un retroceso que no responde a los intereses reales de la poblaci\u00f3n, el diputado por Creemos, Walthy Eg\u00fcez, se\u00f1al\u00f3 que el expresidente Gonzalo S\u00e1nchez de Lozada nunca entendi\u00f3 a Bolivia y [&hellip;]\" \/>\n<meta property=\"og:url\" content=\"https:\/\/www.eldiario.net\/portal\/2023\/06\/20\/diputado-afirma-que-sanchez-de-lozada-nunca-entendio-a-bolivia\/\" \/>\n<meta property=\"og:site_name\" content=\"El Diario - Bolivia\" \/>\n<meta property=\"article:publisher\" content=\"https:\/\/www.facebook.com\/eldiario.bolivia\/\" \/>\n<meta property=\"article:published_time\" content=\"2023-06-20T10:24:32+00:00\" \/>\n<meta property=\"og:image\" content=\"https:\/\/www.eldiario.net\/portal\/wp-content\/uploads\/2023\/06\/24-ENTENDER-EGUEZ.jpg\" \/>\n\t<meta property=\"og:image:width\" content=\"1600\" \/>\n\t<meta property=\"og:image:height\" content=\"1200\" \/>\n\t<meta property=\"og:image:type\" content=\"image\/jpeg\" \/>\n<meta name=\"author\" content=\"Jeanette\" \/>\n<meta name=\"twitter:card\" content=\"summary_large_image\" \/>\n<meta name=\"twitter:creator\" content=\"@eldiario_net\" \/>\n<meta name=\"twitter:site\" content=\"@eldiario_net\" \/>\n<meta name=\"twitter:label1\" content=\"Escrito por\" \/>\n\t<meta name=\"twitter:data1\" content=\"Jeanette\" \/>\n\t<meta name=\"twitter:label2\" content=\"Tiempo de lectura\" \/>\n\t<meta name=\"twitter:data2\" content=\"2 minutos\" \/>\n<script type=\"application\/ld+json\" class=\"yoast-schema-graph\">{\"@context\":\"https:\\\/\\\/schema.org\",\"@graph\":[{\"@type\":\"Article\",\"@id\":\"https:\\\/\\\/www.eldiario.net\\\/portal\\\/2023\\\/06\\\/20\\\/diputado-afirma-que-sanchez-de-lozada-nunca-entendio-a-bolivia\\\/#article\",\"isPartOf\":{\"@id\":\"https:\\\/\\\/www.eldiario.net\\\/portal\\\/2023\\\/06\\\/20\\\/diputado-afirma-que-sanchez-de-lozada-nunca-entendio-a-bolivia\\\/\"},\"author\":{\"name\":\"Jeanette\",\"@id\":\"https:\\\/\\\/www.eldiario.net\\\/portal\\\/#\\\/schema\\\/person\\\/f46445640444750d7d753ccd04ae01b7\"},\"headline\":\"Diputado afirma que S\u00e1nchez de Lozada nunca entendi\u00f3 a Bolivia\",\"datePublished\":\"2023-06-20T10:24:32+00:00\",\"mainEntityOfPage\":{\"@id\":\"https:\\\/\\\/www.eldiario.net\\\/portal\\\/2023\\\/06\\\/20\\\/diputado-afirma-que-sanchez-de-lozada-nunca-entendio-a-bolivia\\\/\"},\"wordCount\":296,\"publisher\":{\"@id\":\"https:\\\/\\\/www.eldiario.net\\\/portal\\\/#organization\"},\"image\":{\"@id\":\"https:\\\/\\\/www.eldiario.net\\\/portal\\\/2023\\\/06\\\/20\\\/diputado-afirma-que-sanchez-de-lozada-nunca-entendio-a-bolivia\\\/#primaryimage\"},\"thumbnailUrl\":\"https:\\\/\\\/www.eldiario.net\\\/portal\\\/wp-content\\\/uploads\\\/2023\\\/06\\\/24-ENTENDER-EGUEZ.jpg\",\"articleSection\":[\"Pol\u00edtica\"],\"inLanguage\":\"es\"},{\"@type\":\"WebPage\",\"@id\":\"https:\\\/\\\/www.eldiario.net\\\/portal\\\/2023\\\/06\\\/20\\\/diputado-afirma-que-sanchez-de-lozada-nunca-entendio-a-bolivia\\\/\",\"url\":\"https:\\\/\\\/www.eldiario.net\\\/portal\\\/2023\\\/06\\\/20\\\/diputado-afirma-que-sanchez-de-lozada-nunca-entendio-a-bolivia\\\/\",\"name\":\"Diputado afirma que S\u00e1nchez de Lozada nunca entendi\u00f3 a Bolivia - El Diario - Bolivia\",\"isPartOf\":{\"@id\":\"https:\\\/\\\/www.eldiario.net\\\/portal\\\/#website\"},\"primaryImageOfPage\":{\"@id\":\"https:\\\/\\\/www.eldiario.net\\\/portal\\\/2023\\\/06\\\/20\\\/diputado-afirma-que-sanchez-de-lozada-nunca-entendio-a-bolivia\\\/#primaryimage\"},\"image\":{\"@id\":\"https:\\\/\\\/www.eldiario.net\\\/portal\\\/2023\\\/06\\\/20\\\/diputado-afirma-que-sanchez-de-lozada-nunca-entendio-a-bolivia\\\/#primaryimage\"},\"thumbnailUrl\":\"https:\\\/\\\/www.eldiario.net\\\/portal\\\/wp-content\\\/uploads\\\/2023\\\/06\\\/24-ENTENDER-EGUEZ.jpg\",\"datePublished\":\"2023-06-20T10:24:32+00:00\",\"breadcrumb\":{\"@id\":\"https:\\\/\\\/www.eldiario.net\\\/portal\\\/2023\\\/06\\\/20\\\/diputado-afirma-que-sanchez-de-lozada-nunca-entendio-a-bolivia\\\/#breadcrumb\"},\"inLanguage\":\"es\",\"potentialAction\":[{\"@type\":\"ReadAction\",\"target\":[\"https:\\\/\\\/www.eldiario.net\\\/portal\\\/2023\\\/06\\\/20\\\/diputado-afirma-que-sanchez-de-lozada-nunca-entendio-a-bolivia\\\/\"]}]},{\"@type\":\"ImageObject\",\"inLanguage\":\"es\",\"@id\":\"https:\\\/\\\/www.eldiario.net\\\/portal\\\/2023\\\/06\\\/20\\\/diputado-afirma-que-sanchez-de-lozada-nunca-entendio-a-bolivia\\\/#primaryimage\",\"url\":\"https:\\\/\\\/www.eldiario.net\\\/portal\\\/wp-content\\\/uploads\\\/2023\\\/06\\\/24-ENTENDER-EGUEZ.jpg\",\"contentUrl\":\"https:\\\/\\\/www.eldiario.net\\\/portal\\\/wp-content\\\/uploads\\\/2023\\\/06\\\/24-ENTENDER-EGUEZ.jpg\",\"width\":1600,\"height\":1200,\"caption\":\"Diputado de Creemos, Walthy Eg\u00fcez. CREDITOS \\\/ RRSS\"},{\"@type\":\"BreadcrumbList\",\"@id\":\"https:\\\/\\\/www.eldiario.net\\\/portal\\\/2023\\\/06\\\/20\\\/diputado-afirma-que-sanchez-de-lozada-nunca-entendio-a-bolivia\\\/#breadcrumb\",\"itemListElement\":[{\"@type\":\"ListItem\",\"position\":1,\"name\":\"Portada\",\"item\":\"https:\\\/\\\/www.eldiario.net\\\/portal\\\/\"},{\"@type\":\"ListItem\",\"position\":2,\"name\":\"Diputado afirma que S\u00e1nchez de Lozada nunca entendi\u00f3 a Bolivia\"}]},{\"@type\":\"WebSite\",\"@id\":\"https:\\\/\\\/www.eldiario.net\\\/portal\\\/#website\",\"url\":\"https:\\\/\\\/www.eldiario.net\\\/portal\\\/\",\"name\":\"El Diario - Decano de la prensa nacional\",\"description\":\"El Diario - Decano de la prensa nacional\",\"publisher\":{\"@id\":\"https:\\\/\\\/www.eldiario.net\\\/portal\\\/#organization\"},\"potentialAction\":[{\"@type\":\"SearchAction\",\"target\":{\"@type\":\"EntryPoint\",\"urlTemplate\":\"https:\\\/\\\/www.eldiario.net\\\/portal\\\/?s={search_term_string}\"},\"query-input\":{\"@type\":\"PropertyValueSpecification\",\"valueRequired\":true,\"valueName\":\"search_term_string\"}}],\"inLanguage\":\"es\"},{\"@type\":\"Organization\",\"@id\":\"https:\\\/\\\/www.eldiario.net\\\/portal\\\/#organization\",\"name\":\"El Diario - Decano de la prensa nacional\",\"url\":\"https:\\\/\\\/www.eldiario.net\\\/portal\\\/\",\"logo\":{\"@type\":\"ImageObject\",\"inLanguage\":\"es\",\"@id\":\"https:\\\/\\\/www.eldiario.net\\\/portal\\\/#\\\/schema\\\/logo\\\/image\\\/\",\"url\":\"https:\\\/\\\/www.eldiario.net\\\/portal\\\/wp-content\\\/uploads\\\/2023\\\/07\\\/logo_ED.jpg\",\"contentUrl\":\"https:\\\/\\\/www.eldiario.net\\\/portal\\\/wp-content\\\/uploads\\\/2023\\\/07\\\/logo_ED.jpg\",\"width\":272,\"height\":52,\"caption\":\"El Diario - Decano de la prensa nacional\"},\"image\":{\"@id\":\"https:\\\/\\\/www.eldiario.net\\\/portal\\\/#\\\/schema\\\/logo\\\/image\\\/\"},\"sameAs\":[\"https:\\\/\\\/www.facebook.com\\\/eldiario.bolivia\\\/\",\"https:\\\/\\\/x.com\\\/eldiario_net\"]},{\"@type\":\"Person\",\"@id\":\"https:\\\/\\\/www.eldiario.net\\\/portal\\\/#\\\/schema\\\/person\\\/f46445640444750d7d753ccd04ae01b7\",\"name\":\"Jeanette\",\"image\":{\"@type\":\"ImageObject\",\"inLanguage\":\"es\",\"@id\":\"https:\\\/\\\/secure.gravatar.com\\\/avatar\\\/3ea2118a5f7dad2b7138b1187a6b7ee55f160b9968b66013c3a3ef39dd7e5798?s=96&d=mm&r=g\",\"url\":\"https:\\\/\\\/secure.gravatar.com\\\/avatar\\\/3ea2118a5f7dad2b7138b1187a6b7ee55f160b9968b66013c3a3ef39dd7e5798?s=96&d=mm&r=g\",\"contentUrl\":\"https:\\\/\\\/secure.gravatar.com\\\/avatar\\\/3ea2118a5f7dad2b7138b1187a6b7ee55f160b9968b66013c3a3ef39dd7e5798?s=96&d=mm&r=g\",\"caption\":\"Jeanette\"},\"sameAs\":[\"https:\\\/\\\/www.eldiario.net\\\/portal\"],\"url\":\"https:\\\/\\\/www.eldiario.net\\\/portal\\\/author\\\/jeanette\\\/\"}]}<\/script>\n<!-- \/ Yoast SEO plugin. -->","yoast_head_json":{"title":"Diputado afirma que S\u00e1nchez de Lozada nunca entendi\u00f3 a Bolivia - El Diario - Bolivia","robots":{"index":"index","follow":"follow","max-snippet":"max-snippet:-1","max-image-preview":"max-image-preview:large","max-video-preview":"max-video-preview:-1"},"canonical":"https:\/\/www.eldiario.net\/portal\/2023\/06\/20\/diputado-afirma-que-sanchez-de-lozada-nunca-entendio-a-bolivia\/","og_locale":"es_ES","og_type":"article","og_title":"Diputado afirma que S\u00e1nchez de Lozada nunca entendi\u00f3 a Bolivia - El Diario - Bolivia","og_description":"Asegurando que la propuesta sobre una nueva Constituci\u00f3n Pol\u00edtica del Estado (CPE) para implementar la figura de un plenipotenciario y volver al centralismo es un retroceso que no responde a los intereses reales de la poblaci\u00f3n, el diputado por Creemos, Walthy Eg\u00fcez, se\u00f1al\u00f3 que el expresidente Gonzalo S\u00e1nchez de Lozada nunca entendi\u00f3 a Bolivia y [&hellip;]","og_url":"https:\/\/www.eldiario.net\/portal\/2023\/06\/20\/diputado-afirma-que-sanchez-de-lozada-nunca-entendio-a-bolivia\/","og_site_name":"El Diario - Bolivia","article_publisher":"https:\/\/www.facebook.com\/eldiario.bolivia\/","article_published_time":"2023-06-20T10:24:32+00:00","og_image":[{"width":1600,"height":1200,"url":"https:\/\/www.eldiario.net\/portal\/wp-content\/uploads\/2023\/06\/24-ENTENDER-EGUEZ.jpg","type":"image\/jpeg"}],"author":"Jeanette","twitter_card":"summary_large_image","twitter_creator":"@eldiario_net","twitter_site":"@eldiario_net","twitter_misc":{"Escrito por":"Jeanette","Tiempo de lectura":"2 minutos"},"schema":{"@context":"https:\/\/schema.org","@graph":[{"@type":"Article","@id":"https:\/\/www.eldiario.net\/portal\/2023\/06\/20\/diputado-afirma-que-sanchez-de-lozada-nunca-entendio-a-bolivia\/#article","isPartOf":{"@id":"https:\/\/www.eldiario.net\/portal\/2023\/06\/20\/diputado-afirma-que-sanchez-de-lozada-nunca-entendio-a-bolivia\/"},"author":{"name":"Jeanette","@id":"https:\/\/www.eldiario.net\/portal\/#\/schema\/person\/f46445640444750d7d753ccd04ae01b7"},"headline":"Diputado afirma que S\u00e1nchez de Lozada nunca entendi\u00f3 a Bolivia","datePublished":"2023-06-20T10:24:32+00:00","mainEntityOfPage":{"@id":"https:\/\/www.eldiario.net\/portal\/2023\/06\/20\/diputado-afirma-que-sanchez-de-lozada-nunca-entendio-a-bolivia\/"},"wordCount":296,"publisher":{"@id":"https:\/\/www.eldiario.net\/portal\/#organization"},"image":{"@id":"https:\/\/www.eldiario.net\/portal\/2023\/06\/20\/diputado-afirma-que-sanchez-de-lozada-nunca-entendio-a-bolivia\/#primaryimage"},"thumbnailUrl":"https:\/\/www.eldiario.net\/portal\/wp-content\/uploads\/2023\/06\/24-ENTENDER-EGUEZ.jpg","articleSection":["Pol\u00edtica"],"inLanguage":"es"},{"@type":"WebPage","@id":"https:\/\/www.eldiario.net\/portal\/2023\/06\/20\/diputado-afirma-que-sanchez-de-lozada-nunca-entendio-a-bolivia\/","url":"https:\/\/www.eldiario.net\/portal\/2023\/06\/20\/diputado-afirma-que-sanchez-de-lozada-nunca-entendio-a-bolivia\/","name":"Diputado afirma que S\u00e1nchez de Lozada nunca entendi\u00f3 a Bolivia - El Diario - Bolivia","isPartOf":{"@id":"https:\/\/www.eldiario.net\/portal\/#website"},"primaryImageOfPage":{"@id":"https:\/\/www.eldiario.net\/portal\/2023\/06\/20\/diputado-afirma-que-sanchez-de-lozada-nunca-entendio-a-bolivia\/#primaryimage"},"image":{"@id":"https:\/\/www.eldiario.net\/portal\/2023\/06\/20\/diputado-afirma-que-sanchez-de-lozada-nunca-entendio-a-bolivia\/#primaryimage"},"thumbnailUrl":"https:\/\/www.eldiario.net\/portal\/wp-content\/uploads\/2023\/06\/24-ENTENDER-EGUEZ.jpg","datePublished":"2023-06-20T10:24:32+00:00","breadcrumb":{"@id":"https:\/\/www.eldiario.net\/portal\/2023\/06\/20\/diputado-afirma-que-sanchez-de-lozada-nunca-entendio-a-bolivia\/#breadcrumb"},"inLanguage":"es","potentialAction":[{"@type":"ReadAction","target":["https:\/\/www.eldiario.net\/portal\/2023\/06\/20\/diputado-afirma-que-sanchez-de-lozada-nunca-entendio-a-bolivia\/"]}]},{"@type":"ImageObject","inLanguage":"es","@id":"https:\/\/www.eldiario.net\/portal\/2023\/06\/20\/diputado-afirma-que-sanchez-de-lozada-nunca-entendio-a-bolivia\/#primaryimage","url":"https:\/\/www.eldiario.net\/portal\/wp-content\/uploads\/2023\/06\/24-ENTENDER-EGUEZ.jpg","contentUrl":"https:\/\/www.eldiario.net\/portal\/wp-content\/uploads\/2023\/06\/24-ENTENDER-EGUEZ.jpg","width":1600,"height":1200,"caption":"Diputado de Creemos, Walthy Eg\u00fcez. CREDITOS \/ RRSS"},{"@type":"BreadcrumbList","@id":"https:\/\/www.eldiario.net\/portal\/2023\/06\/20\/diputado-afirma-que-sanchez-de-lozada-nunca-entendio-a-bolivia\/#breadcrumb","itemListElement":[{"@type":"ListItem","position":1,"name":"Portada","item":"https:\/\/www.eldiario.net\/portal\/"},{"@type":"ListItem","position":2,"name":"Diputado afirma que S\u00e1nchez de Lozada nunca entendi\u00f3 a Bolivia"}]},{"@type":"WebSite","@id":"https:\/\/www.eldiario.net\/portal\/#website","url":"https:\/\/www.eldiario.net\/portal\/","name":"El Diario - Decano de la prensa nacional","description":"El Diario - Decano de la prensa nacional","publisher":{"@id":"https:\/\/www.eldiario.net\/portal\/#organization"},"potentialAction":[{"@type":"SearchAction","target":{"@type":"EntryPoint","urlTemplate":"https:\/\/www.eldiario.net\/portal\/?s={search_term_string}"},"query-input":{"@type":"PropertyValueSpecification","valueRequired":true,"valueName":"search_term_string"}}],"inLanguage":"es"},{"@type":"Organization","@id":"https:\/\/www.eldiario.net\/portal\/#organization","name":"El Diario - Decano de la prensa nacional","url":"https:\/\/www.eldiario.net\/portal\/","logo":{"@type":"ImageObject","inLanguage":"es","@id":"https:\/\/www.eldiario.net\/portal\/#\/schema\/logo\/image\/","url":"https:\/\/www.eldiario.net\/portal\/wp-content\/uploads\/2023\/07\/logo_ED.jpg","contentUrl":"https:\/\/www.eldiario.net\/portal\/wp-content\/uploads\/2023\/07\/logo_ED.jpg","width":272,"height":52,"caption":"El Diario - Decano de la prensa nacional"},"image":{"@id":"https:\/\/www.eldiario.net\/portal\/#\/schema\/logo\/image\/"},"sameAs":["https:\/\/www.facebook.com\/eldiario.bolivia\/","https:\/\/x.com\/eldiario_net"]},{"@type":"Person","@id":"https:\/\/www.eldiario.net\/portal\/#\/schema\/person\/f46445640444750d7d753ccd04ae01b7","name":"Jeanette","image":{"@type":"ImageObject","inLanguage":"es","@id":"https:\/\/secure.gravatar.com\/avatar\/3ea2118a5f7dad2b7138b1187a6b7ee55f160b9968b66013c3a3ef39dd7e5798?s=96&d=mm&r=g","url":"https:\/\/secure.gravatar.com\/avatar\/3ea2118a5f7dad2b7138b1187a6b7ee55f160b9968b66013c3a3ef39dd7e5798?s=96&d=mm&r=g","contentUrl":"https:\/\/secure.gravatar.com\/avatar\/3ea2118a5f7dad2b7138b1187a6b7ee55f160b9968b66013c3a3ef39dd7e5798?s=96&d=mm&r=g","caption":"Jeanette"},"sameAs":["https:\/\/www.eldiario.net\/portal"],"url":"https:\/\/www.eldiario.net\/portal\/author\/jeanette\/"}]}},"_links":{"self":[{"href":"https:\/\/www.eldiario.net\/portal\/wp-json\/wp\/v2\/posts\/161004","targetHints":{"allow":["GET"]}}],"collection":[{"href":"https:\/\/www.eldiario.net\/portal\/wp-json\/wp\/v2\/posts"}],"about":[{"href":"https:\/\/www.eldiario.net\/portal\/wp-json\/wp\/v2\/types\/post"}],"author":[{"embeddable":true,"href":"https:\/\/www.eldiario.net\/portal\/wp-json\/wp\/v2\/users\/1"}],"replies":[{"embeddable":true,"href":"https:\/\/www.eldiario.net\/portal\/wp-json\/wp\/v2\/comments?post=161004"}],"version-history":[{"count":0,"href":"https:\/\/www.eldiario.net\/portal\/wp-json\/wp\/v2\/posts\/161004\/revisions"}],"wp:featuredmedia":[{"embeddable":true,"href":"https:\/\/www.eldiario.net\/portal\/wp-json\/wp\/v2\/media\/161005"}],"wp:attachment":[{"href":"https:\/\/www.eldiario.net\/portal\/wp-json\/wp\/v2\/media?parent=161004"}],"wp:term":[{"taxonomy":"category","embeddable":true,"href":"https:\/\/www.eldiario.net\/portal\/wp-json\/wp\/v2\/categories?post=161004"},{"taxonomy":"post_tag","embeddable":true,"href":"https:\/\/www.eldiario.net\/portal\/wp-json\/wp\/v2\/tags?post=161004"}],"curies":[{"name":"wp","href":"https:\/\/api.w.org\/{rel}","templated":true}]}}