{"id":161001,"date":"2023-06-20T06:19:53","date_gmt":"2023-06-20T10:19:53","guid":{"rendered":"https:\/\/www.eldiario.net\/portal\/?p=161001"},"modified":"2023-06-20T06:19:53","modified_gmt":"2023-06-20T10:19:53","slug":"la-actualizacion-cartografica-llego-al-97-a-nivel-nacional","status":"publish","type":"post","link":"https:\/\/www.eldiario.net\/portal\/2023\/06\/20\/la-actualizacion-cartografica-llego-al-97-a-nivel-nacional\/","title":{"rendered":"La actualizaci\u00f3n cartogr\u00e1fica  lleg\u00f3 al 97% a nivel nacional"},"content":{"rendered":"<p class=\"v1MsoNormal\">La Actualizaci\u00f3n Cartogr\u00e1fica Estad\u00edstica (ACE) avanza a paso firme, este lunes se registr\u00f3 un aumento de 96,9%, es decir que solo falta 3,1% para concluir este operativo de campo en el pa\u00eds, inform\u00f3 el director ejecutivo del Instituto Nacional de Estad\u00edstica (INE), Humberto Arandia.<\/p>\n<p class=\"v1MsoNormal\">En conferencia de prensa detall\u00f3 que a nivel departamental, Pando, Beni, Oruro, Chuquisaca y Potos\u00ed ya concluyeron la ACE en un 100% , Tarija tiene un 99,9% se encuentra a solo un paso de completar el operativo, en tanto que La Paz se encuentra con el 98%, Cochabamba con el 94% y Santa Cruz con el 93% de avance.<\/p>\n<p class=\"v1MsoNormal\">Avance ACE en centros poblados y ciudades intermedias Las brigadas de actualizadores contin\u00faan con el operativo de campo en los centros poblados y ciudades intermedias. Es as\u00ed, que Tarija lleg\u00f3 al 99,7%, La Paz alcanz\u00f3 el 97%, Cochabamba se encuentra con un 93,6%, y Santa Cruz registr\u00f3 88,8%.<\/p>\n<p class=\"v1MsoNormal\">Avance de la ACE en \u00e1reas dispersas La ACE avanza en las \u00e1reas dispersas del pa\u00eds, Tarija registr\u00f3 un 99.7%, La Paz 90,1%, Cochabamba lleg\u00f3 al 79,2% y finalmente Santa Cruz registr\u00f3 un 47,8% de avance.<\/p>\n<p class=\"v1MsoNormal\">La ACE es la actividad correspondiente a la etapa pre censal, avanza gracias al trabajo de las brigadas, cada una compuesta por un supervisor y tres actualizadores quienes recorren las comunidades recabando informaci\u00f3n sobre el nombre de la o el jefe de hogar y la cantidad de personas que habitan en cada vivienda.<\/p>\n<p class=\"v1MsoNormal\">Con esta informaci\u00f3n, el INE podr\u00e1 definir el n\u00famero de cuestionarios censales, censistas voluntarios y determinar el lugar donde el censista har\u00e1 su trabajo, datos \u00fatiles para organizar el Censo de Poblaci\u00f3n y Vivienda (CPV) a realizarse el 23 de marzo de 2024. A trav\u00e9s de este trabajo de campo tambi\u00e9n se actualiza el n\u00famero de viviendas ocupadas, desocupadas y colectivas y tambi\u00e9n de los nombres propios de lugares de la cartograf\u00eda existente, georreferenciado (colocando coordenadas) todas las viviendas. (Br\u00fajula Digital)<\/p>\n","protected":false},"excerpt":{"rendered":"<p>La Actualizaci\u00f3n Cartogr\u00e1fica Estad\u00edstica (ACE) avanza a paso firme, este lunes se registr\u00f3 un aumento de 96,9%, es decir que solo falta 3,1% para concluir este operativo de campo en el pa\u00eds, inform\u00f3 el director ejecutivo del Instituto Nacional de Estad\u00edstica (INE), Humberto Arandia. En conferencia de prensa detall\u00f3 que a nivel departamental, Pando, Beni, [&hellip;]<\/p>\n","protected":false},"author":1,"featured_media":161002,"comment_status":"closed","ping_status":"closed","sticky":false,"template":"","format":"standard","meta":{"_acf_changed":false,"footnotes":""},"categories":[7],"tags":[],"class_list":["post-161001","post","type-post","status-publish","format-standard","has-post-thumbnail","category-economia"],"acf":{"antetitulo":""},"yoast_head":"<!-- This site is optimized with the Yoast SEO plugin v28.3 - https:\/\/yoast.com\/product\/yoast-seo-wordpress\/ -->\n<title>La actualizaci\u00f3n cartogr\u00e1fica lleg\u00f3 al 97% a nivel nacional - El Diario - Bolivia<\/title>\n<meta name=\"robots\" content=\"index, follow, max-snippet:-1, max-image-preview:large, max-video-preview:-1\" \/>\n<link rel=\"canonical\" href=\"https:\/\/www.eldiario.net\/portal\/2023\/06\/20\/la-actualizacion-cartografica-llego-al-97-a-nivel-nacional\/\" \/>\n<meta property=\"og:locale\" content=\"es_ES\" \/>\n<meta property=\"og:type\" content=\"article\" \/>\n<meta property=\"og:title\" content=\"La actualizaci\u00f3n cartogr\u00e1fica lleg\u00f3 al 97% a nivel nacional - El Diario - Bolivia\" \/>\n<meta property=\"og:description\" content=\"La Actualizaci\u00f3n Cartogr\u00e1fica Estad\u00edstica (ACE) avanza a paso firme, este lunes se registr\u00f3 un aumento de 96,9%, es decir que solo falta 3,1% para concluir este operativo de campo en el pa\u00eds, inform\u00f3 el director ejecutivo del Instituto Nacional de Estad\u00edstica (INE), Humberto Arandia. En conferencia de prensa detall\u00f3 que a nivel departamental, Pando, Beni, [&hellip;]\" \/>\n<meta property=\"og:url\" content=\"https:\/\/www.eldiario.net\/portal\/2023\/06\/20\/la-actualizacion-cartografica-llego-al-97-a-nivel-nacional\/\" \/>\n<meta property=\"og:site_name\" content=\"El Diario - Bolivia\" \/>\n<meta property=\"article:publisher\" content=\"https:\/\/www.facebook.com\/eldiario.bolivia\/\" \/>\n<meta property=\"article:published_time\" content=\"2023-06-20T10:19:53+00:00\" \/>\n<meta property=\"og:image\" content=\"https:\/\/www.eldiario.net\/portal\/wp-content\/uploads\/2023\/06\/21-actualizacion-BD.jpg\" \/>\n\t<meta property=\"og:image:width\" content=\"720\" \/>\n\t<meta property=\"og:image:height\" content=\"399\" \/>\n\t<meta property=\"og:image:type\" content=\"image\/jpeg\" \/>\n<meta name=\"author\" content=\"Jeanette\" \/>\n<meta name=\"twitter:card\" content=\"summary_large_image\" \/>\n<meta name=\"twitter:creator\" content=\"@eldiario_net\" \/>\n<meta name=\"twitter:site\" content=\"@eldiario_net\" \/>\n<meta name=\"twitter:label1\" content=\"Escrito por\" \/>\n\t<meta name=\"twitter:data1\" content=\"Jeanette\" \/>\n\t<meta name=\"twitter:label2\" content=\"Tiempo de lectura\" \/>\n\t<meta name=\"twitter:data2\" content=\"2 minutos\" \/>\n<script type=\"application\/ld+json\" class=\"yoast-schema-graph\">{\"@context\":\"https:\\\/\\\/schema.org\",\"@graph\":[{\"@type\":\"Article\",\"@id\":\"https:\\\/\\\/www.eldiario.net\\\/portal\\\/2023\\\/06\\\/20\\\/la-actualizacion-cartografica-llego-al-97-a-nivel-nacional\\\/#article\",\"isPartOf\":{\"@id\":\"https:\\\/\\\/www.eldiario.net\\\/portal\\\/2023\\\/06\\\/20\\\/la-actualizacion-cartografica-llego-al-97-a-nivel-nacional\\\/\"},\"author\":{\"name\":\"Jeanette\",\"@id\":\"https:\\\/\\\/www.eldiario.net\\\/portal\\\/#\\\/schema\\\/person\\\/f46445640444750d7d753ccd04ae01b7\"},\"headline\":\"La actualizaci\u00f3n cartogr\u00e1fica lleg\u00f3 al 97% a nivel nacional\",\"datePublished\":\"2023-06-20T10:19:53+00:00\",\"mainEntityOfPage\":{\"@id\":\"https:\\\/\\\/www.eldiario.net\\\/portal\\\/2023\\\/06\\\/20\\\/la-actualizacion-cartografica-llego-al-97-a-nivel-nacional\\\/\"},\"wordCount\":330,\"publisher\":{\"@id\":\"https:\\\/\\\/www.eldiario.net\\\/portal\\\/#organization\"},\"image\":{\"@id\":\"https:\\\/\\\/www.eldiario.net\\\/portal\\\/2023\\\/06\\\/20\\\/la-actualizacion-cartografica-llego-al-97-a-nivel-nacional\\\/#primaryimage\"},\"thumbnailUrl\":\"https:\\\/\\\/www.eldiario.net\\\/portal\\\/wp-content\\\/uploads\\\/2023\\\/06\\\/21-actualizacion-BD.jpg\",\"articleSection\":[\"Econom\u00eda\"],\"inLanguage\":\"es\"},{\"@type\":\"WebPage\",\"@id\":\"https:\\\/\\\/www.eldiario.net\\\/portal\\\/2023\\\/06\\\/20\\\/la-actualizacion-cartografica-llego-al-97-a-nivel-nacional\\\/\",\"url\":\"https:\\\/\\\/www.eldiario.net\\\/portal\\\/2023\\\/06\\\/20\\\/la-actualizacion-cartografica-llego-al-97-a-nivel-nacional\\\/\",\"name\":\"La actualizaci\u00f3n cartogr\u00e1fica lleg\u00f3 al 97% a nivel nacional - El Diario - Bolivia\",\"isPartOf\":{\"@id\":\"https:\\\/\\\/www.eldiario.net\\\/portal\\\/#website\"},\"primaryImageOfPage\":{\"@id\":\"https:\\\/\\\/www.eldiario.net\\\/portal\\\/2023\\\/06\\\/20\\\/la-actualizacion-cartografica-llego-al-97-a-nivel-nacional\\\/#primaryimage\"},\"image\":{\"@id\":\"https:\\\/\\\/www.eldiario.net\\\/portal\\\/2023\\\/06\\\/20\\\/la-actualizacion-cartografica-llego-al-97-a-nivel-nacional\\\/#primaryimage\"},\"thumbnailUrl\":\"https:\\\/\\\/www.eldiario.net\\\/portal\\\/wp-content\\\/uploads\\\/2023\\\/06\\\/21-actualizacion-BD.jpg\",\"datePublished\":\"2023-06-20T10:19:53+00:00\",\"breadcrumb\":{\"@id\":\"https:\\\/\\\/www.eldiario.net\\\/portal\\\/2023\\\/06\\\/20\\\/la-actualizacion-cartografica-llego-al-97-a-nivel-nacional\\\/#breadcrumb\"},\"inLanguage\":\"es\",\"potentialAction\":[{\"@type\":\"ReadAction\",\"target\":[\"https:\\\/\\\/www.eldiario.net\\\/portal\\\/2023\\\/06\\\/20\\\/la-actualizacion-cartografica-llego-al-97-a-nivel-nacional\\\/\"]}]},{\"@type\":\"ImageObject\",\"inLanguage\":\"es\",\"@id\":\"https:\\\/\\\/www.eldiario.net\\\/portal\\\/2023\\\/06\\\/20\\\/la-actualizacion-cartografica-llego-al-97-a-nivel-nacional\\\/#primaryimage\",\"url\":\"https:\\\/\\\/www.eldiario.net\\\/portal\\\/wp-content\\\/uploads\\\/2023\\\/06\\\/21-actualizacion-BD.jpg\",\"contentUrl\":\"https:\\\/\\\/www.eldiario.net\\\/portal\\\/wp-content\\\/uploads\\\/2023\\\/06\\\/21-actualizacion-BD.jpg\",\"width\":720,\"height\":399,\"caption\":\"BRIGADAS EN LABOR DE ACTUALIZACI\u00d3N CARTOGR\u00c1FICA.\"},{\"@type\":\"BreadcrumbList\",\"@id\":\"https:\\\/\\\/www.eldiario.net\\\/portal\\\/2023\\\/06\\\/20\\\/la-actualizacion-cartografica-llego-al-97-a-nivel-nacional\\\/#breadcrumb\",\"itemListElement\":[{\"@type\":\"ListItem\",\"position\":1,\"name\":\"Portada\",\"item\":\"https:\\\/\\\/www.eldiario.net\\\/portal\\\/\"},{\"@type\":\"ListItem\",\"position\":2,\"name\":\"La actualizaci\u00f3n cartogr\u00e1fica lleg\u00f3 al 97% a nivel nacional\"}]},{\"@type\":\"WebSite\",\"@id\":\"https:\\\/\\\/www.eldiario.net\\\/portal\\\/#website\",\"url\":\"https:\\\/\\\/www.eldiario.net\\\/portal\\\/\",\"name\":\"El Diario - Decano de la prensa nacional\",\"description\":\"El Diario - Decano de la prensa nacional\",\"publisher\":{\"@id\":\"https:\\\/\\\/www.eldiario.net\\\/portal\\\/#organization\"},\"potentialAction\":[{\"@type\":\"SearchAction\",\"target\":{\"@type\":\"EntryPoint\",\"urlTemplate\":\"https:\\\/\\\/www.eldiario.net\\\/portal\\\/?s={search_term_string}\"},\"query-input\":{\"@type\":\"PropertyValueSpecification\",\"valueRequired\":true,\"valueName\":\"search_term_string\"}}],\"inLanguage\":\"es\"},{\"@type\":\"Organization\",\"@id\":\"https:\\\/\\\/www.eldiario.net\\\/portal\\\/#organization\",\"name\":\"El Diario - Decano de la prensa nacional\",\"url\":\"https:\\\/\\\/www.eldiario.net\\\/portal\\\/\",\"logo\":{\"@type\":\"ImageObject\",\"inLanguage\":\"es\",\"@id\":\"https:\\\/\\\/www.eldiario.net\\\/portal\\\/#\\\/schema\\\/logo\\\/image\\\/\",\"url\":\"https:\\\/\\\/www.eldiario.net\\\/portal\\\/wp-content\\\/uploads\\\/2023\\\/07\\\/logo_ED.jpg\",\"contentUrl\":\"https:\\\/\\\/www.eldiario.net\\\/portal\\\/wp-content\\\/uploads\\\/2023\\\/07\\\/logo_ED.jpg\",\"width\":272,\"height\":52,\"caption\":\"El Diario - Decano de la prensa nacional\"},\"image\":{\"@id\":\"https:\\\/\\\/www.eldiario.net\\\/portal\\\/#\\\/schema\\\/logo\\\/image\\\/\"},\"sameAs\":[\"https:\\\/\\\/www.facebook.com\\\/eldiario.bolivia\\\/\",\"https:\\\/\\\/x.com\\\/eldiario_net\"]},{\"@type\":\"Person\",\"@id\":\"https:\\\/\\\/www.eldiario.net\\\/portal\\\/#\\\/schema\\\/person\\\/f46445640444750d7d753ccd04ae01b7\",\"name\":\"Jeanette\",\"image\":{\"@type\":\"ImageObject\",\"inLanguage\":\"es\",\"@id\":\"https:\\\/\\\/secure.gravatar.com\\\/avatar\\\/3ea2118a5f7dad2b7138b1187a6b7ee55f160b9968b66013c3a3ef39dd7e5798?s=96&d=mm&r=g\",\"url\":\"https:\\\/\\\/secure.gravatar.com\\\/avatar\\\/3ea2118a5f7dad2b7138b1187a6b7ee55f160b9968b66013c3a3ef39dd7e5798?s=96&d=mm&r=g\",\"contentUrl\":\"https:\\\/\\\/secure.gravatar.com\\\/avatar\\\/3ea2118a5f7dad2b7138b1187a6b7ee55f160b9968b66013c3a3ef39dd7e5798?s=96&d=mm&r=g\",\"caption\":\"Jeanette\"},\"sameAs\":[\"https:\\\/\\\/www.eldiario.net\\\/portal\"],\"url\":\"https:\\\/\\\/www.eldiario.net\\\/portal\\\/author\\\/jeanette\\\/\"}]}<\/script>\n<!-- \/ Yoast SEO plugin. -->","yoast_head_json":{"title":"La actualizaci\u00f3n cartogr\u00e1fica lleg\u00f3 al 97% a nivel nacional - El Diario - Bolivia","robots":{"index":"index","follow":"follow","max-snippet":"max-snippet:-1","max-image-preview":"max-image-preview:large","max-video-preview":"max-video-preview:-1"},"canonical":"https:\/\/www.eldiario.net\/portal\/2023\/06\/20\/la-actualizacion-cartografica-llego-al-97-a-nivel-nacional\/","og_locale":"es_ES","og_type":"article","og_title":"La actualizaci\u00f3n cartogr\u00e1fica lleg\u00f3 al 97% a nivel nacional - El Diario - Bolivia","og_description":"La Actualizaci\u00f3n Cartogr\u00e1fica Estad\u00edstica (ACE) avanza a paso firme, este lunes se registr\u00f3 un aumento de 96,9%, es decir que solo falta 3,1% para concluir este operativo de campo en el pa\u00eds, inform\u00f3 el director ejecutivo del Instituto Nacional de Estad\u00edstica (INE), Humberto Arandia. En conferencia de prensa detall\u00f3 que a nivel departamental, Pando, Beni, [&hellip;]","og_url":"https:\/\/www.eldiario.net\/portal\/2023\/06\/20\/la-actualizacion-cartografica-llego-al-97-a-nivel-nacional\/","og_site_name":"El Diario - Bolivia","article_publisher":"https:\/\/www.facebook.com\/eldiario.bolivia\/","article_published_time":"2023-06-20T10:19:53+00:00","og_image":[{"width":720,"height":399,"url":"https:\/\/www.eldiario.net\/portal\/wp-content\/uploads\/2023\/06\/21-actualizacion-BD.jpg","type":"image\/jpeg"}],"author":"Jeanette","twitter_card":"summary_large_image","twitter_creator":"@eldiario_net","twitter_site":"@eldiario_net","twitter_misc":{"Escrito por":"Jeanette","Tiempo de lectura":"2 minutos"},"schema":{"@context":"https:\/\/schema.org","@graph":[{"@type":"Article","@id":"https:\/\/www.eldiario.net\/portal\/2023\/06\/20\/la-actualizacion-cartografica-llego-al-97-a-nivel-nacional\/#article","isPartOf":{"@id":"https:\/\/www.eldiario.net\/portal\/2023\/06\/20\/la-actualizacion-cartografica-llego-al-97-a-nivel-nacional\/"},"author":{"name":"Jeanette","@id":"https:\/\/www.eldiario.net\/portal\/#\/schema\/person\/f46445640444750d7d753ccd04ae01b7"},"headline":"La actualizaci\u00f3n cartogr\u00e1fica lleg\u00f3 al 97% a nivel nacional","datePublished":"2023-06-20T10:19:53+00:00","mainEntityOfPage":{"@id":"https:\/\/www.eldiario.net\/portal\/2023\/06\/20\/la-actualizacion-cartografica-llego-al-97-a-nivel-nacional\/"},"wordCount":330,"publisher":{"@id":"https:\/\/www.eldiario.net\/portal\/#organization"},"image":{"@id":"https:\/\/www.eldiario.net\/portal\/2023\/06\/20\/la-actualizacion-cartografica-llego-al-97-a-nivel-nacional\/#primaryimage"},"thumbnailUrl":"https:\/\/www.eldiario.net\/portal\/wp-content\/uploads\/2023\/06\/21-actualizacion-BD.jpg","articleSection":["Econom\u00eda"],"inLanguage":"es"},{"@type":"WebPage","@id":"https:\/\/www.eldiario.net\/portal\/2023\/06\/20\/la-actualizacion-cartografica-llego-al-97-a-nivel-nacional\/","url":"https:\/\/www.eldiario.net\/portal\/2023\/06\/20\/la-actualizacion-cartografica-llego-al-97-a-nivel-nacional\/","name":"La actualizaci\u00f3n cartogr\u00e1fica lleg\u00f3 al 97% a nivel nacional - El Diario - Bolivia","isPartOf":{"@id":"https:\/\/www.eldiario.net\/portal\/#website"},"primaryImageOfPage":{"@id":"https:\/\/www.eldiario.net\/portal\/2023\/06\/20\/la-actualizacion-cartografica-llego-al-97-a-nivel-nacional\/#primaryimage"},"image":{"@id":"https:\/\/www.eldiario.net\/portal\/2023\/06\/20\/la-actualizacion-cartografica-llego-al-97-a-nivel-nacional\/#primaryimage"},"thumbnailUrl":"https:\/\/www.eldiario.net\/portal\/wp-content\/uploads\/2023\/06\/21-actualizacion-BD.jpg","datePublished":"2023-06-20T10:19:53+00:00","breadcrumb":{"@id":"https:\/\/www.eldiario.net\/portal\/2023\/06\/20\/la-actualizacion-cartografica-llego-al-97-a-nivel-nacional\/#breadcrumb"},"inLanguage":"es","potentialAction":[{"@type":"ReadAction","target":["https:\/\/www.eldiario.net\/portal\/2023\/06\/20\/la-actualizacion-cartografica-llego-al-97-a-nivel-nacional\/"]}]},{"@type":"ImageObject","inLanguage":"es","@id":"https:\/\/www.eldiario.net\/portal\/2023\/06\/20\/la-actualizacion-cartografica-llego-al-97-a-nivel-nacional\/#primaryimage","url":"https:\/\/www.eldiario.net\/portal\/wp-content\/uploads\/2023\/06\/21-actualizacion-BD.jpg","contentUrl":"https:\/\/www.eldiario.net\/portal\/wp-content\/uploads\/2023\/06\/21-actualizacion-BD.jpg","width":720,"height":399,"caption":"BRIGADAS EN LABOR DE ACTUALIZACI\u00d3N CARTOGR\u00c1FICA."},{"@type":"BreadcrumbList","@id":"https:\/\/www.eldiario.net\/portal\/2023\/06\/20\/la-actualizacion-cartografica-llego-al-97-a-nivel-nacional\/#breadcrumb","itemListElement":[{"@type":"ListItem","position":1,"name":"Portada","item":"https:\/\/www.eldiario.net\/portal\/"},{"@type":"ListItem","position":2,"name":"La actualizaci\u00f3n cartogr\u00e1fica lleg\u00f3 al 97% a nivel nacional"}]},{"@type":"WebSite","@id":"https:\/\/www.eldiario.net\/portal\/#website","url":"https:\/\/www.eldiario.net\/portal\/","name":"El Diario - Decano de la prensa nacional","description":"El Diario - Decano de la prensa nacional","publisher":{"@id":"https:\/\/www.eldiario.net\/portal\/#organization"},"potentialAction":[{"@type":"SearchAction","target":{"@type":"EntryPoint","urlTemplate":"https:\/\/www.eldiario.net\/portal\/?s={search_term_string}"},"query-input":{"@type":"PropertyValueSpecification","valueRequired":true,"valueName":"search_term_string"}}],"inLanguage":"es"},{"@type":"Organization","@id":"https:\/\/www.eldiario.net\/portal\/#organization","name":"El Diario - Decano de la prensa nacional","url":"https:\/\/www.eldiario.net\/portal\/","logo":{"@type":"ImageObject","inLanguage":"es","@id":"https:\/\/www.eldiario.net\/portal\/#\/schema\/logo\/image\/","url":"https:\/\/www.eldiario.net\/portal\/wp-content\/uploads\/2023\/07\/logo_ED.jpg","contentUrl":"https:\/\/www.eldiario.net\/portal\/wp-content\/uploads\/2023\/07\/logo_ED.jpg","width":272,"height":52,"caption":"El Diario - Decano de la prensa nacional"},"image":{"@id":"https:\/\/www.eldiario.net\/portal\/#\/schema\/logo\/image\/"},"sameAs":["https:\/\/www.facebook.com\/eldiario.bolivia\/","https:\/\/x.com\/eldiario_net"]},{"@type":"Person","@id":"https:\/\/www.eldiario.net\/portal\/#\/schema\/person\/f46445640444750d7d753ccd04ae01b7","name":"Jeanette","image":{"@type":"ImageObject","inLanguage":"es","@id":"https:\/\/secure.gravatar.com\/avatar\/3ea2118a5f7dad2b7138b1187a6b7ee55f160b9968b66013c3a3ef39dd7e5798?s=96&d=mm&r=g","url":"https:\/\/secure.gravatar.com\/avatar\/3ea2118a5f7dad2b7138b1187a6b7ee55f160b9968b66013c3a3ef39dd7e5798?s=96&d=mm&r=g","contentUrl":"https:\/\/secure.gravatar.com\/avatar\/3ea2118a5f7dad2b7138b1187a6b7ee55f160b9968b66013c3a3ef39dd7e5798?s=96&d=mm&r=g","caption":"Jeanette"},"sameAs":["https:\/\/www.eldiario.net\/portal"],"url":"https:\/\/www.eldiario.net\/portal\/author\/jeanette\/"}]}},"_links":{"self":[{"href":"https:\/\/www.eldiario.net\/portal\/wp-json\/wp\/v2\/posts\/161001","targetHints":{"allow":["GET"]}}],"collection":[{"href":"https:\/\/www.eldiario.net\/portal\/wp-json\/wp\/v2\/posts"}],"about":[{"href":"https:\/\/www.eldiario.net\/portal\/wp-json\/wp\/v2\/types\/post"}],"author":[{"embeddable":true,"href":"https:\/\/www.eldiario.net\/portal\/wp-json\/wp\/v2\/users\/1"}],"replies":[{"embeddable":true,"href":"https:\/\/www.eldiario.net\/portal\/wp-json\/wp\/v2\/comments?post=161001"}],"version-history":[{"count":0,"href":"https:\/\/www.eldiario.net\/portal\/wp-json\/wp\/v2\/posts\/161001\/revisions"}],"wp:featuredmedia":[{"embeddable":true,"href":"https:\/\/www.eldiario.net\/portal\/wp-json\/wp\/v2\/media\/161002"}],"wp:attachment":[{"href":"https:\/\/www.eldiario.net\/portal\/wp-json\/wp\/v2\/media?parent=161001"}],"wp:term":[{"taxonomy":"category","embeddable":true,"href":"https:\/\/www.eldiario.net\/portal\/wp-json\/wp\/v2\/categories?post=161001"},{"taxonomy":"post_tag","embeddable":true,"href":"https:\/\/www.eldiario.net\/portal\/wp-json\/wp\/v2\/tags?post=161001"}],"curies":[{"name":"wp","href":"https:\/\/api.w.org\/{rel}","templated":true}]}}