{"id":160995,"date":"2023-06-20T06:21:52","date_gmt":"2023-06-20T10:21:52","guid":{"rendered":"https:\/\/www.eldiario.net\/portal\/?p=160995"},"modified":"2023-06-20T06:21:52","modified_gmt":"2023-06-20T10:21:52","slug":"coordinaran-trabajo-para-control-de-venta-de-salchichas-y-bebidas","status":"publish","type":"post","link":"https:\/\/www.eldiario.net\/portal\/2023\/06\/20\/coordinaran-trabajo-para-control-de-venta-de-salchichas-y-bebidas\/","title":{"rendered":"Coordinar\u00e1n trabajo para control  de venta de salchichas y bebidas"},"content":{"rendered":"<p class=\"v1MsoNormal\">El Servicio Nacional de Sanidad Agropecuaria e Inocuidad Alimentaria (Senasag), el Viceministerio de Defensa del Consumidor y la Alcald\u00eda de La Paz coordinar\u00e1n el trabajo de control de venta de salchichas y bebidas alcoh\u00f3licas, as\u00ed como evitar la quema en la noche de San Juan.<\/p>\n<p class=\"v1MsoNormal\">El Senasag La Paz verificar\u00e1 el registro sanitario de los embutidos y salchichas para su comercializaci\u00f3n, mientras que el municipio proceder\u00e1 a comisar los productos que no est\u00e9n autorizados.<\/p>\n<p class=\"v1MsoNormal\">Similar acci\u00f3n se realizar\u00e1 en otras ciudades de los departamentos del pa\u00eds, para cuidar la salud de la poblaci\u00f3n y el medio ambiente.<\/p>\n<p class=\"v1MsoNormal\">El viceministro de Defensa del Usuario y Consumidor, Jorge Silva, dijo que hay denuncias de adulteraci\u00f3n de las bebidas alcoh\u00f3licas que est\u00e1n a la vista del consumidor, lo que atenta a la salud p\u00fablica.<\/p>\n<p class=\"v1MsoNormal\">Asimismo, tambi\u00e9n se realizar\u00e1n controles sobre la venta de fuegos pirot\u00e9cnicos en la urbe pace\u00f1a, pero tambi\u00e9n se lo har\u00e1 en la ciudad de El Alto, ya que la ley proh\u00edbe la venta de explosivos.<\/p>\n<p class=\"v1MsoNormal\">Los ni\u00f1os son los m\u00e1s expuestos a los fuegos artificiales pues se manipulan a veces sin supervisi\u00f3n de personas mayores, pero como est\u00e1 prohibido se espera que la gente no adquiera estos productos.<\/p>\n<p class=\"v1MsoNormal\">A pesar de que la ley proh\u00edbe la venta de fuegos artificiales, en la ciudad de El Alto ya se vend\u00edan esa mercader\u00eda, que tiene gran aceptaci\u00f3n de la gente, pues la demanda es alta en la \u00e9poca de San Juan.<\/p>\n<p class=\"v1MsoNormal\">Sin embargo, hace a\u00f1os no se prohib\u00eda la quema, y en los alrededores de la ciudad de La Paz se observaba fogatas, al finalizar la tarde, y la quema iba en aumento, y alrededor del mismo se juntaban los amigos y la familia.<\/p>\n","protected":false},"excerpt":{"rendered":"<p>El Servicio Nacional de Sanidad Agropecuaria e Inocuidad Alimentaria (Senasag), el Viceministerio de Defensa del Consumidor y la Alcald\u00eda de La Paz coordinar\u00e1n el trabajo de control de venta de salchichas y bebidas alcoh\u00f3licas, as\u00ed como evitar la quema en la noche de San Juan. El Senasag La Paz verificar\u00e1 el registro sanitario de los [&hellip;]<\/p>\n","protected":false},"author":1,"featured_media":160996,"comment_status":"closed","ping_status":"closed","sticky":false,"template":"","format":"standard","meta":{"_acf_changed":false,"footnotes":""},"categories":[39],"tags":[],"class_list":["post-160995","post","type-post","status-publish","format-standard","has-post-thumbnail","category-sociedad"],"acf":{"antetitulo":""},"yoast_head":"<!-- This site is optimized with the Yoast SEO plugin v28.3 - https:\/\/yoast.com\/product\/yoast-seo-wordpress\/ -->\n<title>Coordinar\u00e1n trabajo para control de venta de salchichas y bebidas - El Diario - Bolivia<\/title>\n<meta name=\"robots\" content=\"index, follow, max-snippet:-1, max-image-preview:large, max-video-preview:-1\" \/>\n<link rel=\"canonical\" href=\"https:\/\/www.eldiario.net\/portal\/2023\/06\/20\/coordinaran-trabajo-para-control-de-venta-de-salchichas-y-bebidas\/\" \/>\n<meta property=\"og:locale\" content=\"es_ES\" \/>\n<meta property=\"og:type\" content=\"article\" \/>\n<meta property=\"og:title\" content=\"Coordinar\u00e1n trabajo para control de venta de salchichas y bebidas - El Diario - Bolivia\" \/>\n<meta property=\"og:description\" content=\"El Servicio Nacional de Sanidad Agropecuaria e Inocuidad Alimentaria (Senasag), el Viceministerio de Defensa del Consumidor y la Alcald\u00eda de La Paz coordinar\u00e1n el trabajo de control de venta de salchichas y bebidas alcoh\u00f3licas, as\u00ed como evitar la quema en la noche de San Juan. El Senasag La Paz verificar\u00e1 el registro sanitario de los [&hellip;]\" \/>\n<meta property=\"og:url\" content=\"https:\/\/www.eldiario.net\/portal\/2023\/06\/20\/coordinaran-trabajo-para-control-de-venta-de-salchichas-y-bebidas\/\" \/>\n<meta property=\"og:site_name\" content=\"El Diario - Bolivia\" \/>\n<meta property=\"article:publisher\" content=\"https:\/\/www.facebook.com\/eldiario.bolivia\/\" \/>\n<meta property=\"article:published_time\" content=\"2023-06-20T10:21:52+00:00\" \/>\n<meta property=\"og:image\" content=\"https:\/\/www.eldiario.net\/portal\/wp-content\/uploads\/2023\/06\/18-salchichas-rrss.jpg\" \/>\n\t<meta property=\"og:image:width\" content=\"600\" \/>\n\t<meta property=\"og:image:height\" content=\"382\" \/>\n\t<meta property=\"og:image:type\" content=\"image\/jpeg\" \/>\n<meta name=\"author\" content=\"Jeanette\" \/>\n<meta name=\"twitter:card\" content=\"summary_large_image\" \/>\n<meta name=\"twitter:creator\" content=\"@eldiario_net\" \/>\n<meta name=\"twitter:site\" content=\"@eldiario_net\" \/>\n<meta name=\"twitter:label1\" content=\"Escrito por\" \/>\n\t<meta name=\"twitter:data1\" content=\"Jeanette\" \/>\n\t<meta name=\"twitter:label2\" content=\"Tiempo de lectura\" \/>\n\t<meta name=\"twitter:data2\" content=\"2 minutos\" \/>\n<script type=\"application\/ld+json\" class=\"yoast-schema-graph\">{\"@context\":\"https:\\\/\\\/schema.org\",\"@graph\":[{\"@type\":\"Article\",\"@id\":\"https:\\\/\\\/www.eldiario.net\\\/portal\\\/2023\\\/06\\\/20\\\/coordinaran-trabajo-para-control-de-venta-de-salchichas-y-bebidas\\\/#article\",\"isPartOf\":{\"@id\":\"https:\\\/\\\/www.eldiario.net\\\/portal\\\/2023\\\/06\\\/20\\\/coordinaran-trabajo-para-control-de-venta-de-salchichas-y-bebidas\\\/\"},\"author\":{\"name\":\"Jeanette\",\"@id\":\"https:\\\/\\\/www.eldiario.net\\\/portal\\\/#\\\/schema\\\/person\\\/f46445640444750d7d753ccd04ae01b7\"},\"headline\":\"Coordinar\u00e1n trabajo para control de venta de salchichas y bebidas\",\"datePublished\":\"2023-06-20T10:21:52+00:00\",\"mainEntityOfPage\":{\"@id\":\"https:\\\/\\\/www.eldiario.net\\\/portal\\\/2023\\\/06\\\/20\\\/coordinaran-trabajo-para-control-de-venta-de-salchichas-y-bebidas\\\/\"},\"wordCount\":321,\"publisher\":{\"@id\":\"https:\\\/\\\/www.eldiario.net\\\/portal\\\/#organization\"},\"image\":{\"@id\":\"https:\\\/\\\/www.eldiario.net\\\/portal\\\/2023\\\/06\\\/20\\\/coordinaran-trabajo-para-control-de-venta-de-salchichas-y-bebidas\\\/#primaryimage\"},\"thumbnailUrl\":\"https:\\\/\\\/www.eldiario.net\\\/portal\\\/wp-content\\\/uploads\\\/2023\\\/06\\\/18-salchichas-rrss.jpg\",\"articleSection\":[\"Sociedad - Seguridad\"],\"inLanguage\":\"es\"},{\"@type\":\"WebPage\",\"@id\":\"https:\\\/\\\/www.eldiario.net\\\/portal\\\/2023\\\/06\\\/20\\\/coordinaran-trabajo-para-control-de-venta-de-salchichas-y-bebidas\\\/\",\"url\":\"https:\\\/\\\/www.eldiario.net\\\/portal\\\/2023\\\/06\\\/20\\\/coordinaran-trabajo-para-control-de-venta-de-salchichas-y-bebidas\\\/\",\"name\":\"Coordinar\u00e1n trabajo para control de venta de salchichas y bebidas - El Diario - Bolivia\",\"isPartOf\":{\"@id\":\"https:\\\/\\\/www.eldiario.net\\\/portal\\\/#website\"},\"primaryImageOfPage\":{\"@id\":\"https:\\\/\\\/www.eldiario.net\\\/portal\\\/2023\\\/06\\\/20\\\/coordinaran-trabajo-para-control-de-venta-de-salchichas-y-bebidas\\\/#primaryimage\"},\"image\":{\"@id\":\"https:\\\/\\\/www.eldiario.net\\\/portal\\\/2023\\\/06\\\/20\\\/coordinaran-trabajo-para-control-de-venta-de-salchichas-y-bebidas\\\/#primaryimage\"},\"thumbnailUrl\":\"https:\\\/\\\/www.eldiario.net\\\/portal\\\/wp-content\\\/uploads\\\/2023\\\/06\\\/18-salchichas-rrss.jpg\",\"datePublished\":\"2023-06-20T10:21:52+00:00\",\"breadcrumb\":{\"@id\":\"https:\\\/\\\/www.eldiario.net\\\/portal\\\/2023\\\/06\\\/20\\\/coordinaran-trabajo-para-control-de-venta-de-salchichas-y-bebidas\\\/#breadcrumb\"},\"inLanguage\":\"es\",\"potentialAction\":[{\"@type\":\"ReadAction\",\"target\":[\"https:\\\/\\\/www.eldiario.net\\\/portal\\\/2023\\\/06\\\/20\\\/coordinaran-trabajo-para-control-de-venta-de-salchichas-y-bebidas\\\/\"]}]},{\"@type\":\"ImageObject\",\"inLanguage\":\"es\",\"@id\":\"https:\\\/\\\/www.eldiario.net\\\/portal\\\/2023\\\/06\\\/20\\\/coordinaran-trabajo-para-control-de-venta-de-salchichas-y-bebidas\\\/#primaryimage\",\"url\":\"https:\\\/\\\/www.eldiario.net\\\/portal\\\/wp-content\\\/uploads\\\/2023\\\/06\\\/18-salchichas-rrss.jpg\",\"contentUrl\":\"https:\\\/\\\/www.eldiario.net\\\/portal\\\/wp-content\\\/uploads\\\/2023\\\/06\\\/18-salchichas-rrss.jpg\",\"width\":600,\"height\":382,\"caption\":\"LAS SALCHICHAS SER\u00c1N DEMANDADOS POR LA POBLACI\u00d3N EN LOS PR\u00d3XIMOS D\u00cdAS. FOTO RRSS\"},{\"@type\":\"BreadcrumbList\",\"@id\":\"https:\\\/\\\/www.eldiario.net\\\/portal\\\/2023\\\/06\\\/20\\\/coordinaran-trabajo-para-control-de-venta-de-salchichas-y-bebidas\\\/#breadcrumb\",\"itemListElement\":[{\"@type\":\"ListItem\",\"position\":1,\"name\":\"Portada\",\"item\":\"https:\\\/\\\/www.eldiario.net\\\/portal\\\/\"},{\"@type\":\"ListItem\",\"position\":2,\"name\":\"Coordinar\u00e1n trabajo para control de venta de salchichas y bebidas\"}]},{\"@type\":\"WebSite\",\"@id\":\"https:\\\/\\\/www.eldiario.net\\\/portal\\\/#website\",\"url\":\"https:\\\/\\\/www.eldiario.net\\\/portal\\\/\",\"name\":\"El Diario - Decano de la prensa nacional\",\"description\":\"El Diario - Decano de la prensa nacional\",\"publisher\":{\"@id\":\"https:\\\/\\\/www.eldiario.net\\\/portal\\\/#organization\"},\"potentialAction\":[{\"@type\":\"SearchAction\",\"target\":{\"@type\":\"EntryPoint\",\"urlTemplate\":\"https:\\\/\\\/www.eldiario.net\\\/portal\\\/?s={search_term_string}\"},\"query-input\":{\"@type\":\"PropertyValueSpecification\",\"valueRequired\":true,\"valueName\":\"search_term_string\"}}],\"inLanguage\":\"es\"},{\"@type\":\"Organization\",\"@id\":\"https:\\\/\\\/www.eldiario.net\\\/portal\\\/#organization\",\"name\":\"El Diario - Decano de la prensa nacional\",\"url\":\"https:\\\/\\\/www.eldiario.net\\\/portal\\\/\",\"logo\":{\"@type\":\"ImageObject\",\"inLanguage\":\"es\",\"@id\":\"https:\\\/\\\/www.eldiario.net\\\/portal\\\/#\\\/schema\\\/logo\\\/image\\\/\",\"url\":\"https:\\\/\\\/www.eldiario.net\\\/portal\\\/wp-content\\\/uploads\\\/2023\\\/07\\\/logo_ED.jpg\",\"contentUrl\":\"https:\\\/\\\/www.eldiario.net\\\/portal\\\/wp-content\\\/uploads\\\/2023\\\/07\\\/logo_ED.jpg\",\"width\":272,\"height\":52,\"caption\":\"El Diario - Decano de la prensa nacional\"},\"image\":{\"@id\":\"https:\\\/\\\/www.eldiario.net\\\/portal\\\/#\\\/schema\\\/logo\\\/image\\\/\"},\"sameAs\":[\"https:\\\/\\\/www.facebook.com\\\/eldiario.bolivia\\\/\",\"https:\\\/\\\/x.com\\\/eldiario_net\"]},{\"@type\":\"Person\",\"@id\":\"https:\\\/\\\/www.eldiario.net\\\/portal\\\/#\\\/schema\\\/person\\\/f46445640444750d7d753ccd04ae01b7\",\"name\":\"Jeanette\",\"image\":{\"@type\":\"ImageObject\",\"inLanguage\":\"es\",\"@id\":\"https:\\\/\\\/secure.gravatar.com\\\/avatar\\\/3ea2118a5f7dad2b7138b1187a6b7ee55f160b9968b66013c3a3ef39dd7e5798?s=96&d=mm&r=g\",\"url\":\"https:\\\/\\\/secure.gravatar.com\\\/avatar\\\/3ea2118a5f7dad2b7138b1187a6b7ee55f160b9968b66013c3a3ef39dd7e5798?s=96&d=mm&r=g\",\"contentUrl\":\"https:\\\/\\\/secure.gravatar.com\\\/avatar\\\/3ea2118a5f7dad2b7138b1187a6b7ee55f160b9968b66013c3a3ef39dd7e5798?s=96&d=mm&r=g\",\"caption\":\"Jeanette\"},\"sameAs\":[\"https:\\\/\\\/www.eldiario.net\\\/portal\"],\"url\":\"https:\\\/\\\/www.eldiario.net\\\/portal\\\/author\\\/jeanette\\\/\"}]}<\/script>\n<!-- \/ Yoast SEO plugin. -->","yoast_head_json":{"title":"Coordinar\u00e1n trabajo para control de venta de salchichas y bebidas - El Diario - Bolivia","robots":{"index":"index","follow":"follow","max-snippet":"max-snippet:-1","max-image-preview":"max-image-preview:large","max-video-preview":"max-video-preview:-1"},"canonical":"https:\/\/www.eldiario.net\/portal\/2023\/06\/20\/coordinaran-trabajo-para-control-de-venta-de-salchichas-y-bebidas\/","og_locale":"es_ES","og_type":"article","og_title":"Coordinar\u00e1n trabajo para control de venta de salchichas y bebidas - El Diario - Bolivia","og_description":"El Servicio Nacional de Sanidad Agropecuaria e Inocuidad Alimentaria (Senasag), el Viceministerio de Defensa del Consumidor y la Alcald\u00eda de La Paz coordinar\u00e1n el trabajo de control de venta de salchichas y bebidas alcoh\u00f3licas, as\u00ed como evitar la quema en la noche de San Juan. El Senasag La Paz verificar\u00e1 el registro sanitario de los [&hellip;]","og_url":"https:\/\/www.eldiario.net\/portal\/2023\/06\/20\/coordinaran-trabajo-para-control-de-venta-de-salchichas-y-bebidas\/","og_site_name":"El Diario - Bolivia","article_publisher":"https:\/\/www.facebook.com\/eldiario.bolivia\/","article_published_time":"2023-06-20T10:21:52+00:00","og_image":[{"width":600,"height":382,"url":"https:\/\/www.eldiario.net\/portal\/wp-content\/uploads\/2023\/06\/18-salchichas-rrss.jpg","type":"image\/jpeg"}],"author":"Jeanette","twitter_card":"summary_large_image","twitter_creator":"@eldiario_net","twitter_site":"@eldiario_net","twitter_misc":{"Escrito por":"Jeanette","Tiempo de lectura":"2 minutos"},"schema":{"@context":"https:\/\/schema.org","@graph":[{"@type":"Article","@id":"https:\/\/www.eldiario.net\/portal\/2023\/06\/20\/coordinaran-trabajo-para-control-de-venta-de-salchichas-y-bebidas\/#article","isPartOf":{"@id":"https:\/\/www.eldiario.net\/portal\/2023\/06\/20\/coordinaran-trabajo-para-control-de-venta-de-salchichas-y-bebidas\/"},"author":{"name":"Jeanette","@id":"https:\/\/www.eldiario.net\/portal\/#\/schema\/person\/f46445640444750d7d753ccd04ae01b7"},"headline":"Coordinar\u00e1n trabajo para control de venta de salchichas y bebidas","datePublished":"2023-06-20T10:21:52+00:00","mainEntityOfPage":{"@id":"https:\/\/www.eldiario.net\/portal\/2023\/06\/20\/coordinaran-trabajo-para-control-de-venta-de-salchichas-y-bebidas\/"},"wordCount":321,"publisher":{"@id":"https:\/\/www.eldiario.net\/portal\/#organization"},"image":{"@id":"https:\/\/www.eldiario.net\/portal\/2023\/06\/20\/coordinaran-trabajo-para-control-de-venta-de-salchichas-y-bebidas\/#primaryimage"},"thumbnailUrl":"https:\/\/www.eldiario.net\/portal\/wp-content\/uploads\/2023\/06\/18-salchichas-rrss.jpg","articleSection":["Sociedad - Seguridad"],"inLanguage":"es"},{"@type":"WebPage","@id":"https:\/\/www.eldiario.net\/portal\/2023\/06\/20\/coordinaran-trabajo-para-control-de-venta-de-salchichas-y-bebidas\/","url":"https:\/\/www.eldiario.net\/portal\/2023\/06\/20\/coordinaran-trabajo-para-control-de-venta-de-salchichas-y-bebidas\/","name":"Coordinar\u00e1n trabajo para control de venta de salchichas y bebidas - El Diario - Bolivia","isPartOf":{"@id":"https:\/\/www.eldiario.net\/portal\/#website"},"primaryImageOfPage":{"@id":"https:\/\/www.eldiario.net\/portal\/2023\/06\/20\/coordinaran-trabajo-para-control-de-venta-de-salchichas-y-bebidas\/#primaryimage"},"image":{"@id":"https:\/\/www.eldiario.net\/portal\/2023\/06\/20\/coordinaran-trabajo-para-control-de-venta-de-salchichas-y-bebidas\/#primaryimage"},"thumbnailUrl":"https:\/\/www.eldiario.net\/portal\/wp-content\/uploads\/2023\/06\/18-salchichas-rrss.jpg","datePublished":"2023-06-20T10:21:52+00:00","breadcrumb":{"@id":"https:\/\/www.eldiario.net\/portal\/2023\/06\/20\/coordinaran-trabajo-para-control-de-venta-de-salchichas-y-bebidas\/#breadcrumb"},"inLanguage":"es","potentialAction":[{"@type":"ReadAction","target":["https:\/\/www.eldiario.net\/portal\/2023\/06\/20\/coordinaran-trabajo-para-control-de-venta-de-salchichas-y-bebidas\/"]}]},{"@type":"ImageObject","inLanguage":"es","@id":"https:\/\/www.eldiario.net\/portal\/2023\/06\/20\/coordinaran-trabajo-para-control-de-venta-de-salchichas-y-bebidas\/#primaryimage","url":"https:\/\/www.eldiario.net\/portal\/wp-content\/uploads\/2023\/06\/18-salchichas-rrss.jpg","contentUrl":"https:\/\/www.eldiario.net\/portal\/wp-content\/uploads\/2023\/06\/18-salchichas-rrss.jpg","width":600,"height":382,"caption":"LAS SALCHICHAS SER\u00c1N DEMANDADOS POR LA POBLACI\u00d3N EN LOS PR\u00d3XIMOS D\u00cdAS. FOTO RRSS"},{"@type":"BreadcrumbList","@id":"https:\/\/www.eldiario.net\/portal\/2023\/06\/20\/coordinaran-trabajo-para-control-de-venta-de-salchichas-y-bebidas\/#breadcrumb","itemListElement":[{"@type":"ListItem","position":1,"name":"Portada","item":"https:\/\/www.eldiario.net\/portal\/"},{"@type":"ListItem","position":2,"name":"Coordinar\u00e1n trabajo para control de venta de salchichas y bebidas"}]},{"@type":"WebSite","@id":"https:\/\/www.eldiario.net\/portal\/#website","url":"https:\/\/www.eldiario.net\/portal\/","name":"El Diario - Decano de la prensa nacional","description":"El Diario - Decano de la prensa nacional","publisher":{"@id":"https:\/\/www.eldiario.net\/portal\/#organization"},"potentialAction":[{"@type":"SearchAction","target":{"@type":"EntryPoint","urlTemplate":"https:\/\/www.eldiario.net\/portal\/?s={search_term_string}"},"query-input":{"@type":"PropertyValueSpecification","valueRequired":true,"valueName":"search_term_string"}}],"inLanguage":"es"},{"@type":"Organization","@id":"https:\/\/www.eldiario.net\/portal\/#organization","name":"El Diario - Decano de la prensa nacional","url":"https:\/\/www.eldiario.net\/portal\/","logo":{"@type":"ImageObject","inLanguage":"es","@id":"https:\/\/www.eldiario.net\/portal\/#\/schema\/logo\/image\/","url":"https:\/\/www.eldiario.net\/portal\/wp-content\/uploads\/2023\/07\/logo_ED.jpg","contentUrl":"https:\/\/www.eldiario.net\/portal\/wp-content\/uploads\/2023\/07\/logo_ED.jpg","width":272,"height":52,"caption":"El Diario - Decano de la prensa nacional"},"image":{"@id":"https:\/\/www.eldiario.net\/portal\/#\/schema\/logo\/image\/"},"sameAs":["https:\/\/www.facebook.com\/eldiario.bolivia\/","https:\/\/x.com\/eldiario_net"]},{"@type":"Person","@id":"https:\/\/www.eldiario.net\/portal\/#\/schema\/person\/f46445640444750d7d753ccd04ae01b7","name":"Jeanette","image":{"@type":"ImageObject","inLanguage":"es","@id":"https:\/\/secure.gravatar.com\/avatar\/3ea2118a5f7dad2b7138b1187a6b7ee55f160b9968b66013c3a3ef39dd7e5798?s=96&d=mm&r=g","url":"https:\/\/secure.gravatar.com\/avatar\/3ea2118a5f7dad2b7138b1187a6b7ee55f160b9968b66013c3a3ef39dd7e5798?s=96&d=mm&r=g","contentUrl":"https:\/\/secure.gravatar.com\/avatar\/3ea2118a5f7dad2b7138b1187a6b7ee55f160b9968b66013c3a3ef39dd7e5798?s=96&d=mm&r=g","caption":"Jeanette"},"sameAs":["https:\/\/www.eldiario.net\/portal"],"url":"https:\/\/www.eldiario.net\/portal\/author\/jeanette\/"}]}},"_links":{"self":[{"href":"https:\/\/www.eldiario.net\/portal\/wp-json\/wp\/v2\/posts\/160995","targetHints":{"allow":["GET"]}}],"collection":[{"href":"https:\/\/www.eldiario.net\/portal\/wp-json\/wp\/v2\/posts"}],"about":[{"href":"https:\/\/www.eldiario.net\/portal\/wp-json\/wp\/v2\/types\/post"}],"author":[{"embeddable":true,"href":"https:\/\/www.eldiario.net\/portal\/wp-json\/wp\/v2\/users\/1"}],"replies":[{"embeddable":true,"href":"https:\/\/www.eldiario.net\/portal\/wp-json\/wp\/v2\/comments?post=160995"}],"version-history":[{"count":0,"href":"https:\/\/www.eldiario.net\/portal\/wp-json\/wp\/v2\/posts\/160995\/revisions"}],"wp:featuredmedia":[{"embeddable":true,"href":"https:\/\/www.eldiario.net\/portal\/wp-json\/wp\/v2\/media\/160996"}],"wp:attachment":[{"href":"https:\/\/www.eldiario.net\/portal\/wp-json\/wp\/v2\/media?parent=160995"}],"wp:term":[{"taxonomy":"category","embeddable":true,"href":"https:\/\/www.eldiario.net\/portal\/wp-json\/wp\/v2\/categories?post=160995"},{"taxonomy":"post_tag","embeddable":true,"href":"https:\/\/www.eldiario.net\/portal\/wp-json\/wp\/v2\/tags?post=160995"}],"curies":[{"name":"wp","href":"https:\/\/api.w.org\/{rel}","templated":true}]}}