{"id":160992,"date":"2023-06-20T06:21:01","date_gmt":"2023-06-20T10:21:01","guid":{"rendered":"https:\/\/www.eldiario.net\/portal\/?p=160992"},"modified":"2023-06-20T06:21:01","modified_gmt":"2023-06-20T10:21:01","slug":"reynaldo-pardo-es-el-nuevo-presidente-interino-de-comibol","status":"publish","type":"post","link":"https:\/\/www.eldiario.net\/portal\/2023\/06\/20\/reynaldo-pardo-es-el-nuevo-presidente-interino-de-comibol\/","title":{"rendered":"Reynaldo Pardo es el nuevo  presidente interino de Comibol"},"content":{"rendered":"<p class=\"v1MsoNormal\">El ministro de Miner\u00eda y Metalurgia, Marcelino Quispe, posesion\u00f3 a Reynaldo Pardo Fern\u00e1ndez como nuevo presidente ejecutivo interino de la Corporaci\u00f3n Minera de Bolivia (Comibol) con el reto de dar continuidad a todos los proyectos del sector.<\/p>\n<p class=\"v1MsoNormal\">Tras la posesi\u00f3n, la autoridad recomend\u00f3 al nuevo titular de la Comibol dar continuidad a todo lo programado para la presente gesti\u00f3n y avanzar en los \u00abgrandes desaf\u00edos\u00bb planteados.<\/p>\n<p class=\"v1MsoNormal\">Entre esos proyectos est\u00e1, por ejemplo, la prospecci\u00f3n y exploraci\u00f3n de tierras raras en el cerro Manum\u00f3, en la frontera con Brasil; y en el Rinc\u00f3n del Tigre, en el departamento de Santa Cruz. La prospecci\u00f3n de oro, entre otros.<\/p>\n<p class=\"v1MsoNormal\">\u00abLa Comibol ha estado trabajando intensamente (&#8230;) con el apoyo de todos los empleados, de todos los ingenieros. La participaci\u00f3n de todos ustedes es muy importante para continuar y arribar a resultados positivos (&#8230;)\u00bb, manifest\u00f3.<\/p>\n<p class=\"v1MsoNormal\">En tanto, Pardo Fern\u00e1ndez agradeci\u00f3 al ministro por la confianza en el cargo y expres\u00f3 que asume la direcci\u00f3n de la instituci\u00f3n estatal con el compromiso de enfrentar y cumplir retos, metas y objetivos.<\/p>\n<p class=\"v1MsoNormal\">\u00abMinistro tenga por seguro que la Corporaci\u00f3n Minera de Bolivia va a cumplir con esas metas y esos objetivos a trav\u00e9s de la cadena productiva minera, con los operadores mineros que comparte la Comibol\u00bb, dijo.<\/p>\n<p class=\"v1MsoNormal\">Desde la pasada gesti\u00f3n, Comibol est\u00e1 a la espera de la reconstrucci\u00f3n, y en su momento el ex ministro del sector Navarro anunci\u00f3 la apertura de agencias en algunos pa\u00edses, pero no lleg\u00f3 a consolidarse.<\/p>\n<p class=\"v1MsoNormal\">La miner\u00eda fue la que salv\u00f3 las exportaciones del pa\u00eds en la pasada gesti\u00f3n, gracias a los precios altos de las materias primas, ya que represent\u00f3 m\u00e1s del 50% de las ventas.<\/p>\n","protected":false},"excerpt":{"rendered":"<p>El ministro de Miner\u00eda y Metalurgia, Marcelino Quispe, posesion\u00f3 a Reynaldo Pardo Fern\u00e1ndez como nuevo presidente ejecutivo interino de la Corporaci\u00f3n Minera de Bolivia (Comibol) con el reto de dar continuidad a todos los proyectos del sector. Tras la posesi\u00f3n, la autoridad recomend\u00f3 al nuevo titular de la Comibol dar continuidad a todo lo programado [&hellip;]<\/p>\n","protected":false},"author":1,"featured_media":160993,"comment_status":"closed","ping_status":"closed","sticky":false,"template":"","format":"standard","meta":{"_acf_changed":false,"footnotes":""},"categories":[39],"tags":[],"class_list":["post-160992","post","type-post","status-publish","format-standard","has-post-thumbnail","category-sociedad"],"acf":{"antetitulo":""},"yoast_head":"<!-- This site is optimized with the Yoast SEO plugin v28.3 - https:\/\/yoast.com\/product\/yoast-seo-wordpress\/ -->\n<title>Reynaldo Pardo es el nuevo presidente interino de Comibol - El Diario - Bolivia<\/title>\n<meta name=\"robots\" content=\"index, follow, max-snippet:-1, max-image-preview:large, max-video-preview:-1\" \/>\n<link rel=\"canonical\" href=\"https:\/\/www.eldiario.net\/portal\/2023\/06\/20\/reynaldo-pardo-es-el-nuevo-presidente-interino-de-comibol\/\" \/>\n<meta property=\"og:locale\" content=\"es_ES\" \/>\n<meta property=\"og:type\" content=\"article\" \/>\n<meta property=\"og:title\" content=\"Reynaldo Pardo es el nuevo presidente interino de Comibol - El Diario - Bolivia\" \/>\n<meta property=\"og:description\" content=\"El ministro de Miner\u00eda y Metalurgia, Marcelino Quispe, posesion\u00f3 a Reynaldo Pardo Fern\u00e1ndez como nuevo presidente ejecutivo interino de la Corporaci\u00f3n Minera de Bolivia (Comibol) con el reto de dar continuidad a todos los proyectos del sector. Tras la posesi\u00f3n, la autoridad recomend\u00f3 al nuevo titular de la Comibol dar continuidad a todo lo programado [&hellip;]\" \/>\n<meta property=\"og:url\" content=\"https:\/\/www.eldiario.net\/portal\/2023\/06\/20\/reynaldo-pardo-es-el-nuevo-presidente-interino-de-comibol\/\" \/>\n<meta property=\"og:site_name\" content=\"El Diario - Bolivia\" \/>\n<meta property=\"article:publisher\" content=\"https:\/\/www.facebook.com\/eldiario.bolivia\/\" \/>\n<meta property=\"article:published_time\" content=\"2023-06-20T10:21:01+00:00\" \/>\n<meta property=\"og:image\" content=\"https:\/\/www.eldiario.net\/portal\/wp-content\/uploads\/2023\/06\/19-comibol-abi.jpg\" \/>\n\t<meta property=\"og:image:width\" content=\"1409\" \/>\n\t<meta property=\"og:image:height\" content=\"790\" \/>\n\t<meta property=\"og:image:type\" content=\"image\/jpeg\" \/>\n<meta name=\"author\" content=\"Jeanette\" \/>\n<meta name=\"twitter:card\" content=\"summary_large_image\" \/>\n<meta name=\"twitter:creator\" content=\"@eldiario_net\" \/>\n<meta name=\"twitter:site\" content=\"@eldiario_net\" \/>\n<meta name=\"twitter:label1\" content=\"Escrito por\" \/>\n\t<meta name=\"twitter:data1\" content=\"Jeanette\" \/>\n\t<meta name=\"twitter:label2\" content=\"Tiempo de lectura\" \/>\n\t<meta name=\"twitter:data2\" content=\"2 minutos\" \/>\n<script type=\"application\/ld+json\" class=\"yoast-schema-graph\">{\"@context\":\"https:\\\/\\\/schema.org\",\"@graph\":[{\"@type\":\"Article\",\"@id\":\"https:\\\/\\\/www.eldiario.net\\\/portal\\\/2023\\\/06\\\/20\\\/reynaldo-pardo-es-el-nuevo-presidente-interino-de-comibol\\\/#article\",\"isPartOf\":{\"@id\":\"https:\\\/\\\/www.eldiario.net\\\/portal\\\/2023\\\/06\\\/20\\\/reynaldo-pardo-es-el-nuevo-presidente-interino-de-comibol\\\/\"},\"author\":{\"name\":\"Jeanette\",\"@id\":\"https:\\\/\\\/www.eldiario.net\\\/portal\\\/#\\\/schema\\\/person\\\/f46445640444750d7d753ccd04ae01b7\"},\"headline\":\"Reynaldo Pardo es el nuevo presidente interino de Comibol\",\"datePublished\":\"2023-06-20T10:21:01+00:00\",\"mainEntityOfPage\":{\"@id\":\"https:\\\/\\\/www.eldiario.net\\\/portal\\\/2023\\\/06\\\/20\\\/reynaldo-pardo-es-el-nuevo-presidente-interino-de-comibol\\\/\"},\"wordCount\":306,\"publisher\":{\"@id\":\"https:\\\/\\\/www.eldiario.net\\\/portal\\\/#organization\"},\"image\":{\"@id\":\"https:\\\/\\\/www.eldiario.net\\\/portal\\\/2023\\\/06\\\/20\\\/reynaldo-pardo-es-el-nuevo-presidente-interino-de-comibol\\\/#primaryimage\"},\"thumbnailUrl\":\"https:\\\/\\\/www.eldiario.net\\\/portal\\\/wp-content\\\/uploads\\\/2023\\\/06\\\/19-comibol-abi.jpg\",\"articleSection\":[\"Sociedad - Seguridad\"],\"inLanguage\":\"es\"},{\"@type\":\"WebPage\",\"@id\":\"https:\\\/\\\/www.eldiario.net\\\/portal\\\/2023\\\/06\\\/20\\\/reynaldo-pardo-es-el-nuevo-presidente-interino-de-comibol\\\/\",\"url\":\"https:\\\/\\\/www.eldiario.net\\\/portal\\\/2023\\\/06\\\/20\\\/reynaldo-pardo-es-el-nuevo-presidente-interino-de-comibol\\\/\",\"name\":\"Reynaldo Pardo es el nuevo presidente interino de Comibol - El Diario - Bolivia\",\"isPartOf\":{\"@id\":\"https:\\\/\\\/www.eldiario.net\\\/portal\\\/#website\"},\"primaryImageOfPage\":{\"@id\":\"https:\\\/\\\/www.eldiario.net\\\/portal\\\/2023\\\/06\\\/20\\\/reynaldo-pardo-es-el-nuevo-presidente-interino-de-comibol\\\/#primaryimage\"},\"image\":{\"@id\":\"https:\\\/\\\/www.eldiario.net\\\/portal\\\/2023\\\/06\\\/20\\\/reynaldo-pardo-es-el-nuevo-presidente-interino-de-comibol\\\/#primaryimage\"},\"thumbnailUrl\":\"https:\\\/\\\/www.eldiario.net\\\/portal\\\/wp-content\\\/uploads\\\/2023\\\/06\\\/19-comibol-abi.jpg\",\"datePublished\":\"2023-06-20T10:21:01+00:00\",\"breadcrumb\":{\"@id\":\"https:\\\/\\\/www.eldiario.net\\\/portal\\\/2023\\\/06\\\/20\\\/reynaldo-pardo-es-el-nuevo-presidente-interino-de-comibol\\\/#breadcrumb\"},\"inLanguage\":\"es\",\"potentialAction\":[{\"@type\":\"ReadAction\",\"target\":[\"https:\\\/\\\/www.eldiario.net\\\/portal\\\/2023\\\/06\\\/20\\\/reynaldo-pardo-es-el-nuevo-presidente-interino-de-comibol\\\/\"]}]},{\"@type\":\"ImageObject\",\"inLanguage\":\"es\",\"@id\":\"https:\\\/\\\/www.eldiario.net\\\/portal\\\/2023\\\/06\\\/20\\\/reynaldo-pardo-es-el-nuevo-presidente-interino-de-comibol\\\/#primaryimage\",\"url\":\"https:\\\/\\\/www.eldiario.net\\\/portal\\\/wp-content\\\/uploads\\\/2023\\\/06\\\/19-comibol-abi.jpg\",\"contentUrl\":\"https:\\\/\\\/www.eldiario.net\\\/portal\\\/wp-content\\\/uploads\\\/2023\\\/06\\\/19-comibol-abi.jpg\",\"width\":1409,\"height\":790,\"caption\":\"MOMENTO DE LA TOMA DE JURAMENTO DE LA NUEVA AUTORIDAD. FOTO ABI\"},{\"@type\":\"BreadcrumbList\",\"@id\":\"https:\\\/\\\/www.eldiario.net\\\/portal\\\/2023\\\/06\\\/20\\\/reynaldo-pardo-es-el-nuevo-presidente-interino-de-comibol\\\/#breadcrumb\",\"itemListElement\":[{\"@type\":\"ListItem\",\"position\":1,\"name\":\"Portada\",\"item\":\"https:\\\/\\\/www.eldiario.net\\\/portal\\\/\"},{\"@type\":\"ListItem\",\"position\":2,\"name\":\"Reynaldo Pardo es el nuevo presidente interino de Comibol\"}]},{\"@type\":\"WebSite\",\"@id\":\"https:\\\/\\\/www.eldiario.net\\\/portal\\\/#website\",\"url\":\"https:\\\/\\\/www.eldiario.net\\\/portal\\\/\",\"name\":\"El Diario - Decano de la prensa nacional\",\"description\":\"El Diario - Decano de la prensa nacional\",\"publisher\":{\"@id\":\"https:\\\/\\\/www.eldiario.net\\\/portal\\\/#organization\"},\"potentialAction\":[{\"@type\":\"SearchAction\",\"target\":{\"@type\":\"EntryPoint\",\"urlTemplate\":\"https:\\\/\\\/www.eldiario.net\\\/portal\\\/?s={search_term_string}\"},\"query-input\":{\"@type\":\"PropertyValueSpecification\",\"valueRequired\":true,\"valueName\":\"search_term_string\"}}],\"inLanguage\":\"es\"},{\"@type\":\"Organization\",\"@id\":\"https:\\\/\\\/www.eldiario.net\\\/portal\\\/#organization\",\"name\":\"El Diario - Decano de la prensa nacional\",\"url\":\"https:\\\/\\\/www.eldiario.net\\\/portal\\\/\",\"logo\":{\"@type\":\"ImageObject\",\"inLanguage\":\"es\",\"@id\":\"https:\\\/\\\/www.eldiario.net\\\/portal\\\/#\\\/schema\\\/logo\\\/image\\\/\",\"url\":\"https:\\\/\\\/www.eldiario.net\\\/portal\\\/wp-content\\\/uploads\\\/2023\\\/07\\\/logo_ED.jpg\",\"contentUrl\":\"https:\\\/\\\/www.eldiario.net\\\/portal\\\/wp-content\\\/uploads\\\/2023\\\/07\\\/logo_ED.jpg\",\"width\":272,\"height\":52,\"caption\":\"El Diario - Decano de la prensa nacional\"},\"image\":{\"@id\":\"https:\\\/\\\/www.eldiario.net\\\/portal\\\/#\\\/schema\\\/logo\\\/image\\\/\"},\"sameAs\":[\"https:\\\/\\\/www.facebook.com\\\/eldiario.bolivia\\\/\",\"https:\\\/\\\/x.com\\\/eldiario_net\"]},{\"@type\":\"Person\",\"@id\":\"https:\\\/\\\/www.eldiario.net\\\/portal\\\/#\\\/schema\\\/person\\\/f46445640444750d7d753ccd04ae01b7\",\"name\":\"Jeanette\",\"image\":{\"@type\":\"ImageObject\",\"inLanguage\":\"es\",\"@id\":\"https:\\\/\\\/secure.gravatar.com\\\/avatar\\\/3ea2118a5f7dad2b7138b1187a6b7ee55f160b9968b66013c3a3ef39dd7e5798?s=96&d=mm&r=g\",\"url\":\"https:\\\/\\\/secure.gravatar.com\\\/avatar\\\/3ea2118a5f7dad2b7138b1187a6b7ee55f160b9968b66013c3a3ef39dd7e5798?s=96&d=mm&r=g\",\"contentUrl\":\"https:\\\/\\\/secure.gravatar.com\\\/avatar\\\/3ea2118a5f7dad2b7138b1187a6b7ee55f160b9968b66013c3a3ef39dd7e5798?s=96&d=mm&r=g\",\"caption\":\"Jeanette\"},\"sameAs\":[\"https:\\\/\\\/www.eldiario.net\\\/portal\"],\"url\":\"https:\\\/\\\/www.eldiario.net\\\/portal\\\/author\\\/jeanette\\\/\"}]}<\/script>\n<!-- \/ Yoast SEO plugin. -->","yoast_head_json":{"title":"Reynaldo Pardo es el nuevo presidente interino de Comibol - El Diario - Bolivia","robots":{"index":"index","follow":"follow","max-snippet":"max-snippet:-1","max-image-preview":"max-image-preview:large","max-video-preview":"max-video-preview:-1"},"canonical":"https:\/\/www.eldiario.net\/portal\/2023\/06\/20\/reynaldo-pardo-es-el-nuevo-presidente-interino-de-comibol\/","og_locale":"es_ES","og_type":"article","og_title":"Reynaldo Pardo es el nuevo presidente interino de Comibol - El Diario - Bolivia","og_description":"El ministro de Miner\u00eda y Metalurgia, Marcelino Quispe, posesion\u00f3 a Reynaldo Pardo Fern\u00e1ndez como nuevo presidente ejecutivo interino de la Corporaci\u00f3n Minera de Bolivia (Comibol) con el reto de dar continuidad a todos los proyectos del sector. Tras la posesi\u00f3n, la autoridad recomend\u00f3 al nuevo titular de la Comibol dar continuidad a todo lo programado [&hellip;]","og_url":"https:\/\/www.eldiario.net\/portal\/2023\/06\/20\/reynaldo-pardo-es-el-nuevo-presidente-interino-de-comibol\/","og_site_name":"El Diario - Bolivia","article_publisher":"https:\/\/www.facebook.com\/eldiario.bolivia\/","article_published_time":"2023-06-20T10:21:01+00:00","og_image":[{"width":1409,"height":790,"url":"https:\/\/www.eldiario.net\/portal\/wp-content\/uploads\/2023\/06\/19-comibol-abi.jpg","type":"image\/jpeg"}],"author":"Jeanette","twitter_card":"summary_large_image","twitter_creator":"@eldiario_net","twitter_site":"@eldiario_net","twitter_misc":{"Escrito por":"Jeanette","Tiempo de lectura":"2 minutos"},"schema":{"@context":"https:\/\/schema.org","@graph":[{"@type":"Article","@id":"https:\/\/www.eldiario.net\/portal\/2023\/06\/20\/reynaldo-pardo-es-el-nuevo-presidente-interino-de-comibol\/#article","isPartOf":{"@id":"https:\/\/www.eldiario.net\/portal\/2023\/06\/20\/reynaldo-pardo-es-el-nuevo-presidente-interino-de-comibol\/"},"author":{"name":"Jeanette","@id":"https:\/\/www.eldiario.net\/portal\/#\/schema\/person\/f46445640444750d7d753ccd04ae01b7"},"headline":"Reynaldo Pardo es el nuevo presidente interino de Comibol","datePublished":"2023-06-20T10:21:01+00:00","mainEntityOfPage":{"@id":"https:\/\/www.eldiario.net\/portal\/2023\/06\/20\/reynaldo-pardo-es-el-nuevo-presidente-interino-de-comibol\/"},"wordCount":306,"publisher":{"@id":"https:\/\/www.eldiario.net\/portal\/#organization"},"image":{"@id":"https:\/\/www.eldiario.net\/portal\/2023\/06\/20\/reynaldo-pardo-es-el-nuevo-presidente-interino-de-comibol\/#primaryimage"},"thumbnailUrl":"https:\/\/www.eldiario.net\/portal\/wp-content\/uploads\/2023\/06\/19-comibol-abi.jpg","articleSection":["Sociedad - Seguridad"],"inLanguage":"es"},{"@type":"WebPage","@id":"https:\/\/www.eldiario.net\/portal\/2023\/06\/20\/reynaldo-pardo-es-el-nuevo-presidente-interino-de-comibol\/","url":"https:\/\/www.eldiario.net\/portal\/2023\/06\/20\/reynaldo-pardo-es-el-nuevo-presidente-interino-de-comibol\/","name":"Reynaldo Pardo es el nuevo presidente interino de Comibol - El Diario - Bolivia","isPartOf":{"@id":"https:\/\/www.eldiario.net\/portal\/#website"},"primaryImageOfPage":{"@id":"https:\/\/www.eldiario.net\/portal\/2023\/06\/20\/reynaldo-pardo-es-el-nuevo-presidente-interino-de-comibol\/#primaryimage"},"image":{"@id":"https:\/\/www.eldiario.net\/portal\/2023\/06\/20\/reynaldo-pardo-es-el-nuevo-presidente-interino-de-comibol\/#primaryimage"},"thumbnailUrl":"https:\/\/www.eldiario.net\/portal\/wp-content\/uploads\/2023\/06\/19-comibol-abi.jpg","datePublished":"2023-06-20T10:21:01+00:00","breadcrumb":{"@id":"https:\/\/www.eldiario.net\/portal\/2023\/06\/20\/reynaldo-pardo-es-el-nuevo-presidente-interino-de-comibol\/#breadcrumb"},"inLanguage":"es","potentialAction":[{"@type":"ReadAction","target":["https:\/\/www.eldiario.net\/portal\/2023\/06\/20\/reynaldo-pardo-es-el-nuevo-presidente-interino-de-comibol\/"]}]},{"@type":"ImageObject","inLanguage":"es","@id":"https:\/\/www.eldiario.net\/portal\/2023\/06\/20\/reynaldo-pardo-es-el-nuevo-presidente-interino-de-comibol\/#primaryimage","url":"https:\/\/www.eldiario.net\/portal\/wp-content\/uploads\/2023\/06\/19-comibol-abi.jpg","contentUrl":"https:\/\/www.eldiario.net\/portal\/wp-content\/uploads\/2023\/06\/19-comibol-abi.jpg","width":1409,"height":790,"caption":"MOMENTO DE LA TOMA DE JURAMENTO DE LA NUEVA AUTORIDAD. FOTO ABI"},{"@type":"BreadcrumbList","@id":"https:\/\/www.eldiario.net\/portal\/2023\/06\/20\/reynaldo-pardo-es-el-nuevo-presidente-interino-de-comibol\/#breadcrumb","itemListElement":[{"@type":"ListItem","position":1,"name":"Portada","item":"https:\/\/www.eldiario.net\/portal\/"},{"@type":"ListItem","position":2,"name":"Reynaldo Pardo es el nuevo presidente interino de Comibol"}]},{"@type":"WebSite","@id":"https:\/\/www.eldiario.net\/portal\/#website","url":"https:\/\/www.eldiario.net\/portal\/","name":"El Diario - Decano de la prensa nacional","description":"El Diario - Decano de la prensa nacional","publisher":{"@id":"https:\/\/www.eldiario.net\/portal\/#organization"},"potentialAction":[{"@type":"SearchAction","target":{"@type":"EntryPoint","urlTemplate":"https:\/\/www.eldiario.net\/portal\/?s={search_term_string}"},"query-input":{"@type":"PropertyValueSpecification","valueRequired":true,"valueName":"search_term_string"}}],"inLanguage":"es"},{"@type":"Organization","@id":"https:\/\/www.eldiario.net\/portal\/#organization","name":"El Diario - Decano de la prensa nacional","url":"https:\/\/www.eldiario.net\/portal\/","logo":{"@type":"ImageObject","inLanguage":"es","@id":"https:\/\/www.eldiario.net\/portal\/#\/schema\/logo\/image\/","url":"https:\/\/www.eldiario.net\/portal\/wp-content\/uploads\/2023\/07\/logo_ED.jpg","contentUrl":"https:\/\/www.eldiario.net\/portal\/wp-content\/uploads\/2023\/07\/logo_ED.jpg","width":272,"height":52,"caption":"El Diario - Decano de la prensa nacional"},"image":{"@id":"https:\/\/www.eldiario.net\/portal\/#\/schema\/logo\/image\/"},"sameAs":["https:\/\/www.facebook.com\/eldiario.bolivia\/","https:\/\/x.com\/eldiario_net"]},{"@type":"Person","@id":"https:\/\/www.eldiario.net\/portal\/#\/schema\/person\/f46445640444750d7d753ccd04ae01b7","name":"Jeanette","image":{"@type":"ImageObject","inLanguage":"es","@id":"https:\/\/secure.gravatar.com\/avatar\/3ea2118a5f7dad2b7138b1187a6b7ee55f160b9968b66013c3a3ef39dd7e5798?s=96&d=mm&r=g","url":"https:\/\/secure.gravatar.com\/avatar\/3ea2118a5f7dad2b7138b1187a6b7ee55f160b9968b66013c3a3ef39dd7e5798?s=96&d=mm&r=g","contentUrl":"https:\/\/secure.gravatar.com\/avatar\/3ea2118a5f7dad2b7138b1187a6b7ee55f160b9968b66013c3a3ef39dd7e5798?s=96&d=mm&r=g","caption":"Jeanette"},"sameAs":["https:\/\/www.eldiario.net\/portal"],"url":"https:\/\/www.eldiario.net\/portal\/author\/jeanette\/"}]}},"_links":{"self":[{"href":"https:\/\/www.eldiario.net\/portal\/wp-json\/wp\/v2\/posts\/160992","targetHints":{"allow":["GET"]}}],"collection":[{"href":"https:\/\/www.eldiario.net\/portal\/wp-json\/wp\/v2\/posts"}],"about":[{"href":"https:\/\/www.eldiario.net\/portal\/wp-json\/wp\/v2\/types\/post"}],"author":[{"embeddable":true,"href":"https:\/\/www.eldiario.net\/portal\/wp-json\/wp\/v2\/users\/1"}],"replies":[{"embeddable":true,"href":"https:\/\/www.eldiario.net\/portal\/wp-json\/wp\/v2\/comments?post=160992"}],"version-history":[{"count":0,"href":"https:\/\/www.eldiario.net\/portal\/wp-json\/wp\/v2\/posts\/160992\/revisions"}],"wp:featuredmedia":[{"embeddable":true,"href":"https:\/\/www.eldiario.net\/portal\/wp-json\/wp\/v2\/media\/160993"}],"wp:attachment":[{"href":"https:\/\/www.eldiario.net\/portal\/wp-json\/wp\/v2\/media?parent=160992"}],"wp:term":[{"taxonomy":"category","embeddable":true,"href":"https:\/\/www.eldiario.net\/portal\/wp-json\/wp\/v2\/categories?post=160992"},{"taxonomy":"post_tag","embeddable":true,"href":"https:\/\/www.eldiario.net\/portal\/wp-json\/wp\/v2\/tags?post=160992"}],"curies":[{"name":"wp","href":"https:\/\/api.w.org\/{rel}","templated":true}]}}