{"id":160986,"date":"2023-06-20T06:19:22","date_gmt":"2023-06-20T10:19:22","guid":{"rendered":"https:\/\/www.eldiario.net\/portal\/?p=160986"},"modified":"2023-06-20T06:19:22","modified_gmt":"2023-06-20T10:19:22","slug":"aseguran-que-ex-autoridades-del-mmaya-estaran-en-diferentes-secciones-del-penal","status":"publish","type":"post","link":"https:\/\/www.eldiario.net\/portal\/2023\/06\/20\/aseguran-que-ex-autoridades-del-mmaya-estaran-en-diferentes-secciones-del-penal\/","title":{"rendered":"Aseguran que ex autoridades del MMAyA  estar\u00e1n en diferentes secciones del penal"},"content":{"rendered":"<p class=\"v1MsoNormal\"><span lang=\"ES-BO\">Despu\u00e9s que el ex viceministro de Medio Ambiente, Carmelo Valda, fue trasladado al penal de San Pedro de La Paz, el director de R\u00e9gimen Penitenciario, Juan Carlos Limpias, inform\u00f3 que, si bien en el mismo penal se encuentran otros dos implicados del caso, como el exministro Juan Santos Cruz, estar\u00e1 separado de ellos para evitar que se contamine la investigaci\u00f3n, en el caso denominado \u00abcoimas\u00bb.<\/span><\/p>\n<p class=\"v1MsoNormal\"><span lang=\"ES-BO\">\u00abLo que pretendemos es que, si bien la justicia ha determinado su detenci\u00f3n preventiva aqu\u00ed en el centro penitenciario, es separarlos para que no contaminen o piensen que la administraci\u00f3n penitenciaria est\u00e9 favoreciendo en alg\u00fan sentido. Tambi\u00e9n nosotros ya hemos tomado las debidas precauciones para qu\u00e9 estos tres privados de libertad est\u00e9n absolutamente separados\u00bb, precis\u00f3 Limpias.<\/span><\/p>\n<p class=\"v1MsoNormal\"><span lang=\"ES-BO\">Asimismo, explic\u00f3 que los primeros siete d\u00edas, Valda estar\u00e1 en el sector \u00abGrulla\u00bb donde se evaluar\u00e1 su salud antes de pasar a otro sector del penal.<\/span><\/p>\n<p class=\"v1MsoNormal\"><span lang=\"ES-BO\">Limpias explic\u00f3 que Santos Cruz se encuentra en la secci\u00f3n \u00abPosta\u00bb, mientras que el otro implicado en el caso coimas, quien es sobrino del exministro, se encuentra en \u00abpoblaci\u00f3n\u00bb.<\/span><\/p>\n<p class=\"v1MsoNormal\"><span lang=\"ES-BO\">Valda fue aprehendido la noche del viernes, despu\u00e9s de haberse presentado voluntariamente a la Fiscal\u00eda a prestar su declaraci\u00f3n. Al ser conducido a celdas policiales la autoridad dijo tener la \u00abconciencia tranquila\u00bb.<\/span><\/p>\n<p class=\"v1MsoNormal\"><span lang=\"ES-BO\">\u00abComo lo he dicho a los medios de comunicaci\u00f3n, lo mismo he declarado en la Fiscal\u00eda, yo no tengo nada que ver en este caso, eso tiene que quedar claro, respeto la decisi\u00f3n de los fiscales, yo estoy tranquilo y con la conciencia tranquila. Me he presentado voluntariamente, me voy a defender en las instancias que corresponda\u00bb, dijo Valda, el pasado viernes.<\/span><\/p>\n<p class=\"v1MsoNormal\"><span lang=\"ES-BO\">La ex autoridad es investigada porque presuntamente recibi\u00f3 parte del dinero que se solicitaban a las empresas que se adjudicaban proyectos, en el MMAyA.<\/span><\/p>\n<p class=\"v1MsoNormal\"><span lang=\"ES-BO\">La testigo del caso, Claudia Cortez, dijo en su declaraci\u00f3n que ambos se conoc\u00edan y llegaron a tener rencillas porque Santos Cruz la nombr\u00f3 \u00abinterventora\u00bb de la Unidad Coordinadora del Programa de Agua y Alcantarillado Periurbano (UCP\/PAAP), que depend\u00eda del Viceministerio de Agua.<\/span><\/p>\n<p class=\"v1MsoNormal\"><span lang=\"ES-BO\">\u00abEl viceministro (Valda) manej\u00f3 todos los procesos de contrataci\u00f3n de la gesti\u00f3n 2021 a trav\u00e9s de su coordinador, ingeniero Juan Pablo D\u00edaz\u00bb, es parte de la declaraci\u00f3n que Cortez dio el 13 de mayo ante los fiscales Bladimir Bol\u00edvar y Franklin Alborta, en La Paz.<\/span><\/p>\n<p class=\"v1MsoNormal\"><span lang=\"ES-BO\">Fue su segunda declaraci\u00f3n, la primera la hab\u00eda dado el 16 de mayo, en Santa Cruz y en calidad de testigo, ahora ya figura como sindicada dentro del proceso, pero no fue aprehendida y aspira a convertirse en \u00abcolaboradora efectiva\u00bb.<\/span><\/p>\n<p class=\"v1MsoNormal\"><span lang=\"ES-BO\">En una entrevista con el periodista Andr\u00e9s G\u00f3mez, publicada el 7 de mayo, Cortez relat\u00f3 que, mientras fue parte del \u00abequipo\u00bb dedicado al cobro de las coimas, se dieron disputas internas por el control del sistema de las licitaciones entre Santos y Valda, este \u00faltimo designado en el cargo con la venia del presidente Luis Arce.<\/span><\/p>\n","protected":false},"excerpt":{"rendered":"<p>Despu\u00e9s que el ex viceministro de Medio Ambiente, Carmelo Valda, fue trasladado al penal de San Pedro de La Paz, el director de R\u00e9gimen Penitenciario, Juan Carlos Limpias, inform\u00f3 que, si bien en el mismo penal se encuentran otros dos implicados del caso, como el exministro Juan Santos Cruz, estar\u00e1 separado de ellos para evitar [&hellip;]<\/p>\n","protected":false},"author":1,"featured_media":160987,"comment_status":"closed","ping_status":"closed","sticky":false,"template":"","format":"standard","meta":{"_acf_changed":false,"footnotes":""},"categories":[39],"tags":[],"class_list":["post-160986","post","type-post","status-publish","format-standard","has-post-thumbnail","category-sociedad"],"acf":{"antetitulo":""},"yoast_head":"<!-- This site is optimized with the Yoast SEO plugin v28.3 - https:\/\/yoast.com\/product\/yoast-seo-wordpress\/ -->\n<title>Aseguran que ex autoridades del MMAyA estar\u00e1n en diferentes secciones del penal - El Diario - Bolivia<\/title>\n<meta name=\"robots\" content=\"index, follow, max-snippet:-1, max-image-preview:large, max-video-preview:-1\" \/>\n<link rel=\"canonical\" href=\"https:\/\/www.eldiario.net\/portal\/2023\/06\/20\/aseguran-que-ex-autoridades-del-mmaya-estaran-en-diferentes-secciones-del-penal\/\" \/>\n<meta property=\"og:locale\" content=\"es_ES\" \/>\n<meta property=\"og:type\" content=\"article\" \/>\n<meta property=\"og:title\" content=\"Aseguran que ex autoridades del MMAyA estar\u00e1n en diferentes secciones del penal - El Diario - Bolivia\" \/>\n<meta property=\"og:description\" content=\"Despu\u00e9s que el ex viceministro de Medio Ambiente, Carmelo Valda, fue trasladado al penal de San Pedro de La Paz, el director de R\u00e9gimen Penitenciario, Juan Carlos Limpias, inform\u00f3 que, si bien en el mismo penal se encuentran otros dos implicados del caso, como el exministro Juan Santos Cruz, estar\u00e1 separado de ellos para evitar [&hellip;]\" \/>\n<meta property=\"og:url\" content=\"https:\/\/www.eldiario.net\/portal\/2023\/06\/20\/aseguran-que-ex-autoridades-del-mmaya-estaran-en-diferentes-secciones-del-penal\/\" \/>\n<meta property=\"og:site_name\" content=\"El Diario - Bolivia\" \/>\n<meta property=\"article:publisher\" content=\"https:\/\/www.facebook.com\/eldiario.bolivia\/\" \/>\n<meta property=\"article:published_time\" content=\"2023-06-20T10:19:22+00:00\" \/>\n<meta property=\"og:image\" content=\"https:\/\/www.eldiario.net\/portal\/wp-content\/uploads\/2023\/06\/13-valda-apg.jpg\" \/>\n\t<meta property=\"og:image:width\" content=\"1600\" \/>\n\t<meta property=\"og:image:height\" content=\"1059\" \/>\n\t<meta property=\"og:image:type\" content=\"image\/jpeg\" \/>\n<meta name=\"author\" content=\"Jeanette\" \/>\n<meta name=\"twitter:card\" content=\"summary_large_image\" \/>\n<meta name=\"twitter:creator\" content=\"@eldiario_net\" \/>\n<meta name=\"twitter:site\" content=\"@eldiario_net\" \/>\n<meta name=\"twitter:label1\" content=\"Escrito por\" \/>\n\t<meta name=\"twitter:data1\" content=\"Jeanette\" \/>\n\t<meta name=\"twitter:label2\" content=\"Tiempo de lectura\" \/>\n\t<meta name=\"twitter:data2\" content=\"3 minutos\" \/>\n<script type=\"application\/ld+json\" class=\"yoast-schema-graph\">{\"@context\":\"https:\\\/\\\/schema.org\",\"@graph\":[{\"@type\":\"Article\",\"@id\":\"https:\\\/\\\/www.eldiario.net\\\/portal\\\/2023\\\/06\\\/20\\\/aseguran-que-ex-autoridades-del-mmaya-estaran-en-diferentes-secciones-del-penal\\\/#article\",\"isPartOf\":{\"@id\":\"https:\\\/\\\/www.eldiario.net\\\/portal\\\/2023\\\/06\\\/20\\\/aseguran-que-ex-autoridades-del-mmaya-estaran-en-diferentes-secciones-del-penal\\\/\"},\"author\":{\"name\":\"Jeanette\",\"@id\":\"https:\\\/\\\/www.eldiario.net\\\/portal\\\/#\\\/schema\\\/person\\\/f46445640444750d7d753ccd04ae01b7\"},\"headline\":\"Aseguran que ex autoridades del MMAyA estar\u00e1n en diferentes secciones del penal\",\"datePublished\":\"2023-06-20T10:19:22+00:00\",\"mainEntityOfPage\":{\"@id\":\"https:\\\/\\\/www.eldiario.net\\\/portal\\\/2023\\\/06\\\/20\\\/aseguran-que-ex-autoridades-del-mmaya-estaran-en-diferentes-secciones-del-penal\\\/\"},\"wordCount\":518,\"publisher\":{\"@id\":\"https:\\\/\\\/www.eldiario.net\\\/portal\\\/#organization\"},\"image\":{\"@id\":\"https:\\\/\\\/www.eldiario.net\\\/portal\\\/2023\\\/06\\\/20\\\/aseguran-que-ex-autoridades-del-mmaya-estaran-en-diferentes-secciones-del-penal\\\/#primaryimage\"},\"thumbnailUrl\":\"https:\\\/\\\/www.eldiario.net\\\/portal\\\/wp-content\\\/uploads\\\/2023\\\/06\\\/13-valda-apg.jpg\",\"articleSection\":[\"Sociedad - Seguridad\"],\"inLanguage\":\"es\"},{\"@type\":\"WebPage\",\"@id\":\"https:\\\/\\\/www.eldiario.net\\\/portal\\\/2023\\\/06\\\/20\\\/aseguran-que-ex-autoridades-del-mmaya-estaran-en-diferentes-secciones-del-penal\\\/\",\"url\":\"https:\\\/\\\/www.eldiario.net\\\/portal\\\/2023\\\/06\\\/20\\\/aseguran-que-ex-autoridades-del-mmaya-estaran-en-diferentes-secciones-del-penal\\\/\",\"name\":\"Aseguran que ex autoridades del MMAyA estar\u00e1n en diferentes secciones del penal - El Diario - Bolivia\",\"isPartOf\":{\"@id\":\"https:\\\/\\\/www.eldiario.net\\\/portal\\\/#website\"},\"primaryImageOfPage\":{\"@id\":\"https:\\\/\\\/www.eldiario.net\\\/portal\\\/2023\\\/06\\\/20\\\/aseguran-que-ex-autoridades-del-mmaya-estaran-en-diferentes-secciones-del-penal\\\/#primaryimage\"},\"image\":{\"@id\":\"https:\\\/\\\/www.eldiario.net\\\/portal\\\/2023\\\/06\\\/20\\\/aseguran-que-ex-autoridades-del-mmaya-estaran-en-diferentes-secciones-del-penal\\\/#primaryimage\"},\"thumbnailUrl\":\"https:\\\/\\\/www.eldiario.net\\\/portal\\\/wp-content\\\/uploads\\\/2023\\\/06\\\/13-valda-apg.jpg\",\"datePublished\":\"2023-06-20T10:19:22+00:00\",\"breadcrumb\":{\"@id\":\"https:\\\/\\\/www.eldiario.net\\\/portal\\\/2023\\\/06\\\/20\\\/aseguran-que-ex-autoridades-del-mmaya-estaran-en-diferentes-secciones-del-penal\\\/#breadcrumb\"},\"inLanguage\":\"es\",\"potentialAction\":[{\"@type\":\"ReadAction\",\"target\":[\"https:\\\/\\\/www.eldiario.net\\\/portal\\\/2023\\\/06\\\/20\\\/aseguran-que-ex-autoridades-del-mmaya-estaran-en-diferentes-secciones-del-penal\\\/\"]}]},{\"@type\":\"ImageObject\",\"inLanguage\":\"es\",\"@id\":\"https:\\\/\\\/www.eldiario.net\\\/portal\\\/2023\\\/06\\\/20\\\/aseguran-que-ex-autoridades-del-mmaya-estaran-en-diferentes-secciones-del-penal\\\/#primaryimage\",\"url\":\"https:\\\/\\\/www.eldiario.net\\\/portal\\\/wp-content\\\/uploads\\\/2023\\\/06\\\/13-valda-apg.jpg\",\"contentUrl\":\"https:\\\/\\\/www.eldiario.net\\\/portal\\\/wp-content\\\/uploads\\\/2023\\\/06\\\/13-valda-apg.jpg\",\"width\":1600,\"height\":1059,\"caption\":\"MOMENTO EN EL QUE CARMELO VALDA ERA TRASLADADO A CELDAS POLICIALES DE LA PAZ CR\u00c9DITO: APG\"},{\"@type\":\"BreadcrumbList\",\"@id\":\"https:\\\/\\\/www.eldiario.net\\\/portal\\\/2023\\\/06\\\/20\\\/aseguran-que-ex-autoridades-del-mmaya-estaran-en-diferentes-secciones-del-penal\\\/#breadcrumb\",\"itemListElement\":[{\"@type\":\"ListItem\",\"position\":1,\"name\":\"Portada\",\"item\":\"https:\\\/\\\/www.eldiario.net\\\/portal\\\/\"},{\"@type\":\"ListItem\",\"position\":2,\"name\":\"Aseguran que ex autoridades del MMAyA estar\u00e1n en diferentes secciones del penal\"}]},{\"@type\":\"WebSite\",\"@id\":\"https:\\\/\\\/www.eldiario.net\\\/portal\\\/#website\",\"url\":\"https:\\\/\\\/www.eldiario.net\\\/portal\\\/\",\"name\":\"El Diario - Decano de la prensa nacional\",\"description\":\"El Diario - Decano de la prensa nacional\",\"publisher\":{\"@id\":\"https:\\\/\\\/www.eldiario.net\\\/portal\\\/#organization\"},\"potentialAction\":[{\"@type\":\"SearchAction\",\"target\":{\"@type\":\"EntryPoint\",\"urlTemplate\":\"https:\\\/\\\/www.eldiario.net\\\/portal\\\/?s={search_term_string}\"},\"query-input\":{\"@type\":\"PropertyValueSpecification\",\"valueRequired\":true,\"valueName\":\"search_term_string\"}}],\"inLanguage\":\"es\"},{\"@type\":\"Organization\",\"@id\":\"https:\\\/\\\/www.eldiario.net\\\/portal\\\/#organization\",\"name\":\"El Diario - Decano de la prensa nacional\",\"url\":\"https:\\\/\\\/www.eldiario.net\\\/portal\\\/\",\"logo\":{\"@type\":\"ImageObject\",\"inLanguage\":\"es\",\"@id\":\"https:\\\/\\\/www.eldiario.net\\\/portal\\\/#\\\/schema\\\/logo\\\/image\\\/\",\"url\":\"https:\\\/\\\/www.eldiario.net\\\/portal\\\/wp-content\\\/uploads\\\/2023\\\/07\\\/logo_ED.jpg\",\"contentUrl\":\"https:\\\/\\\/www.eldiario.net\\\/portal\\\/wp-content\\\/uploads\\\/2023\\\/07\\\/logo_ED.jpg\",\"width\":272,\"height\":52,\"caption\":\"El Diario - Decano de la prensa nacional\"},\"image\":{\"@id\":\"https:\\\/\\\/www.eldiario.net\\\/portal\\\/#\\\/schema\\\/logo\\\/image\\\/\"},\"sameAs\":[\"https:\\\/\\\/www.facebook.com\\\/eldiario.bolivia\\\/\",\"https:\\\/\\\/x.com\\\/eldiario_net\"]},{\"@type\":\"Person\",\"@id\":\"https:\\\/\\\/www.eldiario.net\\\/portal\\\/#\\\/schema\\\/person\\\/f46445640444750d7d753ccd04ae01b7\",\"name\":\"Jeanette\",\"image\":{\"@type\":\"ImageObject\",\"inLanguage\":\"es\",\"@id\":\"https:\\\/\\\/secure.gravatar.com\\\/avatar\\\/3ea2118a5f7dad2b7138b1187a6b7ee55f160b9968b66013c3a3ef39dd7e5798?s=96&d=mm&r=g\",\"url\":\"https:\\\/\\\/secure.gravatar.com\\\/avatar\\\/3ea2118a5f7dad2b7138b1187a6b7ee55f160b9968b66013c3a3ef39dd7e5798?s=96&d=mm&r=g\",\"contentUrl\":\"https:\\\/\\\/secure.gravatar.com\\\/avatar\\\/3ea2118a5f7dad2b7138b1187a6b7ee55f160b9968b66013c3a3ef39dd7e5798?s=96&d=mm&r=g\",\"caption\":\"Jeanette\"},\"sameAs\":[\"https:\\\/\\\/www.eldiario.net\\\/portal\"],\"url\":\"https:\\\/\\\/www.eldiario.net\\\/portal\\\/author\\\/jeanette\\\/\"}]}<\/script>\n<!-- \/ Yoast SEO plugin. -->","yoast_head_json":{"title":"Aseguran que ex autoridades del MMAyA estar\u00e1n en diferentes secciones del penal - El Diario - Bolivia","robots":{"index":"index","follow":"follow","max-snippet":"max-snippet:-1","max-image-preview":"max-image-preview:large","max-video-preview":"max-video-preview:-1"},"canonical":"https:\/\/www.eldiario.net\/portal\/2023\/06\/20\/aseguran-que-ex-autoridades-del-mmaya-estaran-en-diferentes-secciones-del-penal\/","og_locale":"es_ES","og_type":"article","og_title":"Aseguran que ex autoridades del MMAyA estar\u00e1n en diferentes secciones del penal - El Diario - Bolivia","og_description":"Despu\u00e9s que el ex viceministro de Medio Ambiente, Carmelo Valda, fue trasladado al penal de San Pedro de La Paz, el director de R\u00e9gimen Penitenciario, Juan Carlos Limpias, inform\u00f3 que, si bien en el mismo penal se encuentran otros dos implicados del caso, como el exministro Juan Santos Cruz, estar\u00e1 separado de ellos para evitar [&hellip;]","og_url":"https:\/\/www.eldiario.net\/portal\/2023\/06\/20\/aseguran-que-ex-autoridades-del-mmaya-estaran-en-diferentes-secciones-del-penal\/","og_site_name":"El Diario - Bolivia","article_publisher":"https:\/\/www.facebook.com\/eldiario.bolivia\/","article_published_time":"2023-06-20T10:19:22+00:00","og_image":[{"width":1600,"height":1059,"url":"https:\/\/www.eldiario.net\/portal\/wp-content\/uploads\/2023\/06\/13-valda-apg.jpg","type":"image\/jpeg"}],"author":"Jeanette","twitter_card":"summary_large_image","twitter_creator":"@eldiario_net","twitter_site":"@eldiario_net","twitter_misc":{"Escrito por":"Jeanette","Tiempo de lectura":"3 minutos"},"schema":{"@context":"https:\/\/schema.org","@graph":[{"@type":"Article","@id":"https:\/\/www.eldiario.net\/portal\/2023\/06\/20\/aseguran-que-ex-autoridades-del-mmaya-estaran-en-diferentes-secciones-del-penal\/#article","isPartOf":{"@id":"https:\/\/www.eldiario.net\/portal\/2023\/06\/20\/aseguran-que-ex-autoridades-del-mmaya-estaran-en-diferentes-secciones-del-penal\/"},"author":{"name":"Jeanette","@id":"https:\/\/www.eldiario.net\/portal\/#\/schema\/person\/f46445640444750d7d753ccd04ae01b7"},"headline":"Aseguran que ex autoridades del MMAyA estar\u00e1n en diferentes secciones del penal","datePublished":"2023-06-20T10:19:22+00:00","mainEntityOfPage":{"@id":"https:\/\/www.eldiario.net\/portal\/2023\/06\/20\/aseguran-que-ex-autoridades-del-mmaya-estaran-en-diferentes-secciones-del-penal\/"},"wordCount":518,"publisher":{"@id":"https:\/\/www.eldiario.net\/portal\/#organization"},"image":{"@id":"https:\/\/www.eldiario.net\/portal\/2023\/06\/20\/aseguran-que-ex-autoridades-del-mmaya-estaran-en-diferentes-secciones-del-penal\/#primaryimage"},"thumbnailUrl":"https:\/\/www.eldiario.net\/portal\/wp-content\/uploads\/2023\/06\/13-valda-apg.jpg","articleSection":["Sociedad - Seguridad"],"inLanguage":"es"},{"@type":"WebPage","@id":"https:\/\/www.eldiario.net\/portal\/2023\/06\/20\/aseguran-que-ex-autoridades-del-mmaya-estaran-en-diferentes-secciones-del-penal\/","url":"https:\/\/www.eldiario.net\/portal\/2023\/06\/20\/aseguran-que-ex-autoridades-del-mmaya-estaran-en-diferentes-secciones-del-penal\/","name":"Aseguran que ex autoridades del MMAyA estar\u00e1n en diferentes secciones del penal - El Diario - Bolivia","isPartOf":{"@id":"https:\/\/www.eldiario.net\/portal\/#website"},"primaryImageOfPage":{"@id":"https:\/\/www.eldiario.net\/portal\/2023\/06\/20\/aseguran-que-ex-autoridades-del-mmaya-estaran-en-diferentes-secciones-del-penal\/#primaryimage"},"image":{"@id":"https:\/\/www.eldiario.net\/portal\/2023\/06\/20\/aseguran-que-ex-autoridades-del-mmaya-estaran-en-diferentes-secciones-del-penal\/#primaryimage"},"thumbnailUrl":"https:\/\/www.eldiario.net\/portal\/wp-content\/uploads\/2023\/06\/13-valda-apg.jpg","datePublished":"2023-06-20T10:19:22+00:00","breadcrumb":{"@id":"https:\/\/www.eldiario.net\/portal\/2023\/06\/20\/aseguran-que-ex-autoridades-del-mmaya-estaran-en-diferentes-secciones-del-penal\/#breadcrumb"},"inLanguage":"es","potentialAction":[{"@type":"ReadAction","target":["https:\/\/www.eldiario.net\/portal\/2023\/06\/20\/aseguran-que-ex-autoridades-del-mmaya-estaran-en-diferentes-secciones-del-penal\/"]}]},{"@type":"ImageObject","inLanguage":"es","@id":"https:\/\/www.eldiario.net\/portal\/2023\/06\/20\/aseguran-que-ex-autoridades-del-mmaya-estaran-en-diferentes-secciones-del-penal\/#primaryimage","url":"https:\/\/www.eldiario.net\/portal\/wp-content\/uploads\/2023\/06\/13-valda-apg.jpg","contentUrl":"https:\/\/www.eldiario.net\/portal\/wp-content\/uploads\/2023\/06\/13-valda-apg.jpg","width":1600,"height":1059,"caption":"MOMENTO EN EL QUE CARMELO VALDA ERA TRASLADADO A CELDAS POLICIALES DE LA PAZ CR\u00c9DITO: APG"},{"@type":"BreadcrumbList","@id":"https:\/\/www.eldiario.net\/portal\/2023\/06\/20\/aseguran-que-ex-autoridades-del-mmaya-estaran-en-diferentes-secciones-del-penal\/#breadcrumb","itemListElement":[{"@type":"ListItem","position":1,"name":"Portada","item":"https:\/\/www.eldiario.net\/portal\/"},{"@type":"ListItem","position":2,"name":"Aseguran que ex autoridades del MMAyA estar\u00e1n en diferentes secciones del penal"}]},{"@type":"WebSite","@id":"https:\/\/www.eldiario.net\/portal\/#website","url":"https:\/\/www.eldiario.net\/portal\/","name":"El Diario - Decano de la prensa nacional","description":"El Diario - Decano de la prensa nacional","publisher":{"@id":"https:\/\/www.eldiario.net\/portal\/#organization"},"potentialAction":[{"@type":"SearchAction","target":{"@type":"EntryPoint","urlTemplate":"https:\/\/www.eldiario.net\/portal\/?s={search_term_string}"},"query-input":{"@type":"PropertyValueSpecification","valueRequired":true,"valueName":"search_term_string"}}],"inLanguage":"es"},{"@type":"Organization","@id":"https:\/\/www.eldiario.net\/portal\/#organization","name":"El Diario - Decano de la prensa nacional","url":"https:\/\/www.eldiario.net\/portal\/","logo":{"@type":"ImageObject","inLanguage":"es","@id":"https:\/\/www.eldiario.net\/portal\/#\/schema\/logo\/image\/","url":"https:\/\/www.eldiario.net\/portal\/wp-content\/uploads\/2023\/07\/logo_ED.jpg","contentUrl":"https:\/\/www.eldiario.net\/portal\/wp-content\/uploads\/2023\/07\/logo_ED.jpg","width":272,"height":52,"caption":"El Diario - Decano de la prensa nacional"},"image":{"@id":"https:\/\/www.eldiario.net\/portal\/#\/schema\/logo\/image\/"},"sameAs":["https:\/\/www.facebook.com\/eldiario.bolivia\/","https:\/\/x.com\/eldiario_net"]},{"@type":"Person","@id":"https:\/\/www.eldiario.net\/portal\/#\/schema\/person\/f46445640444750d7d753ccd04ae01b7","name":"Jeanette","image":{"@type":"ImageObject","inLanguage":"es","@id":"https:\/\/secure.gravatar.com\/avatar\/3ea2118a5f7dad2b7138b1187a6b7ee55f160b9968b66013c3a3ef39dd7e5798?s=96&d=mm&r=g","url":"https:\/\/secure.gravatar.com\/avatar\/3ea2118a5f7dad2b7138b1187a6b7ee55f160b9968b66013c3a3ef39dd7e5798?s=96&d=mm&r=g","contentUrl":"https:\/\/secure.gravatar.com\/avatar\/3ea2118a5f7dad2b7138b1187a6b7ee55f160b9968b66013c3a3ef39dd7e5798?s=96&d=mm&r=g","caption":"Jeanette"},"sameAs":["https:\/\/www.eldiario.net\/portal"],"url":"https:\/\/www.eldiario.net\/portal\/author\/jeanette\/"}]}},"_links":{"self":[{"href":"https:\/\/www.eldiario.net\/portal\/wp-json\/wp\/v2\/posts\/160986","targetHints":{"allow":["GET"]}}],"collection":[{"href":"https:\/\/www.eldiario.net\/portal\/wp-json\/wp\/v2\/posts"}],"about":[{"href":"https:\/\/www.eldiario.net\/portal\/wp-json\/wp\/v2\/types\/post"}],"author":[{"embeddable":true,"href":"https:\/\/www.eldiario.net\/portal\/wp-json\/wp\/v2\/users\/1"}],"replies":[{"embeddable":true,"href":"https:\/\/www.eldiario.net\/portal\/wp-json\/wp\/v2\/comments?post=160986"}],"version-history":[{"count":0,"href":"https:\/\/www.eldiario.net\/portal\/wp-json\/wp\/v2\/posts\/160986\/revisions"}],"wp:featuredmedia":[{"embeddable":true,"href":"https:\/\/www.eldiario.net\/portal\/wp-json\/wp\/v2\/media\/160987"}],"wp:attachment":[{"href":"https:\/\/www.eldiario.net\/portal\/wp-json\/wp\/v2\/media?parent=160986"}],"wp:term":[{"taxonomy":"category","embeddable":true,"href":"https:\/\/www.eldiario.net\/portal\/wp-json\/wp\/v2\/categories?post=160986"},{"taxonomy":"post_tag","embeddable":true,"href":"https:\/\/www.eldiario.net\/portal\/wp-json\/wp\/v2\/tags?post=160986"}],"curies":[{"name":"wp","href":"https:\/\/api.w.org\/{rel}","templated":true}]}}