{"id":160983,"date":"2023-06-20T06:18:07","date_gmt":"2023-06-20T10:18:07","guid":{"rendered":"https:\/\/www.eldiario.net\/portal\/?p=160983"},"modified":"2023-06-20T06:18:07","modified_gmt":"2023-06-20T10:18:07","slug":"inicio-juicio-contra-sujeto-que-disparo-a-su-esposa","status":"publish","type":"post","link":"https:\/\/www.eldiario.net\/portal\/2023\/06\/20\/inicio-juicio-contra-sujeto-que-disparo-a-su-esposa\/","title":{"rendered":"Inici\u00f3 juicio contra sujeto  que dispar\u00f3 a su esposa"},"content":{"rendered":"<p class=\"v1MsoNormal\">El Tribunal Departamental de Justicia de Cochabamba inici\u00f3 ayer el juicio penal por tentativa de feminicidio cometido el a\u00f1o pasado contra Hilda, una mujer que se salv\u00f3 de ser asesinada por su esposo, quien la golpe\u00f3 brutalmente con un garrote y luego la persigui\u00f3 dispar\u00e1ndole con un arma de fuego.<\/p>\n<p class=\"v1MsoNormal\">Hilda, la mujer de 55 a\u00f1os, vivi\u00f3 una pesadilla en mayo de 2022. Su esposo la golpe\u00f3, le dispar\u00f3 y ella tuvo que huir intern\u00e1ndose en el monte, en Villa Tunari, hasta que comunarios la rescataron y la llevaron al hospital San Francisco de As\u00eds, donde le hicieron algunas curaciones y luego lleg\u00f3 a Cochabamba, para que le extraigan una bala del hombro.<\/p>\n<p class=\"v1MsoNormal\">Hilda se cas\u00f3 a los 18 a\u00f1os con un hombre que result\u00f3 ser muy violento. Desde ese momento, ella soport\u00f3 decenas de golpizas en su chaco. Tuvo 10 hijos, tres de ellos murieron. Su marido la hab\u00eda abandonado hace a\u00f1os, pero volvi\u00f3 en mayo de 2022, m\u00e1s violento que nunca. Aunque la comunidad le aconsej\u00f3 a Hilda que lo perdonara, el hombre la atac\u00f3 sin piedad con un garrote, el 20 de mayo y la acus\u00f3 de querer quedarse con el chaco.<\/p>\n<p class=\"v1MsoNormal\">Mientras los golpes le llov\u00edan en la cabeza y la sangre corr\u00eda por su rostro, Hilda supo que iba a matarla. \u00abTodo me daba vueltas, como si me fuera a desmayar, solo pude clamar a mi Se\u00f1or y de alg\u00fan lado vinieron las fuerzas para levantarme y correr hacia el monte, pero \u00e9l sac\u00f3 un arma y empez\u00f3 a dispararme varias veces, una de las balas entr\u00f3 a mi hombro\u00bb.<\/p>\n<p class=\"v1MsoNormal\">Los comunarios la rescataron y llevaron al hospital San Francisco de As\u00eds, donde le curaron algunas heridas en la cabeza, pero le dijeron que no pod\u00edan extraerle el proyectil.<\/p>\n<p class=\"v1MsoNormal\">Lleg\u00f3 a Cochabamba, en busca de auxilio y luego de vivir otra pesadilla para lograr atenci\u00f3n m\u00e9dica hospitalaria, la bala fue extra\u00edda de su hombro. Abogados del Observatorio de Justicia de la Fundaci\u00f3n Voces Libres defienden a Hilda.<\/p>\n<p class=\"v1MsoNormal\">\u00abTenemos todos los elementos y pruebas para demostrar en juicio que Pastor Q. S. tuvo toda la intenci\u00f3n de matar a Hilda y que, si no lo logr\u00f3, fue porque ella pudo huir intern\u00e1ndose en el monte para evitar m\u00e1s disparos\u00bb, dijo el abogado Marcelo S\u00e1nchez.<\/p>\n","protected":false},"excerpt":{"rendered":"<p>El Tribunal Departamental de Justicia de Cochabamba inici\u00f3 ayer el juicio penal por tentativa de feminicidio cometido el a\u00f1o pasado contra Hilda, una mujer que se salv\u00f3 de ser asesinada por su esposo, quien la golpe\u00f3 brutalmente con un garrote y luego la persigui\u00f3 dispar\u00e1ndole con un arma de fuego. Hilda, la mujer de 55 [&hellip;]<\/p>\n","protected":false},"author":1,"featured_media":160984,"comment_status":"closed","ping_status":"closed","sticky":false,"template":"","format":"standard","meta":{"_acf_changed":false,"footnotes":""},"categories":[39],"tags":[],"class_list":["post-160983","post","type-post","status-publish","format-standard","has-post-thumbnail","category-sociedad"],"acf":{"antetitulo":""},"yoast_head":"<!-- This site is optimized with the Yoast SEO plugin v28.3 - https:\/\/yoast.com\/product\/yoast-seo-wordpress\/ -->\n<title>Inici\u00f3 juicio contra sujeto que dispar\u00f3 a su esposa - El Diario - Bolivia<\/title>\n<meta name=\"robots\" content=\"index, follow, max-snippet:-1, max-image-preview:large, max-video-preview:-1\" \/>\n<link rel=\"canonical\" href=\"https:\/\/www.eldiario.net\/portal\/2023\/06\/20\/inicio-juicio-contra-sujeto-que-disparo-a-su-esposa\/\" \/>\n<meta property=\"og:locale\" content=\"es_ES\" \/>\n<meta property=\"og:type\" content=\"article\" \/>\n<meta property=\"og:title\" content=\"Inici\u00f3 juicio contra sujeto que dispar\u00f3 a su esposa - El Diario - Bolivia\" \/>\n<meta property=\"og:description\" content=\"El Tribunal Departamental de Justicia de Cochabamba inici\u00f3 ayer el juicio penal por tentativa de feminicidio cometido el a\u00f1o pasado contra Hilda, una mujer que se salv\u00f3 de ser asesinada por su esposo, quien la golpe\u00f3 brutalmente con un garrote y luego la persigui\u00f3 dispar\u00e1ndole con un arma de fuego. Hilda, la mujer de 55 [&hellip;]\" \/>\n<meta property=\"og:url\" content=\"https:\/\/www.eldiario.net\/portal\/2023\/06\/20\/inicio-juicio-contra-sujeto-que-disparo-a-su-esposa\/\" \/>\n<meta property=\"og:site_name\" content=\"El Diario - Bolivia\" \/>\n<meta property=\"article:publisher\" content=\"https:\/\/www.facebook.com\/eldiario.bolivia\/\" \/>\n<meta property=\"article:published_time\" content=\"2023-06-20T10:18:07+00:00\" \/>\n<meta property=\"og:image\" content=\"https:\/\/www.eldiario.net\/portal\/wp-content\/uploads\/2023\/06\/14-hilda-fundacion-voces-libres-e1687256282355.jpg\" \/>\n\t<meta property=\"og:image:width\" content=\"311\" \/>\n\t<meta property=\"og:image:height\" content=\"297\" \/>\n\t<meta property=\"og:image:type\" content=\"image\/jpeg\" \/>\n<meta name=\"author\" content=\"Jeanette\" \/>\n<meta name=\"twitter:card\" content=\"summary_large_image\" \/>\n<meta name=\"twitter:creator\" content=\"@eldiario_net\" \/>\n<meta name=\"twitter:site\" content=\"@eldiario_net\" \/>\n<meta name=\"twitter:label1\" content=\"Escrito por\" \/>\n\t<meta name=\"twitter:data1\" content=\"Jeanette\" \/>\n\t<meta name=\"twitter:label2\" content=\"Tiempo de lectura\" \/>\n\t<meta name=\"twitter:data2\" content=\"2 minutos\" \/>\n<script type=\"application\/ld+json\" class=\"yoast-schema-graph\">{\"@context\":\"https:\\\/\\\/schema.org\",\"@graph\":[{\"@type\":\"Article\",\"@id\":\"https:\\\/\\\/www.eldiario.net\\\/portal\\\/2023\\\/06\\\/20\\\/inicio-juicio-contra-sujeto-que-disparo-a-su-esposa\\\/#article\",\"isPartOf\":{\"@id\":\"https:\\\/\\\/www.eldiario.net\\\/portal\\\/2023\\\/06\\\/20\\\/inicio-juicio-contra-sujeto-que-disparo-a-su-esposa\\\/\"},\"author\":{\"name\":\"Jeanette\",\"@id\":\"https:\\\/\\\/www.eldiario.net\\\/portal\\\/#\\\/schema\\\/person\\\/f46445640444750d7d753ccd04ae01b7\"},\"headline\":\"Inici\u00f3 juicio contra sujeto que dispar\u00f3 a su esposa\",\"datePublished\":\"2023-06-20T10:18:07+00:00\",\"mainEntityOfPage\":{\"@id\":\"https:\\\/\\\/www.eldiario.net\\\/portal\\\/2023\\\/06\\\/20\\\/inicio-juicio-contra-sujeto-que-disparo-a-su-esposa\\\/\"},\"wordCount\":404,\"publisher\":{\"@id\":\"https:\\\/\\\/www.eldiario.net\\\/portal\\\/#organization\"},\"image\":{\"@id\":\"https:\\\/\\\/www.eldiario.net\\\/portal\\\/2023\\\/06\\\/20\\\/inicio-juicio-contra-sujeto-que-disparo-a-su-esposa\\\/#primaryimage\"},\"thumbnailUrl\":\"https:\\\/\\\/www.eldiario.net\\\/portal\\\/wp-content\\\/uploads\\\/2023\\\/06\\\/14-hilda-fundacion-voces-libres-e1687256282355.jpg\",\"articleSection\":[\"Sociedad - Seguridad\"],\"inLanguage\":\"es\"},{\"@type\":\"WebPage\",\"@id\":\"https:\\\/\\\/www.eldiario.net\\\/portal\\\/2023\\\/06\\\/20\\\/inicio-juicio-contra-sujeto-que-disparo-a-su-esposa\\\/\",\"url\":\"https:\\\/\\\/www.eldiario.net\\\/portal\\\/2023\\\/06\\\/20\\\/inicio-juicio-contra-sujeto-que-disparo-a-su-esposa\\\/\",\"name\":\"Inici\u00f3 juicio contra sujeto que dispar\u00f3 a su esposa - El Diario - Bolivia\",\"isPartOf\":{\"@id\":\"https:\\\/\\\/www.eldiario.net\\\/portal\\\/#website\"},\"primaryImageOfPage\":{\"@id\":\"https:\\\/\\\/www.eldiario.net\\\/portal\\\/2023\\\/06\\\/20\\\/inicio-juicio-contra-sujeto-que-disparo-a-su-esposa\\\/#primaryimage\"},\"image\":{\"@id\":\"https:\\\/\\\/www.eldiario.net\\\/portal\\\/2023\\\/06\\\/20\\\/inicio-juicio-contra-sujeto-que-disparo-a-su-esposa\\\/#primaryimage\"},\"thumbnailUrl\":\"https:\\\/\\\/www.eldiario.net\\\/portal\\\/wp-content\\\/uploads\\\/2023\\\/06\\\/14-hilda-fundacion-voces-libres-e1687256282355.jpg\",\"datePublished\":\"2023-06-20T10:18:07+00:00\",\"breadcrumb\":{\"@id\":\"https:\\\/\\\/www.eldiario.net\\\/portal\\\/2023\\\/06\\\/20\\\/inicio-juicio-contra-sujeto-que-disparo-a-su-esposa\\\/#breadcrumb\"},\"inLanguage\":\"es\",\"potentialAction\":[{\"@type\":\"ReadAction\",\"target\":[\"https:\\\/\\\/www.eldiario.net\\\/portal\\\/2023\\\/06\\\/20\\\/inicio-juicio-contra-sujeto-que-disparo-a-su-esposa\\\/\"]}]},{\"@type\":\"ImageObject\",\"inLanguage\":\"es\",\"@id\":\"https:\\\/\\\/www.eldiario.net\\\/portal\\\/2023\\\/06\\\/20\\\/inicio-juicio-contra-sujeto-que-disparo-a-su-esposa\\\/#primaryimage\",\"url\":\"https:\\\/\\\/www.eldiario.net\\\/portal\\\/wp-content\\\/uploads\\\/2023\\\/06\\\/14-hilda-fundacion-voces-libres-e1687256282355.jpg\",\"contentUrl\":\"https:\\\/\\\/www.eldiario.net\\\/portal\\\/wp-content\\\/uploads\\\/2023\\\/06\\\/14-hilda-fundacion-voces-libres-e1687256282355.jpg\",\"width\":311,\"height\":297,\"caption\":\"HILDA CUANDO ERA ATENDIDA EN UN HOSPITAL DE COCHABAMBA CR\u00c9DITO: FUNDACI\u00d3N VOCES LIBRES\"},{\"@type\":\"BreadcrumbList\",\"@id\":\"https:\\\/\\\/www.eldiario.net\\\/portal\\\/2023\\\/06\\\/20\\\/inicio-juicio-contra-sujeto-que-disparo-a-su-esposa\\\/#breadcrumb\",\"itemListElement\":[{\"@type\":\"ListItem\",\"position\":1,\"name\":\"Portada\",\"item\":\"https:\\\/\\\/www.eldiario.net\\\/portal\\\/\"},{\"@type\":\"ListItem\",\"position\":2,\"name\":\"Inici\u00f3 juicio contra sujeto que dispar\u00f3 a su esposa\"}]},{\"@type\":\"WebSite\",\"@id\":\"https:\\\/\\\/www.eldiario.net\\\/portal\\\/#website\",\"url\":\"https:\\\/\\\/www.eldiario.net\\\/portal\\\/\",\"name\":\"El Diario - Decano de la prensa nacional\",\"description\":\"El Diario - Decano de la prensa nacional\",\"publisher\":{\"@id\":\"https:\\\/\\\/www.eldiario.net\\\/portal\\\/#organization\"},\"potentialAction\":[{\"@type\":\"SearchAction\",\"target\":{\"@type\":\"EntryPoint\",\"urlTemplate\":\"https:\\\/\\\/www.eldiario.net\\\/portal\\\/?s={search_term_string}\"},\"query-input\":{\"@type\":\"PropertyValueSpecification\",\"valueRequired\":true,\"valueName\":\"search_term_string\"}}],\"inLanguage\":\"es\"},{\"@type\":\"Organization\",\"@id\":\"https:\\\/\\\/www.eldiario.net\\\/portal\\\/#organization\",\"name\":\"El Diario - Decano de la prensa nacional\",\"url\":\"https:\\\/\\\/www.eldiario.net\\\/portal\\\/\",\"logo\":{\"@type\":\"ImageObject\",\"inLanguage\":\"es\",\"@id\":\"https:\\\/\\\/www.eldiario.net\\\/portal\\\/#\\\/schema\\\/logo\\\/image\\\/\",\"url\":\"https:\\\/\\\/www.eldiario.net\\\/portal\\\/wp-content\\\/uploads\\\/2023\\\/07\\\/logo_ED.jpg\",\"contentUrl\":\"https:\\\/\\\/www.eldiario.net\\\/portal\\\/wp-content\\\/uploads\\\/2023\\\/07\\\/logo_ED.jpg\",\"width\":272,\"height\":52,\"caption\":\"El Diario - Decano de la prensa nacional\"},\"image\":{\"@id\":\"https:\\\/\\\/www.eldiario.net\\\/portal\\\/#\\\/schema\\\/logo\\\/image\\\/\"},\"sameAs\":[\"https:\\\/\\\/www.facebook.com\\\/eldiario.bolivia\\\/\",\"https:\\\/\\\/x.com\\\/eldiario_net\"]},{\"@type\":\"Person\",\"@id\":\"https:\\\/\\\/www.eldiario.net\\\/portal\\\/#\\\/schema\\\/person\\\/f46445640444750d7d753ccd04ae01b7\",\"name\":\"Jeanette\",\"image\":{\"@type\":\"ImageObject\",\"inLanguage\":\"es\",\"@id\":\"https:\\\/\\\/secure.gravatar.com\\\/avatar\\\/3ea2118a5f7dad2b7138b1187a6b7ee55f160b9968b66013c3a3ef39dd7e5798?s=96&d=mm&r=g\",\"url\":\"https:\\\/\\\/secure.gravatar.com\\\/avatar\\\/3ea2118a5f7dad2b7138b1187a6b7ee55f160b9968b66013c3a3ef39dd7e5798?s=96&d=mm&r=g\",\"contentUrl\":\"https:\\\/\\\/secure.gravatar.com\\\/avatar\\\/3ea2118a5f7dad2b7138b1187a6b7ee55f160b9968b66013c3a3ef39dd7e5798?s=96&d=mm&r=g\",\"caption\":\"Jeanette\"},\"sameAs\":[\"https:\\\/\\\/www.eldiario.net\\\/portal\"],\"url\":\"https:\\\/\\\/www.eldiario.net\\\/portal\\\/author\\\/jeanette\\\/\"}]}<\/script>\n<!-- \/ Yoast SEO plugin. -->","yoast_head_json":{"title":"Inici\u00f3 juicio contra sujeto que dispar\u00f3 a su esposa - El Diario - Bolivia","robots":{"index":"index","follow":"follow","max-snippet":"max-snippet:-1","max-image-preview":"max-image-preview:large","max-video-preview":"max-video-preview:-1"},"canonical":"https:\/\/www.eldiario.net\/portal\/2023\/06\/20\/inicio-juicio-contra-sujeto-que-disparo-a-su-esposa\/","og_locale":"es_ES","og_type":"article","og_title":"Inici\u00f3 juicio contra sujeto que dispar\u00f3 a su esposa - El Diario - Bolivia","og_description":"El Tribunal Departamental de Justicia de Cochabamba inici\u00f3 ayer el juicio penal por tentativa de feminicidio cometido el a\u00f1o pasado contra Hilda, una mujer que se salv\u00f3 de ser asesinada por su esposo, quien la golpe\u00f3 brutalmente con un garrote y luego la persigui\u00f3 dispar\u00e1ndole con un arma de fuego. Hilda, la mujer de 55 [&hellip;]","og_url":"https:\/\/www.eldiario.net\/portal\/2023\/06\/20\/inicio-juicio-contra-sujeto-que-disparo-a-su-esposa\/","og_site_name":"El Diario - Bolivia","article_publisher":"https:\/\/www.facebook.com\/eldiario.bolivia\/","article_published_time":"2023-06-20T10:18:07+00:00","og_image":[{"width":311,"height":297,"url":"https:\/\/www.eldiario.net\/portal\/wp-content\/uploads\/2023\/06\/14-hilda-fundacion-voces-libres-e1687256282355.jpg","type":"image\/jpeg"}],"author":"Jeanette","twitter_card":"summary_large_image","twitter_creator":"@eldiario_net","twitter_site":"@eldiario_net","twitter_misc":{"Escrito por":"Jeanette","Tiempo de lectura":"2 minutos"},"schema":{"@context":"https:\/\/schema.org","@graph":[{"@type":"Article","@id":"https:\/\/www.eldiario.net\/portal\/2023\/06\/20\/inicio-juicio-contra-sujeto-que-disparo-a-su-esposa\/#article","isPartOf":{"@id":"https:\/\/www.eldiario.net\/portal\/2023\/06\/20\/inicio-juicio-contra-sujeto-que-disparo-a-su-esposa\/"},"author":{"name":"Jeanette","@id":"https:\/\/www.eldiario.net\/portal\/#\/schema\/person\/f46445640444750d7d753ccd04ae01b7"},"headline":"Inici\u00f3 juicio contra sujeto que dispar\u00f3 a su esposa","datePublished":"2023-06-20T10:18:07+00:00","mainEntityOfPage":{"@id":"https:\/\/www.eldiario.net\/portal\/2023\/06\/20\/inicio-juicio-contra-sujeto-que-disparo-a-su-esposa\/"},"wordCount":404,"publisher":{"@id":"https:\/\/www.eldiario.net\/portal\/#organization"},"image":{"@id":"https:\/\/www.eldiario.net\/portal\/2023\/06\/20\/inicio-juicio-contra-sujeto-que-disparo-a-su-esposa\/#primaryimage"},"thumbnailUrl":"https:\/\/www.eldiario.net\/portal\/wp-content\/uploads\/2023\/06\/14-hilda-fundacion-voces-libres-e1687256282355.jpg","articleSection":["Sociedad - Seguridad"],"inLanguage":"es"},{"@type":"WebPage","@id":"https:\/\/www.eldiario.net\/portal\/2023\/06\/20\/inicio-juicio-contra-sujeto-que-disparo-a-su-esposa\/","url":"https:\/\/www.eldiario.net\/portal\/2023\/06\/20\/inicio-juicio-contra-sujeto-que-disparo-a-su-esposa\/","name":"Inici\u00f3 juicio contra sujeto que dispar\u00f3 a su esposa - El Diario - Bolivia","isPartOf":{"@id":"https:\/\/www.eldiario.net\/portal\/#website"},"primaryImageOfPage":{"@id":"https:\/\/www.eldiario.net\/portal\/2023\/06\/20\/inicio-juicio-contra-sujeto-que-disparo-a-su-esposa\/#primaryimage"},"image":{"@id":"https:\/\/www.eldiario.net\/portal\/2023\/06\/20\/inicio-juicio-contra-sujeto-que-disparo-a-su-esposa\/#primaryimage"},"thumbnailUrl":"https:\/\/www.eldiario.net\/portal\/wp-content\/uploads\/2023\/06\/14-hilda-fundacion-voces-libres-e1687256282355.jpg","datePublished":"2023-06-20T10:18:07+00:00","breadcrumb":{"@id":"https:\/\/www.eldiario.net\/portal\/2023\/06\/20\/inicio-juicio-contra-sujeto-que-disparo-a-su-esposa\/#breadcrumb"},"inLanguage":"es","potentialAction":[{"@type":"ReadAction","target":["https:\/\/www.eldiario.net\/portal\/2023\/06\/20\/inicio-juicio-contra-sujeto-que-disparo-a-su-esposa\/"]}]},{"@type":"ImageObject","inLanguage":"es","@id":"https:\/\/www.eldiario.net\/portal\/2023\/06\/20\/inicio-juicio-contra-sujeto-que-disparo-a-su-esposa\/#primaryimage","url":"https:\/\/www.eldiario.net\/portal\/wp-content\/uploads\/2023\/06\/14-hilda-fundacion-voces-libres-e1687256282355.jpg","contentUrl":"https:\/\/www.eldiario.net\/portal\/wp-content\/uploads\/2023\/06\/14-hilda-fundacion-voces-libres-e1687256282355.jpg","width":311,"height":297,"caption":"HILDA CUANDO ERA ATENDIDA EN UN HOSPITAL DE COCHABAMBA CR\u00c9DITO: FUNDACI\u00d3N VOCES LIBRES"},{"@type":"BreadcrumbList","@id":"https:\/\/www.eldiario.net\/portal\/2023\/06\/20\/inicio-juicio-contra-sujeto-que-disparo-a-su-esposa\/#breadcrumb","itemListElement":[{"@type":"ListItem","position":1,"name":"Portada","item":"https:\/\/www.eldiario.net\/portal\/"},{"@type":"ListItem","position":2,"name":"Inici\u00f3 juicio contra sujeto que dispar\u00f3 a su esposa"}]},{"@type":"WebSite","@id":"https:\/\/www.eldiario.net\/portal\/#website","url":"https:\/\/www.eldiario.net\/portal\/","name":"El Diario - Decano de la prensa nacional","description":"El Diario - Decano de la prensa nacional","publisher":{"@id":"https:\/\/www.eldiario.net\/portal\/#organization"},"potentialAction":[{"@type":"SearchAction","target":{"@type":"EntryPoint","urlTemplate":"https:\/\/www.eldiario.net\/portal\/?s={search_term_string}"},"query-input":{"@type":"PropertyValueSpecification","valueRequired":true,"valueName":"search_term_string"}}],"inLanguage":"es"},{"@type":"Organization","@id":"https:\/\/www.eldiario.net\/portal\/#organization","name":"El Diario - Decano de la prensa nacional","url":"https:\/\/www.eldiario.net\/portal\/","logo":{"@type":"ImageObject","inLanguage":"es","@id":"https:\/\/www.eldiario.net\/portal\/#\/schema\/logo\/image\/","url":"https:\/\/www.eldiario.net\/portal\/wp-content\/uploads\/2023\/07\/logo_ED.jpg","contentUrl":"https:\/\/www.eldiario.net\/portal\/wp-content\/uploads\/2023\/07\/logo_ED.jpg","width":272,"height":52,"caption":"El Diario - Decano de la prensa nacional"},"image":{"@id":"https:\/\/www.eldiario.net\/portal\/#\/schema\/logo\/image\/"},"sameAs":["https:\/\/www.facebook.com\/eldiario.bolivia\/","https:\/\/x.com\/eldiario_net"]},{"@type":"Person","@id":"https:\/\/www.eldiario.net\/portal\/#\/schema\/person\/f46445640444750d7d753ccd04ae01b7","name":"Jeanette","image":{"@type":"ImageObject","inLanguage":"es","@id":"https:\/\/secure.gravatar.com\/avatar\/3ea2118a5f7dad2b7138b1187a6b7ee55f160b9968b66013c3a3ef39dd7e5798?s=96&d=mm&r=g","url":"https:\/\/secure.gravatar.com\/avatar\/3ea2118a5f7dad2b7138b1187a6b7ee55f160b9968b66013c3a3ef39dd7e5798?s=96&d=mm&r=g","contentUrl":"https:\/\/secure.gravatar.com\/avatar\/3ea2118a5f7dad2b7138b1187a6b7ee55f160b9968b66013c3a3ef39dd7e5798?s=96&d=mm&r=g","caption":"Jeanette"},"sameAs":["https:\/\/www.eldiario.net\/portal"],"url":"https:\/\/www.eldiario.net\/portal\/author\/jeanette\/"}]}},"_links":{"self":[{"href":"https:\/\/www.eldiario.net\/portal\/wp-json\/wp\/v2\/posts\/160983","targetHints":{"allow":["GET"]}}],"collection":[{"href":"https:\/\/www.eldiario.net\/portal\/wp-json\/wp\/v2\/posts"}],"about":[{"href":"https:\/\/www.eldiario.net\/portal\/wp-json\/wp\/v2\/types\/post"}],"author":[{"embeddable":true,"href":"https:\/\/www.eldiario.net\/portal\/wp-json\/wp\/v2\/users\/1"}],"replies":[{"embeddable":true,"href":"https:\/\/www.eldiario.net\/portal\/wp-json\/wp\/v2\/comments?post=160983"}],"version-history":[{"count":0,"href":"https:\/\/www.eldiario.net\/portal\/wp-json\/wp\/v2\/posts\/160983\/revisions"}],"wp:featuredmedia":[{"embeddable":true,"href":"https:\/\/www.eldiario.net\/portal\/wp-json\/wp\/v2\/media\/160984"}],"wp:attachment":[{"href":"https:\/\/www.eldiario.net\/portal\/wp-json\/wp\/v2\/media?parent=160983"}],"wp:term":[{"taxonomy":"category","embeddable":true,"href":"https:\/\/www.eldiario.net\/portal\/wp-json\/wp\/v2\/categories?post=160983"},{"taxonomy":"post_tag","embeddable":true,"href":"https:\/\/www.eldiario.net\/portal\/wp-json\/wp\/v2\/tags?post=160983"}],"curies":[{"name":"wp","href":"https:\/\/api.w.org\/{rel}","templated":true}]}}