{"id":160971,"date":"2023-06-20T06:13:58","date_gmt":"2023-06-20T10:13:58","guid":{"rendered":"https:\/\/www.eldiario.net\/portal\/?p=160971"},"modified":"2023-06-20T06:13:58","modified_gmt":"2023-06-20T10:13:58","slug":"violencia-en-sudan-deja-cerca-de-25-millones-de-desplazados-y-refugiados","status":"publish","type":"post","link":"https:\/\/www.eldiario.net\/portal\/2023\/06\/20\/violencia-en-sudan-deja-cerca-de-25-millones-de-desplazados-y-refugiados\/","title":{"rendered":"Violencia en Sud\u00e1n deja cerca de 2,5  millones de desplazados y refugiados"},"content":{"rendered":"<p class=\"v1MsoNormal\">Casi 2,5 millones de personas tuvieron que abandonar hace dos meses sus hogares desde el estallido del conflicto entre el Ej\u00e9rcito sudan\u00e9s y las Fuerzas de Apoyo R\u00e1pido (RSF), una organizaci\u00f3n paramilitar, seg\u00fan un nuevo balance difundido por la ONU, que reclam\u00f3 m\u00e1s fondos para ayudar a la poblaci\u00f3n necesitada tanto dentro como fuera de las fronteras de Sud\u00e1n.<\/p>\n<p class=\"v1MsoNormal\">En concreto, la Organizaci\u00f3n Internacional para las Migraciones tiene registrados m\u00e1s de 1,9 millones de desplazados internos, a los que habr\u00eda que sumar unas 550.000 personas que huyeron hacia pa\u00edses vecinos. S\u00f3lo este fin de semana, unas 15.000 personas cruzaron hacia territorio chadiano por la persistente violencia en Darfur, uno de los principales focos de tensi\u00f3n en Sud\u00e1n.<\/p>\n<p class=\"v1MsoNormal\">El director para la regi\u00f3n de la OIM, Othman Belbeisi, advirti\u00f3 ayer que las necesidades humanitarias alcanzan ya niveles \u00abalarmantes\u00bb. Aproximadamente la mitad de la poblaci\u00f3n, m\u00e1s de 24,7 millones de personas, necesitan asistencia y Belbeisi emplaz\u00f3 a todas las partes a permitir el reparto de esta ayuda.<\/p>\n<p class=\"v1MsoNormal\">La ONU prev\u00e9 un empeoramiento generalizado de las estad\u00edsticas, por ejemplo, en el \u00e1mbito del hambre. Si ya en 2002 hab\u00eda 11,7 millones de personas con una situaci\u00f3n preocupante de inseguridad alimentaria, la Organizaci\u00f3n de Naciones Unidas para la Alimentaci\u00f3n y la Agricultura (FAO) prev\u00e9 que 2023 sea un a\u00f1o a\u00fan m\u00e1s aciago, ya que despu\u00e9s del per\u00edodo de cosecha (octubre-febrero), el dato se situaba en los ocho millones, un 30 por ciento m\u00e1s que hace un a\u00f1o.<\/p>\n<p class=\"v1MsoNormal\">\u00abLa crisis actual lleg\u00f3 en un momento cr\u00edtico para los millones de personas que dependen de la comida y la agricultura\u00bb, se\u00f1al\u00f3 el director de la Oficina de Emergencia de la FAO, Rein Paulsen, que avis\u00f3 de que es momento de actuar: \u00abLa ventana de oportunidad es peque\u00f1a\u00bb, as\u00ed, apel\u00f3 por un lado a la distribuci\u00f3n de ayuda humanitaria y tambi\u00e9n al fomento de la producci\u00f3n local.<\/p>\n<p class=\"v1MsoNormal\">El conflicto, entretanto, no muestra visos de soluci\u00f3n a corto plazo, tras el fracaso de sucesivos intentos de alto el fuego. La violencia deriva de las discrepancias sobre la integraci\u00f3n de las RSF en el seno de las Fuerzas Armadas, uno de los puntos clave del acuerdo suscrito en diciembre para avanzar hacia un gobierno civil. (Europa Press)<\/p>\n","protected":false},"excerpt":{"rendered":"<p>Casi 2,5 millones de personas tuvieron que abandonar hace dos meses sus hogares desde el estallido del conflicto entre el Ej\u00e9rcito sudan\u00e9s y las Fuerzas de Apoyo R\u00e1pido (RSF), una organizaci\u00f3n paramilitar, seg\u00fan un nuevo balance difundido por la ONU, que reclam\u00f3 m\u00e1s fondos para ayudar a la poblaci\u00f3n necesitada tanto dentro como fuera de [&hellip;]<\/p>\n","protected":false},"author":1,"featured_media":160972,"comment_status":"closed","ping_status":"closed","sticky":false,"template":"","format":"standard","meta":{"_acf_changed":false,"footnotes":""},"categories":[3],"tags":[],"class_list":["post-160971","post","type-post","status-publish","format-standard","has-post-thumbnail","category-internacional"],"acf":{"antetitulo":""},"yoast_head":"<!-- This site is optimized with the Yoast SEO plugin v28.3 - https:\/\/yoast.com\/product\/yoast-seo-wordpress\/ -->\n<title>Violencia en Sud\u00e1n deja cerca de 2,5 millones de desplazados y refugiados - El Diario - Bolivia<\/title>\n<meta name=\"robots\" content=\"index, follow, max-snippet:-1, max-image-preview:large, max-video-preview:-1\" \/>\n<link rel=\"canonical\" href=\"https:\/\/www.eldiario.net\/portal\/2023\/06\/20\/violencia-en-sudan-deja-cerca-de-25-millones-de-desplazados-y-refugiados\/\" \/>\n<meta property=\"og:locale\" content=\"es_ES\" \/>\n<meta property=\"og:type\" content=\"article\" \/>\n<meta property=\"og:title\" content=\"Violencia en Sud\u00e1n deja cerca de 2,5 millones de desplazados y refugiados - El Diario - Bolivia\" \/>\n<meta property=\"og:description\" content=\"Casi 2,5 millones de personas tuvieron que abandonar hace dos meses sus hogares desde el estallido del conflicto entre el Ej\u00e9rcito sudan\u00e9s y las Fuerzas de Apoyo R\u00e1pido (RSF), una organizaci\u00f3n paramilitar, seg\u00fan un nuevo balance difundido por la ONU, que reclam\u00f3 m\u00e1s fondos para ayudar a la poblaci\u00f3n necesitada tanto dentro como fuera de [&hellip;]\" \/>\n<meta property=\"og:url\" content=\"https:\/\/www.eldiario.net\/portal\/2023\/06\/20\/violencia-en-sudan-deja-cerca-de-25-millones-de-desplazados-y-refugiados\/\" \/>\n<meta property=\"og:site_name\" content=\"El Diario - Bolivia\" \/>\n<meta property=\"article:publisher\" content=\"https:\/\/www.facebook.com\/eldiario.bolivia\/\" \/>\n<meta property=\"article:published_time\" content=\"2023-06-20T10:13:58+00:00\" \/>\n<meta property=\"og:image\" content=\"https:\/\/www.eldiario.net\/portal\/wp-content\/uploads\/2023\/06\/2-Sudan-notiamerica.jpg\" \/>\n\t<meta property=\"og:image:width\" content=\"1200\" \/>\n\t<meta property=\"og:image:height\" content=\"800\" \/>\n\t<meta property=\"og:image:type\" content=\"image\/jpeg\" \/>\n<meta name=\"author\" content=\"Jeanette\" \/>\n<meta name=\"twitter:card\" content=\"summary_large_image\" \/>\n<meta name=\"twitter:creator\" content=\"@eldiario_net\" \/>\n<meta name=\"twitter:site\" content=\"@eldiario_net\" \/>\n<meta name=\"twitter:label1\" content=\"Escrito por\" \/>\n\t<meta name=\"twitter:data1\" content=\"Jeanette\" \/>\n\t<meta name=\"twitter:label2\" content=\"Tiempo de lectura\" \/>\n\t<meta name=\"twitter:data2\" content=\"2 minutos\" \/>\n<script type=\"application\/ld+json\" class=\"yoast-schema-graph\">{\"@context\":\"https:\\\/\\\/schema.org\",\"@graph\":[{\"@type\":\"Article\",\"@id\":\"https:\\\/\\\/www.eldiario.net\\\/portal\\\/2023\\\/06\\\/20\\\/violencia-en-sudan-deja-cerca-de-25-millones-de-desplazados-y-refugiados\\\/#article\",\"isPartOf\":{\"@id\":\"https:\\\/\\\/www.eldiario.net\\\/portal\\\/2023\\\/06\\\/20\\\/violencia-en-sudan-deja-cerca-de-25-millones-de-desplazados-y-refugiados\\\/\"},\"author\":{\"name\":\"Jeanette\",\"@id\":\"https:\\\/\\\/www.eldiario.net\\\/portal\\\/#\\\/schema\\\/person\\\/f46445640444750d7d753ccd04ae01b7\"},\"headline\":\"Violencia en Sud\u00e1n deja cerca de 2,5 millones de desplazados y refugiados\",\"datePublished\":\"2023-06-20T10:13:58+00:00\",\"mainEntityOfPage\":{\"@id\":\"https:\\\/\\\/www.eldiario.net\\\/portal\\\/2023\\\/06\\\/20\\\/violencia-en-sudan-deja-cerca-de-25-millones-de-desplazados-y-refugiados\\\/\"},\"wordCount\":409,\"publisher\":{\"@id\":\"https:\\\/\\\/www.eldiario.net\\\/portal\\\/#organization\"},\"image\":{\"@id\":\"https:\\\/\\\/www.eldiario.net\\\/portal\\\/2023\\\/06\\\/20\\\/violencia-en-sudan-deja-cerca-de-25-millones-de-desplazados-y-refugiados\\\/#primaryimage\"},\"thumbnailUrl\":\"https:\\\/\\\/www.eldiario.net\\\/portal\\\/wp-content\\\/uploads\\\/2023\\\/06\\\/2-Sudan-notiamerica.jpg\",\"articleSection\":[\"Internacional\"],\"inLanguage\":\"es\"},{\"@type\":\"WebPage\",\"@id\":\"https:\\\/\\\/www.eldiario.net\\\/portal\\\/2023\\\/06\\\/20\\\/violencia-en-sudan-deja-cerca-de-25-millones-de-desplazados-y-refugiados\\\/\",\"url\":\"https:\\\/\\\/www.eldiario.net\\\/portal\\\/2023\\\/06\\\/20\\\/violencia-en-sudan-deja-cerca-de-25-millones-de-desplazados-y-refugiados\\\/\",\"name\":\"Violencia en Sud\u00e1n deja cerca de 2,5 millones de desplazados y refugiados - El Diario - Bolivia\",\"isPartOf\":{\"@id\":\"https:\\\/\\\/www.eldiario.net\\\/portal\\\/#website\"},\"primaryImageOfPage\":{\"@id\":\"https:\\\/\\\/www.eldiario.net\\\/portal\\\/2023\\\/06\\\/20\\\/violencia-en-sudan-deja-cerca-de-25-millones-de-desplazados-y-refugiados\\\/#primaryimage\"},\"image\":{\"@id\":\"https:\\\/\\\/www.eldiario.net\\\/portal\\\/2023\\\/06\\\/20\\\/violencia-en-sudan-deja-cerca-de-25-millones-de-desplazados-y-refugiados\\\/#primaryimage\"},\"thumbnailUrl\":\"https:\\\/\\\/www.eldiario.net\\\/portal\\\/wp-content\\\/uploads\\\/2023\\\/06\\\/2-Sudan-notiamerica.jpg\",\"datePublished\":\"2023-06-20T10:13:58+00:00\",\"breadcrumb\":{\"@id\":\"https:\\\/\\\/www.eldiario.net\\\/portal\\\/2023\\\/06\\\/20\\\/violencia-en-sudan-deja-cerca-de-25-millones-de-desplazados-y-refugiados\\\/#breadcrumb\"},\"inLanguage\":\"es\",\"potentialAction\":[{\"@type\":\"ReadAction\",\"target\":[\"https:\\\/\\\/www.eldiario.net\\\/portal\\\/2023\\\/06\\\/20\\\/violencia-en-sudan-deja-cerca-de-25-millones-de-desplazados-y-refugiados\\\/\"]}]},{\"@type\":\"ImageObject\",\"inLanguage\":\"es\",\"@id\":\"https:\\\/\\\/www.eldiario.net\\\/portal\\\/2023\\\/06\\\/20\\\/violencia-en-sudan-deja-cerca-de-25-millones-de-desplazados-y-refugiados\\\/#primaryimage\",\"url\":\"https:\\\/\\\/www.eldiario.net\\\/portal\\\/wp-content\\\/uploads\\\/2023\\\/06\\\/2-Sudan-notiamerica.jpg\",\"contentUrl\":\"https:\\\/\\\/www.eldiario.net\\\/portal\\\/wp-content\\\/uploads\\\/2023\\\/06\\\/2-Sudan-notiamerica.jpg\",\"width\":1200,\"height\":800,\"caption\":\"MUCHAS OTRAS PERSONAS HUYERON A PA\u00cdSES VECINOS EL FIN DE SEMANA. FOTO: Notim\u00e9rica\"},{\"@type\":\"BreadcrumbList\",\"@id\":\"https:\\\/\\\/www.eldiario.net\\\/portal\\\/2023\\\/06\\\/20\\\/violencia-en-sudan-deja-cerca-de-25-millones-de-desplazados-y-refugiados\\\/#breadcrumb\",\"itemListElement\":[{\"@type\":\"ListItem\",\"position\":1,\"name\":\"Portada\",\"item\":\"https:\\\/\\\/www.eldiario.net\\\/portal\\\/\"},{\"@type\":\"ListItem\",\"position\":2,\"name\":\"Violencia en Sud\u00e1n deja cerca de 2,5 millones de desplazados y refugiados\"}]},{\"@type\":\"WebSite\",\"@id\":\"https:\\\/\\\/www.eldiario.net\\\/portal\\\/#website\",\"url\":\"https:\\\/\\\/www.eldiario.net\\\/portal\\\/\",\"name\":\"El Diario - Decano de la prensa nacional\",\"description\":\"El Diario - Decano de la prensa nacional\",\"publisher\":{\"@id\":\"https:\\\/\\\/www.eldiario.net\\\/portal\\\/#organization\"},\"potentialAction\":[{\"@type\":\"SearchAction\",\"target\":{\"@type\":\"EntryPoint\",\"urlTemplate\":\"https:\\\/\\\/www.eldiario.net\\\/portal\\\/?s={search_term_string}\"},\"query-input\":{\"@type\":\"PropertyValueSpecification\",\"valueRequired\":true,\"valueName\":\"search_term_string\"}}],\"inLanguage\":\"es\"},{\"@type\":\"Organization\",\"@id\":\"https:\\\/\\\/www.eldiario.net\\\/portal\\\/#organization\",\"name\":\"El Diario - Decano de la prensa nacional\",\"url\":\"https:\\\/\\\/www.eldiario.net\\\/portal\\\/\",\"logo\":{\"@type\":\"ImageObject\",\"inLanguage\":\"es\",\"@id\":\"https:\\\/\\\/www.eldiario.net\\\/portal\\\/#\\\/schema\\\/logo\\\/image\\\/\",\"url\":\"https:\\\/\\\/www.eldiario.net\\\/portal\\\/wp-content\\\/uploads\\\/2023\\\/07\\\/logo_ED.jpg\",\"contentUrl\":\"https:\\\/\\\/www.eldiario.net\\\/portal\\\/wp-content\\\/uploads\\\/2023\\\/07\\\/logo_ED.jpg\",\"width\":272,\"height\":52,\"caption\":\"El Diario - Decano de la prensa nacional\"},\"image\":{\"@id\":\"https:\\\/\\\/www.eldiario.net\\\/portal\\\/#\\\/schema\\\/logo\\\/image\\\/\"},\"sameAs\":[\"https:\\\/\\\/www.facebook.com\\\/eldiario.bolivia\\\/\",\"https:\\\/\\\/x.com\\\/eldiario_net\"]},{\"@type\":\"Person\",\"@id\":\"https:\\\/\\\/www.eldiario.net\\\/portal\\\/#\\\/schema\\\/person\\\/f46445640444750d7d753ccd04ae01b7\",\"name\":\"Jeanette\",\"image\":{\"@type\":\"ImageObject\",\"inLanguage\":\"es\",\"@id\":\"https:\\\/\\\/secure.gravatar.com\\\/avatar\\\/3ea2118a5f7dad2b7138b1187a6b7ee55f160b9968b66013c3a3ef39dd7e5798?s=96&d=mm&r=g\",\"url\":\"https:\\\/\\\/secure.gravatar.com\\\/avatar\\\/3ea2118a5f7dad2b7138b1187a6b7ee55f160b9968b66013c3a3ef39dd7e5798?s=96&d=mm&r=g\",\"contentUrl\":\"https:\\\/\\\/secure.gravatar.com\\\/avatar\\\/3ea2118a5f7dad2b7138b1187a6b7ee55f160b9968b66013c3a3ef39dd7e5798?s=96&d=mm&r=g\",\"caption\":\"Jeanette\"},\"sameAs\":[\"https:\\\/\\\/www.eldiario.net\\\/portal\"],\"url\":\"https:\\\/\\\/www.eldiario.net\\\/portal\\\/author\\\/jeanette\\\/\"}]}<\/script>\n<!-- \/ Yoast SEO plugin. -->","yoast_head_json":{"title":"Violencia en Sud\u00e1n deja cerca de 2,5 millones de desplazados y refugiados - El Diario - Bolivia","robots":{"index":"index","follow":"follow","max-snippet":"max-snippet:-1","max-image-preview":"max-image-preview:large","max-video-preview":"max-video-preview:-1"},"canonical":"https:\/\/www.eldiario.net\/portal\/2023\/06\/20\/violencia-en-sudan-deja-cerca-de-25-millones-de-desplazados-y-refugiados\/","og_locale":"es_ES","og_type":"article","og_title":"Violencia en Sud\u00e1n deja cerca de 2,5 millones de desplazados y refugiados - El Diario - Bolivia","og_description":"Casi 2,5 millones de personas tuvieron que abandonar hace dos meses sus hogares desde el estallido del conflicto entre el Ej\u00e9rcito sudan\u00e9s y las Fuerzas de Apoyo R\u00e1pido (RSF), una organizaci\u00f3n paramilitar, seg\u00fan un nuevo balance difundido por la ONU, que reclam\u00f3 m\u00e1s fondos para ayudar a la poblaci\u00f3n necesitada tanto dentro como fuera de [&hellip;]","og_url":"https:\/\/www.eldiario.net\/portal\/2023\/06\/20\/violencia-en-sudan-deja-cerca-de-25-millones-de-desplazados-y-refugiados\/","og_site_name":"El Diario - Bolivia","article_publisher":"https:\/\/www.facebook.com\/eldiario.bolivia\/","article_published_time":"2023-06-20T10:13:58+00:00","og_image":[{"width":1200,"height":800,"url":"https:\/\/www.eldiario.net\/portal\/wp-content\/uploads\/2023\/06\/2-Sudan-notiamerica.jpg","type":"image\/jpeg"}],"author":"Jeanette","twitter_card":"summary_large_image","twitter_creator":"@eldiario_net","twitter_site":"@eldiario_net","twitter_misc":{"Escrito por":"Jeanette","Tiempo de lectura":"2 minutos"},"schema":{"@context":"https:\/\/schema.org","@graph":[{"@type":"Article","@id":"https:\/\/www.eldiario.net\/portal\/2023\/06\/20\/violencia-en-sudan-deja-cerca-de-25-millones-de-desplazados-y-refugiados\/#article","isPartOf":{"@id":"https:\/\/www.eldiario.net\/portal\/2023\/06\/20\/violencia-en-sudan-deja-cerca-de-25-millones-de-desplazados-y-refugiados\/"},"author":{"name":"Jeanette","@id":"https:\/\/www.eldiario.net\/portal\/#\/schema\/person\/f46445640444750d7d753ccd04ae01b7"},"headline":"Violencia en Sud\u00e1n deja cerca de 2,5 millones de desplazados y refugiados","datePublished":"2023-06-20T10:13:58+00:00","mainEntityOfPage":{"@id":"https:\/\/www.eldiario.net\/portal\/2023\/06\/20\/violencia-en-sudan-deja-cerca-de-25-millones-de-desplazados-y-refugiados\/"},"wordCount":409,"publisher":{"@id":"https:\/\/www.eldiario.net\/portal\/#organization"},"image":{"@id":"https:\/\/www.eldiario.net\/portal\/2023\/06\/20\/violencia-en-sudan-deja-cerca-de-25-millones-de-desplazados-y-refugiados\/#primaryimage"},"thumbnailUrl":"https:\/\/www.eldiario.net\/portal\/wp-content\/uploads\/2023\/06\/2-Sudan-notiamerica.jpg","articleSection":["Internacional"],"inLanguage":"es"},{"@type":"WebPage","@id":"https:\/\/www.eldiario.net\/portal\/2023\/06\/20\/violencia-en-sudan-deja-cerca-de-25-millones-de-desplazados-y-refugiados\/","url":"https:\/\/www.eldiario.net\/portal\/2023\/06\/20\/violencia-en-sudan-deja-cerca-de-25-millones-de-desplazados-y-refugiados\/","name":"Violencia en Sud\u00e1n deja cerca de 2,5 millones de desplazados y refugiados - El Diario - Bolivia","isPartOf":{"@id":"https:\/\/www.eldiario.net\/portal\/#website"},"primaryImageOfPage":{"@id":"https:\/\/www.eldiario.net\/portal\/2023\/06\/20\/violencia-en-sudan-deja-cerca-de-25-millones-de-desplazados-y-refugiados\/#primaryimage"},"image":{"@id":"https:\/\/www.eldiario.net\/portal\/2023\/06\/20\/violencia-en-sudan-deja-cerca-de-25-millones-de-desplazados-y-refugiados\/#primaryimage"},"thumbnailUrl":"https:\/\/www.eldiario.net\/portal\/wp-content\/uploads\/2023\/06\/2-Sudan-notiamerica.jpg","datePublished":"2023-06-20T10:13:58+00:00","breadcrumb":{"@id":"https:\/\/www.eldiario.net\/portal\/2023\/06\/20\/violencia-en-sudan-deja-cerca-de-25-millones-de-desplazados-y-refugiados\/#breadcrumb"},"inLanguage":"es","potentialAction":[{"@type":"ReadAction","target":["https:\/\/www.eldiario.net\/portal\/2023\/06\/20\/violencia-en-sudan-deja-cerca-de-25-millones-de-desplazados-y-refugiados\/"]}]},{"@type":"ImageObject","inLanguage":"es","@id":"https:\/\/www.eldiario.net\/portal\/2023\/06\/20\/violencia-en-sudan-deja-cerca-de-25-millones-de-desplazados-y-refugiados\/#primaryimage","url":"https:\/\/www.eldiario.net\/portal\/wp-content\/uploads\/2023\/06\/2-Sudan-notiamerica.jpg","contentUrl":"https:\/\/www.eldiario.net\/portal\/wp-content\/uploads\/2023\/06\/2-Sudan-notiamerica.jpg","width":1200,"height":800,"caption":"MUCHAS OTRAS PERSONAS HUYERON A PA\u00cdSES VECINOS EL FIN DE SEMANA. FOTO: Notim\u00e9rica"},{"@type":"BreadcrumbList","@id":"https:\/\/www.eldiario.net\/portal\/2023\/06\/20\/violencia-en-sudan-deja-cerca-de-25-millones-de-desplazados-y-refugiados\/#breadcrumb","itemListElement":[{"@type":"ListItem","position":1,"name":"Portada","item":"https:\/\/www.eldiario.net\/portal\/"},{"@type":"ListItem","position":2,"name":"Violencia en Sud\u00e1n deja cerca de 2,5 millones de desplazados y refugiados"}]},{"@type":"WebSite","@id":"https:\/\/www.eldiario.net\/portal\/#website","url":"https:\/\/www.eldiario.net\/portal\/","name":"El Diario - Decano de la prensa nacional","description":"El Diario - Decano de la prensa nacional","publisher":{"@id":"https:\/\/www.eldiario.net\/portal\/#organization"},"potentialAction":[{"@type":"SearchAction","target":{"@type":"EntryPoint","urlTemplate":"https:\/\/www.eldiario.net\/portal\/?s={search_term_string}"},"query-input":{"@type":"PropertyValueSpecification","valueRequired":true,"valueName":"search_term_string"}}],"inLanguage":"es"},{"@type":"Organization","@id":"https:\/\/www.eldiario.net\/portal\/#organization","name":"El Diario - Decano de la prensa nacional","url":"https:\/\/www.eldiario.net\/portal\/","logo":{"@type":"ImageObject","inLanguage":"es","@id":"https:\/\/www.eldiario.net\/portal\/#\/schema\/logo\/image\/","url":"https:\/\/www.eldiario.net\/portal\/wp-content\/uploads\/2023\/07\/logo_ED.jpg","contentUrl":"https:\/\/www.eldiario.net\/portal\/wp-content\/uploads\/2023\/07\/logo_ED.jpg","width":272,"height":52,"caption":"El Diario - Decano de la prensa nacional"},"image":{"@id":"https:\/\/www.eldiario.net\/portal\/#\/schema\/logo\/image\/"},"sameAs":["https:\/\/www.facebook.com\/eldiario.bolivia\/","https:\/\/x.com\/eldiario_net"]},{"@type":"Person","@id":"https:\/\/www.eldiario.net\/portal\/#\/schema\/person\/f46445640444750d7d753ccd04ae01b7","name":"Jeanette","image":{"@type":"ImageObject","inLanguage":"es","@id":"https:\/\/secure.gravatar.com\/avatar\/3ea2118a5f7dad2b7138b1187a6b7ee55f160b9968b66013c3a3ef39dd7e5798?s=96&d=mm&r=g","url":"https:\/\/secure.gravatar.com\/avatar\/3ea2118a5f7dad2b7138b1187a6b7ee55f160b9968b66013c3a3ef39dd7e5798?s=96&d=mm&r=g","contentUrl":"https:\/\/secure.gravatar.com\/avatar\/3ea2118a5f7dad2b7138b1187a6b7ee55f160b9968b66013c3a3ef39dd7e5798?s=96&d=mm&r=g","caption":"Jeanette"},"sameAs":["https:\/\/www.eldiario.net\/portal"],"url":"https:\/\/www.eldiario.net\/portal\/author\/jeanette\/"}]}},"_links":{"self":[{"href":"https:\/\/www.eldiario.net\/portal\/wp-json\/wp\/v2\/posts\/160971","targetHints":{"allow":["GET"]}}],"collection":[{"href":"https:\/\/www.eldiario.net\/portal\/wp-json\/wp\/v2\/posts"}],"about":[{"href":"https:\/\/www.eldiario.net\/portal\/wp-json\/wp\/v2\/types\/post"}],"author":[{"embeddable":true,"href":"https:\/\/www.eldiario.net\/portal\/wp-json\/wp\/v2\/users\/1"}],"replies":[{"embeddable":true,"href":"https:\/\/www.eldiario.net\/portal\/wp-json\/wp\/v2\/comments?post=160971"}],"version-history":[{"count":0,"href":"https:\/\/www.eldiario.net\/portal\/wp-json\/wp\/v2\/posts\/160971\/revisions"}],"wp:featuredmedia":[{"embeddable":true,"href":"https:\/\/www.eldiario.net\/portal\/wp-json\/wp\/v2\/media\/160972"}],"wp:attachment":[{"href":"https:\/\/www.eldiario.net\/portal\/wp-json\/wp\/v2\/media?parent=160971"}],"wp:term":[{"taxonomy":"category","embeddable":true,"href":"https:\/\/www.eldiario.net\/portal\/wp-json\/wp\/v2\/categories?post=160971"},{"taxonomy":"post_tag","embeddable":true,"href":"https:\/\/www.eldiario.net\/portal\/wp-json\/wp\/v2\/tags?post=160971"}],"curies":[{"name":"wp","href":"https:\/\/api.w.org\/{rel}","templated":true}]}}