{"id":160968,"date":"2023-06-20T06:13:02","date_gmt":"2023-06-20T10:13:02","guid":{"rendered":"https:\/\/www.eldiario.net\/portal\/?p=160968"},"modified":"2023-06-20T06:13:02","modified_gmt":"2023-06-20T10:13:02","slug":"poblacion-haitiana-esta-al-borde-del-precipicio-por-la-hambruna","status":"publish","type":"post","link":"https:\/\/www.eldiario.net\/portal\/2023\/06\/20\/poblacion-haitiana-esta-al-borde-del-precipicio-por-la-hambruna\/","title":{"rendered":"Poblaci\u00f3n haitiana est\u00e1 al borde  del precipicio por la hambruna"},"content":{"rendered":"<p class=\"v1MsoNormal\">La organizaci\u00f3n Alianza por la Solidaridad-ActionAid dio a conocer que la poblaci\u00f3n en Hait\u00ed est\u00e1 \u00abal borde del precipicio\u00bb por la hambruna, que se agrav\u00f3 tras inundaciones y el terremoto que experiment\u00f3 el pa\u00eds en las \u00faltimas semanas.<\/p>\n<p class=\"v1MsoNormal\">La situaci\u00f3n en el pa\u00eds es \u00abcr\u00edtica\u00bb con casi la mitad de la poblaci\u00f3n, unos 4,9 millones de personas en hambruna, seg\u00fan record\u00f3 en un comunicado la ONG de acuerdo a datos de Naciones Unidas.<\/p>\n<p class=\"v1MsoNormal\">Esta situaci\u00f3n empeor\u00f3 con la sequ\u00eda y las dificultades para acceder a cr\u00e9dito rural y a productos como semillas o fertilizantes, lo que logr\u00f3 impedir a las familias sacar adelante sus cultivos y supuso que el ganado no encuentre suficiente para comer y beber.<\/p>\n<p class=\"v1MsoNormal\">Alianza-ActionAid tambi\u00e9n record\u00f3 que, en los \u00faltimos meses, el pa\u00eds tuvo que hacer frente a la subida del precio del combustible y de los alimentos, as\u00ed como el cierre de puertos y carreteras cerradas, lo que dificulta la compra de productos de primera necesidad durante varios meses.<\/p>\n<p class=\"v1MsoNormal\">Con todo ello se agrav\u00f3 la \u00abinseguridad alimentaria\u00bb, que ahora se agudiza tambi\u00e9n por el terremoto del pasado 6 de junio y las inundaciones de las \u00faltimas semanas, que afectaron a casi 40.000 hogares, seg\u00fan la Protecci\u00f3n Civil haitiana.<\/p>\n<p class=\"v1MsoNormal\">Los efectos de ambos fen\u00f3menos est\u00e1n dificultando la llegada de ayuda humanitaria a personas que dependen de ella y que se encuentran en situaci\u00f3n de extrema vulnerabilidad, advirti\u00f3 la ONG, que manifest\u00f3 su preocupaci\u00f3n por la temporada de huracanes que comenz\u00f3 a principios de junio y podr\u00eda traer fen\u00f3menos meteorol\u00f3gicos m\u00e1s graves en los pr\u00f3ximos meses.<\/p>\n<p class=\"v1MsoNormal\">En este contexto, la organizaci\u00f3n urgi\u00f3 a reponer las reservas de ayuda alimentaria para auxiliar a personas como Marie Lucia Senat, de la comuna Coteaux, en el departamento Sur de Hait\u00ed, quien por la situaci\u00f3n de violencia impuesta por las bandas ya no puede viajar para vender productos en los mercados.<\/p>\n<p class=\"v1MsoNormal\">La ayuda humanitaria es la opci\u00f3n que tienen muchos hogares para alimentarse en los pr\u00f3ximos cuatro meses, subray\u00f3 la coordinadora de proyectos de Alianza-ActionAid en Hait\u00ed, Florentine David, que espera que con ello se \u00abreduzca la incidencia de la inseguridad alimentaria\u00bb y las familias puedan \u00abcubrir otras necesidades b\u00e1sicas, como acudir a un centro m\u00e9dico o a la escuela\u00bb. (Europa Press)<\/p>\n","protected":false},"excerpt":{"rendered":"<p>La organizaci\u00f3n Alianza por la Solidaridad-ActionAid dio a conocer que la poblaci\u00f3n en Hait\u00ed est\u00e1 \u00abal borde del precipicio\u00bb por la hambruna, que se agrav\u00f3 tras inundaciones y el terremoto que experiment\u00f3 el pa\u00eds en las \u00faltimas semanas. La situaci\u00f3n en el pa\u00eds es \u00abcr\u00edtica\u00bb con casi la mitad de la poblaci\u00f3n, unos 4,9 millones [&hellip;]<\/p>\n","protected":false},"author":1,"featured_media":160969,"comment_status":"closed","ping_status":"closed","sticky":false,"template":"","format":"standard","meta":{"_acf_changed":false,"footnotes":""},"categories":[3],"tags":[],"class_list":["post-160968","post","type-post","status-publish","format-standard","has-post-thumbnail","category-internacional"],"acf":{"antetitulo":""},"yoast_head":"<!-- This site is optimized with the Yoast SEO plugin v28.3 - https:\/\/yoast.com\/product\/yoast-seo-wordpress\/ -->\n<title>Poblaci\u00f3n haitiana est\u00e1 al borde del precipicio por la hambruna - El Diario - Bolivia<\/title>\n<meta name=\"robots\" content=\"index, follow, max-snippet:-1, max-image-preview:large, max-video-preview:-1\" \/>\n<link rel=\"canonical\" href=\"https:\/\/www.eldiario.net\/portal\/2023\/06\/20\/poblacion-haitiana-esta-al-borde-del-precipicio-por-la-hambruna\/\" \/>\n<meta property=\"og:locale\" content=\"es_ES\" \/>\n<meta property=\"og:type\" content=\"article\" \/>\n<meta property=\"og:title\" content=\"Poblaci\u00f3n haitiana est\u00e1 al borde del precipicio por la hambruna - El Diario - Bolivia\" \/>\n<meta property=\"og:description\" content=\"La organizaci\u00f3n Alianza por la Solidaridad-ActionAid dio a conocer que la poblaci\u00f3n en Hait\u00ed est\u00e1 \u00abal borde del precipicio\u00bb por la hambruna, que se agrav\u00f3 tras inundaciones y el terremoto que experiment\u00f3 el pa\u00eds en las \u00faltimas semanas. La situaci\u00f3n en el pa\u00eds es \u00abcr\u00edtica\u00bb con casi la mitad de la poblaci\u00f3n, unos 4,9 millones [&hellip;]\" \/>\n<meta property=\"og:url\" content=\"https:\/\/www.eldiario.net\/portal\/2023\/06\/20\/poblacion-haitiana-esta-al-borde-del-precipicio-por-la-hambruna\/\" \/>\n<meta property=\"og:site_name\" content=\"El Diario - Bolivia\" \/>\n<meta property=\"article:publisher\" content=\"https:\/\/www.facebook.com\/eldiario.bolivia\/\" \/>\n<meta property=\"article:published_time\" content=\"2023-06-20T10:13:02+00:00\" \/>\n<meta property=\"og:image\" content=\"https:\/\/www.eldiario.net\/portal\/wp-content\/uploads\/2023\/06\/3-haitianos-europa-press.jpg\" \/>\n\t<meta property=\"og:image:width\" content=\"1200\" \/>\n\t<meta property=\"og:image:height\" content=\"900\" \/>\n\t<meta property=\"og:image:type\" content=\"image\/jpeg\" \/>\n<meta name=\"author\" content=\"Jeanette\" \/>\n<meta name=\"twitter:card\" content=\"summary_large_image\" \/>\n<meta name=\"twitter:creator\" content=\"@eldiario_net\" \/>\n<meta name=\"twitter:site\" content=\"@eldiario_net\" \/>\n<meta name=\"twitter:label1\" content=\"Escrito por\" \/>\n\t<meta name=\"twitter:data1\" content=\"Jeanette\" \/>\n\t<meta name=\"twitter:label2\" content=\"Tiempo de lectura\" \/>\n\t<meta name=\"twitter:data2\" content=\"2 minutos\" \/>\n<script type=\"application\/ld+json\" class=\"yoast-schema-graph\">{\"@context\":\"https:\\\/\\\/schema.org\",\"@graph\":[{\"@type\":\"Article\",\"@id\":\"https:\\\/\\\/www.eldiario.net\\\/portal\\\/2023\\\/06\\\/20\\\/poblacion-haitiana-esta-al-borde-del-precipicio-por-la-hambruna\\\/#article\",\"isPartOf\":{\"@id\":\"https:\\\/\\\/www.eldiario.net\\\/portal\\\/2023\\\/06\\\/20\\\/poblacion-haitiana-esta-al-borde-del-precipicio-por-la-hambruna\\\/\"},\"author\":{\"name\":\"Jeanette\",\"@id\":\"https:\\\/\\\/www.eldiario.net\\\/portal\\\/#\\\/schema\\\/person\\\/f46445640444750d7d753ccd04ae01b7\"},\"headline\":\"Poblaci\u00f3n haitiana est\u00e1 al borde del precipicio por la hambruna\",\"datePublished\":\"2023-06-20T10:13:02+00:00\",\"mainEntityOfPage\":{\"@id\":\"https:\\\/\\\/www.eldiario.net\\\/portal\\\/2023\\\/06\\\/20\\\/poblacion-haitiana-esta-al-borde-del-precipicio-por-la-hambruna\\\/\"},\"wordCount\":410,\"publisher\":{\"@id\":\"https:\\\/\\\/www.eldiario.net\\\/portal\\\/#organization\"},\"image\":{\"@id\":\"https:\\\/\\\/www.eldiario.net\\\/portal\\\/2023\\\/06\\\/20\\\/poblacion-haitiana-esta-al-borde-del-precipicio-por-la-hambruna\\\/#primaryimage\"},\"thumbnailUrl\":\"https:\\\/\\\/www.eldiario.net\\\/portal\\\/wp-content\\\/uploads\\\/2023\\\/06\\\/3-haitianos-europa-press.jpg\",\"articleSection\":[\"Internacional\"],\"inLanguage\":\"es\"},{\"@type\":\"WebPage\",\"@id\":\"https:\\\/\\\/www.eldiario.net\\\/portal\\\/2023\\\/06\\\/20\\\/poblacion-haitiana-esta-al-borde-del-precipicio-por-la-hambruna\\\/\",\"url\":\"https:\\\/\\\/www.eldiario.net\\\/portal\\\/2023\\\/06\\\/20\\\/poblacion-haitiana-esta-al-borde-del-precipicio-por-la-hambruna\\\/\",\"name\":\"Poblaci\u00f3n haitiana est\u00e1 al borde del precipicio por la hambruna - El Diario - Bolivia\",\"isPartOf\":{\"@id\":\"https:\\\/\\\/www.eldiario.net\\\/portal\\\/#website\"},\"primaryImageOfPage\":{\"@id\":\"https:\\\/\\\/www.eldiario.net\\\/portal\\\/2023\\\/06\\\/20\\\/poblacion-haitiana-esta-al-borde-del-precipicio-por-la-hambruna\\\/#primaryimage\"},\"image\":{\"@id\":\"https:\\\/\\\/www.eldiario.net\\\/portal\\\/2023\\\/06\\\/20\\\/poblacion-haitiana-esta-al-borde-del-precipicio-por-la-hambruna\\\/#primaryimage\"},\"thumbnailUrl\":\"https:\\\/\\\/www.eldiario.net\\\/portal\\\/wp-content\\\/uploads\\\/2023\\\/06\\\/3-haitianos-europa-press.jpg\",\"datePublished\":\"2023-06-20T10:13:02+00:00\",\"breadcrumb\":{\"@id\":\"https:\\\/\\\/www.eldiario.net\\\/portal\\\/2023\\\/06\\\/20\\\/poblacion-haitiana-esta-al-borde-del-precipicio-por-la-hambruna\\\/#breadcrumb\"},\"inLanguage\":\"es\",\"potentialAction\":[{\"@type\":\"ReadAction\",\"target\":[\"https:\\\/\\\/www.eldiario.net\\\/portal\\\/2023\\\/06\\\/20\\\/poblacion-haitiana-esta-al-borde-del-precipicio-por-la-hambruna\\\/\"]}]},{\"@type\":\"ImageObject\",\"inLanguage\":\"es\",\"@id\":\"https:\\\/\\\/www.eldiario.net\\\/portal\\\/2023\\\/06\\\/20\\\/poblacion-haitiana-esta-al-borde-del-precipicio-por-la-hambruna\\\/#primaryimage\",\"url\":\"https:\\\/\\\/www.eldiario.net\\\/portal\\\/wp-content\\\/uploads\\\/2023\\\/06\\\/3-haitianos-europa-press.jpg\",\"contentUrl\":\"https:\\\/\\\/www.eldiario.net\\\/portal\\\/wp-content\\\/uploads\\\/2023\\\/06\\\/3-haitianos-europa-press.jpg\",\"width\":1200,\"height\":900,\"caption\":\"MUCHAS FAMILIAS NO PUEDEN SACAR ADELANTE SUS CULTIVOS. FOTO: Europa Press\"},{\"@type\":\"BreadcrumbList\",\"@id\":\"https:\\\/\\\/www.eldiario.net\\\/portal\\\/2023\\\/06\\\/20\\\/poblacion-haitiana-esta-al-borde-del-precipicio-por-la-hambruna\\\/#breadcrumb\",\"itemListElement\":[{\"@type\":\"ListItem\",\"position\":1,\"name\":\"Portada\",\"item\":\"https:\\\/\\\/www.eldiario.net\\\/portal\\\/\"},{\"@type\":\"ListItem\",\"position\":2,\"name\":\"Poblaci\u00f3n haitiana est\u00e1 al borde del precipicio por la hambruna\"}]},{\"@type\":\"WebSite\",\"@id\":\"https:\\\/\\\/www.eldiario.net\\\/portal\\\/#website\",\"url\":\"https:\\\/\\\/www.eldiario.net\\\/portal\\\/\",\"name\":\"El Diario - Decano de la prensa nacional\",\"description\":\"El Diario - Decano de la prensa nacional\",\"publisher\":{\"@id\":\"https:\\\/\\\/www.eldiario.net\\\/portal\\\/#organization\"},\"potentialAction\":[{\"@type\":\"SearchAction\",\"target\":{\"@type\":\"EntryPoint\",\"urlTemplate\":\"https:\\\/\\\/www.eldiario.net\\\/portal\\\/?s={search_term_string}\"},\"query-input\":{\"@type\":\"PropertyValueSpecification\",\"valueRequired\":true,\"valueName\":\"search_term_string\"}}],\"inLanguage\":\"es\"},{\"@type\":\"Organization\",\"@id\":\"https:\\\/\\\/www.eldiario.net\\\/portal\\\/#organization\",\"name\":\"El Diario - Decano de la prensa nacional\",\"url\":\"https:\\\/\\\/www.eldiario.net\\\/portal\\\/\",\"logo\":{\"@type\":\"ImageObject\",\"inLanguage\":\"es\",\"@id\":\"https:\\\/\\\/www.eldiario.net\\\/portal\\\/#\\\/schema\\\/logo\\\/image\\\/\",\"url\":\"https:\\\/\\\/www.eldiario.net\\\/portal\\\/wp-content\\\/uploads\\\/2023\\\/07\\\/logo_ED.jpg\",\"contentUrl\":\"https:\\\/\\\/www.eldiario.net\\\/portal\\\/wp-content\\\/uploads\\\/2023\\\/07\\\/logo_ED.jpg\",\"width\":272,\"height\":52,\"caption\":\"El Diario - Decano de la prensa nacional\"},\"image\":{\"@id\":\"https:\\\/\\\/www.eldiario.net\\\/portal\\\/#\\\/schema\\\/logo\\\/image\\\/\"},\"sameAs\":[\"https:\\\/\\\/www.facebook.com\\\/eldiario.bolivia\\\/\",\"https:\\\/\\\/x.com\\\/eldiario_net\"]},{\"@type\":\"Person\",\"@id\":\"https:\\\/\\\/www.eldiario.net\\\/portal\\\/#\\\/schema\\\/person\\\/f46445640444750d7d753ccd04ae01b7\",\"name\":\"Jeanette\",\"image\":{\"@type\":\"ImageObject\",\"inLanguage\":\"es\",\"@id\":\"https:\\\/\\\/secure.gravatar.com\\\/avatar\\\/3ea2118a5f7dad2b7138b1187a6b7ee55f160b9968b66013c3a3ef39dd7e5798?s=96&d=mm&r=g\",\"url\":\"https:\\\/\\\/secure.gravatar.com\\\/avatar\\\/3ea2118a5f7dad2b7138b1187a6b7ee55f160b9968b66013c3a3ef39dd7e5798?s=96&d=mm&r=g\",\"contentUrl\":\"https:\\\/\\\/secure.gravatar.com\\\/avatar\\\/3ea2118a5f7dad2b7138b1187a6b7ee55f160b9968b66013c3a3ef39dd7e5798?s=96&d=mm&r=g\",\"caption\":\"Jeanette\"},\"sameAs\":[\"https:\\\/\\\/www.eldiario.net\\\/portal\"],\"url\":\"https:\\\/\\\/www.eldiario.net\\\/portal\\\/author\\\/jeanette\\\/\"}]}<\/script>\n<!-- \/ Yoast SEO plugin. -->","yoast_head_json":{"title":"Poblaci\u00f3n haitiana est\u00e1 al borde del precipicio por la hambruna - El Diario - Bolivia","robots":{"index":"index","follow":"follow","max-snippet":"max-snippet:-1","max-image-preview":"max-image-preview:large","max-video-preview":"max-video-preview:-1"},"canonical":"https:\/\/www.eldiario.net\/portal\/2023\/06\/20\/poblacion-haitiana-esta-al-borde-del-precipicio-por-la-hambruna\/","og_locale":"es_ES","og_type":"article","og_title":"Poblaci\u00f3n haitiana est\u00e1 al borde del precipicio por la hambruna - El Diario - Bolivia","og_description":"La organizaci\u00f3n Alianza por la Solidaridad-ActionAid dio a conocer que la poblaci\u00f3n en Hait\u00ed est\u00e1 \u00abal borde del precipicio\u00bb por la hambruna, que se agrav\u00f3 tras inundaciones y el terremoto que experiment\u00f3 el pa\u00eds en las \u00faltimas semanas. La situaci\u00f3n en el pa\u00eds es \u00abcr\u00edtica\u00bb con casi la mitad de la poblaci\u00f3n, unos 4,9 millones [&hellip;]","og_url":"https:\/\/www.eldiario.net\/portal\/2023\/06\/20\/poblacion-haitiana-esta-al-borde-del-precipicio-por-la-hambruna\/","og_site_name":"El Diario - Bolivia","article_publisher":"https:\/\/www.facebook.com\/eldiario.bolivia\/","article_published_time":"2023-06-20T10:13:02+00:00","og_image":[{"width":1200,"height":900,"url":"https:\/\/www.eldiario.net\/portal\/wp-content\/uploads\/2023\/06\/3-haitianos-europa-press.jpg","type":"image\/jpeg"}],"author":"Jeanette","twitter_card":"summary_large_image","twitter_creator":"@eldiario_net","twitter_site":"@eldiario_net","twitter_misc":{"Escrito por":"Jeanette","Tiempo de lectura":"2 minutos"},"schema":{"@context":"https:\/\/schema.org","@graph":[{"@type":"Article","@id":"https:\/\/www.eldiario.net\/portal\/2023\/06\/20\/poblacion-haitiana-esta-al-borde-del-precipicio-por-la-hambruna\/#article","isPartOf":{"@id":"https:\/\/www.eldiario.net\/portal\/2023\/06\/20\/poblacion-haitiana-esta-al-borde-del-precipicio-por-la-hambruna\/"},"author":{"name":"Jeanette","@id":"https:\/\/www.eldiario.net\/portal\/#\/schema\/person\/f46445640444750d7d753ccd04ae01b7"},"headline":"Poblaci\u00f3n haitiana est\u00e1 al borde del precipicio por la hambruna","datePublished":"2023-06-20T10:13:02+00:00","mainEntityOfPage":{"@id":"https:\/\/www.eldiario.net\/portal\/2023\/06\/20\/poblacion-haitiana-esta-al-borde-del-precipicio-por-la-hambruna\/"},"wordCount":410,"publisher":{"@id":"https:\/\/www.eldiario.net\/portal\/#organization"},"image":{"@id":"https:\/\/www.eldiario.net\/portal\/2023\/06\/20\/poblacion-haitiana-esta-al-borde-del-precipicio-por-la-hambruna\/#primaryimage"},"thumbnailUrl":"https:\/\/www.eldiario.net\/portal\/wp-content\/uploads\/2023\/06\/3-haitianos-europa-press.jpg","articleSection":["Internacional"],"inLanguage":"es"},{"@type":"WebPage","@id":"https:\/\/www.eldiario.net\/portal\/2023\/06\/20\/poblacion-haitiana-esta-al-borde-del-precipicio-por-la-hambruna\/","url":"https:\/\/www.eldiario.net\/portal\/2023\/06\/20\/poblacion-haitiana-esta-al-borde-del-precipicio-por-la-hambruna\/","name":"Poblaci\u00f3n haitiana est\u00e1 al borde del precipicio por la hambruna - El Diario - Bolivia","isPartOf":{"@id":"https:\/\/www.eldiario.net\/portal\/#website"},"primaryImageOfPage":{"@id":"https:\/\/www.eldiario.net\/portal\/2023\/06\/20\/poblacion-haitiana-esta-al-borde-del-precipicio-por-la-hambruna\/#primaryimage"},"image":{"@id":"https:\/\/www.eldiario.net\/portal\/2023\/06\/20\/poblacion-haitiana-esta-al-borde-del-precipicio-por-la-hambruna\/#primaryimage"},"thumbnailUrl":"https:\/\/www.eldiario.net\/portal\/wp-content\/uploads\/2023\/06\/3-haitianos-europa-press.jpg","datePublished":"2023-06-20T10:13:02+00:00","breadcrumb":{"@id":"https:\/\/www.eldiario.net\/portal\/2023\/06\/20\/poblacion-haitiana-esta-al-borde-del-precipicio-por-la-hambruna\/#breadcrumb"},"inLanguage":"es","potentialAction":[{"@type":"ReadAction","target":["https:\/\/www.eldiario.net\/portal\/2023\/06\/20\/poblacion-haitiana-esta-al-borde-del-precipicio-por-la-hambruna\/"]}]},{"@type":"ImageObject","inLanguage":"es","@id":"https:\/\/www.eldiario.net\/portal\/2023\/06\/20\/poblacion-haitiana-esta-al-borde-del-precipicio-por-la-hambruna\/#primaryimage","url":"https:\/\/www.eldiario.net\/portal\/wp-content\/uploads\/2023\/06\/3-haitianos-europa-press.jpg","contentUrl":"https:\/\/www.eldiario.net\/portal\/wp-content\/uploads\/2023\/06\/3-haitianos-europa-press.jpg","width":1200,"height":900,"caption":"MUCHAS FAMILIAS NO PUEDEN SACAR ADELANTE SUS CULTIVOS. FOTO: Europa Press"},{"@type":"BreadcrumbList","@id":"https:\/\/www.eldiario.net\/portal\/2023\/06\/20\/poblacion-haitiana-esta-al-borde-del-precipicio-por-la-hambruna\/#breadcrumb","itemListElement":[{"@type":"ListItem","position":1,"name":"Portada","item":"https:\/\/www.eldiario.net\/portal\/"},{"@type":"ListItem","position":2,"name":"Poblaci\u00f3n haitiana est\u00e1 al borde del precipicio por la hambruna"}]},{"@type":"WebSite","@id":"https:\/\/www.eldiario.net\/portal\/#website","url":"https:\/\/www.eldiario.net\/portal\/","name":"El Diario - Decano de la prensa nacional","description":"El Diario - Decano de la prensa nacional","publisher":{"@id":"https:\/\/www.eldiario.net\/portal\/#organization"},"potentialAction":[{"@type":"SearchAction","target":{"@type":"EntryPoint","urlTemplate":"https:\/\/www.eldiario.net\/portal\/?s={search_term_string}"},"query-input":{"@type":"PropertyValueSpecification","valueRequired":true,"valueName":"search_term_string"}}],"inLanguage":"es"},{"@type":"Organization","@id":"https:\/\/www.eldiario.net\/portal\/#organization","name":"El Diario - Decano de la prensa nacional","url":"https:\/\/www.eldiario.net\/portal\/","logo":{"@type":"ImageObject","inLanguage":"es","@id":"https:\/\/www.eldiario.net\/portal\/#\/schema\/logo\/image\/","url":"https:\/\/www.eldiario.net\/portal\/wp-content\/uploads\/2023\/07\/logo_ED.jpg","contentUrl":"https:\/\/www.eldiario.net\/portal\/wp-content\/uploads\/2023\/07\/logo_ED.jpg","width":272,"height":52,"caption":"El Diario - Decano de la prensa nacional"},"image":{"@id":"https:\/\/www.eldiario.net\/portal\/#\/schema\/logo\/image\/"},"sameAs":["https:\/\/www.facebook.com\/eldiario.bolivia\/","https:\/\/x.com\/eldiario_net"]},{"@type":"Person","@id":"https:\/\/www.eldiario.net\/portal\/#\/schema\/person\/f46445640444750d7d753ccd04ae01b7","name":"Jeanette","image":{"@type":"ImageObject","inLanguage":"es","@id":"https:\/\/secure.gravatar.com\/avatar\/3ea2118a5f7dad2b7138b1187a6b7ee55f160b9968b66013c3a3ef39dd7e5798?s=96&d=mm&r=g","url":"https:\/\/secure.gravatar.com\/avatar\/3ea2118a5f7dad2b7138b1187a6b7ee55f160b9968b66013c3a3ef39dd7e5798?s=96&d=mm&r=g","contentUrl":"https:\/\/secure.gravatar.com\/avatar\/3ea2118a5f7dad2b7138b1187a6b7ee55f160b9968b66013c3a3ef39dd7e5798?s=96&d=mm&r=g","caption":"Jeanette"},"sameAs":["https:\/\/www.eldiario.net\/portal"],"url":"https:\/\/www.eldiario.net\/portal\/author\/jeanette\/"}]}},"_links":{"self":[{"href":"https:\/\/www.eldiario.net\/portal\/wp-json\/wp\/v2\/posts\/160968","targetHints":{"allow":["GET"]}}],"collection":[{"href":"https:\/\/www.eldiario.net\/portal\/wp-json\/wp\/v2\/posts"}],"about":[{"href":"https:\/\/www.eldiario.net\/portal\/wp-json\/wp\/v2\/types\/post"}],"author":[{"embeddable":true,"href":"https:\/\/www.eldiario.net\/portal\/wp-json\/wp\/v2\/users\/1"}],"replies":[{"embeddable":true,"href":"https:\/\/www.eldiario.net\/portal\/wp-json\/wp\/v2\/comments?post=160968"}],"version-history":[{"count":0,"href":"https:\/\/www.eldiario.net\/portal\/wp-json\/wp\/v2\/posts\/160968\/revisions"}],"wp:featuredmedia":[{"embeddable":true,"href":"https:\/\/www.eldiario.net\/portal\/wp-json\/wp\/v2\/media\/160969"}],"wp:attachment":[{"href":"https:\/\/www.eldiario.net\/portal\/wp-json\/wp\/v2\/media?parent=160968"}],"wp:term":[{"taxonomy":"category","embeddable":true,"href":"https:\/\/www.eldiario.net\/portal\/wp-json\/wp\/v2\/categories?post=160968"},{"taxonomy":"post_tag","embeddable":true,"href":"https:\/\/www.eldiario.net\/portal\/wp-json\/wp\/v2\/tags?post=160968"}],"curies":[{"name":"wp","href":"https:\/\/api.w.org\/{rel}","templated":true}]}}