{"id":160965,"date":"2023-06-20T06:12:05","date_gmt":"2023-06-20T10:12:05","guid":{"rendered":"https:\/\/www.eldiario.net\/portal\/?p=160965"},"modified":"2023-06-20T06:12:05","modified_gmt":"2023-06-20T10:12:05","slug":"ucrania-anuncio-la-recuperacion-de-ocho-localidades-ocupadas-por-rusia","status":"publish","type":"post","link":"https:\/\/www.eldiario.net\/portal\/2023\/06\/20\/ucrania-anuncio-la-recuperacion-de-ocho-localidades-ocupadas-por-rusia\/","title":{"rendered":"Ucrania anunci\u00f3 la recuperaci\u00f3n de  ocho localidades ocupadas por Rusia"},"content":{"rendered":"<p class=\"v1MsoNormal\">La viceministra ucraniana de Defensa, Hanna Maliar, anunci\u00f3 ayer que las fuerzas ucranianas recuperaron un total de 113 kil\u00f3metros cuadrados en el sur del pa\u00eds desde que comenzaron su contraofensiva hace dos semanas.<\/p>\n<p class=\"v1MsoNormal\">\u00abEn el curso de dos semanas de operaciones ofensivas en las direcciones de Berdiansk y Melitopol, 8 localidades fueron liberadas\u00bb, dijo Maliar, sumando Piatijatki, en la provincia suroriental de Zaporizhzhia y liberada durante el fin de semana, a la lista de pueblos recuperados.<\/p>\n<p class=\"v1MsoNormal\">La viceministra explic\u00f3 que las fuerzas ucranianas en esa parte del pa\u00eds lograron hacer retroceder a los ocupantes rusos una distancia de 7 kil\u00f3metros en l\u00ednea recta. \u00abLa superficie liberada en el sur es de 113 kil\u00f3metros cuadrados\u00bb, agreg\u00f3 Maliar.<\/p>\n<p class=\"v1MsoNormal\">La pol\u00edtica ucraniana dijo adem\u00e1s que los combates contin\u00faan en la provincia oriental de Donetsk, la otra regi\u00f3n en que Ucrania est\u00e1 llevando a cabo su contraofensiva. En Bakhmut, afirm\u00f3, Rusia sigue acumulando tropas para frenar el avance ucraniano por los flancos.<\/p>\n<p class=\"v1MsoNormal\">En las zonas de Liman-Kupiansk Avd\u00edivka y Marinka, tambi\u00e9n en el este, Rusia intenta hacer retroceder a las tropas ucranianas sin \u00e9xito, seg\u00fan la viceministra.<\/p>\n<p class=\"v1MsoNormal\">Maliar asegur\u00f3 que Rusia perdi\u00f3, entre muertos y heridos, a m\u00e1s de 4.600 hombres durante la semana pasada, en la que \u00abm\u00e1s de 80 combatientes del agresor\u00bb habr\u00edan sido capturados por Ucrania.<\/p>\n<p class=\"v1MsoNormal\">\u00abNuestras fuerzas armadas tambi\u00e9n destruyeron m\u00e1s de 400 unidades de equipamiento y armas enemigas, entre ellas helic\u00f3pteros, tanques, (lanzacohetes) &#8216;howitzer&#8217;, sistemas de misiles antitanque y otros\u00bb, concluy\u00f3 la viceministra ucraniana.<\/p>\n<p class=\"v1MsoNormal\">\n<p class=\"v1MsoNormal\">ATAQUES DEL FIN DE SEMANA<\/p>\n<p class=\"v1MsoNormal\">La Fuerza A\u00e9rea ucraniana lanz\u00f3 14 ataques contra zonas de concentraci\u00f3n de personal rusos.<\/p>\n<p class=\"v1MsoNormal\">\u00abDurante el \u00faltimo d\u00eda, la aviaci\u00f3n de las fuerzas de defensa llev\u00f3 a cabo 14 ataques contra zonas de concentraci\u00f3n de personal enemigo. Nuestros defensores tambi\u00e9n destruyeron 2 sistemas de misiles antia\u00e9reos\u00bb, inform\u00f3 el Estado Mayor de las Fuerzas Armadas de Ucrania.<\/p>\n<p class=\"v1MsoNormal\">Agreg\u00f3 que, durante el fin de semana, \u00ablas unidades de misiles y artiller\u00eda alcanzaron 3 puestos de mando, 2 zonas de concentraci\u00f3n de personal, 5 dep\u00f3sitos de municiones y 3 unidades de artiller\u00eda en posiciones de tiro\u00bb.<\/p>\n<p class=\"v1MsoNormal\">Mientras, Rusia llev\u00f3 a cabo 43 ataques a\u00e9reos y 4 con misiles, y abri\u00f3 fuego desde sistemas de lanzamiento m\u00faltiple de cohetes en 51 ocasiones contra posiciones de las tropas ucranianas y contra zonas pobladas, precisa el parte militar.<\/p>\n<p class=\"v1MsoNormal\">A\u00f1ade, adem\u00e1s, que las fuerzas rusas concentran sus principales esfuerzos en los frentes de Lim\u00e1n, Bakhmut, Avdiyivka y M\u00e1rinka, y precisa que durante el \u00faltimo d\u00eda se produjeron 26 enfrentamientos.<\/p>\n<p class=\"v1MsoNormal\">\n<p class=\"v1MsoNormal\">CUANTIOSAS BAJAS<\/p>\n<p class=\"v1MsoNormal\">Rusia y Ucrania est\u00e1n sufriendo un gran n\u00famero de bajas militares a tiempo que el ej\u00e9rcito ucraniano intenta desalojar a las fuerzas del Kremlin de las \u00e1reas ocupadas en las primeras etapas de su contraofensiva, indicaron funcionarios de inteligencia brit\u00e1nicos.<\/p>\n<p class=\"v1MsoNormal\">El Ministerio de Defensa brit\u00e1nico constat\u00f3 fuertes enfrentamientos durante los \u00faltimos d\u00edas en los frentes de combate del este de Ucrania, en l\u00ednea con el repunte de las operaciones militares desde que Rusia diera por empezada la semana pasada la contraofensiva de las fuerzas ucranianas.<\/p>\n<p class=\"v1MsoNormal\">De acuerdo con su \u00faltima evaluaci\u00f3n del conflicto, publicada en su cuenta de Twitter, \u00ablos combates m\u00e1s intensos est\u00e1n ocurriendo en la regi\u00f3n de Zaporizhzhia, en el oeste de la regi\u00f3n de Donetsk y alrededor de Bakhmut\u00bb, la ciudad en la que fuerzas ucranianas y rusas se disputan a sangre y fuego durante los \u00faltimos meses. (Infobae\/Efe)<\/p>\n<p class=\"v1MsoNormal\">\n","protected":false},"excerpt":{"rendered":"<p>La viceministra ucraniana de Defensa, Hanna Maliar, anunci\u00f3 ayer que las fuerzas ucranianas recuperaron un total de 113 kil\u00f3metros cuadrados en el sur del pa\u00eds desde que comenzaron su contraofensiva hace dos semanas. \u00abEn el curso de dos semanas de operaciones ofensivas en las direcciones de Berdiansk y Melitopol, 8 localidades fueron liberadas\u00bb, dijo Maliar, [&hellip;]<\/p>\n","protected":false},"author":1,"featured_media":160966,"comment_status":"closed","ping_status":"closed","sticky":false,"template":"","format":"standard","meta":{"_acf_changed":false,"footnotes":""},"categories":[3],"tags":[],"class_list":["post-160965","post","type-post","status-publish","format-standard","has-post-thumbnail","category-internacional"],"acf":{"antetitulo":""},"yoast_head":"<!-- This site is optimized with the Yoast SEO plugin v28.3 - https:\/\/yoast.com\/product\/yoast-seo-wordpress\/ -->\n<title>Ucrania anunci\u00f3 la recuperaci\u00f3n de ocho localidades ocupadas por Rusia - El Diario - Bolivia<\/title>\n<meta name=\"robots\" content=\"index, follow, max-snippet:-1, max-image-preview:large, max-video-preview:-1\" \/>\n<link rel=\"canonical\" href=\"https:\/\/www.eldiario.net\/portal\/2023\/06\/20\/ucrania-anuncio-la-recuperacion-de-ocho-localidades-ocupadas-por-rusia\/\" \/>\n<meta property=\"og:locale\" content=\"es_ES\" \/>\n<meta property=\"og:type\" content=\"article\" \/>\n<meta property=\"og:title\" content=\"Ucrania anunci\u00f3 la recuperaci\u00f3n de ocho localidades ocupadas por Rusia - El Diario - Bolivia\" \/>\n<meta property=\"og:description\" content=\"La viceministra ucraniana de Defensa, Hanna Maliar, anunci\u00f3 ayer que las fuerzas ucranianas recuperaron un total de 113 kil\u00f3metros cuadrados en el sur del pa\u00eds desde que comenzaron su contraofensiva hace dos semanas. \u00abEn el curso de dos semanas de operaciones ofensivas en las direcciones de Berdiansk y Melitopol, 8 localidades fueron liberadas\u00bb, dijo Maliar, [&hellip;]\" \/>\n<meta property=\"og:url\" content=\"https:\/\/www.eldiario.net\/portal\/2023\/06\/20\/ucrania-anuncio-la-recuperacion-de-ocho-localidades-ocupadas-por-rusia\/\" \/>\n<meta property=\"og:site_name\" content=\"El Diario - Bolivia\" \/>\n<meta property=\"article:publisher\" content=\"https:\/\/www.facebook.com\/eldiario.bolivia\/\" \/>\n<meta property=\"article:published_time\" content=\"2023-06-20T10:12:05+00:00\" \/>\n<meta property=\"og:image\" content=\"https:\/\/www.eldiario.net\/portal\/wp-content\/uploads\/2023\/06\/4-ucranianos-Efrem-Lukatsky.jpg\" \/>\n\t<meta property=\"og:image:width\" content=\"1600\" \/>\n\t<meta property=\"og:image:height\" content=\"1066\" \/>\n\t<meta property=\"og:image:type\" content=\"image\/jpeg\" \/>\n<meta name=\"author\" content=\"Jeanette\" \/>\n<meta name=\"twitter:card\" content=\"summary_large_image\" \/>\n<meta name=\"twitter:creator\" content=\"@eldiario_net\" \/>\n<meta name=\"twitter:site\" content=\"@eldiario_net\" \/>\n<meta name=\"twitter:label1\" content=\"Escrito por\" \/>\n\t<meta name=\"twitter:data1\" content=\"Jeanette\" \/>\n\t<meta name=\"twitter:label2\" content=\"Tiempo de lectura\" \/>\n\t<meta name=\"twitter:data2\" content=\"3 minutos\" \/>\n<script type=\"application\/ld+json\" class=\"yoast-schema-graph\">{\"@context\":\"https:\\\/\\\/schema.org\",\"@graph\":[{\"@type\":\"Article\",\"@id\":\"https:\\\/\\\/www.eldiario.net\\\/portal\\\/2023\\\/06\\\/20\\\/ucrania-anuncio-la-recuperacion-de-ocho-localidades-ocupadas-por-rusia\\\/#article\",\"isPartOf\":{\"@id\":\"https:\\\/\\\/www.eldiario.net\\\/portal\\\/2023\\\/06\\\/20\\\/ucrania-anuncio-la-recuperacion-de-ocho-localidades-ocupadas-por-rusia\\\/\"},\"author\":{\"name\":\"Jeanette\",\"@id\":\"https:\\\/\\\/www.eldiario.net\\\/portal\\\/#\\\/schema\\\/person\\\/f46445640444750d7d753ccd04ae01b7\"},\"headline\":\"Ucrania anunci\u00f3 la recuperaci\u00f3n de ocho localidades ocupadas por Rusia\",\"datePublished\":\"2023-06-20T10:12:05+00:00\",\"mainEntityOfPage\":{\"@id\":\"https:\\\/\\\/www.eldiario.net\\\/portal\\\/2023\\\/06\\\/20\\\/ucrania-anuncio-la-recuperacion-de-ocho-localidades-ocupadas-por-rusia\\\/\"},\"wordCount\":599,\"publisher\":{\"@id\":\"https:\\\/\\\/www.eldiario.net\\\/portal\\\/#organization\"},\"image\":{\"@id\":\"https:\\\/\\\/www.eldiario.net\\\/portal\\\/2023\\\/06\\\/20\\\/ucrania-anuncio-la-recuperacion-de-ocho-localidades-ocupadas-por-rusia\\\/#primaryimage\"},\"thumbnailUrl\":\"https:\\\/\\\/www.eldiario.net\\\/portal\\\/wp-content\\\/uploads\\\/2023\\\/06\\\/4-ucranianos-Efrem-Lukatsky.jpg\",\"articleSection\":[\"Internacional\"],\"inLanguage\":\"es\"},{\"@type\":\"WebPage\",\"@id\":\"https:\\\/\\\/www.eldiario.net\\\/portal\\\/2023\\\/06\\\/20\\\/ucrania-anuncio-la-recuperacion-de-ocho-localidades-ocupadas-por-rusia\\\/\",\"url\":\"https:\\\/\\\/www.eldiario.net\\\/portal\\\/2023\\\/06\\\/20\\\/ucrania-anuncio-la-recuperacion-de-ocho-localidades-ocupadas-por-rusia\\\/\",\"name\":\"Ucrania anunci\u00f3 la recuperaci\u00f3n de ocho localidades ocupadas por Rusia - El Diario - Bolivia\",\"isPartOf\":{\"@id\":\"https:\\\/\\\/www.eldiario.net\\\/portal\\\/#website\"},\"primaryImageOfPage\":{\"@id\":\"https:\\\/\\\/www.eldiario.net\\\/portal\\\/2023\\\/06\\\/20\\\/ucrania-anuncio-la-recuperacion-de-ocho-localidades-ocupadas-por-rusia\\\/#primaryimage\"},\"image\":{\"@id\":\"https:\\\/\\\/www.eldiario.net\\\/portal\\\/2023\\\/06\\\/20\\\/ucrania-anuncio-la-recuperacion-de-ocho-localidades-ocupadas-por-rusia\\\/#primaryimage\"},\"thumbnailUrl\":\"https:\\\/\\\/www.eldiario.net\\\/portal\\\/wp-content\\\/uploads\\\/2023\\\/06\\\/4-ucranianos-Efrem-Lukatsky.jpg\",\"datePublished\":\"2023-06-20T10:12:05+00:00\",\"breadcrumb\":{\"@id\":\"https:\\\/\\\/www.eldiario.net\\\/portal\\\/2023\\\/06\\\/20\\\/ucrania-anuncio-la-recuperacion-de-ocho-localidades-ocupadas-por-rusia\\\/#breadcrumb\"},\"inLanguage\":\"es\",\"potentialAction\":[{\"@type\":\"ReadAction\",\"target\":[\"https:\\\/\\\/www.eldiario.net\\\/portal\\\/2023\\\/06\\\/20\\\/ucrania-anuncio-la-recuperacion-de-ocho-localidades-ocupadas-por-rusia\\\/\"]}]},{\"@type\":\"ImageObject\",\"inLanguage\":\"es\",\"@id\":\"https:\\\/\\\/www.eldiario.net\\\/portal\\\/2023\\\/06\\\/20\\\/ucrania-anuncio-la-recuperacion-de-ocho-localidades-ocupadas-por-rusia\\\/#primaryimage\",\"url\":\"https:\\\/\\\/www.eldiario.net\\\/portal\\\/wp-content\\\/uploads\\\/2023\\\/06\\\/4-ucranianos-Efrem-Lukatsky.jpg\",\"contentUrl\":\"https:\\\/\\\/www.eldiario.net\\\/portal\\\/wp-content\\\/uploads\\\/2023\\\/06\\\/4-ucranianos-Efrem-Lukatsky.jpg\",\"width\":1600,\"height\":1066,\"caption\":\"FUERZAS UCRANIANAS LOGRARON HACER RETROCEDER A OCUPANTES RUSOS. FOTO: Efrem Lukatsky\"},{\"@type\":\"BreadcrumbList\",\"@id\":\"https:\\\/\\\/www.eldiario.net\\\/portal\\\/2023\\\/06\\\/20\\\/ucrania-anuncio-la-recuperacion-de-ocho-localidades-ocupadas-por-rusia\\\/#breadcrumb\",\"itemListElement\":[{\"@type\":\"ListItem\",\"position\":1,\"name\":\"Portada\",\"item\":\"https:\\\/\\\/www.eldiario.net\\\/portal\\\/\"},{\"@type\":\"ListItem\",\"position\":2,\"name\":\"Ucrania anunci\u00f3 la recuperaci\u00f3n de ocho localidades ocupadas por Rusia\"}]},{\"@type\":\"WebSite\",\"@id\":\"https:\\\/\\\/www.eldiario.net\\\/portal\\\/#website\",\"url\":\"https:\\\/\\\/www.eldiario.net\\\/portal\\\/\",\"name\":\"El Diario - Decano de la prensa nacional\",\"description\":\"El Diario - Decano de la prensa nacional\",\"publisher\":{\"@id\":\"https:\\\/\\\/www.eldiario.net\\\/portal\\\/#organization\"},\"potentialAction\":[{\"@type\":\"SearchAction\",\"target\":{\"@type\":\"EntryPoint\",\"urlTemplate\":\"https:\\\/\\\/www.eldiario.net\\\/portal\\\/?s={search_term_string}\"},\"query-input\":{\"@type\":\"PropertyValueSpecification\",\"valueRequired\":true,\"valueName\":\"search_term_string\"}}],\"inLanguage\":\"es\"},{\"@type\":\"Organization\",\"@id\":\"https:\\\/\\\/www.eldiario.net\\\/portal\\\/#organization\",\"name\":\"El Diario - Decano de la prensa nacional\",\"url\":\"https:\\\/\\\/www.eldiario.net\\\/portal\\\/\",\"logo\":{\"@type\":\"ImageObject\",\"inLanguage\":\"es\",\"@id\":\"https:\\\/\\\/www.eldiario.net\\\/portal\\\/#\\\/schema\\\/logo\\\/image\\\/\",\"url\":\"https:\\\/\\\/www.eldiario.net\\\/portal\\\/wp-content\\\/uploads\\\/2023\\\/07\\\/logo_ED.jpg\",\"contentUrl\":\"https:\\\/\\\/www.eldiario.net\\\/portal\\\/wp-content\\\/uploads\\\/2023\\\/07\\\/logo_ED.jpg\",\"width\":272,\"height\":52,\"caption\":\"El Diario - Decano de la prensa nacional\"},\"image\":{\"@id\":\"https:\\\/\\\/www.eldiario.net\\\/portal\\\/#\\\/schema\\\/logo\\\/image\\\/\"},\"sameAs\":[\"https:\\\/\\\/www.facebook.com\\\/eldiario.bolivia\\\/\",\"https:\\\/\\\/x.com\\\/eldiario_net\"]},{\"@type\":\"Person\",\"@id\":\"https:\\\/\\\/www.eldiario.net\\\/portal\\\/#\\\/schema\\\/person\\\/f46445640444750d7d753ccd04ae01b7\",\"name\":\"Jeanette\",\"image\":{\"@type\":\"ImageObject\",\"inLanguage\":\"es\",\"@id\":\"https:\\\/\\\/secure.gravatar.com\\\/avatar\\\/3ea2118a5f7dad2b7138b1187a6b7ee55f160b9968b66013c3a3ef39dd7e5798?s=96&d=mm&r=g\",\"url\":\"https:\\\/\\\/secure.gravatar.com\\\/avatar\\\/3ea2118a5f7dad2b7138b1187a6b7ee55f160b9968b66013c3a3ef39dd7e5798?s=96&d=mm&r=g\",\"contentUrl\":\"https:\\\/\\\/secure.gravatar.com\\\/avatar\\\/3ea2118a5f7dad2b7138b1187a6b7ee55f160b9968b66013c3a3ef39dd7e5798?s=96&d=mm&r=g\",\"caption\":\"Jeanette\"},\"sameAs\":[\"https:\\\/\\\/www.eldiario.net\\\/portal\"],\"url\":\"https:\\\/\\\/www.eldiario.net\\\/portal\\\/author\\\/jeanette\\\/\"}]}<\/script>\n<!-- \/ Yoast SEO plugin. -->","yoast_head_json":{"title":"Ucrania anunci\u00f3 la recuperaci\u00f3n de ocho localidades ocupadas por Rusia - El Diario - Bolivia","robots":{"index":"index","follow":"follow","max-snippet":"max-snippet:-1","max-image-preview":"max-image-preview:large","max-video-preview":"max-video-preview:-1"},"canonical":"https:\/\/www.eldiario.net\/portal\/2023\/06\/20\/ucrania-anuncio-la-recuperacion-de-ocho-localidades-ocupadas-por-rusia\/","og_locale":"es_ES","og_type":"article","og_title":"Ucrania anunci\u00f3 la recuperaci\u00f3n de ocho localidades ocupadas por Rusia - El Diario - Bolivia","og_description":"La viceministra ucraniana de Defensa, Hanna Maliar, anunci\u00f3 ayer que las fuerzas ucranianas recuperaron un total de 113 kil\u00f3metros cuadrados en el sur del pa\u00eds desde que comenzaron su contraofensiva hace dos semanas. \u00abEn el curso de dos semanas de operaciones ofensivas en las direcciones de Berdiansk y Melitopol, 8 localidades fueron liberadas\u00bb, dijo Maliar, [&hellip;]","og_url":"https:\/\/www.eldiario.net\/portal\/2023\/06\/20\/ucrania-anuncio-la-recuperacion-de-ocho-localidades-ocupadas-por-rusia\/","og_site_name":"El Diario - Bolivia","article_publisher":"https:\/\/www.facebook.com\/eldiario.bolivia\/","article_published_time":"2023-06-20T10:12:05+00:00","og_image":[{"width":1600,"height":1066,"url":"https:\/\/www.eldiario.net\/portal\/wp-content\/uploads\/2023\/06\/4-ucranianos-Efrem-Lukatsky.jpg","type":"image\/jpeg"}],"author":"Jeanette","twitter_card":"summary_large_image","twitter_creator":"@eldiario_net","twitter_site":"@eldiario_net","twitter_misc":{"Escrito por":"Jeanette","Tiempo de lectura":"3 minutos"},"schema":{"@context":"https:\/\/schema.org","@graph":[{"@type":"Article","@id":"https:\/\/www.eldiario.net\/portal\/2023\/06\/20\/ucrania-anuncio-la-recuperacion-de-ocho-localidades-ocupadas-por-rusia\/#article","isPartOf":{"@id":"https:\/\/www.eldiario.net\/portal\/2023\/06\/20\/ucrania-anuncio-la-recuperacion-de-ocho-localidades-ocupadas-por-rusia\/"},"author":{"name":"Jeanette","@id":"https:\/\/www.eldiario.net\/portal\/#\/schema\/person\/f46445640444750d7d753ccd04ae01b7"},"headline":"Ucrania anunci\u00f3 la recuperaci\u00f3n de ocho localidades ocupadas por Rusia","datePublished":"2023-06-20T10:12:05+00:00","mainEntityOfPage":{"@id":"https:\/\/www.eldiario.net\/portal\/2023\/06\/20\/ucrania-anuncio-la-recuperacion-de-ocho-localidades-ocupadas-por-rusia\/"},"wordCount":599,"publisher":{"@id":"https:\/\/www.eldiario.net\/portal\/#organization"},"image":{"@id":"https:\/\/www.eldiario.net\/portal\/2023\/06\/20\/ucrania-anuncio-la-recuperacion-de-ocho-localidades-ocupadas-por-rusia\/#primaryimage"},"thumbnailUrl":"https:\/\/www.eldiario.net\/portal\/wp-content\/uploads\/2023\/06\/4-ucranianos-Efrem-Lukatsky.jpg","articleSection":["Internacional"],"inLanguage":"es"},{"@type":"WebPage","@id":"https:\/\/www.eldiario.net\/portal\/2023\/06\/20\/ucrania-anuncio-la-recuperacion-de-ocho-localidades-ocupadas-por-rusia\/","url":"https:\/\/www.eldiario.net\/portal\/2023\/06\/20\/ucrania-anuncio-la-recuperacion-de-ocho-localidades-ocupadas-por-rusia\/","name":"Ucrania anunci\u00f3 la recuperaci\u00f3n de ocho localidades ocupadas por Rusia - El Diario - Bolivia","isPartOf":{"@id":"https:\/\/www.eldiario.net\/portal\/#website"},"primaryImageOfPage":{"@id":"https:\/\/www.eldiario.net\/portal\/2023\/06\/20\/ucrania-anuncio-la-recuperacion-de-ocho-localidades-ocupadas-por-rusia\/#primaryimage"},"image":{"@id":"https:\/\/www.eldiario.net\/portal\/2023\/06\/20\/ucrania-anuncio-la-recuperacion-de-ocho-localidades-ocupadas-por-rusia\/#primaryimage"},"thumbnailUrl":"https:\/\/www.eldiario.net\/portal\/wp-content\/uploads\/2023\/06\/4-ucranianos-Efrem-Lukatsky.jpg","datePublished":"2023-06-20T10:12:05+00:00","breadcrumb":{"@id":"https:\/\/www.eldiario.net\/portal\/2023\/06\/20\/ucrania-anuncio-la-recuperacion-de-ocho-localidades-ocupadas-por-rusia\/#breadcrumb"},"inLanguage":"es","potentialAction":[{"@type":"ReadAction","target":["https:\/\/www.eldiario.net\/portal\/2023\/06\/20\/ucrania-anuncio-la-recuperacion-de-ocho-localidades-ocupadas-por-rusia\/"]}]},{"@type":"ImageObject","inLanguage":"es","@id":"https:\/\/www.eldiario.net\/portal\/2023\/06\/20\/ucrania-anuncio-la-recuperacion-de-ocho-localidades-ocupadas-por-rusia\/#primaryimage","url":"https:\/\/www.eldiario.net\/portal\/wp-content\/uploads\/2023\/06\/4-ucranianos-Efrem-Lukatsky.jpg","contentUrl":"https:\/\/www.eldiario.net\/portal\/wp-content\/uploads\/2023\/06\/4-ucranianos-Efrem-Lukatsky.jpg","width":1600,"height":1066,"caption":"FUERZAS UCRANIANAS LOGRARON HACER RETROCEDER A OCUPANTES RUSOS. FOTO: Efrem Lukatsky"},{"@type":"BreadcrumbList","@id":"https:\/\/www.eldiario.net\/portal\/2023\/06\/20\/ucrania-anuncio-la-recuperacion-de-ocho-localidades-ocupadas-por-rusia\/#breadcrumb","itemListElement":[{"@type":"ListItem","position":1,"name":"Portada","item":"https:\/\/www.eldiario.net\/portal\/"},{"@type":"ListItem","position":2,"name":"Ucrania anunci\u00f3 la recuperaci\u00f3n de ocho localidades ocupadas por Rusia"}]},{"@type":"WebSite","@id":"https:\/\/www.eldiario.net\/portal\/#website","url":"https:\/\/www.eldiario.net\/portal\/","name":"El Diario - Decano de la prensa nacional","description":"El Diario - Decano de la prensa nacional","publisher":{"@id":"https:\/\/www.eldiario.net\/portal\/#organization"},"potentialAction":[{"@type":"SearchAction","target":{"@type":"EntryPoint","urlTemplate":"https:\/\/www.eldiario.net\/portal\/?s={search_term_string}"},"query-input":{"@type":"PropertyValueSpecification","valueRequired":true,"valueName":"search_term_string"}}],"inLanguage":"es"},{"@type":"Organization","@id":"https:\/\/www.eldiario.net\/portal\/#organization","name":"El Diario - Decano de la prensa nacional","url":"https:\/\/www.eldiario.net\/portal\/","logo":{"@type":"ImageObject","inLanguage":"es","@id":"https:\/\/www.eldiario.net\/portal\/#\/schema\/logo\/image\/","url":"https:\/\/www.eldiario.net\/portal\/wp-content\/uploads\/2023\/07\/logo_ED.jpg","contentUrl":"https:\/\/www.eldiario.net\/portal\/wp-content\/uploads\/2023\/07\/logo_ED.jpg","width":272,"height":52,"caption":"El Diario - Decano de la prensa nacional"},"image":{"@id":"https:\/\/www.eldiario.net\/portal\/#\/schema\/logo\/image\/"},"sameAs":["https:\/\/www.facebook.com\/eldiario.bolivia\/","https:\/\/x.com\/eldiario_net"]},{"@type":"Person","@id":"https:\/\/www.eldiario.net\/portal\/#\/schema\/person\/f46445640444750d7d753ccd04ae01b7","name":"Jeanette","image":{"@type":"ImageObject","inLanguage":"es","@id":"https:\/\/secure.gravatar.com\/avatar\/3ea2118a5f7dad2b7138b1187a6b7ee55f160b9968b66013c3a3ef39dd7e5798?s=96&d=mm&r=g","url":"https:\/\/secure.gravatar.com\/avatar\/3ea2118a5f7dad2b7138b1187a6b7ee55f160b9968b66013c3a3ef39dd7e5798?s=96&d=mm&r=g","contentUrl":"https:\/\/secure.gravatar.com\/avatar\/3ea2118a5f7dad2b7138b1187a6b7ee55f160b9968b66013c3a3ef39dd7e5798?s=96&d=mm&r=g","caption":"Jeanette"},"sameAs":["https:\/\/www.eldiario.net\/portal"],"url":"https:\/\/www.eldiario.net\/portal\/author\/jeanette\/"}]}},"_links":{"self":[{"href":"https:\/\/www.eldiario.net\/portal\/wp-json\/wp\/v2\/posts\/160965","targetHints":{"allow":["GET"]}}],"collection":[{"href":"https:\/\/www.eldiario.net\/portal\/wp-json\/wp\/v2\/posts"}],"about":[{"href":"https:\/\/www.eldiario.net\/portal\/wp-json\/wp\/v2\/types\/post"}],"author":[{"embeddable":true,"href":"https:\/\/www.eldiario.net\/portal\/wp-json\/wp\/v2\/users\/1"}],"replies":[{"embeddable":true,"href":"https:\/\/www.eldiario.net\/portal\/wp-json\/wp\/v2\/comments?post=160965"}],"version-history":[{"count":0,"href":"https:\/\/www.eldiario.net\/portal\/wp-json\/wp\/v2\/posts\/160965\/revisions"}],"wp:featuredmedia":[{"embeddable":true,"href":"https:\/\/www.eldiario.net\/portal\/wp-json\/wp\/v2\/media\/160966"}],"wp:attachment":[{"href":"https:\/\/www.eldiario.net\/portal\/wp-json\/wp\/v2\/media?parent=160965"}],"wp:term":[{"taxonomy":"category","embeddable":true,"href":"https:\/\/www.eldiario.net\/portal\/wp-json\/wp\/v2\/categories?post=160965"},{"taxonomy":"post_tag","embeddable":true,"href":"https:\/\/www.eldiario.net\/portal\/wp-json\/wp\/v2\/tags?post=160965"}],"curies":[{"name":"wp","href":"https:\/\/api.w.org\/{rel}","templated":true}]}}