{"id":160962,"date":"2023-06-20T06:10:33","date_gmt":"2023-06-20T10:10:33","guid":{"rendered":"https:\/\/www.eldiario.net\/portal\/?p=160962"},"modified":"2023-06-20T06:10:33","modified_gmt":"2023-06-20T10:10:33","slug":"al-menos-seis-muertos-por-un-tiroteo-en-guayaquil-ecuador","status":"publish","type":"post","link":"https:\/\/www.eldiario.net\/portal\/2023\/06\/20\/al-menos-seis-muertos-por-un-tiroteo-en-guayaquil-ecuador\/","title":{"rendered":"Al menos seis muertos por un  tiroteo en Guayaquil, Ecuador"},"content":{"rendered":"<p class=\"v1MsoNormal\">Al menos seis personas fallecieron y ocho resultaron heridas tras un tiroteo perpetrado por hombres armados en el barrio de El Guasmo, ubicado en la ciudad costera de Guayaquil, en un nuevo repunte de violencia en el pa\u00eds latinoamericano.<\/p>\n<p class=\"v1MsoNormal\">Seg\u00fan apuntan las investigaciones preliminares, varios hombres armados abrieron fuego desde un veh\u00edculo negro. Entre los fallecidos hay un menor de 15 a\u00f1os y un joven de 19, mientras que, entre los heridos, hay dos hermanos de 15 y 10 a\u00f1os.<\/p>\n<p class=\"v1MsoNormal\">En otro incidente separado, la Polic\u00eda Nacional inform\u00f3 en su perfil oficial de Twitter de madrugada de enfrentamientos armados en la parroquia Comit\u00e9 del Pueblo, al norte de Quito, que result\u00f3 con un muerto y dos viviendas da\u00f1adas por un incendio, seg\u00fan las primeras pesquisas.<\/p>\n<p class=\"v1MsoNormal\">El presidente de Ecuador, Guillermo Lasso, declar\u00f3 en marzo el estado de excepci\u00f3n en Esmeraldas en un intento por detener la ola de violencia perpetrada por grupos de delincuencia armada que est\u00e1 enfrentando la provincia.<\/p>\n<p class=\"v1MsoNormal\">Durante los primeros meses de 2023, Ecuador sufri\u00f3 un repunte de la violencia armada con hechos de homicidios, asesinatos y sicariatos. Seg\u00fan los datos de 2022 recogidos por el portal especializado Insight Crime, Ecuador registr\u00f3 una tasa de homicidios de 25,9 por cada 100.000 habitantes, una de las m\u00e1s altas de Latinoam\u00e9rica. (Europa Press)<\/p>\n<p class=\"v1MsoNormal\">\n","protected":false},"excerpt":{"rendered":"<p>Al menos seis personas fallecieron y ocho resultaron heridas tras un tiroteo perpetrado por hombres armados en el barrio de El Guasmo, ubicado en la ciudad costera de Guayaquil, en un nuevo repunte de violencia en el pa\u00eds latinoamericano. Seg\u00fan apuntan las investigaciones preliminares, varios hombres armados abrieron fuego desde un veh\u00edculo negro. Entre los [&hellip;]<\/p>\n","protected":false},"author":1,"featured_media":160963,"comment_status":"closed","ping_status":"closed","sticky":false,"template":"","format":"standard","meta":{"_acf_changed":false,"footnotes":""},"categories":[3],"tags":[],"class_list":["post-160962","post","type-post","status-publish","format-standard","has-post-thumbnail","category-internacional"],"acf":{"antetitulo":""},"yoast_head":"<!-- This site is optimized with the Yoast SEO plugin v28.3 - https:\/\/yoast.com\/product\/yoast-seo-wordpress\/ -->\n<title>Al menos seis muertos por un tiroteo en Guayaquil, Ecuador - El Diario - Bolivia<\/title>\n<meta name=\"robots\" content=\"index, follow, max-snippet:-1, max-image-preview:large, max-video-preview:-1\" \/>\n<link rel=\"canonical\" href=\"https:\/\/www.eldiario.net\/portal\/2023\/06\/20\/al-menos-seis-muertos-por-un-tiroteo-en-guayaquil-ecuador\/\" \/>\n<meta property=\"og:locale\" content=\"es_ES\" \/>\n<meta property=\"og:type\" content=\"article\" \/>\n<meta property=\"og:title\" content=\"Al menos seis muertos por un tiroteo en Guayaquil, Ecuador - El Diario - Bolivia\" \/>\n<meta property=\"og:description\" content=\"Al menos seis personas fallecieron y ocho resultaron heridas tras un tiroteo perpetrado por hombres armados en el barrio de El Guasmo, ubicado en la ciudad costera de Guayaquil, en un nuevo repunte de violencia en el pa\u00eds latinoamericano. Seg\u00fan apuntan las investigaciones preliminares, varios hombres armados abrieron fuego desde un veh\u00edculo negro. Entre los [&hellip;]\" \/>\n<meta property=\"og:url\" content=\"https:\/\/www.eldiario.net\/portal\/2023\/06\/20\/al-menos-seis-muertos-por-un-tiroteo-en-guayaquil-ecuador\/\" \/>\n<meta property=\"og:site_name\" content=\"El Diario - Bolivia\" \/>\n<meta property=\"article:publisher\" content=\"https:\/\/www.facebook.com\/eldiario.bolivia\/\" \/>\n<meta property=\"article:published_time\" content=\"2023-06-20T10:10:33+00:00\" \/>\n<meta property=\"og:image\" content=\"https:\/\/www.eldiario.net\/portal\/wp-content\/uploads\/2023\/06\/5-tiroteo-El-Heraldo.jpg\" \/>\n\t<meta property=\"og:image:width\" content=\"1200\" \/>\n\t<meta property=\"og:image:height\" content=\"900\" \/>\n\t<meta property=\"og:image:type\" content=\"image\/jpeg\" \/>\n<meta name=\"author\" content=\"Jeanette\" \/>\n<meta name=\"twitter:card\" content=\"summary_large_image\" \/>\n<meta name=\"twitter:creator\" content=\"@eldiario_net\" \/>\n<meta name=\"twitter:site\" content=\"@eldiario_net\" \/>\n<meta name=\"twitter:label1\" content=\"Escrito por\" \/>\n\t<meta name=\"twitter:data1\" content=\"Jeanette\" \/>\n\t<meta name=\"twitter:label2\" content=\"Tiempo de lectura\" \/>\n\t<meta name=\"twitter:data2\" content=\"1 minuto\" \/>\n<script type=\"application\/ld+json\" class=\"yoast-schema-graph\">{\"@context\":\"https:\\\/\\\/schema.org\",\"@graph\":[{\"@type\":\"Article\",\"@id\":\"https:\\\/\\\/www.eldiario.net\\\/portal\\\/2023\\\/06\\\/20\\\/al-menos-seis-muertos-por-un-tiroteo-en-guayaquil-ecuador\\\/#article\",\"isPartOf\":{\"@id\":\"https:\\\/\\\/www.eldiario.net\\\/portal\\\/2023\\\/06\\\/20\\\/al-menos-seis-muertos-por-un-tiroteo-en-guayaquil-ecuador\\\/\"},\"author\":{\"name\":\"Jeanette\",\"@id\":\"https:\\\/\\\/www.eldiario.net\\\/portal\\\/#\\\/schema\\\/person\\\/f46445640444750d7d753ccd04ae01b7\"},\"headline\":\"Al menos seis muertos por un tiroteo en Guayaquil, Ecuador\",\"datePublished\":\"2023-06-20T10:10:33+00:00\",\"mainEntityOfPage\":{\"@id\":\"https:\\\/\\\/www.eldiario.net\\\/portal\\\/2023\\\/06\\\/20\\\/al-menos-seis-muertos-por-un-tiroteo-en-guayaquil-ecuador\\\/\"},\"wordCount\":228,\"publisher\":{\"@id\":\"https:\\\/\\\/www.eldiario.net\\\/portal\\\/#organization\"},\"image\":{\"@id\":\"https:\\\/\\\/www.eldiario.net\\\/portal\\\/2023\\\/06\\\/20\\\/al-menos-seis-muertos-por-un-tiroteo-en-guayaquil-ecuador\\\/#primaryimage\"},\"thumbnailUrl\":\"https:\\\/\\\/www.eldiario.net\\\/portal\\\/wp-content\\\/uploads\\\/2023\\\/06\\\/5-tiroteo-El-Heraldo.jpg\",\"articleSection\":[\"Internacional\"],\"inLanguage\":\"es\"},{\"@type\":\"WebPage\",\"@id\":\"https:\\\/\\\/www.eldiario.net\\\/portal\\\/2023\\\/06\\\/20\\\/al-menos-seis-muertos-por-un-tiroteo-en-guayaquil-ecuador\\\/\",\"url\":\"https:\\\/\\\/www.eldiario.net\\\/portal\\\/2023\\\/06\\\/20\\\/al-menos-seis-muertos-por-un-tiroteo-en-guayaquil-ecuador\\\/\",\"name\":\"Al menos seis muertos por un tiroteo en Guayaquil, Ecuador - El Diario - Bolivia\",\"isPartOf\":{\"@id\":\"https:\\\/\\\/www.eldiario.net\\\/portal\\\/#website\"},\"primaryImageOfPage\":{\"@id\":\"https:\\\/\\\/www.eldiario.net\\\/portal\\\/2023\\\/06\\\/20\\\/al-menos-seis-muertos-por-un-tiroteo-en-guayaquil-ecuador\\\/#primaryimage\"},\"image\":{\"@id\":\"https:\\\/\\\/www.eldiario.net\\\/portal\\\/2023\\\/06\\\/20\\\/al-menos-seis-muertos-por-un-tiroteo-en-guayaquil-ecuador\\\/#primaryimage\"},\"thumbnailUrl\":\"https:\\\/\\\/www.eldiario.net\\\/portal\\\/wp-content\\\/uploads\\\/2023\\\/06\\\/5-tiroteo-El-Heraldo.jpg\",\"datePublished\":\"2023-06-20T10:10:33+00:00\",\"breadcrumb\":{\"@id\":\"https:\\\/\\\/www.eldiario.net\\\/portal\\\/2023\\\/06\\\/20\\\/al-menos-seis-muertos-por-un-tiroteo-en-guayaquil-ecuador\\\/#breadcrumb\"},\"inLanguage\":\"es\",\"potentialAction\":[{\"@type\":\"ReadAction\",\"target\":[\"https:\\\/\\\/www.eldiario.net\\\/portal\\\/2023\\\/06\\\/20\\\/al-menos-seis-muertos-por-un-tiroteo-en-guayaquil-ecuador\\\/\"]}]},{\"@type\":\"ImageObject\",\"inLanguage\":\"es\",\"@id\":\"https:\\\/\\\/www.eldiario.net\\\/portal\\\/2023\\\/06\\\/20\\\/al-menos-seis-muertos-por-un-tiroteo-en-guayaquil-ecuador\\\/#primaryimage\",\"url\":\"https:\\\/\\\/www.eldiario.net\\\/portal\\\/wp-content\\\/uploads\\\/2023\\\/06\\\/5-tiroteo-El-Heraldo.jpg\",\"contentUrl\":\"https:\\\/\\\/www.eldiario.net\\\/portal\\\/wp-content\\\/uploads\\\/2023\\\/06\\\/5-tiroteo-El-Heraldo.jpg\",\"width\":1200,\"height\":900,\"caption\":\"AUTORIDADES DE GOBIERNO BUSCAN FRENAR ESTE TIPO DE VIOLENCIAS. FOTO: El Heraldo\"},{\"@type\":\"BreadcrumbList\",\"@id\":\"https:\\\/\\\/www.eldiario.net\\\/portal\\\/2023\\\/06\\\/20\\\/al-menos-seis-muertos-por-un-tiroteo-en-guayaquil-ecuador\\\/#breadcrumb\",\"itemListElement\":[{\"@type\":\"ListItem\",\"position\":1,\"name\":\"Portada\",\"item\":\"https:\\\/\\\/www.eldiario.net\\\/portal\\\/\"},{\"@type\":\"ListItem\",\"position\":2,\"name\":\"Al menos seis muertos por un tiroteo en Guayaquil, Ecuador\"}]},{\"@type\":\"WebSite\",\"@id\":\"https:\\\/\\\/www.eldiario.net\\\/portal\\\/#website\",\"url\":\"https:\\\/\\\/www.eldiario.net\\\/portal\\\/\",\"name\":\"El Diario - Decano de la prensa nacional\",\"description\":\"El Diario - Decano de la prensa nacional\",\"publisher\":{\"@id\":\"https:\\\/\\\/www.eldiario.net\\\/portal\\\/#organization\"},\"potentialAction\":[{\"@type\":\"SearchAction\",\"target\":{\"@type\":\"EntryPoint\",\"urlTemplate\":\"https:\\\/\\\/www.eldiario.net\\\/portal\\\/?s={search_term_string}\"},\"query-input\":{\"@type\":\"PropertyValueSpecification\",\"valueRequired\":true,\"valueName\":\"search_term_string\"}}],\"inLanguage\":\"es\"},{\"@type\":\"Organization\",\"@id\":\"https:\\\/\\\/www.eldiario.net\\\/portal\\\/#organization\",\"name\":\"El Diario - Decano de la prensa nacional\",\"url\":\"https:\\\/\\\/www.eldiario.net\\\/portal\\\/\",\"logo\":{\"@type\":\"ImageObject\",\"inLanguage\":\"es\",\"@id\":\"https:\\\/\\\/www.eldiario.net\\\/portal\\\/#\\\/schema\\\/logo\\\/image\\\/\",\"url\":\"https:\\\/\\\/www.eldiario.net\\\/portal\\\/wp-content\\\/uploads\\\/2023\\\/07\\\/logo_ED.jpg\",\"contentUrl\":\"https:\\\/\\\/www.eldiario.net\\\/portal\\\/wp-content\\\/uploads\\\/2023\\\/07\\\/logo_ED.jpg\",\"width\":272,\"height\":52,\"caption\":\"El Diario - Decano de la prensa nacional\"},\"image\":{\"@id\":\"https:\\\/\\\/www.eldiario.net\\\/portal\\\/#\\\/schema\\\/logo\\\/image\\\/\"},\"sameAs\":[\"https:\\\/\\\/www.facebook.com\\\/eldiario.bolivia\\\/\",\"https:\\\/\\\/x.com\\\/eldiario_net\"]},{\"@type\":\"Person\",\"@id\":\"https:\\\/\\\/www.eldiario.net\\\/portal\\\/#\\\/schema\\\/person\\\/f46445640444750d7d753ccd04ae01b7\",\"name\":\"Jeanette\",\"image\":{\"@type\":\"ImageObject\",\"inLanguage\":\"es\",\"@id\":\"https:\\\/\\\/secure.gravatar.com\\\/avatar\\\/3ea2118a5f7dad2b7138b1187a6b7ee55f160b9968b66013c3a3ef39dd7e5798?s=96&d=mm&r=g\",\"url\":\"https:\\\/\\\/secure.gravatar.com\\\/avatar\\\/3ea2118a5f7dad2b7138b1187a6b7ee55f160b9968b66013c3a3ef39dd7e5798?s=96&d=mm&r=g\",\"contentUrl\":\"https:\\\/\\\/secure.gravatar.com\\\/avatar\\\/3ea2118a5f7dad2b7138b1187a6b7ee55f160b9968b66013c3a3ef39dd7e5798?s=96&d=mm&r=g\",\"caption\":\"Jeanette\"},\"sameAs\":[\"https:\\\/\\\/www.eldiario.net\\\/portal\"],\"url\":\"https:\\\/\\\/www.eldiario.net\\\/portal\\\/author\\\/jeanette\\\/\"}]}<\/script>\n<!-- \/ Yoast SEO plugin. -->","yoast_head_json":{"title":"Al menos seis muertos por un tiroteo en Guayaquil, Ecuador - El Diario - Bolivia","robots":{"index":"index","follow":"follow","max-snippet":"max-snippet:-1","max-image-preview":"max-image-preview:large","max-video-preview":"max-video-preview:-1"},"canonical":"https:\/\/www.eldiario.net\/portal\/2023\/06\/20\/al-menos-seis-muertos-por-un-tiroteo-en-guayaquil-ecuador\/","og_locale":"es_ES","og_type":"article","og_title":"Al menos seis muertos por un tiroteo en Guayaquil, Ecuador - El Diario - Bolivia","og_description":"Al menos seis personas fallecieron y ocho resultaron heridas tras un tiroteo perpetrado por hombres armados en el barrio de El Guasmo, ubicado en la ciudad costera de Guayaquil, en un nuevo repunte de violencia en el pa\u00eds latinoamericano. Seg\u00fan apuntan las investigaciones preliminares, varios hombres armados abrieron fuego desde un veh\u00edculo negro. Entre los [&hellip;]","og_url":"https:\/\/www.eldiario.net\/portal\/2023\/06\/20\/al-menos-seis-muertos-por-un-tiroteo-en-guayaquil-ecuador\/","og_site_name":"El Diario - Bolivia","article_publisher":"https:\/\/www.facebook.com\/eldiario.bolivia\/","article_published_time":"2023-06-20T10:10:33+00:00","og_image":[{"width":1200,"height":900,"url":"https:\/\/www.eldiario.net\/portal\/wp-content\/uploads\/2023\/06\/5-tiroteo-El-Heraldo.jpg","type":"image\/jpeg"}],"author":"Jeanette","twitter_card":"summary_large_image","twitter_creator":"@eldiario_net","twitter_site":"@eldiario_net","twitter_misc":{"Escrito por":"Jeanette","Tiempo de lectura":"1 minuto"},"schema":{"@context":"https:\/\/schema.org","@graph":[{"@type":"Article","@id":"https:\/\/www.eldiario.net\/portal\/2023\/06\/20\/al-menos-seis-muertos-por-un-tiroteo-en-guayaquil-ecuador\/#article","isPartOf":{"@id":"https:\/\/www.eldiario.net\/portal\/2023\/06\/20\/al-menos-seis-muertos-por-un-tiroteo-en-guayaquil-ecuador\/"},"author":{"name":"Jeanette","@id":"https:\/\/www.eldiario.net\/portal\/#\/schema\/person\/f46445640444750d7d753ccd04ae01b7"},"headline":"Al menos seis muertos por un tiroteo en Guayaquil, Ecuador","datePublished":"2023-06-20T10:10:33+00:00","mainEntityOfPage":{"@id":"https:\/\/www.eldiario.net\/portal\/2023\/06\/20\/al-menos-seis-muertos-por-un-tiroteo-en-guayaquil-ecuador\/"},"wordCount":228,"publisher":{"@id":"https:\/\/www.eldiario.net\/portal\/#organization"},"image":{"@id":"https:\/\/www.eldiario.net\/portal\/2023\/06\/20\/al-menos-seis-muertos-por-un-tiroteo-en-guayaquil-ecuador\/#primaryimage"},"thumbnailUrl":"https:\/\/www.eldiario.net\/portal\/wp-content\/uploads\/2023\/06\/5-tiroteo-El-Heraldo.jpg","articleSection":["Internacional"],"inLanguage":"es"},{"@type":"WebPage","@id":"https:\/\/www.eldiario.net\/portal\/2023\/06\/20\/al-menos-seis-muertos-por-un-tiroteo-en-guayaquil-ecuador\/","url":"https:\/\/www.eldiario.net\/portal\/2023\/06\/20\/al-menos-seis-muertos-por-un-tiroteo-en-guayaquil-ecuador\/","name":"Al menos seis muertos por un tiroteo en Guayaquil, Ecuador - El Diario - Bolivia","isPartOf":{"@id":"https:\/\/www.eldiario.net\/portal\/#website"},"primaryImageOfPage":{"@id":"https:\/\/www.eldiario.net\/portal\/2023\/06\/20\/al-menos-seis-muertos-por-un-tiroteo-en-guayaquil-ecuador\/#primaryimage"},"image":{"@id":"https:\/\/www.eldiario.net\/portal\/2023\/06\/20\/al-menos-seis-muertos-por-un-tiroteo-en-guayaquil-ecuador\/#primaryimage"},"thumbnailUrl":"https:\/\/www.eldiario.net\/portal\/wp-content\/uploads\/2023\/06\/5-tiroteo-El-Heraldo.jpg","datePublished":"2023-06-20T10:10:33+00:00","breadcrumb":{"@id":"https:\/\/www.eldiario.net\/portal\/2023\/06\/20\/al-menos-seis-muertos-por-un-tiroteo-en-guayaquil-ecuador\/#breadcrumb"},"inLanguage":"es","potentialAction":[{"@type":"ReadAction","target":["https:\/\/www.eldiario.net\/portal\/2023\/06\/20\/al-menos-seis-muertos-por-un-tiroteo-en-guayaquil-ecuador\/"]}]},{"@type":"ImageObject","inLanguage":"es","@id":"https:\/\/www.eldiario.net\/portal\/2023\/06\/20\/al-menos-seis-muertos-por-un-tiroteo-en-guayaquil-ecuador\/#primaryimage","url":"https:\/\/www.eldiario.net\/portal\/wp-content\/uploads\/2023\/06\/5-tiroteo-El-Heraldo.jpg","contentUrl":"https:\/\/www.eldiario.net\/portal\/wp-content\/uploads\/2023\/06\/5-tiroteo-El-Heraldo.jpg","width":1200,"height":900,"caption":"AUTORIDADES DE GOBIERNO BUSCAN FRENAR ESTE TIPO DE VIOLENCIAS. FOTO: El Heraldo"},{"@type":"BreadcrumbList","@id":"https:\/\/www.eldiario.net\/portal\/2023\/06\/20\/al-menos-seis-muertos-por-un-tiroteo-en-guayaquil-ecuador\/#breadcrumb","itemListElement":[{"@type":"ListItem","position":1,"name":"Portada","item":"https:\/\/www.eldiario.net\/portal\/"},{"@type":"ListItem","position":2,"name":"Al menos seis muertos por un tiroteo en Guayaquil, Ecuador"}]},{"@type":"WebSite","@id":"https:\/\/www.eldiario.net\/portal\/#website","url":"https:\/\/www.eldiario.net\/portal\/","name":"El Diario - Decano de la prensa nacional","description":"El Diario - Decano de la prensa nacional","publisher":{"@id":"https:\/\/www.eldiario.net\/portal\/#organization"},"potentialAction":[{"@type":"SearchAction","target":{"@type":"EntryPoint","urlTemplate":"https:\/\/www.eldiario.net\/portal\/?s={search_term_string}"},"query-input":{"@type":"PropertyValueSpecification","valueRequired":true,"valueName":"search_term_string"}}],"inLanguage":"es"},{"@type":"Organization","@id":"https:\/\/www.eldiario.net\/portal\/#organization","name":"El Diario - Decano de la prensa nacional","url":"https:\/\/www.eldiario.net\/portal\/","logo":{"@type":"ImageObject","inLanguage":"es","@id":"https:\/\/www.eldiario.net\/portal\/#\/schema\/logo\/image\/","url":"https:\/\/www.eldiario.net\/portal\/wp-content\/uploads\/2023\/07\/logo_ED.jpg","contentUrl":"https:\/\/www.eldiario.net\/portal\/wp-content\/uploads\/2023\/07\/logo_ED.jpg","width":272,"height":52,"caption":"El Diario - Decano de la prensa nacional"},"image":{"@id":"https:\/\/www.eldiario.net\/portal\/#\/schema\/logo\/image\/"},"sameAs":["https:\/\/www.facebook.com\/eldiario.bolivia\/","https:\/\/x.com\/eldiario_net"]},{"@type":"Person","@id":"https:\/\/www.eldiario.net\/portal\/#\/schema\/person\/f46445640444750d7d753ccd04ae01b7","name":"Jeanette","image":{"@type":"ImageObject","inLanguage":"es","@id":"https:\/\/secure.gravatar.com\/avatar\/3ea2118a5f7dad2b7138b1187a6b7ee55f160b9968b66013c3a3ef39dd7e5798?s=96&d=mm&r=g","url":"https:\/\/secure.gravatar.com\/avatar\/3ea2118a5f7dad2b7138b1187a6b7ee55f160b9968b66013c3a3ef39dd7e5798?s=96&d=mm&r=g","contentUrl":"https:\/\/secure.gravatar.com\/avatar\/3ea2118a5f7dad2b7138b1187a6b7ee55f160b9968b66013c3a3ef39dd7e5798?s=96&d=mm&r=g","caption":"Jeanette"},"sameAs":["https:\/\/www.eldiario.net\/portal"],"url":"https:\/\/www.eldiario.net\/portal\/author\/jeanette\/"}]}},"_links":{"self":[{"href":"https:\/\/www.eldiario.net\/portal\/wp-json\/wp\/v2\/posts\/160962","targetHints":{"allow":["GET"]}}],"collection":[{"href":"https:\/\/www.eldiario.net\/portal\/wp-json\/wp\/v2\/posts"}],"about":[{"href":"https:\/\/www.eldiario.net\/portal\/wp-json\/wp\/v2\/types\/post"}],"author":[{"embeddable":true,"href":"https:\/\/www.eldiario.net\/portal\/wp-json\/wp\/v2\/users\/1"}],"replies":[{"embeddable":true,"href":"https:\/\/www.eldiario.net\/portal\/wp-json\/wp\/v2\/comments?post=160962"}],"version-history":[{"count":0,"href":"https:\/\/www.eldiario.net\/portal\/wp-json\/wp\/v2\/posts\/160962\/revisions"}],"wp:featuredmedia":[{"embeddable":true,"href":"https:\/\/www.eldiario.net\/portal\/wp-json\/wp\/v2\/media\/160963"}],"wp:attachment":[{"href":"https:\/\/www.eldiario.net\/portal\/wp-json\/wp\/v2\/media?parent=160962"}],"wp:term":[{"taxonomy":"category","embeddable":true,"href":"https:\/\/www.eldiario.net\/portal\/wp-json\/wp\/v2\/categories?post=160962"},{"taxonomy":"post_tag","embeddable":true,"href":"https:\/\/www.eldiario.net\/portal\/wp-json\/wp\/v2\/tags?post=160962"}],"curies":[{"name":"wp","href":"https:\/\/api.w.org\/{rel}","templated":true}]}}