{"id":160955,"date":"2023-06-20T06:07:03","date_gmt":"2023-06-20T10:07:03","guid":{"rendered":"https:\/\/www.eldiario.net\/portal\/?p=160955"},"modified":"2023-06-20T06:07:03","modified_gmt":"2023-06-20T10:07:03","slug":"detienen-a-20-sospechosos-tras-muerte-de-40-personas","status":"publish","type":"post","link":"https:\/\/www.eldiario.net\/portal\/2023\/06\/20\/detienen-a-20-sospechosos-tras-muerte-de-40-personas\/","title":{"rendered":"Detienen a 20 sospechosos  tras muerte de 40 personas"},"content":{"rendered":"<p class=\"v1MsoNormal\">Las autoridades de Uganda anunciaron ayer la detenci\u00f3n de 20 personas por su presunto papel en el ataque perpetrado por las Fuerzas Democr\u00e1ticas Aliadas (ADF), vinculadas al grupo yihadista Estado Isl\u00e1mico, contra una escuela en Kasese, situada en el oeste del pa\u00eds.<\/p>\n<p class=\"v1MsoNormal\">El portavoz de la Polic\u00eda, Fred Enanga, confirm\u00f3 el balance de detenidos y precis\u00f3 que los altos mandos policiales har\u00e1n pronto una rueda de prensa para informar sobre el progreso de las pesquisas. Por su parte, el comisionado del distrito de Kasese, Joe Walusimbi, indic\u00f3 que entre los sospechosos se encuentra el director de la escuela.<\/p>\n<p class=\"v1MsoNormal\">Walusimbi indic\u00f3 con anterioridad que hab\u00edan sido detenidas tres personas y que estas operaciones hab\u00edan llegado a ra\u00edz de informaci\u00f3n de Inteligencia obtenida por el trabajo de las fuerzas de seguridad con residentes de la zona.<\/p>\n<p class=\"v1MsoNormal\">El comisionado del distrito de Kasese indic\u00f3 que 42 personas murieron en el ataque, 37 de los cuales son estudiantes del centro. Entre las v\u00edctimas hay 17 que quedaron absolutamente irreconocibles, por lo que se tomaron muestras de ADN para poder proceder a su identificaci\u00f3n. Por el momento, 25 de los 42 cuerpos ya fueron identificados.<\/p>\n<p class=\"v1MsoNormal\">El director del centro, Muhindo Raimon, apunt\u00f3 con anterioridad que existen adem\u00e1s 16 estudiantes desaparecidos, por lo que se teme que hayan podido ser raptados por las ADF. Las autoridades aprobaron adem\u00e1s reforzar el despliegue de seguridad en lugares p\u00fablicos, incluidas escuelas e iglesias.<\/p>\n<p class=\"v1MsoNormal\">El presidente de Uganda, Yoweri Museveni, dijo que el ataque demuestra las acciones \u00abdesesperadas y cobardes\u00bb de las ADF y prometi\u00f3 que el Ej\u00e9rcito ugand\u00e9s seguir\u00e1 persiguiendo a los rebeldes en la vecina Rep\u00fablica Democr\u00e1tica del Congo (RDC), donde participa en operaciones conjuntas para hacer frente a la amenaza que supone el grupo.<\/p>\n<p class=\"v1MsoNormal\">Las ADF, un grupo ugand\u00e9s creado en la d\u00e9cada de los noventa especialmente activo en el este de Rep\u00fablica Democr\u00e1tica del Congo (RDC) y acusado de la matanza de cientos de civiles en esta zona del pa\u00eds,<\/p>\n<p class=\"v1MsoNormal\">podr\u00eda estar intentando volver a operar en Uganda, de donde se retir\u00f3 en 2003 tras una serie de operaciones militares que mermaron dr\u00e1sticamente su capacidad para llevar a cabo ataques en el pa\u00eds.<\/p>\n<p class=\"v1MsoNormal\">Las ADF sufrieron una escisi\u00f3n en 2019 despu\u00e9s de que Musa Baluku, sancionado por Naciones Unidas y Estados Unidos, jurara lealtad al grupo yihadista Estado Isl\u00e1mico en \u00c1frica Central (ISCA), bajo cuya bandera act\u00faa desde entonces. RDC y Uganda firmaron en diciembre un acuerdo de defensa para llevar a cabo operaciones conjuntas en el este de RDC. (Europa Press)<\/p>\n","protected":false},"excerpt":{"rendered":"<p>Las autoridades de Uganda anunciaron ayer la detenci\u00f3n de 20 personas por su presunto papel en el ataque perpetrado por las Fuerzas Democr\u00e1ticas Aliadas (ADF), vinculadas al grupo yihadista Estado Isl\u00e1mico, contra una escuela en Kasese, situada en el oeste del pa\u00eds. El portavoz de la Polic\u00eda, Fred Enanga, confirm\u00f3 el balance de detenidos y [&hellip;]<\/p>\n","protected":false},"author":1,"featured_media":160961,"comment_status":"closed","ping_status":"closed","sticky":false,"template":"","format":"standard","meta":{"_acf_changed":false,"footnotes":""},"categories":[3],"tags":[],"class_list":["post-160955","post","type-post","status-publish","format-standard","has-post-thumbnail","category-internacional"],"acf":{"antetitulo":""},"yoast_head":"<!-- This site is optimized with the Yoast SEO plugin v28.3 - https:\/\/yoast.com\/product\/yoast-seo-wordpress\/ -->\n<title>Detienen a 20 sospechosos tras muerte de 40 personas - El Diario - Bolivia<\/title>\n<meta name=\"robots\" content=\"index, follow, max-snippet:-1, max-image-preview:large, max-video-preview:-1\" \/>\n<link rel=\"canonical\" href=\"https:\/\/www.eldiario.net\/portal\/2023\/06\/20\/detienen-a-20-sospechosos-tras-muerte-de-40-personas\/\" \/>\n<meta property=\"og:locale\" content=\"es_ES\" \/>\n<meta property=\"og:type\" content=\"article\" \/>\n<meta property=\"og:title\" content=\"Detienen a 20 sospechosos tras muerte de 40 personas - El Diario - Bolivia\" \/>\n<meta property=\"og:description\" content=\"Las autoridades de Uganda anunciaron ayer la detenci\u00f3n de 20 personas por su presunto papel en el ataque perpetrado por las Fuerzas Democr\u00e1ticas Aliadas (ADF), vinculadas al grupo yihadista Estado Isl\u00e1mico, contra una escuela en Kasese, situada en el oeste del pa\u00eds. El portavoz de la Polic\u00eda, Fred Enanga, confirm\u00f3 el balance de detenidos y [&hellip;]\" \/>\n<meta property=\"og:url\" content=\"https:\/\/www.eldiario.net\/portal\/2023\/06\/20\/detienen-a-20-sospechosos-tras-muerte-de-40-personas\/\" \/>\n<meta property=\"og:site_name\" content=\"El Diario - Bolivia\" \/>\n<meta property=\"article:publisher\" content=\"https:\/\/www.facebook.com\/eldiario.bolivia\/\" \/>\n<meta property=\"article:published_time\" content=\"2023-06-20T10:07:03+00:00\" \/>\n<meta property=\"og:image\" content=\"https:\/\/www.eldiario.net\/portal\/wp-content\/uploads\/2023\/06\/7-pesquisas-Europa-Press.jpg\" \/>\n\t<meta property=\"og:image:width\" content=\"650\" \/>\n\t<meta property=\"og:image:height\" content=\"450\" \/>\n\t<meta property=\"og:image:type\" content=\"image\/jpeg\" \/>\n<meta name=\"author\" content=\"Jeanette\" \/>\n<meta name=\"twitter:card\" content=\"summary_large_image\" \/>\n<meta name=\"twitter:creator\" content=\"@eldiario_net\" \/>\n<meta name=\"twitter:site\" content=\"@eldiario_net\" \/>\n<meta name=\"twitter:label1\" content=\"Escrito por\" \/>\n\t<meta name=\"twitter:data1\" content=\"Jeanette\" \/>\n\t<meta name=\"twitter:label2\" content=\"Tiempo de lectura\" \/>\n\t<meta name=\"twitter:data2\" content=\"2 minutos\" \/>\n<script type=\"application\/ld+json\" class=\"yoast-schema-graph\">{\"@context\":\"https:\\\/\\\/schema.org\",\"@graph\":[{\"@type\":\"Article\",\"@id\":\"https:\\\/\\\/www.eldiario.net\\\/portal\\\/2023\\\/06\\\/20\\\/detienen-a-20-sospechosos-tras-muerte-de-40-personas\\\/#article\",\"isPartOf\":{\"@id\":\"https:\\\/\\\/www.eldiario.net\\\/portal\\\/2023\\\/06\\\/20\\\/detienen-a-20-sospechosos-tras-muerte-de-40-personas\\\/\"},\"author\":{\"name\":\"Jeanette\",\"@id\":\"https:\\\/\\\/www.eldiario.net\\\/portal\\\/#\\\/schema\\\/person\\\/f46445640444750d7d753ccd04ae01b7\"},\"headline\":\"Detienen a 20 sospechosos tras muerte de 40 personas\",\"datePublished\":\"2023-06-20T10:07:03+00:00\",\"mainEntityOfPage\":{\"@id\":\"https:\\\/\\\/www.eldiario.net\\\/portal\\\/2023\\\/06\\\/20\\\/detienen-a-20-sospechosos-tras-muerte-de-40-personas\\\/\"},\"wordCount\":445,\"publisher\":{\"@id\":\"https:\\\/\\\/www.eldiario.net\\\/portal\\\/#organization\"},\"image\":{\"@id\":\"https:\\\/\\\/www.eldiario.net\\\/portal\\\/2023\\\/06\\\/20\\\/detienen-a-20-sospechosos-tras-muerte-de-40-personas\\\/#primaryimage\"},\"thumbnailUrl\":\"https:\\\/\\\/www.eldiario.net\\\/portal\\\/wp-content\\\/uploads\\\/2023\\\/06\\\/7-pesquisas-Europa-Press.jpg\",\"articleSection\":[\"Internacional\"],\"inLanguage\":\"es\"},{\"@type\":\"WebPage\",\"@id\":\"https:\\\/\\\/www.eldiario.net\\\/portal\\\/2023\\\/06\\\/20\\\/detienen-a-20-sospechosos-tras-muerte-de-40-personas\\\/\",\"url\":\"https:\\\/\\\/www.eldiario.net\\\/portal\\\/2023\\\/06\\\/20\\\/detienen-a-20-sospechosos-tras-muerte-de-40-personas\\\/\",\"name\":\"Detienen a 20 sospechosos tras muerte de 40 personas - El Diario - Bolivia\",\"isPartOf\":{\"@id\":\"https:\\\/\\\/www.eldiario.net\\\/portal\\\/#website\"},\"primaryImageOfPage\":{\"@id\":\"https:\\\/\\\/www.eldiario.net\\\/portal\\\/2023\\\/06\\\/20\\\/detienen-a-20-sospechosos-tras-muerte-de-40-personas\\\/#primaryimage\"},\"image\":{\"@id\":\"https:\\\/\\\/www.eldiario.net\\\/portal\\\/2023\\\/06\\\/20\\\/detienen-a-20-sospechosos-tras-muerte-de-40-personas\\\/#primaryimage\"},\"thumbnailUrl\":\"https:\\\/\\\/www.eldiario.net\\\/portal\\\/wp-content\\\/uploads\\\/2023\\\/06\\\/7-pesquisas-Europa-Press.jpg\",\"datePublished\":\"2023-06-20T10:07:03+00:00\",\"breadcrumb\":{\"@id\":\"https:\\\/\\\/www.eldiario.net\\\/portal\\\/2023\\\/06\\\/20\\\/detienen-a-20-sospechosos-tras-muerte-de-40-personas\\\/#breadcrumb\"},\"inLanguage\":\"es\",\"potentialAction\":[{\"@type\":\"ReadAction\",\"target\":[\"https:\\\/\\\/www.eldiario.net\\\/portal\\\/2023\\\/06\\\/20\\\/detienen-a-20-sospechosos-tras-muerte-de-40-personas\\\/\"]}]},{\"@type\":\"ImageObject\",\"inLanguage\":\"es\",\"@id\":\"https:\\\/\\\/www.eldiario.net\\\/portal\\\/2023\\\/06\\\/20\\\/detienen-a-20-sospechosos-tras-muerte-de-40-personas\\\/#primaryimage\",\"url\":\"https:\\\/\\\/www.eldiario.net\\\/portal\\\/wp-content\\\/uploads\\\/2023\\\/06\\\/7-pesquisas-Europa-Press.jpg\",\"contentUrl\":\"https:\\\/\\\/www.eldiario.net\\\/portal\\\/wp-content\\\/uploads\\\/2023\\\/06\\\/7-pesquisas-Europa-Press.jpg\",\"width\":650,\"height\":450,\"caption\":\"AUTORIDADES DE GOBIERNO ASEGURAN QUE CONTINUAR\u00c1N CON LAS PESQUISAS. FOTO: Europa Press\"},{\"@type\":\"BreadcrumbList\",\"@id\":\"https:\\\/\\\/www.eldiario.net\\\/portal\\\/2023\\\/06\\\/20\\\/detienen-a-20-sospechosos-tras-muerte-de-40-personas\\\/#breadcrumb\",\"itemListElement\":[{\"@type\":\"ListItem\",\"position\":1,\"name\":\"Portada\",\"item\":\"https:\\\/\\\/www.eldiario.net\\\/portal\\\/\"},{\"@type\":\"ListItem\",\"position\":2,\"name\":\"Detienen a 20 sospechosos tras muerte de 40 personas\"}]},{\"@type\":\"WebSite\",\"@id\":\"https:\\\/\\\/www.eldiario.net\\\/portal\\\/#website\",\"url\":\"https:\\\/\\\/www.eldiario.net\\\/portal\\\/\",\"name\":\"El Diario - Decano de la prensa nacional\",\"description\":\"El Diario - Decano de la prensa nacional\",\"publisher\":{\"@id\":\"https:\\\/\\\/www.eldiario.net\\\/portal\\\/#organization\"},\"potentialAction\":[{\"@type\":\"SearchAction\",\"target\":{\"@type\":\"EntryPoint\",\"urlTemplate\":\"https:\\\/\\\/www.eldiario.net\\\/portal\\\/?s={search_term_string}\"},\"query-input\":{\"@type\":\"PropertyValueSpecification\",\"valueRequired\":true,\"valueName\":\"search_term_string\"}}],\"inLanguage\":\"es\"},{\"@type\":\"Organization\",\"@id\":\"https:\\\/\\\/www.eldiario.net\\\/portal\\\/#organization\",\"name\":\"El Diario - Decano de la prensa nacional\",\"url\":\"https:\\\/\\\/www.eldiario.net\\\/portal\\\/\",\"logo\":{\"@type\":\"ImageObject\",\"inLanguage\":\"es\",\"@id\":\"https:\\\/\\\/www.eldiario.net\\\/portal\\\/#\\\/schema\\\/logo\\\/image\\\/\",\"url\":\"https:\\\/\\\/www.eldiario.net\\\/portal\\\/wp-content\\\/uploads\\\/2023\\\/07\\\/logo_ED.jpg\",\"contentUrl\":\"https:\\\/\\\/www.eldiario.net\\\/portal\\\/wp-content\\\/uploads\\\/2023\\\/07\\\/logo_ED.jpg\",\"width\":272,\"height\":52,\"caption\":\"El Diario - Decano de la prensa nacional\"},\"image\":{\"@id\":\"https:\\\/\\\/www.eldiario.net\\\/portal\\\/#\\\/schema\\\/logo\\\/image\\\/\"},\"sameAs\":[\"https:\\\/\\\/www.facebook.com\\\/eldiario.bolivia\\\/\",\"https:\\\/\\\/x.com\\\/eldiario_net\"]},{\"@type\":\"Person\",\"@id\":\"https:\\\/\\\/www.eldiario.net\\\/portal\\\/#\\\/schema\\\/person\\\/f46445640444750d7d753ccd04ae01b7\",\"name\":\"Jeanette\",\"image\":{\"@type\":\"ImageObject\",\"inLanguage\":\"es\",\"@id\":\"https:\\\/\\\/secure.gravatar.com\\\/avatar\\\/3ea2118a5f7dad2b7138b1187a6b7ee55f160b9968b66013c3a3ef39dd7e5798?s=96&d=mm&r=g\",\"url\":\"https:\\\/\\\/secure.gravatar.com\\\/avatar\\\/3ea2118a5f7dad2b7138b1187a6b7ee55f160b9968b66013c3a3ef39dd7e5798?s=96&d=mm&r=g\",\"contentUrl\":\"https:\\\/\\\/secure.gravatar.com\\\/avatar\\\/3ea2118a5f7dad2b7138b1187a6b7ee55f160b9968b66013c3a3ef39dd7e5798?s=96&d=mm&r=g\",\"caption\":\"Jeanette\"},\"sameAs\":[\"https:\\\/\\\/www.eldiario.net\\\/portal\"],\"url\":\"https:\\\/\\\/www.eldiario.net\\\/portal\\\/author\\\/jeanette\\\/\"}]}<\/script>\n<!-- \/ Yoast SEO plugin. -->","yoast_head_json":{"title":"Detienen a 20 sospechosos tras muerte de 40 personas - El Diario - Bolivia","robots":{"index":"index","follow":"follow","max-snippet":"max-snippet:-1","max-image-preview":"max-image-preview:large","max-video-preview":"max-video-preview:-1"},"canonical":"https:\/\/www.eldiario.net\/portal\/2023\/06\/20\/detienen-a-20-sospechosos-tras-muerte-de-40-personas\/","og_locale":"es_ES","og_type":"article","og_title":"Detienen a 20 sospechosos tras muerte de 40 personas - El Diario - Bolivia","og_description":"Las autoridades de Uganda anunciaron ayer la detenci\u00f3n de 20 personas por su presunto papel en el ataque perpetrado por las Fuerzas Democr\u00e1ticas Aliadas (ADF), vinculadas al grupo yihadista Estado Isl\u00e1mico, contra una escuela en Kasese, situada en el oeste del pa\u00eds. El portavoz de la Polic\u00eda, Fred Enanga, confirm\u00f3 el balance de detenidos y [&hellip;]","og_url":"https:\/\/www.eldiario.net\/portal\/2023\/06\/20\/detienen-a-20-sospechosos-tras-muerte-de-40-personas\/","og_site_name":"El Diario - Bolivia","article_publisher":"https:\/\/www.facebook.com\/eldiario.bolivia\/","article_published_time":"2023-06-20T10:07:03+00:00","og_image":[{"width":650,"height":450,"url":"https:\/\/www.eldiario.net\/portal\/wp-content\/uploads\/2023\/06\/7-pesquisas-Europa-Press.jpg","type":"image\/jpeg"}],"author":"Jeanette","twitter_card":"summary_large_image","twitter_creator":"@eldiario_net","twitter_site":"@eldiario_net","twitter_misc":{"Escrito por":"Jeanette","Tiempo de lectura":"2 minutos"},"schema":{"@context":"https:\/\/schema.org","@graph":[{"@type":"Article","@id":"https:\/\/www.eldiario.net\/portal\/2023\/06\/20\/detienen-a-20-sospechosos-tras-muerte-de-40-personas\/#article","isPartOf":{"@id":"https:\/\/www.eldiario.net\/portal\/2023\/06\/20\/detienen-a-20-sospechosos-tras-muerte-de-40-personas\/"},"author":{"name":"Jeanette","@id":"https:\/\/www.eldiario.net\/portal\/#\/schema\/person\/f46445640444750d7d753ccd04ae01b7"},"headline":"Detienen a 20 sospechosos tras muerte de 40 personas","datePublished":"2023-06-20T10:07:03+00:00","mainEntityOfPage":{"@id":"https:\/\/www.eldiario.net\/portal\/2023\/06\/20\/detienen-a-20-sospechosos-tras-muerte-de-40-personas\/"},"wordCount":445,"publisher":{"@id":"https:\/\/www.eldiario.net\/portal\/#organization"},"image":{"@id":"https:\/\/www.eldiario.net\/portal\/2023\/06\/20\/detienen-a-20-sospechosos-tras-muerte-de-40-personas\/#primaryimage"},"thumbnailUrl":"https:\/\/www.eldiario.net\/portal\/wp-content\/uploads\/2023\/06\/7-pesquisas-Europa-Press.jpg","articleSection":["Internacional"],"inLanguage":"es"},{"@type":"WebPage","@id":"https:\/\/www.eldiario.net\/portal\/2023\/06\/20\/detienen-a-20-sospechosos-tras-muerte-de-40-personas\/","url":"https:\/\/www.eldiario.net\/portal\/2023\/06\/20\/detienen-a-20-sospechosos-tras-muerte-de-40-personas\/","name":"Detienen a 20 sospechosos tras muerte de 40 personas - El Diario - Bolivia","isPartOf":{"@id":"https:\/\/www.eldiario.net\/portal\/#website"},"primaryImageOfPage":{"@id":"https:\/\/www.eldiario.net\/portal\/2023\/06\/20\/detienen-a-20-sospechosos-tras-muerte-de-40-personas\/#primaryimage"},"image":{"@id":"https:\/\/www.eldiario.net\/portal\/2023\/06\/20\/detienen-a-20-sospechosos-tras-muerte-de-40-personas\/#primaryimage"},"thumbnailUrl":"https:\/\/www.eldiario.net\/portal\/wp-content\/uploads\/2023\/06\/7-pesquisas-Europa-Press.jpg","datePublished":"2023-06-20T10:07:03+00:00","breadcrumb":{"@id":"https:\/\/www.eldiario.net\/portal\/2023\/06\/20\/detienen-a-20-sospechosos-tras-muerte-de-40-personas\/#breadcrumb"},"inLanguage":"es","potentialAction":[{"@type":"ReadAction","target":["https:\/\/www.eldiario.net\/portal\/2023\/06\/20\/detienen-a-20-sospechosos-tras-muerte-de-40-personas\/"]}]},{"@type":"ImageObject","inLanguage":"es","@id":"https:\/\/www.eldiario.net\/portal\/2023\/06\/20\/detienen-a-20-sospechosos-tras-muerte-de-40-personas\/#primaryimage","url":"https:\/\/www.eldiario.net\/portal\/wp-content\/uploads\/2023\/06\/7-pesquisas-Europa-Press.jpg","contentUrl":"https:\/\/www.eldiario.net\/portal\/wp-content\/uploads\/2023\/06\/7-pesquisas-Europa-Press.jpg","width":650,"height":450,"caption":"AUTORIDADES DE GOBIERNO ASEGURAN QUE CONTINUAR\u00c1N CON LAS PESQUISAS. FOTO: Europa Press"},{"@type":"BreadcrumbList","@id":"https:\/\/www.eldiario.net\/portal\/2023\/06\/20\/detienen-a-20-sospechosos-tras-muerte-de-40-personas\/#breadcrumb","itemListElement":[{"@type":"ListItem","position":1,"name":"Portada","item":"https:\/\/www.eldiario.net\/portal\/"},{"@type":"ListItem","position":2,"name":"Detienen a 20 sospechosos tras muerte de 40 personas"}]},{"@type":"WebSite","@id":"https:\/\/www.eldiario.net\/portal\/#website","url":"https:\/\/www.eldiario.net\/portal\/","name":"El Diario - Decano de la prensa nacional","description":"El Diario - Decano de la prensa nacional","publisher":{"@id":"https:\/\/www.eldiario.net\/portal\/#organization"},"potentialAction":[{"@type":"SearchAction","target":{"@type":"EntryPoint","urlTemplate":"https:\/\/www.eldiario.net\/portal\/?s={search_term_string}"},"query-input":{"@type":"PropertyValueSpecification","valueRequired":true,"valueName":"search_term_string"}}],"inLanguage":"es"},{"@type":"Organization","@id":"https:\/\/www.eldiario.net\/portal\/#organization","name":"El Diario - Decano de la prensa nacional","url":"https:\/\/www.eldiario.net\/portal\/","logo":{"@type":"ImageObject","inLanguage":"es","@id":"https:\/\/www.eldiario.net\/portal\/#\/schema\/logo\/image\/","url":"https:\/\/www.eldiario.net\/portal\/wp-content\/uploads\/2023\/07\/logo_ED.jpg","contentUrl":"https:\/\/www.eldiario.net\/portal\/wp-content\/uploads\/2023\/07\/logo_ED.jpg","width":272,"height":52,"caption":"El Diario - Decano de la prensa nacional"},"image":{"@id":"https:\/\/www.eldiario.net\/portal\/#\/schema\/logo\/image\/"},"sameAs":["https:\/\/www.facebook.com\/eldiario.bolivia\/","https:\/\/x.com\/eldiario_net"]},{"@type":"Person","@id":"https:\/\/www.eldiario.net\/portal\/#\/schema\/person\/f46445640444750d7d753ccd04ae01b7","name":"Jeanette","image":{"@type":"ImageObject","inLanguage":"es","@id":"https:\/\/secure.gravatar.com\/avatar\/3ea2118a5f7dad2b7138b1187a6b7ee55f160b9968b66013c3a3ef39dd7e5798?s=96&d=mm&r=g","url":"https:\/\/secure.gravatar.com\/avatar\/3ea2118a5f7dad2b7138b1187a6b7ee55f160b9968b66013c3a3ef39dd7e5798?s=96&d=mm&r=g","contentUrl":"https:\/\/secure.gravatar.com\/avatar\/3ea2118a5f7dad2b7138b1187a6b7ee55f160b9968b66013c3a3ef39dd7e5798?s=96&d=mm&r=g","caption":"Jeanette"},"sameAs":["https:\/\/www.eldiario.net\/portal"],"url":"https:\/\/www.eldiario.net\/portal\/author\/jeanette\/"}]}},"_links":{"self":[{"href":"https:\/\/www.eldiario.net\/portal\/wp-json\/wp\/v2\/posts\/160955","targetHints":{"allow":["GET"]}}],"collection":[{"href":"https:\/\/www.eldiario.net\/portal\/wp-json\/wp\/v2\/posts"}],"about":[{"href":"https:\/\/www.eldiario.net\/portal\/wp-json\/wp\/v2\/types\/post"}],"author":[{"embeddable":true,"href":"https:\/\/www.eldiario.net\/portal\/wp-json\/wp\/v2\/users\/1"}],"replies":[{"embeddable":true,"href":"https:\/\/www.eldiario.net\/portal\/wp-json\/wp\/v2\/comments?post=160955"}],"version-history":[{"count":0,"href":"https:\/\/www.eldiario.net\/portal\/wp-json\/wp\/v2\/posts\/160955\/revisions"}],"wp:featuredmedia":[{"embeddable":true,"href":"https:\/\/www.eldiario.net\/portal\/wp-json\/wp\/v2\/media\/160961"}],"wp:attachment":[{"href":"https:\/\/www.eldiario.net\/portal\/wp-json\/wp\/v2\/media?parent=160955"}],"wp:term":[{"taxonomy":"category","embeddable":true,"href":"https:\/\/www.eldiario.net\/portal\/wp-json\/wp\/v2\/categories?post=160955"},{"taxonomy":"post_tag","embeddable":true,"href":"https:\/\/www.eldiario.net\/portal\/wp-json\/wp\/v2\/tags?post=160955"}],"curies":[{"name":"wp","href":"https:\/\/api.w.org\/{rel}","templated":true}]}}