{"id":160952,"date":"2023-06-20T06:04:39","date_gmt":"2023-06-20T10:04:39","guid":{"rendered":"https:\/\/www.eldiario.net\/portal\/?p=160952"},"modified":"2023-06-20T06:04:39","modified_gmt":"2023-06-20T10:04:39","slug":"feria-empresarial-genero-ingreso-de-bs-18-millones-en-cochabamba","status":"publish","type":"post","link":"https:\/\/www.eldiario.net\/portal\/2023\/06\/20\/feria-empresarial-genero-ingreso-de-bs-18-millones-en-cochabamba\/","title":{"rendered":"Feria empresarial gener\u00f3 ingreso de Bs 18 millones en Cochabamba"},"content":{"rendered":"<p>La Feria Exposici\u00f3n Internacional de Cochabamba (Fexco-2023) gener\u00f3 un ingreso de Bs 18 millones, monto que ser\u00e1 reinvertido en implementar el campo ferial, anunci\u00f3 ayer el alcalde, Manfred Reyes Villa, en conferencia de prensa.<\/p>\n<p>Reyes Villa puntualiz\u00f3 que la primera versi\u00f3n tuvo la participaci\u00f3n de 26 pa\u00edses y los nueve departamentos de Bolivia, adem\u00e1s se marc\u00f3 r\u00e9cords con 343 mil visitas y 150 millones de d\u00f3lares en movimiento econ\u00f3mico.<\/p>\n<p>\u00abAgradecemos a las miles de familias que formaron parte de este hist\u00f3rico evento y vivieron la nueva experiencia en la Fexco 2023, llegando a consolidarse como la mejor Feria en la historia de Cochabamba\u00bb, dijo el Alcalde de Cochabamba.<\/p>\n<p>La Fexco gener\u00f3 un movimiento econ\u00f3mico de 150 millones de d\u00f3lares, con un aporte del 2.5% al PIB departamental, adem\u00e1s de generar aproximadamente 30 mil empleos directos e indirectos.<\/p>\n<p>\u201cEn la Fexco 2024, lo recaudado ser\u00e1 invertido para mejorar la infraestructura del recinto ferial, en lo que se refiere a la construcci\u00f3n de un nuevo pabell\u00f3n y en base a la encuesta realizada mejorar algunos otros detalles como incrementar la cantidad de asientos y ampliar la Fexco Arena, para dar una mayor comodidad en el desarrollo de los espect\u00e1culos\u00bb, dijo Reyes Villa.<\/p>\n<p>Posterior a la evaluaci\u00f3n realizada de los logros obtenidos en la Fexco 2023, Reyes Villa y el presidente de la C\u00e1mara de Industria, Comercio y Servicios de Cochabamba (ICAM), Juan Carlos Vizcarra, firmaron una adenda y un convenio interinstitucional que garantiza la Fexco 2024 que se desarrollar\u00e1 la \u00faltima semana de abril y la primera de mayo. (Cochabamba, EL DIARIO y agencias)<\/p>\n","protected":false},"excerpt":{"rendered":"<p>La Feria Exposici\u00f3n Internacional de Cochabamba (Fexco-2023) gener\u00f3 un ingreso de Bs 18 millones, monto que ser\u00e1 reinvertido en implementar el campo ferial, anunci\u00f3 ayer el alcalde, Manfred Reyes Villa, en conferencia de prensa. Reyes Villa puntualiz\u00f3 que la primera versi\u00f3n tuvo la participaci\u00f3n de 26 pa\u00edses y los nueve departamentos de Bolivia, adem\u00e1s se [&hellip;]<\/p>\n","protected":false},"author":1,"featured_media":160953,"comment_status":"closed","ping_status":"closed","sticky":false,"template":"","format":"standard","meta":{"_acf_changed":false,"footnotes":""},"categories":[12],"tags":[],"class_list":["post-160952","post","type-post","status-publish","format-standard","has-post-thumbnail","category-nacional"],"acf":{"antetitulo":""},"yoast_head":"<!-- This site is optimized with the Yoast SEO plugin v28.3 - https:\/\/yoast.com\/product\/yoast-seo-wordpress\/ -->\n<title>Feria empresarial gener\u00f3 ingreso de Bs 18 millones en Cochabamba - El Diario - Bolivia<\/title>\n<meta name=\"robots\" content=\"index, follow, max-snippet:-1, max-image-preview:large, max-video-preview:-1\" \/>\n<link rel=\"canonical\" href=\"https:\/\/www.eldiario.net\/portal\/2023\/06\/20\/feria-empresarial-genero-ingreso-de-bs-18-millones-en-cochabamba\/\" \/>\n<meta property=\"og:locale\" content=\"es_ES\" \/>\n<meta property=\"og:type\" content=\"article\" \/>\n<meta property=\"og:title\" content=\"Feria empresarial gener\u00f3 ingreso de Bs 18 millones en Cochabamba - El Diario - Bolivia\" \/>\n<meta property=\"og:description\" content=\"La Feria Exposici\u00f3n Internacional de Cochabamba (Fexco-2023) gener\u00f3 un ingreso de Bs 18 millones, monto que ser\u00e1 reinvertido en implementar el campo ferial, anunci\u00f3 ayer el alcalde, Manfred Reyes Villa, en conferencia de prensa. Reyes Villa puntualiz\u00f3 que la primera versi\u00f3n tuvo la participaci\u00f3n de 26 pa\u00edses y los nueve departamentos de Bolivia, adem\u00e1s se [&hellip;]\" \/>\n<meta property=\"og:url\" content=\"https:\/\/www.eldiario.net\/portal\/2023\/06\/20\/feria-empresarial-genero-ingreso-de-bs-18-millones-en-cochabamba\/\" \/>\n<meta property=\"og:site_name\" content=\"El Diario - Bolivia\" \/>\n<meta property=\"article:publisher\" content=\"https:\/\/www.facebook.com\/eldiario.bolivia\/\" \/>\n<meta property=\"article:published_time\" content=\"2023-06-20T10:04:39+00:00\" \/>\n<meta property=\"og:image\" content=\"https:\/\/www.eldiario.net\/portal\/wp-content\/uploads\/2023\/06\/COCHA-FOTO.jpeg\" \/>\n\t<meta property=\"og:image:width\" content=\"1600\" \/>\n\t<meta property=\"og:image:height\" content=\"1066\" \/>\n\t<meta property=\"og:image:type\" content=\"image\/jpeg\" \/>\n<meta name=\"author\" content=\"Jeanette\" \/>\n<meta name=\"twitter:card\" content=\"summary_large_image\" \/>\n<meta name=\"twitter:creator\" content=\"@eldiario_net\" \/>\n<meta name=\"twitter:site\" content=\"@eldiario_net\" \/>\n<meta name=\"twitter:label1\" content=\"Escrito por\" \/>\n\t<meta name=\"twitter:data1\" content=\"Jeanette\" \/>\n\t<meta name=\"twitter:label2\" content=\"Tiempo de lectura\" \/>\n\t<meta name=\"twitter:data2\" content=\"2 minutos\" \/>\n<script type=\"application\/ld+json\" class=\"yoast-schema-graph\">{\"@context\":\"https:\\\/\\\/schema.org\",\"@graph\":[{\"@type\":\"Article\",\"@id\":\"https:\\\/\\\/www.eldiario.net\\\/portal\\\/2023\\\/06\\\/20\\\/feria-empresarial-genero-ingreso-de-bs-18-millones-en-cochabamba\\\/#article\",\"isPartOf\":{\"@id\":\"https:\\\/\\\/www.eldiario.net\\\/portal\\\/2023\\\/06\\\/20\\\/feria-empresarial-genero-ingreso-de-bs-18-millones-en-cochabamba\\\/\"},\"author\":{\"name\":\"Jeanette\",\"@id\":\"https:\\\/\\\/www.eldiario.net\\\/portal\\\/#\\\/schema\\\/person\\\/f46445640444750d7d753ccd04ae01b7\"},\"headline\":\"Feria empresarial gener\u00f3 ingreso de Bs 18 millones en Cochabamba\",\"datePublished\":\"2023-06-20T10:04:39+00:00\",\"mainEntityOfPage\":{\"@id\":\"https:\\\/\\\/www.eldiario.net\\\/portal\\\/2023\\\/06\\\/20\\\/feria-empresarial-genero-ingreso-de-bs-18-millones-en-cochabamba\\\/\"},\"wordCount\":277,\"publisher\":{\"@id\":\"https:\\\/\\\/www.eldiario.net\\\/portal\\\/#organization\"},\"image\":{\"@id\":\"https:\\\/\\\/www.eldiario.net\\\/portal\\\/2023\\\/06\\\/20\\\/feria-empresarial-genero-ingreso-de-bs-18-millones-en-cochabamba\\\/#primaryimage\"},\"thumbnailUrl\":\"https:\\\/\\\/www.eldiario.net\\\/portal\\\/wp-content\\\/uploads\\\/2023\\\/06\\\/COCHA-FOTO.jpeg\",\"articleSection\":[\"Nacional\"],\"inLanguage\":\"es\"},{\"@type\":\"WebPage\",\"@id\":\"https:\\\/\\\/www.eldiario.net\\\/portal\\\/2023\\\/06\\\/20\\\/feria-empresarial-genero-ingreso-de-bs-18-millones-en-cochabamba\\\/\",\"url\":\"https:\\\/\\\/www.eldiario.net\\\/portal\\\/2023\\\/06\\\/20\\\/feria-empresarial-genero-ingreso-de-bs-18-millones-en-cochabamba\\\/\",\"name\":\"Feria empresarial gener\u00f3 ingreso de Bs 18 millones en Cochabamba - El Diario - Bolivia\",\"isPartOf\":{\"@id\":\"https:\\\/\\\/www.eldiario.net\\\/portal\\\/#website\"},\"primaryImageOfPage\":{\"@id\":\"https:\\\/\\\/www.eldiario.net\\\/portal\\\/2023\\\/06\\\/20\\\/feria-empresarial-genero-ingreso-de-bs-18-millones-en-cochabamba\\\/#primaryimage\"},\"image\":{\"@id\":\"https:\\\/\\\/www.eldiario.net\\\/portal\\\/2023\\\/06\\\/20\\\/feria-empresarial-genero-ingreso-de-bs-18-millones-en-cochabamba\\\/#primaryimage\"},\"thumbnailUrl\":\"https:\\\/\\\/www.eldiario.net\\\/portal\\\/wp-content\\\/uploads\\\/2023\\\/06\\\/COCHA-FOTO.jpeg\",\"datePublished\":\"2023-06-20T10:04:39+00:00\",\"breadcrumb\":{\"@id\":\"https:\\\/\\\/www.eldiario.net\\\/portal\\\/2023\\\/06\\\/20\\\/feria-empresarial-genero-ingreso-de-bs-18-millones-en-cochabamba\\\/#breadcrumb\"},\"inLanguage\":\"es\",\"potentialAction\":[{\"@type\":\"ReadAction\",\"target\":[\"https:\\\/\\\/www.eldiario.net\\\/portal\\\/2023\\\/06\\\/20\\\/feria-empresarial-genero-ingreso-de-bs-18-millones-en-cochabamba\\\/\"]}]},{\"@type\":\"ImageObject\",\"inLanguage\":\"es\",\"@id\":\"https:\\\/\\\/www.eldiario.net\\\/portal\\\/2023\\\/06\\\/20\\\/feria-empresarial-genero-ingreso-de-bs-18-millones-en-cochabamba\\\/#primaryimage\",\"url\":\"https:\\\/\\\/www.eldiario.net\\\/portal\\\/wp-content\\\/uploads\\\/2023\\\/06\\\/COCHA-FOTO.jpeg\",\"contentUrl\":\"https:\\\/\\\/www.eldiario.net\\\/portal\\\/wp-content\\\/uploads\\\/2023\\\/06\\\/COCHA-FOTO.jpeg\",\"width\":1600,\"height\":1066,\"caption\":\"FIRMA DE ADENDA Y CONVENIO PARA LA REALIZACI\u00d3N DE LA FEXCO-2024. FOTO: GMC\"},{\"@type\":\"BreadcrumbList\",\"@id\":\"https:\\\/\\\/www.eldiario.net\\\/portal\\\/2023\\\/06\\\/20\\\/feria-empresarial-genero-ingreso-de-bs-18-millones-en-cochabamba\\\/#breadcrumb\",\"itemListElement\":[{\"@type\":\"ListItem\",\"position\":1,\"name\":\"Portada\",\"item\":\"https:\\\/\\\/www.eldiario.net\\\/portal\\\/\"},{\"@type\":\"ListItem\",\"position\":2,\"name\":\"Feria empresarial gener\u00f3 ingreso de Bs 18 millones en Cochabamba\"}]},{\"@type\":\"WebSite\",\"@id\":\"https:\\\/\\\/www.eldiario.net\\\/portal\\\/#website\",\"url\":\"https:\\\/\\\/www.eldiario.net\\\/portal\\\/\",\"name\":\"El Diario - Decano de la prensa nacional\",\"description\":\"El Diario - Decano de la prensa nacional\",\"publisher\":{\"@id\":\"https:\\\/\\\/www.eldiario.net\\\/portal\\\/#organization\"},\"potentialAction\":[{\"@type\":\"SearchAction\",\"target\":{\"@type\":\"EntryPoint\",\"urlTemplate\":\"https:\\\/\\\/www.eldiario.net\\\/portal\\\/?s={search_term_string}\"},\"query-input\":{\"@type\":\"PropertyValueSpecification\",\"valueRequired\":true,\"valueName\":\"search_term_string\"}}],\"inLanguage\":\"es\"},{\"@type\":\"Organization\",\"@id\":\"https:\\\/\\\/www.eldiario.net\\\/portal\\\/#organization\",\"name\":\"El Diario - Decano de la prensa nacional\",\"url\":\"https:\\\/\\\/www.eldiario.net\\\/portal\\\/\",\"logo\":{\"@type\":\"ImageObject\",\"inLanguage\":\"es\",\"@id\":\"https:\\\/\\\/www.eldiario.net\\\/portal\\\/#\\\/schema\\\/logo\\\/image\\\/\",\"url\":\"https:\\\/\\\/www.eldiario.net\\\/portal\\\/wp-content\\\/uploads\\\/2023\\\/07\\\/logo_ED.jpg\",\"contentUrl\":\"https:\\\/\\\/www.eldiario.net\\\/portal\\\/wp-content\\\/uploads\\\/2023\\\/07\\\/logo_ED.jpg\",\"width\":272,\"height\":52,\"caption\":\"El Diario - Decano de la prensa nacional\"},\"image\":{\"@id\":\"https:\\\/\\\/www.eldiario.net\\\/portal\\\/#\\\/schema\\\/logo\\\/image\\\/\"},\"sameAs\":[\"https:\\\/\\\/www.facebook.com\\\/eldiario.bolivia\\\/\",\"https:\\\/\\\/x.com\\\/eldiario_net\"]},{\"@type\":\"Person\",\"@id\":\"https:\\\/\\\/www.eldiario.net\\\/portal\\\/#\\\/schema\\\/person\\\/f46445640444750d7d753ccd04ae01b7\",\"name\":\"Jeanette\",\"image\":{\"@type\":\"ImageObject\",\"inLanguage\":\"es\",\"@id\":\"https:\\\/\\\/secure.gravatar.com\\\/avatar\\\/3ea2118a5f7dad2b7138b1187a6b7ee55f160b9968b66013c3a3ef39dd7e5798?s=96&d=mm&r=g\",\"url\":\"https:\\\/\\\/secure.gravatar.com\\\/avatar\\\/3ea2118a5f7dad2b7138b1187a6b7ee55f160b9968b66013c3a3ef39dd7e5798?s=96&d=mm&r=g\",\"contentUrl\":\"https:\\\/\\\/secure.gravatar.com\\\/avatar\\\/3ea2118a5f7dad2b7138b1187a6b7ee55f160b9968b66013c3a3ef39dd7e5798?s=96&d=mm&r=g\",\"caption\":\"Jeanette\"},\"sameAs\":[\"https:\\\/\\\/www.eldiario.net\\\/portal\"],\"url\":\"https:\\\/\\\/www.eldiario.net\\\/portal\\\/author\\\/jeanette\\\/\"}]}<\/script>\n<!-- \/ Yoast SEO plugin. -->","yoast_head_json":{"title":"Feria empresarial gener\u00f3 ingreso de Bs 18 millones en Cochabamba - El Diario - Bolivia","robots":{"index":"index","follow":"follow","max-snippet":"max-snippet:-1","max-image-preview":"max-image-preview:large","max-video-preview":"max-video-preview:-1"},"canonical":"https:\/\/www.eldiario.net\/portal\/2023\/06\/20\/feria-empresarial-genero-ingreso-de-bs-18-millones-en-cochabamba\/","og_locale":"es_ES","og_type":"article","og_title":"Feria empresarial gener\u00f3 ingreso de Bs 18 millones en Cochabamba - El Diario - Bolivia","og_description":"La Feria Exposici\u00f3n Internacional de Cochabamba (Fexco-2023) gener\u00f3 un ingreso de Bs 18 millones, monto que ser\u00e1 reinvertido en implementar el campo ferial, anunci\u00f3 ayer el alcalde, Manfred Reyes Villa, en conferencia de prensa. Reyes Villa puntualiz\u00f3 que la primera versi\u00f3n tuvo la participaci\u00f3n de 26 pa\u00edses y los nueve departamentos de Bolivia, adem\u00e1s se [&hellip;]","og_url":"https:\/\/www.eldiario.net\/portal\/2023\/06\/20\/feria-empresarial-genero-ingreso-de-bs-18-millones-en-cochabamba\/","og_site_name":"El Diario - Bolivia","article_publisher":"https:\/\/www.facebook.com\/eldiario.bolivia\/","article_published_time":"2023-06-20T10:04:39+00:00","og_image":[{"width":1600,"height":1066,"url":"https:\/\/www.eldiario.net\/portal\/wp-content\/uploads\/2023\/06\/COCHA-FOTO.jpeg","type":"image\/jpeg"}],"author":"Jeanette","twitter_card":"summary_large_image","twitter_creator":"@eldiario_net","twitter_site":"@eldiario_net","twitter_misc":{"Escrito por":"Jeanette","Tiempo de lectura":"2 minutos"},"schema":{"@context":"https:\/\/schema.org","@graph":[{"@type":"Article","@id":"https:\/\/www.eldiario.net\/portal\/2023\/06\/20\/feria-empresarial-genero-ingreso-de-bs-18-millones-en-cochabamba\/#article","isPartOf":{"@id":"https:\/\/www.eldiario.net\/portal\/2023\/06\/20\/feria-empresarial-genero-ingreso-de-bs-18-millones-en-cochabamba\/"},"author":{"name":"Jeanette","@id":"https:\/\/www.eldiario.net\/portal\/#\/schema\/person\/f46445640444750d7d753ccd04ae01b7"},"headline":"Feria empresarial gener\u00f3 ingreso de Bs 18 millones en Cochabamba","datePublished":"2023-06-20T10:04:39+00:00","mainEntityOfPage":{"@id":"https:\/\/www.eldiario.net\/portal\/2023\/06\/20\/feria-empresarial-genero-ingreso-de-bs-18-millones-en-cochabamba\/"},"wordCount":277,"publisher":{"@id":"https:\/\/www.eldiario.net\/portal\/#organization"},"image":{"@id":"https:\/\/www.eldiario.net\/portal\/2023\/06\/20\/feria-empresarial-genero-ingreso-de-bs-18-millones-en-cochabamba\/#primaryimage"},"thumbnailUrl":"https:\/\/www.eldiario.net\/portal\/wp-content\/uploads\/2023\/06\/COCHA-FOTO.jpeg","articleSection":["Nacional"],"inLanguage":"es"},{"@type":"WebPage","@id":"https:\/\/www.eldiario.net\/portal\/2023\/06\/20\/feria-empresarial-genero-ingreso-de-bs-18-millones-en-cochabamba\/","url":"https:\/\/www.eldiario.net\/portal\/2023\/06\/20\/feria-empresarial-genero-ingreso-de-bs-18-millones-en-cochabamba\/","name":"Feria empresarial gener\u00f3 ingreso de Bs 18 millones en Cochabamba - El Diario - Bolivia","isPartOf":{"@id":"https:\/\/www.eldiario.net\/portal\/#website"},"primaryImageOfPage":{"@id":"https:\/\/www.eldiario.net\/portal\/2023\/06\/20\/feria-empresarial-genero-ingreso-de-bs-18-millones-en-cochabamba\/#primaryimage"},"image":{"@id":"https:\/\/www.eldiario.net\/portal\/2023\/06\/20\/feria-empresarial-genero-ingreso-de-bs-18-millones-en-cochabamba\/#primaryimage"},"thumbnailUrl":"https:\/\/www.eldiario.net\/portal\/wp-content\/uploads\/2023\/06\/COCHA-FOTO.jpeg","datePublished":"2023-06-20T10:04:39+00:00","breadcrumb":{"@id":"https:\/\/www.eldiario.net\/portal\/2023\/06\/20\/feria-empresarial-genero-ingreso-de-bs-18-millones-en-cochabamba\/#breadcrumb"},"inLanguage":"es","potentialAction":[{"@type":"ReadAction","target":["https:\/\/www.eldiario.net\/portal\/2023\/06\/20\/feria-empresarial-genero-ingreso-de-bs-18-millones-en-cochabamba\/"]}]},{"@type":"ImageObject","inLanguage":"es","@id":"https:\/\/www.eldiario.net\/portal\/2023\/06\/20\/feria-empresarial-genero-ingreso-de-bs-18-millones-en-cochabamba\/#primaryimage","url":"https:\/\/www.eldiario.net\/portal\/wp-content\/uploads\/2023\/06\/COCHA-FOTO.jpeg","contentUrl":"https:\/\/www.eldiario.net\/portal\/wp-content\/uploads\/2023\/06\/COCHA-FOTO.jpeg","width":1600,"height":1066,"caption":"FIRMA DE ADENDA Y CONVENIO PARA LA REALIZACI\u00d3N DE LA FEXCO-2024. FOTO: GMC"},{"@type":"BreadcrumbList","@id":"https:\/\/www.eldiario.net\/portal\/2023\/06\/20\/feria-empresarial-genero-ingreso-de-bs-18-millones-en-cochabamba\/#breadcrumb","itemListElement":[{"@type":"ListItem","position":1,"name":"Portada","item":"https:\/\/www.eldiario.net\/portal\/"},{"@type":"ListItem","position":2,"name":"Feria empresarial gener\u00f3 ingreso de Bs 18 millones en Cochabamba"}]},{"@type":"WebSite","@id":"https:\/\/www.eldiario.net\/portal\/#website","url":"https:\/\/www.eldiario.net\/portal\/","name":"El Diario - Decano de la prensa nacional","description":"El Diario - Decano de la prensa nacional","publisher":{"@id":"https:\/\/www.eldiario.net\/portal\/#organization"},"potentialAction":[{"@type":"SearchAction","target":{"@type":"EntryPoint","urlTemplate":"https:\/\/www.eldiario.net\/portal\/?s={search_term_string}"},"query-input":{"@type":"PropertyValueSpecification","valueRequired":true,"valueName":"search_term_string"}}],"inLanguage":"es"},{"@type":"Organization","@id":"https:\/\/www.eldiario.net\/portal\/#organization","name":"El Diario - Decano de la prensa nacional","url":"https:\/\/www.eldiario.net\/portal\/","logo":{"@type":"ImageObject","inLanguage":"es","@id":"https:\/\/www.eldiario.net\/portal\/#\/schema\/logo\/image\/","url":"https:\/\/www.eldiario.net\/portal\/wp-content\/uploads\/2023\/07\/logo_ED.jpg","contentUrl":"https:\/\/www.eldiario.net\/portal\/wp-content\/uploads\/2023\/07\/logo_ED.jpg","width":272,"height":52,"caption":"El Diario - Decano de la prensa nacional"},"image":{"@id":"https:\/\/www.eldiario.net\/portal\/#\/schema\/logo\/image\/"},"sameAs":["https:\/\/www.facebook.com\/eldiario.bolivia\/","https:\/\/x.com\/eldiario_net"]},{"@type":"Person","@id":"https:\/\/www.eldiario.net\/portal\/#\/schema\/person\/f46445640444750d7d753ccd04ae01b7","name":"Jeanette","image":{"@type":"ImageObject","inLanguage":"es","@id":"https:\/\/secure.gravatar.com\/avatar\/3ea2118a5f7dad2b7138b1187a6b7ee55f160b9968b66013c3a3ef39dd7e5798?s=96&d=mm&r=g","url":"https:\/\/secure.gravatar.com\/avatar\/3ea2118a5f7dad2b7138b1187a6b7ee55f160b9968b66013c3a3ef39dd7e5798?s=96&d=mm&r=g","contentUrl":"https:\/\/secure.gravatar.com\/avatar\/3ea2118a5f7dad2b7138b1187a6b7ee55f160b9968b66013c3a3ef39dd7e5798?s=96&d=mm&r=g","caption":"Jeanette"},"sameAs":["https:\/\/www.eldiario.net\/portal"],"url":"https:\/\/www.eldiario.net\/portal\/author\/jeanette\/"}]}},"_links":{"self":[{"href":"https:\/\/www.eldiario.net\/portal\/wp-json\/wp\/v2\/posts\/160952","targetHints":{"allow":["GET"]}}],"collection":[{"href":"https:\/\/www.eldiario.net\/portal\/wp-json\/wp\/v2\/posts"}],"about":[{"href":"https:\/\/www.eldiario.net\/portal\/wp-json\/wp\/v2\/types\/post"}],"author":[{"embeddable":true,"href":"https:\/\/www.eldiario.net\/portal\/wp-json\/wp\/v2\/users\/1"}],"replies":[{"embeddable":true,"href":"https:\/\/www.eldiario.net\/portal\/wp-json\/wp\/v2\/comments?post=160952"}],"version-history":[{"count":0,"href":"https:\/\/www.eldiario.net\/portal\/wp-json\/wp\/v2\/posts\/160952\/revisions"}],"wp:featuredmedia":[{"embeddable":true,"href":"https:\/\/www.eldiario.net\/portal\/wp-json\/wp\/v2\/media\/160953"}],"wp:attachment":[{"href":"https:\/\/www.eldiario.net\/portal\/wp-json\/wp\/v2\/media?parent=160952"}],"wp:term":[{"taxonomy":"category","embeddable":true,"href":"https:\/\/www.eldiario.net\/portal\/wp-json\/wp\/v2\/categories?post=160952"},{"taxonomy":"post_tag","embeddable":true,"href":"https:\/\/www.eldiario.net\/portal\/wp-json\/wp\/v2\/tags?post=160952"}],"curies":[{"name":"wp","href":"https:\/\/api.w.org\/{rel}","templated":true}]}}