{"id":160946,"date":"2023-06-20T06:02:44","date_gmt":"2023-06-20T10:02:44","guid":{"rendered":"https:\/\/www.eldiario.net\/portal\/?p=160946"},"modified":"2023-06-20T06:02:44","modified_gmt":"2023-06-20T10:02:44","slug":"camacho-califica-de-descaro-a-criticas-de-arce-al-modelo-productivo-cruceno","status":"publish","type":"post","link":"https:\/\/www.eldiario.net\/portal\/2023\/06\/20\/camacho-califica-de-descaro-a-criticas-de-arce-al-modelo-productivo-cruceno\/","title":{"rendered":"Camacho califica de \u201cdescaro\u201d a cr\u00edticas de Arce al modelo productivo cruce\u00f1o"},"content":{"rendered":"<p>\u201cMientras el pa\u00eds se hunde en la corrupci\u00f3n y el narcotr\u00e1fico, Luis Arce tiene el descaro de seguir atacando al departamento que sostiene la econom\u00eda, la producci\u00f3n y la seguridad alimentaria del pa\u00eds\u201d. Esa fue la respuesta del gobernador cruce\u00f1o, Luis Fernando Camacho, al desaf\u00edo lanzado por el presidente del Estado para debatir sobre el modelo productivo regional.<\/p>\n<p>El mandatario boliviano se\u00f1al\u00f3 en un acto p\u00fablico que en Santa Cruz no existe un proyecto como regi\u00f3n y plante\u00f3 argumentar sobre qu\u00e9 instancia tiene \u201cla valent\u00eda y el coraje para discutir quien tiene la mejor idea para el departamento\u201d.<\/p>\n<p>El gobernador, a trav\u00e9s de sus redes sociales, dijo adem\u00e1s que \u201cpor el bien de Bolivia\u201d, le extiende una invitaci\u00f3n al mandatario para que lo visite \u201cen la celda en la que usted me tiene secuestrado, para que le explique lo que su tozudez no lo deja entender, las razones del \u00e9xito del Modelo Productivo Cruce\u00f1o y las causas del fracaso de su modelo estatista\u201d.<\/p>\n<p>Durante su visita en Santa Cruz, realizada el pasado viernes, el presidente Arce lanz\u00f3 cr\u00edticas indicando que en ese departamento no hay ideas, ni principios pol\u00edticos y por eso \u201cse van a las manos\u201d.<\/p>\n<p>Por su parte, el presidente del Comit\u00e9 pro<br \/>\nSanta Cruz, Fernando Larach, tambi\u00e9n cuestion\u00f3 al mandatario boliviano.<\/p>\n<p>En ese marco, observ\u00f3 el supuesto plan de Arce para el departamento y dijo que este incluye \u201cpersecuci\u00f3n, presos pol\u00edticos y manipulaci\u00f3n de la justicia\u201d, adem\u00e1s de empresas estatales improductivas, corrupci\u00f3n en los ministerios, incremento del contrabando y aumento del narcotr\u00e1fico. \u201c\u00bfEse es el plan del cual quiere hablar?\u201d, cuestion\u00f3.<\/p>\n<p>Sobre el planteamiento de Arce de discutir qui\u00e9n tiene la mejor idea para el departamento, la respuesta de Larach fue clara: \u201cNo, gracias!\u201d y justific\u00f3 su decisi\u00f3n al indicar que el debate que los cruce\u00f1os buscan priorizar es el desarrollo y bienestar para el pa\u00eds.<\/p>\n<p>\u201cHablemos de reformar la justicia para que sea independiente, de los sistemas productivos para fomentar trabajo, de salud y educaci\u00f3n para atender a la gente, de seguridad ciudadana para nuestras familias, de integraci\u00f3n solidaria entre todas las regiones\u201d, argument\u00f3.<\/p>\n<p>Larach a\u00f1adi\u00f3 adem\u00e1s que esto se debe dar \u201csin dejar de lado la necesidad de revisar, sincera y objetivamente, la relaci\u00f3n de las regiones con el Estado y que sobre esas bases, \u201ccuando quiera y donde quiera\u201d se puede generar un di\u00e1logo. (Santa Cruz, Unitel)<\/p>\n","protected":false},"excerpt":{"rendered":"<p>\u201cMientras el pa\u00eds se hunde en la corrupci\u00f3n y el narcotr\u00e1fico, Luis Arce tiene el descaro de seguir atacando al departamento que sostiene la econom\u00eda, la producci\u00f3n y la seguridad alimentaria del pa\u00eds\u201d. Esa fue la respuesta del gobernador cruce\u00f1o, Luis Fernando Camacho, al desaf\u00edo lanzado por el presidente del Estado para debatir sobre el [&hellip;]<\/p>\n","protected":false},"author":1,"featured_media":160947,"comment_status":"closed","ping_status":"closed","sticky":false,"template":"","format":"standard","meta":{"_acf_changed":false,"footnotes":""},"categories":[12],"tags":[],"class_list":["post-160946","post","type-post","status-publish","format-standard","has-post-thumbnail","category-nacional"],"acf":{"antetitulo":""},"yoast_head":"<!-- This site is optimized with the Yoast SEO plugin v28.3 - https:\/\/yoast.com\/product\/yoast-seo-wordpress\/ -->\n<title>Camacho califica de \u201cdescaro\u201d a cr\u00edticas de Arce al modelo productivo cruce\u00f1o - El Diario - Bolivia<\/title>\n<meta name=\"robots\" content=\"index, follow, max-snippet:-1, max-image-preview:large, max-video-preview:-1\" \/>\n<link rel=\"canonical\" href=\"https:\/\/www.eldiario.net\/portal\/2023\/06\/20\/camacho-califica-de-descaro-a-criticas-de-arce-al-modelo-productivo-cruceno\/\" \/>\n<meta property=\"og:locale\" content=\"es_ES\" \/>\n<meta property=\"og:type\" content=\"article\" \/>\n<meta property=\"og:title\" content=\"Camacho califica de \u201cdescaro\u201d a cr\u00edticas de Arce al modelo productivo cruce\u00f1o - El Diario - Bolivia\" \/>\n<meta property=\"og:description\" content=\"\u201cMientras el pa\u00eds se hunde en la corrupci\u00f3n y el narcotr\u00e1fico, Luis Arce tiene el descaro de seguir atacando al departamento que sostiene la econom\u00eda, la producci\u00f3n y la seguridad alimentaria del pa\u00eds\u201d. Esa fue la respuesta del gobernador cruce\u00f1o, Luis Fernando Camacho, al desaf\u00edo lanzado por el presidente del Estado para debatir sobre el [&hellip;]\" \/>\n<meta property=\"og:url\" content=\"https:\/\/www.eldiario.net\/portal\/2023\/06\/20\/camacho-califica-de-descaro-a-criticas-de-arce-al-modelo-productivo-cruceno\/\" \/>\n<meta property=\"og:site_name\" content=\"El Diario - Bolivia\" \/>\n<meta property=\"article:publisher\" content=\"https:\/\/www.facebook.com\/eldiario.bolivia\/\" \/>\n<meta property=\"article:published_time\" content=\"2023-06-20T10:02:44+00:00\" \/>\n<meta property=\"og:image\" content=\"https:\/\/www.eldiario.net\/portal\/wp-content\/uploads\/2023\/06\/CRITICAS-FOTO.png\" \/>\n\t<meta property=\"og:image:width\" content=\"1024\" \/>\n\t<meta property=\"og:image:height\" content=\"512\" \/>\n\t<meta property=\"og:image:type\" content=\"image\/png\" \/>\n<meta name=\"author\" content=\"Jeanette\" \/>\n<meta name=\"twitter:card\" content=\"summary_large_image\" \/>\n<meta name=\"twitter:creator\" content=\"@eldiario_net\" \/>\n<meta name=\"twitter:site\" content=\"@eldiario_net\" \/>\n<meta name=\"twitter:label1\" content=\"Escrito por\" \/>\n\t<meta name=\"twitter:data1\" content=\"Jeanette\" \/>\n\t<meta name=\"twitter:label2\" content=\"Tiempo de lectura\" \/>\n\t<meta name=\"twitter:data2\" content=\"2 minutos\" \/>\n<script type=\"application\/ld+json\" class=\"yoast-schema-graph\">{\"@context\":\"https:\\\/\\\/schema.org\",\"@graph\":[{\"@type\":\"Article\",\"@id\":\"https:\\\/\\\/www.eldiario.net\\\/portal\\\/2023\\\/06\\\/20\\\/camacho-califica-de-descaro-a-criticas-de-arce-al-modelo-productivo-cruceno\\\/#article\",\"isPartOf\":{\"@id\":\"https:\\\/\\\/www.eldiario.net\\\/portal\\\/2023\\\/06\\\/20\\\/camacho-califica-de-descaro-a-criticas-de-arce-al-modelo-productivo-cruceno\\\/\"},\"author\":{\"name\":\"Jeanette\",\"@id\":\"https:\\\/\\\/www.eldiario.net\\\/portal\\\/#\\\/schema\\\/person\\\/f46445640444750d7d753ccd04ae01b7\"},\"headline\":\"Camacho califica de \u201cdescaro\u201d a cr\u00edticas de Arce al modelo productivo cruce\u00f1o\",\"datePublished\":\"2023-06-20T10:02:44+00:00\",\"mainEntityOfPage\":{\"@id\":\"https:\\\/\\\/www.eldiario.net\\\/portal\\\/2023\\\/06\\\/20\\\/camacho-califica-de-descaro-a-criticas-de-arce-al-modelo-productivo-cruceno\\\/\"},\"wordCount\":442,\"publisher\":{\"@id\":\"https:\\\/\\\/www.eldiario.net\\\/portal\\\/#organization\"},\"image\":{\"@id\":\"https:\\\/\\\/www.eldiario.net\\\/portal\\\/2023\\\/06\\\/20\\\/camacho-califica-de-descaro-a-criticas-de-arce-al-modelo-productivo-cruceno\\\/#primaryimage\"},\"thumbnailUrl\":\"https:\\\/\\\/www.eldiario.net\\\/portal\\\/wp-content\\\/uploads\\\/2023\\\/06\\\/CRITICAS-FOTO.png\",\"articleSection\":[\"Nacional\"],\"inLanguage\":\"es\"},{\"@type\":\"WebPage\",\"@id\":\"https:\\\/\\\/www.eldiario.net\\\/portal\\\/2023\\\/06\\\/20\\\/camacho-califica-de-descaro-a-criticas-de-arce-al-modelo-productivo-cruceno\\\/\",\"url\":\"https:\\\/\\\/www.eldiario.net\\\/portal\\\/2023\\\/06\\\/20\\\/camacho-califica-de-descaro-a-criticas-de-arce-al-modelo-productivo-cruceno\\\/\",\"name\":\"Camacho califica de \u201cdescaro\u201d a cr\u00edticas de Arce al modelo productivo cruce\u00f1o - El Diario - Bolivia\",\"isPartOf\":{\"@id\":\"https:\\\/\\\/www.eldiario.net\\\/portal\\\/#website\"},\"primaryImageOfPage\":{\"@id\":\"https:\\\/\\\/www.eldiario.net\\\/portal\\\/2023\\\/06\\\/20\\\/camacho-califica-de-descaro-a-criticas-de-arce-al-modelo-productivo-cruceno\\\/#primaryimage\"},\"image\":{\"@id\":\"https:\\\/\\\/www.eldiario.net\\\/portal\\\/2023\\\/06\\\/20\\\/camacho-califica-de-descaro-a-criticas-de-arce-al-modelo-productivo-cruceno\\\/#primaryimage\"},\"thumbnailUrl\":\"https:\\\/\\\/www.eldiario.net\\\/portal\\\/wp-content\\\/uploads\\\/2023\\\/06\\\/CRITICAS-FOTO.png\",\"datePublished\":\"2023-06-20T10:02:44+00:00\",\"breadcrumb\":{\"@id\":\"https:\\\/\\\/www.eldiario.net\\\/portal\\\/2023\\\/06\\\/20\\\/camacho-califica-de-descaro-a-criticas-de-arce-al-modelo-productivo-cruceno\\\/#breadcrumb\"},\"inLanguage\":\"es\",\"potentialAction\":[{\"@type\":\"ReadAction\",\"target\":[\"https:\\\/\\\/www.eldiario.net\\\/portal\\\/2023\\\/06\\\/20\\\/camacho-califica-de-descaro-a-criticas-de-arce-al-modelo-productivo-cruceno\\\/\"]}]},{\"@type\":\"ImageObject\",\"inLanguage\":\"es\",\"@id\":\"https:\\\/\\\/www.eldiario.net\\\/portal\\\/2023\\\/06\\\/20\\\/camacho-califica-de-descaro-a-criticas-de-arce-al-modelo-productivo-cruceno\\\/#primaryimage\",\"url\":\"https:\\\/\\\/www.eldiario.net\\\/portal\\\/wp-content\\\/uploads\\\/2023\\\/06\\\/CRITICAS-FOTO.png\",\"contentUrl\":\"https:\\\/\\\/www.eldiario.net\\\/portal\\\/wp-content\\\/uploads\\\/2023\\\/06\\\/CRITICAS-FOTO.png\",\"width\":1024,\"height\":512,\"caption\":\"Fernando Larach, Luis Fernando Camacho y Luis Arce. FOTO: RRSS\"},{\"@type\":\"BreadcrumbList\",\"@id\":\"https:\\\/\\\/www.eldiario.net\\\/portal\\\/2023\\\/06\\\/20\\\/camacho-califica-de-descaro-a-criticas-de-arce-al-modelo-productivo-cruceno\\\/#breadcrumb\",\"itemListElement\":[{\"@type\":\"ListItem\",\"position\":1,\"name\":\"Portada\",\"item\":\"https:\\\/\\\/www.eldiario.net\\\/portal\\\/\"},{\"@type\":\"ListItem\",\"position\":2,\"name\":\"Camacho califica de \u201cdescaro\u201d a cr\u00edticas de Arce al modelo productivo cruce\u00f1o\"}]},{\"@type\":\"WebSite\",\"@id\":\"https:\\\/\\\/www.eldiario.net\\\/portal\\\/#website\",\"url\":\"https:\\\/\\\/www.eldiario.net\\\/portal\\\/\",\"name\":\"El Diario - Decano de la prensa nacional\",\"description\":\"El Diario - Decano de la prensa nacional\",\"publisher\":{\"@id\":\"https:\\\/\\\/www.eldiario.net\\\/portal\\\/#organization\"},\"potentialAction\":[{\"@type\":\"SearchAction\",\"target\":{\"@type\":\"EntryPoint\",\"urlTemplate\":\"https:\\\/\\\/www.eldiario.net\\\/portal\\\/?s={search_term_string}\"},\"query-input\":{\"@type\":\"PropertyValueSpecification\",\"valueRequired\":true,\"valueName\":\"search_term_string\"}}],\"inLanguage\":\"es\"},{\"@type\":\"Organization\",\"@id\":\"https:\\\/\\\/www.eldiario.net\\\/portal\\\/#organization\",\"name\":\"El Diario - Decano de la prensa nacional\",\"url\":\"https:\\\/\\\/www.eldiario.net\\\/portal\\\/\",\"logo\":{\"@type\":\"ImageObject\",\"inLanguage\":\"es\",\"@id\":\"https:\\\/\\\/www.eldiario.net\\\/portal\\\/#\\\/schema\\\/logo\\\/image\\\/\",\"url\":\"https:\\\/\\\/www.eldiario.net\\\/portal\\\/wp-content\\\/uploads\\\/2023\\\/07\\\/logo_ED.jpg\",\"contentUrl\":\"https:\\\/\\\/www.eldiario.net\\\/portal\\\/wp-content\\\/uploads\\\/2023\\\/07\\\/logo_ED.jpg\",\"width\":272,\"height\":52,\"caption\":\"El Diario - Decano de la prensa nacional\"},\"image\":{\"@id\":\"https:\\\/\\\/www.eldiario.net\\\/portal\\\/#\\\/schema\\\/logo\\\/image\\\/\"},\"sameAs\":[\"https:\\\/\\\/www.facebook.com\\\/eldiario.bolivia\\\/\",\"https:\\\/\\\/x.com\\\/eldiario_net\"]},{\"@type\":\"Person\",\"@id\":\"https:\\\/\\\/www.eldiario.net\\\/portal\\\/#\\\/schema\\\/person\\\/f46445640444750d7d753ccd04ae01b7\",\"name\":\"Jeanette\",\"image\":{\"@type\":\"ImageObject\",\"inLanguage\":\"es\",\"@id\":\"https:\\\/\\\/secure.gravatar.com\\\/avatar\\\/3ea2118a5f7dad2b7138b1187a6b7ee55f160b9968b66013c3a3ef39dd7e5798?s=96&d=mm&r=g\",\"url\":\"https:\\\/\\\/secure.gravatar.com\\\/avatar\\\/3ea2118a5f7dad2b7138b1187a6b7ee55f160b9968b66013c3a3ef39dd7e5798?s=96&d=mm&r=g\",\"contentUrl\":\"https:\\\/\\\/secure.gravatar.com\\\/avatar\\\/3ea2118a5f7dad2b7138b1187a6b7ee55f160b9968b66013c3a3ef39dd7e5798?s=96&d=mm&r=g\",\"caption\":\"Jeanette\"},\"sameAs\":[\"https:\\\/\\\/www.eldiario.net\\\/portal\"],\"url\":\"https:\\\/\\\/www.eldiario.net\\\/portal\\\/author\\\/jeanette\\\/\"}]}<\/script>\n<!-- \/ Yoast SEO plugin. -->","yoast_head_json":{"title":"Camacho califica de \u201cdescaro\u201d a cr\u00edticas de Arce al modelo productivo cruce\u00f1o - El Diario - Bolivia","robots":{"index":"index","follow":"follow","max-snippet":"max-snippet:-1","max-image-preview":"max-image-preview:large","max-video-preview":"max-video-preview:-1"},"canonical":"https:\/\/www.eldiario.net\/portal\/2023\/06\/20\/camacho-califica-de-descaro-a-criticas-de-arce-al-modelo-productivo-cruceno\/","og_locale":"es_ES","og_type":"article","og_title":"Camacho califica de \u201cdescaro\u201d a cr\u00edticas de Arce al modelo productivo cruce\u00f1o - El Diario - Bolivia","og_description":"\u201cMientras el pa\u00eds se hunde en la corrupci\u00f3n y el narcotr\u00e1fico, Luis Arce tiene el descaro de seguir atacando al departamento que sostiene la econom\u00eda, la producci\u00f3n y la seguridad alimentaria del pa\u00eds\u201d. Esa fue la respuesta del gobernador cruce\u00f1o, Luis Fernando Camacho, al desaf\u00edo lanzado por el presidente del Estado para debatir sobre el [&hellip;]","og_url":"https:\/\/www.eldiario.net\/portal\/2023\/06\/20\/camacho-califica-de-descaro-a-criticas-de-arce-al-modelo-productivo-cruceno\/","og_site_name":"El Diario - Bolivia","article_publisher":"https:\/\/www.facebook.com\/eldiario.bolivia\/","article_published_time":"2023-06-20T10:02:44+00:00","og_image":[{"width":1024,"height":512,"url":"https:\/\/www.eldiario.net\/portal\/wp-content\/uploads\/2023\/06\/CRITICAS-FOTO.png","type":"image\/png"}],"author":"Jeanette","twitter_card":"summary_large_image","twitter_creator":"@eldiario_net","twitter_site":"@eldiario_net","twitter_misc":{"Escrito por":"Jeanette","Tiempo de lectura":"2 minutos"},"schema":{"@context":"https:\/\/schema.org","@graph":[{"@type":"Article","@id":"https:\/\/www.eldiario.net\/portal\/2023\/06\/20\/camacho-califica-de-descaro-a-criticas-de-arce-al-modelo-productivo-cruceno\/#article","isPartOf":{"@id":"https:\/\/www.eldiario.net\/portal\/2023\/06\/20\/camacho-califica-de-descaro-a-criticas-de-arce-al-modelo-productivo-cruceno\/"},"author":{"name":"Jeanette","@id":"https:\/\/www.eldiario.net\/portal\/#\/schema\/person\/f46445640444750d7d753ccd04ae01b7"},"headline":"Camacho califica de \u201cdescaro\u201d a cr\u00edticas de Arce al modelo productivo cruce\u00f1o","datePublished":"2023-06-20T10:02:44+00:00","mainEntityOfPage":{"@id":"https:\/\/www.eldiario.net\/portal\/2023\/06\/20\/camacho-califica-de-descaro-a-criticas-de-arce-al-modelo-productivo-cruceno\/"},"wordCount":442,"publisher":{"@id":"https:\/\/www.eldiario.net\/portal\/#organization"},"image":{"@id":"https:\/\/www.eldiario.net\/portal\/2023\/06\/20\/camacho-califica-de-descaro-a-criticas-de-arce-al-modelo-productivo-cruceno\/#primaryimage"},"thumbnailUrl":"https:\/\/www.eldiario.net\/portal\/wp-content\/uploads\/2023\/06\/CRITICAS-FOTO.png","articleSection":["Nacional"],"inLanguage":"es"},{"@type":"WebPage","@id":"https:\/\/www.eldiario.net\/portal\/2023\/06\/20\/camacho-califica-de-descaro-a-criticas-de-arce-al-modelo-productivo-cruceno\/","url":"https:\/\/www.eldiario.net\/portal\/2023\/06\/20\/camacho-califica-de-descaro-a-criticas-de-arce-al-modelo-productivo-cruceno\/","name":"Camacho califica de \u201cdescaro\u201d a cr\u00edticas de Arce al modelo productivo cruce\u00f1o - El Diario - Bolivia","isPartOf":{"@id":"https:\/\/www.eldiario.net\/portal\/#website"},"primaryImageOfPage":{"@id":"https:\/\/www.eldiario.net\/portal\/2023\/06\/20\/camacho-califica-de-descaro-a-criticas-de-arce-al-modelo-productivo-cruceno\/#primaryimage"},"image":{"@id":"https:\/\/www.eldiario.net\/portal\/2023\/06\/20\/camacho-califica-de-descaro-a-criticas-de-arce-al-modelo-productivo-cruceno\/#primaryimage"},"thumbnailUrl":"https:\/\/www.eldiario.net\/portal\/wp-content\/uploads\/2023\/06\/CRITICAS-FOTO.png","datePublished":"2023-06-20T10:02:44+00:00","breadcrumb":{"@id":"https:\/\/www.eldiario.net\/portal\/2023\/06\/20\/camacho-califica-de-descaro-a-criticas-de-arce-al-modelo-productivo-cruceno\/#breadcrumb"},"inLanguage":"es","potentialAction":[{"@type":"ReadAction","target":["https:\/\/www.eldiario.net\/portal\/2023\/06\/20\/camacho-califica-de-descaro-a-criticas-de-arce-al-modelo-productivo-cruceno\/"]}]},{"@type":"ImageObject","inLanguage":"es","@id":"https:\/\/www.eldiario.net\/portal\/2023\/06\/20\/camacho-califica-de-descaro-a-criticas-de-arce-al-modelo-productivo-cruceno\/#primaryimage","url":"https:\/\/www.eldiario.net\/portal\/wp-content\/uploads\/2023\/06\/CRITICAS-FOTO.png","contentUrl":"https:\/\/www.eldiario.net\/portal\/wp-content\/uploads\/2023\/06\/CRITICAS-FOTO.png","width":1024,"height":512,"caption":"Fernando Larach, Luis Fernando Camacho y Luis Arce. FOTO: RRSS"},{"@type":"BreadcrumbList","@id":"https:\/\/www.eldiario.net\/portal\/2023\/06\/20\/camacho-califica-de-descaro-a-criticas-de-arce-al-modelo-productivo-cruceno\/#breadcrumb","itemListElement":[{"@type":"ListItem","position":1,"name":"Portada","item":"https:\/\/www.eldiario.net\/portal\/"},{"@type":"ListItem","position":2,"name":"Camacho califica de \u201cdescaro\u201d a cr\u00edticas de Arce al modelo productivo cruce\u00f1o"}]},{"@type":"WebSite","@id":"https:\/\/www.eldiario.net\/portal\/#website","url":"https:\/\/www.eldiario.net\/portal\/","name":"El Diario - Decano de la prensa nacional","description":"El Diario - Decano de la prensa nacional","publisher":{"@id":"https:\/\/www.eldiario.net\/portal\/#organization"},"potentialAction":[{"@type":"SearchAction","target":{"@type":"EntryPoint","urlTemplate":"https:\/\/www.eldiario.net\/portal\/?s={search_term_string}"},"query-input":{"@type":"PropertyValueSpecification","valueRequired":true,"valueName":"search_term_string"}}],"inLanguage":"es"},{"@type":"Organization","@id":"https:\/\/www.eldiario.net\/portal\/#organization","name":"El Diario - Decano de la prensa nacional","url":"https:\/\/www.eldiario.net\/portal\/","logo":{"@type":"ImageObject","inLanguage":"es","@id":"https:\/\/www.eldiario.net\/portal\/#\/schema\/logo\/image\/","url":"https:\/\/www.eldiario.net\/portal\/wp-content\/uploads\/2023\/07\/logo_ED.jpg","contentUrl":"https:\/\/www.eldiario.net\/portal\/wp-content\/uploads\/2023\/07\/logo_ED.jpg","width":272,"height":52,"caption":"El Diario - Decano de la prensa nacional"},"image":{"@id":"https:\/\/www.eldiario.net\/portal\/#\/schema\/logo\/image\/"},"sameAs":["https:\/\/www.facebook.com\/eldiario.bolivia\/","https:\/\/x.com\/eldiario_net"]},{"@type":"Person","@id":"https:\/\/www.eldiario.net\/portal\/#\/schema\/person\/f46445640444750d7d753ccd04ae01b7","name":"Jeanette","image":{"@type":"ImageObject","inLanguage":"es","@id":"https:\/\/secure.gravatar.com\/avatar\/3ea2118a5f7dad2b7138b1187a6b7ee55f160b9968b66013c3a3ef39dd7e5798?s=96&d=mm&r=g","url":"https:\/\/secure.gravatar.com\/avatar\/3ea2118a5f7dad2b7138b1187a6b7ee55f160b9968b66013c3a3ef39dd7e5798?s=96&d=mm&r=g","contentUrl":"https:\/\/secure.gravatar.com\/avatar\/3ea2118a5f7dad2b7138b1187a6b7ee55f160b9968b66013c3a3ef39dd7e5798?s=96&d=mm&r=g","caption":"Jeanette"},"sameAs":["https:\/\/www.eldiario.net\/portal"],"url":"https:\/\/www.eldiario.net\/portal\/author\/jeanette\/"}]}},"_links":{"self":[{"href":"https:\/\/www.eldiario.net\/portal\/wp-json\/wp\/v2\/posts\/160946","targetHints":{"allow":["GET"]}}],"collection":[{"href":"https:\/\/www.eldiario.net\/portal\/wp-json\/wp\/v2\/posts"}],"about":[{"href":"https:\/\/www.eldiario.net\/portal\/wp-json\/wp\/v2\/types\/post"}],"author":[{"embeddable":true,"href":"https:\/\/www.eldiario.net\/portal\/wp-json\/wp\/v2\/users\/1"}],"replies":[{"embeddable":true,"href":"https:\/\/www.eldiario.net\/portal\/wp-json\/wp\/v2\/comments?post=160946"}],"version-history":[{"count":0,"href":"https:\/\/www.eldiario.net\/portal\/wp-json\/wp\/v2\/posts\/160946\/revisions"}],"wp:featuredmedia":[{"embeddable":true,"href":"https:\/\/www.eldiario.net\/portal\/wp-json\/wp\/v2\/media\/160947"}],"wp:attachment":[{"href":"https:\/\/www.eldiario.net\/portal\/wp-json\/wp\/v2\/media?parent=160946"}],"wp:term":[{"taxonomy":"category","embeddable":true,"href":"https:\/\/www.eldiario.net\/portal\/wp-json\/wp\/v2\/categories?post=160946"},{"taxonomy":"post_tag","embeddable":true,"href":"https:\/\/www.eldiario.net\/portal\/wp-json\/wp\/v2\/tags?post=160946"}],"curies":[{"name":"wp","href":"https:\/\/api.w.org\/{rel}","templated":true}]}}