{"id":160866,"date":"2023-06-19T06:35:31","date_gmt":"2023-06-19T10:35:31","guid":{"rendered":"https:\/\/www.eldiario.net\/portal\/?p=160866"},"modified":"2023-06-19T06:35:31","modified_gmt":"2023-06-19T10:35:31","slug":"pulsera-inteligente-huawei-band-8","status":"publish","type":"post","link":"https:\/\/www.eldiario.net\/portal\/2023\/06\/19\/pulsera-inteligente-huawei-band-8\/","title":{"rendered":"Pulsera inteligente HUAWEI Band 8"},"content":{"rendered":"<p>Un dispositivo muy c\u00f3modo para controlar tu salud. Te presentamos la nueva pulsera que Huawei ha anunciado, se trata de la HUAWEI Band 8, un accesorio para la mu\u00f1eca con el que hacer deporte o monitorizar nuestra salud controlando aspectos como el nivel de ox\u00edgeno en sangre o nuestro latido. Todo ello con la ventaja de una autonom\u00eda realmente prolongada, hasta dos semanas de uso sin necesidad de pasar por el cargador. Y con una buena pantalla AMOLED de 1,47 pulgadas para manejar los men\u00fas de forma c\u00f3moda.<\/p>\n<p>Uno de los aspectos destacados de la HUAWEI Band 8 es su dise\u00f1o c\u00f3modo y ligero. Cuenta con un grosor de tan solo 9 mm y un peso de 14 gramos. La pulsera cuenta con una\u00a0pantalla AMOLED de 1,47 pulgadas con una resoluci\u00f3n de 368 x 194 p\u00edxeles\u00a0y una curvatura que se adapta bien a nuestra mu\u00f1eca. Lo puedes encontrar en tres colores (negro, rosa y verde) y te permite cambiar la correa de una forma sencilla, por si se estropea o quieres cambiar de dise\u00f1o. Esta es una diferencia respecto a anteriores generaciones, que lo pon\u00edan m\u00e1s dif\u00edcil.<\/p>\n<p>La personalizaci\u00f3n tambi\u00e9n est\u00e1 en los dise\u00f1os de las esferas, con una colecci\u00f3n realmente grande de opciones. Adem\u00e1s, la compa\u00f1\u00eda ha querido destacar nueve estilos nuevos: Figure 8, Frosted, Frisbee, Magic Balloons, SuperWatch y Style.<\/p>\n<p>La HUAWEI Band 8 cuenta con una amplia gama de funciones dise\u00f1adas para ayudar a los usuarios a mantenerse al tanto de sus objetivos deportivos y de salud. Con los sensores avanzados HUAWEI TruSeen 5.0, la pulsera inteligente puede monitorizar datos biom\u00e9tricos clave, como por ejemplo la frecuencia card\u00edaca, con una\u00a0mejora del 10% en la precisi\u00f3n\u00a0en comparaci\u00f3n con la generaci\u00f3n anterior.<\/p>\n<p>La HUAWEI Band 8 tambi\u00e9n soporta el seguimiento continuo del ox\u00edgeno en sangre, el sue\u00f1o, el estr\u00e9s (algo clave en estos tiempos que corremos) y el ciclo menstrual, entre otros. La tecnolog\u00eda de monitorizaci\u00f3n del sue\u00f1o HUAWEI TruSleep 3.0 ha mejorado su precisi\u00f3n en un 10% en comparaci\u00f3n con la generaci\u00f3n anterior, lo que permite\u00a0registrar con precisi\u00f3n datos del sue\u00f1o, como el momento de quedarse dormido, el momento de despertar y la duraci\u00f3n del sue\u00f1o.<\/p>\n<p>La HUAWEI Band 8 ofrece a los usuarios un\u00a0sistema de entrenamiento basado en el algoritmo HUAWEI TruSport. Este sistema proporciona datos detallados durante el ejercicio, como el ritmo, la frecuencia card\u00edaca y la distancia recorrida. El algoritmo tambi\u00e9n eval\u00faa la carga de entrenamiento, la presi\u00f3n aer\u00f3bica\/anaer\u00f3bica, el tiempo de recuperaci\u00f3n y el \u00edndice de capacidad de carrera (RAI) del corredor.<\/p>\n<p>Si eres un fan\u00e1tico del deporte, esta pulsera te cubre perfectamente, ya que cuenta con hasta 100 modos de entrenamiento, incluyendo correr, montar en bicicleta, nadar y saltar a la comba. Por si fuera poco, La HUAWEI Band 8 a\u00f1ade nuevos modos que sorprendentemente todav\u00eda no estaban como\u00a0f\u00fatbol, baloncesto y tenis.\u00a0Todo con la opci\u00f3n de ponerte unos objetivos diarios.<\/p>\n<p>La HUAWEI Band 8 es la primera pulsera inteligente de Huawei en incorporar el asistente inteligente\u00a0HUAWEI Assistant-TODAY.\u00a0Gracias a esta funci\u00f3n, los usuarios pueden acceder al tiempo, controlar la m\u00fasica, programar temporizadores, cron\u00f3metros y mucho m\u00e1s deslizando el dedo por el asistente.<\/p>\n<p>Otras funciones de esta pulsera incluyen soporte para reproducci\u00f3n de m\u00fasica, obturador remoto, recordatorios de mensajes de texto y aplicaciones, respuestas r\u00e1pidas a mensajes, pron\u00f3stico del tiempo, despertador, cron\u00f3metro, temporizador, linterna, funci\u00f3n para encontrar el tel\u00e9fono y asistente de voz. Tambi\u00e9n admite\u00a0respuestas r\u00e1pidas a mensajes con texto y emojis a trav\u00e9s de aplicaciones nativas de mensajer\u00eda o de terceros.<\/p>\n<p>La bater\u00eda de la HUAWEI Band 8 tiene una duraci\u00f3n de hasta 14 d\u00edas, con hasta 9 d\u00edas en uso normal (si haces un uso intensivo lo normal es que se te quede en torno a la semana de uso). Adem\u00e1s, la pulsera admite carga r\u00e1pida, lo que permite utilizarla durante dos d\u00edas con solo cinco minutos de carga y cargarla completamente en 45 minutos.<\/p>\n","protected":false},"excerpt":{"rendered":"<p>Un dispositivo muy c\u00f3modo para controlar tu salud. Te presentamos la nueva pulsera que Huawei ha anunciado, se trata de la HUAWEI Band 8, un accesorio para la mu\u00f1eca con el que hacer deporte o monitorizar nuestra salud controlando aspectos como el nivel de ox\u00edgeno en sangre o nuestro latido. Todo ello con la ventaja [&hellip;]<\/p>\n","protected":false},"author":1,"featured_media":160867,"comment_status":"closed","ping_status":"closed","sticky":false,"template":"","format":"standard","meta":{"_acf_changed":false,"footnotes":""},"categories":[46],"tags":[],"class_list":["post-160866","post","type-post","status-publish","format-standard","has-post-thumbnail","category-ciencia-computacion"],"acf":{"antetitulo":""},"yoast_head":"<!-- This site is optimized with the Yoast SEO plugin v28.4 - https:\/\/yoast.com\/product\/yoast-seo-wordpress\/ -->\n<title>Pulsera inteligente HUAWEI Band 8 - El Diario - Bolivia<\/title>\n<meta name=\"robots\" content=\"index, follow, max-snippet:-1, max-image-preview:large, max-video-preview:-1\" \/>\n<link rel=\"canonical\" href=\"https:\/\/www.eldiario.net\/portal\/2023\/06\/19\/pulsera-inteligente-huawei-band-8\/\" \/>\n<meta property=\"og:locale\" content=\"es_ES\" \/>\n<meta property=\"og:type\" content=\"article\" \/>\n<meta property=\"og:title\" content=\"Pulsera inteligente HUAWEI Band 8 - El Diario - Bolivia\" \/>\n<meta property=\"og:description\" content=\"Un dispositivo muy c\u00f3modo para controlar tu salud. Te presentamos la nueva pulsera que Huawei ha anunciado, se trata de la HUAWEI Band 8, un accesorio para la mu\u00f1eca con el que hacer deporte o monitorizar nuestra salud controlando aspectos como el nivel de ox\u00edgeno en sangre o nuestro latido. Todo ello con la ventaja [&hellip;]\" \/>\n<meta property=\"og:url\" content=\"https:\/\/www.eldiario.net\/portal\/2023\/06\/19\/pulsera-inteligente-huawei-band-8\/\" \/>\n<meta property=\"og:site_name\" content=\"El Diario - Bolivia\" \/>\n<meta property=\"article:publisher\" content=\"https:\/\/www.facebook.com\/eldiario.bolivia\/\" \/>\n<meta property=\"article:published_time\" content=\"2023-06-19T10:35:31+00:00\" \/>\n<meta property=\"og:image\" content=\"https:\/\/www.eldiario.net\/portal\/wp-content\/uploads\/2023\/06\/8-A-1-scaled-1.jpg\" \/>\n\t<meta property=\"og:image:width\" content=\"2560\" \/>\n\t<meta property=\"og:image:height\" content=\"1433\" \/>\n\t<meta property=\"og:image:type\" content=\"image\/jpeg\" \/>\n<meta name=\"author\" content=\"Jeanette\" \/>\n<meta name=\"twitter:card\" content=\"summary_large_image\" \/>\n<meta name=\"twitter:creator\" content=\"@eldiario_net\" \/>\n<meta name=\"twitter:site\" content=\"@eldiario_net\" \/>\n<meta name=\"twitter:label1\" content=\"Escrito por\" \/>\n\t<meta name=\"twitter:data1\" content=\"Jeanette\" \/>\n\t<meta name=\"twitter:label2\" content=\"Tiempo de lectura\" \/>\n\t<meta name=\"twitter:data2\" content=\"3 minutos\" \/>\n<script type=\"application\/ld+json\" class=\"yoast-schema-graph\">{\"@context\":\"https:\\\/\\\/schema.org\",\"@graph\":[{\"@type\":\"Article\",\"@id\":\"https:\\\/\\\/www.eldiario.net\\\/portal\\\/2023\\\/06\\\/19\\\/pulsera-inteligente-huawei-band-8\\\/#article\",\"isPartOf\":{\"@id\":\"https:\\\/\\\/www.eldiario.net\\\/portal\\\/2023\\\/06\\\/19\\\/pulsera-inteligente-huawei-band-8\\\/\"},\"author\":{\"name\":\"Jeanette\",\"@id\":\"https:\\\/\\\/www.eldiario.net\\\/portal\\\/#\\\/schema\\\/person\\\/2c57cf2b7a7ae032e449e4c9b1019eac\"},\"headline\":\"Pulsera inteligente HUAWEI Band 8\",\"datePublished\":\"2023-06-19T10:35:31+00:00\",\"mainEntityOfPage\":{\"@id\":\"https:\\\/\\\/www.eldiario.net\\\/portal\\\/2023\\\/06\\\/19\\\/pulsera-inteligente-huawei-band-8\\\/\"},\"wordCount\":710,\"publisher\":{\"@id\":\"https:\\\/\\\/www.eldiario.net\\\/portal\\\/#organization\"},\"image\":{\"@id\":\"https:\\\/\\\/www.eldiario.net\\\/portal\\\/2023\\\/06\\\/19\\\/pulsera-inteligente-huawei-band-8\\\/#primaryimage\"},\"thumbnailUrl\":\"https:\\\/\\\/www.eldiario.net\\\/portal\\\/wp-content\\\/uploads\\\/2023\\\/06\\\/8-A-1-scaled-1.jpg\",\"articleSection\":[\"Ciencia y Computaci\u00f3n\"],\"inLanguage\":\"es\"},{\"@type\":\"WebPage\",\"@id\":\"https:\\\/\\\/www.eldiario.net\\\/portal\\\/2023\\\/06\\\/19\\\/pulsera-inteligente-huawei-band-8\\\/\",\"url\":\"https:\\\/\\\/www.eldiario.net\\\/portal\\\/2023\\\/06\\\/19\\\/pulsera-inteligente-huawei-band-8\\\/\",\"name\":\"Pulsera inteligente HUAWEI Band 8 - El Diario - Bolivia\",\"isPartOf\":{\"@id\":\"https:\\\/\\\/www.eldiario.net\\\/portal\\\/#website\"},\"primaryImageOfPage\":{\"@id\":\"https:\\\/\\\/www.eldiario.net\\\/portal\\\/2023\\\/06\\\/19\\\/pulsera-inteligente-huawei-band-8\\\/#primaryimage\"},\"image\":{\"@id\":\"https:\\\/\\\/www.eldiario.net\\\/portal\\\/2023\\\/06\\\/19\\\/pulsera-inteligente-huawei-band-8\\\/#primaryimage\"},\"thumbnailUrl\":\"https:\\\/\\\/www.eldiario.net\\\/portal\\\/wp-content\\\/uploads\\\/2023\\\/06\\\/8-A-1-scaled-1.jpg\",\"datePublished\":\"2023-06-19T10:35:31+00:00\",\"breadcrumb\":{\"@id\":\"https:\\\/\\\/www.eldiario.net\\\/portal\\\/2023\\\/06\\\/19\\\/pulsera-inteligente-huawei-band-8\\\/#breadcrumb\"},\"inLanguage\":\"es\",\"potentialAction\":[{\"@type\":\"ReadAction\",\"target\":[\"https:\\\/\\\/www.eldiario.net\\\/portal\\\/2023\\\/06\\\/19\\\/pulsera-inteligente-huawei-band-8\\\/\"]}]},{\"@type\":\"ImageObject\",\"inLanguage\":\"es\",\"@id\":\"https:\\\/\\\/www.eldiario.net\\\/portal\\\/2023\\\/06\\\/19\\\/pulsera-inteligente-huawei-band-8\\\/#primaryimage\",\"url\":\"https:\\\/\\\/www.eldiario.net\\\/portal\\\/wp-content\\\/uploads\\\/2023\\\/06\\\/8-A-1-scaled-1.jpg\",\"contentUrl\":\"https:\\\/\\\/www.eldiario.net\\\/portal\\\/wp-content\\\/uploads\\\/2023\\\/06\\\/8-A-1-scaled-1.jpg\",\"width\":2560,\"height\":1433},{\"@type\":\"BreadcrumbList\",\"@id\":\"https:\\\/\\\/www.eldiario.net\\\/portal\\\/2023\\\/06\\\/19\\\/pulsera-inteligente-huawei-band-8\\\/#breadcrumb\",\"itemListElement\":[{\"@type\":\"ListItem\",\"position\":1,\"name\":\"Portada\",\"item\":\"https:\\\/\\\/www.eldiario.net\\\/portal\\\/\"},{\"@type\":\"ListItem\",\"position\":2,\"name\":\"Pulsera inteligente HUAWEI Band 8\"}]},{\"@type\":\"WebSite\",\"@id\":\"https:\\\/\\\/www.eldiario.net\\\/portal\\\/#website\",\"url\":\"https:\\\/\\\/www.eldiario.net\\\/portal\\\/\",\"name\":\"El Diario - Decano de la prensa nacional\",\"description\":\"El Diario - Decano de la prensa nacional\",\"publisher\":{\"@id\":\"https:\\\/\\\/www.eldiario.net\\\/portal\\\/#organization\"},\"potentialAction\":[{\"@type\":\"SearchAction\",\"target\":{\"@type\":\"EntryPoint\",\"urlTemplate\":\"https:\\\/\\\/www.eldiario.net\\\/portal\\\/?s={search_term_string}\"},\"query-input\":{\"@type\":\"PropertyValueSpecification\",\"valueRequired\":true,\"valueName\":\"search_term_string\"}}],\"inLanguage\":\"es\"},{\"@type\":\"Organization\",\"@id\":\"https:\\\/\\\/www.eldiario.net\\\/portal\\\/#organization\",\"name\":\"El Diario - Decano de la prensa nacional\",\"url\":\"https:\\\/\\\/www.eldiario.net\\\/portal\\\/\",\"logo\":{\"@type\":\"ImageObject\",\"inLanguage\":\"es\",\"@id\":\"https:\\\/\\\/www.eldiario.net\\\/portal\\\/#\\\/schema\\\/logo\\\/image\\\/\",\"url\":\"https:\\\/\\\/www.eldiario.net\\\/portal\\\/wp-content\\\/uploads\\\/2023\\\/07\\\/logo_ED.jpg\",\"contentUrl\":\"https:\\\/\\\/www.eldiario.net\\\/portal\\\/wp-content\\\/uploads\\\/2023\\\/07\\\/logo_ED.jpg\",\"width\":272,\"height\":52,\"caption\":\"El Diario - Decano de la prensa nacional\"},\"image\":{\"@id\":\"https:\\\/\\\/www.eldiario.net\\\/portal\\\/#\\\/schema\\\/logo\\\/image\\\/\"},\"sameAs\":[\"https:\\\/\\\/www.facebook.com\\\/eldiario.bolivia\\\/\",\"https:\\\/\\\/x.com\\\/eldiario_net\"]},{\"@type\":\"Person\",\"@id\":\"https:\\\/\\\/www.eldiario.net\\\/portal\\\/#\\\/schema\\\/person\\\/2c57cf2b7a7ae032e449e4c9b1019eac\",\"name\":\"Jeanette\",\"image\":{\"@type\":\"ImageObject\",\"inLanguage\":\"es\",\"@id\":\"https:\\\/\\\/secure.gravatar.com\\\/avatar\\\/3ea2118a5f7dad2b7138b1187a6b7ee55f160b9968b66013c3a3ef39dd7e5798?s=96&d=mm&r=g\",\"url\":\"https:\\\/\\\/secure.gravatar.com\\\/avatar\\\/3ea2118a5f7dad2b7138b1187a6b7ee55f160b9968b66013c3a3ef39dd7e5798?s=96&d=mm&r=g\",\"contentUrl\":\"https:\\\/\\\/secure.gravatar.com\\\/avatar\\\/3ea2118a5f7dad2b7138b1187a6b7ee55f160b9968b66013c3a3ef39dd7e5798?s=96&d=mm&r=g\",\"caption\":\"Jeanette\"},\"sameAs\":[\"https:\\\/\\\/www.eldiario.net\\\/portal\"],\"url\":\"https:\\\/\\\/www.eldiario.net\\\/portal\\\/author\\\/jeanette\\\/\"}]}<\/script>\n<!-- \/ Yoast SEO plugin. -->","yoast_head_json":{"title":"Pulsera inteligente HUAWEI Band 8 - El Diario - Bolivia","robots":{"index":"index","follow":"follow","max-snippet":"max-snippet:-1","max-image-preview":"max-image-preview:large","max-video-preview":"max-video-preview:-1"},"canonical":"https:\/\/www.eldiario.net\/portal\/2023\/06\/19\/pulsera-inteligente-huawei-band-8\/","og_locale":"es_ES","og_type":"article","og_title":"Pulsera inteligente HUAWEI Band 8 - El Diario - Bolivia","og_description":"Un dispositivo muy c\u00f3modo para controlar tu salud. Te presentamos la nueva pulsera que Huawei ha anunciado, se trata de la HUAWEI Band 8, un accesorio para la mu\u00f1eca con el que hacer deporte o monitorizar nuestra salud controlando aspectos como el nivel de ox\u00edgeno en sangre o nuestro latido. Todo ello con la ventaja [&hellip;]","og_url":"https:\/\/www.eldiario.net\/portal\/2023\/06\/19\/pulsera-inteligente-huawei-band-8\/","og_site_name":"El Diario - Bolivia","article_publisher":"https:\/\/www.facebook.com\/eldiario.bolivia\/","article_published_time":"2023-06-19T10:35:31+00:00","og_image":[{"width":2560,"height":1433,"url":"https:\/\/www.eldiario.net\/portal\/wp-content\/uploads\/2023\/06\/8-A-1-scaled-1.jpg","type":"image\/jpeg"}],"author":"Jeanette","twitter_card":"summary_large_image","twitter_creator":"@eldiario_net","twitter_site":"@eldiario_net","twitter_misc":{"Escrito por":"Jeanette","Tiempo de lectura":"3 minutos"},"schema":{"@context":"https:\/\/schema.org","@graph":[{"@type":"Article","@id":"https:\/\/www.eldiario.net\/portal\/2023\/06\/19\/pulsera-inteligente-huawei-band-8\/#article","isPartOf":{"@id":"https:\/\/www.eldiario.net\/portal\/2023\/06\/19\/pulsera-inteligente-huawei-band-8\/"},"author":{"name":"Jeanette","@id":"https:\/\/www.eldiario.net\/portal\/#\/schema\/person\/2c57cf2b7a7ae032e449e4c9b1019eac"},"headline":"Pulsera inteligente HUAWEI Band 8","datePublished":"2023-06-19T10:35:31+00:00","mainEntityOfPage":{"@id":"https:\/\/www.eldiario.net\/portal\/2023\/06\/19\/pulsera-inteligente-huawei-band-8\/"},"wordCount":710,"publisher":{"@id":"https:\/\/www.eldiario.net\/portal\/#organization"},"image":{"@id":"https:\/\/www.eldiario.net\/portal\/2023\/06\/19\/pulsera-inteligente-huawei-band-8\/#primaryimage"},"thumbnailUrl":"https:\/\/www.eldiario.net\/portal\/wp-content\/uploads\/2023\/06\/8-A-1-scaled-1.jpg","articleSection":["Ciencia y Computaci\u00f3n"],"inLanguage":"es"},{"@type":"WebPage","@id":"https:\/\/www.eldiario.net\/portal\/2023\/06\/19\/pulsera-inteligente-huawei-band-8\/","url":"https:\/\/www.eldiario.net\/portal\/2023\/06\/19\/pulsera-inteligente-huawei-band-8\/","name":"Pulsera inteligente HUAWEI Band 8 - El Diario - Bolivia","isPartOf":{"@id":"https:\/\/www.eldiario.net\/portal\/#website"},"primaryImageOfPage":{"@id":"https:\/\/www.eldiario.net\/portal\/2023\/06\/19\/pulsera-inteligente-huawei-band-8\/#primaryimage"},"image":{"@id":"https:\/\/www.eldiario.net\/portal\/2023\/06\/19\/pulsera-inteligente-huawei-band-8\/#primaryimage"},"thumbnailUrl":"https:\/\/www.eldiario.net\/portal\/wp-content\/uploads\/2023\/06\/8-A-1-scaled-1.jpg","datePublished":"2023-06-19T10:35:31+00:00","breadcrumb":{"@id":"https:\/\/www.eldiario.net\/portal\/2023\/06\/19\/pulsera-inteligente-huawei-band-8\/#breadcrumb"},"inLanguage":"es","potentialAction":[{"@type":"ReadAction","target":["https:\/\/www.eldiario.net\/portal\/2023\/06\/19\/pulsera-inteligente-huawei-band-8\/"]}]},{"@type":"ImageObject","inLanguage":"es","@id":"https:\/\/www.eldiario.net\/portal\/2023\/06\/19\/pulsera-inteligente-huawei-band-8\/#primaryimage","url":"https:\/\/www.eldiario.net\/portal\/wp-content\/uploads\/2023\/06\/8-A-1-scaled-1.jpg","contentUrl":"https:\/\/www.eldiario.net\/portal\/wp-content\/uploads\/2023\/06\/8-A-1-scaled-1.jpg","width":2560,"height":1433},{"@type":"BreadcrumbList","@id":"https:\/\/www.eldiario.net\/portal\/2023\/06\/19\/pulsera-inteligente-huawei-band-8\/#breadcrumb","itemListElement":[{"@type":"ListItem","position":1,"name":"Portada","item":"https:\/\/www.eldiario.net\/portal\/"},{"@type":"ListItem","position":2,"name":"Pulsera inteligente HUAWEI Band 8"}]},{"@type":"WebSite","@id":"https:\/\/www.eldiario.net\/portal\/#website","url":"https:\/\/www.eldiario.net\/portal\/","name":"El Diario - Decano de la prensa nacional","description":"El Diario - Decano de la prensa nacional","publisher":{"@id":"https:\/\/www.eldiario.net\/portal\/#organization"},"potentialAction":[{"@type":"SearchAction","target":{"@type":"EntryPoint","urlTemplate":"https:\/\/www.eldiario.net\/portal\/?s={search_term_string}"},"query-input":{"@type":"PropertyValueSpecification","valueRequired":true,"valueName":"search_term_string"}}],"inLanguage":"es"},{"@type":"Organization","@id":"https:\/\/www.eldiario.net\/portal\/#organization","name":"El Diario - Decano de la prensa nacional","url":"https:\/\/www.eldiario.net\/portal\/","logo":{"@type":"ImageObject","inLanguage":"es","@id":"https:\/\/www.eldiario.net\/portal\/#\/schema\/logo\/image\/","url":"https:\/\/www.eldiario.net\/portal\/wp-content\/uploads\/2023\/07\/logo_ED.jpg","contentUrl":"https:\/\/www.eldiario.net\/portal\/wp-content\/uploads\/2023\/07\/logo_ED.jpg","width":272,"height":52,"caption":"El Diario - Decano de la prensa nacional"},"image":{"@id":"https:\/\/www.eldiario.net\/portal\/#\/schema\/logo\/image\/"},"sameAs":["https:\/\/www.facebook.com\/eldiario.bolivia\/","https:\/\/x.com\/eldiario_net"]},{"@type":"Person","@id":"https:\/\/www.eldiario.net\/portal\/#\/schema\/person\/2c57cf2b7a7ae032e449e4c9b1019eac","name":"Jeanette","image":{"@type":"ImageObject","inLanguage":"es","@id":"https:\/\/secure.gravatar.com\/avatar\/3ea2118a5f7dad2b7138b1187a6b7ee55f160b9968b66013c3a3ef39dd7e5798?s=96&d=mm&r=g","url":"https:\/\/secure.gravatar.com\/avatar\/3ea2118a5f7dad2b7138b1187a6b7ee55f160b9968b66013c3a3ef39dd7e5798?s=96&d=mm&r=g","contentUrl":"https:\/\/secure.gravatar.com\/avatar\/3ea2118a5f7dad2b7138b1187a6b7ee55f160b9968b66013c3a3ef39dd7e5798?s=96&d=mm&r=g","caption":"Jeanette"},"sameAs":["https:\/\/www.eldiario.net\/portal"],"url":"https:\/\/www.eldiario.net\/portal\/author\/jeanette\/"}]}},"_links":{"self":[{"href":"https:\/\/www.eldiario.net\/portal\/wp-json\/wp\/v2\/posts\/160866","targetHints":{"allow":["GET"]}}],"collection":[{"href":"https:\/\/www.eldiario.net\/portal\/wp-json\/wp\/v2\/posts"}],"about":[{"href":"https:\/\/www.eldiario.net\/portal\/wp-json\/wp\/v2\/types\/post"}],"author":[{"embeddable":true,"href":"https:\/\/www.eldiario.net\/portal\/wp-json\/wp\/v2\/users\/1"}],"replies":[{"embeddable":true,"href":"https:\/\/www.eldiario.net\/portal\/wp-json\/wp\/v2\/comments?post=160866"}],"version-history":[{"count":0,"href":"https:\/\/www.eldiario.net\/portal\/wp-json\/wp\/v2\/posts\/160866\/revisions"}],"wp:featuredmedia":[{"embeddable":true,"href":"https:\/\/www.eldiario.net\/portal\/wp-json\/wp\/v2\/media\/160867"}],"wp:attachment":[{"href":"https:\/\/www.eldiario.net\/portal\/wp-json\/wp\/v2\/media?parent=160866"}],"wp:term":[{"taxonomy":"category","embeddable":true,"href":"https:\/\/www.eldiario.net\/portal\/wp-json\/wp\/v2\/categories?post=160866"},{"taxonomy":"post_tag","embeddable":true,"href":"https:\/\/www.eldiario.net\/portal\/wp-json\/wp\/v2\/tags?post=160866"}],"curies":[{"name":"wp","href":"https:\/\/api.w.org\/{rel}","templated":true}]}}