{"id":160863,"date":"2023-06-19T06:34:47","date_gmt":"2023-06-19T10:34:47","guid":{"rendered":"https:\/\/www.eldiario.net\/portal\/?p=160863"},"modified":"2023-06-19T06:34:47","modified_gmt":"2023-06-19T10:34:47","slug":"nueva-tendencia-en-ciberseguridad-seguridad-por-diseno-y-por-defecto","status":"publish","type":"post","link":"https:\/\/www.eldiario.net\/portal\/2023\/06\/19\/nueva-tendencia-en-ciberseguridad-seguridad-por-diseno-y-por-defecto\/","title":{"rendered":"Nueva tendencia en ciberseguridad: Seguridad por dise\u00f1o y por defecto"},"content":{"rendered":"<p>La gu\u00eda \u201cShifting the Balance of Cybersecurity Risk: Principles and Approaches for Security-by-Design and -Default\u201d (Cambiar el equilibrio del riesgo de ciberseguridad: principios y enfoques para la seguridad por dise\u00f1o y por defecto) fue publicada recientemente por la Agencia de Seguridad de Infraestructura y Ciberseguridad (CISA), junto con la Agencia de Seguridad Nacional (NSA) de los EE.UU., el FBI y las autoridades de ciberseguridad de Nueva Zelanda, Pa\u00edses Bajos, Alemania, Reino Unido, Canad\u00e1 y Australia. Fue presentada como referencia, especialmente dirigida a los fabricantes de tecnolog\u00eda de la informaci\u00f3n, para incorporar la seguridad desde las primeras etapas del desarrollo de\u00a0software, con el objetivo de entregar productos m\u00e1s seguros a los clientes.\u00a0Fluid Attacks, compa\u00f1\u00eda especializada en realizar pruebas de seguridad integrales y continuas en aplicaciones y otros sistemas inform\u00e1ticos, nos explica la importancia de ejecutar lo sugerido en dicha gu\u00eda.<\/p>\n<p>Felipe G\u00f3mez, Director Regional de Fluid Attacks, se\u00f1ala que \u201cmuchos proveedores de tecnolog\u00eda todav\u00eda est\u00e1n rezagados en lo que respecta a asegurar o proteger los productos que desarrollan y comercializan; incluso se desentienden de esta responsabilidad. Por esta raz\u00f3n, suelen ser los clientes quienes deben responsabilizarse de monitorear su seguridad y de reducir y responder a los riesgos cibern\u00e9ticos. La gu\u00eda a la que nos referimos hace un llamado a los fabricantes de tecnolog\u00eda para que renueven sus programas de dise\u00f1o y desarrollo, y as\u00ed permitan que solamente sean enviados a los clientes productos seguros por dise\u00f1o y por defecto. Estos productos tendr\u00edan la seguridad de los clientes como objetivo fundamental y no requerir\u00edan cambios de configuraci\u00f3n ni pagos adicionales por funciones en pro de la seguridad\u201d.<\/p>\n<p><strong>Seguridad por dise\u00f1o<\/strong><\/p>\n<p>La seguridad por dise\u00f1o implica que los fabricantes reconozcan desde un principio a qu\u00e9 tipo de ciberamenazas se enfrentar\u00e1n sus productos y que en funci\u00f3n de ellas apliquen buenas pr\u00e1cticas de desarrollo e implementen los controles de seguridad necesarios. Esto requiere que la seguridad sea una prioridad empresarial y que se inviertan recursos en caracter\u00edsticas y mecanismos b\u00e1sicos que ubiquen la protecci\u00f3n del cliente por encima de todo. Si bien esto podr\u00eda aumentar los costos en las fases iniciales del ciclo de vida de desarrollo de\u00a0software, a largo plazo se reducir\u00edan los costos de mantenimiento y remediaci\u00f3n de vulnerabilidades.<\/p>\n<p>De acuerdo con la gu\u00eda, para la seguridad por dise\u00f1o es \u00fatil recurrir a publicaciones como la\u00a0\u201cSecure Software Development Framework\u201d de NIST (Instituto Nacional de Est\u00e1ndares y Tecnolog\u00eda)\u00a0que sugieren pr\u00e1cticas que permiten a las empresas identificar, eliminar y prevenir vulnerabilidades de seguridad, as\u00ed como mitigar los riesgos que estas representan. Algunas pr\u00e1cticas recomendadas son las siguientes:<\/p>\n<ul>\n<li>Emplear lenguajes de programaci\u00f3n que gestionan autom\u00e1ticamente la memoria y no requieren que se agregue c\u00f3digo para protegerla, como Java, Ruby o Rust.<\/li>\n<li>Dise\u00f1ar una infraestructura que permita que el sistema en su conjunto no se vea afectado cuando se ve comprometido alg\u00fan control de seguridad.<\/li>\n<li>Adquirir y mantener componentes de\u00a0software\u00a0de terceros seguros.<\/li>\n<li>Generar un inventario detallado de los componentes o recursos utilizados en el\u00a0software\u00a0y sus dependencias.<\/li>\n<li>Requerir la revisi\u00f3n del c\u00f3digo por parte de otros desarrolladores.<\/li>\n<li>Aplicar pruebas de seguridad de aplicaciones est\u00e1ticas y din\u00e1micas (SAST y DAST) para evaluar el c\u00f3digo fuente y el comportamiento del\u00a0software, respectivamente, y detectar configuraciones incorrectas y vulnerabilidades a remediar.<\/li>\n<\/ul>\n<p><strong>Seguridad por defecto<\/strong><\/p>\n<p>En este punto, las agencias de ciberseguridad en su gu\u00eda hacen un llamado a los fabricantes para que suministren productos que los usuarios finales no tengan que esforzarse en proteger contra riesgos conocidos y prevalentes. Por defecto, sus productos deber\u00edan poseer configuraciones suficientemente seguras, como ocurre por ejemplo con los cinturones de seguridad en los autom\u00f3viles nuevos, y sus clientes no tendr\u00edan que pagar sumas de dinero adicionales por otros controles de seguridad.<\/p>\n<p>Adem\u00e1s de las pr\u00e1cticas de seguridad por dise\u00f1o, la gu\u00eda sugiere que los fabricantes de tecnolog\u00eda inform\u00e1tica den prioridad a las configuraciones de seguridad por defecto para su\u00a0software, y proporciona recomendaciones como las siguientes:<\/p>\n<ul>\n<li>Ofrecer productos que requieran establecer contrase\u00f1as s\u00f3lidas durante su instalaci\u00f3n y configuraci\u00f3n, as\u00ed como autenticaci\u00f3n de m\u00faltiples factores para usuarios privilegiados.<\/li>\n<li>Implementar tecnolog\u00eda de inicio de sesi\u00f3n \u00fanico para que los usuarios solo tengan que ingresar sus credenciales una vez para acceder a todos los servicios que tienen permitido utilizar.<\/li>\n<li>Proporcionar un registro de auditor\u00eda de alta calidad, en el que las actividades o incidentes dentro del producto se documenten en detalle.<\/li>\n<li>Entregar recomendaciones sobre controles de acceso o autorizaciones basados en los roles de los usuarios, as\u00ed como advertencias en caso de incumplimiento.<\/li>\n<li>No incluir en los productos caracter\u00edsticas o funciones heredadas compatibles con versiones anteriores.<\/li>\n<\/ul>\n<p>\u201cPara incentivar el cumplimiento de lo estipulado en esta gu\u00eda, las agencias recomiendan a los clientes de fabricantes de\u00a0software, especialmente a sus directivos, comenzar a priorizar la adquisici\u00f3n de productos seguros por dise\u00f1o y por defecto. En Fluid Attacks sabemos que cada vez son m\u00e1s las organizaciones que vinculan su \u00e9xito con la seguridad de los productos y sistemas que desarrollan y\/o usan. Es por esto que, acorde con lo que se expone en la gu\u00eda, recomendamos, tanto para los proveedores como para los consumidores de tecnolog\u00eda inform\u00e1tica, la realizaci\u00f3n de pruebas integrales y continuas de seguridad con t\u00e9cnicas manuales y automatizadas que contribuyan a garantizar que sus productos sean lo suficientemente seguros, representando una m\u00ednima exposici\u00f3n al riesgo\u201d, concluye Felipe G\u00f3mez.<\/p>\n<p>&nbsp;<\/p>\n","protected":false},"excerpt":{"rendered":"<p>La gu\u00eda \u201cShifting the Balance of Cybersecurity Risk: Principles and Approaches for Security-by-Design and -Default\u201d (Cambiar el equilibrio del riesgo de ciberseguridad: principios y enfoques para la seguridad por dise\u00f1o y por defecto) fue publicada recientemente por la Agencia de Seguridad de Infraestructura y Ciberseguridad (CISA), junto con la Agencia de Seguridad Nacional (NSA) de [&hellip;]<\/p>\n","protected":false},"author":1,"featured_media":160864,"comment_status":"closed","ping_status":"closed","sticky":false,"template":"","format":"standard","meta":{"_acf_changed":false,"footnotes":""},"categories":[46],"tags":[],"class_list":["post-160863","post","type-post","status-publish","format-standard","has-post-thumbnail","category-ciencia-computacion"],"acf":{"antetitulo":""},"yoast_head":"<!-- This site is optimized with the Yoast SEO plugin v28.4 - https:\/\/yoast.com\/product\/yoast-seo-wordpress\/ -->\n<title>Nueva tendencia en ciberseguridad: Seguridad por dise\u00f1o y por defecto - El Diario - Bolivia<\/title>\n<meta name=\"robots\" content=\"index, follow, max-snippet:-1, max-image-preview:large, max-video-preview:-1\" \/>\n<link rel=\"canonical\" href=\"https:\/\/www.eldiario.net\/portal\/2023\/06\/19\/nueva-tendencia-en-ciberseguridad-seguridad-por-diseno-y-por-defecto\/\" \/>\n<meta property=\"og:locale\" content=\"es_ES\" \/>\n<meta property=\"og:type\" content=\"article\" \/>\n<meta property=\"og:title\" content=\"Nueva tendencia en ciberseguridad: Seguridad por dise\u00f1o y por defecto - El Diario - Bolivia\" \/>\n<meta property=\"og:description\" content=\"La gu\u00eda \u201cShifting the Balance of Cybersecurity Risk: Principles and Approaches for Security-by-Design and -Default\u201d (Cambiar el equilibrio del riesgo de ciberseguridad: principios y enfoques para la seguridad por dise\u00f1o y por defecto) fue publicada recientemente por la Agencia de Seguridad de Infraestructura y Ciberseguridad (CISA), junto con la Agencia de Seguridad Nacional (NSA) de [&hellip;]\" \/>\n<meta property=\"og:url\" content=\"https:\/\/www.eldiario.net\/portal\/2023\/06\/19\/nueva-tendencia-en-ciberseguridad-seguridad-por-diseno-y-por-defecto\/\" \/>\n<meta property=\"og:site_name\" content=\"El Diario - Bolivia\" \/>\n<meta property=\"article:publisher\" content=\"https:\/\/www.facebook.com\/eldiario.bolivia\/\" \/>\n<meta property=\"article:published_time\" content=\"2023-06-19T10:34:47+00:00\" \/>\n<meta property=\"og:image\" content=\"https:\/\/www.eldiario.net\/portal\/wp-content\/uploads\/2023\/06\/8-B-1.jpg\" \/>\n\t<meta property=\"og:image:width\" content=\"1700\" \/>\n\t<meta property=\"og:image:height\" content=\"1000\" \/>\n\t<meta property=\"og:image:type\" content=\"image\/jpeg\" \/>\n<meta name=\"author\" content=\"Jeanette\" \/>\n<meta name=\"twitter:card\" content=\"summary_large_image\" \/>\n<meta name=\"twitter:creator\" content=\"@eldiario_net\" \/>\n<meta name=\"twitter:site\" content=\"@eldiario_net\" \/>\n<meta name=\"twitter:label1\" content=\"Escrito por\" \/>\n\t<meta name=\"twitter:data1\" content=\"Jeanette\" \/>\n\t<meta name=\"twitter:label2\" content=\"Tiempo de lectura\" \/>\n\t<meta name=\"twitter:data2\" content=\"5 minutos\" \/>\n<script type=\"application\/ld+json\" class=\"yoast-schema-graph\">{\"@context\":\"https:\\\/\\\/schema.org\",\"@graph\":[{\"@type\":\"Article\",\"@id\":\"https:\\\/\\\/www.eldiario.net\\\/portal\\\/2023\\\/06\\\/19\\\/nueva-tendencia-en-ciberseguridad-seguridad-por-diseno-y-por-defecto\\\/#article\",\"isPartOf\":{\"@id\":\"https:\\\/\\\/www.eldiario.net\\\/portal\\\/2023\\\/06\\\/19\\\/nueva-tendencia-en-ciberseguridad-seguridad-por-diseno-y-por-defecto\\\/\"},\"author\":{\"name\":\"Jeanette\",\"@id\":\"https:\\\/\\\/www.eldiario.net\\\/portal\\\/#\\\/schema\\\/person\\\/2c57cf2b7a7ae032e449e4c9b1019eac\"},\"headline\":\"Nueva tendencia en ciberseguridad: Seguridad por dise\u00f1o y por defecto\",\"datePublished\":\"2023-06-19T10:34:47+00:00\",\"mainEntityOfPage\":{\"@id\":\"https:\\\/\\\/www.eldiario.net\\\/portal\\\/2023\\\/06\\\/19\\\/nueva-tendencia-en-ciberseguridad-seguridad-por-diseno-y-por-defecto\\\/\"},\"wordCount\":978,\"publisher\":{\"@id\":\"https:\\\/\\\/www.eldiario.net\\\/portal\\\/#organization\"},\"image\":{\"@id\":\"https:\\\/\\\/www.eldiario.net\\\/portal\\\/2023\\\/06\\\/19\\\/nueva-tendencia-en-ciberseguridad-seguridad-por-diseno-y-por-defecto\\\/#primaryimage\"},\"thumbnailUrl\":\"https:\\\/\\\/www.eldiario.net\\\/portal\\\/wp-content\\\/uploads\\\/2023\\\/06\\\/8-B-1.jpg\",\"articleSection\":[\"Ciencia y Computaci\u00f3n\"],\"inLanguage\":\"es\"},{\"@type\":\"WebPage\",\"@id\":\"https:\\\/\\\/www.eldiario.net\\\/portal\\\/2023\\\/06\\\/19\\\/nueva-tendencia-en-ciberseguridad-seguridad-por-diseno-y-por-defecto\\\/\",\"url\":\"https:\\\/\\\/www.eldiario.net\\\/portal\\\/2023\\\/06\\\/19\\\/nueva-tendencia-en-ciberseguridad-seguridad-por-diseno-y-por-defecto\\\/\",\"name\":\"Nueva tendencia en ciberseguridad: Seguridad por dise\u00f1o y por defecto - El Diario - Bolivia\",\"isPartOf\":{\"@id\":\"https:\\\/\\\/www.eldiario.net\\\/portal\\\/#website\"},\"primaryImageOfPage\":{\"@id\":\"https:\\\/\\\/www.eldiario.net\\\/portal\\\/2023\\\/06\\\/19\\\/nueva-tendencia-en-ciberseguridad-seguridad-por-diseno-y-por-defecto\\\/#primaryimage\"},\"image\":{\"@id\":\"https:\\\/\\\/www.eldiario.net\\\/portal\\\/2023\\\/06\\\/19\\\/nueva-tendencia-en-ciberseguridad-seguridad-por-diseno-y-por-defecto\\\/#primaryimage\"},\"thumbnailUrl\":\"https:\\\/\\\/www.eldiario.net\\\/portal\\\/wp-content\\\/uploads\\\/2023\\\/06\\\/8-B-1.jpg\",\"datePublished\":\"2023-06-19T10:34:47+00:00\",\"breadcrumb\":{\"@id\":\"https:\\\/\\\/www.eldiario.net\\\/portal\\\/2023\\\/06\\\/19\\\/nueva-tendencia-en-ciberseguridad-seguridad-por-diseno-y-por-defecto\\\/#breadcrumb\"},\"inLanguage\":\"es\",\"potentialAction\":[{\"@type\":\"ReadAction\",\"target\":[\"https:\\\/\\\/www.eldiario.net\\\/portal\\\/2023\\\/06\\\/19\\\/nueva-tendencia-en-ciberseguridad-seguridad-por-diseno-y-por-defecto\\\/\"]}]},{\"@type\":\"ImageObject\",\"inLanguage\":\"es\",\"@id\":\"https:\\\/\\\/www.eldiario.net\\\/portal\\\/2023\\\/06\\\/19\\\/nueva-tendencia-en-ciberseguridad-seguridad-por-diseno-y-por-defecto\\\/#primaryimage\",\"url\":\"https:\\\/\\\/www.eldiario.net\\\/portal\\\/wp-content\\\/uploads\\\/2023\\\/06\\\/8-B-1.jpg\",\"contentUrl\":\"https:\\\/\\\/www.eldiario.net\\\/portal\\\/wp-content\\\/uploads\\\/2023\\\/06\\\/8-B-1.jpg\",\"width\":1700,\"height\":1000},{\"@type\":\"BreadcrumbList\",\"@id\":\"https:\\\/\\\/www.eldiario.net\\\/portal\\\/2023\\\/06\\\/19\\\/nueva-tendencia-en-ciberseguridad-seguridad-por-diseno-y-por-defecto\\\/#breadcrumb\",\"itemListElement\":[{\"@type\":\"ListItem\",\"position\":1,\"name\":\"Portada\",\"item\":\"https:\\\/\\\/www.eldiario.net\\\/portal\\\/\"},{\"@type\":\"ListItem\",\"position\":2,\"name\":\"Nueva tendencia en ciberseguridad: Seguridad por dise\u00f1o y por defecto\"}]},{\"@type\":\"WebSite\",\"@id\":\"https:\\\/\\\/www.eldiario.net\\\/portal\\\/#website\",\"url\":\"https:\\\/\\\/www.eldiario.net\\\/portal\\\/\",\"name\":\"El Diario - Decano de la prensa nacional\",\"description\":\"El Diario - Decano de la prensa nacional\",\"publisher\":{\"@id\":\"https:\\\/\\\/www.eldiario.net\\\/portal\\\/#organization\"},\"potentialAction\":[{\"@type\":\"SearchAction\",\"target\":{\"@type\":\"EntryPoint\",\"urlTemplate\":\"https:\\\/\\\/www.eldiario.net\\\/portal\\\/?s={search_term_string}\"},\"query-input\":{\"@type\":\"PropertyValueSpecification\",\"valueRequired\":true,\"valueName\":\"search_term_string\"}}],\"inLanguage\":\"es\"},{\"@type\":\"Organization\",\"@id\":\"https:\\\/\\\/www.eldiario.net\\\/portal\\\/#organization\",\"name\":\"El Diario - Decano de la prensa nacional\",\"url\":\"https:\\\/\\\/www.eldiario.net\\\/portal\\\/\",\"logo\":{\"@type\":\"ImageObject\",\"inLanguage\":\"es\",\"@id\":\"https:\\\/\\\/www.eldiario.net\\\/portal\\\/#\\\/schema\\\/logo\\\/image\\\/\",\"url\":\"https:\\\/\\\/www.eldiario.net\\\/portal\\\/wp-content\\\/uploads\\\/2023\\\/07\\\/logo_ED.jpg\",\"contentUrl\":\"https:\\\/\\\/www.eldiario.net\\\/portal\\\/wp-content\\\/uploads\\\/2023\\\/07\\\/logo_ED.jpg\",\"width\":272,\"height\":52,\"caption\":\"El Diario - Decano de la prensa nacional\"},\"image\":{\"@id\":\"https:\\\/\\\/www.eldiario.net\\\/portal\\\/#\\\/schema\\\/logo\\\/image\\\/\"},\"sameAs\":[\"https:\\\/\\\/www.facebook.com\\\/eldiario.bolivia\\\/\",\"https:\\\/\\\/x.com\\\/eldiario_net\"]},{\"@type\":\"Person\",\"@id\":\"https:\\\/\\\/www.eldiario.net\\\/portal\\\/#\\\/schema\\\/person\\\/2c57cf2b7a7ae032e449e4c9b1019eac\",\"name\":\"Jeanette\",\"image\":{\"@type\":\"ImageObject\",\"inLanguage\":\"es\",\"@id\":\"https:\\\/\\\/secure.gravatar.com\\\/avatar\\\/3ea2118a5f7dad2b7138b1187a6b7ee55f160b9968b66013c3a3ef39dd7e5798?s=96&d=mm&r=g\",\"url\":\"https:\\\/\\\/secure.gravatar.com\\\/avatar\\\/3ea2118a5f7dad2b7138b1187a6b7ee55f160b9968b66013c3a3ef39dd7e5798?s=96&d=mm&r=g\",\"contentUrl\":\"https:\\\/\\\/secure.gravatar.com\\\/avatar\\\/3ea2118a5f7dad2b7138b1187a6b7ee55f160b9968b66013c3a3ef39dd7e5798?s=96&d=mm&r=g\",\"caption\":\"Jeanette\"},\"sameAs\":[\"https:\\\/\\\/www.eldiario.net\\\/portal\"],\"url\":\"https:\\\/\\\/www.eldiario.net\\\/portal\\\/author\\\/jeanette\\\/\"}]}<\/script>\n<!-- \/ Yoast SEO plugin. -->","yoast_head_json":{"title":"Nueva tendencia en ciberseguridad: Seguridad por dise\u00f1o y por defecto - El Diario - Bolivia","robots":{"index":"index","follow":"follow","max-snippet":"max-snippet:-1","max-image-preview":"max-image-preview:large","max-video-preview":"max-video-preview:-1"},"canonical":"https:\/\/www.eldiario.net\/portal\/2023\/06\/19\/nueva-tendencia-en-ciberseguridad-seguridad-por-diseno-y-por-defecto\/","og_locale":"es_ES","og_type":"article","og_title":"Nueva tendencia en ciberseguridad: Seguridad por dise\u00f1o y por defecto - El Diario - Bolivia","og_description":"La gu\u00eda \u201cShifting the Balance of Cybersecurity Risk: Principles and Approaches for Security-by-Design and -Default\u201d (Cambiar el equilibrio del riesgo de ciberseguridad: principios y enfoques para la seguridad por dise\u00f1o y por defecto) fue publicada recientemente por la Agencia de Seguridad de Infraestructura y Ciberseguridad (CISA), junto con la Agencia de Seguridad Nacional (NSA) de [&hellip;]","og_url":"https:\/\/www.eldiario.net\/portal\/2023\/06\/19\/nueva-tendencia-en-ciberseguridad-seguridad-por-diseno-y-por-defecto\/","og_site_name":"El Diario - Bolivia","article_publisher":"https:\/\/www.facebook.com\/eldiario.bolivia\/","article_published_time":"2023-06-19T10:34:47+00:00","og_image":[{"width":1700,"height":1000,"url":"https:\/\/www.eldiario.net\/portal\/wp-content\/uploads\/2023\/06\/8-B-1.jpg","type":"image\/jpeg"}],"author":"Jeanette","twitter_card":"summary_large_image","twitter_creator":"@eldiario_net","twitter_site":"@eldiario_net","twitter_misc":{"Escrito por":"Jeanette","Tiempo de lectura":"5 minutos"},"schema":{"@context":"https:\/\/schema.org","@graph":[{"@type":"Article","@id":"https:\/\/www.eldiario.net\/portal\/2023\/06\/19\/nueva-tendencia-en-ciberseguridad-seguridad-por-diseno-y-por-defecto\/#article","isPartOf":{"@id":"https:\/\/www.eldiario.net\/portal\/2023\/06\/19\/nueva-tendencia-en-ciberseguridad-seguridad-por-diseno-y-por-defecto\/"},"author":{"name":"Jeanette","@id":"https:\/\/www.eldiario.net\/portal\/#\/schema\/person\/2c57cf2b7a7ae032e449e4c9b1019eac"},"headline":"Nueva tendencia en ciberseguridad: Seguridad por dise\u00f1o y por defecto","datePublished":"2023-06-19T10:34:47+00:00","mainEntityOfPage":{"@id":"https:\/\/www.eldiario.net\/portal\/2023\/06\/19\/nueva-tendencia-en-ciberseguridad-seguridad-por-diseno-y-por-defecto\/"},"wordCount":978,"publisher":{"@id":"https:\/\/www.eldiario.net\/portal\/#organization"},"image":{"@id":"https:\/\/www.eldiario.net\/portal\/2023\/06\/19\/nueva-tendencia-en-ciberseguridad-seguridad-por-diseno-y-por-defecto\/#primaryimage"},"thumbnailUrl":"https:\/\/www.eldiario.net\/portal\/wp-content\/uploads\/2023\/06\/8-B-1.jpg","articleSection":["Ciencia y Computaci\u00f3n"],"inLanguage":"es"},{"@type":"WebPage","@id":"https:\/\/www.eldiario.net\/portal\/2023\/06\/19\/nueva-tendencia-en-ciberseguridad-seguridad-por-diseno-y-por-defecto\/","url":"https:\/\/www.eldiario.net\/portal\/2023\/06\/19\/nueva-tendencia-en-ciberseguridad-seguridad-por-diseno-y-por-defecto\/","name":"Nueva tendencia en ciberseguridad: Seguridad por dise\u00f1o y por defecto - El Diario - Bolivia","isPartOf":{"@id":"https:\/\/www.eldiario.net\/portal\/#website"},"primaryImageOfPage":{"@id":"https:\/\/www.eldiario.net\/portal\/2023\/06\/19\/nueva-tendencia-en-ciberseguridad-seguridad-por-diseno-y-por-defecto\/#primaryimage"},"image":{"@id":"https:\/\/www.eldiario.net\/portal\/2023\/06\/19\/nueva-tendencia-en-ciberseguridad-seguridad-por-diseno-y-por-defecto\/#primaryimage"},"thumbnailUrl":"https:\/\/www.eldiario.net\/portal\/wp-content\/uploads\/2023\/06\/8-B-1.jpg","datePublished":"2023-06-19T10:34:47+00:00","breadcrumb":{"@id":"https:\/\/www.eldiario.net\/portal\/2023\/06\/19\/nueva-tendencia-en-ciberseguridad-seguridad-por-diseno-y-por-defecto\/#breadcrumb"},"inLanguage":"es","potentialAction":[{"@type":"ReadAction","target":["https:\/\/www.eldiario.net\/portal\/2023\/06\/19\/nueva-tendencia-en-ciberseguridad-seguridad-por-diseno-y-por-defecto\/"]}]},{"@type":"ImageObject","inLanguage":"es","@id":"https:\/\/www.eldiario.net\/portal\/2023\/06\/19\/nueva-tendencia-en-ciberseguridad-seguridad-por-diseno-y-por-defecto\/#primaryimage","url":"https:\/\/www.eldiario.net\/portal\/wp-content\/uploads\/2023\/06\/8-B-1.jpg","contentUrl":"https:\/\/www.eldiario.net\/portal\/wp-content\/uploads\/2023\/06\/8-B-1.jpg","width":1700,"height":1000},{"@type":"BreadcrumbList","@id":"https:\/\/www.eldiario.net\/portal\/2023\/06\/19\/nueva-tendencia-en-ciberseguridad-seguridad-por-diseno-y-por-defecto\/#breadcrumb","itemListElement":[{"@type":"ListItem","position":1,"name":"Portada","item":"https:\/\/www.eldiario.net\/portal\/"},{"@type":"ListItem","position":2,"name":"Nueva tendencia en ciberseguridad: Seguridad por dise\u00f1o y por defecto"}]},{"@type":"WebSite","@id":"https:\/\/www.eldiario.net\/portal\/#website","url":"https:\/\/www.eldiario.net\/portal\/","name":"El Diario - Decano de la prensa nacional","description":"El Diario - Decano de la prensa nacional","publisher":{"@id":"https:\/\/www.eldiario.net\/portal\/#organization"},"potentialAction":[{"@type":"SearchAction","target":{"@type":"EntryPoint","urlTemplate":"https:\/\/www.eldiario.net\/portal\/?s={search_term_string}"},"query-input":{"@type":"PropertyValueSpecification","valueRequired":true,"valueName":"search_term_string"}}],"inLanguage":"es"},{"@type":"Organization","@id":"https:\/\/www.eldiario.net\/portal\/#organization","name":"El Diario - Decano de la prensa nacional","url":"https:\/\/www.eldiario.net\/portal\/","logo":{"@type":"ImageObject","inLanguage":"es","@id":"https:\/\/www.eldiario.net\/portal\/#\/schema\/logo\/image\/","url":"https:\/\/www.eldiario.net\/portal\/wp-content\/uploads\/2023\/07\/logo_ED.jpg","contentUrl":"https:\/\/www.eldiario.net\/portal\/wp-content\/uploads\/2023\/07\/logo_ED.jpg","width":272,"height":52,"caption":"El Diario - Decano de la prensa nacional"},"image":{"@id":"https:\/\/www.eldiario.net\/portal\/#\/schema\/logo\/image\/"},"sameAs":["https:\/\/www.facebook.com\/eldiario.bolivia\/","https:\/\/x.com\/eldiario_net"]},{"@type":"Person","@id":"https:\/\/www.eldiario.net\/portal\/#\/schema\/person\/2c57cf2b7a7ae032e449e4c9b1019eac","name":"Jeanette","image":{"@type":"ImageObject","inLanguage":"es","@id":"https:\/\/secure.gravatar.com\/avatar\/3ea2118a5f7dad2b7138b1187a6b7ee55f160b9968b66013c3a3ef39dd7e5798?s=96&d=mm&r=g","url":"https:\/\/secure.gravatar.com\/avatar\/3ea2118a5f7dad2b7138b1187a6b7ee55f160b9968b66013c3a3ef39dd7e5798?s=96&d=mm&r=g","contentUrl":"https:\/\/secure.gravatar.com\/avatar\/3ea2118a5f7dad2b7138b1187a6b7ee55f160b9968b66013c3a3ef39dd7e5798?s=96&d=mm&r=g","caption":"Jeanette"},"sameAs":["https:\/\/www.eldiario.net\/portal"],"url":"https:\/\/www.eldiario.net\/portal\/author\/jeanette\/"}]}},"_links":{"self":[{"href":"https:\/\/www.eldiario.net\/portal\/wp-json\/wp\/v2\/posts\/160863","targetHints":{"allow":["GET"]}}],"collection":[{"href":"https:\/\/www.eldiario.net\/portal\/wp-json\/wp\/v2\/posts"}],"about":[{"href":"https:\/\/www.eldiario.net\/portal\/wp-json\/wp\/v2\/types\/post"}],"author":[{"embeddable":true,"href":"https:\/\/www.eldiario.net\/portal\/wp-json\/wp\/v2\/users\/1"}],"replies":[{"embeddable":true,"href":"https:\/\/www.eldiario.net\/portal\/wp-json\/wp\/v2\/comments?post=160863"}],"version-history":[{"count":0,"href":"https:\/\/www.eldiario.net\/portal\/wp-json\/wp\/v2\/posts\/160863\/revisions"}],"wp:featuredmedia":[{"embeddable":true,"href":"https:\/\/www.eldiario.net\/portal\/wp-json\/wp\/v2\/media\/160864"}],"wp:attachment":[{"href":"https:\/\/www.eldiario.net\/portal\/wp-json\/wp\/v2\/media?parent=160863"}],"wp:term":[{"taxonomy":"category","embeddable":true,"href":"https:\/\/www.eldiario.net\/portal\/wp-json\/wp\/v2\/categories?post=160863"},{"taxonomy":"post_tag","embeddable":true,"href":"https:\/\/www.eldiario.net\/portal\/wp-json\/wp\/v2\/tags?post=160863"}],"curies":[{"name":"wp","href":"https:\/\/api.w.org\/{rel}","templated":true}]}}