{"id":160834,"date":"2023-06-19T06:25:53","date_gmt":"2023-06-19T10:25:53","guid":{"rendered":"https:\/\/www.eldiario.net\/portal\/?p=160834"},"modified":"2023-06-19T06:25:53","modified_gmt":"2023-06-19T10:25:53","slug":"el-maestro-tino-lozada-cumplio-90-anos-de-vida","status":"publish","type":"post","link":"https:\/\/www.eldiario.net\/portal\/2023\/06\/19\/el-maestro-tino-lozada-cumplio-90-anos-de-vida\/","title":{"rendered":"El maestro Tino Lozada  cumpli\u00f3 90 a\u00f1os de vida"},"content":{"rendered":"<p>El pasado 11 de junio, el maestro Tino Lozada cumpli\u00f3 nada menos que 90 a\u00f1os de vida, rodeado de sus hijos, nietos y bisnietos. El actor que dio vida al Abuelito Tino y a Johnny Tycons rememor\u00f3 toda una vida entregada al arte. Muchos recuerdan y valoran seguramente a este gran actor por sus aportes a nuestra cultura.<\/p>\n<p>Y hoy nos sumamos a ese merecido homenaje, gracias al m\u00fasico Marcos Tabera, su yerno, quien comparti\u00f3 una breve biograf\u00eda de Lozada, la cual fue enriquecida con algunos fragmentos de la charla que sostuvo con La Gu\u00eda en 2014.<\/p>\n<p>Tino Lozada ingres\u00f3 en 1940 al Colegio Santa Ana, que en esa \u00e9poca era mixto, donde se destac\u00f3 en el arte de la declamaci\u00f3n. Luego pas\u00f3 a la Escuela M\u00e9xico y gracias a su maestro aprendi\u00f3 a fabricar mu\u00f1ecos de papel. Fueron los a\u00f1os decisivos que marcaron su inclinaci\u00f3n a este g\u00e9nero. En 1954, muy joven a\u00fan, empez\u00f3 su carrera como actor e interpret\u00f3 diferentes papeles bajo la direcci\u00f3n del Padre del Teatro Boliviano, Carlos Cervantes. A\u00f1os despu\u00e9s fund\u00f3 la \u201cFamilia P\u00e9rez\u201d junto a sobresalientes artistas, y se destac\u00f3 en el teatro nacional con su inolvidable personaje Johnny Tycons. Radio Illimani, emisora de difusi\u00f3n nacional, le abri\u00f3 sus puertas en 1965. En esas circunstancias nace el personaje <em>El Abuelito Tino<\/em>, con un programa de narraci\u00f3n de cuentos infantiles que se convierte en el referente de los ni\u00f1os. Posteriormente trabaj\u00f3 en radios Armon\u00eda, La Paz, Amauta, Universo y Continental; todas ellas quieren contar en su programaci\u00f3n con el Abuelito Tino. En 1969, a\u00f1o de fundaci\u00f3n de la TV en Bolivia, fue invitado a participar de la programaci\u00f3n de Canal 7 y all\u00ed naci\u00f3 la caracterizaci\u00f3n y concepci\u00f3n del <em>Abuelito<\/em>. A diferencia de la radio, debi\u00f3 mostrarse ante las pantallas, por lo que surge la idea de la barba, el bast\u00f3n (obsequio de su padre) unos peque\u00f1os anteojos, la pipa, un traje oscuro y un maquillaje adecuado, y es as\u00ed como se consolid\u00f3 el famoso personaje <em>El Abuelito Tino.<\/em><\/p>\n<p>Tino Lozada jam\u00e1s se cans\u00f3 de destacar el aporte del <em>Abuelito Tino <\/em>a la televisi\u00f3n nacional y, sobre todo, el apoyo que brind\u00f3 a la ni\u00f1ez talentosa del pa\u00eds.<\/p>\n<p>\u201cHe dejado cultura, por eso me encuentro muy satisfecho, la televisi\u00f3n me ha dado popularidad, amor y el cari\u00f1o de los ni\u00f1os, que ahora ya son pap\u00e1s o abuelos\u201d, afirm\u00f3 a La Gu\u00eda.<\/p>\n<p>El reconocido actor, quien llev\u00f3 a miles de ni\u00f1os de la mano de la ternura del <em>Abuelito Tino<\/em> y transmiti\u00f3 toda la sabidur\u00eda que brotaban de sus palabras, coment\u00f3: \u201cDe mi programa han surgido grandes personalidades, como C\u00e9sar Galindo, \u00e9l por ejemplo se present\u00f3 en el programa a sus tres a\u00f1os; John Arandia, las hermanas Ponce (Sonia y Norma) que ahora son de la orquesta Ch\u00e9vere, MIlenka Pe\u00f1a que est\u00e1 lejos, es productora en Chicago (EEUU) y mucha m\u00e1s gente que ha participado cuando la televisi\u00f3n era en blanco y negro en canal 7, y ahora ya son grandes profesionales. Tengo esa satisfacci\u00f3n y hay un buen dicho: <em>Caminante no hay camino, se hace camino al andar, la vida no est\u00e1 hecha, cada uno se la hace<\/em>\u201d.<\/p>\n<p>\u201cEl Abuelito Tino era un personaje tierno y m\u00e1s familiar, a quien los ni\u00f1os le hac\u00edan caso porque era palabra mayor en pantallas para educarlos y formarlos\u201d, resalt\u00f3.<\/p>\n<p>Respecto a las ocurrencias de Jhony Taicons, Lozada dijo: \u201cEste personaje me ha dado la alegr\u00eda y satisfacci\u00f3n de llevarlo al teatro, fue la representaci\u00f3n del pueblo. Antes se llamaba Juan Ticona, luego Jhony Ticona, ya super\u00e1ndose, \u00bfno?, y al final se qued\u00f3 con Jhony Taicons, un personaje que hac\u00eda re\u00edr y dejaba mensajes en todas sus comedias de teatro\u201d.<\/p>\n<p>\u201cJhonny Ticona fue un personaje creado por m\u00ed, atrevido por momentos, pero siempre respetuoso y que hablaba con propiedad, quien poco a poco fue cambiando, moderniz\u00e1ndose, hasta llegar a ser Jhonny Ticons. Este personaje ha tenido mucho \u00e9xito haciendo las parodias de Michael Jackson, Vicente Fern\u00e1ndez y otros cantantes\u201d, evoc\u00f3.<\/p>\n<p>&nbsp;<\/p>\n<div id='gallery-1' class='gallery galleryid-160834 gallery-columns-3 gallery-size-medium'><figure class='gallery-item'>\n\t\t\t<div class='gallery-icon landscape'>\n\t\t\t\t<a href='https:\/\/www.eldiario.net\/portal\/2023\/06\/19\/el-maestro-tino-lozada-cumplio-90-anos-de-vida\/tino-3\/'><img loading=\"lazy\" decoding=\"async\" width=\"300\" height=\"225\" src=\"https:\/\/www.eldiario.net\/portal\/wp-content\/uploads\/2023\/06\/Tino-3-300x225.jpg\" class=\"attachment-medium size-medium\" alt=\"\" srcset=\"https:\/\/www.eldiario.net\/portal\/wp-content\/uploads\/2023\/06\/Tino-3-300x225.jpg 300w, https:\/\/www.eldiario.net\/portal\/wp-content\/uploads\/2023\/06\/Tino-3-768x576.jpg 768w, https:\/\/www.eldiario.net\/portal\/wp-content\/uploads\/2023\/06\/Tino-3-696x522.jpg 696w, https:\/\/www.eldiario.net\/portal\/wp-content\/uploads\/2023\/06\/Tino-3.jpg 1001w\" sizes=\"auto, (max-width: 300px) 100vw, 300px\" \/><\/a>\n\t\t\t<\/div><\/figure><figure class='gallery-item'>\n\t\t\t<div class='gallery-icon portrait'>\n\t\t\t\t<a href='https:\/\/www.eldiario.net\/portal\/2023\/06\/19\/el-maestro-tino-lozada-cumplio-90-anos-de-vida\/tino-4\/'><img loading=\"lazy\" decoding=\"async\" width=\"198\" height=\"300\" src=\"https:\/\/www.eldiario.net\/portal\/wp-content\/uploads\/2023\/06\/Tino-4-198x300.jpg\" class=\"attachment-medium size-medium\" alt=\"\" srcset=\"https:\/\/www.eldiario.net\/portal\/wp-content\/uploads\/2023\/06\/Tino-4-198x300.jpg 198w, https:\/\/www.eldiario.net\/portal\/wp-content\/uploads\/2023\/06\/Tino-4-675x1024.jpg 675w, https:\/\/www.eldiario.net\/portal\/wp-content\/uploads\/2023\/06\/Tino-4-768x1165.jpg 768w, https:\/\/www.eldiario.net\/portal\/wp-content\/uploads\/2023\/06\/Tino-4-696x1056.jpg 696w, https:\/\/www.eldiario.net\/portal\/wp-content\/uploads\/2023\/06\/Tino-4.jpg 1001w\" sizes=\"auto, (max-width: 198px) 100vw, 198px\" \/><\/a>\n\t\t\t<\/div><\/figure><figure class='gallery-item'>\n\t\t\t<div class='gallery-icon portrait'>\n\t\t\t\t<a href='https:\/\/www.eldiario.net\/portal\/2023\/06\/19\/el-maestro-tino-lozada-cumplio-90-anos-de-vida\/tino-5\/'><img loading=\"lazy\" decoding=\"async\" width=\"230\" height=\"300\" src=\"https:\/\/www.eldiario.net\/portal\/wp-content\/uploads\/2023\/06\/Tino-5-230x300.jpg\" class=\"attachment-medium size-medium\" alt=\"\" srcset=\"https:\/\/www.eldiario.net\/portal\/wp-content\/uploads\/2023\/06\/Tino-5-230x300.jpg 230w, https:\/\/www.eldiario.net\/portal\/wp-content\/uploads\/2023\/06\/Tino-5-785x1024.jpg 785w, https:\/\/www.eldiario.net\/portal\/wp-content\/uploads\/2023\/06\/Tino-5-768x1002.jpg 768w, https:\/\/www.eldiario.net\/portal\/wp-content\/uploads\/2023\/06\/Tino-5-696x908.jpg 696w, https:\/\/www.eldiario.net\/portal\/wp-content\/uploads\/2023\/06\/Tino-5.jpg 1001w\" sizes=\"auto, (max-width: 230px) 100vw, 230px\" \/><\/a>\n\t\t\t<\/div><\/figure><figure class='gallery-item'>\n\t\t\t<div class='gallery-icon landscape'>\n\t\t\t\t<a href='https:\/\/www.eldiario.net\/portal\/2023\/06\/19\/el-maestro-tino-lozada-cumplio-90-anos-de-vida\/tino-lozada-1-principal\/'><img loading=\"lazy\" decoding=\"async\" width=\"300\" height=\"225\" src=\"https:\/\/www.eldiario.net\/portal\/wp-content\/uploads\/2023\/06\/tino-lozada-1-PRINCIPAL-300x225.jpg\" class=\"attachment-medium size-medium\" alt=\"\" srcset=\"https:\/\/www.eldiario.net\/portal\/wp-content\/uploads\/2023\/06\/tino-lozada-1-PRINCIPAL-300x225.jpg 300w, https:\/\/www.eldiario.net\/portal\/wp-content\/uploads\/2023\/06\/tino-lozada-1-PRINCIPAL-768x576.jpg 768w, https:\/\/www.eldiario.net\/portal\/wp-content\/uploads\/2023\/06\/tino-lozada-1-PRINCIPAL-696x522.jpg 696w, https:\/\/www.eldiario.net\/portal\/wp-content\/uploads\/2023\/06\/tino-lozada-1-PRINCIPAL.jpg 1024w\" sizes=\"auto, (max-width: 300px) 100vw, 300px\" \/><\/a>\n\t\t\t<\/div><\/figure><figure class='gallery-item'>\n\t\t\t<div class='gallery-icon portrait'>\n\t\t\t\t<a href='https:\/\/www.eldiario.net\/portal\/2023\/06\/19\/el-maestro-tino-lozada-cumplio-90-anos-de-vida\/tino-lozada-2\/'><img loading=\"lazy\" decoding=\"async\" width=\"169\" height=\"300\" src=\"https:\/\/www.eldiario.net\/portal\/wp-content\/uploads\/2023\/06\/tino-lozada-2-169x300.jpg\" class=\"attachment-medium size-medium\" alt=\"\" srcset=\"https:\/\/www.eldiario.net\/portal\/wp-content\/uploads\/2023\/06\/tino-lozada-2-169x300.jpg 169w, https:\/\/www.eldiario.net\/portal\/wp-content\/uploads\/2023\/06\/tino-lozada-2.jpg 576w\" sizes=\"auto, (max-width: 169px) 100vw, 169px\" \/><\/a>\n\t\t\t<\/div><\/figure>\n\t\t<\/div>\n\n","protected":false},"excerpt":{"rendered":"<p>El pasado 11 de junio, el maestro Tino Lozada cumpli\u00f3 nada menos que 90 a\u00f1os de vida, rodeado de sus hijos, nietos y bisnietos. El actor que dio vida al Abuelito Tino y a Johnny Tycons rememor\u00f3 toda una vida entregada al arte. Muchos recuerdan y valoran seguramente a este gran actor por sus aportes [&hellip;]<\/p>\n","protected":false},"author":1,"featured_media":160838,"comment_status":"closed","ping_status":"closed","sticky":false,"template":"","format":"standard","meta":{"_acf_changed":false,"footnotes":""},"categories":[41],"tags":[],"class_list":["post-160834","post","type-post","status-publish","format-standard","has-post-thumbnail","category-la-guia"],"acf":{"antetitulo":""},"yoast_head":"<!-- This site is optimized with the Yoast SEO plugin v28.4 - https:\/\/yoast.com\/product\/yoast-seo-wordpress\/ -->\n<title>El maestro Tino Lozada cumpli\u00f3 90 a\u00f1os de vida - El Diario - Bolivia<\/title>\n<meta name=\"robots\" content=\"index, follow, max-snippet:-1, max-image-preview:large, max-video-preview:-1\" \/>\n<link rel=\"canonical\" href=\"https:\/\/www.eldiario.net\/portal\/2023\/06\/19\/el-maestro-tino-lozada-cumplio-90-anos-de-vida\/\" \/>\n<meta property=\"og:locale\" content=\"es_ES\" \/>\n<meta property=\"og:type\" content=\"article\" \/>\n<meta property=\"og:title\" content=\"El maestro Tino Lozada cumpli\u00f3 90 a\u00f1os de vida - El Diario - Bolivia\" \/>\n<meta property=\"og:description\" content=\"El pasado 11 de junio, el maestro Tino Lozada cumpli\u00f3 nada menos que 90 a\u00f1os de vida, rodeado de sus hijos, nietos y bisnietos. El actor que dio vida al Abuelito Tino y a Johnny Tycons rememor\u00f3 toda una vida entregada al arte. Muchos recuerdan y valoran seguramente a este gran actor por sus aportes [&hellip;]\" \/>\n<meta property=\"og:url\" content=\"https:\/\/www.eldiario.net\/portal\/2023\/06\/19\/el-maestro-tino-lozada-cumplio-90-anos-de-vida\/\" \/>\n<meta property=\"og:site_name\" content=\"El Diario - Bolivia\" \/>\n<meta property=\"article:publisher\" content=\"https:\/\/www.facebook.com\/eldiario.bolivia\/\" \/>\n<meta property=\"article:published_time\" content=\"2023-06-19T10:25:53+00:00\" \/>\n<meta property=\"og:image\" content=\"https:\/\/www.eldiario.net\/portal\/wp-content\/uploads\/2023\/06\/tino-lozada-1-PRINCIPAL.jpg\" \/>\n\t<meta property=\"og:image:width\" content=\"1024\" \/>\n\t<meta property=\"og:image:height\" content=\"768\" \/>\n\t<meta property=\"og:image:type\" content=\"image\/jpeg\" \/>\n<meta name=\"author\" content=\"Jeanette\" \/>\n<meta name=\"twitter:card\" content=\"summary_large_image\" \/>\n<meta name=\"twitter:creator\" content=\"@eldiario_net\" \/>\n<meta name=\"twitter:site\" content=\"@eldiario_net\" \/>\n<meta name=\"twitter:label1\" content=\"Escrito por\" \/>\n\t<meta name=\"twitter:data1\" content=\"Jeanette\" \/>\n\t<meta name=\"twitter:label2\" content=\"Tiempo de lectura\" \/>\n\t<meta name=\"twitter:data2\" content=\"4 minutos\" \/>\n<script type=\"application\/ld+json\" class=\"yoast-schema-graph\">{\"@context\":\"https:\\\/\\\/schema.org\",\"@graph\":[{\"@type\":\"Article\",\"@id\":\"https:\\\/\\\/www.eldiario.net\\\/portal\\\/2023\\\/06\\\/19\\\/el-maestro-tino-lozada-cumplio-90-anos-de-vida\\\/#article\",\"isPartOf\":{\"@id\":\"https:\\\/\\\/www.eldiario.net\\\/portal\\\/2023\\\/06\\\/19\\\/el-maestro-tino-lozada-cumplio-90-anos-de-vida\\\/\"},\"author\":{\"name\":\"Jeanette\",\"@id\":\"https:\\\/\\\/www.eldiario.net\\\/portal\\\/#\\\/schema\\\/person\\\/2c57cf2b7a7ae032e449e4c9b1019eac\"},\"headline\":\"El maestro Tino Lozada cumpli\u00f3 90 a\u00f1os de vida\",\"datePublished\":\"2023-06-19T10:25:53+00:00\",\"mainEntityOfPage\":{\"@id\":\"https:\\\/\\\/www.eldiario.net\\\/portal\\\/2023\\\/06\\\/19\\\/el-maestro-tino-lozada-cumplio-90-anos-de-vida\\\/\"},\"wordCount\":722,\"publisher\":{\"@id\":\"https:\\\/\\\/www.eldiario.net\\\/portal\\\/#organization\"},\"image\":{\"@id\":\"https:\\\/\\\/www.eldiario.net\\\/portal\\\/2023\\\/06\\\/19\\\/el-maestro-tino-lozada-cumplio-90-anos-de-vida\\\/#primaryimage\"},\"thumbnailUrl\":\"https:\\\/\\\/www.eldiario.net\\\/portal\\\/wp-content\\\/uploads\\\/2023\\\/06\\\/tino-lozada-1-PRINCIPAL.jpg\",\"articleSection\":[\"La Gu\u00eda\"],\"inLanguage\":\"es\"},{\"@type\":\"WebPage\",\"@id\":\"https:\\\/\\\/www.eldiario.net\\\/portal\\\/2023\\\/06\\\/19\\\/el-maestro-tino-lozada-cumplio-90-anos-de-vida\\\/\",\"url\":\"https:\\\/\\\/www.eldiario.net\\\/portal\\\/2023\\\/06\\\/19\\\/el-maestro-tino-lozada-cumplio-90-anos-de-vida\\\/\",\"name\":\"El maestro Tino Lozada cumpli\u00f3 90 a\u00f1os de vida - El Diario - Bolivia\",\"isPartOf\":{\"@id\":\"https:\\\/\\\/www.eldiario.net\\\/portal\\\/#website\"},\"primaryImageOfPage\":{\"@id\":\"https:\\\/\\\/www.eldiario.net\\\/portal\\\/2023\\\/06\\\/19\\\/el-maestro-tino-lozada-cumplio-90-anos-de-vida\\\/#primaryimage\"},\"image\":{\"@id\":\"https:\\\/\\\/www.eldiario.net\\\/portal\\\/2023\\\/06\\\/19\\\/el-maestro-tino-lozada-cumplio-90-anos-de-vida\\\/#primaryimage\"},\"thumbnailUrl\":\"https:\\\/\\\/www.eldiario.net\\\/portal\\\/wp-content\\\/uploads\\\/2023\\\/06\\\/tino-lozada-1-PRINCIPAL.jpg\",\"datePublished\":\"2023-06-19T10:25:53+00:00\",\"breadcrumb\":{\"@id\":\"https:\\\/\\\/www.eldiario.net\\\/portal\\\/2023\\\/06\\\/19\\\/el-maestro-tino-lozada-cumplio-90-anos-de-vida\\\/#breadcrumb\"},\"inLanguage\":\"es\",\"potentialAction\":[{\"@type\":\"ReadAction\",\"target\":[\"https:\\\/\\\/www.eldiario.net\\\/portal\\\/2023\\\/06\\\/19\\\/el-maestro-tino-lozada-cumplio-90-anos-de-vida\\\/\"]}]},{\"@type\":\"ImageObject\",\"inLanguage\":\"es\",\"@id\":\"https:\\\/\\\/www.eldiario.net\\\/portal\\\/2023\\\/06\\\/19\\\/el-maestro-tino-lozada-cumplio-90-anos-de-vida\\\/#primaryimage\",\"url\":\"https:\\\/\\\/www.eldiario.net\\\/portal\\\/wp-content\\\/uploads\\\/2023\\\/06\\\/tino-lozada-1-PRINCIPAL.jpg\",\"contentUrl\":\"https:\\\/\\\/www.eldiario.net\\\/portal\\\/wp-content\\\/uploads\\\/2023\\\/06\\\/tino-lozada-1-PRINCIPAL.jpg\",\"width\":1024,\"height\":768},{\"@type\":\"BreadcrumbList\",\"@id\":\"https:\\\/\\\/www.eldiario.net\\\/portal\\\/2023\\\/06\\\/19\\\/el-maestro-tino-lozada-cumplio-90-anos-de-vida\\\/#breadcrumb\",\"itemListElement\":[{\"@type\":\"ListItem\",\"position\":1,\"name\":\"Portada\",\"item\":\"https:\\\/\\\/www.eldiario.net\\\/portal\\\/\"},{\"@type\":\"ListItem\",\"position\":2,\"name\":\"El maestro Tino Lozada cumpli\u00f3 90 a\u00f1os de vida\"}]},{\"@type\":\"WebSite\",\"@id\":\"https:\\\/\\\/www.eldiario.net\\\/portal\\\/#website\",\"url\":\"https:\\\/\\\/www.eldiario.net\\\/portal\\\/\",\"name\":\"El Diario - Decano de la prensa nacional\",\"description\":\"El Diario - Decano de la prensa nacional\",\"publisher\":{\"@id\":\"https:\\\/\\\/www.eldiario.net\\\/portal\\\/#organization\"},\"potentialAction\":[{\"@type\":\"SearchAction\",\"target\":{\"@type\":\"EntryPoint\",\"urlTemplate\":\"https:\\\/\\\/www.eldiario.net\\\/portal\\\/?s={search_term_string}\"},\"query-input\":{\"@type\":\"PropertyValueSpecification\",\"valueRequired\":true,\"valueName\":\"search_term_string\"}}],\"inLanguage\":\"es\"},{\"@type\":\"Organization\",\"@id\":\"https:\\\/\\\/www.eldiario.net\\\/portal\\\/#organization\",\"name\":\"El Diario - Decano de la prensa nacional\",\"url\":\"https:\\\/\\\/www.eldiario.net\\\/portal\\\/\",\"logo\":{\"@type\":\"ImageObject\",\"inLanguage\":\"es\",\"@id\":\"https:\\\/\\\/www.eldiario.net\\\/portal\\\/#\\\/schema\\\/logo\\\/image\\\/\",\"url\":\"https:\\\/\\\/www.eldiario.net\\\/portal\\\/wp-content\\\/uploads\\\/2023\\\/07\\\/logo_ED.jpg\",\"contentUrl\":\"https:\\\/\\\/www.eldiario.net\\\/portal\\\/wp-content\\\/uploads\\\/2023\\\/07\\\/logo_ED.jpg\",\"width\":272,\"height\":52,\"caption\":\"El Diario - Decano de la prensa nacional\"},\"image\":{\"@id\":\"https:\\\/\\\/www.eldiario.net\\\/portal\\\/#\\\/schema\\\/logo\\\/image\\\/\"},\"sameAs\":[\"https:\\\/\\\/www.facebook.com\\\/eldiario.bolivia\\\/\",\"https:\\\/\\\/x.com\\\/eldiario_net\"]},{\"@type\":\"Person\",\"@id\":\"https:\\\/\\\/www.eldiario.net\\\/portal\\\/#\\\/schema\\\/person\\\/2c57cf2b7a7ae032e449e4c9b1019eac\",\"name\":\"Jeanette\",\"image\":{\"@type\":\"ImageObject\",\"inLanguage\":\"es\",\"@id\":\"https:\\\/\\\/secure.gravatar.com\\\/avatar\\\/3ea2118a5f7dad2b7138b1187a6b7ee55f160b9968b66013c3a3ef39dd7e5798?s=96&d=mm&r=g\",\"url\":\"https:\\\/\\\/secure.gravatar.com\\\/avatar\\\/3ea2118a5f7dad2b7138b1187a6b7ee55f160b9968b66013c3a3ef39dd7e5798?s=96&d=mm&r=g\",\"contentUrl\":\"https:\\\/\\\/secure.gravatar.com\\\/avatar\\\/3ea2118a5f7dad2b7138b1187a6b7ee55f160b9968b66013c3a3ef39dd7e5798?s=96&d=mm&r=g\",\"caption\":\"Jeanette\"},\"sameAs\":[\"https:\\\/\\\/www.eldiario.net\\\/portal\"],\"url\":\"https:\\\/\\\/www.eldiario.net\\\/portal\\\/author\\\/jeanette\\\/\"}]}<\/script>\n<!-- \/ Yoast SEO plugin. -->","yoast_head_json":{"title":"El maestro Tino Lozada cumpli\u00f3 90 a\u00f1os de vida - El Diario - Bolivia","robots":{"index":"index","follow":"follow","max-snippet":"max-snippet:-1","max-image-preview":"max-image-preview:large","max-video-preview":"max-video-preview:-1"},"canonical":"https:\/\/www.eldiario.net\/portal\/2023\/06\/19\/el-maestro-tino-lozada-cumplio-90-anos-de-vida\/","og_locale":"es_ES","og_type":"article","og_title":"El maestro Tino Lozada cumpli\u00f3 90 a\u00f1os de vida - El Diario - Bolivia","og_description":"El pasado 11 de junio, el maestro Tino Lozada cumpli\u00f3 nada menos que 90 a\u00f1os de vida, rodeado de sus hijos, nietos y bisnietos. El actor que dio vida al Abuelito Tino y a Johnny Tycons rememor\u00f3 toda una vida entregada al arte. Muchos recuerdan y valoran seguramente a este gran actor por sus aportes [&hellip;]","og_url":"https:\/\/www.eldiario.net\/portal\/2023\/06\/19\/el-maestro-tino-lozada-cumplio-90-anos-de-vida\/","og_site_name":"El Diario - Bolivia","article_publisher":"https:\/\/www.facebook.com\/eldiario.bolivia\/","article_published_time":"2023-06-19T10:25:53+00:00","og_image":[{"width":1024,"height":768,"url":"https:\/\/www.eldiario.net\/portal\/wp-content\/uploads\/2023\/06\/tino-lozada-1-PRINCIPAL.jpg","type":"image\/jpeg"}],"author":"Jeanette","twitter_card":"summary_large_image","twitter_creator":"@eldiario_net","twitter_site":"@eldiario_net","twitter_misc":{"Escrito por":"Jeanette","Tiempo de lectura":"4 minutos"},"schema":{"@context":"https:\/\/schema.org","@graph":[{"@type":"Article","@id":"https:\/\/www.eldiario.net\/portal\/2023\/06\/19\/el-maestro-tino-lozada-cumplio-90-anos-de-vida\/#article","isPartOf":{"@id":"https:\/\/www.eldiario.net\/portal\/2023\/06\/19\/el-maestro-tino-lozada-cumplio-90-anos-de-vida\/"},"author":{"name":"Jeanette","@id":"https:\/\/www.eldiario.net\/portal\/#\/schema\/person\/2c57cf2b7a7ae032e449e4c9b1019eac"},"headline":"El maestro Tino Lozada cumpli\u00f3 90 a\u00f1os de vida","datePublished":"2023-06-19T10:25:53+00:00","mainEntityOfPage":{"@id":"https:\/\/www.eldiario.net\/portal\/2023\/06\/19\/el-maestro-tino-lozada-cumplio-90-anos-de-vida\/"},"wordCount":722,"publisher":{"@id":"https:\/\/www.eldiario.net\/portal\/#organization"},"image":{"@id":"https:\/\/www.eldiario.net\/portal\/2023\/06\/19\/el-maestro-tino-lozada-cumplio-90-anos-de-vida\/#primaryimage"},"thumbnailUrl":"https:\/\/www.eldiario.net\/portal\/wp-content\/uploads\/2023\/06\/tino-lozada-1-PRINCIPAL.jpg","articleSection":["La Gu\u00eda"],"inLanguage":"es"},{"@type":"WebPage","@id":"https:\/\/www.eldiario.net\/portal\/2023\/06\/19\/el-maestro-tino-lozada-cumplio-90-anos-de-vida\/","url":"https:\/\/www.eldiario.net\/portal\/2023\/06\/19\/el-maestro-tino-lozada-cumplio-90-anos-de-vida\/","name":"El maestro Tino Lozada cumpli\u00f3 90 a\u00f1os de vida - El Diario - Bolivia","isPartOf":{"@id":"https:\/\/www.eldiario.net\/portal\/#website"},"primaryImageOfPage":{"@id":"https:\/\/www.eldiario.net\/portal\/2023\/06\/19\/el-maestro-tino-lozada-cumplio-90-anos-de-vida\/#primaryimage"},"image":{"@id":"https:\/\/www.eldiario.net\/portal\/2023\/06\/19\/el-maestro-tino-lozada-cumplio-90-anos-de-vida\/#primaryimage"},"thumbnailUrl":"https:\/\/www.eldiario.net\/portal\/wp-content\/uploads\/2023\/06\/tino-lozada-1-PRINCIPAL.jpg","datePublished":"2023-06-19T10:25:53+00:00","breadcrumb":{"@id":"https:\/\/www.eldiario.net\/portal\/2023\/06\/19\/el-maestro-tino-lozada-cumplio-90-anos-de-vida\/#breadcrumb"},"inLanguage":"es","potentialAction":[{"@type":"ReadAction","target":["https:\/\/www.eldiario.net\/portal\/2023\/06\/19\/el-maestro-tino-lozada-cumplio-90-anos-de-vida\/"]}]},{"@type":"ImageObject","inLanguage":"es","@id":"https:\/\/www.eldiario.net\/portal\/2023\/06\/19\/el-maestro-tino-lozada-cumplio-90-anos-de-vida\/#primaryimage","url":"https:\/\/www.eldiario.net\/portal\/wp-content\/uploads\/2023\/06\/tino-lozada-1-PRINCIPAL.jpg","contentUrl":"https:\/\/www.eldiario.net\/portal\/wp-content\/uploads\/2023\/06\/tino-lozada-1-PRINCIPAL.jpg","width":1024,"height":768},{"@type":"BreadcrumbList","@id":"https:\/\/www.eldiario.net\/portal\/2023\/06\/19\/el-maestro-tino-lozada-cumplio-90-anos-de-vida\/#breadcrumb","itemListElement":[{"@type":"ListItem","position":1,"name":"Portada","item":"https:\/\/www.eldiario.net\/portal\/"},{"@type":"ListItem","position":2,"name":"El maestro Tino Lozada cumpli\u00f3 90 a\u00f1os de vida"}]},{"@type":"WebSite","@id":"https:\/\/www.eldiario.net\/portal\/#website","url":"https:\/\/www.eldiario.net\/portal\/","name":"El Diario - Decano de la prensa nacional","description":"El Diario - Decano de la prensa nacional","publisher":{"@id":"https:\/\/www.eldiario.net\/portal\/#organization"},"potentialAction":[{"@type":"SearchAction","target":{"@type":"EntryPoint","urlTemplate":"https:\/\/www.eldiario.net\/portal\/?s={search_term_string}"},"query-input":{"@type":"PropertyValueSpecification","valueRequired":true,"valueName":"search_term_string"}}],"inLanguage":"es"},{"@type":"Organization","@id":"https:\/\/www.eldiario.net\/portal\/#organization","name":"El Diario - Decano de la prensa nacional","url":"https:\/\/www.eldiario.net\/portal\/","logo":{"@type":"ImageObject","inLanguage":"es","@id":"https:\/\/www.eldiario.net\/portal\/#\/schema\/logo\/image\/","url":"https:\/\/www.eldiario.net\/portal\/wp-content\/uploads\/2023\/07\/logo_ED.jpg","contentUrl":"https:\/\/www.eldiario.net\/portal\/wp-content\/uploads\/2023\/07\/logo_ED.jpg","width":272,"height":52,"caption":"El Diario - Decano de la prensa nacional"},"image":{"@id":"https:\/\/www.eldiario.net\/portal\/#\/schema\/logo\/image\/"},"sameAs":["https:\/\/www.facebook.com\/eldiario.bolivia\/","https:\/\/x.com\/eldiario_net"]},{"@type":"Person","@id":"https:\/\/www.eldiario.net\/portal\/#\/schema\/person\/2c57cf2b7a7ae032e449e4c9b1019eac","name":"Jeanette","image":{"@type":"ImageObject","inLanguage":"es","@id":"https:\/\/secure.gravatar.com\/avatar\/3ea2118a5f7dad2b7138b1187a6b7ee55f160b9968b66013c3a3ef39dd7e5798?s=96&d=mm&r=g","url":"https:\/\/secure.gravatar.com\/avatar\/3ea2118a5f7dad2b7138b1187a6b7ee55f160b9968b66013c3a3ef39dd7e5798?s=96&d=mm&r=g","contentUrl":"https:\/\/secure.gravatar.com\/avatar\/3ea2118a5f7dad2b7138b1187a6b7ee55f160b9968b66013c3a3ef39dd7e5798?s=96&d=mm&r=g","caption":"Jeanette"},"sameAs":["https:\/\/www.eldiario.net\/portal"],"url":"https:\/\/www.eldiario.net\/portal\/author\/jeanette\/"}]}},"_links":{"self":[{"href":"https:\/\/www.eldiario.net\/portal\/wp-json\/wp\/v2\/posts\/160834","targetHints":{"allow":["GET"]}}],"collection":[{"href":"https:\/\/www.eldiario.net\/portal\/wp-json\/wp\/v2\/posts"}],"about":[{"href":"https:\/\/www.eldiario.net\/portal\/wp-json\/wp\/v2\/types\/post"}],"author":[{"embeddable":true,"href":"https:\/\/www.eldiario.net\/portal\/wp-json\/wp\/v2\/users\/1"}],"replies":[{"embeddable":true,"href":"https:\/\/www.eldiario.net\/portal\/wp-json\/wp\/v2\/comments?post=160834"}],"version-history":[{"count":0,"href":"https:\/\/www.eldiario.net\/portal\/wp-json\/wp\/v2\/posts\/160834\/revisions"}],"wp:featuredmedia":[{"embeddable":true,"href":"https:\/\/www.eldiario.net\/portal\/wp-json\/wp\/v2\/media\/160838"}],"wp:attachment":[{"href":"https:\/\/www.eldiario.net\/portal\/wp-json\/wp\/v2\/media?parent=160834"}],"wp:term":[{"taxonomy":"category","embeddable":true,"href":"https:\/\/www.eldiario.net\/portal\/wp-json\/wp\/v2\/categories?post=160834"},{"taxonomy":"post_tag","embeddable":true,"href":"https:\/\/www.eldiario.net\/portal\/wp-json\/wp\/v2\/tags?post=160834"}],"curies":[{"name":"wp","href":"https:\/\/api.w.org\/{rel}","templated":true}]}}