{"id":160831,"date":"2023-06-19T06:21:07","date_gmt":"2023-06-19T10:21:07","guid":{"rendered":"https:\/\/www.eldiario.net\/portal\/?p=160831"},"modified":"2023-06-19T06:21:07","modified_gmt":"2023-06-19T10:21:07","slug":"muy-feliz-de-dejar-a-bolivia-tan-alto","status":"publish","type":"post","link":"https:\/\/www.eldiario.net\/portal\/2023\/06\/19\/muy-feliz-de-dejar-a-bolivia-tan-alto\/","title":{"rendered":"\u00abMuy feliz de dejar a Bolivia tan alto\u00bb"},"content":{"rendered":"<p>Convencido en que vive un gran momento y con todas las ganas de alcanzar nuevas metas en el tenis, el boliviano Juan Carlos Prado se ve orgulloso de conseguir el segundo lugar del Roland Garros Junior, un premio a su creciente desempe\u00f1o en este deporte donde siempre fue luchando pese a las adversidades que ofrece el apoyo de las autoridades en el pa\u00eds.<br \/>\n\u201cMuy feliz y muy orgulloso de dejar a Bolivia tan alto\u201d, expres\u00f3 Prado, quien con la mayor motivaci\u00f3n alcanz\u00f3 un logro hist\u00f3rico para el tenis boliviano.<br \/>\nCon 18 a\u00f1os, el cruce\u00f1o quiere codearse con los mejores del mundo. Su buen juego ya tiene premios en los Futures, pero en el Roland Garros confirm\u00f3 que va para m\u00e1s.<br \/>\nPrado comenz\u00f3 a jugar tenis como un pasatiempo en la cancha del condominio donde viv\u00eda de ni\u00f1o y como le gust\u00f3, empez\u00f3 a practicar el deporte en serio. \u00abSiempre fui un chico al que le gust\u00f3 mucho el deporte, y (estoy) muy motivado con el tenis. La verdad que me gust\u00f3 mucho y me gusta para dedicarme profesionalmente\u00bb, sostuvo el tenista.<br \/>\nHace una semana, Juan Carlos era el n\u00famero ocho en el ranking ITF Junior, remarc\u00f3 que con confianza y actitud, virtudes que comparti\u00f3 con su particular auditorio, lleg\u00f3 a la final y es el n\u00famero dos del mundo a nivel juvenil, a 15 puntos de llegar a la cima.<br \/>\nAdem\u00e1s fue el primer sudamericano en la final j\u00fanior de Roland Garros desde el argentino Sebastian Baez en 2018. Otro logro m\u00e1s del nacional, siendo su tercera participaci\u00f3n en un Grand Slam; anteriormente cay\u00f3 en primera y segunda ronda.<br \/>\nCon respecto a una eventual participaci\u00f3n en el ciclo ol\u00edmpico, el joven consider\u00f3 que en el caso del tenis \u00abes un poco m\u00e1s complicado\u00bb, aunque record\u00f3 que hace dos a\u00f1os estuvo en los Juegos Panamericanos Junior en Cali, en los que se hizo de la medalla de plata en la categor\u00eda individual masculina.<br \/>\n\u00abIgual ser\u00eda un sue\u00f1o poder entrar a los Juegos Ol\u00edmpicos, es muy dif\u00edcil, pero ser\u00eda un sue\u00f1o\u00bb, confes\u00f3.<br \/>\nPrado conf\u00eda en la preparaci\u00f3n que ha estado teniendo en Bolivia que, a su juicio, ha sido buena. \u00abAhora estoy muy motivado para los siguientes torneos, me est\u00e1 gustando mucho c\u00f3mo estoy jugando y c\u00f3mo vengo entrenando y creo que me puede ir muy bien\u00bb, manifest\u00f3.<br \/>\nSus retos inmediatos son la Copa Davis en Paraguay, despu\u00e9s Wimbledon y luego participar\u00e1 en otros torneos internacionales en los que espera tener buenos resultados.<br \/>\nLos partidos del Grupo III de la Zona Americana de la Copa Davis arrancar\u00e1n hoy; se aguarda una gran participaci\u00f3n del cruce\u00f1o. De ah\u00ed pasar\u00e1 a Europa, donde analizar\u00e1 qu\u00e9 torneo disputar\u00e1 antes de encarar el Wimbledon Junior, la primera semana de julio.<br \/>\nPara nadie es secreto que Prado admira al suizo Roger Federer porque, seg\u00fan dijo, \u00absiempre\u00bb le gust\u00f3 la forma en la que juega y considera que \u00abes uno de los mejores jugadores de la historia\u00bb. Uno de sus \u00ab\u00eddolos\u00bb locales es el beniano Hugo Dellien, referente del tenis profesional boliviano, quien le \u00abinspiraba mucho de chico\u00bb.<br \/>\nPrado, rodeado de aplausos y nuevos apoyos, demuestra que el deporte nacional necesita atenci\u00f3n. Que otras disciplinas tienen a virtuosos atletas que buscan glorias. Prado, que con el apoyo de su familia, fue remando hacia adelante; hoy es un grande y necesita m\u00e1s respaldo de las autoridades nacionales y departamentales.<\/p>\n","protected":false},"excerpt":{"rendered":"<p>Convencido en que vive un gran momento y con todas las ganas de alcanzar nuevas metas en el tenis, el boliviano Juan Carlos Prado se ve orgulloso de conseguir el segundo lugar del Roland Garros Junior, un premio a su creciente desempe\u00f1o en este deporte donde siempre fue luchando pese a las adversidades que ofrece [&hellip;]<\/p>\n","protected":false},"author":1,"featured_media":160832,"comment_status":"closed","ping_status":"closed","sticky":false,"template":"","format":"standard","meta":{"_acf_changed":false,"footnotes":""},"categories":[6],"tags":[],"class_list":["post-160831","post","type-post","status-publish","format-standard","has-post-thumbnail","category-deportes"],"acf":{"antetitulo":""},"yoast_head":"<!-- This site is optimized with the Yoast SEO plugin v28.4 - https:\/\/yoast.com\/product\/yoast-seo-wordpress\/ -->\n<title>&quot;Muy feliz de dejar a Bolivia tan alto&quot; - El Diario - Bolivia<\/title>\n<meta name=\"robots\" content=\"index, follow, max-snippet:-1, max-image-preview:large, max-video-preview:-1\" \/>\n<link rel=\"canonical\" href=\"https:\/\/www.eldiario.net\/portal\/2023\/06\/19\/muy-feliz-de-dejar-a-bolivia-tan-alto\/\" \/>\n<meta property=\"og:locale\" content=\"es_ES\" \/>\n<meta property=\"og:type\" content=\"article\" \/>\n<meta property=\"og:title\" content=\"&quot;Muy feliz de dejar a Bolivia tan alto&quot; - El Diario - Bolivia\" \/>\n<meta property=\"og:description\" content=\"Convencido en que vive un gran momento y con todas las ganas de alcanzar nuevas metas en el tenis, el boliviano Juan Carlos Prado se ve orgulloso de conseguir el segundo lugar del Roland Garros Junior, un premio a su creciente desempe\u00f1o en este deporte donde siempre fue luchando pese a las adversidades que ofrece [&hellip;]\" \/>\n<meta property=\"og:url\" content=\"https:\/\/www.eldiario.net\/portal\/2023\/06\/19\/muy-feliz-de-dejar-a-bolivia-tan-alto\/\" \/>\n<meta property=\"og:site_name\" content=\"El Diario - Bolivia\" \/>\n<meta property=\"article:publisher\" content=\"https:\/\/www.facebook.com\/eldiario.bolivia\/\" \/>\n<meta property=\"article:published_time\" content=\"2023-06-19T10:21:07+00:00\" \/>\n<meta property=\"og:image\" content=\"https:\/\/www.eldiario.net\/portal\/wp-content\/uploads\/2023\/06\/principal-6.jpg\" \/>\n\t<meta property=\"og:image:width\" content=\"1000\" \/>\n\t<meta property=\"og:image:height\" content=\"785\" \/>\n\t<meta property=\"og:image:type\" content=\"image\/jpeg\" \/>\n<meta name=\"author\" content=\"Jeanette\" \/>\n<meta name=\"twitter:card\" content=\"summary_large_image\" \/>\n<meta name=\"twitter:creator\" content=\"@eldiario_net\" \/>\n<meta name=\"twitter:site\" content=\"@eldiario_net\" \/>\n<meta name=\"twitter:label1\" content=\"Escrito por\" \/>\n\t<meta name=\"twitter:data1\" content=\"Jeanette\" \/>\n\t<meta name=\"twitter:label2\" content=\"Tiempo de lectura\" \/>\n\t<meta name=\"twitter:data2\" content=\"3 minutos\" \/>\n<script type=\"application\/ld+json\" class=\"yoast-schema-graph\">{\"@context\":\"https:\\\/\\\/schema.org\",\"@graph\":[{\"@type\":\"Article\",\"@id\":\"https:\\\/\\\/www.eldiario.net\\\/portal\\\/2023\\\/06\\\/19\\\/muy-feliz-de-dejar-a-bolivia-tan-alto\\\/#article\",\"isPartOf\":{\"@id\":\"https:\\\/\\\/www.eldiario.net\\\/portal\\\/2023\\\/06\\\/19\\\/muy-feliz-de-dejar-a-bolivia-tan-alto\\\/\"},\"author\":{\"name\":\"Jeanette\",\"@id\":\"https:\\\/\\\/www.eldiario.net\\\/portal\\\/#\\\/schema\\\/person\\\/2c57cf2b7a7ae032e449e4c9b1019eac\"},\"headline\":\"\u00abMuy feliz de dejar a Bolivia tan alto\u00bb\",\"datePublished\":\"2023-06-19T10:21:07+00:00\",\"mainEntityOfPage\":{\"@id\":\"https:\\\/\\\/www.eldiario.net\\\/portal\\\/2023\\\/06\\\/19\\\/muy-feliz-de-dejar-a-bolivia-tan-alto\\\/\"},\"wordCount\":602,\"publisher\":{\"@id\":\"https:\\\/\\\/www.eldiario.net\\\/portal\\\/#organization\"},\"image\":{\"@id\":\"https:\\\/\\\/www.eldiario.net\\\/portal\\\/2023\\\/06\\\/19\\\/muy-feliz-de-dejar-a-bolivia-tan-alto\\\/#primaryimage\"},\"thumbnailUrl\":\"https:\\\/\\\/www.eldiario.net\\\/portal\\\/wp-content\\\/uploads\\\/2023\\\/06\\\/principal-6.jpg\",\"articleSection\":[\"Deportes\"],\"inLanguage\":\"es\"},{\"@type\":\"WebPage\",\"@id\":\"https:\\\/\\\/www.eldiario.net\\\/portal\\\/2023\\\/06\\\/19\\\/muy-feliz-de-dejar-a-bolivia-tan-alto\\\/\",\"url\":\"https:\\\/\\\/www.eldiario.net\\\/portal\\\/2023\\\/06\\\/19\\\/muy-feliz-de-dejar-a-bolivia-tan-alto\\\/\",\"name\":\"\\\"Muy feliz de dejar a Bolivia tan alto\\\" - El Diario - Bolivia\",\"isPartOf\":{\"@id\":\"https:\\\/\\\/www.eldiario.net\\\/portal\\\/#website\"},\"primaryImageOfPage\":{\"@id\":\"https:\\\/\\\/www.eldiario.net\\\/portal\\\/2023\\\/06\\\/19\\\/muy-feliz-de-dejar-a-bolivia-tan-alto\\\/#primaryimage\"},\"image\":{\"@id\":\"https:\\\/\\\/www.eldiario.net\\\/portal\\\/2023\\\/06\\\/19\\\/muy-feliz-de-dejar-a-bolivia-tan-alto\\\/#primaryimage\"},\"thumbnailUrl\":\"https:\\\/\\\/www.eldiario.net\\\/portal\\\/wp-content\\\/uploads\\\/2023\\\/06\\\/principal-6.jpg\",\"datePublished\":\"2023-06-19T10:21:07+00:00\",\"breadcrumb\":{\"@id\":\"https:\\\/\\\/www.eldiario.net\\\/portal\\\/2023\\\/06\\\/19\\\/muy-feliz-de-dejar-a-bolivia-tan-alto\\\/#breadcrumb\"},\"inLanguage\":\"es\",\"potentialAction\":[{\"@type\":\"ReadAction\",\"target\":[\"https:\\\/\\\/www.eldiario.net\\\/portal\\\/2023\\\/06\\\/19\\\/muy-feliz-de-dejar-a-bolivia-tan-alto\\\/\"]}]},{\"@type\":\"ImageObject\",\"inLanguage\":\"es\",\"@id\":\"https:\\\/\\\/www.eldiario.net\\\/portal\\\/2023\\\/06\\\/19\\\/muy-feliz-de-dejar-a-bolivia-tan-alto\\\/#primaryimage\",\"url\":\"https:\\\/\\\/www.eldiario.net\\\/portal\\\/wp-content\\\/uploads\\\/2023\\\/06\\\/principal-6.jpg\",\"contentUrl\":\"https:\\\/\\\/www.eldiario.net\\\/portal\\\/wp-content\\\/uploads\\\/2023\\\/06\\\/principal-6.jpg\",\"width\":1000,\"height\":785},{\"@type\":\"BreadcrumbList\",\"@id\":\"https:\\\/\\\/www.eldiario.net\\\/portal\\\/2023\\\/06\\\/19\\\/muy-feliz-de-dejar-a-bolivia-tan-alto\\\/#breadcrumb\",\"itemListElement\":[{\"@type\":\"ListItem\",\"position\":1,\"name\":\"Portada\",\"item\":\"https:\\\/\\\/www.eldiario.net\\\/portal\\\/\"},{\"@type\":\"ListItem\",\"position\":2,\"name\":\"\u00abMuy feliz de dejar a Bolivia tan alto\u00bb\"}]},{\"@type\":\"WebSite\",\"@id\":\"https:\\\/\\\/www.eldiario.net\\\/portal\\\/#website\",\"url\":\"https:\\\/\\\/www.eldiario.net\\\/portal\\\/\",\"name\":\"El Diario - Decano de la prensa nacional\",\"description\":\"El Diario - Decano de la prensa nacional\",\"publisher\":{\"@id\":\"https:\\\/\\\/www.eldiario.net\\\/portal\\\/#organization\"},\"potentialAction\":[{\"@type\":\"SearchAction\",\"target\":{\"@type\":\"EntryPoint\",\"urlTemplate\":\"https:\\\/\\\/www.eldiario.net\\\/portal\\\/?s={search_term_string}\"},\"query-input\":{\"@type\":\"PropertyValueSpecification\",\"valueRequired\":true,\"valueName\":\"search_term_string\"}}],\"inLanguage\":\"es\"},{\"@type\":\"Organization\",\"@id\":\"https:\\\/\\\/www.eldiario.net\\\/portal\\\/#organization\",\"name\":\"El Diario - Decano de la prensa nacional\",\"url\":\"https:\\\/\\\/www.eldiario.net\\\/portal\\\/\",\"logo\":{\"@type\":\"ImageObject\",\"inLanguage\":\"es\",\"@id\":\"https:\\\/\\\/www.eldiario.net\\\/portal\\\/#\\\/schema\\\/logo\\\/image\\\/\",\"url\":\"https:\\\/\\\/www.eldiario.net\\\/portal\\\/wp-content\\\/uploads\\\/2023\\\/07\\\/logo_ED.jpg\",\"contentUrl\":\"https:\\\/\\\/www.eldiario.net\\\/portal\\\/wp-content\\\/uploads\\\/2023\\\/07\\\/logo_ED.jpg\",\"width\":272,\"height\":52,\"caption\":\"El Diario - Decano de la prensa nacional\"},\"image\":{\"@id\":\"https:\\\/\\\/www.eldiario.net\\\/portal\\\/#\\\/schema\\\/logo\\\/image\\\/\"},\"sameAs\":[\"https:\\\/\\\/www.facebook.com\\\/eldiario.bolivia\\\/\",\"https:\\\/\\\/x.com\\\/eldiario_net\"]},{\"@type\":\"Person\",\"@id\":\"https:\\\/\\\/www.eldiario.net\\\/portal\\\/#\\\/schema\\\/person\\\/2c57cf2b7a7ae032e449e4c9b1019eac\",\"name\":\"Jeanette\",\"image\":{\"@type\":\"ImageObject\",\"inLanguage\":\"es\",\"@id\":\"https:\\\/\\\/secure.gravatar.com\\\/avatar\\\/3ea2118a5f7dad2b7138b1187a6b7ee55f160b9968b66013c3a3ef39dd7e5798?s=96&d=mm&r=g\",\"url\":\"https:\\\/\\\/secure.gravatar.com\\\/avatar\\\/3ea2118a5f7dad2b7138b1187a6b7ee55f160b9968b66013c3a3ef39dd7e5798?s=96&d=mm&r=g\",\"contentUrl\":\"https:\\\/\\\/secure.gravatar.com\\\/avatar\\\/3ea2118a5f7dad2b7138b1187a6b7ee55f160b9968b66013c3a3ef39dd7e5798?s=96&d=mm&r=g\",\"caption\":\"Jeanette\"},\"sameAs\":[\"https:\\\/\\\/www.eldiario.net\\\/portal\"],\"url\":\"https:\\\/\\\/www.eldiario.net\\\/portal\\\/author\\\/jeanette\\\/\"}]}<\/script>\n<!-- \/ Yoast SEO plugin. -->","yoast_head_json":{"title":"\"Muy feliz de dejar a Bolivia tan alto\" - El Diario - Bolivia","robots":{"index":"index","follow":"follow","max-snippet":"max-snippet:-1","max-image-preview":"max-image-preview:large","max-video-preview":"max-video-preview:-1"},"canonical":"https:\/\/www.eldiario.net\/portal\/2023\/06\/19\/muy-feliz-de-dejar-a-bolivia-tan-alto\/","og_locale":"es_ES","og_type":"article","og_title":"\"Muy feliz de dejar a Bolivia tan alto\" - El Diario - Bolivia","og_description":"Convencido en que vive un gran momento y con todas las ganas de alcanzar nuevas metas en el tenis, el boliviano Juan Carlos Prado se ve orgulloso de conseguir el segundo lugar del Roland Garros Junior, un premio a su creciente desempe\u00f1o en este deporte donde siempre fue luchando pese a las adversidades que ofrece [&hellip;]","og_url":"https:\/\/www.eldiario.net\/portal\/2023\/06\/19\/muy-feliz-de-dejar-a-bolivia-tan-alto\/","og_site_name":"El Diario - Bolivia","article_publisher":"https:\/\/www.facebook.com\/eldiario.bolivia\/","article_published_time":"2023-06-19T10:21:07+00:00","og_image":[{"width":1000,"height":785,"url":"https:\/\/www.eldiario.net\/portal\/wp-content\/uploads\/2023\/06\/principal-6.jpg","type":"image\/jpeg"}],"author":"Jeanette","twitter_card":"summary_large_image","twitter_creator":"@eldiario_net","twitter_site":"@eldiario_net","twitter_misc":{"Escrito por":"Jeanette","Tiempo de lectura":"3 minutos"},"schema":{"@context":"https:\/\/schema.org","@graph":[{"@type":"Article","@id":"https:\/\/www.eldiario.net\/portal\/2023\/06\/19\/muy-feliz-de-dejar-a-bolivia-tan-alto\/#article","isPartOf":{"@id":"https:\/\/www.eldiario.net\/portal\/2023\/06\/19\/muy-feliz-de-dejar-a-bolivia-tan-alto\/"},"author":{"name":"Jeanette","@id":"https:\/\/www.eldiario.net\/portal\/#\/schema\/person\/2c57cf2b7a7ae032e449e4c9b1019eac"},"headline":"\u00abMuy feliz de dejar a Bolivia tan alto\u00bb","datePublished":"2023-06-19T10:21:07+00:00","mainEntityOfPage":{"@id":"https:\/\/www.eldiario.net\/portal\/2023\/06\/19\/muy-feliz-de-dejar-a-bolivia-tan-alto\/"},"wordCount":602,"publisher":{"@id":"https:\/\/www.eldiario.net\/portal\/#organization"},"image":{"@id":"https:\/\/www.eldiario.net\/portal\/2023\/06\/19\/muy-feliz-de-dejar-a-bolivia-tan-alto\/#primaryimage"},"thumbnailUrl":"https:\/\/www.eldiario.net\/portal\/wp-content\/uploads\/2023\/06\/principal-6.jpg","articleSection":["Deportes"],"inLanguage":"es"},{"@type":"WebPage","@id":"https:\/\/www.eldiario.net\/portal\/2023\/06\/19\/muy-feliz-de-dejar-a-bolivia-tan-alto\/","url":"https:\/\/www.eldiario.net\/portal\/2023\/06\/19\/muy-feliz-de-dejar-a-bolivia-tan-alto\/","name":"\"Muy feliz de dejar a Bolivia tan alto\" - El Diario - Bolivia","isPartOf":{"@id":"https:\/\/www.eldiario.net\/portal\/#website"},"primaryImageOfPage":{"@id":"https:\/\/www.eldiario.net\/portal\/2023\/06\/19\/muy-feliz-de-dejar-a-bolivia-tan-alto\/#primaryimage"},"image":{"@id":"https:\/\/www.eldiario.net\/portal\/2023\/06\/19\/muy-feliz-de-dejar-a-bolivia-tan-alto\/#primaryimage"},"thumbnailUrl":"https:\/\/www.eldiario.net\/portal\/wp-content\/uploads\/2023\/06\/principal-6.jpg","datePublished":"2023-06-19T10:21:07+00:00","breadcrumb":{"@id":"https:\/\/www.eldiario.net\/portal\/2023\/06\/19\/muy-feliz-de-dejar-a-bolivia-tan-alto\/#breadcrumb"},"inLanguage":"es","potentialAction":[{"@type":"ReadAction","target":["https:\/\/www.eldiario.net\/portal\/2023\/06\/19\/muy-feliz-de-dejar-a-bolivia-tan-alto\/"]}]},{"@type":"ImageObject","inLanguage":"es","@id":"https:\/\/www.eldiario.net\/portal\/2023\/06\/19\/muy-feliz-de-dejar-a-bolivia-tan-alto\/#primaryimage","url":"https:\/\/www.eldiario.net\/portal\/wp-content\/uploads\/2023\/06\/principal-6.jpg","contentUrl":"https:\/\/www.eldiario.net\/portal\/wp-content\/uploads\/2023\/06\/principal-6.jpg","width":1000,"height":785},{"@type":"BreadcrumbList","@id":"https:\/\/www.eldiario.net\/portal\/2023\/06\/19\/muy-feliz-de-dejar-a-bolivia-tan-alto\/#breadcrumb","itemListElement":[{"@type":"ListItem","position":1,"name":"Portada","item":"https:\/\/www.eldiario.net\/portal\/"},{"@type":"ListItem","position":2,"name":"\u00abMuy feliz de dejar a Bolivia tan alto\u00bb"}]},{"@type":"WebSite","@id":"https:\/\/www.eldiario.net\/portal\/#website","url":"https:\/\/www.eldiario.net\/portal\/","name":"El Diario - Decano de la prensa nacional","description":"El Diario - Decano de la prensa nacional","publisher":{"@id":"https:\/\/www.eldiario.net\/portal\/#organization"},"potentialAction":[{"@type":"SearchAction","target":{"@type":"EntryPoint","urlTemplate":"https:\/\/www.eldiario.net\/portal\/?s={search_term_string}"},"query-input":{"@type":"PropertyValueSpecification","valueRequired":true,"valueName":"search_term_string"}}],"inLanguage":"es"},{"@type":"Organization","@id":"https:\/\/www.eldiario.net\/portal\/#organization","name":"El Diario - Decano de la prensa nacional","url":"https:\/\/www.eldiario.net\/portal\/","logo":{"@type":"ImageObject","inLanguage":"es","@id":"https:\/\/www.eldiario.net\/portal\/#\/schema\/logo\/image\/","url":"https:\/\/www.eldiario.net\/portal\/wp-content\/uploads\/2023\/07\/logo_ED.jpg","contentUrl":"https:\/\/www.eldiario.net\/portal\/wp-content\/uploads\/2023\/07\/logo_ED.jpg","width":272,"height":52,"caption":"El Diario - Decano de la prensa nacional"},"image":{"@id":"https:\/\/www.eldiario.net\/portal\/#\/schema\/logo\/image\/"},"sameAs":["https:\/\/www.facebook.com\/eldiario.bolivia\/","https:\/\/x.com\/eldiario_net"]},{"@type":"Person","@id":"https:\/\/www.eldiario.net\/portal\/#\/schema\/person\/2c57cf2b7a7ae032e449e4c9b1019eac","name":"Jeanette","image":{"@type":"ImageObject","inLanguage":"es","@id":"https:\/\/secure.gravatar.com\/avatar\/3ea2118a5f7dad2b7138b1187a6b7ee55f160b9968b66013c3a3ef39dd7e5798?s=96&d=mm&r=g","url":"https:\/\/secure.gravatar.com\/avatar\/3ea2118a5f7dad2b7138b1187a6b7ee55f160b9968b66013c3a3ef39dd7e5798?s=96&d=mm&r=g","contentUrl":"https:\/\/secure.gravatar.com\/avatar\/3ea2118a5f7dad2b7138b1187a6b7ee55f160b9968b66013c3a3ef39dd7e5798?s=96&d=mm&r=g","caption":"Jeanette"},"sameAs":["https:\/\/www.eldiario.net\/portal"],"url":"https:\/\/www.eldiario.net\/portal\/author\/jeanette\/"}]}},"_links":{"self":[{"href":"https:\/\/www.eldiario.net\/portal\/wp-json\/wp\/v2\/posts\/160831","targetHints":{"allow":["GET"]}}],"collection":[{"href":"https:\/\/www.eldiario.net\/portal\/wp-json\/wp\/v2\/posts"}],"about":[{"href":"https:\/\/www.eldiario.net\/portal\/wp-json\/wp\/v2\/types\/post"}],"author":[{"embeddable":true,"href":"https:\/\/www.eldiario.net\/portal\/wp-json\/wp\/v2\/users\/1"}],"replies":[{"embeddable":true,"href":"https:\/\/www.eldiario.net\/portal\/wp-json\/wp\/v2\/comments?post=160831"}],"version-history":[{"count":0,"href":"https:\/\/www.eldiario.net\/portal\/wp-json\/wp\/v2\/posts\/160831\/revisions"}],"wp:featuredmedia":[{"embeddable":true,"href":"https:\/\/www.eldiario.net\/portal\/wp-json\/wp\/v2\/media\/160832"}],"wp:attachment":[{"href":"https:\/\/www.eldiario.net\/portal\/wp-json\/wp\/v2\/media?parent=160831"}],"wp:term":[{"taxonomy":"category","embeddable":true,"href":"https:\/\/www.eldiario.net\/portal\/wp-json\/wp\/v2\/categories?post=160831"},{"taxonomy":"post_tag","embeddable":true,"href":"https:\/\/www.eldiario.net\/portal\/wp-json\/wp\/v2\/tags?post=160831"}],"curies":[{"name":"wp","href":"https:\/\/api.w.org\/{rel}","templated":true}]}}