{"id":160589,"date":"2023-06-18T06:33:45","date_gmt":"2023-06-18T10:33:45","guid":{"rendered":"https:\/\/www.eldiario.net\/portal\/?p=160589"},"modified":"2023-06-18T06:33:45","modified_gmt":"2023-06-18T10:33:45","slug":"senador-paz-reitera-que-el-censo-de-2024-sera-electoral","status":"publish","type":"post","link":"https:\/\/www.eldiario.net\/portal\/2023\/06\/18\/senador-paz-reitera-que-el-censo-de-2024-sera-electoral\/","title":{"rendered":"Senador Paz reitera que el  censo de 2024 ser\u00e1 electoral"},"content":{"rendered":"<p>Asegurando que solo se obtendr\u00e1n datos para preparar los comicios generales de 2025, el senador por Comunidad Ciudadana (CC), Rodrigo Paz Pereira, afirm\u00f3 que el pr\u00f3ximo Censo Nacional de Poblaci\u00f3n y Vivienda, programado para marzo de la siguiente gesti\u00f3n, tendr\u00e1 car\u00e1cter electoral y no resolver\u00e1 las necesidades m\u00e1s urgentes de la poblaci\u00f3n.<br \/>\nSeg\u00fan el asamble\u00edsta nacional, los datos que se obtengan de la pr\u00f3xima medici\u00f3n censal no lograr\u00e1n modificar la cantidad de esca\u00f1os asignados para cada departamento en la Asamblea Legislativa ni mucho menos se usar\u00e1 para mejorar las condiciones de vida de los bolivianos, cuando el verdadero problema es el modelo de Estado.<br \/>\n\u201cCon ese censo no vamos a cambiar la cantidad de parlamentarios para sumar o restar la representaci\u00f3n (de los departamentos), si no cambiamos el modelo de Estado no nos sirve de nada tener m\u00e1s senadores o diputados\u201d, manifest\u00f3 Paz.<br \/>\nEn este sentido, afirm\u00f3 que el actual modelo de Estado no est\u00e1 hecho para que funcione en beneficio de las regiones, sino que funcione solamente \u201cpara el Estado central\u201d.<br \/>\nManifest\u00f3 adem\u00e1s que, por las caracter\u00edsticas y la fecha determinada para la ejecuci\u00f3n del censo, esta actividad solo arrojar\u00e1 datos para que sean usados en la organizaci\u00f3n de los comicios de 2025, tanto por autoridades encargadas de la medici\u00f3n como por las organizaciones que participen del proceso.<br \/>\n\u201cEl censo de marzo de 2024 es un censo electoral. Lo que se est\u00e1 haciendo ahora es saber d\u00f3nde est\u00e1 la gente, como vive y que necesidades tiene, porque es la informaci\u00f3n que van a usar para las elecciones del 2025\u201d, finaliz\u00f3 Paz.<br \/>\nEn noviembre de 2022, el presidente del Estado, Luis Arce Catacora, fij\u00f3 la fecha del pr\u00f3ximo Censo Nacional de Poblaci\u00f3n y Vivienda para el 23 de marzo de la gesti\u00f3n 2024, en tanto que, la distribuci\u00f3n de recursos ser\u00e1 aplicada hasta septiembre de ese mismo a\u00f1o, en base a resultados preliminares.<br \/>\nEl primer mandatario hizo este anuncio despu\u00e9s de una escala de tensi\u00f3n y enfrentamientos en la ciudad de Santa Cruz, a causa del paro indefinido que exig\u00eda adelantar la medici\u00f3n para este a\u00f1o.<br \/>\nLuego de la exigencia de regiones y sectores movilizados por la ejecuci\u00f3n del Censo para que esta fecha sea oficializada mediante una norma, en diciembre del mismo a\u00f1o, Arce promulg\u00f3 la \u201cLey de aplicaci\u00f3n de los resultados del Censo de Poblaci\u00f3n y Vivienda en los \u00e1mbitos financiero y electoral\u201d aclarando que con esa norma no se vulnera competencias del Ejecutivo. \u201cLa ley que se aprob\u00f3 en diputados y senadores no es una ley de la derecha, fue propuesta por asamble\u00edstas del MAS, no vulnera competencias del nivel central y no dice nada m\u00e1s de lo que ya est\u00e1 establecido en nuestra Constituci\u00f3n, no es una ley del censo sino una ley de aplicaci\u00f3n\u201d, aclar\u00f3 la autoridad.<br \/>\nLa norma tambi\u00e9n determina la entrega al Tribunal Supremo Electoral, en septiembre de 2024, de los datos censales para la reasignaci\u00f3n de los esca\u00f1os de cara a las siguientes elecciones generales.<\/p>\n<p>&nbsp;<\/p>\n","protected":false},"excerpt":{"rendered":"<p>Asegurando que solo se obtendr\u00e1n datos para preparar los comicios generales de 2025, el senador por Comunidad Ciudadana (CC), Rodrigo Paz Pereira, afirm\u00f3 que el pr\u00f3ximo Censo Nacional de Poblaci\u00f3n y Vivienda, programado para marzo de la siguiente gesti\u00f3n, tendr\u00e1 car\u00e1cter electoral y no resolver\u00e1 las necesidades m\u00e1s urgentes de la poblaci\u00f3n. Seg\u00fan el asamble\u00edsta [&hellip;]<\/p>\n","protected":false},"author":1,"featured_media":0,"comment_status":"closed","ping_status":"closed","sticky":false,"template":"","format":"standard","meta":{"_acf_changed":false,"footnotes":""},"categories":[14],"tags":[],"class_list":["post-160589","post","type-post","status-publish","format-standard","category-politica"],"acf":{"antetitulo":""},"yoast_head":"<!-- This site is optimized with the Yoast SEO plugin v28.3 - https:\/\/yoast.com\/product\/yoast-seo-wordpress\/ -->\n<title>Senador Paz reitera que el censo de 2024 ser\u00e1 electoral - El Diario - Bolivia<\/title>\n<meta name=\"robots\" content=\"index, follow, max-snippet:-1, max-image-preview:large, max-video-preview:-1\" \/>\n<link rel=\"canonical\" href=\"https:\/\/www.eldiario.net\/portal\/2023\/06\/18\/senador-paz-reitera-que-el-censo-de-2024-sera-electoral\/\" \/>\n<meta property=\"og:locale\" content=\"es_ES\" \/>\n<meta property=\"og:type\" content=\"article\" \/>\n<meta property=\"og:title\" content=\"Senador Paz reitera que el censo de 2024 ser\u00e1 electoral - El Diario - Bolivia\" \/>\n<meta property=\"og:description\" content=\"Asegurando que solo se obtendr\u00e1n datos para preparar los comicios generales de 2025, el senador por Comunidad Ciudadana (CC), Rodrigo Paz Pereira, afirm\u00f3 que el pr\u00f3ximo Censo Nacional de Poblaci\u00f3n y Vivienda, programado para marzo de la siguiente gesti\u00f3n, tendr\u00e1 car\u00e1cter electoral y no resolver\u00e1 las necesidades m\u00e1s urgentes de la poblaci\u00f3n. Seg\u00fan el asamble\u00edsta [&hellip;]\" \/>\n<meta property=\"og:url\" content=\"https:\/\/www.eldiario.net\/portal\/2023\/06\/18\/senador-paz-reitera-que-el-censo-de-2024-sera-electoral\/\" \/>\n<meta property=\"og:site_name\" content=\"El Diario - Bolivia\" \/>\n<meta property=\"article:publisher\" content=\"https:\/\/www.facebook.com\/eldiario.bolivia\/\" \/>\n<meta property=\"article:published_time\" content=\"2023-06-18T10:33:45+00:00\" \/>\n<meta name=\"author\" content=\"Jeanette\" \/>\n<meta name=\"twitter:card\" content=\"summary_large_image\" \/>\n<meta name=\"twitter:creator\" content=\"@eldiario_net\" \/>\n<meta name=\"twitter:site\" content=\"@eldiario_net\" \/>\n<meta name=\"twitter:label1\" content=\"Escrito por\" \/>\n\t<meta name=\"twitter:data1\" content=\"Jeanette\" \/>\n\t<meta name=\"twitter:label2\" content=\"Tiempo de lectura\" \/>\n\t<meta name=\"twitter:data2\" content=\"3 minutos\" \/>\n<script type=\"application\/ld+json\" class=\"yoast-schema-graph\">{\"@context\":\"https:\\\/\\\/schema.org\",\"@graph\":[{\"@type\":\"Article\",\"@id\":\"https:\\\/\\\/www.eldiario.net\\\/portal\\\/2023\\\/06\\\/18\\\/senador-paz-reitera-que-el-censo-de-2024-sera-electoral\\\/#article\",\"isPartOf\":{\"@id\":\"https:\\\/\\\/www.eldiario.net\\\/portal\\\/2023\\\/06\\\/18\\\/senador-paz-reitera-que-el-censo-de-2024-sera-electoral\\\/\"},\"author\":{\"name\":\"Jeanette\",\"@id\":\"https:\\\/\\\/www.eldiario.net\\\/portal\\\/#\\\/schema\\\/person\\\/f46445640444750d7d753ccd04ae01b7\"},\"headline\":\"Senador Paz reitera que el censo de 2024 ser\u00e1 electoral\",\"datePublished\":\"2023-06-18T10:33:45+00:00\",\"mainEntityOfPage\":{\"@id\":\"https:\\\/\\\/www.eldiario.net\\\/portal\\\/2023\\\/06\\\/18\\\/senador-paz-reitera-que-el-censo-de-2024-sera-electoral\\\/\"},\"wordCount\":538,\"publisher\":{\"@id\":\"https:\\\/\\\/www.eldiario.net\\\/portal\\\/#organization\"},\"articleSection\":[\"Pol\u00edtica\"],\"inLanguage\":\"es\"},{\"@type\":\"WebPage\",\"@id\":\"https:\\\/\\\/www.eldiario.net\\\/portal\\\/2023\\\/06\\\/18\\\/senador-paz-reitera-que-el-censo-de-2024-sera-electoral\\\/\",\"url\":\"https:\\\/\\\/www.eldiario.net\\\/portal\\\/2023\\\/06\\\/18\\\/senador-paz-reitera-que-el-censo-de-2024-sera-electoral\\\/\",\"name\":\"Senador Paz reitera que el censo de 2024 ser\u00e1 electoral - El Diario - Bolivia\",\"isPartOf\":{\"@id\":\"https:\\\/\\\/www.eldiario.net\\\/portal\\\/#website\"},\"datePublished\":\"2023-06-18T10:33:45+00:00\",\"breadcrumb\":{\"@id\":\"https:\\\/\\\/www.eldiario.net\\\/portal\\\/2023\\\/06\\\/18\\\/senador-paz-reitera-que-el-censo-de-2024-sera-electoral\\\/#breadcrumb\"},\"inLanguage\":\"es\",\"potentialAction\":[{\"@type\":\"ReadAction\",\"target\":[\"https:\\\/\\\/www.eldiario.net\\\/portal\\\/2023\\\/06\\\/18\\\/senador-paz-reitera-que-el-censo-de-2024-sera-electoral\\\/\"]}]},{\"@type\":\"BreadcrumbList\",\"@id\":\"https:\\\/\\\/www.eldiario.net\\\/portal\\\/2023\\\/06\\\/18\\\/senador-paz-reitera-que-el-censo-de-2024-sera-electoral\\\/#breadcrumb\",\"itemListElement\":[{\"@type\":\"ListItem\",\"position\":1,\"name\":\"Portada\",\"item\":\"https:\\\/\\\/www.eldiario.net\\\/portal\\\/\"},{\"@type\":\"ListItem\",\"position\":2,\"name\":\"Senador Paz reitera que el censo de 2024 ser\u00e1 electoral\"}]},{\"@type\":\"WebSite\",\"@id\":\"https:\\\/\\\/www.eldiario.net\\\/portal\\\/#website\",\"url\":\"https:\\\/\\\/www.eldiario.net\\\/portal\\\/\",\"name\":\"El Diario - Decano de la prensa nacional\",\"description\":\"El Diario - Decano de la prensa nacional\",\"publisher\":{\"@id\":\"https:\\\/\\\/www.eldiario.net\\\/portal\\\/#organization\"},\"potentialAction\":[{\"@type\":\"SearchAction\",\"target\":{\"@type\":\"EntryPoint\",\"urlTemplate\":\"https:\\\/\\\/www.eldiario.net\\\/portal\\\/?s={search_term_string}\"},\"query-input\":{\"@type\":\"PropertyValueSpecification\",\"valueRequired\":true,\"valueName\":\"search_term_string\"}}],\"inLanguage\":\"es\"},{\"@type\":\"Organization\",\"@id\":\"https:\\\/\\\/www.eldiario.net\\\/portal\\\/#organization\",\"name\":\"El Diario - Decano de la prensa nacional\",\"url\":\"https:\\\/\\\/www.eldiario.net\\\/portal\\\/\",\"logo\":{\"@type\":\"ImageObject\",\"inLanguage\":\"es\",\"@id\":\"https:\\\/\\\/www.eldiario.net\\\/portal\\\/#\\\/schema\\\/logo\\\/image\\\/\",\"url\":\"https:\\\/\\\/www.eldiario.net\\\/portal\\\/wp-content\\\/uploads\\\/2023\\\/07\\\/logo_ED.jpg\",\"contentUrl\":\"https:\\\/\\\/www.eldiario.net\\\/portal\\\/wp-content\\\/uploads\\\/2023\\\/07\\\/logo_ED.jpg\",\"width\":272,\"height\":52,\"caption\":\"El Diario - Decano de la prensa nacional\"},\"image\":{\"@id\":\"https:\\\/\\\/www.eldiario.net\\\/portal\\\/#\\\/schema\\\/logo\\\/image\\\/\"},\"sameAs\":[\"https:\\\/\\\/www.facebook.com\\\/eldiario.bolivia\\\/\",\"https:\\\/\\\/x.com\\\/eldiario_net\"]},{\"@type\":\"Person\",\"@id\":\"https:\\\/\\\/www.eldiario.net\\\/portal\\\/#\\\/schema\\\/person\\\/f46445640444750d7d753ccd04ae01b7\",\"name\":\"Jeanette\",\"image\":{\"@type\":\"ImageObject\",\"inLanguage\":\"es\",\"@id\":\"https:\\\/\\\/secure.gravatar.com\\\/avatar\\\/3ea2118a5f7dad2b7138b1187a6b7ee55f160b9968b66013c3a3ef39dd7e5798?s=96&d=mm&r=g\",\"url\":\"https:\\\/\\\/secure.gravatar.com\\\/avatar\\\/3ea2118a5f7dad2b7138b1187a6b7ee55f160b9968b66013c3a3ef39dd7e5798?s=96&d=mm&r=g\",\"contentUrl\":\"https:\\\/\\\/secure.gravatar.com\\\/avatar\\\/3ea2118a5f7dad2b7138b1187a6b7ee55f160b9968b66013c3a3ef39dd7e5798?s=96&d=mm&r=g\",\"caption\":\"Jeanette\"},\"sameAs\":[\"https:\\\/\\\/www.eldiario.net\\\/portal\"],\"url\":\"https:\\\/\\\/www.eldiario.net\\\/portal\\\/author\\\/jeanette\\\/\"}]}<\/script>\n<!-- \/ Yoast SEO plugin. -->","yoast_head_json":{"title":"Senador Paz reitera que el censo de 2024 ser\u00e1 electoral - El Diario - Bolivia","robots":{"index":"index","follow":"follow","max-snippet":"max-snippet:-1","max-image-preview":"max-image-preview:large","max-video-preview":"max-video-preview:-1"},"canonical":"https:\/\/www.eldiario.net\/portal\/2023\/06\/18\/senador-paz-reitera-que-el-censo-de-2024-sera-electoral\/","og_locale":"es_ES","og_type":"article","og_title":"Senador Paz reitera que el censo de 2024 ser\u00e1 electoral - El Diario - Bolivia","og_description":"Asegurando que solo se obtendr\u00e1n datos para preparar los comicios generales de 2025, el senador por Comunidad Ciudadana (CC), Rodrigo Paz Pereira, afirm\u00f3 que el pr\u00f3ximo Censo Nacional de Poblaci\u00f3n y Vivienda, programado para marzo de la siguiente gesti\u00f3n, tendr\u00e1 car\u00e1cter electoral y no resolver\u00e1 las necesidades m\u00e1s urgentes de la poblaci\u00f3n. Seg\u00fan el asamble\u00edsta [&hellip;]","og_url":"https:\/\/www.eldiario.net\/portal\/2023\/06\/18\/senador-paz-reitera-que-el-censo-de-2024-sera-electoral\/","og_site_name":"El Diario - Bolivia","article_publisher":"https:\/\/www.facebook.com\/eldiario.bolivia\/","article_published_time":"2023-06-18T10:33:45+00:00","author":"Jeanette","twitter_card":"summary_large_image","twitter_creator":"@eldiario_net","twitter_site":"@eldiario_net","twitter_misc":{"Escrito por":"Jeanette","Tiempo de lectura":"3 minutos"},"schema":{"@context":"https:\/\/schema.org","@graph":[{"@type":"Article","@id":"https:\/\/www.eldiario.net\/portal\/2023\/06\/18\/senador-paz-reitera-que-el-censo-de-2024-sera-electoral\/#article","isPartOf":{"@id":"https:\/\/www.eldiario.net\/portal\/2023\/06\/18\/senador-paz-reitera-que-el-censo-de-2024-sera-electoral\/"},"author":{"name":"Jeanette","@id":"https:\/\/www.eldiario.net\/portal\/#\/schema\/person\/f46445640444750d7d753ccd04ae01b7"},"headline":"Senador Paz reitera que el censo de 2024 ser\u00e1 electoral","datePublished":"2023-06-18T10:33:45+00:00","mainEntityOfPage":{"@id":"https:\/\/www.eldiario.net\/portal\/2023\/06\/18\/senador-paz-reitera-que-el-censo-de-2024-sera-electoral\/"},"wordCount":538,"publisher":{"@id":"https:\/\/www.eldiario.net\/portal\/#organization"},"articleSection":["Pol\u00edtica"],"inLanguage":"es"},{"@type":"WebPage","@id":"https:\/\/www.eldiario.net\/portal\/2023\/06\/18\/senador-paz-reitera-que-el-censo-de-2024-sera-electoral\/","url":"https:\/\/www.eldiario.net\/portal\/2023\/06\/18\/senador-paz-reitera-que-el-censo-de-2024-sera-electoral\/","name":"Senador Paz reitera que el censo de 2024 ser\u00e1 electoral - El Diario - Bolivia","isPartOf":{"@id":"https:\/\/www.eldiario.net\/portal\/#website"},"datePublished":"2023-06-18T10:33:45+00:00","breadcrumb":{"@id":"https:\/\/www.eldiario.net\/portal\/2023\/06\/18\/senador-paz-reitera-que-el-censo-de-2024-sera-electoral\/#breadcrumb"},"inLanguage":"es","potentialAction":[{"@type":"ReadAction","target":["https:\/\/www.eldiario.net\/portal\/2023\/06\/18\/senador-paz-reitera-que-el-censo-de-2024-sera-electoral\/"]}]},{"@type":"BreadcrumbList","@id":"https:\/\/www.eldiario.net\/portal\/2023\/06\/18\/senador-paz-reitera-que-el-censo-de-2024-sera-electoral\/#breadcrumb","itemListElement":[{"@type":"ListItem","position":1,"name":"Portada","item":"https:\/\/www.eldiario.net\/portal\/"},{"@type":"ListItem","position":2,"name":"Senador Paz reitera que el censo de 2024 ser\u00e1 electoral"}]},{"@type":"WebSite","@id":"https:\/\/www.eldiario.net\/portal\/#website","url":"https:\/\/www.eldiario.net\/portal\/","name":"El Diario - Decano de la prensa nacional","description":"El Diario - Decano de la prensa nacional","publisher":{"@id":"https:\/\/www.eldiario.net\/portal\/#organization"},"potentialAction":[{"@type":"SearchAction","target":{"@type":"EntryPoint","urlTemplate":"https:\/\/www.eldiario.net\/portal\/?s={search_term_string}"},"query-input":{"@type":"PropertyValueSpecification","valueRequired":true,"valueName":"search_term_string"}}],"inLanguage":"es"},{"@type":"Organization","@id":"https:\/\/www.eldiario.net\/portal\/#organization","name":"El Diario - Decano de la prensa nacional","url":"https:\/\/www.eldiario.net\/portal\/","logo":{"@type":"ImageObject","inLanguage":"es","@id":"https:\/\/www.eldiario.net\/portal\/#\/schema\/logo\/image\/","url":"https:\/\/www.eldiario.net\/portal\/wp-content\/uploads\/2023\/07\/logo_ED.jpg","contentUrl":"https:\/\/www.eldiario.net\/portal\/wp-content\/uploads\/2023\/07\/logo_ED.jpg","width":272,"height":52,"caption":"El Diario - Decano de la prensa nacional"},"image":{"@id":"https:\/\/www.eldiario.net\/portal\/#\/schema\/logo\/image\/"},"sameAs":["https:\/\/www.facebook.com\/eldiario.bolivia\/","https:\/\/x.com\/eldiario_net"]},{"@type":"Person","@id":"https:\/\/www.eldiario.net\/portal\/#\/schema\/person\/f46445640444750d7d753ccd04ae01b7","name":"Jeanette","image":{"@type":"ImageObject","inLanguage":"es","@id":"https:\/\/secure.gravatar.com\/avatar\/3ea2118a5f7dad2b7138b1187a6b7ee55f160b9968b66013c3a3ef39dd7e5798?s=96&d=mm&r=g","url":"https:\/\/secure.gravatar.com\/avatar\/3ea2118a5f7dad2b7138b1187a6b7ee55f160b9968b66013c3a3ef39dd7e5798?s=96&d=mm&r=g","contentUrl":"https:\/\/secure.gravatar.com\/avatar\/3ea2118a5f7dad2b7138b1187a6b7ee55f160b9968b66013c3a3ef39dd7e5798?s=96&d=mm&r=g","caption":"Jeanette"},"sameAs":["https:\/\/www.eldiario.net\/portal"],"url":"https:\/\/www.eldiario.net\/portal\/author\/jeanette\/"}]}},"_links":{"self":[{"href":"https:\/\/www.eldiario.net\/portal\/wp-json\/wp\/v2\/posts\/160589","targetHints":{"allow":["GET"]}}],"collection":[{"href":"https:\/\/www.eldiario.net\/portal\/wp-json\/wp\/v2\/posts"}],"about":[{"href":"https:\/\/www.eldiario.net\/portal\/wp-json\/wp\/v2\/types\/post"}],"author":[{"embeddable":true,"href":"https:\/\/www.eldiario.net\/portal\/wp-json\/wp\/v2\/users\/1"}],"replies":[{"embeddable":true,"href":"https:\/\/www.eldiario.net\/portal\/wp-json\/wp\/v2\/comments?post=160589"}],"version-history":[{"count":0,"href":"https:\/\/www.eldiario.net\/portal\/wp-json\/wp\/v2\/posts\/160589\/revisions"}],"wp:attachment":[{"href":"https:\/\/www.eldiario.net\/portal\/wp-json\/wp\/v2\/media?parent=160589"}],"wp:term":[{"taxonomy":"category","embeddable":true,"href":"https:\/\/www.eldiario.net\/portal\/wp-json\/wp\/v2\/categories?post=160589"},{"taxonomy":"post_tag","embeddable":true,"href":"https:\/\/www.eldiario.net\/portal\/wp-json\/wp\/v2\/tags?post=160589"}],"curies":[{"name":"wp","href":"https:\/\/api.w.org\/{rel}","templated":true}]}}