{"id":160587,"date":"2023-06-18T06:33:23","date_gmt":"2023-06-18T10:33:23","guid":{"rendered":"https:\/\/www.eldiario.net\/portal\/?p=160587"},"modified":"2023-06-18T06:33:23","modified_gmt":"2023-06-18T10:33:23","slug":"al-menos-37-muertos-y-ocho-heridos-en-ataque-de-las-adf-a-una-escuela","status":"publish","type":"post","link":"https:\/\/www.eldiario.net\/portal\/2023\/06\/18\/al-menos-37-muertos-y-ocho-heridos-en-ataque-de-las-adf-a-una-escuela\/","title":{"rendered":"Al menos 37 muertos y ocho heridos  en ataque de las ADF a una escuela"},"content":{"rendered":"<p>El Ej\u00e9rcito de Uganda confirm\u00f3 al menos 37 muertos, ocho heridos y seis desaparecidos en un ataque perpetrado por las milicias de las Fuerzas Democr\u00e1ticas Aliadas (ADF) contra una escuela de Kasese, en el oeste del pa\u00eds africano.<br \/>\nEl incidente, seg\u00fan el comunicado militar, ocurri\u00f3 en la escuela secundaria privada Mpondwe Lhubiriha de esta localidad fronteriza con Rep\u00fablica Democr\u00e1tica del Congo (RDC), principal \u00e1mbito de actuaci\u00f3n de esta milicia, una de las m\u00e1s violentas del continente, que tuvo sus or\u00edgenes no obstante en suelo ugand\u00e9s.<br \/>\nEl Ej\u00e9rcito no precis\u00f3 cu\u00e1ntos de los fallecidos son estudiantes, pero un balance inicial de la Polic\u00eda estima 25 escolares muertos, junto a otros 20 que se cre\u00eda inicialmente secuestrados, aunque el Ej\u00e9rcito tuvo que lamentar el hallazgo posterior de algunos de sus cuerpos sin vida. Las fuerzas de seguridad, no obstante, hallaron a tres supervivientes ilesos del ataque.<br \/>\nTanto el Ej\u00e9rcito como el portavoz policial Fred Enanga confirm\u00f3 tambi\u00e9n ocho heridos, que se encuentran en estado cr\u00edtico y que est\u00e1n recibiendo atenci\u00f3n m\u00e9dica en el hospital de Bwera. El Ej\u00e9rcito y la Polic\u00eda lanz\u00f3 una operaci\u00f3n de b\u00fasqueda y captura en el parque nacional de Virunga, ruta de huida de los milicianos responsables del ataque, que el Ej\u00e9rcito cifra en cinco individuos, seg\u00fan su nota publicada en su cuenta de Twitter.<br \/>\nDe hecho, fuerzas a\u00e9reas y terrestres llegaron al lado congole\u00f1o del parque, donde una patrulla del Ej\u00e9rcito de RDC se sumar\u00e1 a la operaci\u00f3n, seg\u00fan confirm\u00f3 el jefe del Ej\u00e9rcito ugand\u00e9s en operaciones conjuntas, general Dick Olum.<br \/>\nDe acuerdo con las estimaciones del Ej\u00e9rcito, los atacantes proced\u00edan de Kasindi Port, una aldea junto al lago (en el lago Edward), en la frontera con Uganda, a 18 km de la frontera de Kasindi.<br \/>\nEl general ugand\u00e9s pide a las poblaciones fronterizas para que est\u00e9n alerta en todas las direcciones y colaboren con los servicios de seguridad para neutralizar a estos rebeldes.<br \/>\nLas ADF, creadas en la d\u00e9cada de los noventa y acusadas de las matanzas de miles de civiles, fue objeto de una escisi\u00f3n en 2019 despu\u00e9s de que su l\u00edder jur\u00f3 lealtad al grupo yihadista Estado Isl\u00e1mico en \u00c1frica Central (ISCA), bajo cuya bandera act\u00faa desde entonces. Naciones Unidas les atribuye m\u00e1s de 1.200 asesinatos de civiles tan solo en 2021.<br \/>\nSeg\u00fan el Bar\u00f3metro de la Seguridad de Kivu (KST, en sus siglas en ingl\u00e9s), las ADF son responsables de al menos 3.850 muertes en 730 ataques perpetrados en la Rep\u00fablica Democr\u00e1tica del Congo desde 2017.<br \/>\nAdem\u00e1s, las autoridades ugandesas acusaron al grupo de organizar ataques dentro de su territorio, incluidos dos atentados suicidas en Kampala en noviembre de 2021 y asesinatos por parte de motoristas armados contra altos funcionarios.<br \/>\nPara terminar con las ADF, los ej\u00e9rcitos de la RDC y Uganda empezaron en noviembre de 2021 una operaci\u00f3n militar conjunta en suelo congole\u00f1o que sigue en curso, aunque los ataques rebeldes no cesaron.<br \/>\nDesde 1998, el este de la RDC est\u00e1 sumido en un conflicto alimentado por las milicias rebeldes y el Ej\u00e9rcito, pese a la presencia de la misi\u00f3n de la ONU en la RDC (Monusco), con unos 16.000 uniformados sobre el terreno.<br \/>\nLas ADF se oponen al gobierno del presidente de Uganda, Yoweri Museveni, un aliado de seguridad de Estados Unidos en el poder desde 1986. (Europa Press).<\/p>\n","protected":false},"excerpt":{"rendered":"<p>El Ej\u00e9rcito de Uganda confirm\u00f3 al menos 37 muertos, ocho heridos y seis desaparecidos en un ataque perpetrado por las milicias de las Fuerzas Democr\u00e1ticas Aliadas (ADF) contra una escuela de Kasese, en el oeste del pa\u00eds africano. El incidente, seg\u00fan el comunicado militar, ocurri\u00f3 en la escuela secundaria privada Mpondwe Lhubiriha de esta localidad [&hellip;]<\/p>\n","protected":false},"author":1,"featured_media":0,"comment_status":"closed","ping_status":"closed","sticky":false,"template":"","format":"standard","meta":{"_acf_changed":false,"footnotes":""},"categories":[3],"tags":[],"class_list":["post-160587","post","type-post","status-publish","format-standard","category-internacional"],"acf":{"antetitulo":""},"yoast_head":"<!-- This site is optimized with the Yoast SEO plugin v28.3 - https:\/\/yoast.com\/product\/yoast-seo-wordpress\/ -->\n<title>Al menos 37 muertos y ocho heridos en ataque de las ADF a una escuela - El Diario - Bolivia<\/title>\n<meta name=\"robots\" content=\"index, follow, max-snippet:-1, max-image-preview:large, max-video-preview:-1\" \/>\n<link rel=\"canonical\" href=\"https:\/\/www.eldiario.net\/portal\/2023\/06\/18\/al-menos-37-muertos-y-ocho-heridos-en-ataque-de-las-adf-a-una-escuela\/\" \/>\n<meta property=\"og:locale\" content=\"es_ES\" \/>\n<meta property=\"og:type\" content=\"article\" \/>\n<meta property=\"og:title\" content=\"Al menos 37 muertos y ocho heridos en ataque de las ADF a una escuela - El Diario - Bolivia\" \/>\n<meta property=\"og:description\" content=\"El Ej\u00e9rcito de Uganda confirm\u00f3 al menos 37 muertos, ocho heridos y seis desaparecidos en un ataque perpetrado por las milicias de las Fuerzas Democr\u00e1ticas Aliadas (ADF) contra una escuela de Kasese, en el oeste del pa\u00eds africano. El incidente, seg\u00fan el comunicado militar, ocurri\u00f3 en la escuela secundaria privada Mpondwe Lhubiriha de esta localidad [&hellip;]\" \/>\n<meta property=\"og:url\" content=\"https:\/\/www.eldiario.net\/portal\/2023\/06\/18\/al-menos-37-muertos-y-ocho-heridos-en-ataque-de-las-adf-a-una-escuela\/\" \/>\n<meta property=\"og:site_name\" content=\"El Diario - Bolivia\" \/>\n<meta property=\"article:publisher\" content=\"https:\/\/www.facebook.com\/eldiario.bolivia\/\" \/>\n<meta property=\"article:published_time\" content=\"2023-06-18T10:33:23+00:00\" \/>\n<meta name=\"author\" content=\"Jeanette\" \/>\n<meta name=\"twitter:card\" content=\"summary_large_image\" \/>\n<meta name=\"twitter:creator\" content=\"@eldiario_net\" \/>\n<meta name=\"twitter:site\" content=\"@eldiario_net\" \/>\n<meta name=\"twitter:label1\" content=\"Escrito por\" \/>\n\t<meta name=\"twitter:data1\" content=\"Jeanette\" \/>\n\t<meta name=\"twitter:label2\" content=\"Tiempo de lectura\" \/>\n\t<meta name=\"twitter:data2\" content=\"3 minutos\" \/>\n<script type=\"application\/ld+json\" class=\"yoast-schema-graph\">{\"@context\":\"https:\\\/\\\/schema.org\",\"@graph\":[{\"@type\":\"Article\",\"@id\":\"https:\\\/\\\/www.eldiario.net\\\/portal\\\/2023\\\/06\\\/18\\\/al-menos-37-muertos-y-ocho-heridos-en-ataque-de-las-adf-a-una-escuela\\\/#article\",\"isPartOf\":{\"@id\":\"https:\\\/\\\/www.eldiario.net\\\/portal\\\/2023\\\/06\\\/18\\\/al-menos-37-muertos-y-ocho-heridos-en-ataque-de-las-adf-a-una-escuela\\\/\"},\"author\":{\"name\":\"Jeanette\",\"@id\":\"https:\\\/\\\/www.eldiario.net\\\/portal\\\/#\\\/schema\\\/person\\\/f46445640444750d7d753ccd04ae01b7\"},\"headline\":\"Al menos 37 muertos y ocho heridos en ataque de las ADF a una escuela\",\"datePublished\":\"2023-06-18T10:33:23+00:00\",\"mainEntityOfPage\":{\"@id\":\"https:\\\/\\\/www.eldiario.net\\\/portal\\\/2023\\\/06\\\/18\\\/al-menos-37-muertos-y-ocho-heridos-en-ataque-de-las-adf-a-una-escuela\\\/\"},\"wordCount\":603,\"publisher\":{\"@id\":\"https:\\\/\\\/www.eldiario.net\\\/portal\\\/#organization\"},\"articleSection\":[\"Internacional\"],\"inLanguage\":\"es\"},{\"@type\":\"WebPage\",\"@id\":\"https:\\\/\\\/www.eldiario.net\\\/portal\\\/2023\\\/06\\\/18\\\/al-menos-37-muertos-y-ocho-heridos-en-ataque-de-las-adf-a-una-escuela\\\/\",\"url\":\"https:\\\/\\\/www.eldiario.net\\\/portal\\\/2023\\\/06\\\/18\\\/al-menos-37-muertos-y-ocho-heridos-en-ataque-de-las-adf-a-una-escuela\\\/\",\"name\":\"Al menos 37 muertos y ocho heridos en ataque de las ADF a una escuela - El Diario - Bolivia\",\"isPartOf\":{\"@id\":\"https:\\\/\\\/www.eldiario.net\\\/portal\\\/#website\"},\"datePublished\":\"2023-06-18T10:33:23+00:00\",\"breadcrumb\":{\"@id\":\"https:\\\/\\\/www.eldiario.net\\\/portal\\\/2023\\\/06\\\/18\\\/al-menos-37-muertos-y-ocho-heridos-en-ataque-de-las-adf-a-una-escuela\\\/#breadcrumb\"},\"inLanguage\":\"es\",\"potentialAction\":[{\"@type\":\"ReadAction\",\"target\":[\"https:\\\/\\\/www.eldiario.net\\\/portal\\\/2023\\\/06\\\/18\\\/al-menos-37-muertos-y-ocho-heridos-en-ataque-de-las-adf-a-una-escuela\\\/\"]}]},{\"@type\":\"BreadcrumbList\",\"@id\":\"https:\\\/\\\/www.eldiario.net\\\/portal\\\/2023\\\/06\\\/18\\\/al-menos-37-muertos-y-ocho-heridos-en-ataque-de-las-adf-a-una-escuela\\\/#breadcrumb\",\"itemListElement\":[{\"@type\":\"ListItem\",\"position\":1,\"name\":\"Portada\",\"item\":\"https:\\\/\\\/www.eldiario.net\\\/portal\\\/\"},{\"@type\":\"ListItem\",\"position\":2,\"name\":\"Al menos 37 muertos y ocho heridos en ataque de las ADF a una escuela\"}]},{\"@type\":\"WebSite\",\"@id\":\"https:\\\/\\\/www.eldiario.net\\\/portal\\\/#website\",\"url\":\"https:\\\/\\\/www.eldiario.net\\\/portal\\\/\",\"name\":\"El Diario - Decano de la prensa nacional\",\"description\":\"El Diario - Decano de la prensa nacional\",\"publisher\":{\"@id\":\"https:\\\/\\\/www.eldiario.net\\\/portal\\\/#organization\"},\"potentialAction\":[{\"@type\":\"SearchAction\",\"target\":{\"@type\":\"EntryPoint\",\"urlTemplate\":\"https:\\\/\\\/www.eldiario.net\\\/portal\\\/?s={search_term_string}\"},\"query-input\":{\"@type\":\"PropertyValueSpecification\",\"valueRequired\":true,\"valueName\":\"search_term_string\"}}],\"inLanguage\":\"es\"},{\"@type\":\"Organization\",\"@id\":\"https:\\\/\\\/www.eldiario.net\\\/portal\\\/#organization\",\"name\":\"El Diario - Decano de la prensa nacional\",\"url\":\"https:\\\/\\\/www.eldiario.net\\\/portal\\\/\",\"logo\":{\"@type\":\"ImageObject\",\"inLanguage\":\"es\",\"@id\":\"https:\\\/\\\/www.eldiario.net\\\/portal\\\/#\\\/schema\\\/logo\\\/image\\\/\",\"url\":\"https:\\\/\\\/www.eldiario.net\\\/portal\\\/wp-content\\\/uploads\\\/2023\\\/07\\\/logo_ED.jpg\",\"contentUrl\":\"https:\\\/\\\/www.eldiario.net\\\/portal\\\/wp-content\\\/uploads\\\/2023\\\/07\\\/logo_ED.jpg\",\"width\":272,\"height\":52,\"caption\":\"El Diario - Decano de la prensa nacional\"},\"image\":{\"@id\":\"https:\\\/\\\/www.eldiario.net\\\/portal\\\/#\\\/schema\\\/logo\\\/image\\\/\"},\"sameAs\":[\"https:\\\/\\\/www.facebook.com\\\/eldiario.bolivia\\\/\",\"https:\\\/\\\/x.com\\\/eldiario_net\"]},{\"@type\":\"Person\",\"@id\":\"https:\\\/\\\/www.eldiario.net\\\/portal\\\/#\\\/schema\\\/person\\\/f46445640444750d7d753ccd04ae01b7\",\"name\":\"Jeanette\",\"image\":{\"@type\":\"ImageObject\",\"inLanguage\":\"es\",\"@id\":\"https:\\\/\\\/secure.gravatar.com\\\/avatar\\\/3ea2118a5f7dad2b7138b1187a6b7ee55f160b9968b66013c3a3ef39dd7e5798?s=96&d=mm&r=g\",\"url\":\"https:\\\/\\\/secure.gravatar.com\\\/avatar\\\/3ea2118a5f7dad2b7138b1187a6b7ee55f160b9968b66013c3a3ef39dd7e5798?s=96&d=mm&r=g\",\"contentUrl\":\"https:\\\/\\\/secure.gravatar.com\\\/avatar\\\/3ea2118a5f7dad2b7138b1187a6b7ee55f160b9968b66013c3a3ef39dd7e5798?s=96&d=mm&r=g\",\"caption\":\"Jeanette\"},\"sameAs\":[\"https:\\\/\\\/www.eldiario.net\\\/portal\"],\"url\":\"https:\\\/\\\/www.eldiario.net\\\/portal\\\/author\\\/jeanette\\\/\"}]}<\/script>\n<!-- \/ Yoast SEO plugin. -->","yoast_head_json":{"title":"Al menos 37 muertos y ocho heridos en ataque de las ADF a una escuela - El Diario - Bolivia","robots":{"index":"index","follow":"follow","max-snippet":"max-snippet:-1","max-image-preview":"max-image-preview:large","max-video-preview":"max-video-preview:-1"},"canonical":"https:\/\/www.eldiario.net\/portal\/2023\/06\/18\/al-menos-37-muertos-y-ocho-heridos-en-ataque-de-las-adf-a-una-escuela\/","og_locale":"es_ES","og_type":"article","og_title":"Al menos 37 muertos y ocho heridos en ataque de las ADF a una escuela - El Diario - Bolivia","og_description":"El Ej\u00e9rcito de Uganda confirm\u00f3 al menos 37 muertos, ocho heridos y seis desaparecidos en un ataque perpetrado por las milicias de las Fuerzas Democr\u00e1ticas Aliadas (ADF) contra una escuela de Kasese, en el oeste del pa\u00eds africano. El incidente, seg\u00fan el comunicado militar, ocurri\u00f3 en la escuela secundaria privada Mpondwe Lhubiriha de esta localidad [&hellip;]","og_url":"https:\/\/www.eldiario.net\/portal\/2023\/06\/18\/al-menos-37-muertos-y-ocho-heridos-en-ataque-de-las-adf-a-una-escuela\/","og_site_name":"El Diario - Bolivia","article_publisher":"https:\/\/www.facebook.com\/eldiario.bolivia\/","article_published_time":"2023-06-18T10:33:23+00:00","author":"Jeanette","twitter_card":"summary_large_image","twitter_creator":"@eldiario_net","twitter_site":"@eldiario_net","twitter_misc":{"Escrito por":"Jeanette","Tiempo de lectura":"3 minutos"},"schema":{"@context":"https:\/\/schema.org","@graph":[{"@type":"Article","@id":"https:\/\/www.eldiario.net\/portal\/2023\/06\/18\/al-menos-37-muertos-y-ocho-heridos-en-ataque-de-las-adf-a-una-escuela\/#article","isPartOf":{"@id":"https:\/\/www.eldiario.net\/portal\/2023\/06\/18\/al-menos-37-muertos-y-ocho-heridos-en-ataque-de-las-adf-a-una-escuela\/"},"author":{"name":"Jeanette","@id":"https:\/\/www.eldiario.net\/portal\/#\/schema\/person\/f46445640444750d7d753ccd04ae01b7"},"headline":"Al menos 37 muertos y ocho heridos en ataque de las ADF a una escuela","datePublished":"2023-06-18T10:33:23+00:00","mainEntityOfPage":{"@id":"https:\/\/www.eldiario.net\/portal\/2023\/06\/18\/al-menos-37-muertos-y-ocho-heridos-en-ataque-de-las-adf-a-una-escuela\/"},"wordCount":603,"publisher":{"@id":"https:\/\/www.eldiario.net\/portal\/#organization"},"articleSection":["Internacional"],"inLanguage":"es"},{"@type":"WebPage","@id":"https:\/\/www.eldiario.net\/portal\/2023\/06\/18\/al-menos-37-muertos-y-ocho-heridos-en-ataque-de-las-adf-a-una-escuela\/","url":"https:\/\/www.eldiario.net\/portal\/2023\/06\/18\/al-menos-37-muertos-y-ocho-heridos-en-ataque-de-las-adf-a-una-escuela\/","name":"Al menos 37 muertos y ocho heridos en ataque de las ADF a una escuela - El Diario - Bolivia","isPartOf":{"@id":"https:\/\/www.eldiario.net\/portal\/#website"},"datePublished":"2023-06-18T10:33:23+00:00","breadcrumb":{"@id":"https:\/\/www.eldiario.net\/portal\/2023\/06\/18\/al-menos-37-muertos-y-ocho-heridos-en-ataque-de-las-adf-a-una-escuela\/#breadcrumb"},"inLanguage":"es","potentialAction":[{"@type":"ReadAction","target":["https:\/\/www.eldiario.net\/portal\/2023\/06\/18\/al-menos-37-muertos-y-ocho-heridos-en-ataque-de-las-adf-a-una-escuela\/"]}]},{"@type":"BreadcrumbList","@id":"https:\/\/www.eldiario.net\/portal\/2023\/06\/18\/al-menos-37-muertos-y-ocho-heridos-en-ataque-de-las-adf-a-una-escuela\/#breadcrumb","itemListElement":[{"@type":"ListItem","position":1,"name":"Portada","item":"https:\/\/www.eldiario.net\/portal\/"},{"@type":"ListItem","position":2,"name":"Al menos 37 muertos y ocho heridos en ataque de las ADF a una escuela"}]},{"@type":"WebSite","@id":"https:\/\/www.eldiario.net\/portal\/#website","url":"https:\/\/www.eldiario.net\/portal\/","name":"El Diario - Decano de la prensa nacional","description":"El Diario - Decano de la prensa nacional","publisher":{"@id":"https:\/\/www.eldiario.net\/portal\/#organization"},"potentialAction":[{"@type":"SearchAction","target":{"@type":"EntryPoint","urlTemplate":"https:\/\/www.eldiario.net\/portal\/?s={search_term_string}"},"query-input":{"@type":"PropertyValueSpecification","valueRequired":true,"valueName":"search_term_string"}}],"inLanguage":"es"},{"@type":"Organization","@id":"https:\/\/www.eldiario.net\/portal\/#organization","name":"El Diario - Decano de la prensa nacional","url":"https:\/\/www.eldiario.net\/portal\/","logo":{"@type":"ImageObject","inLanguage":"es","@id":"https:\/\/www.eldiario.net\/portal\/#\/schema\/logo\/image\/","url":"https:\/\/www.eldiario.net\/portal\/wp-content\/uploads\/2023\/07\/logo_ED.jpg","contentUrl":"https:\/\/www.eldiario.net\/portal\/wp-content\/uploads\/2023\/07\/logo_ED.jpg","width":272,"height":52,"caption":"El Diario - Decano de la prensa nacional"},"image":{"@id":"https:\/\/www.eldiario.net\/portal\/#\/schema\/logo\/image\/"},"sameAs":["https:\/\/www.facebook.com\/eldiario.bolivia\/","https:\/\/x.com\/eldiario_net"]},{"@type":"Person","@id":"https:\/\/www.eldiario.net\/portal\/#\/schema\/person\/f46445640444750d7d753ccd04ae01b7","name":"Jeanette","image":{"@type":"ImageObject","inLanguage":"es","@id":"https:\/\/secure.gravatar.com\/avatar\/3ea2118a5f7dad2b7138b1187a6b7ee55f160b9968b66013c3a3ef39dd7e5798?s=96&d=mm&r=g","url":"https:\/\/secure.gravatar.com\/avatar\/3ea2118a5f7dad2b7138b1187a6b7ee55f160b9968b66013c3a3ef39dd7e5798?s=96&d=mm&r=g","contentUrl":"https:\/\/secure.gravatar.com\/avatar\/3ea2118a5f7dad2b7138b1187a6b7ee55f160b9968b66013c3a3ef39dd7e5798?s=96&d=mm&r=g","caption":"Jeanette"},"sameAs":["https:\/\/www.eldiario.net\/portal"],"url":"https:\/\/www.eldiario.net\/portal\/author\/jeanette\/"}]}},"_links":{"self":[{"href":"https:\/\/www.eldiario.net\/portal\/wp-json\/wp\/v2\/posts\/160587","targetHints":{"allow":["GET"]}}],"collection":[{"href":"https:\/\/www.eldiario.net\/portal\/wp-json\/wp\/v2\/posts"}],"about":[{"href":"https:\/\/www.eldiario.net\/portal\/wp-json\/wp\/v2\/types\/post"}],"author":[{"embeddable":true,"href":"https:\/\/www.eldiario.net\/portal\/wp-json\/wp\/v2\/users\/1"}],"replies":[{"embeddable":true,"href":"https:\/\/www.eldiario.net\/portal\/wp-json\/wp\/v2\/comments?post=160587"}],"version-history":[{"count":0,"href":"https:\/\/www.eldiario.net\/portal\/wp-json\/wp\/v2\/posts\/160587\/revisions"}],"wp:attachment":[{"href":"https:\/\/www.eldiario.net\/portal\/wp-json\/wp\/v2\/media?parent=160587"}],"wp:term":[{"taxonomy":"category","embeddable":true,"href":"https:\/\/www.eldiario.net\/portal\/wp-json\/wp\/v2\/categories?post=160587"},{"taxonomy":"post_tag","embeddable":true,"href":"https:\/\/www.eldiario.net\/portal\/wp-json\/wp\/v2\/tags?post=160587"}],"curies":[{"name":"wp","href":"https:\/\/api.w.org\/{rel}","templated":true}]}}