{"id":160584,"date":"2023-06-18T06:32:09","date_gmt":"2023-06-18T10:32:09","guid":{"rendered":"https:\/\/www.eldiario.net\/portal\/?p=160584"},"modified":"2023-06-18T06:32:09","modified_gmt":"2023-06-18T10:32:09","slug":"mas-de-30-ninos-muertos-y-casi-46-000-infectados-en-el-mayor-brote-de-dengue","status":"publish","type":"post","link":"https:\/\/www.eldiario.net\/portal\/2023\/06\/18\/mas-de-30-ninos-muertos-y-casi-46-000-infectados-en-el-mayor-brote-de-dengue\/","title":{"rendered":"M\u00e1s de 30 ni\u00f1os muertos y casi 46.000  infectados en el mayor brote de dengue"},"content":{"rendered":"<p>Al menos 31 ni\u00f1os y adolescentes fallecieron en Per\u00fa como consecuencia del dengue y otros 45.900 fueron infectados con el virus, por el que se considera, el peor brote de la enfermedad en m\u00e1s de una d\u00e9cada, seg\u00fan la ONG Save the Children.<br \/>\nEn lo que va de 2023, se registr\u00f3 m\u00e1s de 150.294 nuevos casos de dengue en el pa\u00eds. Este dato es el mayor desde 2017, cuando se notificaron 74.000 casos en todo el a\u00f1o.<br \/>\nEste brote de dengue afect\u00f3 a 18 de las 24 regiones del pa\u00eds y motiv\u00f3 a que se declare en ellas el estado de emergencia. El n\u00famero total de v\u00edctimas mortales se elev\u00f3 a 252 en todo el pa\u00eds.<br \/>\nLos ni\u00f1os, ni\u00f1as y adolescentes representan m\u00e1s del 30 por ciento de todos los casos del \u00faltimo brote en Per\u00fa. Estos grupos de edad, se\u00f1al\u00f3 Save the Children, son especialmente vulnerables a esta enfermedad porque su sistema inmunitario es m\u00e1s d\u00e9bil que el de los adultos y suelen jugar al aire libre, donde existe menos protecci\u00f3n contra los mosquitos.<br \/>\n\u00abAl igual que con el covid-19, nos afecta mucho, incluso mata a algunos ni\u00f1os y muchos de nosotros ahora tenemos que volver a dar nuestras clases en casa. La gente est\u00e1 muy asustada\u00bb, explic\u00f3 Andr\u00e9s, un adolescente de 16 a\u00f1os de la regi\u00f3n de Lima.<br \/>\nEstas cifras ponen de manifiesto la alta vulnerabilidad de la infancia a esta enfermedad y la necesidad de reforzar las medidas de prevenci\u00f3n y control contra el dengue, tal y como apunt\u00f3 Save the Children en su \u00faltimo comunicado.<br \/>\nEl dengue es com\u00fan en las zonas tropicales del mundo y los brotes son t\u00edpicos durante las estaciones lluviosas. Por ello, hacer frente a este brote fue un reto para Per\u00fa, cuyas condiciones clim\u00e1ticas, con altas temperaturas y las fuertes lluvias, intensificadas con la llegada del cicl\u00f3n Yaku, generaron un entorno ideal para la reproducci\u00f3n del mosquito transmisor del virus.<br \/>\nFiebre, somnolencia, falta de energ\u00eda, irritabilidad, erupci\u00f3n cut\u00e1nea, v\u00f3mitos y sangrado inusual, son algunos de los s\u00edntomas m\u00e1s frecuentes de esta enfermedad, que se transmite a trav\u00e9s del mosquito Aedes aegypti. (Europa Press).<\/p>\n","protected":false},"excerpt":{"rendered":"<p>Al menos 31 ni\u00f1os y adolescentes fallecieron en Per\u00fa como consecuencia del dengue y otros 45.900 fueron infectados con el virus, por el que se considera, el peor brote de la enfermedad en m\u00e1s de una d\u00e9cada, seg\u00fan la ONG Save the Children. En lo que va de 2023, se registr\u00f3 m\u00e1s de 150.294 nuevos [&hellip;]<\/p>\n","protected":false},"author":1,"featured_media":160585,"comment_status":"closed","ping_status":"closed","sticky":false,"template":"","format":"standard","meta":{"_acf_changed":false,"footnotes":""},"categories":[3],"tags":[],"class_list":["post-160584","post","type-post","status-publish","format-standard","has-post-thumbnail","category-internacional"],"acf":{"antetitulo":""},"yoast_head":"<!-- This site is optimized with the Yoast SEO plugin v28.3 - https:\/\/yoast.com\/product\/yoast-seo-wordpress\/ -->\n<title>M\u00e1s de 30 ni\u00f1os muertos y casi 46.000 infectados en el mayor brote de dengue - El Diario - Bolivia<\/title>\n<meta name=\"robots\" content=\"index, follow, max-snippet:-1, max-image-preview:large, max-video-preview:-1\" \/>\n<link rel=\"canonical\" href=\"https:\/\/www.eldiario.net\/portal\/2023\/06\/18\/mas-de-30-ninos-muertos-y-casi-46-000-infectados-en-el-mayor-brote-de-dengue\/\" \/>\n<meta property=\"og:locale\" content=\"es_ES\" \/>\n<meta property=\"og:type\" content=\"article\" \/>\n<meta property=\"og:title\" content=\"M\u00e1s de 30 ni\u00f1os muertos y casi 46.000 infectados en el mayor brote de dengue - El Diario - Bolivia\" \/>\n<meta property=\"og:description\" content=\"Al menos 31 ni\u00f1os y adolescentes fallecieron en Per\u00fa como consecuencia del dengue y otros 45.900 fueron infectados con el virus, por el que se considera, el peor brote de la enfermedad en m\u00e1s de una d\u00e9cada, seg\u00fan la ONG Save the Children. En lo que va de 2023, se registr\u00f3 m\u00e1s de 150.294 nuevos [&hellip;]\" \/>\n<meta property=\"og:url\" content=\"https:\/\/www.eldiario.net\/portal\/2023\/06\/18\/mas-de-30-ninos-muertos-y-casi-46-000-infectados-en-el-mayor-brote-de-dengue\/\" \/>\n<meta property=\"og:site_name\" content=\"El Diario - Bolivia\" \/>\n<meta property=\"article:publisher\" content=\"https:\/\/www.facebook.com\/eldiario.bolivia\/\" \/>\n<meta property=\"article:published_time\" content=\"2023-06-18T10:32:09+00:00\" \/>\n<meta property=\"og:image\" content=\"https:\/\/www.eldiario.net\/portal\/wp-content\/uploads\/2023\/06\/CAMILLAS.jpeg\" \/>\n\t<meta property=\"og:image:width\" content=\"1200\" \/>\n\t<meta property=\"og:image:height\" content=\"675\" \/>\n\t<meta property=\"og:image:type\" content=\"image\/jpeg\" \/>\n<meta name=\"author\" content=\"Jeanette\" \/>\n<meta name=\"twitter:card\" content=\"summary_large_image\" \/>\n<meta name=\"twitter:creator\" content=\"@eldiario_net\" \/>\n<meta name=\"twitter:site\" content=\"@eldiario_net\" \/>\n<meta name=\"twitter:label1\" content=\"Escrito por\" \/>\n\t<meta name=\"twitter:data1\" content=\"Jeanette\" \/>\n\t<meta name=\"twitter:label2\" content=\"Tiempo de lectura\" \/>\n\t<meta name=\"twitter:data2\" content=\"2 minutos\" \/>\n<script type=\"application\/ld+json\" class=\"yoast-schema-graph\">{\"@context\":\"https:\\\/\\\/schema.org\",\"@graph\":[{\"@type\":\"Article\",\"@id\":\"https:\\\/\\\/www.eldiario.net\\\/portal\\\/2023\\\/06\\\/18\\\/mas-de-30-ninos-muertos-y-casi-46-000-infectados-en-el-mayor-brote-de-dengue\\\/#article\",\"isPartOf\":{\"@id\":\"https:\\\/\\\/www.eldiario.net\\\/portal\\\/2023\\\/06\\\/18\\\/mas-de-30-ninos-muertos-y-casi-46-000-infectados-en-el-mayor-brote-de-dengue\\\/\"},\"author\":{\"name\":\"Jeanette\",\"@id\":\"https:\\\/\\\/www.eldiario.net\\\/portal\\\/#\\\/schema\\\/person\\\/f46445640444750d7d753ccd04ae01b7\"},\"headline\":\"M\u00e1s de 30 ni\u00f1os muertos y casi 46.000 infectados en el mayor brote de dengue\",\"datePublished\":\"2023-06-18T10:32:09+00:00\",\"mainEntityOfPage\":{\"@id\":\"https:\\\/\\\/www.eldiario.net\\\/portal\\\/2023\\\/06\\\/18\\\/mas-de-30-ninos-muertos-y-casi-46-000-infectados-en-el-mayor-brote-de-dengue\\\/\"},\"wordCount\":391,\"publisher\":{\"@id\":\"https:\\\/\\\/www.eldiario.net\\\/portal\\\/#organization\"},\"image\":{\"@id\":\"https:\\\/\\\/www.eldiario.net\\\/portal\\\/2023\\\/06\\\/18\\\/mas-de-30-ninos-muertos-y-casi-46-000-infectados-en-el-mayor-brote-de-dengue\\\/#primaryimage\"},\"thumbnailUrl\":\"https:\\\/\\\/www.eldiario.net\\\/portal\\\/wp-content\\\/uploads\\\/2023\\\/06\\\/CAMILLAS.jpeg\",\"articleSection\":[\"Internacional\"],\"inLanguage\":\"es\"},{\"@type\":\"WebPage\",\"@id\":\"https:\\\/\\\/www.eldiario.net\\\/portal\\\/2023\\\/06\\\/18\\\/mas-de-30-ninos-muertos-y-casi-46-000-infectados-en-el-mayor-brote-de-dengue\\\/\",\"url\":\"https:\\\/\\\/www.eldiario.net\\\/portal\\\/2023\\\/06\\\/18\\\/mas-de-30-ninos-muertos-y-casi-46-000-infectados-en-el-mayor-brote-de-dengue\\\/\",\"name\":\"M\u00e1s de 30 ni\u00f1os muertos y casi 46.000 infectados en el mayor brote de dengue - El Diario - Bolivia\",\"isPartOf\":{\"@id\":\"https:\\\/\\\/www.eldiario.net\\\/portal\\\/#website\"},\"primaryImageOfPage\":{\"@id\":\"https:\\\/\\\/www.eldiario.net\\\/portal\\\/2023\\\/06\\\/18\\\/mas-de-30-ninos-muertos-y-casi-46-000-infectados-en-el-mayor-brote-de-dengue\\\/#primaryimage\"},\"image\":{\"@id\":\"https:\\\/\\\/www.eldiario.net\\\/portal\\\/2023\\\/06\\\/18\\\/mas-de-30-ninos-muertos-y-casi-46-000-infectados-en-el-mayor-brote-de-dengue\\\/#primaryimage\"},\"thumbnailUrl\":\"https:\\\/\\\/www.eldiario.net\\\/portal\\\/wp-content\\\/uploads\\\/2023\\\/06\\\/CAMILLAS.jpeg\",\"datePublished\":\"2023-06-18T10:32:09+00:00\",\"breadcrumb\":{\"@id\":\"https:\\\/\\\/www.eldiario.net\\\/portal\\\/2023\\\/06\\\/18\\\/mas-de-30-ninos-muertos-y-casi-46-000-infectados-en-el-mayor-brote-de-dengue\\\/#breadcrumb\"},\"inLanguage\":\"es\",\"potentialAction\":[{\"@type\":\"ReadAction\",\"target\":[\"https:\\\/\\\/www.eldiario.net\\\/portal\\\/2023\\\/06\\\/18\\\/mas-de-30-ninos-muertos-y-casi-46-000-infectados-en-el-mayor-brote-de-dengue\\\/\"]}]},{\"@type\":\"ImageObject\",\"inLanguage\":\"es\",\"@id\":\"https:\\\/\\\/www.eldiario.net\\\/portal\\\/2023\\\/06\\\/18\\\/mas-de-30-ninos-muertos-y-casi-46-000-infectados-en-el-mayor-brote-de-dengue\\\/#primaryimage\",\"url\":\"https:\\\/\\\/www.eldiario.net\\\/portal\\\/wp-content\\\/uploads\\\/2023\\\/06\\\/CAMILLAS.jpeg\",\"contentUrl\":\"https:\\\/\\\/www.eldiario.net\\\/portal\\\/wp-content\\\/uploads\\\/2023\\\/06\\\/CAMILLAS.jpeg\",\"width\":1200,\"height\":675,\"caption\":\"POR LA LETALIDAD DEL VIRUS, AUTORIDADES PIDEN DECLARAR ESTADO DE EMERGENCIA.\"},{\"@type\":\"BreadcrumbList\",\"@id\":\"https:\\\/\\\/www.eldiario.net\\\/portal\\\/2023\\\/06\\\/18\\\/mas-de-30-ninos-muertos-y-casi-46-000-infectados-en-el-mayor-brote-de-dengue\\\/#breadcrumb\",\"itemListElement\":[{\"@type\":\"ListItem\",\"position\":1,\"name\":\"Portada\",\"item\":\"https:\\\/\\\/www.eldiario.net\\\/portal\\\/\"},{\"@type\":\"ListItem\",\"position\":2,\"name\":\"M\u00e1s de 30 ni\u00f1os muertos y casi 46.000 infectados en el mayor brote de dengue\"}]},{\"@type\":\"WebSite\",\"@id\":\"https:\\\/\\\/www.eldiario.net\\\/portal\\\/#website\",\"url\":\"https:\\\/\\\/www.eldiario.net\\\/portal\\\/\",\"name\":\"El Diario - Decano de la prensa nacional\",\"description\":\"El Diario - Decano de la prensa nacional\",\"publisher\":{\"@id\":\"https:\\\/\\\/www.eldiario.net\\\/portal\\\/#organization\"},\"potentialAction\":[{\"@type\":\"SearchAction\",\"target\":{\"@type\":\"EntryPoint\",\"urlTemplate\":\"https:\\\/\\\/www.eldiario.net\\\/portal\\\/?s={search_term_string}\"},\"query-input\":{\"@type\":\"PropertyValueSpecification\",\"valueRequired\":true,\"valueName\":\"search_term_string\"}}],\"inLanguage\":\"es\"},{\"@type\":\"Organization\",\"@id\":\"https:\\\/\\\/www.eldiario.net\\\/portal\\\/#organization\",\"name\":\"El Diario - Decano de la prensa nacional\",\"url\":\"https:\\\/\\\/www.eldiario.net\\\/portal\\\/\",\"logo\":{\"@type\":\"ImageObject\",\"inLanguage\":\"es\",\"@id\":\"https:\\\/\\\/www.eldiario.net\\\/portal\\\/#\\\/schema\\\/logo\\\/image\\\/\",\"url\":\"https:\\\/\\\/www.eldiario.net\\\/portal\\\/wp-content\\\/uploads\\\/2023\\\/07\\\/logo_ED.jpg\",\"contentUrl\":\"https:\\\/\\\/www.eldiario.net\\\/portal\\\/wp-content\\\/uploads\\\/2023\\\/07\\\/logo_ED.jpg\",\"width\":272,\"height\":52,\"caption\":\"El Diario - Decano de la prensa nacional\"},\"image\":{\"@id\":\"https:\\\/\\\/www.eldiario.net\\\/portal\\\/#\\\/schema\\\/logo\\\/image\\\/\"},\"sameAs\":[\"https:\\\/\\\/www.facebook.com\\\/eldiario.bolivia\\\/\",\"https:\\\/\\\/x.com\\\/eldiario_net\"]},{\"@type\":\"Person\",\"@id\":\"https:\\\/\\\/www.eldiario.net\\\/portal\\\/#\\\/schema\\\/person\\\/f46445640444750d7d753ccd04ae01b7\",\"name\":\"Jeanette\",\"image\":{\"@type\":\"ImageObject\",\"inLanguage\":\"es\",\"@id\":\"https:\\\/\\\/secure.gravatar.com\\\/avatar\\\/3ea2118a5f7dad2b7138b1187a6b7ee55f160b9968b66013c3a3ef39dd7e5798?s=96&d=mm&r=g\",\"url\":\"https:\\\/\\\/secure.gravatar.com\\\/avatar\\\/3ea2118a5f7dad2b7138b1187a6b7ee55f160b9968b66013c3a3ef39dd7e5798?s=96&d=mm&r=g\",\"contentUrl\":\"https:\\\/\\\/secure.gravatar.com\\\/avatar\\\/3ea2118a5f7dad2b7138b1187a6b7ee55f160b9968b66013c3a3ef39dd7e5798?s=96&d=mm&r=g\",\"caption\":\"Jeanette\"},\"sameAs\":[\"https:\\\/\\\/www.eldiario.net\\\/portal\"],\"url\":\"https:\\\/\\\/www.eldiario.net\\\/portal\\\/author\\\/jeanette\\\/\"}]}<\/script>\n<!-- \/ Yoast SEO plugin. -->","yoast_head_json":{"title":"M\u00e1s de 30 ni\u00f1os muertos y casi 46.000 infectados en el mayor brote de dengue - El Diario - Bolivia","robots":{"index":"index","follow":"follow","max-snippet":"max-snippet:-1","max-image-preview":"max-image-preview:large","max-video-preview":"max-video-preview:-1"},"canonical":"https:\/\/www.eldiario.net\/portal\/2023\/06\/18\/mas-de-30-ninos-muertos-y-casi-46-000-infectados-en-el-mayor-brote-de-dengue\/","og_locale":"es_ES","og_type":"article","og_title":"M\u00e1s de 30 ni\u00f1os muertos y casi 46.000 infectados en el mayor brote de dengue - El Diario - Bolivia","og_description":"Al menos 31 ni\u00f1os y adolescentes fallecieron en Per\u00fa como consecuencia del dengue y otros 45.900 fueron infectados con el virus, por el que se considera, el peor brote de la enfermedad en m\u00e1s de una d\u00e9cada, seg\u00fan la ONG Save the Children. En lo que va de 2023, se registr\u00f3 m\u00e1s de 150.294 nuevos [&hellip;]","og_url":"https:\/\/www.eldiario.net\/portal\/2023\/06\/18\/mas-de-30-ninos-muertos-y-casi-46-000-infectados-en-el-mayor-brote-de-dengue\/","og_site_name":"El Diario - Bolivia","article_publisher":"https:\/\/www.facebook.com\/eldiario.bolivia\/","article_published_time":"2023-06-18T10:32:09+00:00","og_image":[{"width":1200,"height":675,"url":"https:\/\/www.eldiario.net\/portal\/wp-content\/uploads\/2023\/06\/CAMILLAS.jpeg","type":"image\/jpeg"}],"author":"Jeanette","twitter_card":"summary_large_image","twitter_creator":"@eldiario_net","twitter_site":"@eldiario_net","twitter_misc":{"Escrito por":"Jeanette","Tiempo de lectura":"2 minutos"},"schema":{"@context":"https:\/\/schema.org","@graph":[{"@type":"Article","@id":"https:\/\/www.eldiario.net\/portal\/2023\/06\/18\/mas-de-30-ninos-muertos-y-casi-46-000-infectados-en-el-mayor-brote-de-dengue\/#article","isPartOf":{"@id":"https:\/\/www.eldiario.net\/portal\/2023\/06\/18\/mas-de-30-ninos-muertos-y-casi-46-000-infectados-en-el-mayor-brote-de-dengue\/"},"author":{"name":"Jeanette","@id":"https:\/\/www.eldiario.net\/portal\/#\/schema\/person\/f46445640444750d7d753ccd04ae01b7"},"headline":"M\u00e1s de 30 ni\u00f1os muertos y casi 46.000 infectados en el mayor brote de dengue","datePublished":"2023-06-18T10:32:09+00:00","mainEntityOfPage":{"@id":"https:\/\/www.eldiario.net\/portal\/2023\/06\/18\/mas-de-30-ninos-muertos-y-casi-46-000-infectados-en-el-mayor-brote-de-dengue\/"},"wordCount":391,"publisher":{"@id":"https:\/\/www.eldiario.net\/portal\/#organization"},"image":{"@id":"https:\/\/www.eldiario.net\/portal\/2023\/06\/18\/mas-de-30-ninos-muertos-y-casi-46-000-infectados-en-el-mayor-brote-de-dengue\/#primaryimage"},"thumbnailUrl":"https:\/\/www.eldiario.net\/portal\/wp-content\/uploads\/2023\/06\/CAMILLAS.jpeg","articleSection":["Internacional"],"inLanguage":"es"},{"@type":"WebPage","@id":"https:\/\/www.eldiario.net\/portal\/2023\/06\/18\/mas-de-30-ninos-muertos-y-casi-46-000-infectados-en-el-mayor-brote-de-dengue\/","url":"https:\/\/www.eldiario.net\/portal\/2023\/06\/18\/mas-de-30-ninos-muertos-y-casi-46-000-infectados-en-el-mayor-brote-de-dengue\/","name":"M\u00e1s de 30 ni\u00f1os muertos y casi 46.000 infectados en el mayor brote de dengue - El Diario - Bolivia","isPartOf":{"@id":"https:\/\/www.eldiario.net\/portal\/#website"},"primaryImageOfPage":{"@id":"https:\/\/www.eldiario.net\/portal\/2023\/06\/18\/mas-de-30-ninos-muertos-y-casi-46-000-infectados-en-el-mayor-brote-de-dengue\/#primaryimage"},"image":{"@id":"https:\/\/www.eldiario.net\/portal\/2023\/06\/18\/mas-de-30-ninos-muertos-y-casi-46-000-infectados-en-el-mayor-brote-de-dengue\/#primaryimage"},"thumbnailUrl":"https:\/\/www.eldiario.net\/portal\/wp-content\/uploads\/2023\/06\/CAMILLAS.jpeg","datePublished":"2023-06-18T10:32:09+00:00","breadcrumb":{"@id":"https:\/\/www.eldiario.net\/portal\/2023\/06\/18\/mas-de-30-ninos-muertos-y-casi-46-000-infectados-en-el-mayor-brote-de-dengue\/#breadcrumb"},"inLanguage":"es","potentialAction":[{"@type":"ReadAction","target":["https:\/\/www.eldiario.net\/portal\/2023\/06\/18\/mas-de-30-ninos-muertos-y-casi-46-000-infectados-en-el-mayor-brote-de-dengue\/"]}]},{"@type":"ImageObject","inLanguage":"es","@id":"https:\/\/www.eldiario.net\/portal\/2023\/06\/18\/mas-de-30-ninos-muertos-y-casi-46-000-infectados-en-el-mayor-brote-de-dengue\/#primaryimage","url":"https:\/\/www.eldiario.net\/portal\/wp-content\/uploads\/2023\/06\/CAMILLAS.jpeg","contentUrl":"https:\/\/www.eldiario.net\/portal\/wp-content\/uploads\/2023\/06\/CAMILLAS.jpeg","width":1200,"height":675,"caption":"POR LA LETALIDAD DEL VIRUS, AUTORIDADES PIDEN DECLARAR ESTADO DE EMERGENCIA."},{"@type":"BreadcrumbList","@id":"https:\/\/www.eldiario.net\/portal\/2023\/06\/18\/mas-de-30-ninos-muertos-y-casi-46-000-infectados-en-el-mayor-brote-de-dengue\/#breadcrumb","itemListElement":[{"@type":"ListItem","position":1,"name":"Portada","item":"https:\/\/www.eldiario.net\/portal\/"},{"@type":"ListItem","position":2,"name":"M\u00e1s de 30 ni\u00f1os muertos y casi 46.000 infectados en el mayor brote de dengue"}]},{"@type":"WebSite","@id":"https:\/\/www.eldiario.net\/portal\/#website","url":"https:\/\/www.eldiario.net\/portal\/","name":"El Diario - Decano de la prensa nacional","description":"El Diario - Decano de la prensa nacional","publisher":{"@id":"https:\/\/www.eldiario.net\/portal\/#organization"},"potentialAction":[{"@type":"SearchAction","target":{"@type":"EntryPoint","urlTemplate":"https:\/\/www.eldiario.net\/portal\/?s={search_term_string}"},"query-input":{"@type":"PropertyValueSpecification","valueRequired":true,"valueName":"search_term_string"}}],"inLanguage":"es"},{"@type":"Organization","@id":"https:\/\/www.eldiario.net\/portal\/#organization","name":"El Diario - Decano de la prensa nacional","url":"https:\/\/www.eldiario.net\/portal\/","logo":{"@type":"ImageObject","inLanguage":"es","@id":"https:\/\/www.eldiario.net\/portal\/#\/schema\/logo\/image\/","url":"https:\/\/www.eldiario.net\/portal\/wp-content\/uploads\/2023\/07\/logo_ED.jpg","contentUrl":"https:\/\/www.eldiario.net\/portal\/wp-content\/uploads\/2023\/07\/logo_ED.jpg","width":272,"height":52,"caption":"El Diario - Decano de la prensa nacional"},"image":{"@id":"https:\/\/www.eldiario.net\/portal\/#\/schema\/logo\/image\/"},"sameAs":["https:\/\/www.facebook.com\/eldiario.bolivia\/","https:\/\/x.com\/eldiario_net"]},{"@type":"Person","@id":"https:\/\/www.eldiario.net\/portal\/#\/schema\/person\/f46445640444750d7d753ccd04ae01b7","name":"Jeanette","image":{"@type":"ImageObject","inLanguage":"es","@id":"https:\/\/secure.gravatar.com\/avatar\/3ea2118a5f7dad2b7138b1187a6b7ee55f160b9968b66013c3a3ef39dd7e5798?s=96&d=mm&r=g","url":"https:\/\/secure.gravatar.com\/avatar\/3ea2118a5f7dad2b7138b1187a6b7ee55f160b9968b66013c3a3ef39dd7e5798?s=96&d=mm&r=g","contentUrl":"https:\/\/secure.gravatar.com\/avatar\/3ea2118a5f7dad2b7138b1187a6b7ee55f160b9968b66013c3a3ef39dd7e5798?s=96&d=mm&r=g","caption":"Jeanette"},"sameAs":["https:\/\/www.eldiario.net\/portal"],"url":"https:\/\/www.eldiario.net\/portal\/author\/jeanette\/"}]}},"_links":{"self":[{"href":"https:\/\/www.eldiario.net\/portal\/wp-json\/wp\/v2\/posts\/160584","targetHints":{"allow":["GET"]}}],"collection":[{"href":"https:\/\/www.eldiario.net\/portal\/wp-json\/wp\/v2\/posts"}],"about":[{"href":"https:\/\/www.eldiario.net\/portal\/wp-json\/wp\/v2\/types\/post"}],"author":[{"embeddable":true,"href":"https:\/\/www.eldiario.net\/portal\/wp-json\/wp\/v2\/users\/1"}],"replies":[{"embeddable":true,"href":"https:\/\/www.eldiario.net\/portal\/wp-json\/wp\/v2\/comments?post=160584"}],"version-history":[{"count":0,"href":"https:\/\/www.eldiario.net\/portal\/wp-json\/wp\/v2\/posts\/160584\/revisions"}],"wp:featuredmedia":[{"embeddable":true,"href":"https:\/\/www.eldiario.net\/portal\/wp-json\/wp\/v2\/media\/160585"}],"wp:attachment":[{"href":"https:\/\/www.eldiario.net\/portal\/wp-json\/wp\/v2\/media?parent=160584"}],"wp:term":[{"taxonomy":"category","embeddable":true,"href":"https:\/\/www.eldiario.net\/portal\/wp-json\/wp\/v2\/categories?post=160584"},{"taxonomy":"post_tag","embeddable":true,"href":"https:\/\/www.eldiario.net\/portal\/wp-json\/wp\/v2\/tags?post=160584"}],"curies":[{"name":"wp","href":"https:\/\/api.w.org\/{rel}","templated":true}]}}