{"id":160579,"date":"2023-06-18T06:31:04","date_gmt":"2023-06-18T10:31:04","guid":{"rendered":"https:\/\/www.eldiario.net\/portal\/?p=160579"},"modified":"2023-06-18T06:31:04","modified_gmt":"2023-06-18T10:31:04","slug":"al-menos-17-fallecidos-entre-ellos-cinco-ninos-en-nuevo-ataque-aereo","status":"publish","type":"post","link":"https:\/\/www.eldiario.net\/portal\/2023\/06\/18\/al-menos-17-fallecidos-entre-ellos-cinco-ninos-en-nuevo-ataque-aereo\/","title":{"rendered":"Al menos 17 fallecidos entre ellos  cinco ni\u00f1os en nuevo ataque a\u00e9reo"},"content":{"rendered":"<p>Al menos 17 personas murieron, entre ellas cinco ni\u00f1os, como consecuencia de un nuevo bombardeo ocurrido en un barrio de la capital de Sud\u00e1n (Jartum), en el marco de los combates entre el Ej\u00e9rcito y los paramilitares Fuerzas de Apoyo R\u00e1pido (RSF).<br \/>\nEste bombardeo tuvo lugar en medio de una ola de ataques a\u00e9reos ocurrida durante las \u00faltimas horas en la capital del pa\u00eds y alrededores, que habr\u00edan dejado hasta este nuevo incidente aproximadamente doce v\u00edctimas mortales: cuatro en el barrio de Al Qadisiyah, en la capital, y otras ocho en la vecina ciudad de Omdurm\u00e1n.<br \/>\nAhora, las autoridades sanitarias de la capital confirmaron este nuevo ataque, ocurrido concretamente contra una zona residencial del barrio de Yarmuk, que destruy\u00f3 al menos 25 viviendas, de acuerdo con el comunicado, que no identifica a los responsables del bombardeo.<br \/>\nDesde el estallido del conflicto el pasado 15 de abril, m\u00e1s de 950 civiles fallecieron y cerca de 4.750 resultaron heridos, seg\u00fan el \u00faltimo balance facilitado por el Sindicato de Doctores de Sud\u00e1n.<br \/>\nA principios de mayo arrancaron unas conversaciones mediadas por Estados Unidos y Arabia Saud\u00ed, entre ambas facciones en la ciudad saud\u00ed de Yed\u00e1 y derivaron en una declaraci\u00f3n de compromiso sobre la protecci\u00f3n a los civiles y dos breves treguas, si bien todas ellas fueron violadas en repetidas ocasiones por las partes en conflicto.<br \/>\nLas hostilidades estallaron en el marco de un aumento de las tensiones en torno a la integraci\u00f3n de las RSF en el seno de las Fuerzas Armadas, parte clave de un acuerdo firmado en diciembre para formar un nuevo gobierno civil y reactivar la transici\u00f3n abierta tras el derrocamiento en 2019 del entonces presidente, Omar Has\u00e1n al Bashir, da\u00f1ada por el golpe de Estado de octubre de 2021, en el que fue derrocado el primer ministro de unidad, Abdal\u00e1 Hamdok.<br \/>\nSin embargo, la negativa del l\u00edder de las RSF, Mohamed Hamdan Dagalo, alias \u2018Hemedti\u2019, a las condiciones de esta reintegraci\u00f3n derivaron en unas tensiones que provocaron aplazamientos en la formaci\u00f3n del nuevo gobierno de transici\u00f3n. (Europa Press).<\/p>\n","protected":false},"excerpt":{"rendered":"<p>Al menos 17 personas murieron, entre ellas cinco ni\u00f1os, como consecuencia de un nuevo bombardeo ocurrido en un barrio de la capital de Sud\u00e1n (Jartum), en el marco de los combates entre el Ej\u00e9rcito y los paramilitares Fuerzas de Apoyo R\u00e1pido (RSF). Este bombardeo tuvo lugar en medio de una ola de ataques a\u00e9reos ocurrida [&hellip;]<\/p>\n","protected":false},"author":1,"featured_media":160580,"comment_status":"closed","ping_status":"closed","sticky":false,"template":"","format":"standard","meta":{"_acf_changed":false,"footnotes":""},"categories":[3],"tags":[],"class_list":["post-160579","post","type-post","status-publish","format-standard","has-post-thumbnail","category-internacional"],"acf":{"antetitulo":""},"yoast_head":"<!-- This site is optimized with the Yoast SEO plugin v28.3 - https:\/\/yoast.com\/product\/yoast-seo-wordpress\/ -->\n<title>Al menos 17 fallecidos entre ellos cinco ni\u00f1os en nuevo ataque a\u00e9reo - El Diario - Bolivia<\/title>\n<meta name=\"robots\" content=\"index, follow, max-snippet:-1, max-image-preview:large, max-video-preview:-1\" \/>\n<link rel=\"canonical\" href=\"https:\/\/www.eldiario.net\/portal\/2023\/06\/18\/al-menos-17-fallecidos-entre-ellos-cinco-ninos-en-nuevo-ataque-aereo\/\" \/>\n<meta property=\"og:locale\" content=\"es_ES\" \/>\n<meta property=\"og:type\" content=\"article\" \/>\n<meta property=\"og:title\" content=\"Al menos 17 fallecidos entre ellos cinco ni\u00f1os en nuevo ataque a\u00e9reo - El Diario - Bolivia\" \/>\n<meta property=\"og:description\" content=\"Al menos 17 personas murieron, entre ellas cinco ni\u00f1os, como consecuencia de un nuevo bombardeo ocurrido en un barrio de la capital de Sud\u00e1n (Jartum), en el marco de los combates entre el Ej\u00e9rcito y los paramilitares Fuerzas de Apoyo R\u00e1pido (RSF). Este bombardeo tuvo lugar en medio de una ola de ataques a\u00e9reos ocurrida [&hellip;]\" \/>\n<meta property=\"og:url\" content=\"https:\/\/www.eldiario.net\/portal\/2023\/06\/18\/al-menos-17-fallecidos-entre-ellos-cinco-ninos-en-nuevo-ataque-aereo\/\" \/>\n<meta property=\"og:site_name\" content=\"El Diario - Bolivia\" \/>\n<meta property=\"article:publisher\" content=\"https:\/\/www.facebook.com\/eldiario.bolivia\/\" \/>\n<meta property=\"article:published_time\" content=\"2023-06-18T10:31:04+00:00\" \/>\n<meta property=\"og:image\" content=\"https:\/\/www.eldiario.net\/portal\/wp-content\/uploads\/2023\/06\/OLLAS.jpg\" \/>\n\t<meta property=\"og:image:width\" content=\"1200\" \/>\n\t<meta property=\"og:image:height\" content=\"800\" \/>\n\t<meta property=\"og:image:type\" content=\"image\/jpeg\" \/>\n<meta name=\"author\" content=\"Jeanette\" \/>\n<meta name=\"twitter:card\" content=\"summary_large_image\" \/>\n<meta name=\"twitter:creator\" content=\"@eldiario_net\" \/>\n<meta name=\"twitter:site\" content=\"@eldiario_net\" \/>\n<meta name=\"twitter:label1\" content=\"Escrito por\" \/>\n\t<meta name=\"twitter:data1\" content=\"Jeanette\" \/>\n\t<meta name=\"twitter:label2\" content=\"Tiempo de lectura\" \/>\n\t<meta name=\"twitter:data2\" content=\"2 minutos\" \/>\n<script type=\"application\/ld+json\" class=\"yoast-schema-graph\">{\"@context\":\"https:\\\/\\\/schema.org\",\"@graph\":[{\"@type\":\"Article\",\"@id\":\"https:\\\/\\\/www.eldiario.net\\\/portal\\\/2023\\\/06\\\/18\\\/al-menos-17-fallecidos-entre-ellos-cinco-ninos-en-nuevo-ataque-aereo\\\/#article\",\"isPartOf\":{\"@id\":\"https:\\\/\\\/www.eldiario.net\\\/portal\\\/2023\\\/06\\\/18\\\/al-menos-17-fallecidos-entre-ellos-cinco-ninos-en-nuevo-ataque-aereo\\\/\"},\"author\":{\"name\":\"Jeanette\",\"@id\":\"https:\\\/\\\/www.eldiario.net\\\/portal\\\/#\\\/schema\\\/person\\\/f46445640444750d7d753ccd04ae01b7\"},\"headline\":\"Al menos 17 fallecidos entre ellos cinco ni\u00f1os en nuevo ataque a\u00e9reo\",\"datePublished\":\"2023-06-18T10:31:04+00:00\",\"mainEntityOfPage\":{\"@id\":\"https:\\\/\\\/www.eldiario.net\\\/portal\\\/2023\\\/06\\\/18\\\/al-menos-17-fallecidos-entre-ellos-cinco-ninos-en-nuevo-ataque-aereo\\\/\"},\"wordCount\":368,\"publisher\":{\"@id\":\"https:\\\/\\\/www.eldiario.net\\\/portal\\\/#organization\"},\"image\":{\"@id\":\"https:\\\/\\\/www.eldiario.net\\\/portal\\\/2023\\\/06\\\/18\\\/al-menos-17-fallecidos-entre-ellos-cinco-ninos-en-nuevo-ataque-aereo\\\/#primaryimage\"},\"thumbnailUrl\":\"https:\\\/\\\/www.eldiario.net\\\/portal\\\/wp-content\\\/uploads\\\/2023\\\/06\\\/OLLAS.jpg\",\"articleSection\":[\"Internacional\"],\"inLanguage\":\"es\"},{\"@type\":\"WebPage\",\"@id\":\"https:\\\/\\\/www.eldiario.net\\\/portal\\\/2023\\\/06\\\/18\\\/al-menos-17-fallecidos-entre-ellos-cinco-ninos-en-nuevo-ataque-aereo\\\/\",\"url\":\"https:\\\/\\\/www.eldiario.net\\\/portal\\\/2023\\\/06\\\/18\\\/al-menos-17-fallecidos-entre-ellos-cinco-ninos-en-nuevo-ataque-aereo\\\/\",\"name\":\"Al menos 17 fallecidos entre ellos cinco ni\u00f1os en nuevo ataque a\u00e9reo - El Diario - Bolivia\",\"isPartOf\":{\"@id\":\"https:\\\/\\\/www.eldiario.net\\\/portal\\\/#website\"},\"primaryImageOfPage\":{\"@id\":\"https:\\\/\\\/www.eldiario.net\\\/portal\\\/2023\\\/06\\\/18\\\/al-menos-17-fallecidos-entre-ellos-cinco-ninos-en-nuevo-ataque-aereo\\\/#primaryimage\"},\"image\":{\"@id\":\"https:\\\/\\\/www.eldiario.net\\\/portal\\\/2023\\\/06\\\/18\\\/al-menos-17-fallecidos-entre-ellos-cinco-ninos-en-nuevo-ataque-aereo\\\/#primaryimage\"},\"thumbnailUrl\":\"https:\\\/\\\/www.eldiario.net\\\/portal\\\/wp-content\\\/uploads\\\/2023\\\/06\\\/OLLAS.jpg\",\"datePublished\":\"2023-06-18T10:31:04+00:00\",\"breadcrumb\":{\"@id\":\"https:\\\/\\\/www.eldiario.net\\\/portal\\\/2023\\\/06\\\/18\\\/al-menos-17-fallecidos-entre-ellos-cinco-ninos-en-nuevo-ataque-aereo\\\/#breadcrumb\"},\"inLanguage\":\"es\",\"potentialAction\":[{\"@type\":\"ReadAction\",\"target\":[\"https:\\\/\\\/www.eldiario.net\\\/portal\\\/2023\\\/06\\\/18\\\/al-menos-17-fallecidos-entre-ellos-cinco-ninos-en-nuevo-ataque-aereo\\\/\"]}]},{\"@type\":\"ImageObject\",\"inLanguage\":\"es\",\"@id\":\"https:\\\/\\\/www.eldiario.net\\\/portal\\\/2023\\\/06\\\/18\\\/al-menos-17-fallecidos-entre-ellos-cinco-ninos-en-nuevo-ataque-aereo\\\/#primaryimage\",\"url\":\"https:\\\/\\\/www.eldiario.net\\\/portal\\\/wp-content\\\/uploads\\\/2023\\\/06\\\/OLLAS.jpg\",\"contentUrl\":\"https:\\\/\\\/www.eldiario.net\\\/portal\\\/wp-content\\\/uploads\\\/2023\\\/06\\\/OLLAS.jpg\",\"width\":1200,\"height\":800,\"caption\":\"POR LA DESTRUCCI\u00d3N DE VIVIENDAS MUCHAS FAMILIAS QUEDARON SIN HOGAR.\"},{\"@type\":\"BreadcrumbList\",\"@id\":\"https:\\\/\\\/www.eldiario.net\\\/portal\\\/2023\\\/06\\\/18\\\/al-menos-17-fallecidos-entre-ellos-cinco-ninos-en-nuevo-ataque-aereo\\\/#breadcrumb\",\"itemListElement\":[{\"@type\":\"ListItem\",\"position\":1,\"name\":\"Portada\",\"item\":\"https:\\\/\\\/www.eldiario.net\\\/portal\\\/\"},{\"@type\":\"ListItem\",\"position\":2,\"name\":\"Al menos 17 fallecidos entre ellos cinco ni\u00f1os en nuevo ataque a\u00e9reo\"}]},{\"@type\":\"WebSite\",\"@id\":\"https:\\\/\\\/www.eldiario.net\\\/portal\\\/#website\",\"url\":\"https:\\\/\\\/www.eldiario.net\\\/portal\\\/\",\"name\":\"El Diario - Decano de la prensa nacional\",\"description\":\"El Diario - Decano de la prensa nacional\",\"publisher\":{\"@id\":\"https:\\\/\\\/www.eldiario.net\\\/portal\\\/#organization\"},\"potentialAction\":[{\"@type\":\"SearchAction\",\"target\":{\"@type\":\"EntryPoint\",\"urlTemplate\":\"https:\\\/\\\/www.eldiario.net\\\/portal\\\/?s={search_term_string}\"},\"query-input\":{\"@type\":\"PropertyValueSpecification\",\"valueRequired\":true,\"valueName\":\"search_term_string\"}}],\"inLanguage\":\"es\"},{\"@type\":\"Organization\",\"@id\":\"https:\\\/\\\/www.eldiario.net\\\/portal\\\/#organization\",\"name\":\"El Diario - Decano de la prensa nacional\",\"url\":\"https:\\\/\\\/www.eldiario.net\\\/portal\\\/\",\"logo\":{\"@type\":\"ImageObject\",\"inLanguage\":\"es\",\"@id\":\"https:\\\/\\\/www.eldiario.net\\\/portal\\\/#\\\/schema\\\/logo\\\/image\\\/\",\"url\":\"https:\\\/\\\/www.eldiario.net\\\/portal\\\/wp-content\\\/uploads\\\/2023\\\/07\\\/logo_ED.jpg\",\"contentUrl\":\"https:\\\/\\\/www.eldiario.net\\\/portal\\\/wp-content\\\/uploads\\\/2023\\\/07\\\/logo_ED.jpg\",\"width\":272,\"height\":52,\"caption\":\"El Diario - Decano de la prensa nacional\"},\"image\":{\"@id\":\"https:\\\/\\\/www.eldiario.net\\\/portal\\\/#\\\/schema\\\/logo\\\/image\\\/\"},\"sameAs\":[\"https:\\\/\\\/www.facebook.com\\\/eldiario.bolivia\\\/\",\"https:\\\/\\\/x.com\\\/eldiario_net\"]},{\"@type\":\"Person\",\"@id\":\"https:\\\/\\\/www.eldiario.net\\\/portal\\\/#\\\/schema\\\/person\\\/f46445640444750d7d753ccd04ae01b7\",\"name\":\"Jeanette\",\"image\":{\"@type\":\"ImageObject\",\"inLanguage\":\"es\",\"@id\":\"https:\\\/\\\/secure.gravatar.com\\\/avatar\\\/3ea2118a5f7dad2b7138b1187a6b7ee55f160b9968b66013c3a3ef39dd7e5798?s=96&d=mm&r=g\",\"url\":\"https:\\\/\\\/secure.gravatar.com\\\/avatar\\\/3ea2118a5f7dad2b7138b1187a6b7ee55f160b9968b66013c3a3ef39dd7e5798?s=96&d=mm&r=g\",\"contentUrl\":\"https:\\\/\\\/secure.gravatar.com\\\/avatar\\\/3ea2118a5f7dad2b7138b1187a6b7ee55f160b9968b66013c3a3ef39dd7e5798?s=96&d=mm&r=g\",\"caption\":\"Jeanette\"},\"sameAs\":[\"https:\\\/\\\/www.eldiario.net\\\/portal\"],\"url\":\"https:\\\/\\\/www.eldiario.net\\\/portal\\\/author\\\/jeanette\\\/\"}]}<\/script>\n<!-- \/ Yoast SEO plugin. -->","yoast_head_json":{"title":"Al menos 17 fallecidos entre ellos cinco ni\u00f1os en nuevo ataque a\u00e9reo - El Diario - Bolivia","robots":{"index":"index","follow":"follow","max-snippet":"max-snippet:-1","max-image-preview":"max-image-preview:large","max-video-preview":"max-video-preview:-1"},"canonical":"https:\/\/www.eldiario.net\/portal\/2023\/06\/18\/al-menos-17-fallecidos-entre-ellos-cinco-ninos-en-nuevo-ataque-aereo\/","og_locale":"es_ES","og_type":"article","og_title":"Al menos 17 fallecidos entre ellos cinco ni\u00f1os en nuevo ataque a\u00e9reo - El Diario - Bolivia","og_description":"Al menos 17 personas murieron, entre ellas cinco ni\u00f1os, como consecuencia de un nuevo bombardeo ocurrido en un barrio de la capital de Sud\u00e1n (Jartum), en el marco de los combates entre el Ej\u00e9rcito y los paramilitares Fuerzas de Apoyo R\u00e1pido (RSF). Este bombardeo tuvo lugar en medio de una ola de ataques a\u00e9reos ocurrida [&hellip;]","og_url":"https:\/\/www.eldiario.net\/portal\/2023\/06\/18\/al-menos-17-fallecidos-entre-ellos-cinco-ninos-en-nuevo-ataque-aereo\/","og_site_name":"El Diario - Bolivia","article_publisher":"https:\/\/www.facebook.com\/eldiario.bolivia\/","article_published_time":"2023-06-18T10:31:04+00:00","og_image":[{"width":1200,"height":800,"url":"https:\/\/www.eldiario.net\/portal\/wp-content\/uploads\/2023\/06\/OLLAS.jpg","type":"image\/jpeg"}],"author":"Jeanette","twitter_card":"summary_large_image","twitter_creator":"@eldiario_net","twitter_site":"@eldiario_net","twitter_misc":{"Escrito por":"Jeanette","Tiempo de lectura":"2 minutos"},"schema":{"@context":"https:\/\/schema.org","@graph":[{"@type":"Article","@id":"https:\/\/www.eldiario.net\/portal\/2023\/06\/18\/al-menos-17-fallecidos-entre-ellos-cinco-ninos-en-nuevo-ataque-aereo\/#article","isPartOf":{"@id":"https:\/\/www.eldiario.net\/portal\/2023\/06\/18\/al-menos-17-fallecidos-entre-ellos-cinco-ninos-en-nuevo-ataque-aereo\/"},"author":{"name":"Jeanette","@id":"https:\/\/www.eldiario.net\/portal\/#\/schema\/person\/f46445640444750d7d753ccd04ae01b7"},"headline":"Al menos 17 fallecidos entre ellos cinco ni\u00f1os en nuevo ataque a\u00e9reo","datePublished":"2023-06-18T10:31:04+00:00","mainEntityOfPage":{"@id":"https:\/\/www.eldiario.net\/portal\/2023\/06\/18\/al-menos-17-fallecidos-entre-ellos-cinco-ninos-en-nuevo-ataque-aereo\/"},"wordCount":368,"publisher":{"@id":"https:\/\/www.eldiario.net\/portal\/#organization"},"image":{"@id":"https:\/\/www.eldiario.net\/portal\/2023\/06\/18\/al-menos-17-fallecidos-entre-ellos-cinco-ninos-en-nuevo-ataque-aereo\/#primaryimage"},"thumbnailUrl":"https:\/\/www.eldiario.net\/portal\/wp-content\/uploads\/2023\/06\/OLLAS.jpg","articleSection":["Internacional"],"inLanguage":"es"},{"@type":"WebPage","@id":"https:\/\/www.eldiario.net\/portal\/2023\/06\/18\/al-menos-17-fallecidos-entre-ellos-cinco-ninos-en-nuevo-ataque-aereo\/","url":"https:\/\/www.eldiario.net\/portal\/2023\/06\/18\/al-menos-17-fallecidos-entre-ellos-cinco-ninos-en-nuevo-ataque-aereo\/","name":"Al menos 17 fallecidos entre ellos cinco ni\u00f1os en nuevo ataque a\u00e9reo - El Diario - Bolivia","isPartOf":{"@id":"https:\/\/www.eldiario.net\/portal\/#website"},"primaryImageOfPage":{"@id":"https:\/\/www.eldiario.net\/portal\/2023\/06\/18\/al-menos-17-fallecidos-entre-ellos-cinco-ninos-en-nuevo-ataque-aereo\/#primaryimage"},"image":{"@id":"https:\/\/www.eldiario.net\/portal\/2023\/06\/18\/al-menos-17-fallecidos-entre-ellos-cinco-ninos-en-nuevo-ataque-aereo\/#primaryimage"},"thumbnailUrl":"https:\/\/www.eldiario.net\/portal\/wp-content\/uploads\/2023\/06\/OLLAS.jpg","datePublished":"2023-06-18T10:31:04+00:00","breadcrumb":{"@id":"https:\/\/www.eldiario.net\/portal\/2023\/06\/18\/al-menos-17-fallecidos-entre-ellos-cinco-ninos-en-nuevo-ataque-aereo\/#breadcrumb"},"inLanguage":"es","potentialAction":[{"@type":"ReadAction","target":["https:\/\/www.eldiario.net\/portal\/2023\/06\/18\/al-menos-17-fallecidos-entre-ellos-cinco-ninos-en-nuevo-ataque-aereo\/"]}]},{"@type":"ImageObject","inLanguage":"es","@id":"https:\/\/www.eldiario.net\/portal\/2023\/06\/18\/al-menos-17-fallecidos-entre-ellos-cinco-ninos-en-nuevo-ataque-aereo\/#primaryimage","url":"https:\/\/www.eldiario.net\/portal\/wp-content\/uploads\/2023\/06\/OLLAS.jpg","contentUrl":"https:\/\/www.eldiario.net\/portal\/wp-content\/uploads\/2023\/06\/OLLAS.jpg","width":1200,"height":800,"caption":"POR LA DESTRUCCI\u00d3N DE VIVIENDAS MUCHAS FAMILIAS QUEDARON SIN HOGAR."},{"@type":"BreadcrumbList","@id":"https:\/\/www.eldiario.net\/portal\/2023\/06\/18\/al-menos-17-fallecidos-entre-ellos-cinco-ninos-en-nuevo-ataque-aereo\/#breadcrumb","itemListElement":[{"@type":"ListItem","position":1,"name":"Portada","item":"https:\/\/www.eldiario.net\/portal\/"},{"@type":"ListItem","position":2,"name":"Al menos 17 fallecidos entre ellos cinco ni\u00f1os en nuevo ataque a\u00e9reo"}]},{"@type":"WebSite","@id":"https:\/\/www.eldiario.net\/portal\/#website","url":"https:\/\/www.eldiario.net\/portal\/","name":"El Diario - Decano de la prensa nacional","description":"El Diario - Decano de la prensa nacional","publisher":{"@id":"https:\/\/www.eldiario.net\/portal\/#organization"},"potentialAction":[{"@type":"SearchAction","target":{"@type":"EntryPoint","urlTemplate":"https:\/\/www.eldiario.net\/portal\/?s={search_term_string}"},"query-input":{"@type":"PropertyValueSpecification","valueRequired":true,"valueName":"search_term_string"}}],"inLanguage":"es"},{"@type":"Organization","@id":"https:\/\/www.eldiario.net\/portal\/#organization","name":"El Diario - Decano de la prensa nacional","url":"https:\/\/www.eldiario.net\/portal\/","logo":{"@type":"ImageObject","inLanguage":"es","@id":"https:\/\/www.eldiario.net\/portal\/#\/schema\/logo\/image\/","url":"https:\/\/www.eldiario.net\/portal\/wp-content\/uploads\/2023\/07\/logo_ED.jpg","contentUrl":"https:\/\/www.eldiario.net\/portal\/wp-content\/uploads\/2023\/07\/logo_ED.jpg","width":272,"height":52,"caption":"El Diario - Decano de la prensa nacional"},"image":{"@id":"https:\/\/www.eldiario.net\/portal\/#\/schema\/logo\/image\/"},"sameAs":["https:\/\/www.facebook.com\/eldiario.bolivia\/","https:\/\/x.com\/eldiario_net"]},{"@type":"Person","@id":"https:\/\/www.eldiario.net\/portal\/#\/schema\/person\/f46445640444750d7d753ccd04ae01b7","name":"Jeanette","image":{"@type":"ImageObject","inLanguage":"es","@id":"https:\/\/secure.gravatar.com\/avatar\/3ea2118a5f7dad2b7138b1187a6b7ee55f160b9968b66013c3a3ef39dd7e5798?s=96&d=mm&r=g","url":"https:\/\/secure.gravatar.com\/avatar\/3ea2118a5f7dad2b7138b1187a6b7ee55f160b9968b66013c3a3ef39dd7e5798?s=96&d=mm&r=g","contentUrl":"https:\/\/secure.gravatar.com\/avatar\/3ea2118a5f7dad2b7138b1187a6b7ee55f160b9968b66013c3a3ef39dd7e5798?s=96&d=mm&r=g","caption":"Jeanette"},"sameAs":["https:\/\/www.eldiario.net\/portal"],"url":"https:\/\/www.eldiario.net\/portal\/author\/jeanette\/"}]}},"_links":{"self":[{"href":"https:\/\/www.eldiario.net\/portal\/wp-json\/wp\/v2\/posts\/160579","targetHints":{"allow":["GET"]}}],"collection":[{"href":"https:\/\/www.eldiario.net\/portal\/wp-json\/wp\/v2\/posts"}],"about":[{"href":"https:\/\/www.eldiario.net\/portal\/wp-json\/wp\/v2\/types\/post"}],"author":[{"embeddable":true,"href":"https:\/\/www.eldiario.net\/portal\/wp-json\/wp\/v2\/users\/1"}],"replies":[{"embeddable":true,"href":"https:\/\/www.eldiario.net\/portal\/wp-json\/wp\/v2\/comments?post=160579"}],"version-history":[{"count":0,"href":"https:\/\/www.eldiario.net\/portal\/wp-json\/wp\/v2\/posts\/160579\/revisions"}],"wp:featuredmedia":[{"embeddable":true,"href":"https:\/\/www.eldiario.net\/portal\/wp-json\/wp\/v2\/media\/160580"}],"wp:attachment":[{"href":"https:\/\/www.eldiario.net\/portal\/wp-json\/wp\/v2\/media?parent=160579"}],"wp:term":[{"taxonomy":"category","embeddable":true,"href":"https:\/\/www.eldiario.net\/portal\/wp-json\/wp\/v2\/categories?post=160579"},{"taxonomy":"post_tag","embeddable":true,"href":"https:\/\/www.eldiario.net\/portal\/wp-json\/wp\/v2\/tags?post=160579"}],"curies":[{"name":"wp","href":"https:\/\/api.w.org\/{rel}","templated":true}]}}