{"id":160576,"date":"2023-06-18T06:30:11","date_gmt":"2023-06-18T10:30:11","guid":{"rendered":"https:\/\/www.eldiario.net\/portal\/?p=160576"},"modified":"2023-06-18T06:30:11","modified_gmt":"2023-06-18T10:30:11","slug":"el-norte-de-peru-anuncia-paro-total-exigiendo-la-salida-de-dina-boluarte","status":"publish","type":"post","link":"https:\/\/www.eldiario.net\/portal\/2023\/06\/18\/el-norte-de-peru-anuncia-paro-total-exigiendo-la-salida-de-dina-boluarte\/","title":{"rendered":"El norte de Per\u00fa anuncia paro total  exigiendo la salida de Dina Boluarte"},"content":{"rendered":"<p>Organizaciones sociales de la regi\u00f3n norte del Per\u00fa se suman a la desaprobaci\u00f3n del gobierno y la renuncia de la presidenta Dina Boluarte, anuncian un paro total para el d\u00eda lunes 19 de julio.<br \/>\nLas bases gremiales pretenden el cierre de mercados y centros de abastos, as\u00ed como el bloqueo de carreteras a fin de exigir la renuncia de la mandataria, el cierre del Congreso y la convocatoria a unas nuevas elecciones generales.<br \/>\nEsta jornada implicar\u00e1 estrategias que consideran que ser\u00e1n efectivas para el logro de sus objetivos. Los l\u00edderes de las rondas campesinas de Cajamarca y de la Confederaci\u00f3n General de Trabajadores (CGTP) de Cajamarca y Lambayeque, se\u00f1alan que la situaci\u00f3n se complica con el mensaje de la mandataria que asegura seguir en el cargo hasta el 2026.<br \/>\nAladino Fern\u00e1ndez Rub\u00ed, vicepresidente de la Federaci\u00f3n de Rondas Campesinas de Cajamarca, afirm\u00f3 que la tercera \u00abToma de Lima\u00bb cuenta con el respaldo de m\u00e1s de 500 mil miembros de los comit\u00e9s de las 13 provincias y 70 bases distritales.<br \/>\nEn ese sentido, agreg\u00f3 que las personas del norte vieron con aprobaci\u00f3n las acciones del sur, que se levantaron en protesta para exigir la renuncia de Boluarte Zegarra. Por ello, unir\u00e1n sus fuerzas por los mismos objetivos.<br \/>\nEl cajamarquino expres\u00f3 su pesar por las declaraciones de la presidenta Dina Boluarte, quien afirm\u00f3 que su mandato concluir\u00e1 en 2026. Fern\u00e1ndez consider\u00f3 que esto constituye una provocaci\u00f3n para el pueblo, el cual no la acepta y le exige que renuncie, adem\u00e1s de solicitar la formaci\u00f3n de un Gobierno de transici\u00f3n que convoque a nuevas elecciones.<br \/>\nComerciantes se sumar\u00e1n a las protestas<br \/>\nAladino Fern\u00e1ndez comunic\u00f3 que una delegaci\u00f3n de 2.000 ronderos de Cajamarca se desplazar\u00e1 a la ciudad de Lima para unirse a la tercera Toma de Lima. Asimismo, mencion\u00f3 que otra medida adoptada ser\u00e1 la realizaci\u00f3n de marchas en la regi\u00f3n de Cajamarca, las cuales incluir\u00e1n el cierre de mercados y bloqueo de carreteras.<br \/>\nEl dirigente Erwin Salazar, representante de la CGTP Lambayeque, hizo hincapi\u00e9 en que las distintas bases de la Confederaci\u00f3n General de Trabajadores del Per\u00fa tambi\u00e9n se movilizar\u00e1n el 19 de julio. Salazar resalt\u00f3 la necesidad de un Gobierno amplio y critic\u00f3 la complicidad entre el Ejecutivo y el Legislativo, consider\u00e1ndola reprochable.<br \/>\nDina Boluarte ratifica su puesto hasta el 2026<br \/>\nDurante una \u00faltima conferencia presidencial, la jefa de Estado se\u00f1al\u00f3 que no continuar\u00e1 promoviendo el proyecto de adelanto de elecciones, solicitud que fue repetida por parte de la ciudadan\u00eda en las protestas en contra del gobierno actual. Adem\u00e1s, dej\u00f3 claro que considera que el asunto est\u00e1 concluido y que ceder\u00e1 el poder el 28 de julio de 2026 cuando culmine su gesti\u00f3n. (Infobae).<\/p>\n","protected":false},"excerpt":{"rendered":"<p>Organizaciones sociales de la regi\u00f3n norte del Per\u00fa se suman a la desaprobaci\u00f3n del gobierno y la renuncia de la presidenta Dina Boluarte, anuncian un paro total para el d\u00eda lunes 19 de julio. Las bases gremiales pretenden el cierre de mercados y centros de abastos, as\u00ed como el bloqueo de carreteras a fin de [&hellip;]<\/p>\n","protected":false},"author":1,"featured_media":160577,"comment_status":"closed","ping_status":"closed","sticky":false,"template":"","format":"standard","meta":{"_acf_changed":false,"footnotes":""},"categories":[3],"tags":[],"class_list":["post-160576","post","type-post","status-publish","format-standard","has-post-thumbnail","category-internacional"],"acf":{"antetitulo":""},"yoast_head":"<!-- This site is optimized with the Yoast SEO plugin v28.3 - https:\/\/yoast.com\/product\/yoast-seo-wordpress\/ -->\n<title>El norte de Per\u00fa anuncia paro total exigiendo la salida de Dina Boluarte - El Diario - Bolivia<\/title>\n<meta name=\"robots\" content=\"index, follow, max-snippet:-1, max-image-preview:large, max-video-preview:-1\" \/>\n<link rel=\"canonical\" href=\"https:\/\/www.eldiario.net\/portal\/2023\/06\/18\/el-norte-de-peru-anuncia-paro-total-exigiendo-la-salida-de-dina-boluarte\/\" \/>\n<meta property=\"og:locale\" content=\"es_ES\" \/>\n<meta property=\"og:type\" content=\"article\" \/>\n<meta property=\"og:title\" content=\"El norte de Per\u00fa anuncia paro total exigiendo la salida de Dina Boluarte - El Diario - Bolivia\" \/>\n<meta property=\"og:description\" content=\"Organizaciones sociales de la regi\u00f3n norte del Per\u00fa se suman a la desaprobaci\u00f3n del gobierno y la renuncia de la presidenta Dina Boluarte, anuncian un paro total para el d\u00eda lunes 19 de julio. Las bases gremiales pretenden el cierre de mercados y centros de abastos, as\u00ed como el bloqueo de carreteras a fin de [&hellip;]\" \/>\n<meta property=\"og:url\" content=\"https:\/\/www.eldiario.net\/portal\/2023\/06\/18\/el-norte-de-peru-anuncia-paro-total-exigiendo-la-salida-de-dina-boluarte\/\" \/>\n<meta property=\"og:site_name\" content=\"El Diario - Bolivia\" \/>\n<meta property=\"article:publisher\" content=\"https:\/\/www.facebook.com\/eldiario.bolivia\/\" \/>\n<meta property=\"article:published_time\" content=\"2023-06-18T10:30:11+00:00\" \/>\n<meta property=\"og:image\" content=\"https:\/\/www.eldiario.net\/portal\/wp-content\/uploads\/2023\/06\/PROTESTAS-scaled-1.jpg\" \/>\n\t<meta property=\"og:image:width\" content=\"2560\" \/>\n\t<meta property=\"og:image:height\" content=\"1704\" \/>\n\t<meta property=\"og:image:type\" content=\"image\/jpeg\" \/>\n<meta name=\"author\" content=\"Jeanette\" \/>\n<meta name=\"twitter:card\" content=\"summary_large_image\" \/>\n<meta name=\"twitter:creator\" content=\"@eldiario_net\" \/>\n<meta name=\"twitter:site\" content=\"@eldiario_net\" \/>\n<meta name=\"twitter:label1\" content=\"Escrito por\" \/>\n\t<meta name=\"twitter:data1\" content=\"Jeanette\" \/>\n\t<meta name=\"twitter:label2\" content=\"Tiempo de lectura\" \/>\n\t<meta name=\"twitter:data2\" content=\"3 minutos\" \/>\n<script type=\"application\/ld+json\" class=\"yoast-schema-graph\">{\"@context\":\"https:\\\/\\\/schema.org\",\"@graph\":[{\"@type\":\"Article\",\"@id\":\"https:\\\/\\\/www.eldiario.net\\\/portal\\\/2023\\\/06\\\/18\\\/el-norte-de-peru-anuncia-paro-total-exigiendo-la-salida-de-dina-boluarte\\\/#article\",\"isPartOf\":{\"@id\":\"https:\\\/\\\/www.eldiario.net\\\/portal\\\/2023\\\/06\\\/18\\\/el-norte-de-peru-anuncia-paro-total-exigiendo-la-salida-de-dina-boluarte\\\/\"},\"author\":{\"name\":\"Jeanette\",\"@id\":\"https:\\\/\\\/www.eldiario.net\\\/portal\\\/#\\\/schema\\\/person\\\/f46445640444750d7d753ccd04ae01b7\"},\"headline\":\"El norte de Per\u00fa anuncia paro total exigiendo la salida de Dina Boluarte\",\"datePublished\":\"2023-06-18T10:30:11+00:00\",\"mainEntityOfPage\":{\"@id\":\"https:\\\/\\\/www.eldiario.net\\\/portal\\\/2023\\\/06\\\/18\\\/el-norte-de-peru-anuncia-paro-total-exigiendo-la-salida-de-dina-boluarte\\\/\"},\"wordCount\":478,\"publisher\":{\"@id\":\"https:\\\/\\\/www.eldiario.net\\\/portal\\\/#organization\"},\"image\":{\"@id\":\"https:\\\/\\\/www.eldiario.net\\\/portal\\\/2023\\\/06\\\/18\\\/el-norte-de-peru-anuncia-paro-total-exigiendo-la-salida-de-dina-boluarte\\\/#primaryimage\"},\"thumbnailUrl\":\"https:\\\/\\\/www.eldiario.net\\\/portal\\\/wp-content\\\/uploads\\\/2023\\\/06\\\/PROTESTAS-scaled-1.jpg\",\"articleSection\":[\"Internacional\"],\"inLanguage\":\"es\"},{\"@type\":\"WebPage\",\"@id\":\"https:\\\/\\\/www.eldiario.net\\\/portal\\\/2023\\\/06\\\/18\\\/el-norte-de-peru-anuncia-paro-total-exigiendo-la-salida-de-dina-boluarte\\\/\",\"url\":\"https:\\\/\\\/www.eldiario.net\\\/portal\\\/2023\\\/06\\\/18\\\/el-norte-de-peru-anuncia-paro-total-exigiendo-la-salida-de-dina-boluarte\\\/\",\"name\":\"El norte de Per\u00fa anuncia paro total exigiendo la salida de Dina Boluarte - El Diario - Bolivia\",\"isPartOf\":{\"@id\":\"https:\\\/\\\/www.eldiario.net\\\/portal\\\/#website\"},\"primaryImageOfPage\":{\"@id\":\"https:\\\/\\\/www.eldiario.net\\\/portal\\\/2023\\\/06\\\/18\\\/el-norte-de-peru-anuncia-paro-total-exigiendo-la-salida-de-dina-boluarte\\\/#primaryimage\"},\"image\":{\"@id\":\"https:\\\/\\\/www.eldiario.net\\\/portal\\\/2023\\\/06\\\/18\\\/el-norte-de-peru-anuncia-paro-total-exigiendo-la-salida-de-dina-boluarte\\\/#primaryimage\"},\"thumbnailUrl\":\"https:\\\/\\\/www.eldiario.net\\\/portal\\\/wp-content\\\/uploads\\\/2023\\\/06\\\/PROTESTAS-scaled-1.jpg\",\"datePublished\":\"2023-06-18T10:30:11+00:00\",\"breadcrumb\":{\"@id\":\"https:\\\/\\\/www.eldiario.net\\\/portal\\\/2023\\\/06\\\/18\\\/el-norte-de-peru-anuncia-paro-total-exigiendo-la-salida-de-dina-boluarte\\\/#breadcrumb\"},\"inLanguage\":\"es\",\"potentialAction\":[{\"@type\":\"ReadAction\",\"target\":[\"https:\\\/\\\/www.eldiario.net\\\/portal\\\/2023\\\/06\\\/18\\\/el-norte-de-peru-anuncia-paro-total-exigiendo-la-salida-de-dina-boluarte\\\/\"]}]},{\"@type\":\"ImageObject\",\"inLanguage\":\"es\",\"@id\":\"https:\\\/\\\/www.eldiario.net\\\/portal\\\/2023\\\/06\\\/18\\\/el-norte-de-peru-anuncia-paro-total-exigiendo-la-salida-de-dina-boluarte\\\/#primaryimage\",\"url\":\"https:\\\/\\\/www.eldiario.net\\\/portal\\\/wp-content\\\/uploads\\\/2023\\\/06\\\/PROTESTAS-scaled-1.jpg\",\"contentUrl\":\"https:\\\/\\\/www.eldiario.net\\\/portal\\\/wp-content\\\/uploads\\\/2023\\\/06\\\/PROTESTAS-scaled-1.jpg\",\"width\":2560,\"height\":1704,\"caption\":\"ANUNCIARON QUE VARIAS OTRAS POBLACIONES SE SUMAR\u00c1N A LA MEDIDA.\"},{\"@type\":\"BreadcrumbList\",\"@id\":\"https:\\\/\\\/www.eldiario.net\\\/portal\\\/2023\\\/06\\\/18\\\/el-norte-de-peru-anuncia-paro-total-exigiendo-la-salida-de-dina-boluarte\\\/#breadcrumb\",\"itemListElement\":[{\"@type\":\"ListItem\",\"position\":1,\"name\":\"Portada\",\"item\":\"https:\\\/\\\/www.eldiario.net\\\/portal\\\/\"},{\"@type\":\"ListItem\",\"position\":2,\"name\":\"El norte de Per\u00fa anuncia paro total exigiendo la salida de Dina Boluarte\"}]},{\"@type\":\"WebSite\",\"@id\":\"https:\\\/\\\/www.eldiario.net\\\/portal\\\/#website\",\"url\":\"https:\\\/\\\/www.eldiario.net\\\/portal\\\/\",\"name\":\"El Diario - Decano de la prensa nacional\",\"description\":\"El Diario - Decano de la prensa nacional\",\"publisher\":{\"@id\":\"https:\\\/\\\/www.eldiario.net\\\/portal\\\/#organization\"},\"potentialAction\":[{\"@type\":\"SearchAction\",\"target\":{\"@type\":\"EntryPoint\",\"urlTemplate\":\"https:\\\/\\\/www.eldiario.net\\\/portal\\\/?s={search_term_string}\"},\"query-input\":{\"@type\":\"PropertyValueSpecification\",\"valueRequired\":true,\"valueName\":\"search_term_string\"}}],\"inLanguage\":\"es\"},{\"@type\":\"Organization\",\"@id\":\"https:\\\/\\\/www.eldiario.net\\\/portal\\\/#organization\",\"name\":\"El Diario - Decano de la prensa nacional\",\"url\":\"https:\\\/\\\/www.eldiario.net\\\/portal\\\/\",\"logo\":{\"@type\":\"ImageObject\",\"inLanguage\":\"es\",\"@id\":\"https:\\\/\\\/www.eldiario.net\\\/portal\\\/#\\\/schema\\\/logo\\\/image\\\/\",\"url\":\"https:\\\/\\\/www.eldiario.net\\\/portal\\\/wp-content\\\/uploads\\\/2023\\\/07\\\/logo_ED.jpg\",\"contentUrl\":\"https:\\\/\\\/www.eldiario.net\\\/portal\\\/wp-content\\\/uploads\\\/2023\\\/07\\\/logo_ED.jpg\",\"width\":272,\"height\":52,\"caption\":\"El Diario - Decano de la prensa nacional\"},\"image\":{\"@id\":\"https:\\\/\\\/www.eldiario.net\\\/portal\\\/#\\\/schema\\\/logo\\\/image\\\/\"},\"sameAs\":[\"https:\\\/\\\/www.facebook.com\\\/eldiario.bolivia\\\/\",\"https:\\\/\\\/x.com\\\/eldiario_net\"]},{\"@type\":\"Person\",\"@id\":\"https:\\\/\\\/www.eldiario.net\\\/portal\\\/#\\\/schema\\\/person\\\/f46445640444750d7d753ccd04ae01b7\",\"name\":\"Jeanette\",\"image\":{\"@type\":\"ImageObject\",\"inLanguage\":\"es\",\"@id\":\"https:\\\/\\\/secure.gravatar.com\\\/avatar\\\/3ea2118a5f7dad2b7138b1187a6b7ee55f160b9968b66013c3a3ef39dd7e5798?s=96&d=mm&r=g\",\"url\":\"https:\\\/\\\/secure.gravatar.com\\\/avatar\\\/3ea2118a5f7dad2b7138b1187a6b7ee55f160b9968b66013c3a3ef39dd7e5798?s=96&d=mm&r=g\",\"contentUrl\":\"https:\\\/\\\/secure.gravatar.com\\\/avatar\\\/3ea2118a5f7dad2b7138b1187a6b7ee55f160b9968b66013c3a3ef39dd7e5798?s=96&d=mm&r=g\",\"caption\":\"Jeanette\"},\"sameAs\":[\"https:\\\/\\\/www.eldiario.net\\\/portal\"],\"url\":\"https:\\\/\\\/www.eldiario.net\\\/portal\\\/author\\\/jeanette\\\/\"}]}<\/script>\n<!-- \/ Yoast SEO plugin. -->","yoast_head_json":{"title":"El norte de Per\u00fa anuncia paro total exigiendo la salida de Dina Boluarte - El Diario - Bolivia","robots":{"index":"index","follow":"follow","max-snippet":"max-snippet:-1","max-image-preview":"max-image-preview:large","max-video-preview":"max-video-preview:-1"},"canonical":"https:\/\/www.eldiario.net\/portal\/2023\/06\/18\/el-norte-de-peru-anuncia-paro-total-exigiendo-la-salida-de-dina-boluarte\/","og_locale":"es_ES","og_type":"article","og_title":"El norte de Per\u00fa anuncia paro total exigiendo la salida de Dina Boluarte - El Diario - Bolivia","og_description":"Organizaciones sociales de la regi\u00f3n norte del Per\u00fa se suman a la desaprobaci\u00f3n del gobierno y la renuncia de la presidenta Dina Boluarte, anuncian un paro total para el d\u00eda lunes 19 de julio. Las bases gremiales pretenden el cierre de mercados y centros de abastos, as\u00ed como el bloqueo de carreteras a fin de [&hellip;]","og_url":"https:\/\/www.eldiario.net\/portal\/2023\/06\/18\/el-norte-de-peru-anuncia-paro-total-exigiendo-la-salida-de-dina-boluarte\/","og_site_name":"El Diario - Bolivia","article_publisher":"https:\/\/www.facebook.com\/eldiario.bolivia\/","article_published_time":"2023-06-18T10:30:11+00:00","og_image":[{"width":2560,"height":1704,"url":"https:\/\/www.eldiario.net\/portal\/wp-content\/uploads\/2023\/06\/PROTESTAS-scaled-1.jpg","type":"image\/jpeg"}],"author":"Jeanette","twitter_card":"summary_large_image","twitter_creator":"@eldiario_net","twitter_site":"@eldiario_net","twitter_misc":{"Escrito por":"Jeanette","Tiempo de lectura":"3 minutos"},"schema":{"@context":"https:\/\/schema.org","@graph":[{"@type":"Article","@id":"https:\/\/www.eldiario.net\/portal\/2023\/06\/18\/el-norte-de-peru-anuncia-paro-total-exigiendo-la-salida-de-dina-boluarte\/#article","isPartOf":{"@id":"https:\/\/www.eldiario.net\/portal\/2023\/06\/18\/el-norte-de-peru-anuncia-paro-total-exigiendo-la-salida-de-dina-boluarte\/"},"author":{"name":"Jeanette","@id":"https:\/\/www.eldiario.net\/portal\/#\/schema\/person\/f46445640444750d7d753ccd04ae01b7"},"headline":"El norte de Per\u00fa anuncia paro total exigiendo la salida de Dina Boluarte","datePublished":"2023-06-18T10:30:11+00:00","mainEntityOfPage":{"@id":"https:\/\/www.eldiario.net\/portal\/2023\/06\/18\/el-norte-de-peru-anuncia-paro-total-exigiendo-la-salida-de-dina-boluarte\/"},"wordCount":478,"publisher":{"@id":"https:\/\/www.eldiario.net\/portal\/#organization"},"image":{"@id":"https:\/\/www.eldiario.net\/portal\/2023\/06\/18\/el-norte-de-peru-anuncia-paro-total-exigiendo-la-salida-de-dina-boluarte\/#primaryimage"},"thumbnailUrl":"https:\/\/www.eldiario.net\/portal\/wp-content\/uploads\/2023\/06\/PROTESTAS-scaled-1.jpg","articleSection":["Internacional"],"inLanguage":"es"},{"@type":"WebPage","@id":"https:\/\/www.eldiario.net\/portal\/2023\/06\/18\/el-norte-de-peru-anuncia-paro-total-exigiendo-la-salida-de-dina-boluarte\/","url":"https:\/\/www.eldiario.net\/portal\/2023\/06\/18\/el-norte-de-peru-anuncia-paro-total-exigiendo-la-salida-de-dina-boluarte\/","name":"El norte de Per\u00fa anuncia paro total exigiendo la salida de Dina Boluarte - El Diario - Bolivia","isPartOf":{"@id":"https:\/\/www.eldiario.net\/portal\/#website"},"primaryImageOfPage":{"@id":"https:\/\/www.eldiario.net\/portal\/2023\/06\/18\/el-norte-de-peru-anuncia-paro-total-exigiendo-la-salida-de-dina-boluarte\/#primaryimage"},"image":{"@id":"https:\/\/www.eldiario.net\/portal\/2023\/06\/18\/el-norte-de-peru-anuncia-paro-total-exigiendo-la-salida-de-dina-boluarte\/#primaryimage"},"thumbnailUrl":"https:\/\/www.eldiario.net\/portal\/wp-content\/uploads\/2023\/06\/PROTESTAS-scaled-1.jpg","datePublished":"2023-06-18T10:30:11+00:00","breadcrumb":{"@id":"https:\/\/www.eldiario.net\/portal\/2023\/06\/18\/el-norte-de-peru-anuncia-paro-total-exigiendo-la-salida-de-dina-boluarte\/#breadcrumb"},"inLanguage":"es","potentialAction":[{"@type":"ReadAction","target":["https:\/\/www.eldiario.net\/portal\/2023\/06\/18\/el-norte-de-peru-anuncia-paro-total-exigiendo-la-salida-de-dina-boluarte\/"]}]},{"@type":"ImageObject","inLanguage":"es","@id":"https:\/\/www.eldiario.net\/portal\/2023\/06\/18\/el-norte-de-peru-anuncia-paro-total-exigiendo-la-salida-de-dina-boluarte\/#primaryimage","url":"https:\/\/www.eldiario.net\/portal\/wp-content\/uploads\/2023\/06\/PROTESTAS-scaled-1.jpg","contentUrl":"https:\/\/www.eldiario.net\/portal\/wp-content\/uploads\/2023\/06\/PROTESTAS-scaled-1.jpg","width":2560,"height":1704,"caption":"ANUNCIARON QUE VARIAS OTRAS POBLACIONES SE SUMAR\u00c1N A LA MEDIDA."},{"@type":"BreadcrumbList","@id":"https:\/\/www.eldiario.net\/portal\/2023\/06\/18\/el-norte-de-peru-anuncia-paro-total-exigiendo-la-salida-de-dina-boluarte\/#breadcrumb","itemListElement":[{"@type":"ListItem","position":1,"name":"Portada","item":"https:\/\/www.eldiario.net\/portal\/"},{"@type":"ListItem","position":2,"name":"El norte de Per\u00fa anuncia paro total exigiendo la salida de Dina Boluarte"}]},{"@type":"WebSite","@id":"https:\/\/www.eldiario.net\/portal\/#website","url":"https:\/\/www.eldiario.net\/portal\/","name":"El Diario - Decano de la prensa nacional","description":"El Diario - Decano de la prensa nacional","publisher":{"@id":"https:\/\/www.eldiario.net\/portal\/#organization"},"potentialAction":[{"@type":"SearchAction","target":{"@type":"EntryPoint","urlTemplate":"https:\/\/www.eldiario.net\/portal\/?s={search_term_string}"},"query-input":{"@type":"PropertyValueSpecification","valueRequired":true,"valueName":"search_term_string"}}],"inLanguage":"es"},{"@type":"Organization","@id":"https:\/\/www.eldiario.net\/portal\/#organization","name":"El Diario - Decano de la prensa nacional","url":"https:\/\/www.eldiario.net\/portal\/","logo":{"@type":"ImageObject","inLanguage":"es","@id":"https:\/\/www.eldiario.net\/portal\/#\/schema\/logo\/image\/","url":"https:\/\/www.eldiario.net\/portal\/wp-content\/uploads\/2023\/07\/logo_ED.jpg","contentUrl":"https:\/\/www.eldiario.net\/portal\/wp-content\/uploads\/2023\/07\/logo_ED.jpg","width":272,"height":52,"caption":"El Diario - Decano de la prensa nacional"},"image":{"@id":"https:\/\/www.eldiario.net\/portal\/#\/schema\/logo\/image\/"},"sameAs":["https:\/\/www.facebook.com\/eldiario.bolivia\/","https:\/\/x.com\/eldiario_net"]},{"@type":"Person","@id":"https:\/\/www.eldiario.net\/portal\/#\/schema\/person\/f46445640444750d7d753ccd04ae01b7","name":"Jeanette","image":{"@type":"ImageObject","inLanguage":"es","@id":"https:\/\/secure.gravatar.com\/avatar\/3ea2118a5f7dad2b7138b1187a6b7ee55f160b9968b66013c3a3ef39dd7e5798?s=96&d=mm&r=g","url":"https:\/\/secure.gravatar.com\/avatar\/3ea2118a5f7dad2b7138b1187a6b7ee55f160b9968b66013c3a3ef39dd7e5798?s=96&d=mm&r=g","contentUrl":"https:\/\/secure.gravatar.com\/avatar\/3ea2118a5f7dad2b7138b1187a6b7ee55f160b9968b66013c3a3ef39dd7e5798?s=96&d=mm&r=g","caption":"Jeanette"},"sameAs":["https:\/\/www.eldiario.net\/portal"],"url":"https:\/\/www.eldiario.net\/portal\/author\/jeanette\/"}]}},"_links":{"self":[{"href":"https:\/\/www.eldiario.net\/portal\/wp-json\/wp\/v2\/posts\/160576","targetHints":{"allow":["GET"]}}],"collection":[{"href":"https:\/\/www.eldiario.net\/portal\/wp-json\/wp\/v2\/posts"}],"about":[{"href":"https:\/\/www.eldiario.net\/portal\/wp-json\/wp\/v2\/types\/post"}],"author":[{"embeddable":true,"href":"https:\/\/www.eldiario.net\/portal\/wp-json\/wp\/v2\/users\/1"}],"replies":[{"embeddable":true,"href":"https:\/\/www.eldiario.net\/portal\/wp-json\/wp\/v2\/comments?post=160576"}],"version-history":[{"count":0,"href":"https:\/\/www.eldiario.net\/portal\/wp-json\/wp\/v2\/posts\/160576\/revisions"}],"wp:featuredmedia":[{"embeddable":true,"href":"https:\/\/www.eldiario.net\/portal\/wp-json\/wp\/v2\/media\/160577"}],"wp:attachment":[{"href":"https:\/\/www.eldiario.net\/portal\/wp-json\/wp\/v2\/media?parent=160576"}],"wp:term":[{"taxonomy":"category","embeddable":true,"href":"https:\/\/www.eldiario.net\/portal\/wp-json\/wp\/v2\/categories?post=160576"},{"taxonomy":"post_tag","embeddable":true,"href":"https:\/\/www.eldiario.net\/portal\/wp-json\/wp\/v2\/tags?post=160576"}],"curies":[{"name":"wp","href":"https:\/\/api.w.org\/{rel}","templated":true}]}}