{"id":160574,"date":"2023-06-18T06:29:15","date_gmt":"2023-06-18T10:29:15","guid":{"rendered":"https:\/\/www.eldiario.net\/portal\/?p=160574"},"modified":"2023-06-18T06:29:15","modified_gmt":"2023-06-18T10:29:15","slug":"biden-indica-que-eeuu-no-facilitara-la-entrada-de-ucrania-en-la-otan","status":"publish","type":"post","link":"https:\/\/www.eldiario.net\/portal\/2023\/06\/18\/biden-indica-que-eeuu-no-facilitara-la-entrada-de-ucrania-en-la-otan\/","title":{"rendered":"Biden indica que EEUU no facilitar\u00e1  la entrada de Ucrania en la OTAN"},"content":{"rendered":"<p>El presidente de Estados Unidos, Joe Biden, declar\u00f3 ayer que su pa\u00eds no tiene intenci\u00f3n de facilitar la entrada de Ucrania en la OTAN y explic\u00f3 que dicha admisi\u00f3n solo tendr\u00e1 lugar si Kiev cumple los mismos est\u00e1ndares que el resto de pa\u00edses miembros de la alianza.<br \/>\n\u00abNo\u00bb, dijo Biden a la pregunta de si Estados Unidos tiene prevista alguna iniciativa para mejorar las posibilidades de adhesi\u00f3n de Kiev, despu\u00e9s de que el portal de noticias estadounidense Pol\u00edtico, citando fuentes oficiales, informara de la posibilidad de un mecanismo expr\u00e9s de incorporaci\u00f3n para Ucrania despu\u00e9s de la guerra con Rusia.<br \/>\nEstas fuentes confirmaron que el secretario general de la OTAN, Jens Stoltenberg, hab\u00eda planteado a pa\u00edses miembros la opci\u00f3n de que Ucrania se incorporar\u00e1 sin necesidad de adoptar el llamado Plan de Acci\u00f3n, una serie de reformas militares y democr\u00e1ticas que todos los pa\u00edses solicitantes deben adoptar.<br \/>\nBiden tambi\u00e9n dedic\u00f3 unas palabras sobre el despliegue de armas t\u00e1cticas rusas en Bielorrusia, una decisi\u00f3n que calific\u00f3 como totalmente irresponsable.<br \/>\nDurante su intervenci\u00f3n con motivo del Foro Econ\u00f3mico, que se est\u00e1 celebrando en la ciudad de San Petersburgo, Putin sostuvo que no desea recurrir a este tipo de armamento, algo que calific\u00f3 como negativo, y aclar\u00f3 que estas armas solo ser\u00e1n utilizadas en caso de \u00abamenaza a la integridad, independencia, soberan\u00eda y existencia del Estado ruso\u00bb. (Europa Press).<\/p>\n","protected":false},"excerpt":{"rendered":"<p>El presidente de Estados Unidos, Joe Biden, declar\u00f3 ayer que su pa\u00eds no tiene intenci\u00f3n de facilitar la entrada de Ucrania en la OTAN y explic\u00f3 que dicha admisi\u00f3n solo tendr\u00e1 lugar si Kiev cumple los mismos est\u00e1ndares que el resto de pa\u00edses miembros de la alianza. \u00abNo\u00bb, dijo Biden a la pregunta de si [&hellip;]<\/p>\n","protected":false},"author":1,"featured_media":0,"comment_status":"closed","ping_status":"closed","sticky":false,"template":"","format":"standard","meta":{"_acf_changed":false,"footnotes":""},"categories":[3],"tags":[],"class_list":["post-160574","post","type-post","status-publish","format-standard","category-internacional"],"acf":{"antetitulo":""},"yoast_head":"<!-- This site is optimized with the Yoast SEO plugin v28.3 - https:\/\/yoast.com\/product\/yoast-seo-wordpress\/ -->\n<title>Biden indica que EEUU no facilitar\u00e1 la entrada de Ucrania en la OTAN - El Diario - Bolivia<\/title>\n<meta name=\"robots\" content=\"index, follow, max-snippet:-1, max-image-preview:large, max-video-preview:-1\" \/>\n<link rel=\"canonical\" href=\"https:\/\/www.eldiario.net\/portal\/2023\/06\/18\/biden-indica-que-eeuu-no-facilitara-la-entrada-de-ucrania-en-la-otan\/\" \/>\n<meta property=\"og:locale\" content=\"es_ES\" \/>\n<meta property=\"og:type\" content=\"article\" \/>\n<meta property=\"og:title\" content=\"Biden indica que EEUU no facilitar\u00e1 la entrada de Ucrania en la OTAN - El Diario - Bolivia\" \/>\n<meta property=\"og:description\" content=\"El presidente de Estados Unidos, Joe Biden, declar\u00f3 ayer que su pa\u00eds no tiene intenci\u00f3n de facilitar la entrada de Ucrania en la OTAN y explic\u00f3 que dicha admisi\u00f3n solo tendr\u00e1 lugar si Kiev cumple los mismos est\u00e1ndares que el resto de pa\u00edses miembros de la alianza. \u00abNo\u00bb, dijo Biden a la pregunta de si [&hellip;]\" \/>\n<meta property=\"og:url\" content=\"https:\/\/www.eldiario.net\/portal\/2023\/06\/18\/biden-indica-que-eeuu-no-facilitara-la-entrada-de-ucrania-en-la-otan\/\" \/>\n<meta property=\"og:site_name\" content=\"El Diario - Bolivia\" \/>\n<meta property=\"article:publisher\" content=\"https:\/\/www.facebook.com\/eldiario.bolivia\/\" \/>\n<meta property=\"article:published_time\" content=\"2023-06-18T10:29:15+00:00\" \/>\n<meta name=\"author\" content=\"Jeanette\" \/>\n<meta name=\"twitter:card\" content=\"summary_large_image\" \/>\n<meta name=\"twitter:creator\" content=\"@eldiario_net\" \/>\n<meta name=\"twitter:site\" content=\"@eldiario_net\" \/>\n<meta name=\"twitter:label1\" content=\"Escrito por\" \/>\n\t<meta name=\"twitter:data1\" content=\"Jeanette\" \/>\n\t<meta name=\"twitter:label2\" content=\"Tiempo de lectura\" \/>\n\t<meta name=\"twitter:data2\" content=\"2 minutos\" \/>\n<script type=\"application\/ld+json\" class=\"yoast-schema-graph\">{\"@context\":\"https:\\\/\\\/schema.org\",\"@graph\":[{\"@type\":\"Article\",\"@id\":\"https:\\\/\\\/www.eldiario.net\\\/portal\\\/2023\\\/06\\\/18\\\/biden-indica-que-eeuu-no-facilitara-la-entrada-de-ucrania-en-la-otan\\\/#article\",\"isPartOf\":{\"@id\":\"https:\\\/\\\/www.eldiario.net\\\/portal\\\/2023\\\/06\\\/18\\\/biden-indica-que-eeuu-no-facilitara-la-entrada-de-ucrania-en-la-otan\\\/\"},\"author\":{\"name\":\"Jeanette\",\"@id\":\"https:\\\/\\\/www.eldiario.net\\\/portal\\\/#\\\/schema\\\/person\\\/f46445640444750d7d753ccd04ae01b7\"},\"headline\":\"Biden indica que EEUU no facilitar\u00e1 la entrada de Ucrania en la OTAN\",\"datePublished\":\"2023-06-18T10:29:15+00:00\",\"mainEntityOfPage\":{\"@id\":\"https:\\\/\\\/www.eldiario.net\\\/portal\\\/2023\\\/06\\\/18\\\/biden-indica-que-eeuu-no-facilitara-la-entrada-de-ucrania-en-la-otan\\\/\"},\"wordCount\":262,\"publisher\":{\"@id\":\"https:\\\/\\\/www.eldiario.net\\\/portal\\\/#organization\"},\"articleSection\":[\"Internacional\"],\"inLanguage\":\"es\"},{\"@type\":\"WebPage\",\"@id\":\"https:\\\/\\\/www.eldiario.net\\\/portal\\\/2023\\\/06\\\/18\\\/biden-indica-que-eeuu-no-facilitara-la-entrada-de-ucrania-en-la-otan\\\/\",\"url\":\"https:\\\/\\\/www.eldiario.net\\\/portal\\\/2023\\\/06\\\/18\\\/biden-indica-que-eeuu-no-facilitara-la-entrada-de-ucrania-en-la-otan\\\/\",\"name\":\"Biden indica que EEUU no facilitar\u00e1 la entrada de Ucrania en la OTAN - El Diario - Bolivia\",\"isPartOf\":{\"@id\":\"https:\\\/\\\/www.eldiario.net\\\/portal\\\/#website\"},\"datePublished\":\"2023-06-18T10:29:15+00:00\",\"breadcrumb\":{\"@id\":\"https:\\\/\\\/www.eldiario.net\\\/portal\\\/2023\\\/06\\\/18\\\/biden-indica-que-eeuu-no-facilitara-la-entrada-de-ucrania-en-la-otan\\\/#breadcrumb\"},\"inLanguage\":\"es\",\"potentialAction\":[{\"@type\":\"ReadAction\",\"target\":[\"https:\\\/\\\/www.eldiario.net\\\/portal\\\/2023\\\/06\\\/18\\\/biden-indica-que-eeuu-no-facilitara-la-entrada-de-ucrania-en-la-otan\\\/\"]}]},{\"@type\":\"BreadcrumbList\",\"@id\":\"https:\\\/\\\/www.eldiario.net\\\/portal\\\/2023\\\/06\\\/18\\\/biden-indica-que-eeuu-no-facilitara-la-entrada-de-ucrania-en-la-otan\\\/#breadcrumb\",\"itemListElement\":[{\"@type\":\"ListItem\",\"position\":1,\"name\":\"Portada\",\"item\":\"https:\\\/\\\/www.eldiario.net\\\/portal\\\/\"},{\"@type\":\"ListItem\",\"position\":2,\"name\":\"Biden indica que EEUU no facilitar\u00e1 la entrada de Ucrania en la OTAN\"}]},{\"@type\":\"WebSite\",\"@id\":\"https:\\\/\\\/www.eldiario.net\\\/portal\\\/#website\",\"url\":\"https:\\\/\\\/www.eldiario.net\\\/portal\\\/\",\"name\":\"El Diario - Decano de la prensa nacional\",\"description\":\"El Diario - Decano de la prensa nacional\",\"publisher\":{\"@id\":\"https:\\\/\\\/www.eldiario.net\\\/portal\\\/#organization\"},\"potentialAction\":[{\"@type\":\"SearchAction\",\"target\":{\"@type\":\"EntryPoint\",\"urlTemplate\":\"https:\\\/\\\/www.eldiario.net\\\/portal\\\/?s={search_term_string}\"},\"query-input\":{\"@type\":\"PropertyValueSpecification\",\"valueRequired\":true,\"valueName\":\"search_term_string\"}}],\"inLanguage\":\"es\"},{\"@type\":\"Organization\",\"@id\":\"https:\\\/\\\/www.eldiario.net\\\/portal\\\/#organization\",\"name\":\"El Diario - Decano de la prensa nacional\",\"url\":\"https:\\\/\\\/www.eldiario.net\\\/portal\\\/\",\"logo\":{\"@type\":\"ImageObject\",\"inLanguage\":\"es\",\"@id\":\"https:\\\/\\\/www.eldiario.net\\\/portal\\\/#\\\/schema\\\/logo\\\/image\\\/\",\"url\":\"https:\\\/\\\/www.eldiario.net\\\/portal\\\/wp-content\\\/uploads\\\/2023\\\/07\\\/logo_ED.jpg\",\"contentUrl\":\"https:\\\/\\\/www.eldiario.net\\\/portal\\\/wp-content\\\/uploads\\\/2023\\\/07\\\/logo_ED.jpg\",\"width\":272,\"height\":52,\"caption\":\"El Diario - Decano de la prensa nacional\"},\"image\":{\"@id\":\"https:\\\/\\\/www.eldiario.net\\\/portal\\\/#\\\/schema\\\/logo\\\/image\\\/\"},\"sameAs\":[\"https:\\\/\\\/www.facebook.com\\\/eldiario.bolivia\\\/\",\"https:\\\/\\\/x.com\\\/eldiario_net\"]},{\"@type\":\"Person\",\"@id\":\"https:\\\/\\\/www.eldiario.net\\\/portal\\\/#\\\/schema\\\/person\\\/f46445640444750d7d753ccd04ae01b7\",\"name\":\"Jeanette\",\"image\":{\"@type\":\"ImageObject\",\"inLanguage\":\"es\",\"@id\":\"https:\\\/\\\/secure.gravatar.com\\\/avatar\\\/3ea2118a5f7dad2b7138b1187a6b7ee55f160b9968b66013c3a3ef39dd7e5798?s=96&d=mm&r=g\",\"url\":\"https:\\\/\\\/secure.gravatar.com\\\/avatar\\\/3ea2118a5f7dad2b7138b1187a6b7ee55f160b9968b66013c3a3ef39dd7e5798?s=96&d=mm&r=g\",\"contentUrl\":\"https:\\\/\\\/secure.gravatar.com\\\/avatar\\\/3ea2118a5f7dad2b7138b1187a6b7ee55f160b9968b66013c3a3ef39dd7e5798?s=96&d=mm&r=g\",\"caption\":\"Jeanette\"},\"sameAs\":[\"https:\\\/\\\/www.eldiario.net\\\/portal\"],\"url\":\"https:\\\/\\\/www.eldiario.net\\\/portal\\\/author\\\/jeanette\\\/\"}]}<\/script>\n<!-- \/ Yoast SEO plugin. -->","yoast_head_json":{"title":"Biden indica que EEUU no facilitar\u00e1 la entrada de Ucrania en la OTAN - El Diario - Bolivia","robots":{"index":"index","follow":"follow","max-snippet":"max-snippet:-1","max-image-preview":"max-image-preview:large","max-video-preview":"max-video-preview:-1"},"canonical":"https:\/\/www.eldiario.net\/portal\/2023\/06\/18\/biden-indica-que-eeuu-no-facilitara-la-entrada-de-ucrania-en-la-otan\/","og_locale":"es_ES","og_type":"article","og_title":"Biden indica que EEUU no facilitar\u00e1 la entrada de Ucrania en la OTAN - El Diario - Bolivia","og_description":"El presidente de Estados Unidos, Joe Biden, declar\u00f3 ayer que su pa\u00eds no tiene intenci\u00f3n de facilitar la entrada de Ucrania en la OTAN y explic\u00f3 que dicha admisi\u00f3n solo tendr\u00e1 lugar si Kiev cumple los mismos est\u00e1ndares que el resto de pa\u00edses miembros de la alianza. \u00abNo\u00bb, dijo Biden a la pregunta de si [&hellip;]","og_url":"https:\/\/www.eldiario.net\/portal\/2023\/06\/18\/biden-indica-que-eeuu-no-facilitara-la-entrada-de-ucrania-en-la-otan\/","og_site_name":"El Diario - Bolivia","article_publisher":"https:\/\/www.facebook.com\/eldiario.bolivia\/","article_published_time":"2023-06-18T10:29:15+00:00","author":"Jeanette","twitter_card":"summary_large_image","twitter_creator":"@eldiario_net","twitter_site":"@eldiario_net","twitter_misc":{"Escrito por":"Jeanette","Tiempo de lectura":"2 minutos"},"schema":{"@context":"https:\/\/schema.org","@graph":[{"@type":"Article","@id":"https:\/\/www.eldiario.net\/portal\/2023\/06\/18\/biden-indica-que-eeuu-no-facilitara-la-entrada-de-ucrania-en-la-otan\/#article","isPartOf":{"@id":"https:\/\/www.eldiario.net\/portal\/2023\/06\/18\/biden-indica-que-eeuu-no-facilitara-la-entrada-de-ucrania-en-la-otan\/"},"author":{"name":"Jeanette","@id":"https:\/\/www.eldiario.net\/portal\/#\/schema\/person\/f46445640444750d7d753ccd04ae01b7"},"headline":"Biden indica que EEUU no facilitar\u00e1 la entrada de Ucrania en la OTAN","datePublished":"2023-06-18T10:29:15+00:00","mainEntityOfPage":{"@id":"https:\/\/www.eldiario.net\/portal\/2023\/06\/18\/biden-indica-que-eeuu-no-facilitara-la-entrada-de-ucrania-en-la-otan\/"},"wordCount":262,"publisher":{"@id":"https:\/\/www.eldiario.net\/portal\/#organization"},"articleSection":["Internacional"],"inLanguage":"es"},{"@type":"WebPage","@id":"https:\/\/www.eldiario.net\/portal\/2023\/06\/18\/biden-indica-que-eeuu-no-facilitara-la-entrada-de-ucrania-en-la-otan\/","url":"https:\/\/www.eldiario.net\/portal\/2023\/06\/18\/biden-indica-que-eeuu-no-facilitara-la-entrada-de-ucrania-en-la-otan\/","name":"Biden indica que EEUU no facilitar\u00e1 la entrada de Ucrania en la OTAN - El Diario - Bolivia","isPartOf":{"@id":"https:\/\/www.eldiario.net\/portal\/#website"},"datePublished":"2023-06-18T10:29:15+00:00","breadcrumb":{"@id":"https:\/\/www.eldiario.net\/portal\/2023\/06\/18\/biden-indica-que-eeuu-no-facilitara-la-entrada-de-ucrania-en-la-otan\/#breadcrumb"},"inLanguage":"es","potentialAction":[{"@type":"ReadAction","target":["https:\/\/www.eldiario.net\/portal\/2023\/06\/18\/biden-indica-que-eeuu-no-facilitara-la-entrada-de-ucrania-en-la-otan\/"]}]},{"@type":"BreadcrumbList","@id":"https:\/\/www.eldiario.net\/portal\/2023\/06\/18\/biden-indica-que-eeuu-no-facilitara-la-entrada-de-ucrania-en-la-otan\/#breadcrumb","itemListElement":[{"@type":"ListItem","position":1,"name":"Portada","item":"https:\/\/www.eldiario.net\/portal\/"},{"@type":"ListItem","position":2,"name":"Biden indica que EEUU no facilitar\u00e1 la entrada de Ucrania en la OTAN"}]},{"@type":"WebSite","@id":"https:\/\/www.eldiario.net\/portal\/#website","url":"https:\/\/www.eldiario.net\/portal\/","name":"El Diario - Decano de la prensa nacional","description":"El Diario - Decano de la prensa nacional","publisher":{"@id":"https:\/\/www.eldiario.net\/portal\/#organization"},"potentialAction":[{"@type":"SearchAction","target":{"@type":"EntryPoint","urlTemplate":"https:\/\/www.eldiario.net\/portal\/?s={search_term_string}"},"query-input":{"@type":"PropertyValueSpecification","valueRequired":true,"valueName":"search_term_string"}}],"inLanguage":"es"},{"@type":"Organization","@id":"https:\/\/www.eldiario.net\/portal\/#organization","name":"El Diario - Decano de la prensa nacional","url":"https:\/\/www.eldiario.net\/portal\/","logo":{"@type":"ImageObject","inLanguage":"es","@id":"https:\/\/www.eldiario.net\/portal\/#\/schema\/logo\/image\/","url":"https:\/\/www.eldiario.net\/portal\/wp-content\/uploads\/2023\/07\/logo_ED.jpg","contentUrl":"https:\/\/www.eldiario.net\/portal\/wp-content\/uploads\/2023\/07\/logo_ED.jpg","width":272,"height":52,"caption":"El Diario - Decano de la prensa nacional"},"image":{"@id":"https:\/\/www.eldiario.net\/portal\/#\/schema\/logo\/image\/"},"sameAs":["https:\/\/www.facebook.com\/eldiario.bolivia\/","https:\/\/x.com\/eldiario_net"]},{"@type":"Person","@id":"https:\/\/www.eldiario.net\/portal\/#\/schema\/person\/f46445640444750d7d753ccd04ae01b7","name":"Jeanette","image":{"@type":"ImageObject","inLanguage":"es","@id":"https:\/\/secure.gravatar.com\/avatar\/3ea2118a5f7dad2b7138b1187a6b7ee55f160b9968b66013c3a3ef39dd7e5798?s=96&d=mm&r=g","url":"https:\/\/secure.gravatar.com\/avatar\/3ea2118a5f7dad2b7138b1187a6b7ee55f160b9968b66013c3a3ef39dd7e5798?s=96&d=mm&r=g","contentUrl":"https:\/\/secure.gravatar.com\/avatar\/3ea2118a5f7dad2b7138b1187a6b7ee55f160b9968b66013c3a3ef39dd7e5798?s=96&d=mm&r=g","caption":"Jeanette"},"sameAs":["https:\/\/www.eldiario.net\/portal"],"url":"https:\/\/www.eldiario.net\/portal\/author\/jeanette\/"}]}},"_links":{"self":[{"href":"https:\/\/www.eldiario.net\/portal\/wp-json\/wp\/v2\/posts\/160574","targetHints":{"allow":["GET"]}}],"collection":[{"href":"https:\/\/www.eldiario.net\/portal\/wp-json\/wp\/v2\/posts"}],"about":[{"href":"https:\/\/www.eldiario.net\/portal\/wp-json\/wp\/v2\/types\/post"}],"author":[{"embeddable":true,"href":"https:\/\/www.eldiario.net\/portal\/wp-json\/wp\/v2\/users\/1"}],"replies":[{"embeddable":true,"href":"https:\/\/www.eldiario.net\/portal\/wp-json\/wp\/v2\/comments?post=160574"}],"version-history":[{"count":0,"href":"https:\/\/www.eldiario.net\/portal\/wp-json\/wp\/v2\/posts\/160574\/revisions"}],"wp:attachment":[{"href":"https:\/\/www.eldiario.net\/portal\/wp-json\/wp\/v2\/media?parent=160574"}],"wp:term":[{"taxonomy":"category","embeddable":true,"href":"https:\/\/www.eldiario.net\/portal\/wp-json\/wp\/v2\/categories?post=160574"},{"taxonomy":"post_tag","embeddable":true,"href":"https:\/\/www.eldiario.net\/portal\/wp-json\/wp\/v2\/tags?post=160574"}],"curies":[{"name":"wp","href":"https:\/\/api.w.org\/{rel}","templated":true}]}}