{"id":160571,"date":"2023-06-18T06:28:53","date_gmt":"2023-06-18T10:28:53","guid":{"rendered":"https:\/\/www.eldiario.net\/portal\/?p=160571"},"modified":"2023-06-18T06:28:53","modified_gmt":"2023-06-18T10:28:53","slug":"vladimir-putin-busca-ahora-militares-cubanos-para-combatir-en-ucrania","status":"publish","type":"post","link":"https:\/\/www.eldiario.net\/portal\/2023\/06\/18\/vladimir-putin-busca-ahora-militares-cubanos-para-combatir-en-ucrania\/","title":{"rendered":"Vladimir Putin busca ahora militares  cubanos para combatir en Ucrania"},"content":{"rendered":"<p>Pas\u00f3 casi un a\u00f1o y medio desde aquel 24 de febrero de 2022, en el que Vladimir Putin dio luz verde al Ej\u00e9rcito ruso para invadir a la vecina Ucrania. El resultado, al d\u00eda de hoy, no es en absoluto lo que preve\u00eda el jefe del Kremlin, quien estimaba que en cuesti\u00f3n de semanas tendr\u00eda el control de Kiev.<br \/>\nHoy sus tropas est\u00e1n exhaustas, fracasaron en su intento de llegar a la capital, y por estos d\u00edas hacen frente a una brutal contraofensiva de las fuerzas ucranianas para recuperar el terreno perdido. El presidente ruso sabe que para persistir en el poder necesita de una victoria. Por eso, en los \u00faltimos meses apel\u00f3 a diferentes estrategias de \u00faltimo momento para reforzar a sus debilitadas fuerzas armadas. Unas fuerzas armadas que, adem\u00e1s, cada vez est\u00e1n m\u00e1s alejadas de los mercenarios del Grupo Wagner, cuyo jefe, Yevgeny Prigozhin, ya no oculta sus diferencias y objeciones con el ministro de Defensa, Sergei Shoigu. En medio de este complejo panorama, el Gobierno ahora saca provecho de su alianza con Cuba para reclutar militares.<br \/>\nEl mes pasado medios de la regi\u00f3n de Kaz\u00e1n informaron que emigrantes cubanos empezaron a enrolarse en las filas del Ej\u00e9rcito ruso. Seg\u00fan los reportes de la prensa local, los aspirantes buscan beneficiarse de la legislaci\u00f3n promulgada por el Kremlin que permite a los extranjeros que prestan servicio militar la posibilidad de solicitar la ciudadan\u00eda rusa por la v\u00eda r\u00e1pida. Una legislaci\u00f3n que Putin se vio obligado a promover tras el masivo \u00e9xodo de j\u00f3venes rusos por el decreto que firm\u00f3 el jefe de Estado para obligar a los ciudadanos de entre 18 y 27 a\u00f1os a unirse al Ej\u00e9rcito para luchar en Ucrania.<br \/>\nAdem\u00e1s, siempre de acuerdo a los reportes locales, los ciudadanos extranjeros que hayan firmado un contrato con el Ej\u00e9rcito recibir\u00e1n un pago \u00fanico de 195.000 rublos (2.419 d\u00f3lares), y los residentes de la regi\u00f3n de Ryazan, otros 200.000 (2.482 d\u00f3lares) del presupuesto regional.<br \/>\nQuienes participen de la guerra en Ucrania, en tanto, tendr\u00e1n derecho a pagos de 204.000 rublos (2.531 d\u00f3lares) mensuales.<br \/>\nEl medio Ryazan Vedomosti inform\u00f3 que a fines de mayo los cubanos fueron enviados a la zona de la operaci\u00f3n militar especial, t\u00e9rmino con el que el Kremlin se refiere a la invasi\u00f3n a Ucrania.<br \/>\nLa prensa rusa, incluso, cit\u00f3 al mayor Dmitry Zaitsev, jefe de la selecci\u00f3n para el Servicio Militar, quien se refiri\u00f3 a estos casos. Seg\u00fan explic\u00f3, los env\u00edos de reclutas se realizan diariamente y sostuvo que desde comienzos de a\u00f1o fueron trasladadas m\u00e1s de 450 personas. No obstante, no especific\u00f3 cu\u00e1ntos cubanos forman parte de ese grupo.<br \/>\nSi bien reconoci\u00f3 que el pago es un buen incentivo para los movilizados, Zaitsev manifest\u00f3 que la principal motivaci\u00f3n para aquellos que deciden unirse al Ej\u00e9rcito ruso para combatir en Ucrania es ayudar a la Madre Patria en tiempos dif\u00edciles.<br \/>\n\u201cLos j\u00f3venes expresaron su deseo de participar en el Nuevo Orden Mundial en el territorio de Ucrania. Vale la pena se\u00f1alar que, despu\u00e9s de eso, los residentes de Cuba podr\u00e1n obtener la ciudadan\u00eda de la Federaci\u00f3n Rusa\u201d, agrega la informaci\u00f3n divulgada por los medios locales.<br \/>\nPero la verdad detr\u00e1s de este reclutamiento de soldados cubanos no estar\u00eda relacionada a un sentir de amor y fidelidad con la \u201cMadre Patria\u201d rusa, sino con una oscura y secreta alianza entre dos reg\u00edmenes aliados.<br \/>\nLa organizaci\u00f3n no gubernamental Prisoners Defenders aprovech\u00f3 su informe mensual sobre la situaci\u00f3n de los presos pol\u00edticos en Cuba para advertir sobre esta cooperaci\u00f3n militar entre Mosc\u00fa y La Habana, que representar\u00eda una intervenci\u00f3n directa de la dictadura de Miguel D\u00edazCanel en la guerra en Ucrania.<br \/>\nLa ONG que vela por los derechos humanos en la isla record\u00f3 que el r\u00e9gimen castrista desde el inicio de la invasi\u00f3n apoy\u00f3 p\u00fablicamente a la Rusia de Putin, y hasta alab\u00f3 las ileg\u00edtimas anexiones del Donb\u00e1s. Pero esa estrecha relaci\u00f3n en los \u00faltimos meses se habr\u00eda extendido con el env\u00edo de soldados cubanos para colaborar con las debilitadas tropas rusas.<br \/>\n\u201cCon el fin de poner un broche a esta nueva alianza con Rusia, Cuba ya est\u00e1 enviando soldados a Ucrania\u201d, afirma Prisoners Defenders en su reciente informe.<br \/>\nA mediados de mayo la agregada militar cubana, M\u00f3nica G\u00f3mez, firm\u00f3 una serie de acuerdos con sus pares de Bielorrusia, pa\u00eds aliado de Putin que, incluso, alberga armas nucleares rusas en sus fronteras. El principal eje de esos acuerdos se centra, seg\u00fan lo informado por Minsk, en el entrenamiento del personal militar cubano en la Rep\u00fablica de Bielorrusia y el fomento de la cooperaci\u00f3n militar entre los dos pa\u00edses.<br \/>\n\u201cEl ej\u00e9rcito cubano es uno de los pocos en el mundo que quiz\u00e1s no necesite recibir formaci\u00f3n de las tropas de Alexander Lukashenko, salvo si la formaci\u00f3n tiene como fin entrar en combate usando el armamento moderno suministrado por Rusia\u201d, se\u00f1ala el informe de la ONG, aunque reconoce que tiene toda la l\u00f3gica en la situaci\u00f3n actual y luego de que los propios medios rusos se hicieran eco de los militares cubanos enviados a luchar en Ucrania.<br \/>\nPero Prisoners Defenders advirti\u00f3 una particularidad: \u201cS\u00f3lo hay que tener a mano la Ley de Cuba para saber que ning\u00fan militar cubano puede salir de la isla y entrar en dicho conflicto sin haber sido enviado por su gobierno con el pasaporte \u2018oficial\u2019. Es decir, son soldados \u2018alquilados\u2019 a Rusia por el gobierno de Cuba, pues de otra manera no pueden salir de la isla por Ley\u201d.<br \/>\nEl activista cubano-espa\u00f1ol Javier Larrondo es presidente de la ONG que tiene su sede en Madrid. En di\u00e1logo con Infobae se refiri\u00f3 a este reclutamiento de soldados cubanos y explic\u00f3 por qu\u00e9 no se trata de un simple enrolamiento voluntario como informaron diversos medios rusos.<br \/>\n\u201cEl env\u00edo de mercenarios al conflicto de Ucrania no lo vamos a ver oficializado ni reconocido por Cuba, porque en el momento en que eso se oficialice para Cuba significar\u00eda la ruptura de relaciones con un mont\u00f3n de pa\u00edses\u201d, afirm\u00f3.<br \/>\nSeg\u00fan explic\u00f3, la ley cubana indica que un militar no puede salir de la isla \u201csi no tiene el permiso expl\u00edcito de sus superiores\u201d: \u201cEntonces, \u00bfqu\u00e9 hacen unos cubanos j\u00f3venes, militares, alist\u00e1ndose si en teor\u00eda no podr\u00edan salir de Cuba? Segundo: \u00bfqui\u00e9n les paga el pasaje? \u00bfC\u00f3mo esos militares que cobran 50 d\u00f3lares de repente van a pagar un pasaje de 1500 d\u00f3lares? Deber\u00edan vender sus casas para ir a combatir a Ucrania\u201d.<br \/>\nAunque Larrondo aclar\u00f3 que hay poca informaci\u00f3n sobre los detalles de este oscuro acuerdo, se\u00f1al\u00f3 que, seg\u00fan las experiencias con otras misiones enviadas por Cuba al exterior, \u201cse deduce que firm\u00f3 con Rusia un acuerdo a trav\u00e9s del cual le env\u00eda mercenarios por 2.000 d\u00f3lares, de los cuales el Gobierno se quedar\u00e1 con el 75 al 95% de esos salarios\u201d.<br \/>\n\u201cEs una apuesta deductiva, pero con el conocimiento de las leyes cubanas, y sabiendo la realidad, tras la formaci\u00f3n de militares cubanos en Bielorrusia y el hecho de que no haya gente de clase media que pueda sacar un pasaje y hotel a Rusia para ir a luchar a Ucrania porque quiere matar ucranianos\u201d, apunt\u00f3.<br \/>\n\u201cEse mercenarismo se lo tenemos que atribuir al que acepta esa operaci\u00f3n, que es el Gobierno\u201d, a\u00f1adi\u00f3.<br \/>\nComent\u00f3, por su parte, que los j\u00f3venes soldados cubanos no tienen derecho a rechazar unirse a las fuerzas rusas: \u201cSon militares, no tienen forma de negarse a ir. Si se niegan o hablan, tienen represalias ellos y sus familias. Las represalias son ejemplarizantes para todo el Ej\u00e9rcito. Hacen que el resto de sus compa\u00f1eros vean lo que hace el r\u00e9gimen cuando alguno incumple las normas internas\u201d.<br \/>\nLarrondo reconoci\u00f3 que tiene sentido que los militares cubanos reciban formaci\u00f3n previamente en Bielorrusia: \u201cEllos manejan la tipolog\u00eda de armamento que se est\u00e1 usando en la guerra de Ucrania. Tiene sentido que en vez de mover toda esa maquinaria a Cuba, los llevan a Bielorrusia para formarlos para tenerlos listos para ir a la guerra\u201d.<br \/>\nEl activista y presidente de Prisoners Defenders dijo que es un tema muy delicado y muy reciente, por lo que los pa\u00edses se muestran muy cautos. Sin embargo, inst\u00f3 a la comunidad internacional, en particular a la Uni\u00f3n Europea, a seguir con atenci\u00f3n esta presunta participaci\u00f3n del r\u00e9gimen cubano en la guerra en Ucrania: \u201cAs\u00ed act\u00faa el r\u00e9gimen en todos los \u00e1mbitos. Hay que saber leer c\u00f3mo se manejan, hay que leer entre l\u00edneas\u201d.<br \/>\nDurante la \u00e9poca sovi\u00e9tica muchos cubanos estudiaron en Rusia, y algunos se establecieron all\u00ed. Adem\u00e1s, los cubanos tienen exenci\u00f3n de visa, por lo que Rusia se convirti\u00f3 en uno de los principales destinos para los que buscaban emigrar. Pero no cualquiera pod\u00eda, ni puede costearse siquiera un pasaje a Mosc\u00fa con los salarios de la isla. Desde que salieron los primeros reportes sobre este tema, en redes sociales muchas personas advirtieron que los que emigraron son, en su gran mayor\u00eda, los que ten\u00edan recursos. Se\u00f1alaron que por m\u00e1s que sea complicado obtener un estatus legal en la naci\u00f3n euroasi\u00e1tica, es dif\u00edcil imaginar que j\u00f3venes cubanos o de cualquier nacionalidad decidan arriesgar sus vidas luchando una guerra para otro pa\u00eds por un simple documento y un salario del cual se beneficiar\u00edan con un muy bajo porcentaje para que el resto vaya a las arcas del Estado. (Infobae).<\/p>\n","protected":false},"excerpt":{"rendered":"<p>Pas\u00f3 casi un a\u00f1o y medio desde aquel 24 de febrero de 2022, en el que Vladimir Putin dio luz verde al Ej\u00e9rcito ruso para invadir a la vecina Ucrania. El resultado, al d\u00eda de hoy, no es en absoluto lo que preve\u00eda el jefe del Kremlin, quien estimaba que en cuesti\u00f3n de semanas tendr\u00eda [&hellip;]<\/p>\n","protected":false},"author":1,"featured_media":160572,"comment_status":"closed","ping_status":"closed","sticky":false,"template":"","format":"standard","meta":{"_acf_changed":false,"footnotes":""},"categories":[3],"tags":[],"class_list":["post-160571","post","type-post","status-publish","format-standard","has-post-thumbnail","category-internacional"],"acf":{"antetitulo":""},"yoast_head":"<!-- This site is optimized with the Yoast SEO plugin v28.3 - https:\/\/yoast.com\/product\/yoast-seo-wordpress\/ -->\n<title>Vladimir Putin busca ahora militares cubanos para combatir en Ucrania - El Diario - Bolivia<\/title>\n<meta name=\"robots\" content=\"index, follow, max-snippet:-1, max-image-preview:large, max-video-preview:-1\" \/>\n<link rel=\"canonical\" href=\"https:\/\/www.eldiario.net\/portal\/2023\/06\/18\/vladimir-putin-busca-ahora-militares-cubanos-para-combatir-en-ucrania\/\" \/>\n<meta property=\"og:locale\" content=\"es_ES\" \/>\n<meta property=\"og:type\" content=\"article\" \/>\n<meta property=\"og:title\" content=\"Vladimir Putin busca ahora militares cubanos para combatir en Ucrania - El Diario - Bolivia\" \/>\n<meta property=\"og:description\" content=\"Pas\u00f3 casi un a\u00f1o y medio desde aquel 24 de febrero de 2022, en el que Vladimir Putin dio luz verde al Ej\u00e9rcito ruso para invadir a la vecina Ucrania. El resultado, al d\u00eda de hoy, no es en absoluto lo que preve\u00eda el jefe del Kremlin, quien estimaba que en cuesti\u00f3n de semanas tendr\u00eda [&hellip;]\" \/>\n<meta property=\"og:url\" content=\"https:\/\/www.eldiario.net\/portal\/2023\/06\/18\/vladimir-putin-busca-ahora-militares-cubanos-para-combatir-en-ucrania\/\" \/>\n<meta property=\"og:site_name\" content=\"El Diario - Bolivia\" \/>\n<meta property=\"article:publisher\" content=\"https:\/\/www.facebook.com\/eldiario.bolivia\/\" \/>\n<meta property=\"article:published_time\" content=\"2023-06-18T10:28:53+00:00\" \/>\n<meta property=\"og:image\" content=\"https:\/\/www.eldiario.net\/portal\/wp-content\/uploads\/2023\/06\/ACUERDO-1.jpg\" \/>\n\t<meta property=\"og:image:width\" content=\"1920\" \/>\n\t<meta property=\"og:image:height\" content=\"1080\" \/>\n\t<meta property=\"og:image:type\" content=\"image\/jpeg\" \/>\n<meta name=\"author\" content=\"Jeanette\" \/>\n<meta name=\"twitter:card\" content=\"summary_large_image\" \/>\n<meta name=\"twitter:creator\" content=\"@eldiario_net\" \/>\n<meta name=\"twitter:site\" content=\"@eldiario_net\" \/>\n<meta name=\"twitter:label1\" content=\"Escrito por\" \/>\n\t<meta name=\"twitter:data1\" content=\"Jeanette\" \/>\n\t<meta name=\"twitter:label2\" content=\"Tiempo de lectura\" \/>\n\t<meta name=\"twitter:data2\" content=\"8 minutos\" \/>\n<script type=\"application\/ld+json\" class=\"yoast-schema-graph\">{\"@context\":\"https:\\\/\\\/schema.org\",\"@graph\":[{\"@type\":\"Article\",\"@id\":\"https:\\\/\\\/www.eldiario.net\\\/portal\\\/2023\\\/06\\\/18\\\/vladimir-putin-busca-ahora-militares-cubanos-para-combatir-en-ucrania\\\/#article\",\"isPartOf\":{\"@id\":\"https:\\\/\\\/www.eldiario.net\\\/portal\\\/2023\\\/06\\\/18\\\/vladimir-putin-busca-ahora-militares-cubanos-para-combatir-en-ucrania\\\/\"},\"author\":{\"name\":\"Jeanette\",\"@id\":\"https:\\\/\\\/www.eldiario.net\\\/portal\\\/#\\\/schema\\\/person\\\/f46445640444750d7d753ccd04ae01b7\"},\"headline\":\"Vladimir Putin busca ahora militares cubanos para combatir en Ucrania\",\"datePublished\":\"2023-06-18T10:28:53+00:00\",\"mainEntityOfPage\":{\"@id\":\"https:\\\/\\\/www.eldiario.net\\\/portal\\\/2023\\\/06\\\/18\\\/vladimir-putin-busca-ahora-militares-cubanos-para-combatir-en-ucrania\\\/\"},\"wordCount\":1668,\"publisher\":{\"@id\":\"https:\\\/\\\/www.eldiario.net\\\/portal\\\/#organization\"},\"image\":{\"@id\":\"https:\\\/\\\/www.eldiario.net\\\/portal\\\/2023\\\/06\\\/18\\\/vladimir-putin-busca-ahora-militares-cubanos-para-combatir-en-ucrania\\\/#primaryimage\"},\"thumbnailUrl\":\"https:\\\/\\\/www.eldiario.net\\\/portal\\\/wp-content\\\/uploads\\\/2023\\\/06\\\/ACUERDO-1.jpg\",\"articleSection\":[\"Internacional\"],\"inLanguage\":\"es\"},{\"@type\":\"WebPage\",\"@id\":\"https:\\\/\\\/www.eldiario.net\\\/portal\\\/2023\\\/06\\\/18\\\/vladimir-putin-busca-ahora-militares-cubanos-para-combatir-en-ucrania\\\/\",\"url\":\"https:\\\/\\\/www.eldiario.net\\\/portal\\\/2023\\\/06\\\/18\\\/vladimir-putin-busca-ahora-militares-cubanos-para-combatir-en-ucrania\\\/\",\"name\":\"Vladimir Putin busca ahora militares cubanos para combatir en Ucrania - El Diario - Bolivia\",\"isPartOf\":{\"@id\":\"https:\\\/\\\/www.eldiario.net\\\/portal\\\/#website\"},\"primaryImageOfPage\":{\"@id\":\"https:\\\/\\\/www.eldiario.net\\\/portal\\\/2023\\\/06\\\/18\\\/vladimir-putin-busca-ahora-militares-cubanos-para-combatir-en-ucrania\\\/#primaryimage\"},\"image\":{\"@id\":\"https:\\\/\\\/www.eldiario.net\\\/portal\\\/2023\\\/06\\\/18\\\/vladimir-putin-busca-ahora-militares-cubanos-para-combatir-en-ucrania\\\/#primaryimage\"},\"thumbnailUrl\":\"https:\\\/\\\/www.eldiario.net\\\/portal\\\/wp-content\\\/uploads\\\/2023\\\/06\\\/ACUERDO-1.jpg\",\"datePublished\":\"2023-06-18T10:28:53+00:00\",\"breadcrumb\":{\"@id\":\"https:\\\/\\\/www.eldiario.net\\\/portal\\\/2023\\\/06\\\/18\\\/vladimir-putin-busca-ahora-militares-cubanos-para-combatir-en-ucrania\\\/#breadcrumb\"},\"inLanguage\":\"es\",\"potentialAction\":[{\"@type\":\"ReadAction\",\"target\":[\"https:\\\/\\\/www.eldiario.net\\\/portal\\\/2023\\\/06\\\/18\\\/vladimir-putin-busca-ahora-militares-cubanos-para-combatir-en-ucrania\\\/\"]}]},{\"@type\":\"ImageObject\",\"inLanguage\":\"es\",\"@id\":\"https:\\\/\\\/www.eldiario.net\\\/portal\\\/2023\\\/06\\\/18\\\/vladimir-putin-busca-ahora-militares-cubanos-para-combatir-en-ucrania\\\/#primaryimage\",\"url\":\"https:\\\/\\\/www.eldiario.net\\\/portal\\\/wp-content\\\/uploads\\\/2023\\\/06\\\/ACUERDO-1.jpg\",\"contentUrl\":\"https:\\\/\\\/www.eldiario.net\\\/portal\\\/wp-content\\\/uploads\\\/2023\\\/06\\\/ACUERDO-1.jpg\",\"width\":1920,\"height\":1080,\"caption\":\"ACUERDO: VLADIMIR PUTIN ACORD\u00d3 RECLUTAR SOLDADOS CUBANOS PARA SU GUERRA EN UCRANIA. AFP\"},{\"@type\":\"BreadcrumbList\",\"@id\":\"https:\\\/\\\/www.eldiario.net\\\/portal\\\/2023\\\/06\\\/18\\\/vladimir-putin-busca-ahora-militares-cubanos-para-combatir-en-ucrania\\\/#breadcrumb\",\"itemListElement\":[{\"@type\":\"ListItem\",\"position\":1,\"name\":\"Portada\",\"item\":\"https:\\\/\\\/www.eldiario.net\\\/portal\\\/\"},{\"@type\":\"ListItem\",\"position\":2,\"name\":\"Vladimir Putin busca ahora militares cubanos para combatir en Ucrania\"}]},{\"@type\":\"WebSite\",\"@id\":\"https:\\\/\\\/www.eldiario.net\\\/portal\\\/#website\",\"url\":\"https:\\\/\\\/www.eldiario.net\\\/portal\\\/\",\"name\":\"El Diario - Decano de la prensa nacional\",\"description\":\"El Diario - Decano de la prensa nacional\",\"publisher\":{\"@id\":\"https:\\\/\\\/www.eldiario.net\\\/portal\\\/#organization\"},\"potentialAction\":[{\"@type\":\"SearchAction\",\"target\":{\"@type\":\"EntryPoint\",\"urlTemplate\":\"https:\\\/\\\/www.eldiario.net\\\/portal\\\/?s={search_term_string}\"},\"query-input\":{\"@type\":\"PropertyValueSpecification\",\"valueRequired\":true,\"valueName\":\"search_term_string\"}}],\"inLanguage\":\"es\"},{\"@type\":\"Organization\",\"@id\":\"https:\\\/\\\/www.eldiario.net\\\/portal\\\/#organization\",\"name\":\"El Diario - Decano de la prensa nacional\",\"url\":\"https:\\\/\\\/www.eldiario.net\\\/portal\\\/\",\"logo\":{\"@type\":\"ImageObject\",\"inLanguage\":\"es\",\"@id\":\"https:\\\/\\\/www.eldiario.net\\\/portal\\\/#\\\/schema\\\/logo\\\/image\\\/\",\"url\":\"https:\\\/\\\/www.eldiario.net\\\/portal\\\/wp-content\\\/uploads\\\/2023\\\/07\\\/logo_ED.jpg\",\"contentUrl\":\"https:\\\/\\\/www.eldiario.net\\\/portal\\\/wp-content\\\/uploads\\\/2023\\\/07\\\/logo_ED.jpg\",\"width\":272,\"height\":52,\"caption\":\"El Diario - Decano de la prensa nacional\"},\"image\":{\"@id\":\"https:\\\/\\\/www.eldiario.net\\\/portal\\\/#\\\/schema\\\/logo\\\/image\\\/\"},\"sameAs\":[\"https:\\\/\\\/www.facebook.com\\\/eldiario.bolivia\\\/\",\"https:\\\/\\\/x.com\\\/eldiario_net\"]},{\"@type\":\"Person\",\"@id\":\"https:\\\/\\\/www.eldiario.net\\\/portal\\\/#\\\/schema\\\/person\\\/f46445640444750d7d753ccd04ae01b7\",\"name\":\"Jeanette\",\"image\":{\"@type\":\"ImageObject\",\"inLanguage\":\"es\",\"@id\":\"https:\\\/\\\/secure.gravatar.com\\\/avatar\\\/3ea2118a5f7dad2b7138b1187a6b7ee55f160b9968b66013c3a3ef39dd7e5798?s=96&d=mm&r=g\",\"url\":\"https:\\\/\\\/secure.gravatar.com\\\/avatar\\\/3ea2118a5f7dad2b7138b1187a6b7ee55f160b9968b66013c3a3ef39dd7e5798?s=96&d=mm&r=g\",\"contentUrl\":\"https:\\\/\\\/secure.gravatar.com\\\/avatar\\\/3ea2118a5f7dad2b7138b1187a6b7ee55f160b9968b66013c3a3ef39dd7e5798?s=96&d=mm&r=g\",\"caption\":\"Jeanette\"},\"sameAs\":[\"https:\\\/\\\/www.eldiario.net\\\/portal\"],\"url\":\"https:\\\/\\\/www.eldiario.net\\\/portal\\\/author\\\/jeanette\\\/\"}]}<\/script>\n<!-- \/ Yoast SEO plugin. -->","yoast_head_json":{"title":"Vladimir Putin busca ahora militares cubanos para combatir en Ucrania - El Diario - Bolivia","robots":{"index":"index","follow":"follow","max-snippet":"max-snippet:-1","max-image-preview":"max-image-preview:large","max-video-preview":"max-video-preview:-1"},"canonical":"https:\/\/www.eldiario.net\/portal\/2023\/06\/18\/vladimir-putin-busca-ahora-militares-cubanos-para-combatir-en-ucrania\/","og_locale":"es_ES","og_type":"article","og_title":"Vladimir Putin busca ahora militares cubanos para combatir en Ucrania - El Diario - Bolivia","og_description":"Pas\u00f3 casi un a\u00f1o y medio desde aquel 24 de febrero de 2022, en el que Vladimir Putin dio luz verde al Ej\u00e9rcito ruso para invadir a la vecina Ucrania. El resultado, al d\u00eda de hoy, no es en absoluto lo que preve\u00eda el jefe del Kremlin, quien estimaba que en cuesti\u00f3n de semanas tendr\u00eda [&hellip;]","og_url":"https:\/\/www.eldiario.net\/portal\/2023\/06\/18\/vladimir-putin-busca-ahora-militares-cubanos-para-combatir-en-ucrania\/","og_site_name":"El Diario - Bolivia","article_publisher":"https:\/\/www.facebook.com\/eldiario.bolivia\/","article_published_time":"2023-06-18T10:28:53+00:00","og_image":[{"width":1920,"height":1080,"url":"https:\/\/www.eldiario.net\/portal\/wp-content\/uploads\/2023\/06\/ACUERDO-1.jpg","type":"image\/jpeg"}],"author":"Jeanette","twitter_card":"summary_large_image","twitter_creator":"@eldiario_net","twitter_site":"@eldiario_net","twitter_misc":{"Escrito por":"Jeanette","Tiempo de lectura":"8 minutos"},"schema":{"@context":"https:\/\/schema.org","@graph":[{"@type":"Article","@id":"https:\/\/www.eldiario.net\/portal\/2023\/06\/18\/vladimir-putin-busca-ahora-militares-cubanos-para-combatir-en-ucrania\/#article","isPartOf":{"@id":"https:\/\/www.eldiario.net\/portal\/2023\/06\/18\/vladimir-putin-busca-ahora-militares-cubanos-para-combatir-en-ucrania\/"},"author":{"name":"Jeanette","@id":"https:\/\/www.eldiario.net\/portal\/#\/schema\/person\/f46445640444750d7d753ccd04ae01b7"},"headline":"Vladimir Putin busca ahora militares cubanos para combatir en Ucrania","datePublished":"2023-06-18T10:28:53+00:00","mainEntityOfPage":{"@id":"https:\/\/www.eldiario.net\/portal\/2023\/06\/18\/vladimir-putin-busca-ahora-militares-cubanos-para-combatir-en-ucrania\/"},"wordCount":1668,"publisher":{"@id":"https:\/\/www.eldiario.net\/portal\/#organization"},"image":{"@id":"https:\/\/www.eldiario.net\/portal\/2023\/06\/18\/vladimir-putin-busca-ahora-militares-cubanos-para-combatir-en-ucrania\/#primaryimage"},"thumbnailUrl":"https:\/\/www.eldiario.net\/portal\/wp-content\/uploads\/2023\/06\/ACUERDO-1.jpg","articleSection":["Internacional"],"inLanguage":"es"},{"@type":"WebPage","@id":"https:\/\/www.eldiario.net\/portal\/2023\/06\/18\/vladimir-putin-busca-ahora-militares-cubanos-para-combatir-en-ucrania\/","url":"https:\/\/www.eldiario.net\/portal\/2023\/06\/18\/vladimir-putin-busca-ahora-militares-cubanos-para-combatir-en-ucrania\/","name":"Vladimir Putin busca ahora militares cubanos para combatir en Ucrania - El Diario - Bolivia","isPartOf":{"@id":"https:\/\/www.eldiario.net\/portal\/#website"},"primaryImageOfPage":{"@id":"https:\/\/www.eldiario.net\/portal\/2023\/06\/18\/vladimir-putin-busca-ahora-militares-cubanos-para-combatir-en-ucrania\/#primaryimage"},"image":{"@id":"https:\/\/www.eldiario.net\/portal\/2023\/06\/18\/vladimir-putin-busca-ahora-militares-cubanos-para-combatir-en-ucrania\/#primaryimage"},"thumbnailUrl":"https:\/\/www.eldiario.net\/portal\/wp-content\/uploads\/2023\/06\/ACUERDO-1.jpg","datePublished":"2023-06-18T10:28:53+00:00","breadcrumb":{"@id":"https:\/\/www.eldiario.net\/portal\/2023\/06\/18\/vladimir-putin-busca-ahora-militares-cubanos-para-combatir-en-ucrania\/#breadcrumb"},"inLanguage":"es","potentialAction":[{"@type":"ReadAction","target":["https:\/\/www.eldiario.net\/portal\/2023\/06\/18\/vladimir-putin-busca-ahora-militares-cubanos-para-combatir-en-ucrania\/"]}]},{"@type":"ImageObject","inLanguage":"es","@id":"https:\/\/www.eldiario.net\/portal\/2023\/06\/18\/vladimir-putin-busca-ahora-militares-cubanos-para-combatir-en-ucrania\/#primaryimage","url":"https:\/\/www.eldiario.net\/portal\/wp-content\/uploads\/2023\/06\/ACUERDO-1.jpg","contentUrl":"https:\/\/www.eldiario.net\/portal\/wp-content\/uploads\/2023\/06\/ACUERDO-1.jpg","width":1920,"height":1080,"caption":"ACUERDO: VLADIMIR PUTIN ACORD\u00d3 RECLUTAR SOLDADOS CUBANOS PARA SU GUERRA EN UCRANIA. AFP"},{"@type":"BreadcrumbList","@id":"https:\/\/www.eldiario.net\/portal\/2023\/06\/18\/vladimir-putin-busca-ahora-militares-cubanos-para-combatir-en-ucrania\/#breadcrumb","itemListElement":[{"@type":"ListItem","position":1,"name":"Portada","item":"https:\/\/www.eldiario.net\/portal\/"},{"@type":"ListItem","position":2,"name":"Vladimir Putin busca ahora militares cubanos para combatir en Ucrania"}]},{"@type":"WebSite","@id":"https:\/\/www.eldiario.net\/portal\/#website","url":"https:\/\/www.eldiario.net\/portal\/","name":"El Diario - Decano de la prensa nacional","description":"El Diario - Decano de la prensa nacional","publisher":{"@id":"https:\/\/www.eldiario.net\/portal\/#organization"},"potentialAction":[{"@type":"SearchAction","target":{"@type":"EntryPoint","urlTemplate":"https:\/\/www.eldiario.net\/portal\/?s={search_term_string}"},"query-input":{"@type":"PropertyValueSpecification","valueRequired":true,"valueName":"search_term_string"}}],"inLanguage":"es"},{"@type":"Organization","@id":"https:\/\/www.eldiario.net\/portal\/#organization","name":"El Diario - Decano de la prensa nacional","url":"https:\/\/www.eldiario.net\/portal\/","logo":{"@type":"ImageObject","inLanguage":"es","@id":"https:\/\/www.eldiario.net\/portal\/#\/schema\/logo\/image\/","url":"https:\/\/www.eldiario.net\/portal\/wp-content\/uploads\/2023\/07\/logo_ED.jpg","contentUrl":"https:\/\/www.eldiario.net\/portal\/wp-content\/uploads\/2023\/07\/logo_ED.jpg","width":272,"height":52,"caption":"El Diario - Decano de la prensa nacional"},"image":{"@id":"https:\/\/www.eldiario.net\/portal\/#\/schema\/logo\/image\/"},"sameAs":["https:\/\/www.facebook.com\/eldiario.bolivia\/","https:\/\/x.com\/eldiario_net"]},{"@type":"Person","@id":"https:\/\/www.eldiario.net\/portal\/#\/schema\/person\/f46445640444750d7d753ccd04ae01b7","name":"Jeanette","image":{"@type":"ImageObject","inLanguage":"es","@id":"https:\/\/secure.gravatar.com\/avatar\/3ea2118a5f7dad2b7138b1187a6b7ee55f160b9968b66013c3a3ef39dd7e5798?s=96&d=mm&r=g","url":"https:\/\/secure.gravatar.com\/avatar\/3ea2118a5f7dad2b7138b1187a6b7ee55f160b9968b66013c3a3ef39dd7e5798?s=96&d=mm&r=g","contentUrl":"https:\/\/secure.gravatar.com\/avatar\/3ea2118a5f7dad2b7138b1187a6b7ee55f160b9968b66013c3a3ef39dd7e5798?s=96&d=mm&r=g","caption":"Jeanette"},"sameAs":["https:\/\/www.eldiario.net\/portal"],"url":"https:\/\/www.eldiario.net\/portal\/author\/jeanette\/"}]}},"_links":{"self":[{"href":"https:\/\/www.eldiario.net\/portal\/wp-json\/wp\/v2\/posts\/160571","targetHints":{"allow":["GET"]}}],"collection":[{"href":"https:\/\/www.eldiario.net\/portal\/wp-json\/wp\/v2\/posts"}],"about":[{"href":"https:\/\/www.eldiario.net\/portal\/wp-json\/wp\/v2\/types\/post"}],"author":[{"embeddable":true,"href":"https:\/\/www.eldiario.net\/portal\/wp-json\/wp\/v2\/users\/1"}],"replies":[{"embeddable":true,"href":"https:\/\/www.eldiario.net\/portal\/wp-json\/wp\/v2\/comments?post=160571"}],"version-history":[{"count":0,"href":"https:\/\/www.eldiario.net\/portal\/wp-json\/wp\/v2\/posts\/160571\/revisions"}],"wp:featuredmedia":[{"embeddable":true,"href":"https:\/\/www.eldiario.net\/portal\/wp-json\/wp\/v2\/media\/160572"}],"wp:attachment":[{"href":"https:\/\/www.eldiario.net\/portal\/wp-json\/wp\/v2\/media?parent=160571"}],"wp:term":[{"taxonomy":"category","embeddable":true,"href":"https:\/\/www.eldiario.net\/portal\/wp-json\/wp\/v2\/categories?post=160571"},{"taxonomy":"post_tag","embeddable":true,"href":"https:\/\/www.eldiario.net\/portal\/wp-json\/wp\/v2\/tags?post=160571"}],"curies":[{"name":"wp","href":"https:\/\/api.w.org\/{rel}","templated":true}]}}