{"id":160568,"date":"2023-06-18T06:27:51","date_gmt":"2023-06-18T10:27:51","guid":{"rendered":"https:\/\/www.eldiario.net\/portal\/?p=160568"},"modified":"2023-06-18T06:27:51","modified_gmt":"2023-06-18T10:27:51","slug":"eeuu-anuncia-nuevo-paquete-de-usd-200-millones-para-ucrania","status":"publish","type":"post","link":"https:\/\/www.eldiario.net\/portal\/2023\/06\/18\/eeuu-anuncia-nuevo-paquete-de-usd-200-millones-para-ucrania\/","title":{"rendered":"EEUU anuncia nuevo paquete de  USD 200 millones para Ucrania"},"content":{"rendered":"<p>El secretario del Departamento de Estado de Estados Unidos, Antony Blinken, anunci\u00f3 un nuevo paquete de 205 millones de d\u00f3lares (unos 187 millones de euros) de asistencia humanitaria para Ucrania.<br \/>\n\u201cLa asistencia humanitaria de Estados Unidos brinda al pueblo de Ucrania un apoyo fundamental que incluye alimentos, agua potable segura, servicios de protecci\u00f3n, educaci\u00f3n, medios de subsistencia, asistencia legal, refugio accesible, atenci\u00f3n m\u00e9dica y m\u00e1s. Estos fondos tambi\u00e9n ayudan a las v\u00edctimas del conflicto a mantener contacto con los familiares de los que fueron separados y promueven la reunificaci\u00f3n familiar lo antes posible\u201d, asegur\u00f3 Blinken en un comunicado.<br \/>\nAdem\u00e1s, volvi\u00f3 a pedir el final inmediato de la invasi\u00f3n y solicit\u00f3 a Rusia que facilite el acceso sin obst\u00e1culos a los proveedores de asistencia humanitaria en Ucrania y que asegure el paso para aquellos que buscan trasladarse a otras \u00e1reas.<br \/>\nDesde el inicio de 2023, Estados Unidos envi\u00f3 m\u00e1s de 605 millones de d\u00f3lares (unos 550 millones de euros) de ayuda humanitaria a Ucrania, que van destinados a diferentes organizaciones humanitarias que operan en el pa\u00eds. Desde que comenz\u00f3 la guerra en febrero de 2022, EEUU ha proporcionado m\u00e1s de 2,1 mil millones de d\u00f3lares (1,9 mil millones de euros) en este tipo de asistencia.<br \/>\nAsimismo, Blinken mantuvo una conversaci\u00f3n telef\u00f3nica con el canciller surcoreano, Park Jin, poco antes de partir a China para una importante visita en un momento en el que Se\u00fal mantiene tiranteces diplom\u00e1ticas con Beijing a cuenta de su acercamiento con Washington.<br \/>\nDurante la llamada se trataron diversos temas, desde la relaci\u00f3n bilateral a la que existe entre China-EE.UU. y Corea del Sur-China, adem\u00e1s del programa de armas de Corea del Norte, seg\u00fan explic\u00f3 la Canciller\u00eda surcoreana en un comunicado.<br \/>\nXing advirti\u00f3 a Se\u00fal sobre acercarse (en exceso) a Washington afirmando que aquellos que apuestan en favor de EE.UU. y en contra de China \u201cse arrepentir\u00e1n\u201d, lo que le vali\u00f3 ser convocado ante la Canciller\u00eda surcoreana, que le transmiti\u00f3 una \u201cadmonici\u00f3n severa\u201d a cuenta de unos comentarios que Exteriores calific\u00f3 de \u201cirrazonables y provocativos\u201d.<br \/>\nEn los \u00faltimos a\u00f1os los lazos entre los dos pa\u00edses se vieron afectados por el boicot econ\u00f3mico que Pek\u00edn activ\u00f3 en 2016 contra su vecino en represalia por el despliegue en suelo surcoreano de un sistema antimisiles estadounidense, por la gesti\u00f3n de la pandemia o por la llegada al poder en Se\u00fal del conservador Yoon Suk-yeol.<br \/>\nPor su parte, el ministro Park le dijo a Blinken que \u201capoya los esfuerzos de EE.UU. para gestionar las relaciones EE.UU., China de manera responsable incluso bajo circunstancias dif\u00edciles\u201d, de cara a la que ser\u00e1 la primera visita de un secretario de Estado estadounidense al gigante asi\u00e1tico en cinco a\u00f1os.<br \/>\nDurante la conversaci\u00f3n telef\u00f3nica, Park y Blinken tambi\u00e9n estuvieron de acuerdo en condenar las provocaciones de Corea del Norte y en que la desnuclearizaci\u00f3n del r\u00e9gimen de Kim Jong-un beneficiar\u00eda a la comunidad internacional, incluyendo China. (Infobae\/Efe).<\/p>\n","protected":false},"excerpt":{"rendered":"<p>El secretario del Departamento de Estado de Estados Unidos, Antony Blinken, anunci\u00f3 un nuevo paquete de 205 millones de d\u00f3lares (unos 187 millones de euros) de asistencia humanitaria para Ucrania. \u201cLa asistencia humanitaria de Estados Unidos brinda al pueblo de Ucrania un apoyo fundamental que incluye alimentos, agua potable segura, servicios de protecci\u00f3n, educaci\u00f3n, medios [&hellip;]<\/p>\n","protected":false},"author":1,"featured_media":160569,"comment_status":"closed","ping_status":"closed","sticky":false,"template":"","format":"standard","meta":{"_acf_changed":false,"footnotes":""},"categories":[3],"tags":[],"class_list":["post-160568","post","type-post","status-publish","format-standard","has-post-thumbnail","category-internacional"],"acf":{"antetitulo":""},"yoast_head":"<!-- This site is optimized with the Yoast SEO plugin v28.3 - https:\/\/yoast.com\/product\/yoast-seo-wordpress\/ -->\n<title>EEUU anuncia nuevo paquete de USD 200 millones para Ucrania - El Diario - Bolivia<\/title>\n<meta name=\"robots\" content=\"index, follow, max-snippet:-1, max-image-preview:large, max-video-preview:-1\" \/>\n<link rel=\"canonical\" href=\"https:\/\/www.eldiario.net\/portal\/2023\/06\/18\/eeuu-anuncia-nuevo-paquete-de-usd-200-millones-para-ucrania\/\" \/>\n<meta property=\"og:locale\" content=\"es_ES\" \/>\n<meta property=\"og:type\" content=\"article\" \/>\n<meta property=\"og:title\" content=\"EEUU anuncia nuevo paquete de USD 200 millones para Ucrania - El Diario - Bolivia\" \/>\n<meta property=\"og:description\" content=\"El secretario del Departamento de Estado de Estados Unidos, Antony Blinken, anunci\u00f3 un nuevo paquete de 205 millones de d\u00f3lares (unos 187 millones de euros) de asistencia humanitaria para Ucrania. \u201cLa asistencia humanitaria de Estados Unidos brinda al pueblo de Ucrania un apoyo fundamental que incluye alimentos, agua potable segura, servicios de protecci\u00f3n, educaci\u00f3n, medios [&hellip;]\" \/>\n<meta property=\"og:url\" content=\"https:\/\/www.eldiario.net\/portal\/2023\/06\/18\/eeuu-anuncia-nuevo-paquete-de-usd-200-millones-para-ucrania\/\" \/>\n<meta property=\"og:site_name\" content=\"El Diario - Bolivia\" \/>\n<meta property=\"article:publisher\" content=\"https:\/\/www.facebook.com\/eldiario.bolivia\/\" \/>\n<meta property=\"article:published_time\" content=\"2023-06-18T10:27:51+00:00\" \/>\n<meta property=\"og:image\" content=\"https:\/\/www.eldiario.net\/portal\/wp-content\/uploads\/2023\/06\/CAJAS.jpg\" \/>\n\t<meta property=\"og:image:width\" content=\"1920\" \/>\n\t<meta property=\"og:image:height\" content=\"1080\" \/>\n\t<meta property=\"og:image:type\" content=\"image\/jpeg\" \/>\n<meta name=\"author\" content=\"Jeanette\" \/>\n<meta name=\"twitter:card\" content=\"summary_large_image\" \/>\n<meta name=\"twitter:creator\" content=\"@eldiario_net\" \/>\n<meta name=\"twitter:site\" content=\"@eldiario_net\" \/>\n<meta name=\"twitter:label1\" content=\"Escrito por\" \/>\n\t<meta name=\"twitter:data1\" content=\"Jeanette\" \/>\n\t<meta name=\"twitter:label2\" content=\"Tiempo de lectura\" \/>\n\t<meta name=\"twitter:data2\" content=\"3 minutos\" \/>\n<script type=\"application\/ld+json\" class=\"yoast-schema-graph\">{\"@context\":\"https:\\\/\\\/schema.org\",\"@graph\":[{\"@type\":\"Article\",\"@id\":\"https:\\\/\\\/www.eldiario.net\\\/portal\\\/2023\\\/06\\\/18\\\/eeuu-anuncia-nuevo-paquete-de-usd-200-millones-para-ucrania\\\/#article\",\"isPartOf\":{\"@id\":\"https:\\\/\\\/www.eldiario.net\\\/portal\\\/2023\\\/06\\\/18\\\/eeuu-anuncia-nuevo-paquete-de-usd-200-millones-para-ucrania\\\/\"},\"author\":{\"name\":\"Jeanette\",\"@id\":\"https:\\\/\\\/www.eldiario.net\\\/portal\\\/#\\\/schema\\\/person\\\/f46445640444750d7d753ccd04ae01b7\"},\"headline\":\"EEUU anuncia nuevo paquete de USD 200 millones para Ucrania\",\"datePublished\":\"2023-06-18T10:27:51+00:00\",\"mainEntityOfPage\":{\"@id\":\"https:\\\/\\\/www.eldiario.net\\\/portal\\\/2023\\\/06\\\/18\\\/eeuu-anuncia-nuevo-paquete-de-usd-200-millones-para-ucrania\\\/\"},\"wordCount\":529,\"publisher\":{\"@id\":\"https:\\\/\\\/www.eldiario.net\\\/portal\\\/#organization\"},\"image\":{\"@id\":\"https:\\\/\\\/www.eldiario.net\\\/portal\\\/2023\\\/06\\\/18\\\/eeuu-anuncia-nuevo-paquete-de-usd-200-millones-para-ucrania\\\/#primaryimage\"},\"thumbnailUrl\":\"https:\\\/\\\/www.eldiario.net\\\/portal\\\/wp-content\\\/uploads\\\/2023\\\/06\\\/CAJAS.jpg\",\"articleSection\":[\"Internacional\"],\"inLanguage\":\"es\"},{\"@type\":\"WebPage\",\"@id\":\"https:\\\/\\\/www.eldiario.net\\\/portal\\\/2023\\\/06\\\/18\\\/eeuu-anuncia-nuevo-paquete-de-usd-200-millones-para-ucrania\\\/\",\"url\":\"https:\\\/\\\/www.eldiario.net\\\/portal\\\/2023\\\/06\\\/18\\\/eeuu-anuncia-nuevo-paquete-de-usd-200-millones-para-ucrania\\\/\",\"name\":\"EEUU anuncia nuevo paquete de USD 200 millones para Ucrania - El Diario - Bolivia\",\"isPartOf\":{\"@id\":\"https:\\\/\\\/www.eldiario.net\\\/portal\\\/#website\"},\"primaryImageOfPage\":{\"@id\":\"https:\\\/\\\/www.eldiario.net\\\/portal\\\/2023\\\/06\\\/18\\\/eeuu-anuncia-nuevo-paquete-de-usd-200-millones-para-ucrania\\\/#primaryimage\"},\"image\":{\"@id\":\"https:\\\/\\\/www.eldiario.net\\\/portal\\\/2023\\\/06\\\/18\\\/eeuu-anuncia-nuevo-paquete-de-usd-200-millones-para-ucrania\\\/#primaryimage\"},\"thumbnailUrl\":\"https:\\\/\\\/www.eldiario.net\\\/portal\\\/wp-content\\\/uploads\\\/2023\\\/06\\\/CAJAS.jpg\",\"datePublished\":\"2023-06-18T10:27:51+00:00\",\"breadcrumb\":{\"@id\":\"https:\\\/\\\/www.eldiario.net\\\/portal\\\/2023\\\/06\\\/18\\\/eeuu-anuncia-nuevo-paquete-de-usd-200-millones-para-ucrania\\\/#breadcrumb\"},\"inLanguage\":\"es\",\"potentialAction\":[{\"@type\":\"ReadAction\",\"target\":[\"https:\\\/\\\/www.eldiario.net\\\/portal\\\/2023\\\/06\\\/18\\\/eeuu-anuncia-nuevo-paquete-de-usd-200-millones-para-ucrania\\\/\"]}]},{\"@type\":\"ImageObject\",\"inLanguage\":\"es\",\"@id\":\"https:\\\/\\\/www.eldiario.net\\\/portal\\\/2023\\\/06\\\/18\\\/eeuu-anuncia-nuevo-paquete-de-usd-200-millones-para-ucrania\\\/#primaryimage\",\"url\":\"https:\\\/\\\/www.eldiario.net\\\/portal\\\/wp-content\\\/uploads\\\/2023\\\/06\\\/CAJAS.jpg\",\"contentUrl\":\"https:\\\/\\\/www.eldiario.net\\\/portal\\\/wp-content\\\/uploads\\\/2023\\\/06\\\/CAJAS.jpg\",\"width\":1920,\"height\":1080,\"caption\":\"LA AYUDA PARA UCRANIA CONSISTE EN ALIMENTOS, AGUA POTABLE Y OTRO TIPO DE VITUALLAS. INFOBAE\"},{\"@type\":\"BreadcrumbList\",\"@id\":\"https:\\\/\\\/www.eldiario.net\\\/portal\\\/2023\\\/06\\\/18\\\/eeuu-anuncia-nuevo-paquete-de-usd-200-millones-para-ucrania\\\/#breadcrumb\",\"itemListElement\":[{\"@type\":\"ListItem\",\"position\":1,\"name\":\"Portada\",\"item\":\"https:\\\/\\\/www.eldiario.net\\\/portal\\\/\"},{\"@type\":\"ListItem\",\"position\":2,\"name\":\"EEUU anuncia nuevo paquete de USD 200 millones para Ucrania\"}]},{\"@type\":\"WebSite\",\"@id\":\"https:\\\/\\\/www.eldiario.net\\\/portal\\\/#website\",\"url\":\"https:\\\/\\\/www.eldiario.net\\\/portal\\\/\",\"name\":\"El Diario - Decano de la prensa nacional\",\"description\":\"El Diario - Decano de la prensa nacional\",\"publisher\":{\"@id\":\"https:\\\/\\\/www.eldiario.net\\\/portal\\\/#organization\"},\"potentialAction\":[{\"@type\":\"SearchAction\",\"target\":{\"@type\":\"EntryPoint\",\"urlTemplate\":\"https:\\\/\\\/www.eldiario.net\\\/portal\\\/?s={search_term_string}\"},\"query-input\":{\"@type\":\"PropertyValueSpecification\",\"valueRequired\":true,\"valueName\":\"search_term_string\"}}],\"inLanguage\":\"es\"},{\"@type\":\"Organization\",\"@id\":\"https:\\\/\\\/www.eldiario.net\\\/portal\\\/#organization\",\"name\":\"El Diario - Decano de la prensa nacional\",\"url\":\"https:\\\/\\\/www.eldiario.net\\\/portal\\\/\",\"logo\":{\"@type\":\"ImageObject\",\"inLanguage\":\"es\",\"@id\":\"https:\\\/\\\/www.eldiario.net\\\/portal\\\/#\\\/schema\\\/logo\\\/image\\\/\",\"url\":\"https:\\\/\\\/www.eldiario.net\\\/portal\\\/wp-content\\\/uploads\\\/2023\\\/07\\\/logo_ED.jpg\",\"contentUrl\":\"https:\\\/\\\/www.eldiario.net\\\/portal\\\/wp-content\\\/uploads\\\/2023\\\/07\\\/logo_ED.jpg\",\"width\":272,\"height\":52,\"caption\":\"El Diario - Decano de la prensa nacional\"},\"image\":{\"@id\":\"https:\\\/\\\/www.eldiario.net\\\/portal\\\/#\\\/schema\\\/logo\\\/image\\\/\"},\"sameAs\":[\"https:\\\/\\\/www.facebook.com\\\/eldiario.bolivia\\\/\",\"https:\\\/\\\/x.com\\\/eldiario_net\"]},{\"@type\":\"Person\",\"@id\":\"https:\\\/\\\/www.eldiario.net\\\/portal\\\/#\\\/schema\\\/person\\\/f46445640444750d7d753ccd04ae01b7\",\"name\":\"Jeanette\",\"image\":{\"@type\":\"ImageObject\",\"inLanguage\":\"es\",\"@id\":\"https:\\\/\\\/secure.gravatar.com\\\/avatar\\\/3ea2118a5f7dad2b7138b1187a6b7ee55f160b9968b66013c3a3ef39dd7e5798?s=96&d=mm&r=g\",\"url\":\"https:\\\/\\\/secure.gravatar.com\\\/avatar\\\/3ea2118a5f7dad2b7138b1187a6b7ee55f160b9968b66013c3a3ef39dd7e5798?s=96&d=mm&r=g\",\"contentUrl\":\"https:\\\/\\\/secure.gravatar.com\\\/avatar\\\/3ea2118a5f7dad2b7138b1187a6b7ee55f160b9968b66013c3a3ef39dd7e5798?s=96&d=mm&r=g\",\"caption\":\"Jeanette\"},\"sameAs\":[\"https:\\\/\\\/www.eldiario.net\\\/portal\"],\"url\":\"https:\\\/\\\/www.eldiario.net\\\/portal\\\/author\\\/jeanette\\\/\"}]}<\/script>\n<!-- \/ Yoast SEO plugin. -->","yoast_head_json":{"title":"EEUU anuncia nuevo paquete de USD 200 millones para Ucrania - El Diario - Bolivia","robots":{"index":"index","follow":"follow","max-snippet":"max-snippet:-1","max-image-preview":"max-image-preview:large","max-video-preview":"max-video-preview:-1"},"canonical":"https:\/\/www.eldiario.net\/portal\/2023\/06\/18\/eeuu-anuncia-nuevo-paquete-de-usd-200-millones-para-ucrania\/","og_locale":"es_ES","og_type":"article","og_title":"EEUU anuncia nuevo paquete de USD 200 millones para Ucrania - El Diario - Bolivia","og_description":"El secretario del Departamento de Estado de Estados Unidos, Antony Blinken, anunci\u00f3 un nuevo paquete de 205 millones de d\u00f3lares (unos 187 millones de euros) de asistencia humanitaria para Ucrania. \u201cLa asistencia humanitaria de Estados Unidos brinda al pueblo de Ucrania un apoyo fundamental que incluye alimentos, agua potable segura, servicios de protecci\u00f3n, educaci\u00f3n, medios [&hellip;]","og_url":"https:\/\/www.eldiario.net\/portal\/2023\/06\/18\/eeuu-anuncia-nuevo-paquete-de-usd-200-millones-para-ucrania\/","og_site_name":"El Diario - Bolivia","article_publisher":"https:\/\/www.facebook.com\/eldiario.bolivia\/","article_published_time":"2023-06-18T10:27:51+00:00","og_image":[{"width":1920,"height":1080,"url":"https:\/\/www.eldiario.net\/portal\/wp-content\/uploads\/2023\/06\/CAJAS.jpg","type":"image\/jpeg"}],"author":"Jeanette","twitter_card":"summary_large_image","twitter_creator":"@eldiario_net","twitter_site":"@eldiario_net","twitter_misc":{"Escrito por":"Jeanette","Tiempo de lectura":"3 minutos"},"schema":{"@context":"https:\/\/schema.org","@graph":[{"@type":"Article","@id":"https:\/\/www.eldiario.net\/portal\/2023\/06\/18\/eeuu-anuncia-nuevo-paquete-de-usd-200-millones-para-ucrania\/#article","isPartOf":{"@id":"https:\/\/www.eldiario.net\/portal\/2023\/06\/18\/eeuu-anuncia-nuevo-paquete-de-usd-200-millones-para-ucrania\/"},"author":{"name":"Jeanette","@id":"https:\/\/www.eldiario.net\/portal\/#\/schema\/person\/f46445640444750d7d753ccd04ae01b7"},"headline":"EEUU anuncia nuevo paquete de USD 200 millones para Ucrania","datePublished":"2023-06-18T10:27:51+00:00","mainEntityOfPage":{"@id":"https:\/\/www.eldiario.net\/portal\/2023\/06\/18\/eeuu-anuncia-nuevo-paquete-de-usd-200-millones-para-ucrania\/"},"wordCount":529,"publisher":{"@id":"https:\/\/www.eldiario.net\/portal\/#organization"},"image":{"@id":"https:\/\/www.eldiario.net\/portal\/2023\/06\/18\/eeuu-anuncia-nuevo-paquete-de-usd-200-millones-para-ucrania\/#primaryimage"},"thumbnailUrl":"https:\/\/www.eldiario.net\/portal\/wp-content\/uploads\/2023\/06\/CAJAS.jpg","articleSection":["Internacional"],"inLanguage":"es"},{"@type":"WebPage","@id":"https:\/\/www.eldiario.net\/portal\/2023\/06\/18\/eeuu-anuncia-nuevo-paquete-de-usd-200-millones-para-ucrania\/","url":"https:\/\/www.eldiario.net\/portal\/2023\/06\/18\/eeuu-anuncia-nuevo-paquete-de-usd-200-millones-para-ucrania\/","name":"EEUU anuncia nuevo paquete de USD 200 millones para Ucrania - El Diario - Bolivia","isPartOf":{"@id":"https:\/\/www.eldiario.net\/portal\/#website"},"primaryImageOfPage":{"@id":"https:\/\/www.eldiario.net\/portal\/2023\/06\/18\/eeuu-anuncia-nuevo-paquete-de-usd-200-millones-para-ucrania\/#primaryimage"},"image":{"@id":"https:\/\/www.eldiario.net\/portal\/2023\/06\/18\/eeuu-anuncia-nuevo-paquete-de-usd-200-millones-para-ucrania\/#primaryimage"},"thumbnailUrl":"https:\/\/www.eldiario.net\/portal\/wp-content\/uploads\/2023\/06\/CAJAS.jpg","datePublished":"2023-06-18T10:27:51+00:00","breadcrumb":{"@id":"https:\/\/www.eldiario.net\/portal\/2023\/06\/18\/eeuu-anuncia-nuevo-paquete-de-usd-200-millones-para-ucrania\/#breadcrumb"},"inLanguage":"es","potentialAction":[{"@type":"ReadAction","target":["https:\/\/www.eldiario.net\/portal\/2023\/06\/18\/eeuu-anuncia-nuevo-paquete-de-usd-200-millones-para-ucrania\/"]}]},{"@type":"ImageObject","inLanguage":"es","@id":"https:\/\/www.eldiario.net\/portal\/2023\/06\/18\/eeuu-anuncia-nuevo-paquete-de-usd-200-millones-para-ucrania\/#primaryimage","url":"https:\/\/www.eldiario.net\/portal\/wp-content\/uploads\/2023\/06\/CAJAS.jpg","contentUrl":"https:\/\/www.eldiario.net\/portal\/wp-content\/uploads\/2023\/06\/CAJAS.jpg","width":1920,"height":1080,"caption":"LA AYUDA PARA UCRANIA CONSISTE EN ALIMENTOS, AGUA POTABLE Y OTRO TIPO DE VITUALLAS. INFOBAE"},{"@type":"BreadcrumbList","@id":"https:\/\/www.eldiario.net\/portal\/2023\/06\/18\/eeuu-anuncia-nuevo-paquete-de-usd-200-millones-para-ucrania\/#breadcrumb","itemListElement":[{"@type":"ListItem","position":1,"name":"Portada","item":"https:\/\/www.eldiario.net\/portal\/"},{"@type":"ListItem","position":2,"name":"EEUU anuncia nuevo paquete de USD 200 millones para Ucrania"}]},{"@type":"WebSite","@id":"https:\/\/www.eldiario.net\/portal\/#website","url":"https:\/\/www.eldiario.net\/portal\/","name":"El Diario - Decano de la prensa nacional","description":"El Diario - Decano de la prensa nacional","publisher":{"@id":"https:\/\/www.eldiario.net\/portal\/#organization"},"potentialAction":[{"@type":"SearchAction","target":{"@type":"EntryPoint","urlTemplate":"https:\/\/www.eldiario.net\/portal\/?s={search_term_string}"},"query-input":{"@type":"PropertyValueSpecification","valueRequired":true,"valueName":"search_term_string"}}],"inLanguage":"es"},{"@type":"Organization","@id":"https:\/\/www.eldiario.net\/portal\/#organization","name":"El Diario - Decano de la prensa nacional","url":"https:\/\/www.eldiario.net\/portal\/","logo":{"@type":"ImageObject","inLanguage":"es","@id":"https:\/\/www.eldiario.net\/portal\/#\/schema\/logo\/image\/","url":"https:\/\/www.eldiario.net\/portal\/wp-content\/uploads\/2023\/07\/logo_ED.jpg","contentUrl":"https:\/\/www.eldiario.net\/portal\/wp-content\/uploads\/2023\/07\/logo_ED.jpg","width":272,"height":52,"caption":"El Diario - Decano de la prensa nacional"},"image":{"@id":"https:\/\/www.eldiario.net\/portal\/#\/schema\/logo\/image\/"},"sameAs":["https:\/\/www.facebook.com\/eldiario.bolivia\/","https:\/\/x.com\/eldiario_net"]},{"@type":"Person","@id":"https:\/\/www.eldiario.net\/portal\/#\/schema\/person\/f46445640444750d7d753ccd04ae01b7","name":"Jeanette","image":{"@type":"ImageObject","inLanguage":"es","@id":"https:\/\/secure.gravatar.com\/avatar\/3ea2118a5f7dad2b7138b1187a6b7ee55f160b9968b66013c3a3ef39dd7e5798?s=96&d=mm&r=g","url":"https:\/\/secure.gravatar.com\/avatar\/3ea2118a5f7dad2b7138b1187a6b7ee55f160b9968b66013c3a3ef39dd7e5798?s=96&d=mm&r=g","contentUrl":"https:\/\/secure.gravatar.com\/avatar\/3ea2118a5f7dad2b7138b1187a6b7ee55f160b9968b66013c3a3ef39dd7e5798?s=96&d=mm&r=g","caption":"Jeanette"},"sameAs":["https:\/\/www.eldiario.net\/portal"],"url":"https:\/\/www.eldiario.net\/portal\/author\/jeanette\/"}]}},"_links":{"self":[{"href":"https:\/\/www.eldiario.net\/portal\/wp-json\/wp\/v2\/posts\/160568","targetHints":{"allow":["GET"]}}],"collection":[{"href":"https:\/\/www.eldiario.net\/portal\/wp-json\/wp\/v2\/posts"}],"about":[{"href":"https:\/\/www.eldiario.net\/portal\/wp-json\/wp\/v2\/types\/post"}],"author":[{"embeddable":true,"href":"https:\/\/www.eldiario.net\/portal\/wp-json\/wp\/v2\/users\/1"}],"replies":[{"embeddable":true,"href":"https:\/\/www.eldiario.net\/portal\/wp-json\/wp\/v2\/comments?post=160568"}],"version-history":[{"count":0,"href":"https:\/\/www.eldiario.net\/portal\/wp-json\/wp\/v2\/posts\/160568\/revisions"}],"wp:featuredmedia":[{"embeddable":true,"href":"https:\/\/www.eldiario.net\/portal\/wp-json\/wp\/v2\/media\/160569"}],"wp:attachment":[{"href":"https:\/\/www.eldiario.net\/portal\/wp-json\/wp\/v2\/media?parent=160568"}],"wp:term":[{"taxonomy":"category","embeddable":true,"href":"https:\/\/www.eldiario.net\/portal\/wp-json\/wp\/v2\/categories?post=160568"},{"taxonomy":"post_tag","embeddable":true,"href":"https:\/\/www.eldiario.net\/portal\/wp-json\/wp\/v2\/tags?post=160568"}],"curies":[{"name":"wp","href":"https:\/\/api.w.org\/{rel}","templated":true}]}}