{"id":160566,"date":"2023-06-18T06:26:36","date_gmt":"2023-06-18T10:26:36","guid":{"rendered":"https:\/\/www.eldiario.net\/portal\/?p=160566"},"modified":"2023-06-18T06:26:36","modified_gmt":"2023-06-18T10:26:36","slug":"amnistia-internacional-denuncia-la-negligencia-de-autoridades-prorrusas","status":"publish","type":"post","link":"https:\/\/www.eldiario.net\/portal\/2023\/06\/18\/amnistia-internacional-denuncia-la-negligencia-de-autoridades-prorrusas\/","title":{"rendered":"Amnist\u00eda Internacional denuncia la negligencia de autoridades prorrusas"},"content":{"rendered":"<p>La ONG Amnist\u00eda Internacional (AI) denunci\u00f3 que las autoridades prorrusas de los territorios ucranianos ocupados, no realizaron las correspondientes evacuaciones ni proporcionaron ayuda humanitaria a la poblaci\u00f3n de Kherson, afectada por las inundaciones tras la destrucci\u00f3n de la represa de Kajovka.<br \/>\n\u201cLas fuerzas rusas ocupantes pusieron en peligro vidas humanas en las zonas afectadas por las inundaciones tras la destrucci\u00f3n de la represa mientras la escasez de agua r\u00edo arriba y la alteraci\u00f3n de los medios de subsistencia apuntan a una cat\u00e1strofe ecol\u00f3gica y econ\u00f3mica inminente\u201d, se\u00f1al\u00f3 la organizaci\u00f3n en un comunicado e insisti\u00f3 en que es primordial salvar vidas y medios de subsistencia, y evitar m\u00e1s muertes y cat\u00e1strofes\u201d.<br \/>\nDe momento ya son 27 las v\u00edctimas fatales de este episodio, 42 los desaparecidos y m\u00e1s de 17.000 los desplazados.<br \/>\nAsimismo, la organizaci\u00f3n repudi\u00f3 que a sus voluntarios se les haya impedido el paso a la mayor\u00eda de dichas zonas para asistir a las v\u00edctimas mientras las autoridades de Mosc\u00fa en el territorio se mostraron indiferentes con las personas atrapadas en sus casas.<br \/>\nOtra de las principales preocupaciones se\u00f1aladas por Amnist\u00eda Internacional es la escasa informaci\u00f3n actualizada sobre la situaci\u00f3n que responde a los peligros que implican los contactos de los habitantes con organizaciones de derechos humanos, a la falta de electricidad y la mala cobertura en el \u00e1rea.<br \/>\nAdem\u00e1s del desastre humanitario que provoc\u00f3 la destrucci\u00f3n de la represa, se desencaden\u00f3 una crisis econ\u00f3mica en toda la regi\u00f3n, debido a la falta de agua r\u00edo arriba que es crucial para el riego de las vastas plantaciones agr\u00edcolas. Como consecuencia, muchas de las cosechas se est\u00e1n perdiendo.<br \/>\nPor \u00faltimo, AI junto con la Cruz Roja advirtieron por la presencia de minas terrestres diseminadas por todo el terreno, ocultas por los sedimentos, incluso, en zonas que antes se consideraban seguras.<br \/>\n\u201cDependiendo de su forma y de su material, las minas pueden flotar kil\u00f3metros r\u00edo abajo y en particular, las minas de pl\u00e1stico pueden flotar durante m\u00e1s tiempo\u201d, explic\u00f3 Erik Tollefsen, jefe de la Unidad de Contaminaci\u00f3n por Armas del Comit\u00e9 Internacional de la Cruz Roja (CICR) y adelant\u00f3 que el riesgo empeorar\u00e1 cuando el agua retroceda porque los escombros potencialmente cubrir\u00e1n las minas y no se podr\u00e1n ver.<br \/>\nPor todo ello, Wright insisti\u00f3 en que los responsables de la destrucci\u00f3n de la represa deben comparecer ante la Justicia, al igual que toda persona responsable de cr\u00edmenes de derecho internacional cometidos en Ucrania. (Infobae).<\/p>\n","protected":false},"excerpt":{"rendered":"<p>La ONG Amnist\u00eda Internacional (AI) denunci\u00f3 que las autoridades prorrusas de los territorios ucranianos ocupados, no realizaron las correspondientes evacuaciones ni proporcionaron ayuda humanitaria a la poblaci\u00f3n de Kherson, afectada por las inundaciones tras la destrucci\u00f3n de la represa de Kajovka. \u201cLas fuerzas rusas ocupantes pusieron en peligro vidas humanas en las zonas afectadas por [&hellip;]<\/p>\n","protected":false},"author":1,"featured_media":0,"comment_status":"closed","ping_status":"closed","sticky":false,"template":"","format":"standard","meta":{"_acf_changed":false,"footnotes":""},"categories":[3],"tags":[],"class_list":["post-160566","post","type-post","status-publish","format-standard","category-internacional"],"acf":{"antetitulo":""},"yoast_head":"<!-- This site is optimized with the Yoast SEO plugin v28.3 - https:\/\/yoast.com\/product\/yoast-seo-wordpress\/ -->\n<title>Amnist\u00eda Internacional denuncia la negligencia de autoridades prorrusas - El Diario - Bolivia<\/title>\n<meta name=\"robots\" content=\"index, follow, max-snippet:-1, max-image-preview:large, max-video-preview:-1\" \/>\n<link rel=\"canonical\" href=\"https:\/\/www.eldiario.net\/portal\/2023\/06\/18\/amnistia-internacional-denuncia-la-negligencia-de-autoridades-prorrusas\/\" \/>\n<meta property=\"og:locale\" content=\"es_ES\" \/>\n<meta property=\"og:type\" content=\"article\" \/>\n<meta property=\"og:title\" content=\"Amnist\u00eda Internacional denuncia la negligencia de autoridades prorrusas - El Diario - Bolivia\" \/>\n<meta property=\"og:description\" content=\"La ONG Amnist\u00eda Internacional (AI) denunci\u00f3 que las autoridades prorrusas de los territorios ucranianos ocupados, no realizaron las correspondientes evacuaciones ni proporcionaron ayuda humanitaria a la poblaci\u00f3n de Kherson, afectada por las inundaciones tras la destrucci\u00f3n de la represa de Kajovka. \u201cLas fuerzas rusas ocupantes pusieron en peligro vidas humanas en las zonas afectadas por [&hellip;]\" \/>\n<meta property=\"og:url\" content=\"https:\/\/www.eldiario.net\/portal\/2023\/06\/18\/amnistia-internacional-denuncia-la-negligencia-de-autoridades-prorrusas\/\" \/>\n<meta property=\"og:site_name\" content=\"El Diario - Bolivia\" \/>\n<meta property=\"article:publisher\" content=\"https:\/\/www.facebook.com\/eldiario.bolivia\/\" \/>\n<meta property=\"article:published_time\" content=\"2023-06-18T10:26:36+00:00\" \/>\n<meta name=\"author\" content=\"Jeanette\" \/>\n<meta name=\"twitter:card\" content=\"summary_large_image\" \/>\n<meta name=\"twitter:creator\" content=\"@eldiario_net\" \/>\n<meta name=\"twitter:site\" content=\"@eldiario_net\" \/>\n<meta name=\"twitter:label1\" content=\"Escrito por\" \/>\n\t<meta name=\"twitter:data1\" content=\"Jeanette\" \/>\n\t<meta name=\"twitter:label2\" content=\"Tiempo de lectura\" \/>\n\t<meta name=\"twitter:data2\" content=\"2 minutos\" \/>\n<script type=\"application\/ld+json\" class=\"yoast-schema-graph\">{\"@context\":\"https:\\\/\\\/schema.org\",\"@graph\":[{\"@type\":\"Article\",\"@id\":\"https:\\\/\\\/www.eldiario.net\\\/portal\\\/2023\\\/06\\\/18\\\/amnistia-internacional-denuncia-la-negligencia-de-autoridades-prorrusas\\\/#article\",\"isPartOf\":{\"@id\":\"https:\\\/\\\/www.eldiario.net\\\/portal\\\/2023\\\/06\\\/18\\\/amnistia-internacional-denuncia-la-negligencia-de-autoridades-prorrusas\\\/\"},\"author\":{\"name\":\"Jeanette\",\"@id\":\"https:\\\/\\\/www.eldiario.net\\\/portal\\\/#\\\/schema\\\/person\\\/f46445640444750d7d753ccd04ae01b7\"},\"headline\":\"Amnist\u00eda Internacional denuncia la negligencia de autoridades prorrusas\",\"datePublished\":\"2023-06-18T10:26:36+00:00\",\"mainEntityOfPage\":{\"@id\":\"https:\\\/\\\/www.eldiario.net\\\/portal\\\/2023\\\/06\\\/18\\\/amnistia-internacional-denuncia-la-negligencia-de-autoridades-prorrusas\\\/\"},\"wordCount\":446,\"publisher\":{\"@id\":\"https:\\\/\\\/www.eldiario.net\\\/portal\\\/#organization\"},\"articleSection\":[\"Internacional\"],\"inLanguage\":\"es\"},{\"@type\":\"WebPage\",\"@id\":\"https:\\\/\\\/www.eldiario.net\\\/portal\\\/2023\\\/06\\\/18\\\/amnistia-internacional-denuncia-la-negligencia-de-autoridades-prorrusas\\\/\",\"url\":\"https:\\\/\\\/www.eldiario.net\\\/portal\\\/2023\\\/06\\\/18\\\/amnistia-internacional-denuncia-la-negligencia-de-autoridades-prorrusas\\\/\",\"name\":\"Amnist\u00eda Internacional denuncia la negligencia de autoridades prorrusas - El Diario - Bolivia\",\"isPartOf\":{\"@id\":\"https:\\\/\\\/www.eldiario.net\\\/portal\\\/#website\"},\"datePublished\":\"2023-06-18T10:26:36+00:00\",\"breadcrumb\":{\"@id\":\"https:\\\/\\\/www.eldiario.net\\\/portal\\\/2023\\\/06\\\/18\\\/amnistia-internacional-denuncia-la-negligencia-de-autoridades-prorrusas\\\/#breadcrumb\"},\"inLanguage\":\"es\",\"potentialAction\":[{\"@type\":\"ReadAction\",\"target\":[\"https:\\\/\\\/www.eldiario.net\\\/portal\\\/2023\\\/06\\\/18\\\/amnistia-internacional-denuncia-la-negligencia-de-autoridades-prorrusas\\\/\"]}]},{\"@type\":\"BreadcrumbList\",\"@id\":\"https:\\\/\\\/www.eldiario.net\\\/portal\\\/2023\\\/06\\\/18\\\/amnistia-internacional-denuncia-la-negligencia-de-autoridades-prorrusas\\\/#breadcrumb\",\"itemListElement\":[{\"@type\":\"ListItem\",\"position\":1,\"name\":\"Portada\",\"item\":\"https:\\\/\\\/www.eldiario.net\\\/portal\\\/\"},{\"@type\":\"ListItem\",\"position\":2,\"name\":\"Amnist\u00eda Internacional denuncia la negligencia de autoridades prorrusas\"}]},{\"@type\":\"WebSite\",\"@id\":\"https:\\\/\\\/www.eldiario.net\\\/portal\\\/#website\",\"url\":\"https:\\\/\\\/www.eldiario.net\\\/portal\\\/\",\"name\":\"El Diario - Decano de la prensa nacional\",\"description\":\"El Diario - Decano de la prensa nacional\",\"publisher\":{\"@id\":\"https:\\\/\\\/www.eldiario.net\\\/portal\\\/#organization\"},\"potentialAction\":[{\"@type\":\"SearchAction\",\"target\":{\"@type\":\"EntryPoint\",\"urlTemplate\":\"https:\\\/\\\/www.eldiario.net\\\/portal\\\/?s={search_term_string}\"},\"query-input\":{\"@type\":\"PropertyValueSpecification\",\"valueRequired\":true,\"valueName\":\"search_term_string\"}}],\"inLanguage\":\"es\"},{\"@type\":\"Organization\",\"@id\":\"https:\\\/\\\/www.eldiario.net\\\/portal\\\/#organization\",\"name\":\"El Diario - Decano de la prensa nacional\",\"url\":\"https:\\\/\\\/www.eldiario.net\\\/portal\\\/\",\"logo\":{\"@type\":\"ImageObject\",\"inLanguage\":\"es\",\"@id\":\"https:\\\/\\\/www.eldiario.net\\\/portal\\\/#\\\/schema\\\/logo\\\/image\\\/\",\"url\":\"https:\\\/\\\/www.eldiario.net\\\/portal\\\/wp-content\\\/uploads\\\/2023\\\/07\\\/logo_ED.jpg\",\"contentUrl\":\"https:\\\/\\\/www.eldiario.net\\\/portal\\\/wp-content\\\/uploads\\\/2023\\\/07\\\/logo_ED.jpg\",\"width\":272,\"height\":52,\"caption\":\"El Diario - Decano de la prensa nacional\"},\"image\":{\"@id\":\"https:\\\/\\\/www.eldiario.net\\\/portal\\\/#\\\/schema\\\/logo\\\/image\\\/\"},\"sameAs\":[\"https:\\\/\\\/www.facebook.com\\\/eldiario.bolivia\\\/\",\"https:\\\/\\\/x.com\\\/eldiario_net\"]},{\"@type\":\"Person\",\"@id\":\"https:\\\/\\\/www.eldiario.net\\\/portal\\\/#\\\/schema\\\/person\\\/f46445640444750d7d753ccd04ae01b7\",\"name\":\"Jeanette\",\"image\":{\"@type\":\"ImageObject\",\"inLanguage\":\"es\",\"@id\":\"https:\\\/\\\/secure.gravatar.com\\\/avatar\\\/3ea2118a5f7dad2b7138b1187a6b7ee55f160b9968b66013c3a3ef39dd7e5798?s=96&d=mm&r=g\",\"url\":\"https:\\\/\\\/secure.gravatar.com\\\/avatar\\\/3ea2118a5f7dad2b7138b1187a6b7ee55f160b9968b66013c3a3ef39dd7e5798?s=96&d=mm&r=g\",\"contentUrl\":\"https:\\\/\\\/secure.gravatar.com\\\/avatar\\\/3ea2118a5f7dad2b7138b1187a6b7ee55f160b9968b66013c3a3ef39dd7e5798?s=96&d=mm&r=g\",\"caption\":\"Jeanette\"},\"sameAs\":[\"https:\\\/\\\/www.eldiario.net\\\/portal\"],\"url\":\"https:\\\/\\\/www.eldiario.net\\\/portal\\\/author\\\/jeanette\\\/\"}]}<\/script>\n<!-- \/ Yoast SEO plugin. -->","yoast_head_json":{"title":"Amnist\u00eda Internacional denuncia la negligencia de autoridades prorrusas - El Diario - Bolivia","robots":{"index":"index","follow":"follow","max-snippet":"max-snippet:-1","max-image-preview":"max-image-preview:large","max-video-preview":"max-video-preview:-1"},"canonical":"https:\/\/www.eldiario.net\/portal\/2023\/06\/18\/amnistia-internacional-denuncia-la-negligencia-de-autoridades-prorrusas\/","og_locale":"es_ES","og_type":"article","og_title":"Amnist\u00eda Internacional denuncia la negligencia de autoridades prorrusas - El Diario - Bolivia","og_description":"La ONG Amnist\u00eda Internacional (AI) denunci\u00f3 que las autoridades prorrusas de los territorios ucranianos ocupados, no realizaron las correspondientes evacuaciones ni proporcionaron ayuda humanitaria a la poblaci\u00f3n de Kherson, afectada por las inundaciones tras la destrucci\u00f3n de la represa de Kajovka. \u201cLas fuerzas rusas ocupantes pusieron en peligro vidas humanas en las zonas afectadas por [&hellip;]","og_url":"https:\/\/www.eldiario.net\/portal\/2023\/06\/18\/amnistia-internacional-denuncia-la-negligencia-de-autoridades-prorrusas\/","og_site_name":"El Diario - Bolivia","article_publisher":"https:\/\/www.facebook.com\/eldiario.bolivia\/","article_published_time":"2023-06-18T10:26:36+00:00","author":"Jeanette","twitter_card":"summary_large_image","twitter_creator":"@eldiario_net","twitter_site":"@eldiario_net","twitter_misc":{"Escrito por":"Jeanette","Tiempo de lectura":"2 minutos"},"schema":{"@context":"https:\/\/schema.org","@graph":[{"@type":"Article","@id":"https:\/\/www.eldiario.net\/portal\/2023\/06\/18\/amnistia-internacional-denuncia-la-negligencia-de-autoridades-prorrusas\/#article","isPartOf":{"@id":"https:\/\/www.eldiario.net\/portal\/2023\/06\/18\/amnistia-internacional-denuncia-la-negligencia-de-autoridades-prorrusas\/"},"author":{"name":"Jeanette","@id":"https:\/\/www.eldiario.net\/portal\/#\/schema\/person\/f46445640444750d7d753ccd04ae01b7"},"headline":"Amnist\u00eda Internacional denuncia la negligencia de autoridades prorrusas","datePublished":"2023-06-18T10:26:36+00:00","mainEntityOfPage":{"@id":"https:\/\/www.eldiario.net\/portal\/2023\/06\/18\/amnistia-internacional-denuncia-la-negligencia-de-autoridades-prorrusas\/"},"wordCount":446,"publisher":{"@id":"https:\/\/www.eldiario.net\/portal\/#organization"},"articleSection":["Internacional"],"inLanguage":"es"},{"@type":"WebPage","@id":"https:\/\/www.eldiario.net\/portal\/2023\/06\/18\/amnistia-internacional-denuncia-la-negligencia-de-autoridades-prorrusas\/","url":"https:\/\/www.eldiario.net\/portal\/2023\/06\/18\/amnistia-internacional-denuncia-la-negligencia-de-autoridades-prorrusas\/","name":"Amnist\u00eda Internacional denuncia la negligencia de autoridades prorrusas - El Diario - Bolivia","isPartOf":{"@id":"https:\/\/www.eldiario.net\/portal\/#website"},"datePublished":"2023-06-18T10:26:36+00:00","breadcrumb":{"@id":"https:\/\/www.eldiario.net\/portal\/2023\/06\/18\/amnistia-internacional-denuncia-la-negligencia-de-autoridades-prorrusas\/#breadcrumb"},"inLanguage":"es","potentialAction":[{"@type":"ReadAction","target":["https:\/\/www.eldiario.net\/portal\/2023\/06\/18\/amnistia-internacional-denuncia-la-negligencia-de-autoridades-prorrusas\/"]}]},{"@type":"BreadcrumbList","@id":"https:\/\/www.eldiario.net\/portal\/2023\/06\/18\/amnistia-internacional-denuncia-la-negligencia-de-autoridades-prorrusas\/#breadcrumb","itemListElement":[{"@type":"ListItem","position":1,"name":"Portada","item":"https:\/\/www.eldiario.net\/portal\/"},{"@type":"ListItem","position":2,"name":"Amnist\u00eda Internacional denuncia la negligencia de autoridades prorrusas"}]},{"@type":"WebSite","@id":"https:\/\/www.eldiario.net\/portal\/#website","url":"https:\/\/www.eldiario.net\/portal\/","name":"El Diario - Decano de la prensa nacional","description":"El Diario - Decano de la prensa nacional","publisher":{"@id":"https:\/\/www.eldiario.net\/portal\/#organization"},"potentialAction":[{"@type":"SearchAction","target":{"@type":"EntryPoint","urlTemplate":"https:\/\/www.eldiario.net\/portal\/?s={search_term_string}"},"query-input":{"@type":"PropertyValueSpecification","valueRequired":true,"valueName":"search_term_string"}}],"inLanguage":"es"},{"@type":"Organization","@id":"https:\/\/www.eldiario.net\/portal\/#organization","name":"El Diario - Decano de la prensa nacional","url":"https:\/\/www.eldiario.net\/portal\/","logo":{"@type":"ImageObject","inLanguage":"es","@id":"https:\/\/www.eldiario.net\/portal\/#\/schema\/logo\/image\/","url":"https:\/\/www.eldiario.net\/portal\/wp-content\/uploads\/2023\/07\/logo_ED.jpg","contentUrl":"https:\/\/www.eldiario.net\/portal\/wp-content\/uploads\/2023\/07\/logo_ED.jpg","width":272,"height":52,"caption":"El Diario - Decano de la prensa nacional"},"image":{"@id":"https:\/\/www.eldiario.net\/portal\/#\/schema\/logo\/image\/"},"sameAs":["https:\/\/www.facebook.com\/eldiario.bolivia\/","https:\/\/x.com\/eldiario_net"]},{"@type":"Person","@id":"https:\/\/www.eldiario.net\/portal\/#\/schema\/person\/f46445640444750d7d753ccd04ae01b7","name":"Jeanette","image":{"@type":"ImageObject","inLanguage":"es","@id":"https:\/\/secure.gravatar.com\/avatar\/3ea2118a5f7dad2b7138b1187a6b7ee55f160b9968b66013c3a3ef39dd7e5798?s=96&d=mm&r=g","url":"https:\/\/secure.gravatar.com\/avatar\/3ea2118a5f7dad2b7138b1187a6b7ee55f160b9968b66013c3a3ef39dd7e5798?s=96&d=mm&r=g","contentUrl":"https:\/\/secure.gravatar.com\/avatar\/3ea2118a5f7dad2b7138b1187a6b7ee55f160b9968b66013c3a3ef39dd7e5798?s=96&d=mm&r=g","caption":"Jeanette"},"sameAs":["https:\/\/www.eldiario.net\/portal"],"url":"https:\/\/www.eldiario.net\/portal\/author\/jeanette\/"}]}},"_links":{"self":[{"href":"https:\/\/www.eldiario.net\/portal\/wp-json\/wp\/v2\/posts\/160566","targetHints":{"allow":["GET"]}}],"collection":[{"href":"https:\/\/www.eldiario.net\/portal\/wp-json\/wp\/v2\/posts"}],"about":[{"href":"https:\/\/www.eldiario.net\/portal\/wp-json\/wp\/v2\/types\/post"}],"author":[{"embeddable":true,"href":"https:\/\/www.eldiario.net\/portal\/wp-json\/wp\/v2\/users\/1"}],"replies":[{"embeddable":true,"href":"https:\/\/www.eldiario.net\/portal\/wp-json\/wp\/v2\/comments?post=160566"}],"version-history":[{"count":0,"href":"https:\/\/www.eldiario.net\/portal\/wp-json\/wp\/v2\/posts\/160566\/revisions"}],"wp:attachment":[{"href":"https:\/\/www.eldiario.net\/portal\/wp-json\/wp\/v2\/media?parent=160566"}],"wp:term":[{"taxonomy":"category","embeddable":true,"href":"https:\/\/www.eldiario.net\/portal\/wp-json\/wp\/v2\/categories?post=160566"},{"taxonomy":"post_tag","embeddable":true,"href":"https:\/\/www.eldiario.net\/portal\/wp-json\/wp\/v2\/tags?post=160566"}],"curies":[{"name":"wp","href":"https:\/\/api.w.org\/{rel}","templated":true}]}}