{"id":160561,"date":"2023-06-18T06:26:09","date_gmt":"2023-06-18T10:26:09","guid":{"rendered":"https:\/\/www.eldiario.net\/portal\/?p=160561"},"modified":"2023-06-18T06:26:09","modified_gmt":"2023-06-18T10:26:09","slug":"presion-regulatoria-a-industrias-provoca-contrabando-y-desempleo","status":"publish","type":"post","link":"https:\/\/www.eldiario.net\/portal\/2023\/06\/18\/presion-regulatoria-a-industrias-provoca-contrabando-y-desempleo\/","title":{"rendered":"Presi\u00f3n regulatoria a industrias  provoca contrabando y desempleo"},"content":{"rendered":"<p>La sobre regulaci\u00f3n a la actividad privada asfixia a la industria nacional, as\u00ed como de pa\u00edses de la regi\u00f3n, y provoca el incremento del contrabando, que en cifras mueve anualmente 3.800 millones de d\u00f3lares. Empresarios, autoridades y economistas apuestan a bajar la presi\u00f3n tributaria y social para facilitar el ingreso de los informales al sector formal.<br \/>\nLa percepci\u00f3n se dio en el marco del Seminario Internacional \u201cDel Comercio Informal al Crimen Organizado: Los desaf\u00edos de la regi\u00f3n frente al contrabando\u201d, y tras las exposiciones de los principales representantes de los tres pa\u00edses, se estableci\u00f3 las bases de un acuerdo entre Bolivia, Chile y Per\u00fa.<br \/>\nEl economista Antonio Saravia, en su gira por los medios de comunicaci\u00f3n, as\u00ed como en entidades acad\u00e9micas, se\u00f1al\u00f3 que la mejor forma de luchar contra el contrabando no es combatirla sino legalizarla, es decir, desburocratizar la actividad p\u00fablica, facilitando un mejor desempe\u00f1o de la actividad privada en el pa\u00eds, bajar las regulaciones y hacer m\u00e1s competitiva a la producci\u00f3n nacional.<br \/>\nCasi coinciden con esa visi\u00f3n economistas, como el exdirector del Banco Central de Bolivia (BCB), Gabriel Espinoza, quien en su exposici\u00f3n sobre el contrabando de cigarrillos, indic\u00f3 que la actividad ilegal es alentada por la asimetr\u00eda impositiva.<br \/>\n\u00abLa diferencia de precios de venta resultado de las tasas impositivas favorecen el contrabando y el rol de Bolivia como facilitador\u00bb, asegur\u00f3 a tiempo de indicar que tambi\u00e9n est\u00e1 la situaci\u00f3n econ\u00f3mica de cada pa\u00eds.<br \/>\n\u00abLas altas tasas de desempleo, una inflaci\u00f3n al alza en la regi\u00f3n y las diferencias de tipo de cambio agravan la situaci\u00f3n y originan notables diferencias de precios entre pa\u00edses\u00bb, asegur\u00f3.<br \/>\nPor su parte, el representante de la C\u00e1mara de Industria, Servicios y Comercio de Santa Cruz (Cainco), Fernando Antezana, brind\u00f3 algunos datos poco alentadores con respecto a la afectaci\u00f3n y al crecimiento de la actividad ilegal.<br \/>\nDijo que se mueven alrededor de 1.400 millones de d\u00f3lares s\u00f3lo en medicamentos, l\u00ednea blanca, entre otros, lo que genera tambi\u00e9n una p\u00e9rdida de divisas, que actualmente escasea en el pa\u00eds.<br \/>\nCon respecto al empleo formal, mencion\u00f3 que de acuerdo a datos del Instituto Nacional de Estad\u00edstica (INE) en 2015 el empleo formal alcanzaba un porcentaje de 27% de la Poblaci\u00f3n Econ\u00f3micamente Activa (PEA), cifra que baj\u00f3 en 2022 a 11%.<br \/>\nEse panorama provoca una inestabilidad laboral, y de acuerdo a Antezana, Bolivia estar\u00eda con el 91% de informalidad, por ello llam\u00f3 a todos los actores, p\u00fablico y privados, a coordinar acciones para reducir la actividad il\u00edcita y la afectaci\u00f3n a la industria nacional. Destac\u00f3 que en los municipios se observa mayor informalidad.<br \/>\nEl representante de la C\u00e1mara de Industria Farmac\u00e9utica Boliviana (Cifabol), Josip Lino, en su exposici\u00f3n sobre la afectaci\u00f3n del contrabando al sector de medicamentos, dijo que est\u00e1n sobre regulados, aun as\u00ed dan pelea contra el comercio ilegal.<br \/>\nLa pobre regulaci\u00f3n se observa en el tema impositivo y laboral, y est\u00e1n en constantes inspecciones de parte de las entidades p\u00fablicas del sector salud. Record\u00f3 que 58 normativas regulan al sector.<br \/>\nEl sector farmac\u00e9utico mueve 450 millones de d\u00f3lares en el mercado nacional, y que tanto los importadores como el comercio ilegal de medicamentos representan un movimiento econ\u00f3mico de 80-85 millones, es decir un 20%.<br \/>\nEl aporte al Producto Interno Bruto (PIB) alcanza al 1%. Pero el contrabando de medicamentos al igual que la falsificaci\u00f3n y los medicamentos espurios, tienen presencia en el mercado nacional, y amenazan a la salud de la poblaci\u00f3n, pues ingresan sin control sanitario, alert\u00f3.<br \/>\nSon actividades que representan un grave riesgo para la salud, por los efectos nocivos que pueden generar en cuanto se han catalogado como cr\u00edmenes de lesa humanidad, siendo equiparables al genocidio por la magnitud de su impacto negativo.<br \/>\nEn ese contexto, plantean modificaciones al C\u00f3digo Penal y aumentar la pena, as\u00ed como los delitos, para hacer efectivo la lucha contra el contrabando.<br \/>\nBebidas<br \/>\nMientras el representante de la Cervecer\u00eda Boliviana Nacional (CBN), Ronald Camacho, dentro sus conclusiones de su exposici\u00f3n sobre la estrategia contra el contrabando, una mirada de la industria cervecera, se\u00f1ala el incremento de bebidas a 579% en los \u00faltimos 6 a\u00f1os y por ello el Estado deja de recaudar 118 millones de d\u00f3lares al a\u00f1o.<br \/>\nAsimismo coincidi\u00f3 con Lino, por separado, al indicar que las redes sociales (sobre todo Marketplace de Facebook) se han convertido en un medio para ofrecer productos de contrabando sin ning\u00fan tipo de sanci\u00f3n.<br \/>\nMencion\u00f3 que los medios de transporte interdepartamental (flotas, buses, entre otros) almacenan y transportan productos de contrabando sin ning\u00fan tipo de temor, por lo que se sugiere un control y sanciones a las empresas por parte de la ATT.<br \/>\nTambi\u00e9n sugiri\u00f3 implementar un C\u00f3digo de Barras, C\u00f3digo QR, Hologramas en los productos importados a Bolivia en lugar de los timbres actuales que son de f\u00e1cil falsificaci\u00f3n. Ejemplo cambio de timbre ICE importaciones para bebidas y tabacos.<br \/>\nApoy\u00f3 reducir los importes, tal como plantea la C\u00e1mara Nacional de Industria (CNI), de modificar el C\u00f3digo Tributario (Ley 2492) para disminuir de 200.000 a 50.000 a UFV el valor del monto para que sea considerado como delito aduanero.<br \/>\nEl presidente de la CNI, Pablo Camacho, dijo que dentro de sus cuatro sugerencias est\u00e1 modificar los numerales 30 y 31 del art\u00edculo 26 de la Ley de Gobiernos Aut\u00f3nomos Municipales N\u00b0482 para municipalizar la lucha contra el contrabando.<br \/>\nNumeral 30: \u201cEjercer labores de fiscalizaci\u00f3n, control y de comiso de productos que no cuenten con la Declaraci\u00f3n de Importaci\u00f3n de Mercanc\u00edas (DIM) o la nota fiscal que respalde la compra de la mercader\u00eda, en mercados, supermercados, tiendas, centros de abastecimiento mayorista y minorista, ferias y otros\u201d.<br \/>\nDatos<br \/>\nEl contrabando represent\u00f3 el 7,96% del PIB en 2022, que se compara a un mes de producci\u00f3n total de Bolivia, en cifras representa 3.331 millones de d\u00f3lares, una cifra menor a la estimada por otras c\u00e1maras empresariales, de acuerdo a datos del asesor de la CNI, Hugo Siles.<br \/>\nA pesar del aumento de los comisos realizados por la Aduana Nacional, de 700 millones de bolivianos, un poco m\u00e1s de 100 millones de d\u00f3lares, Siles en su exposici\u00f3n se\u00f1ala que comparada con la cifra de 3.331 millones, los comisos representan un 3,18%.<br \/>\nMientras que en evasi\u00f3n fiscal representa una afectaci\u00f3n al Estado de 930 millones de d\u00f3lares, otros calculan un poco m\u00e1s de 600 millones. Siles se\u00f1al\u00f3 que esa evasi\u00f3n significa 16 hospitales de tercer nivel.<br \/>\nAl ritmo que va la actividad ilegal, Siles sostiene que el contrabando crece al doble del crecimiento de la econom\u00eda nacional, tambi\u00e9n se refleja en la reducci\u00f3n de las Reservas Internacionales, cuando sostiene que a mayor actividad ilegal mayor ca\u00edda de las RIN.<br \/>\nEl contrabando afecta a 38.000 industrias y est\u00e1n en riesgo 600.000 empleos, aunque en general el n\u00famero de trabajos formales amenazados supera los 2,5 millones, pues afecta todos los sectores empresariales.<br \/>\nPor su parte, el representante de la Cainco, Ian Camacho, plantea que se debe reorientar la normativa hacia un entorno tributario amigable; convenir monto para determinar el contrabando delictivo; simplificar tiempos y procedimientos para la ejecuci\u00f3n de allanamientos y procesos sancionatorios contra el contrabando contravencional; generar incentivos para la sustituci\u00f3n de importaciones; ampliar competencias para la lucha contra el contrabando de entidades clave, para allanamiento, decomiso y destrucci\u00f3n de productos de contrabando en almacenes y mercados informales; y municipalizar la lucha contra el contrabando.<\/p>\n<p>Rutas<br \/>\nMientras el viceministro de Lucha Contra el Contrabando, Pedro Vargas, expuso las acciones que realiza el gobierno en contra de este il\u00edcito y mostr\u00f3 las rutas identificadas por donde operan estas personas.<br \/>\nExplic\u00f3 los pasos donde se realizan los controles, tambi\u00e9n los enfrentamientos. Dijo que los grupos delictivos utilizan varias estrategias para evadir los controles, con motorizados y armamento.<\/p>\n<div id='gallery-1' class='gallery galleryid-160561 gallery-columns-3 gallery-size-medium'><figure class='gallery-item'>\n\t\t\t<div class='gallery-icon landscape'>\n\t\t\t\t<a href='https:\/\/www.eldiario.net\/portal\/2023\/06\/18\/presion-regulatoria-a-industrias-provoca-contrabando-y-desempleo\/presentacion-de-powerpoint-17\/'><img loading=\"lazy\" decoding=\"async\" width=\"300\" height=\"169\" src=\"https:\/\/www.eldiario.net\/portal\/wp-content\/uploads\/2023\/06\/contrabando-1-scaled-1-300x169.jpg\" class=\"attachment-medium size-medium\" alt=\"\" srcset=\"https:\/\/www.eldiario.net\/portal\/wp-content\/uploads\/2023\/06\/contrabando-1-scaled-1-300x169.jpg 300w, https:\/\/www.eldiario.net\/portal\/wp-content\/uploads\/2023\/06\/contrabando-1-scaled-1-1024x576.jpg 1024w, https:\/\/www.eldiario.net\/portal\/wp-content\/uploads\/2023\/06\/contrabando-1-scaled-1-768x432.jpg 768w, https:\/\/www.eldiario.net\/portal\/wp-content\/uploads\/2023\/06\/contrabando-1-scaled-1-1536x864.jpg 1536w, https:\/\/www.eldiario.net\/portal\/wp-content\/uploads\/2023\/06\/contrabando-1-scaled-1-2048x1152.jpg 2048w, https:\/\/www.eldiario.net\/portal\/wp-content\/uploads\/2023\/06\/contrabando-1-scaled-1-696x392.jpg 696w, https:\/\/www.eldiario.net\/portal\/wp-content\/uploads\/2023\/06\/contrabando-1-scaled-1-1068x601.jpg 1068w, https:\/\/www.eldiario.net\/portal\/wp-content\/uploads\/2023\/06\/contrabando-1-scaled-1-1920x1080.jpg 1920w\" sizes=\"auto, (max-width: 300px) 100vw, 300px\" \/><\/a>\n\t\t\t<\/div><\/figure><figure class='gallery-item'>\n\t\t\t<div class='gallery-icon landscape'>\n\t\t\t\t<a href='https:\/\/www.eldiario.net\/portal\/2023\/06\/18\/presion-regulatoria-a-industrias-provoca-contrabando-y-desempleo\/presentacion-de-powerpoint-18\/'><img loading=\"lazy\" decoding=\"async\" width=\"300\" height=\"169\" src=\"https:\/\/www.eldiario.net\/portal\/wp-content\/uploads\/2023\/06\/contrabando-2-scaled-1-300x169.jpg\" class=\"attachment-medium size-medium\" alt=\"\" srcset=\"https:\/\/www.eldiario.net\/portal\/wp-content\/uploads\/2023\/06\/contrabando-2-scaled-1-300x169.jpg 300w, https:\/\/www.eldiario.net\/portal\/wp-content\/uploads\/2023\/06\/contrabando-2-scaled-1-1024x576.jpg 1024w, https:\/\/www.eldiario.net\/portal\/wp-content\/uploads\/2023\/06\/contrabando-2-scaled-1-768x432.jpg 768w, https:\/\/www.eldiario.net\/portal\/wp-content\/uploads\/2023\/06\/contrabando-2-scaled-1-1536x864.jpg 1536w, https:\/\/www.eldiario.net\/portal\/wp-content\/uploads\/2023\/06\/contrabando-2-scaled-1-2048x1152.jpg 2048w, https:\/\/www.eldiario.net\/portal\/wp-content\/uploads\/2023\/06\/contrabando-2-scaled-1-696x392.jpg 696w, https:\/\/www.eldiario.net\/portal\/wp-content\/uploads\/2023\/06\/contrabando-2-scaled-1-1068x601.jpg 1068w, https:\/\/www.eldiario.net\/portal\/wp-content\/uploads\/2023\/06\/contrabando-2-scaled-1-1920x1080.jpg 1920w\" sizes=\"auto, (max-width: 300px) 100vw, 300px\" \/><\/a>\n\t\t\t<\/div><\/figure><figure class='gallery-item'>\n\t\t\t<div class='gallery-icon landscape'>\n\t\t\t\t<a href='https:\/\/www.eldiario.net\/portal\/2023\/06\/18\/presion-regulatoria-a-industrias-provoca-contrabando-y-desempleo\/contrabando-3\/'><img loading=\"lazy\" decoding=\"async\" width=\"300\" height=\"225\" src=\"https:\/\/www.eldiario.net\/portal\/wp-content\/uploads\/2023\/06\/contrabando-300x225.jpg\" class=\"attachment-medium size-medium\" alt=\"\" srcset=\"https:\/\/www.eldiario.net\/portal\/wp-content\/uploads\/2023\/06\/contrabando-300x225.jpg 300w, https:\/\/www.eldiario.net\/portal\/wp-content\/uploads\/2023\/06\/contrabando-1024x768.jpg 1024w, https:\/\/www.eldiario.net\/portal\/wp-content\/uploads\/2023\/06\/contrabando-768x576.jpg 768w, https:\/\/www.eldiario.net\/portal\/wp-content\/uploads\/2023\/06\/contrabando-1536x1152.jpg 1536w, https:\/\/www.eldiario.net\/portal\/wp-content\/uploads\/2023\/06\/contrabando-696x522.jpg 696w, https:\/\/www.eldiario.net\/portal\/wp-content\/uploads\/2023\/06\/contrabando-1068x801.jpg 1068w, https:\/\/www.eldiario.net\/portal\/wp-content\/uploads\/2023\/06\/contrabando.jpg 1600w\" sizes=\"auto, (max-width: 300px) 100vw, 300px\" \/><\/a>\n\t\t\t<\/div><\/figure>\n\t\t<\/div>\n\n","protected":false},"excerpt":{"rendered":"<p>La sobre regulaci\u00f3n a la actividad privada asfixia a la industria nacional, as\u00ed como de pa\u00edses de la regi\u00f3n, y provoca el incremento del contrabando, que en cifras mueve anualmente 3.800 millones de d\u00f3lares. Empresarios, autoridades y economistas apuestan a bajar la presi\u00f3n tributaria y social para facilitar el ingreso de los informales al sector [&hellip;]<\/p>\n","protected":false},"author":1,"featured_media":160564,"comment_status":"closed","ping_status":"closed","sticky":false,"template":"","format":"standard","meta":{"_acf_changed":false,"footnotes":""},"categories":[7],"tags":[],"class_list":["post-160561","post","type-post","status-publish","format-standard","has-post-thumbnail","category-economia"],"acf":{"antetitulo":""},"yoast_head":"<!-- This site is optimized with the Yoast SEO plugin v28.3 - https:\/\/yoast.com\/product\/yoast-seo-wordpress\/ -->\n<title>Presi\u00f3n regulatoria a industrias provoca contrabando y desempleo - El Diario - Bolivia<\/title>\n<meta name=\"robots\" content=\"index, follow, max-snippet:-1, max-image-preview:large, max-video-preview:-1\" \/>\n<link rel=\"canonical\" href=\"https:\/\/www.eldiario.net\/portal\/2023\/06\/18\/presion-regulatoria-a-industrias-provoca-contrabando-y-desempleo\/\" \/>\n<meta property=\"og:locale\" content=\"es_ES\" \/>\n<meta property=\"og:type\" content=\"article\" \/>\n<meta property=\"og:title\" content=\"Presi\u00f3n regulatoria a industrias provoca contrabando y desempleo - El Diario - Bolivia\" \/>\n<meta property=\"og:description\" content=\"La sobre regulaci\u00f3n a la actividad privada asfixia a la industria nacional, as\u00ed como de pa\u00edses de la regi\u00f3n, y provoca el incremento del contrabando, que en cifras mueve anualmente 3.800 millones de d\u00f3lares. Empresarios, autoridades y economistas apuestan a bajar la presi\u00f3n tributaria y social para facilitar el ingreso de los informales al sector [&hellip;]\" \/>\n<meta property=\"og:url\" content=\"https:\/\/www.eldiario.net\/portal\/2023\/06\/18\/presion-regulatoria-a-industrias-provoca-contrabando-y-desempleo\/\" \/>\n<meta property=\"og:site_name\" content=\"El Diario - Bolivia\" \/>\n<meta property=\"article:publisher\" content=\"https:\/\/www.facebook.com\/eldiario.bolivia\/\" \/>\n<meta property=\"article:published_time\" content=\"2023-06-18T10:26:09+00:00\" \/>\n<meta property=\"og:image\" content=\"https:\/\/www.eldiario.net\/portal\/wp-content\/uploads\/2023\/06\/contrabando.jpg\" \/>\n\t<meta property=\"og:image:width\" content=\"1600\" \/>\n\t<meta property=\"og:image:height\" content=\"1200\" \/>\n\t<meta property=\"og:image:type\" content=\"image\/jpeg\" \/>\n<meta name=\"author\" content=\"Jeanette\" \/>\n<meta name=\"twitter:card\" content=\"summary_large_image\" \/>\n<meta name=\"twitter:creator\" content=\"@eldiario_net\" \/>\n<meta name=\"twitter:site\" content=\"@eldiario_net\" \/>\n<meta name=\"twitter:label1\" content=\"Escrito por\" \/>\n\t<meta name=\"twitter:data1\" content=\"Jeanette\" \/>\n\t<meta name=\"twitter:label2\" content=\"Tiempo de lectura\" \/>\n\t<meta name=\"twitter:data2\" content=\"6 minutos\" \/>\n<script type=\"application\/ld+json\" class=\"yoast-schema-graph\">{\"@context\":\"https:\\\/\\\/schema.org\",\"@graph\":[{\"@type\":\"Article\",\"@id\":\"https:\\\/\\\/www.eldiario.net\\\/portal\\\/2023\\\/06\\\/18\\\/presion-regulatoria-a-industrias-provoca-contrabando-y-desempleo\\\/#article\",\"isPartOf\":{\"@id\":\"https:\\\/\\\/www.eldiario.net\\\/portal\\\/2023\\\/06\\\/18\\\/presion-regulatoria-a-industrias-provoca-contrabando-y-desempleo\\\/\"},\"author\":{\"name\":\"Jeanette\",\"@id\":\"https:\\\/\\\/www.eldiario.net\\\/portal\\\/#\\\/schema\\\/person\\\/f46445640444750d7d753ccd04ae01b7\"},\"headline\":\"Presi\u00f3n regulatoria a industrias provoca contrabando y desempleo\",\"datePublished\":\"2023-06-18T10:26:09+00:00\",\"mainEntityOfPage\":{\"@id\":\"https:\\\/\\\/www.eldiario.net\\\/portal\\\/2023\\\/06\\\/18\\\/presion-regulatoria-a-industrias-provoca-contrabando-y-desempleo\\\/\"},\"wordCount\":1353,\"publisher\":{\"@id\":\"https:\\\/\\\/www.eldiario.net\\\/portal\\\/#organization\"},\"image\":{\"@id\":\"https:\\\/\\\/www.eldiario.net\\\/portal\\\/2023\\\/06\\\/18\\\/presion-regulatoria-a-industrias-provoca-contrabando-y-desempleo\\\/#primaryimage\"},\"thumbnailUrl\":\"https:\\\/\\\/www.eldiario.net\\\/portal\\\/wp-content\\\/uploads\\\/2023\\\/06\\\/contrabando.jpg\",\"articleSection\":[\"Econom\u00eda\"],\"inLanguage\":\"es\"},{\"@type\":\"WebPage\",\"@id\":\"https:\\\/\\\/www.eldiario.net\\\/portal\\\/2023\\\/06\\\/18\\\/presion-regulatoria-a-industrias-provoca-contrabando-y-desempleo\\\/\",\"url\":\"https:\\\/\\\/www.eldiario.net\\\/portal\\\/2023\\\/06\\\/18\\\/presion-regulatoria-a-industrias-provoca-contrabando-y-desempleo\\\/\",\"name\":\"Presi\u00f3n regulatoria a industrias provoca contrabando y desempleo - El Diario - Bolivia\",\"isPartOf\":{\"@id\":\"https:\\\/\\\/www.eldiario.net\\\/portal\\\/#website\"},\"primaryImageOfPage\":{\"@id\":\"https:\\\/\\\/www.eldiario.net\\\/portal\\\/2023\\\/06\\\/18\\\/presion-regulatoria-a-industrias-provoca-contrabando-y-desempleo\\\/#primaryimage\"},\"image\":{\"@id\":\"https:\\\/\\\/www.eldiario.net\\\/portal\\\/2023\\\/06\\\/18\\\/presion-regulatoria-a-industrias-provoca-contrabando-y-desempleo\\\/#primaryimage\"},\"thumbnailUrl\":\"https:\\\/\\\/www.eldiario.net\\\/portal\\\/wp-content\\\/uploads\\\/2023\\\/06\\\/contrabando.jpg\",\"datePublished\":\"2023-06-18T10:26:09+00:00\",\"breadcrumb\":{\"@id\":\"https:\\\/\\\/www.eldiario.net\\\/portal\\\/2023\\\/06\\\/18\\\/presion-regulatoria-a-industrias-provoca-contrabando-y-desempleo\\\/#breadcrumb\"},\"inLanguage\":\"es\",\"potentialAction\":[{\"@type\":\"ReadAction\",\"target\":[\"https:\\\/\\\/www.eldiario.net\\\/portal\\\/2023\\\/06\\\/18\\\/presion-regulatoria-a-industrias-provoca-contrabando-y-desempleo\\\/\"]}]},{\"@type\":\"ImageObject\",\"inLanguage\":\"es\",\"@id\":\"https:\\\/\\\/www.eldiario.net\\\/portal\\\/2023\\\/06\\\/18\\\/presion-regulatoria-a-industrias-provoca-contrabando-y-desempleo\\\/#primaryimage\",\"url\":\"https:\\\/\\\/www.eldiario.net\\\/portal\\\/wp-content\\\/uploads\\\/2023\\\/06\\\/contrabando.jpg\",\"contentUrl\":\"https:\\\/\\\/www.eldiario.net\\\/portal\\\/wp-content\\\/uploads\\\/2023\\\/06\\\/contrabando.jpg\",\"width\":1600,\"height\":1200},{\"@type\":\"BreadcrumbList\",\"@id\":\"https:\\\/\\\/www.eldiario.net\\\/portal\\\/2023\\\/06\\\/18\\\/presion-regulatoria-a-industrias-provoca-contrabando-y-desempleo\\\/#breadcrumb\",\"itemListElement\":[{\"@type\":\"ListItem\",\"position\":1,\"name\":\"Portada\",\"item\":\"https:\\\/\\\/www.eldiario.net\\\/portal\\\/\"},{\"@type\":\"ListItem\",\"position\":2,\"name\":\"Presi\u00f3n regulatoria a industrias provoca contrabando y desempleo\"}]},{\"@type\":\"WebSite\",\"@id\":\"https:\\\/\\\/www.eldiario.net\\\/portal\\\/#website\",\"url\":\"https:\\\/\\\/www.eldiario.net\\\/portal\\\/\",\"name\":\"El Diario - Decano de la prensa nacional\",\"description\":\"El Diario - Decano de la prensa nacional\",\"publisher\":{\"@id\":\"https:\\\/\\\/www.eldiario.net\\\/portal\\\/#organization\"},\"potentialAction\":[{\"@type\":\"SearchAction\",\"target\":{\"@type\":\"EntryPoint\",\"urlTemplate\":\"https:\\\/\\\/www.eldiario.net\\\/portal\\\/?s={search_term_string}\"},\"query-input\":{\"@type\":\"PropertyValueSpecification\",\"valueRequired\":true,\"valueName\":\"search_term_string\"}}],\"inLanguage\":\"es\"},{\"@type\":\"Organization\",\"@id\":\"https:\\\/\\\/www.eldiario.net\\\/portal\\\/#organization\",\"name\":\"El Diario - Decano de la prensa nacional\",\"url\":\"https:\\\/\\\/www.eldiario.net\\\/portal\\\/\",\"logo\":{\"@type\":\"ImageObject\",\"inLanguage\":\"es\",\"@id\":\"https:\\\/\\\/www.eldiario.net\\\/portal\\\/#\\\/schema\\\/logo\\\/image\\\/\",\"url\":\"https:\\\/\\\/www.eldiario.net\\\/portal\\\/wp-content\\\/uploads\\\/2023\\\/07\\\/logo_ED.jpg\",\"contentUrl\":\"https:\\\/\\\/www.eldiario.net\\\/portal\\\/wp-content\\\/uploads\\\/2023\\\/07\\\/logo_ED.jpg\",\"width\":272,\"height\":52,\"caption\":\"El Diario - Decano de la prensa nacional\"},\"image\":{\"@id\":\"https:\\\/\\\/www.eldiario.net\\\/portal\\\/#\\\/schema\\\/logo\\\/image\\\/\"},\"sameAs\":[\"https:\\\/\\\/www.facebook.com\\\/eldiario.bolivia\\\/\",\"https:\\\/\\\/x.com\\\/eldiario_net\"]},{\"@type\":\"Person\",\"@id\":\"https:\\\/\\\/www.eldiario.net\\\/portal\\\/#\\\/schema\\\/person\\\/f46445640444750d7d753ccd04ae01b7\",\"name\":\"Jeanette\",\"image\":{\"@type\":\"ImageObject\",\"inLanguage\":\"es\",\"@id\":\"https:\\\/\\\/secure.gravatar.com\\\/avatar\\\/3ea2118a5f7dad2b7138b1187a6b7ee55f160b9968b66013c3a3ef39dd7e5798?s=96&d=mm&r=g\",\"url\":\"https:\\\/\\\/secure.gravatar.com\\\/avatar\\\/3ea2118a5f7dad2b7138b1187a6b7ee55f160b9968b66013c3a3ef39dd7e5798?s=96&d=mm&r=g\",\"contentUrl\":\"https:\\\/\\\/secure.gravatar.com\\\/avatar\\\/3ea2118a5f7dad2b7138b1187a6b7ee55f160b9968b66013c3a3ef39dd7e5798?s=96&d=mm&r=g\",\"caption\":\"Jeanette\"},\"sameAs\":[\"https:\\\/\\\/www.eldiario.net\\\/portal\"],\"url\":\"https:\\\/\\\/www.eldiario.net\\\/portal\\\/author\\\/jeanette\\\/\"}]}<\/script>\n<!-- \/ Yoast SEO plugin. -->","yoast_head_json":{"title":"Presi\u00f3n regulatoria a industrias provoca contrabando y desempleo - El Diario - Bolivia","robots":{"index":"index","follow":"follow","max-snippet":"max-snippet:-1","max-image-preview":"max-image-preview:large","max-video-preview":"max-video-preview:-1"},"canonical":"https:\/\/www.eldiario.net\/portal\/2023\/06\/18\/presion-regulatoria-a-industrias-provoca-contrabando-y-desempleo\/","og_locale":"es_ES","og_type":"article","og_title":"Presi\u00f3n regulatoria a industrias provoca contrabando y desempleo - El Diario - Bolivia","og_description":"La sobre regulaci\u00f3n a la actividad privada asfixia a la industria nacional, as\u00ed como de pa\u00edses de la regi\u00f3n, y provoca el incremento del contrabando, que en cifras mueve anualmente 3.800 millones de d\u00f3lares. Empresarios, autoridades y economistas apuestan a bajar la presi\u00f3n tributaria y social para facilitar el ingreso de los informales al sector [&hellip;]","og_url":"https:\/\/www.eldiario.net\/portal\/2023\/06\/18\/presion-regulatoria-a-industrias-provoca-contrabando-y-desempleo\/","og_site_name":"El Diario - Bolivia","article_publisher":"https:\/\/www.facebook.com\/eldiario.bolivia\/","article_published_time":"2023-06-18T10:26:09+00:00","og_image":[{"width":1600,"height":1200,"url":"https:\/\/www.eldiario.net\/portal\/wp-content\/uploads\/2023\/06\/contrabando.jpg","type":"image\/jpeg"}],"author":"Jeanette","twitter_card":"summary_large_image","twitter_creator":"@eldiario_net","twitter_site":"@eldiario_net","twitter_misc":{"Escrito por":"Jeanette","Tiempo de lectura":"6 minutos"},"schema":{"@context":"https:\/\/schema.org","@graph":[{"@type":"Article","@id":"https:\/\/www.eldiario.net\/portal\/2023\/06\/18\/presion-regulatoria-a-industrias-provoca-contrabando-y-desempleo\/#article","isPartOf":{"@id":"https:\/\/www.eldiario.net\/portal\/2023\/06\/18\/presion-regulatoria-a-industrias-provoca-contrabando-y-desempleo\/"},"author":{"name":"Jeanette","@id":"https:\/\/www.eldiario.net\/portal\/#\/schema\/person\/f46445640444750d7d753ccd04ae01b7"},"headline":"Presi\u00f3n regulatoria a industrias provoca contrabando y desempleo","datePublished":"2023-06-18T10:26:09+00:00","mainEntityOfPage":{"@id":"https:\/\/www.eldiario.net\/portal\/2023\/06\/18\/presion-regulatoria-a-industrias-provoca-contrabando-y-desempleo\/"},"wordCount":1353,"publisher":{"@id":"https:\/\/www.eldiario.net\/portal\/#organization"},"image":{"@id":"https:\/\/www.eldiario.net\/portal\/2023\/06\/18\/presion-regulatoria-a-industrias-provoca-contrabando-y-desempleo\/#primaryimage"},"thumbnailUrl":"https:\/\/www.eldiario.net\/portal\/wp-content\/uploads\/2023\/06\/contrabando.jpg","articleSection":["Econom\u00eda"],"inLanguage":"es"},{"@type":"WebPage","@id":"https:\/\/www.eldiario.net\/portal\/2023\/06\/18\/presion-regulatoria-a-industrias-provoca-contrabando-y-desempleo\/","url":"https:\/\/www.eldiario.net\/portal\/2023\/06\/18\/presion-regulatoria-a-industrias-provoca-contrabando-y-desempleo\/","name":"Presi\u00f3n regulatoria a industrias provoca contrabando y desempleo - El Diario - Bolivia","isPartOf":{"@id":"https:\/\/www.eldiario.net\/portal\/#website"},"primaryImageOfPage":{"@id":"https:\/\/www.eldiario.net\/portal\/2023\/06\/18\/presion-regulatoria-a-industrias-provoca-contrabando-y-desempleo\/#primaryimage"},"image":{"@id":"https:\/\/www.eldiario.net\/portal\/2023\/06\/18\/presion-regulatoria-a-industrias-provoca-contrabando-y-desempleo\/#primaryimage"},"thumbnailUrl":"https:\/\/www.eldiario.net\/portal\/wp-content\/uploads\/2023\/06\/contrabando.jpg","datePublished":"2023-06-18T10:26:09+00:00","breadcrumb":{"@id":"https:\/\/www.eldiario.net\/portal\/2023\/06\/18\/presion-regulatoria-a-industrias-provoca-contrabando-y-desempleo\/#breadcrumb"},"inLanguage":"es","potentialAction":[{"@type":"ReadAction","target":["https:\/\/www.eldiario.net\/portal\/2023\/06\/18\/presion-regulatoria-a-industrias-provoca-contrabando-y-desempleo\/"]}]},{"@type":"ImageObject","inLanguage":"es","@id":"https:\/\/www.eldiario.net\/portal\/2023\/06\/18\/presion-regulatoria-a-industrias-provoca-contrabando-y-desempleo\/#primaryimage","url":"https:\/\/www.eldiario.net\/portal\/wp-content\/uploads\/2023\/06\/contrabando.jpg","contentUrl":"https:\/\/www.eldiario.net\/portal\/wp-content\/uploads\/2023\/06\/contrabando.jpg","width":1600,"height":1200},{"@type":"BreadcrumbList","@id":"https:\/\/www.eldiario.net\/portal\/2023\/06\/18\/presion-regulatoria-a-industrias-provoca-contrabando-y-desempleo\/#breadcrumb","itemListElement":[{"@type":"ListItem","position":1,"name":"Portada","item":"https:\/\/www.eldiario.net\/portal\/"},{"@type":"ListItem","position":2,"name":"Presi\u00f3n regulatoria a industrias provoca contrabando y desempleo"}]},{"@type":"WebSite","@id":"https:\/\/www.eldiario.net\/portal\/#website","url":"https:\/\/www.eldiario.net\/portal\/","name":"El Diario - Decano de la prensa nacional","description":"El Diario - Decano de la prensa nacional","publisher":{"@id":"https:\/\/www.eldiario.net\/portal\/#organization"},"potentialAction":[{"@type":"SearchAction","target":{"@type":"EntryPoint","urlTemplate":"https:\/\/www.eldiario.net\/portal\/?s={search_term_string}"},"query-input":{"@type":"PropertyValueSpecification","valueRequired":true,"valueName":"search_term_string"}}],"inLanguage":"es"},{"@type":"Organization","@id":"https:\/\/www.eldiario.net\/portal\/#organization","name":"El Diario - Decano de la prensa nacional","url":"https:\/\/www.eldiario.net\/portal\/","logo":{"@type":"ImageObject","inLanguage":"es","@id":"https:\/\/www.eldiario.net\/portal\/#\/schema\/logo\/image\/","url":"https:\/\/www.eldiario.net\/portal\/wp-content\/uploads\/2023\/07\/logo_ED.jpg","contentUrl":"https:\/\/www.eldiario.net\/portal\/wp-content\/uploads\/2023\/07\/logo_ED.jpg","width":272,"height":52,"caption":"El Diario - Decano de la prensa nacional"},"image":{"@id":"https:\/\/www.eldiario.net\/portal\/#\/schema\/logo\/image\/"},"sameAs":["https:\/\/www.facebook.com\/eldiario.bolivia\/","https:\/\/x.com\/eldiario_net"]},{"@type":"Person","@id":"https:\/\/www.eldiario.net\/portal\/#\/schema\/person\/f46445640444750d7d753ccd04ae01b7","name":"Jeanette","image":{"@type":"ImageObject","inLanguage":"es","@id":"https:\/\/secure.gravatar.com\/avatar\/3ea2118a5f7dad2b7138b1187a6b7ee55f160b9968b66013c3a3ef39dd7e5798?s=96&d=mm&r=g","url":"https:\/\/secure.gravatar.com\/avatar\/3ea2118a5f7dad2b7138b1187a6b7ee55f160b9968b66013c3a3ef39dd7e5798?s=96&d=mm&r=g","contentUrl":"https:\/\/secure.gravatar.com\/avatar\/3ea2118a5f7dad2b7138b1187a6b7ee55f160b9968b66013c3a3ef39dd7e5798?s=96&d=mm&r=g","caption":"Jeanette"},"sameAs":["https:\/\/www.eldiario.net\/portal"],"url":"https:\/\/www.eldiario.net\/portal\/author\/jeanette\/"}]}},"_links":{"self":[{"href":"https:\/\/www.eldiario.net\/portal\/wp-json\/wp\/v2\/posts\/160561","targetHints":{"allow":["GET"]}}],"collection":[{"href":"https:\/\/www.eldiario.net\/portal\/wp-json\/wp\/v2\/posts"}],"about":[{"href":"https:\/\/www.eldiario.net\/portal\/wp-json\/wp\/v2\/types\/post"}],"author":[{"embeddable":true,"href":"https:\/\/www.eldiario.net\/portal\/wp-json\/wp\/v2\/users\/1"}],"replies":[{"embeddable":true,"href":"https:\/\/www.eldiario.net\/portal\/wp-json\/wp\/v2\/comments?post=160561"}],"version-history":[{"count":0,"href":"https:\/\/www.eldiario.net\/portal\/wp-json\/wp\/v2\/posts\/160561\/revisions"}],"wp:featuredmedia":[{"embeddable":true,"href":"https:\/\/www.eldiario.net\/portal\/wp-json\/wp\/v2\/media\/160564"}],"wp:attachment":[{"href":"https:\/\/www.eldiario.net\/portal\/wp-json\/wp\/v2\/media?parent=160561"}],"wp:term":[{"taxonomy":"category","embeddable":true,"href":"https:\/\/www.eldiario.net\/portal\/wp-json\/wp\/v2\/categories?post=160561"},{"taxonomy":"post_tag","embeddable":true,"href":"https:\/\/www.eldiario.net\/portal\/wp-json\/wp\/v2\/tags?post=160561"}],"curies":[{"name":"wp","href":"https:\/\/api.w.org\/{rel}","templated":true}]}}