{"id":160558,"date":"2023-06-18T06:24:45","date_gmt":"2023-06-18T10:24:45","guid":{"rendered":"https:\/\/www.eldiario.net\/portal\/?p=160558"},"modified":"2023-06-18T06:24:45","modified_gmt":"2023-06-18T10:24:45","slug":"atractivos-turisticos-de-bolivia-impulsan-reactivacion-del-sector","status":"publish","type":"post","link":"https:\/\/www.eldiario.net\/portal\/2023\/06\/18\/atractivos-turisticos-de-bolivia-impulsan-reactivacion-del-sector\/","title":{"rendered":"Atractivos tur\u00edsticos de Bolivia impulsan reactivaci\u00f3n del sector"},"content":{"rendered":"<p>Las agencias de turismo sintieron el impacto de la pandemia, as\u00ed como toda la cadena, en el pa\u00eds, pero por el potencial de los atractivos nacionales y la confianza de visitantes extranjeros, as\u00ed como de nacionales, la recuperaci\u00f3n est\u00e1 en marcha, de acuerdo al director de Estropical, Eduardo Ach\u00e1, en la presentaci\u00f3n de su outlet de viajes.<br \/>\n\u00abHa sido dif\u00edcil levantarse, l\u00f3gicamente la pandemia ha dejado al rubro como el m\u00e1s golpeado de todos, porque ha sido viaje cero, todas las agencias y operadores viven de esto, ya sea de turistas que salen o que llegan al pa\u00eds. Ha sido muy duro, pero con el trabajo de todos y la confianza en los atractivos que tiene nuestro pa\u00eds est\u00e1n de a poco saliendo adelante. Es muy importante contar con el apoyo de otras entidades para que esto sea m\u00e1s r\u00e1pido, pero como rubro siempre hemos estado muy unidos. Creo que eso nos ha ayudado a superar tambi\u00e9n obst\u00e1culos\u00bb, asegur\u00f3.<br \/>\nAch\u00e1 invit\u00f3 a la poblaci\u00f3n pace\u00f1a a visitar el campo ferial Chuquiago Marka para ver las ofertas nacionales e internacionales. El Outlet empez\u00f3 el viernes y culmina hoy, la poblaci\u00f3n podr\u00e1 ver una variedad de ofertas.<br \/>\nInform\u00f3 que de muchos hoteles nacionales que se presentar\u00e1n en destinos como Tarija, Cochabamba, el Salar de Uyuni; y no descartan actividades cerca del Lago Tititcaca. Adicionalmente est\u00e1n muchos proveedores de afuera, del Caribe, Europa y Estados Unidos, para que puedan cotizar viajes no solo individuales sino en grupo y guiado, para que la gente que sale por primera vez no tenga ning\u00fan temor en viajar con un gu\u00eda que los acompa\u00f1ar\u00e1 en cada momento.<br \/>\nEl turista boliviano va en dos aspectos: perderle el miedo a salir, porque muchas veces est\u00e1 acostumbrado a solamente lo que conoce, pero cuando pierde el miedo y se lanza para afuera se da cuenta que hay cosas hermosas y accesibles; el otro es experimentar y darse cuenta que los viajes son de lo m\u00e1s maravilloso que existe en la vida.<\/p>\n","protected":false},"excerpt":{"rendered":"<p>Las agencias de turismo sintieron el impacto de la pandemia, as\u00ed como toda la cadena, en el pa\u00eds, pero por el potencial de los atractivos nacionales y la confianza de visitantes extranjeros, as\u00ed como de nacionales, la recuperaci\u00f3n est\u00e1 en marcha, de acuerdo al director de Estropical, Eduardo Ach\u00e1, en la presentaci\u00f3n de su outlet [&hellip;]<\/p>\n","protected":false},"author":1,"featured_media":160559,"comment_status":"closed","ping_status":"closed","sticky":false,"template":"","format":"standard","meta":{"_acf_changed":false,"footnotes":""},"categories":[7],"tags":[],"class_list":["post-160558","post","type-post","status-publish","format-standard","has-post-thumbnail","category-economia"],"acf":{"antetitulo":""},"yoast_head":"<!-- This site is optimized with the Yoast SEO plugin v28.3 - https:\/\/yoast.com\/product\/yoast-seo-wordpress\/ -->\n<title>Atractivos tur\u00edsticos de Bolivia impulsan reactivaci\u00f3n del sector - El Diario - Bolivia<\/title>\n<meta name=\"robots\" content=\"index, follow, max-snippet:-1, max-image-preview:large, max-video-preview:-1\" \/>\n<link rel=\"canonical\" href=\"https:\/\/www.eldiario.net\/portal\/2023\/06\/18\/atractivos-turisticos-de-bolivia-impulsan-reactivacion-del-sector\/\" \/>\n<meta property=\"og:locale\" content=\"es_ES\" \/>\n<meta property=\"og:type\" content=\"article\" \/>\n<meta property=\"og:title\" content=\"Atractivos tur\u00edsticos de Bolivia impulsan reactivaci\u00f3n del sector - El Diario - Bolivia\" \/>\n<meta property=\"og:description\" content=\"Las agencias de turismo sintieron el impacto de la pandemia, as\u00ed como toda la cadena, en el pa\u00eds, pero por el potencial de los atractivos nacionales y la confianza de visitantes extranjeros, as\u00ed como de nacionales, la recuperaci\u00f3n est\u00e1 en marcha, de acuerdo al director de Estropical, Eduardo Ach\u00e1, en la presentaci\u00f3n de su outlet [&hellip;]\" \/>\n<meta property=\"og:url\" content=\"https:\/\/www.eldiario.net\/portal\/2023\/06\/18\/atractivos-turisticos-de-bolivia-impulsan-reactivacion-del-sector\/\" \/>\n<meta property=\"og:site_name\" content=\"El Diario - Bolivia\" \/>\n<meta property=\"article:publisher\" content=\"https:\/\/www.facebook.com\/eldiario.bolivia\/\" \/>\n<meta property=\"article:published_time\" content=\"2023-06-18T10:24:45+00:00\" \/>\n<meta property=\"og:image\" content=\"https:\/\/www.eldiario.net\/portal\/wp-content\/uploads\/2023\/06\/viaje.jpg\" \/>\n\t<meta property=\"og:image:width\" content=\"1500\" \/>\n\t<meta property=\"og:image:height\" content=\"1000\" \/>\n\t<meta property=\"og:image:type\" content=\"image\/jpeg\" \/>\n<meta name=\"author\" content=\"Jeanette\" \/>\n<meta name=\"twitter:card\" content=\"summary_large_image\" \/>\n<meta name=\"twitter:creator\" content=\"@eldiario_net\" \/>\n<meta name=\"twitter:site\" content=\"@eldiario_net\" \/>\n<meta name=\"twitter:label1\" content=\"Escrito por\" \/>\n\t<meta name=\"twitter:data1\" content=\"Jeanette\" \/>\n\t<meta name=\"twitter:label2\" content=\"Tiempo de lectura\" \/>\n\t<meta name=\"twitter:data2\" content=\"2 minutos\" \/>\n<script type=\"application\/ld+json\" class=\"yoast-schema-graph\">{\"@context\":\"https:\\\/\\\/schema.org\",\"@graph\":[{\"@type\":\"Article\",\"@id\":\"https:\\\/\\\/www.eldiario.net\\\/portal\\\/2023\\\/06\\\/18\\\/atractivos-turisticos-de-bolivia-impulsan-reactivacion-del-sector\\\/#article\",\"isPartOf\":{\"@id\":\"https:\\\/\\\/www.eldiario.net\\\/portal\\\/2023\\\/06\\\/18\\\/atractivos-turisticos-de-bolivia-impulsan-reactivacion-del-sector\\\/\"},\"author\":{\"name\":\"Jeanette\",\"@id\":\"https:\\\/\\\/www.eldiario.net\\\/portal\\\/#\\\/schema\\\/person\\\/f46445640444750d7d753ccd04ae01b7\"},\"headline\":\"Atractivos tur\u00edsticos de Bolivia impulsan reactivaci\u00f3n del sector\",\"datePublished\":\"2023-06-18T10:24:45+00:00\",\"mainEntityOfPage\":{\"@id\":\"https:\\\/\\\/www.eldiario.net\\\/portal\\\/2023\\\/06\\\/18\\\/atractivos-turisticos-de-bolivia-impulsan-reactivacion-del-sector\\\/\"},\"wordCount\":363,\"publisher\":{\"@id\":\"https:\\\/\\\/www.eldiario.net\\\/portal\\\/#organization\"},\"image\":{\"@id\":\"https:\\\/\\\/www.eldiario.net\\\/portal\\\/2023\\\/06\\\/18\\\/atractivos-turisticos-de-bolivia-impulsan-reactivacion-del-sector\\\/#primaryimage\"},\"thumbnailUrl\":\"https:\\\/\\\/www.eldiario.net\\\/portal\\\/wp-content\\\/uploads\\\/2023\\\/06\\\/viaje.jpg\",\"articleSection\":[\"Econom\u00eda\"],\"inLanguage\":\"es\"},{\"@type\":\"WebPage\",\"@id\":\"https:\\\/\\\/www.eldiario.net\\\/portal\\\/2023\\\/06\\\/18\\\/atractivos-turisticos-de-bolivia-impulsan-reactivacion-del-sector\\\/\",\"url\":\"https:\\\/\\\/www.eldiario.net\\\/portal\\\/2023\\\/06\\\/18\\\/atractivos-turisticos-de-bolivia-impulsan-reactivacion-del-sector\\\/\",\"name\":\"Atractivos tur\u00edsticos de Bolivia impulsan reactivaci\u00f3n del sector - El Diario - Bolivia\",\"isPartOf\":{\"@id\":\"https:\\\/\\\/www.eldiario.net\\\/portal\\\/#website\"},\"primaryImageOfPage\":{\"@id\":\"https:\\\/\\\/www.eldiario.net\\\/portal\\\/2023\\\/06\\\/18\\\/atractivos-turisticos-de-bolivia-impulsan-reactivacion-del-sector\\\/#primaryimage\"},\"image\":{\"@id\":\"https:\\\/\\\/www.eldiario.net\\\/portal\\\/2023\\\/06\\\/18\\\/atractivos-turisticos-de-bolivia-impulsan-reactivacion-del-sector\\\/#primaryimage\"},\"thumbnailUrl\":\"https:\\\/\\\/www.eldiario.net\\\/portal\\\/wp-content\\\/uploads\\\/2023\\\/06\\\/viaje.jpg\",\"datePublished\":\"2023-06-18T10:24:45+00:00\",\"breadcrumb\":{\"@id\":\"https:\\\/\\\/www.eldiario.net\\\/portal\\\/2023\\\/06\\\/18\\\/atractivos-turisticos-de-bolivia-impulsan-reactivacion-del-sector\\\/#breadcrumb\"},\"inLanguage\":\"es\",\"potentialAction\":[{\"@type\":\"ReadAction\",\"target\":[\"https:\\\/\\\/www.eldiario.net\\\/portal\\\/2023\\\/06\\\/18\\\/atractivos-turisticos-de-bolivia-impulsan-reactivacion-del-sector\\\/\"]}]},{\"@type\":\"ImageObject\",\"inLanguage\":\"es\",\"@id\":\"https:\\\/\\\/www.eldiario.net\\\/portal\\\/2023\\\/06\\\/18\\\/atractivos-turisticos-de-bolivia-impulsan-reactivacion-del-sector\\\/#primaryimage\",\"url\":\"https:\\\/\\\/www.eldiario.net\\\/portal\\\/wp-content\\\/uploads\\\/2023\\\/06\\\/viaje.jpg\",\"contentUrl\":\"https:\\\/\\\/www.eldiario.net\\\/portal\\\/wp-content\\\/uploads\\\/2023\\\/06\\\/viaje.jpg\",\"width\":1500,\"height\":1000,\"caption\":\"Director de Estropical, Eduardo Ach\u00e1.\"},{\"@type\":\"BreadcrumbList\",\"@id\":\"https:\\\/\\\/www.eldiario.net\\\/portal\\\/2023\\\/06\\\/18\\\/atractivos-turisticos-de-bolivia-impulsan-reactivacion-del-sector\\\/#breadcrumb\",\"itemListElement\":[{\"@type\":\"ListItem\",\"position\":1,\"name\":\"Portada\",\"item\":\"https:\\\/\\\/www.eldiario.net\\\/portal\\\/\"},{\"@type\":\"ListItem\",\"position\":2,\"name\":\"Atractivos tur\u00edsticos de Bolivia impulsan reactivaci\u00f3n del sector\"}]},{\"@type\":\"WebSite\",\"@id\":\"https:\\\/\\\/www.eldiario.net\\\/portal\\\/#website\",\"url\":\"https:\\\/\\\/www.eldiario.net\\\/portal\\\/\",\"name\":\"El Diario - Decano de la prensa nacional\",\"description\":\"El Diario - Decano de la prensa nacional\",\"publisher\":{\"@id\":\"https:\\\/\\\/www.eldiario.net\\\/portal\\\/#organization\"},\"potentialAction\":[{\"@type\":\"SearchAction\",\"target\":{\"@type\":\"EntryPoint\",\"urlTemplate\":\"https:\\\/\\\/www.eldiario.net\\\/portal\\\/?s={search_term_string}\"},\"query-input\":{\"@type\":\"PropertyValueSpecification\",\"valueRequired\":true,\"valueName\":\"search_term_string\"}}],\"inLanguage\":\"es\"},{\"@type\":\"Organization\",\"@id\":\"https:\\\/\\\/www.eldiario.net\\\/portal\\\/#organization\",\"name\":\"El Diario - Decano de la prensa nacional\",\"url\":\"https:\\\/\\\/www.eldiario.net\\\/portal\\\/\",\"logo\":{\"@type\":\"ImageObject\",\"inLanguage\":\"es\",\"@id\":\"https:\\\/\\\/www.eldiario.net\\\/portal\\\/#\\\/schema\\\/logo\\\/image\\\/\",\"url\":\"https:\\\/\\\/www.eldiario.net\\\/portal\\\/wp-content\\\/uploads\\\/2023\\\/07\\\/logo_ED.jpg\",\"contentUrl\":\"https:\\\/\\\/www.eldiario.net\\\/portal\\\/wp-content\\\/uploads\\\/2023\\\/07\\\/logo_ED.jpg\",\"width\":272,\"height\":52,\"caption\":\"El Diario - Decano de la prensa nacional\"},\"image\":{\"@id\":\"https:\\\/\\\/www.eldiario.net\\\/portal\\\/#\\\/schema\\\/logo\\\/image\\\/\"},\"sameAs\":[\"https:\\\/\\\/www.facebook.com\\\/eldiario.bolivia\\\/\",\"https:\\\/\\\/x.com\\\/eldiario_net\"]},{\"@type\":\"Person\",\"@id\":\"https:\\\/\\\/www.eldiario.net\\\/portal\\\/#\\\/schema\\\/person\\\/f46445640444750d7d753ccd04ae01b7\",\"name\":\"Jeanette\",\"image\":{\"@type\":\"ImageObject\",\"inLanguage\":\"es\",\"@id\":\"https:\\\/\\\/secure.gravatar.com\\\/avatar\\\/3ea2118a5f7dad2b7138b1187a6b7ee55f160b9968b66013c3a3ef39dd7e5798?s=96&d=mm&r=g\",\"url\":\"https:\\\/\\\/secure.gravatar.com\\\/avatar\\\/3ea2118a5f7dad2b7138b1187a6b7ee55f160b9968b66013c3a3ef39dd7e5798?s=96&d=mm&r=g\",\"contentUrl\":\"https:\\\/\\\/secure.gravatar.com\\\/avatar\\\/3ea2118a5f7dad2b7138b1187a6b7ee55f160b9968b66013c3a3ef39dd7e5798?s=96&d=mm&r=g\",\"caption\":\"Jeanette\"},\"sameAs\":[\"https:\\\/\\\/www.eldiario.net\\\/portal\"],\"url\":\"https:\\\/\\\/www.eldiario.net\\\/portal\\\/author\\\/jeanette\\\/\"}]}<\/script>\n<!-- \/ Yoast SEO plugin. -->","yoast_head_json":{"title":"Atractivos tur\u00edsticos de Bolivia impulsan reactivaci\u00f3n del sector - El Diario - Bolivia","robots":{"index":"index","follow":"follow","max-snippet":"max-snippet:-1","max-image-preview":"max-image-preview:large","max-video-preview":"max-video-preview:-1"},"canonical":"https:\/\/www.eldiario.net\/portal\/2023\/06\/18\/atractivos-turisticos-de-bolivia-impulsan-reactivacion-del-sector\/","og_locale":"es_ES","og_type":"article","og_title":"Atractivos tur\u00edsticos de Bolivia impulsan reactivaci\u00f3n del sector - El Diario - Bolivia","og_description":"Las agencias de turismo sintieron el impacto de la pandemia, as\u00ed como toda la cadena, en el pa\u00eds, pero por el potencial de los atractivos nacionales y la confianza de visitantes extranjeros, as\u00ed como de nacionales, la recuperaci\u00f3n est\u00e1 en marcha, de acuerdo al director de Estropical, Eduardo Ach\u00e1, en la presentaci\u00f3n de su outlet [&hellip;]","og_url":"https:\/\/www.eldiario.net\/portal\/2023\/06\/18\/atractivos-turisticos-de-bolivia-impulsan-reactivacion-del-sector\/","og_site_name":"El Diario - Bolivia","article_publisher":"https:\/\/www.facebook.com\/eldiario.bolivia\/","article_published_time":"2023-06-18T10:24:45+00:00","og_image":[{"width":1500,"height":1000,"url":"https:\/\/www.eldiario.net\/portal\/wp-content\/uploads\/2023\/06\/viaje.jpg","type":"image\/jpeg"}],"author":"Jeanette","twitter_card":"summary_large_image","twitter_creator":"@eldiario_net","twitter_site":"@eldiario_net","twitter_misc":{"Escrito por":"Jeanette","Tiempo de lectura":"2 minutos"},"schema":{"@context":"https:\/\/schema.org","@graph":[{"@type":"Article","@id":"https:\/\/www.eldiario.net\/portal\/2023\/06\/18\/atractivos-turisticos-de-bolivia-impulsan-reactivacion-del-sector\/#article","isPartOf":{"@id":"https:\/\/www.eldiario.net\/portal\/2023\/06\/18\/atractivos-turisticos-de-bolivia-impulsan-reactivacion-del-sector\/"},"author":{"name":"Jeanette","@id":"https:\/\/www.eldiario.net\/portal\/#\/schema\/person\/f46445640444750d7d753ccd04ae01b7"},"headline":"Atractivos tur\u00edsticos de Bolivia impulsan reactivaci\u00f3n del sector","datePublished":"2023-06-18T10:24:45+00:00","mainEntityOfPage":{"@id":"https:\/\/www.eldiario.net\/portal\/2023\/06\/18\/atractivos-turisticos-de-bolivia-impulsan-reactivacion-del-sector\/"},"wordCount":363,"publisher":{"@id":"https:\/\/www.eldiario.net\/portal\/#organization"},"image":{"@id":"https:\/\/www.eldiario.net\/portal\/2023\/06\/18\/atractivos-turisticos-de-bolivia-impulsan-reactivacion-del-sector\/#primaryimage"},"thumbnailUrl":"https:\/\/www.eldiario.net\/portal\/wp-content\/uploads\/2023\/06\/viaje.jpg","articleSection":["Econom\u00eda"],"inLanguage":"es"},{"@type":"WebPage","@id":"https:\/\/www.eldiario.net\/portal\/2023\/06\/18\/atractivos-turisticos-de-bolivia-impulsan-reactivacion-del-sector\/","url":"https:\/\/www.eldiario.net\/portal\/2023\/06\/18\/atractivos-turisticos-de-bolivia-impulsan-reactivacion-del-sector\/","name":"Atractivos tur\u00edsticos de Bolivia impulsan reactivaci\u00f3n del sector - El Diario - Bolivia","isPartOf":{"@id":"https:\/\/www.eldiario.net\/portal\/#website"},"primaryImageOfPage":{"@id":"https:\/\/www.eldiario.net\/portal\/2023\/06\/18\/atractivos-turisticos-de-bolivia-impulsan-reactivacion-del-sector\/#primaryimage"},"image":{"@id":"https:\/\/www.eldiario.net\/portal\/2023\/06\/18\/atractivos-turisticos-de-bolivia-impulsan-reactivacion-del-sector\/#primaryimage"},"thumbnailUrl":"https:\/\/www.eldiario.net\/portal\/wp-content\/uploads\/2023\/06\/viaje.jpg","datePublished":"2023-06-18T10:24:45+00:00","breadcrumb":{"@id":"https:\/\/www.eldiario.net\/portal\/2023\/06\/18\/atractivos-turisticos-de-bolivia-impulsan-reactivacion-del-sector\/#breadcrumb"},"inLanguage":"es","potentialAction":[{"@type":"ReadAction","target":["https:\/\/www.eldiario.net\/portal\/2023\/06\/18\/atractivos-turisticos-de-bolivia-impulsan-reactivacion-del-sector\/"]}]},{"@type":"ImageObject","inLanguage":"es","@id":"https:\/\/www.eldiario.net\/portal\/2023\/06\/18\/atractivos-turisticos-de-bolivia-impulsan-reactivacion-del-sector\/#primaryimage","url":"https:\/\/www.eldiario.net\/portal\/wp-content\/uploads\/2023\/06\/viaje.jpg","contentUrl":"https:\/\/www.eldiario.net\/portal\/wp-content\/uploads\/2023\/06\/viaje.jpg","width":1500,"height":1000,"caption":"Director de Estropical, Eduardo Ach\u00e1."},{"@type":"BreadcrumbList","@id":"https:\/\/www.eldiario.net\/portal\/2023\/06\/18\/atractivos-turisticos-de-bolivia-impulsan-reactivacion-del-sector\/#breadcrumb","itemListElement":[{"@type":"ListItem","position":1,"name":"Portada","item":"https:\/\/www.eldiario.net\/portal\/"},{"@type":"ListItem","position":2,"name":"Atractivos tur\u00edsticos de Bolivia impulsan reactivaci\u00f3n del sector"}]},{"@type":"WebSite","@id":"https:\/\/www.eldiario.net\/portal\/#website","url":"https:\/\/www.eldiario.net\/portal\/","name":"El Diario - Decano de la prensa nacional","description":"El Diario - Decano de la prensa nacional","publisher":{"@id":"https:\/\/www.eldiario.net\/portal\/#organization"},"potentialAction":[{"@type":"SearchAction","target":{"@type":"EntryPoint","urlTemplate":"https:\/\/www.eldiario.net\/portal\/?s={search_term_string}"},"query-input":{"@type":"PropertyValueSpecification","valueRequired":true,"valueName":"search_term_string"}}],"inLanguage":"es"},{"@type":"Organization","@id":"https:\/\/www.eldiario.net\/portal\/#organization","name":"El Diario - Decano de la prensa nacional","url":"https:\/\/www.eldiario.net\/portal\/","logo":{"@type":"ImageObject","inLanguage":"es","@id":"https:\/\/www.eldiario.net\/portal\/#\/schema\/logo\/image\/","url":"https:\/\/www.eldiario.net\/portal\/wp-content\/uploads\/2023\/07\/logo_ED.jpg","contentUrl":"https:\/\/www.eldiario.net\/portal\/wp-content\/uploads\/2023\/07\/logo_ED.jpg","width":272,"height":52,"caption":"El Diario - Decano de la prensa nacional"},"image":{"@id":"https:\/\/www.eldiario.net\/portal\/#\/schema\/logo\/image\/"},"sameAs":["https:\/\/www.facebook.com\/eldiario.bolivia\/","https:\/\/x.com\/eldiario_net"]},{"@type":"Person","@id":"https:\/\/www.eldiario.net\/portal\/#\/schema\/person\/f46445640444750d7d753ccd04ae01b7","name":"Jeanette","image":{"@type":"ImageObject","inLanguage":"es","@id":"https:\/\/secure.gravatar.com\/avatar\/3ea2118a5f7dad2b7138b1187a6b7ee55f160b9968b66013c3a3ef39dd7e5798?s=96&d=mm&r=g","url":"https:\/\/secure.gravatar.com\/avatar\/3ea2118a5f7dad2b7138b1187a6b7ee55f160b9968b66013c3a3ef39dd7e5798?s=96&d=mm&r=g","contentUrl":"https:\/\/secure.gravatar.com\/avatar\/3ea2118a5f7dad2b7138b1187a6b7ee55f160b9968b66013c3a3ef39dd7e5798?s=96&d=mm&r=g","caption":"Jeanette"},"sameAs":["https:\/\/www.eldiario.net\/portal"],"url":"https:\/\/www.eldiario.net\/portal\/author\/jeanette\/"}]}},"_links":{"self":[{"href":"https:\/\/www.eldiario.net\/portal\/wp-json\/wp\/v2\/posts\/160558","targetHints":{"allow":["GET"]}}],"collection":[{"href":"https:\/\/www.eldiario.net\/portal\/wp-json\/wp\/v2\/posts"}],"about":[{"href":"https:\/\/www.eldiario.net\/portal\/wp-json\/wp\/v2\/types\/post"}],"author":[{"embeddable":true,"href":"https:\/\/www.eldiario.net\/portal\/wp-json\/wp\/v2\/users\/1"}],"replies":[{"embeddable":true,"href":"https:\/\/www.eldiario.net\/portal\/wp-json\/wp\/v2\/comments?post=160558"}],"version-history":[{"count":0,"href":"https:\/\/www.eldiario.net\/portal\/wp-json\/wp\/v2\/posts\/160558\/revisions"}],"wp:featuredmedia":[{"embeddable":true,"href":"https:\/\/www.eldiario.net\/portal\/wp-json\/wp\/v2\/media\/160559"}],"wp:attachment":[{"href":"https:\/\/www.eldiario.net\/portal\/wp-json\/wp\/v2\/media?parent=160558"}],"wp:term":[{"taxonomy":"category","embeddable":true,"href":"https:\/\/www.eldiario.net\/portal\/wp-json\/wp\/v2\/categories?post=160558"},{"taxonomy":"post_tag","embeddable":true,"href":"https:\/\/www.eldiario.net\/portal\/wp-json\/wp\/v2\/tags?post=160558"}],"curies":[{"name":"wp","href":"https:\/\/api.w.org\/{rel}","templated":true}]}}