{"id":160555,"date":"2023-06-18T06:24:05","date_gmt":"2023-06-18T10:24:05","guid":{"rendered":"https:\/\/www.eldiario.net\/portal\/?p=160555"},"modified":"2023-06-18T06:24:05","modified_gmt":"2023-06-18T10:24:05","slug":"interventor-y-extrabajadores-de-banco-fassil-firman-convenio-para-pago-de-beneficios-sociales","status":"publish","type":"post","link":"https:\/\/www.eldiario.net\/portal\/2023\/06\/18\/interventor-y-extrabajadores-de-banco-fassil-firman-convenio-para-pago-de-beneficios-sociales\/","title":{"rendered":"Interventor y extrabajadores de Banco Fassil firman convenio para pago de beneficios sociales"},"content":{"rendered":"<p>Tras el impase registrado entre el Interventor del Banco Fassil S.A. en Intervenci\u00f3n, Luis Gonzalo Araoz Lea\u00f1o y los representantes de los extrabajadores de esta entidad, firmaron un convenio para el pago de beneficios sociales en cuotas que empezar\u00e1n a efectivizarse, a partir del pr\u00f3ximo jueves 22 de junio.<br \/>\nLuego de sostener varias reuniones Araoz y los representantes consensuaron en este convenio que se realizar\u00e1n las liquidaciones conforme a lo establecido por Ley, asimismo, a partir del jueves 22 de junio, se priorizar\u00e1 el pago \u00fanico a la poblaci\u00f3n m\u00e1s vulnerable de extrabajadores cuya liquidaci\u00f3n llegue hasta 21.000 bolivianos con el pago total de sus beneficios sociales.<br \/>\n\u201cDefinitivamente hemos hecho un gran esfuerzo del Banco Fassil S.A. en Intervenci\u00f3n para poder garantizar el pago efectivo de los beneficios sociales absolutamente a todos los trabajadores, en montos apegados estrictamente la norma vamos\u201d, se\u00f1al\u00f3 Araoz.<br \/>\nOtro de los acuerdos a los que se arribaron es que se realizar\u00e1 un primer pago en partes proporcionales entre todos los trabajadores que tengan liquidaciones superiores a 21.000 bolivianos a partir del 26 de junio y el restante en cuatro cuotas mensuales.<br \/>\nAsimismo, se determin\u00f3 que los representantes de los extrabajadores realizar\u00e1n un acompa\u00f1amiento y apoyo en el proceso de venta de los inmuebles de propiedad de esta entidad financiera intervenida, esto con el objetivo de amortizar la deuda en menor tiempo en caso de obtener mayor liquidez.<br \/>\n\u201cA partir del d\u00eda 26 de junio vamos a empezar a liquidar en los pagos por beneficios e indemnizaciones, esto porque de ac\u00e1 en adelante hay un trabajo administrativo que ellos han comprendido y entienden porque han trabajado en el Banco Fassil y saben que hay un procedimiento administrativo pesado, porque debemos generar informaci\u00f3n para 4.500 liquidaciones y 4.500 cartas de desvinculaci\u00f3n\u201d, reiter\u00f3 Araoz.<br \/>\nLa Autoridad precis\u00f3 tambi\u00e9n que las renuncias realizadas despu\u00e9s del 31 de mayo quedar\u00e1n sin efecto y este grupo de exfuncionarios recibir\u00e1n sus beneficios sociales.<br \/>\nDijo que como en toda entidad, hay trabajadores que tienen una remuneraci\u00f3n alta y otra baja, y por acuerdo con los dirigentes, se dispuso que primero unos 700 trabajadores con salarios bajos recibir\u00e1n sus beneficios de manera inmediata, es decir, en el transcurso de la siguiente semana.<br \/>\nEl resto del personal recibir\u00e1 sus beneficios en cuatro cuotas. La primera cuota se har\u00e1 efectiva hasta antes de fin de mes y ser\u00e1 equivalente a 35 d\u00edas trabajados, manifest\u00f3.<br \/>\n\u201cHe pedido a los dirigentes que me den unos cuatro d\u00edas m\u00e1s para empezar el pago a partir del lunes 22. A las personas con capacidades diferentes se les va a pagar todo y para que no queden sin trabajo, vamos a intentar vincularlos a otras empresas\u201d, manifest\u00f3.<br \/>\nIndic\u00f3 que de esa manera se garantiza la estabilidad m\u00ednima en el ingreso econ\u00f3mico de los afectados en la idea de concluir todo el pago en el mes de octubre.<\/p>\n","protected":false},"excerpt":{"rendered":"<p>Tras el impase registrado entre el Interventor del Banco Fassil S.A. en Intervenci\u00f3n, Luis Gonzalo Araoz Lea\u00f1o y los representantes de los extrabajadores de esta entidad, firmaron un convenio para el pago de beneficios sociales en cuotas que empezar\u00e1n a efectivizarse, a partir del pr\u00f3ximo jueves 22 de junio. Luego de sostener varias reuniones Araoz [&hellip;]<\/p>\n","protected":false},"author":1,"featured_media":160556,"comment_status":"closed","ping_status":"closed","sticky":false,"template":"","format":"standard","meta":{"_acf_changed":false,"footnotes":""},"categories":[7],"tags":[],"class_list":["post-160555","post","type-post","status-publish","format-standard","has-post-thumbnail","category-economia"],"acf":{"antetitulo":""},"yoast_head":"<!-- This site is optimized with the Yoast SEO plugin v28.3 - https:\/\/yoast.com\/product\/yoast-seo-wordpress\/ -->\n<title>Interventor y extrabajadores de Banco Fassil firman convenio para pago de beneficios sociales - El Diario - Bolivia<\/title>\n<meta name=\"robots\" content=\"index, follow, max-snippet:-1, max-image-preview:large, max-video-preview:-1\" \/>\n<link rel=\"canonical\" href=\"https:\/\/www.eldiario.net\/portal\/2023\/06\/18\/interventor-y-extrabajadores-de-banco-fassil-firman-convenio-para-pago-de-beneficios-sociales\/\" \/>\n<meta property=\"og:locale\" content=\"es_ES\" \/>\n<meta property=\"og:type\" content=\"article\" \/>\n<meta property=\"og:title\" content=\"Interventor y extrabajadores de Banco Fassil firman convenio para pago de beneficios sociales - El Diario - Bolivia\" \/>\n<meta property=\"og:description\" content=\"Tras el impase registrado entre el Interventor del Banco Fassil S.A. en Intervenci\u00f3n, Luis Gonzalo Araoz Lea\u00f1o y los representantes de los extrabajadores de esta entidad, firmaron un convenio para el pago de beneficios sociales en cuotas que empezar\u00e1n a efectivizarse, a partir del pr\u00f3ximo jueves 22 de junio. Luego de sostener varias reuniones Araoz [&hellip;]\" \/>\n<meta property=\"og:url\" content=\"https:\/\/www.eldiario.net\/portal\/2023\/06\/18\/interventor-y-extrabajadores-de-banco-fassil-firman-convenio-para-pago-de-beneficios-sociales\/\" \/>\n<meta property=\"og:site_name\" content=\"El Diario - Bolivia\" \/>\n<meta property=\"article:publisher\" content=\"https:\/\/www.facebook.com\/eldiario.bolivia\/\" \/>\n<meta property=\"article:published_time\" content=\"2023-06-18T10:24:05+00:00\" \/>\n<meta property=\"og:image\" content=\"https:\/\/www.eldiario.net\/portal\/wp-content\/uploads\/2023\/06\/fassil-1.jpg\" \/>\n\t<meta property=\"og:image:width\" content=\"700\" \/>\n\t<meta property=\"og:image:height\" content=\"450\" \/>\n\t<meta property=\"og:image:type\" content=\"image\/jpeg\" \/>\n<meta name=\"author\" content=\"Jeanette\" \/>\n<meta name=\"twitter:card\" content=\"summary_large_image\" \/>\n<meta name=\"twitter:creator\" content=\"@eldiario_net\" \/>\n<meta name=\"twitter:site\" content=\"@eldiario_net\" \/>\n<meta name=\"twitter:label1\" content=\"Escrito por\" \/>\n\t<meta name=\"twitter:data1\" content=\"Jeanette\" \/>\n\t<meta name=\"twitter:label2\" content=\"Tiempo de lectura\" \/>\n\t<meta name=\"twitter:data2\" content=\"3 minutos\" \/>\n<script type=\"application\/ld+json\" class=\"yoast-schema-graph\">{\"@context\":\"https:\\\/\\\/schema.org\",\"@graph\":[{\"@type\":\"Article\",\"@id\":\"https:\\\/\\\/www.eldiario.net\\\/portal\\\/2023\\\/06\\\/18\\\/interventor-y-extrabajadores-de-banco-fassil-firman-convenio-para-pago-de-beneficios-sociales\\\/#article\",\"isPartOf\":{\"@id\":\"https:\\\/\\\/www.eldiario.net\\\/portal\\\/2023\\\/06\\\/18\\\/interventor-y-extrabajadores-de-banco-fassil-firman-convenio-para-pago-de-beneficios-sociales\\\/\"},\"author\":{\"name\":\"Jeanette\",\"@id\":\"https:\\\/\\\/www.eldiario.net\\\/portal\\\/#\\\/schema\\\/person\\\/f46445640444750d7d753ccd04ae01b7\"},\"headline\":\"Interventor y extrabajadores de Banco Fassil firman convenio para pago de beneficios sociales\",\"datePublished\":\"2023-06-18T10:24:05+00:00\",\"mainEntityOfPage\":{\"@id\":\"https:\\\/\\\/www.eldiario.net\\\/portal\\\/2023\\\/06\\\/18\\\/interventor-y-extrabajadores-de-banco-fassil-firman-convenio-para-pago-de-beneficios-sociales\\\/\"},\"wordCount\":505,\"publisher\":{\"@id\":\"https:\\\/\\\/www.eldiario.net\\\/portal\\\/#organization\"},\"image\":{\"@id\":\"https:\\\/\\\/www.eldiario.net\\\/portal\\\/2023\\\/06\\\/18\\\/interventor-y-extrabajadores-de-banco-fassil-firman-convenio-para-pago-de-beneficios-sociales\\\/#primaryimage\"},\"thumbnailUrl\":\"https:\\\/\\\/www.eldiario.net\\\/portal\\\/wp-content\\\/uploads\\\/2023\\\/06\\\/fassil-1.jpg\",\"articleSection\":[\"Econom\u00eda\"],\"inLanguage\":\"es\"},{\"@type\":\"WebPage\",\"@id\":\"https:\\\/\\\/www.eldiario.net\\\/portal\\\/2023\\\/06\\\/18\\\/interventor-y-extrabajadores-de-banco-fassil-firman-convenio-para-pago-de-beneficios-sociales\\\/\",\"url\":\"https:\\\/\\\/www.eldiario.net\\\/portal\\\/2023\\\/06\\\/18\\\/interventor-y-extrabajadores-de-banco-fassil-firman-convenio-para-pago-de-beneficios-sociales\\\/\",\"name\":\"Interventor y extrabajadores de Banco Fassil firman convenio para pago de beneficios sociales - El Diario - Bolivia\",\"isPartOf\":{\"@id\":\"https:\\\/\\\/www.eldiario.net\\\/portal\\\/#website\"},\"primaryImageOfPage\":{\"@id\":\"https:\\\/\\\/www.eldiario.net\\\/portal\\\/2023\\\/06\\\/18\\\/interventor-y-extrabajadores-de-banco-fassil-firman-convenio-para-pago-de-beneficios-sociales\\\/#primaryimage\"},\"image\":{\"@id\":\"https:\\\/\\\/www.eldiario.net\\\/portal\\\/2023\\\/06\\\/18\\\/interventor-y-extrabajadores-de-banco-fassil-firman-convenio-para-pago-de-beneficios-sociales\\\/#primaryimage\"},\"thumbnailUrl\":\"https:\\\/\\\/www.eldiario.net\\\/portal\\\/wp-content\\\/uploads\\\/2023\\\/06\\\/fassil-1.jpg\",\"datePublished\":\"2023-06-18T10:24:05+00:00\",\"breadcrumb\":{\"@id\":\"https:\\\/\\\/www.eldiario.net\\\/portal\\\/2023\\\/06\\\/18\\\/interventor-y-extrabajadores-de-banco-fassil-firman-convenio-para-pago-de-beneficios-sociales\\\/#breadcrumb\"},\"inLanguage\":\"es\",\"potentialAction\":[{\"@type\":\"ReadAction\",\"target\":[\"https:\\\/\\\/www.eldiario.net\\\/portal\\\/2023\\\/06\\\/18\\\/interventor-y-extrabajadores-de-banco-fassil-firman-convenio-para-pago-de-beneficios-sociales\\\/\"]}]},{\"@type\":\"ImageObject\",\"inLanguage\":\"es\",\"@id\":\"https:\\\/\\\/www.eldiario.net\\\/portal\\\/2023\\\/06\\\/18\\\/interventor-y-extrabajadores-de-banco-fassil-firman-convenio-para-pago-de-beneficios-sociales\\\/#primaryimage\",\"url\":\"https:\\\/\\\/www.eldiario.net\\\/portal\\\/wp-content\\\/uploads\\\/2023\\\/06\\\/fassil-1.jpg\",\"contentUrl\":\"https:\\\/\\\/www.eldiario.net\\\/portal\\\/wp-content\\\/uploads\\\/2023\\\/06\\\/fassil-1.jpg\",\"width\":700,\"height\":450,\"caption\":\"Conferencia de prensa de interventor y extrabajadores de fassil en liquidaci\u00f3n.\"},{\"@type\":\"BreadcrumbList\",\"@id\":\"https:\\\/\\\/www.eldiario.net\\\/portal\\\/2023\\\/06\\\/18\\\/interventor-y-extrabajadores-de-banco-fassil-firman-convenio-para-pago-de-beneficios-sociales\\\/#breadcrumb\",\"itemListElement\":[{\"@type\":\"ListItem\",\"position\":1,\"name\":\"Portada\",\"item\":\"https:\\\/\\\/www.eldiario.net\\\/portal\\\/\"},{\"@type\":\"ListItem\",\"position\":2,\"name\":\"Interventor y extrabajadores de Banco Fassil firman convenio para pago de beneficios sociales\"}]},{\"@type\":\"WebSite\",\"@id\":\"https:\\\/\\\/www.eldiario.net\\\/portal\\\/#website\",\"url\":\"https:\\\/\\\/www.eldiario.net\\\/portal\\\/\",\"name\":\"El Diario - Decano de la prensa nacional\",\"description\":\"El Diario - Decano de la prensa nacional\",\"publisher\":{\"@id\":\"https:\\\/\\\/www.eldiario.net\\\/portal\\\/#organization\"},\"potentialAction\":[{\"@type\":\"SearchAction\",\"target\":{\"@type\":\"EntryPoint\",\"urlTemplate\":\"https:\\\/\\\/www.eldiario.net\\\/portal\\\/?s={search_term_string}\"},\"query-input\":{\"@type\":\"PropertyValueSpecification\",\"valueRequired\":true,\"valueName\":\"search_term_string\"}}],\"inLanguage\":\"es\"},{\"@type\":\"Organization\",\"@id\":\"https:\\\/\\\/www.eldiario.net\\\/portal\\\/#organization\",\"name\":\"El Diario - Decano de la prensa nacional\",\"url\":\"https:\\\/\\\/www.eldiario.net\\\/portal\\\/\",\"logo\":{\"@type\":\"ImageObject\",\"inLanguage\":\"es\",\"@id\":\"https:\\\/\\\/www.eldiario.net\\\/portal\\\/#\\\/schema\\\/logo\\\/image\\\/\",\"url\":\"https:\\\/\\\/www.eldiario.net\\\/portal\\\/wp-content\\\/uploads\\\/2023\\\/07\\\/logo_ED.jpg\",\"contentUrl\":\"https:\\\/\\\/www.eldiario.net\\\/portal\\\/wp-content\\\/uploads\\\/2023\\\/07\\\/logo_ED.jpg\",\"width\":272,\"height\":52,\"caption\":\"El Diario - Decano de la prensa nacional\"},\"image\":{\"@id\":\"https:\\\/\\\/www.eldiario.net\\\/portal\\\/#\\\/schema\\\/logo\\\/image\\\/\"},\"sameAs\":[\"https:\\\/\\\/www.facebook.com\\\/eldiario.bolivia\\\/\",\"https:\\\/\\\/x.com\\\/eldiario_net\"]},{\"@type\":\"Person\",\"@id\":\"https:\\\/\\\/www.eldiario.net\\\/portal\\\/#\\\/schema\\\/person\\\/f46445640444750d7d753ccd04ae01b7\",\"name\":\"Jeanette\",\"image\":{\"@type\":\"ImageObject\",\"inLanguage\":\"es\",\"@id\":\"https:\\\/\\\/secure.gravatar.com\\\/avatar\\\/3ea2118a5f7dad2b7138b1187a6b7ee55f160b9968b66013c3a3ef39dd7e5798?s=96&d=mm&r=g\",\"url\":\"https:\\\/\\\/secure.gravatar.com\\\/avatar\\\/3ea2118a5f7dad2b7138b1187a6b7ee55f160b9968b66013c3a3ef39dd7e5798?s=96&d=mm&r=g\",\"contentUrl\":\"https:\\\/\\\/secure.gravatar.com\\\/avatar\\\/3ea2118a5f7dad2b7138b1187a6b7ee55f160b9968b66013c3a3ef39dd7e5798?s=96&d=mm&r=g\",\"caption\":\"Jeanette\"},\"sameAs\":[\"https:\\\/\\\/www.eldiario.net\\\/portal\"],\"url\":\"https:\\\/\\\/www.eldiario.net\\\/portal\\\/author\\\/jeanette\\\/\"}]}<\/script>\n<!-- \/ Yoast SEO plugin. -->","yoast_head_json":{"title":"Interventor y extrabajadores de Banco Fassil firman convenio para pago de beneficios sociales - El Diario - Bolivia","robots":{"index":"index","follow":"follow","max-snippet":"max-snippet:-1","max-image-preview":"max-image-preview:large","max-video-preview":"max-video-preview:-1"},"canonical":"https:\/\/www.eldiario.net\/portal\/2023\/06\/18\/interventor-y-extrabajadores-de-banco-fassil-firman-convenio-para-pago-de-beneficios-sociales\/","og_locale":"es_ES","og_type":"article","og_title":"Interventor y extrabajadores de Banco Fassil firman convenio para pago de beneficios sociales - El Diario - Bolivia","og_description":"Tras el impase registrado entre el Interventor del Banco Fassil S.A. en Intervenci\u00f3n, Luis Gonzalo Araoz Lea\u00f1o y los representantes de los extrabajadores de esta entidad, firmaron un convenio para el pago de beneficios sociales en cuotas que empezar\u00e1n a efectivizarse, a partir del pr\u00f3ximo jueves 22 de junio. Luego de sostener varias reuniones Araoz [&hellip;]","og_url":"https:\/\/www.eldiario.net\/portal\/2023\/06\/18\/interventor-y-extrabajadores-de-banco-fassil-firman-convenio-para-pago-de-beneficios-sociales\/","og_site_name":"El Diario - Bolivia","article_publisher":"https:\/\/www.facebook.com\/eldiario.bolivia\/","article_published_time":"2023-06-18T10:24:05+00:00","og_image":[{"width":700,"height":450,"url":"https:\/\/www.eldiario.net\/portal\/wp-content\/uploads\/2023\/06\/fassil-1.jpg","type":"image\/jpeg"}],"author":"Jeanette","twitter_card":"summary_large_image","twitter_creator":"@eldiario_net","twitter_site":"@eldiario_net","twitter_misc":{"Escrito por":"Jeanette","Tiempo de lectura":"3 minutos"},"schema":{"@context":"https:\/\/schema.org","@graph":[{"@type":"Article","@id":"https:\/\/www.eldiario.net\/portal\/2023\/06\/18\/interventor-y-extrabajadores-de-banco-fassil-firman-convenio-para-pago-de-beneficios-sociales\/#article","isPartOf":{"@id":"https:\/\/www.eldiario.net\/portal\/2023\/06\/18\/interventor-y-extrabajadores-de-banco-fassil-firman-convenio-para-pago-de-beneficios-sociales\/"},"author":{"name":"Jeanette","@id":"https:\/\/www.eldiario.net\/portal\/#\/schema\/person\/f46445640444750d7d753ccd04ae01b7"},"headline":"Interventor y extrabajadores de Banco Fassil firman convenio para pago de beneficios sociales","datePublished":"2023-06-18T10:24:05+00:00","mainEntityOfPage":{"@id":"https:\/\/www.eldiario.net\/portal\/2023\/06\/18\/interventor-y-extrabajadores-de-banco-fassil-firman-convenio-para-pago-de-beneficios-sociales\/"},"wordCount":505,"publisher":{"@id":"https:\/\/www.eldiario.net\/portal\/#organization"},"image":{"@id":"https:\/\/www.eldiario.net\/portal\/2023\/06\/18\/interventor-y-extrabajadores-de-banco-fassil-firman-convenio-para-pago-de-beneficios-sociales\/#primaryimage"},"thumbnailUrl":"https:\/\/www.eldiario.net\/portal\/wp-content\/uploads\/2023\/06\/fassil-1.jpg","articleSection":["Econom\u00eda"],"inLanguage":"es"},{"@type":"WebPage","@id":"https:\/\/www.eldiario.net\/portal\/2023\/06\/18\/interventor-y-extrabajadores-de-banco-fassil-firman-convenio-para-pago-de-beneficios-sociales\/","url":"https:\/\/www.eldiario.net\/portal\/2023\/06\/18\/interventor-y-extrabajadores-de-banco-fassil-firman-convenio-para-pago-de-beneficios-sociales\/","name":"Interventor y extrabajadores de Banco Fassil firman convenio para pago de beneficios sociales - El Diario - Bolivia","isPartOf":{"@id":"https:\/\/www.eldiario.net\/portal\/#website"},"primaryImageOfPage":{"@id":"https:\/\/www.eldiario.net\/portal\/2023\/06\/18\/interventor-y-extrabajadores-de-banco-fassil-firman-convenio-para-pago-de-beneficios-sociales\/#primaryimage"},"image":{"@id":"https:\/\/www.eldiario.net\/portal\/2023\/06\/18\/interventor-y-extrabajadores-de-banco-fassil-firman-convenio-para-pago-de-beneficios-sociales\/#primaryimage"},"thumbnailUrl":"https:\/\/www.eldiario.net\/portal\/wp-content\/uploads\/2023\/06\/fassil-1.jpg","datePublished":"2023-06-18T10:24:05+00:00","breadcrumb":{"@id":"https:\/\/www.eldiario.net\/portal\/2023\/06\/18\/interventor-y-extrabajadores-de-banco-fassil-firman-convenio-para-pago-de-beneficios-sociales\/#breadcrumb"},"inLanguage":"es","potentialAction":[{"@type":"ReadAction","target":["https:\/\/www.eldiario.net\/portal\/2023\/06\/18\/interventor-y-extrabajadores-de-banco-fassil-firman-convenio-para-pago-de-beneficios-sociales\/"]}]},{"@type":"ImageObject","inLanguage":"es","@id":"https:\/\/www.eldiario.net\/portal\/2023\/06\/18\/interventor-y-extrabajadores-de-banco-fassil-firman-convenio-para-pago-de-beneficios-sociales\/#primaryimage","url":"https:\/\/www.eldiario.net\/portal\/wp-content\/uploads\/2023\/06\/fassil-1.jpg","contentUrl":"https:\/\/www.eldiario.net\/portal\/wp-content\/uploads\/2023\/06\/fassil-1.jpg","width":700,"height":450,"caption":"Conferencia de prensa de interventor y extrabajadores de fassil en liquidaci\u00f3n."},{"@type":"BreadcrumbList","@id":"https:\/\/www.eldiario.net\/portal\/2023\/06\/18\/interventor-y-extrabajadores-de-banco-fassil-firman-convenio-para-pago-de-beneficios-sociales\/#breadcrumb","itemListElement":[{"@type":"ListItem","position":1,"name":"Portada","item":"https:\/\/www.eldiario.net\/portal\/"},{"@type":"ListItem","position":2,"name":"Interventor y extrabajadores de Banco Fassil firman convenio para pago de beneficios sociales"}]},{"@type":"WebSite","@id":"https:\/\/www.eldiario.net\/portal\/#website","url":"https:\/\/www.eldiario.net\/portal\/","name":"El Diario - Decano de la prensa nacional","description":"El Diario - Decano de la prensa nacional","publisher":{"@id":"https:\/\/www.eldiario.net\/portal\/#organization"},"potentialAction":[{"@type":"SearchAction","target":{"@type":"EntryPoint","urlTemplate":"https:\/\/www.eldiario.net\/portal\/?s={search_term_string}"},"query-input":{"@type":"PropertyValueSpecification","valueRequired":true,"valueName":"search_term_string"}}],"inLanguage":"es"},{"@type":"Organization","@id":"https:\/\/www.eldiario.net\/portal\/#organization","name":"El Diario - Decano de la prensa nacional","url":"https:\/\/www.eldiario.net\/portal\/","logo":{"@type":"ImageObject","inLanguage":"es","@id":"https:\/\/www.eldiario.net\/portal\/#\/schema\/logo\/image\/","url":"https:\/\/www.eldiario.net\/portal\/wp-content\/uploads\/2023\/07\/logo_ED.jpg","contentUrl":"https:\/\/www.eldiario.net\/portal\/wp-content\/uploads\/2023\/07\/logo_ED.jpg","width":272,"height":52,"caption":"El Diario - Decano de la prensa nacional"},"image":{"@id":"https:\/\/www.eldiario.net\/portal\/#\/schema\/logo\/image\/"},"sameAs":["https:\/\/www.facebook.com\/eldiario.bolivia\/","https:\/\/x.com\/eldiario_net"]},{"@type":"Person","@id":"https:\/\/www.eldiario.net\/portal\/#\/schema\/person\/f46445640444750d7d753ccd04ae01b7","name":"Jeanette","image":{"@type":"ImageObject","inLanguage":"es","@id":"https:\/\/secure.gravatar.com\/avatar\/3ea2118a5f7dad2b7138b1187a6b7ee55f160b9968b66013c3a3ef39dd7e5798?s=96&d=mm&r=g","url":"https:\/\/secure.gravatar.com\/avatar\/3ea2118a5f7dad2b7138b1187a6b7ee55f160b9968b66013c3a3ef39dd7e5798?s=96&d=mm&r=g","contentUrl":"https:\/\/secure.gravatar.com\/avatar\/3ea2118a5f7dad2b7138b1187a6b7ee55f160b9968b66013c3a3ef39dd7e5798?s=96&d=mm&r=g","caption":"Jeanette"},"sameAs":["https:\/\/www.eldiario.net\/portal"],"url":"https:\/\/www.eldiario.net\/portal\/author\/jeanette\/"}]}},"_links":{"self":[{"href":"https:\/\/www.eldiario.net\/portal\/wp-json\/wp\/v2\/posts\/160555","targetHints":{"allow":["GET"]}}],"collection":[{"href":"https:\/\/www.eldiario.net\/portal\/wp-json\/wp\/v2\/posts"}],"about":[{"href":"https:\/\/www.eldiario.net\/portal\/wp-json\/wp\/v2\/types\/post"}],"author":[{"embeddable":true,"href":"https:\/\/www.eldiario.net\/portal\/wp-json\/wp\/v2\/users\/1"}],"replies":[{"embeddable":true,"href":"https:\/\/www.eldiario.net\/portal\/wp-json\/wp\/v2\/comments?post=160555"}],"version-history":[{"count":0,"href":"https:\/\/www.eldiario.net\/portal\/wp-json\/wp\/v2\/posts\/160555\/revisions"}],"wp:featuredmedia":[{"embeddable":true,"href":"https:\/\/www.eldiario.net\/portal\/wp-json\/wp\/v2\/media\/160556"}],"wp:attachment":[{"href":"https:\/\/www.eldiario.net\/portal\/wp-json\/wp\/v2\/media?parent=160555"}],"wp:term":[{"taxonomy":"category","embeddable":true,"href":"https:\/\/www.eldiario.net\/portal\/wp-json\/wp\/v2\/categories?post=160555"},{"taxonomy":"post_tag","embeddable":true,"href":"https:\/\/www.eldiario.net\/portal\/wp-json\/wp\/v2\/tags?post=160555"}],"curies":[{"name":"wp","href":"https:\/\/api.w.org\/{rel}","templated":true}]}}