{"id":160552,"date":"2023-06-18T06:22:59","date_gmt":"2023-06-18T10:22:59","guid":{"rendered":"https:\/\/www.eldiario.net\/portal\/?p=160552"},"modified":"2023-06-18T06:22:59","modified_gmt":"2023-06-18T10:22:59","slug":"afectados-por-crecida-de-rios-continuan-recibiendo-atencion","status":"publish","type":"post","link":"https:\/\/www.eldiario.net\/portal\/2023\/06\/18\/afectados-por-crecida-de-rios-continuan-recibiendo-atencion\/","title":{"rendered":"Afectados por crecida de r\u00edos  contin\u00faan recibiendo atenci\u00f3n"},"content":{"rendered":"<p>M\u00e1s de 300 familias afectadas en el municipio de Okinawa y las 112 de Cuatro Ca\u00f1adas, contin\u00faan recibiendo apoyo humanitario, atenci\u00f3n m\u00e9dica y alimentos por parte del Centro de Operaciones de Emergencia Departamental (COED).<br \/>\nLa Gobernaci\u00f3n de Santa Cruz, a trav\u00e9s del Centro de Operaciones de Emergencia Departamental, brind\u00f3 un informe de los trabajos que vienen desarrollando en las comunidades afectadas por las inundaciones a consecuencias de las continuas precipitaciones.<br \/>\nLa directora del COED, Paola Weber, se\u00f1al\u00f3 que contin\u00faan con las acciones de evacuaci\u00f3n, rescate, apoyo humanitario y atenci\u00f3n m\u00e9dica a las familias afectadas en las diferentes comunidades, en coordinaci\u00f3n con las autoridades locales.<br \/>\nPor su parte, el director de cuencas del Searpi, Jos\u00e9 Antonio Rivero, inform\u00f3 que se realiz\u00f3 un relevamiento de las \u00e1reas afectadas, donde se registr\u00f3 una intensa precipitaci\u00f3n los d\u00edas domingo y lunes pasado, de 180 a 250 mil\u00edmetros de acumulado de agua, siendo el motivo de la saturaci\u00f3n de los suelos y acumulaci\u00f3n de las aguas en las \u00e1reas productivas.<br \/>\n\u201cNosotros como Gobernaci\u00f3n, como Searpi, ya hemos emitido informe a los gobiernos municipales correspondientes de la zona de Cuatro Ca\u00f1adas y San Juli\u00e1n, donde le hemos entregado rutas cr\u00edticas para realizar trabajos de limpieza, trabajos de drenaje pluvial que es competencia netamente de ellos\u201d, se\u00f1al\u00f3 Rivero.<br \/>\nPor otra parte, el alcalde del municipio de Okinawa, Rub\u00e9n Dar\u00edo Mercado, agradecido al COED, por el trabajo de evacuaci\u00f3n que vienen realizando con los rescatistas. \u201cHemos pasado seis kil\u00f3metros de agua para llegar a una comunidad de Mercedes\u201d, dijo Mercado.<br \/>\nVICEMINISTERIO<br \/>\nUn total de 19 toneladas de ayuda humanitaria fueron distribuidas entre las familias damnificadas por inundaciones de los municipios de Cuatro ca\u00f1adas y Okinawa.<br \/>\nEl viceministro de Defensa Civil, Juan Carlos Calvimontes, indic\u00f3 que con satisfacci\u00f3n, las aguas redujeron su nivel en aproximadamente un 50 por ciento, lo que facilita que la maquinaria pesada pueda trabajar en el drenaje y limpieza de las v\u00edas camineras.<br \/>\nLa autoridad tambi\u00e9n inform\u00f3 que las aguas desembocaron en el municipio de San Juli\u00e1n, por lo que se moviliz\u00f3 maquinaria para trabajo de protecci\u00f3n del municipio. Asimismo, se desplazaron efectivos militares de la entidad naval para estar atentos a evacuaci\u00f3n de familias. (Santa Cruz, agencias).<\/p>\n","protected":false},"excerpt":{"rendered":"<p>M\u00e1s de 300 familias afectadas en el municipio de Okinawa y las 112 de Cuatro Ca\u00f1adas, contin\u00faan recibiendo apoyo humanitario, atenci\u00f3n m\u00e9dica y alimentos por parte del Centro de Operaciones de Emergencia Departamental (COED). La Gobernaci\u00f3n de Santa Cruz, a trav\u00e9s del Centro de Operaciones de Emergencia Departamental, brind\u00f3 un informe de los trabajos que [&hellip;]<\/p>\n","protected":false},"author":1,"featured_media":160553,"comment_status":"closed","ping_status":"closed","sticky":false,"template":"","format":"standard","meta":{"_acf_changed":false,"footnotes":""},"categories":[12],"tags":[],"class_list":["post-160552","post","type-post","status-publish","format-standard","has-post-thumbnail","category-nacional"],"acf":{"antetitulo":""},"yoast_head":"<!-- This site is optimized with the Yoast SEO plugin v28.3 - https:\/\/yoast.com\/product\/yoast-seo-wordpress\/ -->\n<title>Afectados por crecida de r\u00edos contin\u00faan recibiendo atenci\u00f3n - El Diario - Bolivia<\/title>\n<meta name=\"robots\" content=\"index, follow, max-snippet:-1, max-image-preview:large, max-video-preview:-1\" \/>\n<link rel=\"canonical\" href=\"https:\/\/www.eldiario.net\/portal\/2023\/06\/18\/afectados-por-crecida-de-rios-continuan-recibiendo-atencion\/\" \/>\n<meta property=\"og:locale\" content=\"es_ES\" \/>\n<meta property=\"og:type\" content=\"article\" \/>\n<meta property=\"og:title\" content=\"Afectados por crecida de r\u00edos contin\u00faan recibiendo atenci\u00f3n - El Diario - Bolivia\" \/>\n<meta property=\"og:description\" content=\"M\u00e1s de 300 familias afectadas en el municipio de Okinawa y las 112 de Cuatro Ca\u00f1adas, contin\u00faan recibiendo apoyo humanitario, atenci\u00f3n m\u00e9dica y alimentos por parte del Centro de Operaciones de Emergencia Departamental (COED). La Gobernaci\u00f3n de Santa Cruz, a trav\u00e9s del Centro de Operaciones de Emergencia Departamental, brind\u00f3 un informe de los trabajos que [&hellip;]\" \/>\n<meta property=\"og:url\" content=\"https:\/\/www.eldiario.net\/portal\/2023\/06\/18\/afectados-por-crecida-de-rios-continuan-recibiendo-atencion\/\" \/>\n<meta property=\"og:site_name\" content=\"El Diario - Bolivia\" \/>\n<meta property=\"article:publisher\" content=\"https:\/\/www.facebook.com\/eldiario.bolivia\/\" \/>\n<meta property=\"article:published_time\" content=\"2023-06-18T10:22:59+00:00\" \/>\n<meta property=\"og:image\" content=\"https:\/\/www.eldiario.net\/portal\/wp-content\/uploads\/2023\/06\/10-NAL.jpeg\" \/>\n\t<meta property=\"og:image:width\" content=\"1600\" \/>\n\t<meta property=\"og:image:height\" content=\"897\" \/>\n\t<meta property=\"og:image:type\" content=\"image\/jpeg\" \/>\n<meta name=\"author\" content=\"Jeanette\" \/>\n<meta name=\"twitter:card\" content=\"summary_large_image\" \/>\n<meta name=\"twitter:creator\" content=\"@eldiario_net\" \/>\n<meta name=\"twitter:site\" content=\"@eldiario_net\" \/>\n<meta name=\"twitter:label1\" content=\"Escrito por\" \/>\n\t<meta name=\"twitter:data1\" content=\"Jeanette\" \/>\n\t<meta name=\"twitter:label2\" content=\"Tiempo de lectura\" \/>\n\t<meta name=\"twitter:data2\" content=\"2 minutos\" \/>\n<script type=\"application\/ld+json\" class=\"yoast-schema-graph\">{\"@context\":\"https:\\\/\\\/schema.org\",\"@graph\":[{\"@type\":\"Article\",\"@id\":\"https:\\\/\\\/www.eldiario.net\\\/portal\\\/2023\\\/06\\\/18\\\/afectados-por-crecida-de-rios-continuan-recibiendo-atencion\\\/#article\",\"isPartOf\":{\"@id\":\"https:\\\/\\\/www.eldiario.net\\\/portal\\\/2023\\\/06\\\/18\\\/afectados-por-crecida-de-rios-continuan-recibiendo-atencion\\\/\"},\"author\":{\"name\":\"Jeanette\",\"@id\":\"https:\\\/\\\/www.eldiario.net\\\/portal\\\/#\\\/schema\\\/person\\\/f46445640444750d7d753ccd04ae01b7\"},\"headline\":\"Afectados por crecida de r\u00edos contin\u00faan recibiendo atenci\u00f3n\",\"datePublished\":\"2023-06-18T10:22:59+00:00\",\"mainEntityOfPage\":{\"@id\":\"https:\\\/\\\/www.eldiario.net\\\/portal\\\/2023\\\/06\\\/18\\\/afectados-por-crecida-de-rios-continuan-recibiendo-atencion\\\/\"},\"wordCount\":402,\"publisher\":{\"@id\":\"https:\\\/\\\/www.eldiario.net\\\/portal\\\/#organization\"},\"image\":{\"@id\":\"https:\\\/\\\/www.eldiario.net\\\/portal\\\/2023\\\/06\\\/18\\\/afectados-por-crecida-de-rios-continuan-recibiendo-atencion\\\/#primaryimage\"},\"thumbnailUrl\":\"https:\\\/\\\/www.eldiario.net\\\/portal\\\/wp-content\\\/uploads\\\/2023\\\/06\\\/10-NAL.jpeg\",\"articleSection\":[\"Nacional\"],\"inLanguage\":\"es\"},{\"@type\":\"WebPage\",\"@id\":\"https:\\\/\\\/www.eldiario.net\\\/portal\\\/2023\\\/06\\\/18\\\/afectados-por-crecida-de-rios-continuan-recibiendo-atencion\\\/\",\"url\":\"https:\\\/\\\/www.eldiario.net\\\/portal\\\/2023\\\/06\\\/18\\\/afectados-por-crecida-de-rios-continuan-recibiendo-atencion\\\/\",\"name\":\"Afectados por crecida de r\u00edos contin\u00faan recibiendo atenci\u00f3n - El Diario - Bolivia\",\"isPartOf\":{\"@id\":\"https:\\\/\\\/www.eldiario.net\\\/portal\\\/#website\"},\"primaryImageOfPage\":{\"@id\":\"https:\\\/\\\/www.eldiario.net\\\/portal\\\/2023\\\/06\\\/18\\\/afectados-por-crecida-de-rios-continuan-recibiendo-atencion\\\/#primaryimage\"},\"image\":{\"@id\":\"https:\\\/\\\/www.eldiario.net\\\/portal\\\/2023\\\/06\\\/18\\\/afectados-por-crecida-de-rios-continuan-recibiendo-atencion\\\/#primaryimage\"},\"thumbnailUrl\":\"https:\\\/\\\/www.eldiario.net\\\/portal\\\/wp-content\\\/uploads\\\/2023\\\/06\\\/10-NAL.jpeg\",\"datePublished\":\"2023-06-18T10:22:59+00:00\",\"breadcrumb\":{\"@id\":\"https:\\\/\\\/www.eldiario.net\\\/portal\\\/2023\\\/06\\\/18\\\/afectados-por-crecida-de-rios-continuan-recibiendo-atencion\\\/#breadcrumb\"},\"inLanguage\":\"es\",\"potentialAction\":[{\"@type\":\"ReadAction\",\"target\":[\"https:\\\/\\\/www.eldiario.net\\\/portal\\\/2023\\\/06\\\/18\\\/afectados-por-crecida-de-rios-continuan-recibiendo-atencion\\\/\"]}]},{\"@type\":\"ImageObject\",\"inLanguage\":\"es\",\"@id\":\"https:\\\/\\\/www.eldiario.net\\\/portal\\\/2023\\\/06\\\/18\\\/afectados-por-crecida-de-rios-continuan-recibiendo-atencion\\\/#primaryimage\",\"url\":\"https:\\\/\\\/www.eldiario.net\\\/portal\\\/wp-content\\\/uploads\\\/2023\\\/06\\\/10-NAL.jpeg\",\"contentUrl\":\"https:\\\/\\\/www.eldiario.net\\\/portal\\\/wp-content\\\/uploads\\\/2023\\\/06\\\/10-NAL.jpeg\",\"width\":1600,\"height\":897,\"caption\":\"LA AYUDA CONTIN\u00daA LLEGANDO A LAS ZONAS AFECTADAS.\"},{\"@type\":\"BreadcrumbList\",\"@id\":\"https:\\\/\\\/www.eldiario.net\\\/portal\\\/2023\\\/06\\\/18\\\/afectados-por-crecida-de-rios-continuan-recibiendo-atencion\\\/#breadcrumb\",\"itemListElement\":[{\"@type\":\"ListItem\",\"position\":1,\"name\":\"Portada\",\"item\":\"https:\\\/\\\/www.eldiario.net\\\/portal\\\/\"},{\"@type\":\"ListItem\",\"position\":2,\"name\":\"Afectados por crecida de r\u00edos contin\u00faan recibiendo atenci\u00f3n\"}]},{\"@type\":\"WebSite\",\"@id\":\"https:\\\/\\\/www.eldiario.net\\\/portal\\\/#website\",\"url\":\"https:\\\/\\\/www.eldiario.net\\\/portal\\\/\",\"name\":\"El Diario - Decano de la prensa nacional\",\"description\":\"El Diario - Decano de la prensa nacional\",\"publisher\":{\"@id\":\"https:\\\/\\\/www.eldiario.net\\\/portal\\\/#organization\"},\"potentialAction\":[{\"@type\":\"SearchAction\",\"target\":{\"@type\":\"EntryPoint\",\"urlTemplate\":\"https:\\\/\\\/www.eldiario.net\\\/portal\\\/?s={search_term_string}\"},\"query-input\":{\"@type\":\"PropertyValueSpecification\",\"valueRequired\":true,\"valueName\":\"search_term_string\"}}],\"inLanguage\":\"es\"},{\"@type\":\"Organization\",\"@id\":\"https:\\\/\\\/www.eldiario.net\\\/portal\\\/#organization\",\"name\":\"El Diario - Decano de la prensa nacional\",\"url\":\"https:\\\/\\\/www.eldiario.net\\\/portal\\\/\",\"logo\":{\"@type\":\"ImageObject\",\"inLanguage\":\"es\",\"@id\":\"https:\\\/\\\/www.eldiario.net\\\/portal\\\/#\\\/schema\\\/logo\\\/image\\\/\",\"url\":\"https:\\\/\\\/www.eldiario.net\\\/portal\\\/wp-content\\\/uploads\\\/2023\\\/07\\\/logo_ED.jpg\",\"contentUrl\":\"https:\\\/\\\/www.eldiario.net\\\/portal\\\/wp-content\\\/uploads\\\/2023\\\/07\\\/logo_ED.jpg\",\"width\":272,\"height\":52,\"caption\":\"El Diario - Decano de la prensa nacional\"},\"image\":{\"@id\":\"https:\\\/\\\/www.eldiario.net\\\/portal\\\/#\\\/schema\\\/logo\\\/image\\\/\"},\"sameAs\":[\"https:\\\/\\\/www.facebook.com\\\/eldiario.bolivia\\\/\",\"https:\\\/\\\/x.com\\\/eldiario_net\"]},{\"@type\":\"Person\",\"@id\":\"https:\\\/\\\/www.eldiario.net\\\/portal\\\/#\\\/schema\\\/person\\\/f46445640444750d7d753ccd04ae01b7\",\"name\":\"Jeanette\",\"image\":{\"@type\":\"ImageObject\",\"inLanguage\":\"es\",\"@id\":\"https:\\\/\\\/secure.gravatar.com\\\/avatar\\\/3ea2118a5f7dad2b7138b1187a6b7ee55f160b9968b66013c3a3ef39dd7e5798?s=96&d=mm&r=g\",\"url\":\"https:\\\/\\\/secure.gravatar.com\\\/avatar\\\/3ea2118a5f7dad2b7138b1187a6b7ee55f160b9968b66013c3a3ef39dd7e5798?s=96&d=mm&r=g\",\"contentUrl\":\"https:\\\/\\\/secure.gravatar.com\\\/avatar\\\/3ea2118a5f7dad2b7138b1187a6b7ee55f160b9968b66013c3a3ef39dd7e5798?s=96&d=mm&r=g\",\"caption\":\"Jeanette\"},\"sameAs\":[\"https:\\\/\\\/www.eldiario.net\\\/portal\"],\"url\":\"https:\\\/\\\/www.eldiario.net\\\/portal\\\/author\\\/jeanette\\\/\"}]}<\/script>\n<!-- \/ Yoast SEO plugin. -->","yoast_head_json":{"title":"Afectados por crecida de r\u00edos contin\u00faan recibiendo atenci\u00f3n - El Diario - Bolivia","robots":{"index":"index","follow":"follow","max-snippet":"max-snippet:-1","max-image-preview":"max-image-preview:large","max-video-preview":"max-video-preview:-1"},"canonical":"https:\/\/www.eldiario.net\/portal\/2023\/06\/18\/afectados-por-crecida-de-rios-continuan-recibiendo-atencion\/","og_locale":"es_ES","og_type":"article","og_title":"Afectados por crecida de r\u00edos contin\u00faan recibiendo atenci\u00f3n - El Diario - Bolivia","og_description":"M\u00e1s de 300 familias afectadas en el municipio de Okinawa y las 112 de Cuatro Ca\u00f1adas, contin\u00faan recibiendo apoyo humanitario, atenci\u00f3n m\u00e9dica y alimentos por parte del Centro de Operaciones de Emergencia Departamental (COED). La Gobernaci\u00f3n de Santa Cruz, a trav\u00e9s del Centro de Operaciones de Emergencia Departamental, brind\u00f3 un informe de los trabajos que [&hellip;]","og_url":"https:\/\/www.eldiario.net\/portal\/2023\/06\/18\/afectados-por-crecida-de-rios-continuan-recibiendo-atencion\/","og_site_name":"El Diario - Bolivia","article_publisher":"https:\/\/www.facebook.com\/eldiario.bolivia\/","article_published_time":"2023-06-18T10:22:59+00:00","og_image":[{"width":1600,"height":897,"url":"https:\/\/www.eldiario.net\/portal\/wp-content\/uploads\/2023\/06\/10-NAL.jpeg","type":"image\/jpeg"}],"author":"Jeanette","twitter_card":"summary_large_image","twitter_creator":"@eldiario_net","twitter_site":"@eldiario_net","twitter_misc":{"Escrito por":"Jeanette","Tiempo de lectura":"2 minutos"},"schema":{"@context":"https:\/\/schema.org","@graph":[{"@type":"Article","@id":"https:\/\/www.eldiario.net\/portal\/2023\/06\/18\/afectados-por-crecida-de-rios-continuan-recibiendo-atencion\/#article","isPartOf":{"@id":"https:\/\/www.eldiario.net\/portal\/2023\/06\/18\/afectados-por-crecida-de-rios-continuan-recibiendo-atencion\/"},"author":{"name":"Jeanette","@id":"https:\/\/www.eldiario.net\/portal\/#\/schema\/person\/f46445640444750d7d753ccd04ae01b7"},"headline":"Afectados por crecida de r\u00edos contin\u00faan recibiendo atenci\u00f3n","datePublished":"2023-06-18T10:22:59+00:00","mainEntityOfPage":{"@id":"https:\/\/www.eldiario.net\/portal\/2023\/06\/18\/afectados-por-crecida-de-rios-continuan-recibiendo-atencion\/"},"wordCount":402,"publisher":{"@id":"https:\/\/www.eldiario.net\/portal\/#organization"},"image":{"@id":"https:\/\/www.eldiario.net\/portal\/2023\/06\/18\/afectados-por-crecida-de-rios-continuan-recibiendo-atencion\/#primaryimage"},"thumbnailUrl":"https:\/\/www.eldiario.net\/portal\/wp-content\/uploads\/2023\/06\/10-NAL.jpeg","articleSection":["Nacional"],"inLanguage":"es"},{"@type":"WebPage","@id":"https:\/\/www.eldiario.net\/portal\/2023\/06\/18\/afectados-por-crecida-de-rios-continuan-recibiendo-atencion\/","url":"https:\/\/www.eldiario.net\/portal\/2023\/06\/18\/afectados-por-crecida-de-rios-continuan-recibiendo-atencion\/","name":"Afectados por crecida de r\u00edos contin\u00faan recibiendo atenci\u00f3n - El Diario - Bolivia","isPartOf":{"@id":"https:\/\/www.eldiario.net\/portal\/#website"},"primaryImageOfPage":{"@id":"https:\/\/www.eldiario.net\/portal\/2023\/06\/18\/afectados-por-crecida-de-rios-continuan-recibiendo-atencion\/#primaryimage"},"image":{"@id":"https:\/\/www.eldiario.net\/portal\/2023\/06\/18\/afectados-por-crecida-de-rios-continuan-recibiendo-atencion\/#primaryimage"},"thumbnailUrl":"https:\/\/www.eldiario.net\/portal\/wp-content\/uploads\/2023\/06\/10-NAL.jpeg","datePublished":"2023-06-18T10:22:59+00:00","breadcrumb":{"@id":"https:\/\/www.eldiario.net\/portal\/2023\/06\/18\/afectados-por-crecida-de-rios-continuan-recibiendo-atencion\/#breadcrumb"},"inLanguage":"es","potentialAction":[{"@type":"ReadAction","target":["https:\/\/www.eldiario.net\/portal\/2023\/06\/18\/afectados-por-crecida-de-rios-continuan-recibiendo-atencion\/"]}]},{"@type":"ImageObject","inLanguage":"es","@id":"https:\/\/www.eldiario.net\/portal\/2023\/06\/18\/afectados-por-crecida-de-rios-continuan-recibiendo-atencion\/#primaryimage","url":"https:\/\/www.eldiario.net\/portal\/wp-content\/uploads\/2023\/06\/10-NAL.jpeg","contentUrl":"https:\/\/www.eldiario.net\/portal\/wp-content\/uploads\/2023\/06\/10-NAL.jpeg","width":1600,"height":897,"caption":"LA AYUDA CONTIN\u00daA LLEGANDO A LAS ZONAS AFECTADAS."},{"@type":"BreadcrumbList","@id":"https:\/\/www.eldiario.net\/portal\/2023\/06\/18\/afectados-por-crecida-de-rios-continuan-recibiendo-atencion\/#breadcrumb","itemListElement":[{"@type":"ListItem","position":1,"name":"Portada","item":"https:\/\/www.eldiario.net\/portal\/"},{"@type":"ListItem","position":2,"name":"Afectados por crecida de r\u00edos contin\u00faan recibiendo atenci\u00f3n"}]},{"@type":"WebSite","@id":"https:\/\/www.eldiario.net\/portal\/#website","url":"https:\/\/www.eldiario.net\/portal\/","name":"El Diario - Decano de la prensa nacional","description":"El Diario - Decano de la prensa nacional","publisher":{"@id":"https:\/\/www.eldiario.net\/portal\/#organization"},"potentialAction":[{"@type":"SearchAction","target":{"@type":"EntryPoint","urlTemplate":"https:\/\/www.eldiario.net\/portal\/?s={search_term_string}"},"query-input":{"@type":"PropertyValueSpecification","valueRequired":true,"valueName":"search_term_string"}}],"inLanguage":"es"},{"@type":"Organization","@id":"https:\/\/www.eldiario.net\/portal\/#organization","name":"El Diario - Decano de la prensa nacional","url":"https:\/\/www.eldiario.net\/portal\/","logo":{"@type":"ImageObject","inLanguage":"es","@id":"https:\/\/www.eldiario.net\/portal\/#\/schema\/logo\/image\/","url":"https:\/\/www.eldiario.net\/portal\/wp-content\/uploads\/2023\/07\/logo_ED.jpg","contentUrl":"https:\/\/www.eldiario.net\/portal\/wp-content\/uploads\/2023\/07\/logo_ED.jpg","width":272,"height":52,"caption":"El Diario - Decano de la prensa nacional"},"image":{"@id":"https:\/\/www.eldiario.net\/portal\/#\/schema\/logo\/image\/"},"sameAs":["https:\/\/www.facebook.com\/eldiario.bolivia\/","https:\/\/x.com\/eldiario_net"]},{"@type":"Person","@id":"https:\/\/www.eldiario.net\/portal\/#\/schema\/person\/f46445640444750d7d753ccd04ae01b7","name":"Jeanette","image":{"@type":"ImageObject","inLanguage":"es","@id":"https:\/\/secure.gravatar.com\/avatar\/3ea2118a5f7dad2b7138b1187a6b7ee55f160b9968b66013c3a3ef39dd7e5798?s=96&d=mm&r=g","url":"https:\/\/secure.gravatar.com\/avatar\/3ea2118a5f7dad2b7138b1187a6b7ee55f160b9968b66013c3a3ef39dd7e5798?s=96&d=mm&r=g","contentUrl":"https:\/\/secure.gravatar.com\/avatar\/3ea2118a5f7dad2b7138b1187a6b7ee55f160b9968b66013c3a3ef39dd7e5798?s=96&d=mm&r=g","caption":"Jeanette"},"sameAs":["https:\/\/www.eldiario.net\/portal"],"url":"https:\/\/www.eldiario.net\/portal\/author\/jeanette\/"}]}},"_links":{"self":[{"href":"https:\/\/www.eldiario.net\/portal\/wp-json\/wp\/v2\/posts\/160552","targetHints":{"allow":["GET"]}}],"collection":[{"href":"https:\/\/www.eldiario.net\/portal\/wp-json\/wp\/v2\/posts"}],"about":[{"href":"https:\/\/www.eldiario.net\/portal\/wp-json\/wp\/v2\/types\/post"}],"author":[{"embeddable":true,"href":"https:\/\/www.eldiario.net\/portal\/wp-json\/wp\/v2\/users\/1"}],"replies":[{"embeddable":true,"href":"https:\/\/www.eldiario.net\/portal\/wp-json\/wp\/v2\/comments?post=160552"}],"version-history":[{"count":0,"href":"https:\/\/www.eldiario.net\/portal\/wp-json\/wp\/v2\/posts\/160552\/revisions"}],"wp:featuredmedia":[{"embeddable":true,"href":"https:\/\/www.eldiario.net\/portal\/wp-json\/wp\/v2\/media\/160553"}],"wp:attachment":[{"href":"https:\/\/www.eldiario.net\/portal\/wp-json\/wp\/v2\/media?parent=160552"}],"wp:term":[{"taxonomy":"category","embeddable":true,"href":"https:\/\/www.eldiario.net\/portal\/wp-json\/wp\/v2\/categories?post=160552"},{"taxonomy":"post_tag","embeddable":true,"href":"https:\/\/www.eldiario.net\/portal\/wp-json\/wp\/v2\/tags?post=160552"}],"curies":[{"name":"wp","href":"https:\/\/api.w.org\/{rel}","templated":true}]}}